{"id":22398,"date":"2025-07-07T09:51:08","date_gmt":"2025-07-07T06:51:08","guid":{"rendered":"https:\/\/www.kariyer.net\/kariyer-rehberi\/?p=22398"},"modified":"2025-07-08T09:54:08","modified_gmt":"2025-07-08T06:54:08","slug":"kpss-1-yerlestirme-tercihleri-ne-zaman","status":"publish","type":"post","link":"https:\/\/www.kariyer.net\/kariyer-rehberi\/kpss-1-yerlestirme-tercihleri-ne-zaman\/","title":{"rendered":"KPSS-1 yerle\u015ftirme tercihleri ne zaman?"},"content":{"rendered":"<p><strong>Milyonlarca aday\u0131n merakla bekledi\u011fi merkezi atama takvimi \u00d6SYM taraf\u0131ndan resmi olarak duyuruldu. 2025 y\u0131l\u0131 KPSS-1 yerle\u015ftirme d\u00f6neminde tercihler 10\u201317 Temmuz 2025 tarihleri aras\u0131nda yap\u0131lacak<\/strong>.<\/p>\n<h2><strong>Tercihler nas\u0131l yap\u0131lacak?<\/strong><\/h2>\n<p>Tercih d\u00f6neminde, kamu kurumlar\u0131n\u0131n a\u00e7\u0131klad\u0131\u011f\u0131 kadro talepleri do\u011frultusunda tercih listelerinin haz\u0131rlamas\u0131 gerekiyor. Tercihini \u00d6SYM\u2019nin Aday \u0130\u015flemleri Sistemi (A\u0130S) \u00fczerinden, e-Devlet \u015fifrenle giri\u015f yaparak kolayca g\u00f6nderebilirsin.<\/p>\n<h2><strong>Yerle\u015ftirme d\u00f6nemi takvimi<\/strong><\/h2>\n<p>2025\u2019in ikinci yerle\u015ftirme d\u00f6nemi i\u00e7in ise kamu kurumlar\u0131, kadro taleplerini 29 Eyl\u00fcl \u2013 17 Kas\u0131m 2025 tarihleri aras\u0131nda \u00d6SYM\u2019ye iletecek. Adaylar tercihlerine ise 18\u201325 Aral\u0131k 2025 tarihleri aras\u0131nda yapabilecek.<\/p>\n<p>\u00d6zetle;<\/p>\n<ul>\n<li>KPSS-1 Tercih D\u00f6nemi: 10\u201317 Temmuz 2025<\/li>\n<li>KPSS-2 Kadro Talep D\u00f6nemi: 29 Eyl\u00fcl \u2013 17 Kas\u0131m 2025<\/li>\n<li>KPSS-2 Tercih D\u00f6nemi: 18\u201325 Aral\u0131k 2025<\/li>\n<\/ul>\n<h2><strong>Tercih yaparken dikkat etmen gerekenler<\/strong><\/h2>\n<ul>\n<li>Tercihlerini son tarihe b\u0131rakmaman \u00f6nemli. Sistem yo\u011funlu\u011fu ve teknik aksakl\u0131klar ya\u015fanabilir.<\/li>\n<li>Kadro taleplerini dikkatlice inceleyerek, uygun ve hedefledi\u011fin pozisyonlar\u0131 se\u00e7.<\/li>\n<li>Tercihlerini A\u0130S sistemi \u00fczerinden yaparken e-Devlet \u015fifreni g\u00fcvenli tut ve kimseyle payla\u015fma.<\/li>\n<\/ul>\n<p>&nbsp;<\/p>\n<!-- templates\/buttons-placeholder.php -->\n<div class=\"da-reactions-outer TpostID22398\">\n\t    <div class=\"da-reactions-data da-reactions-container-async center\"\n         data-type=\"post\"\n         data-id=\"22398\"\n         id=\"da-reactions-slot-post-22398\">\n        <div class=\"da-reactions-static\">\n\t\t\t<img src=\"https:\/\/www.kariyer.net\/kariyer-rehberi\/wp-content\/plugins\/da-reactions\/assets\/dist\/loading.svg\" alt=\"Loading spinner\" width=\"48\" height=\"48\" style=\"width:48px\" \/>\n        <\/div>\n    <\/div>\n<\/div>\n","protected":false},"excerpt":{"rendered":"<p>Milyonlarca aday\u0131n merakla bekledi\u011fi merkezi atama takvimi \u00d6SYM taraf\u0131ndan resmi olarak duyuruldu. 2025 y\u0131l\u0131 KPSS-1 yerle\u015ftirme d\u00f6neminde tercihler 10\u201317 Temmuz 2025 tarihleri aras\u0131nda yap\u0131lacak. Tercihler nas\u0131l yap\u0131lacak? Tercih d\u00f6neminde, kamu kurumlar\u0131n\u0131n a\u00e7\u0131klad\u0131\u011f\u0131 kadro talepleri do\u011frultusunda tercih listelerinin haz\u0131rlamas\u0131 gerekiyor. Tercihini \u00d6SYM\u2019nin Aday \u0130\u015flemleri Sistemi (A\u0130S) \u00fczerinden, e-Devlet \u015fifrenle giri\u015f yaparak kolayca g\u00f6nderebilirsin. Yerle\u015ftirme d\u00f6nemi takvimi [&hellip;]<\/p>\n<!-- templates\/buttons-placeholder.php -->\n<div class=\"da-reactions-outer TpostID22398\">\n\t    <div class=\"da-reactions-data da-reactions-container-async center\"\n         data-type=\"post\"\n         data-id=\"22398\"\n         id=\"da-reactions-slot-post-22398\">\n        <div class=\"da-reactions-static\">\n\t\t\t<img src=\"https:\/\/www.kariyer.net\/kariyer-rehberi\/wp-content\/plugins\/da-reactions\/assets\/dist\/loading.svg\" alt=\"Loading spinner\" width=\"48\" height=\"48\" style=\"width:48px\" \/>\n        <\/div>\n    <\/div>\n<\/div>\n","protected":false},"author":12,"featured_media":22399,"comment_status":"closed","ping_status":"open","sticky":false,"template":"","format":"standard","meta":{"footnotes":"","_elementor_edit_mode":"","_elementor_template_type":"","_elementor_data":"","_elementor_page_settings":null,"_elementor_conditions":[]},"categories":[2215],"tags":[],"class_list":{"0":"post-22398","1":"post","2":"type-post","3":"status-publish","4":"format-standard","5":"has-post-thumbnail","7":"category-kamuda-kariyer"},"yoast_head":"<!-- This site is optimized with the Yoast SEO Premium plugin v21.4 (Yoast SEO v27.0) - https:\/\/yoast.com\/product\/yoast-seo-premium-wordpress\/ -->\n<title>KPSS-1 yerle\u015ftirme tercihleri ne zaman?<\/title>\n<meta name=\"description\" content=\"2025 y\u0131l\u0131 KPSS-1 yerle\u015ftirme d\u00f6neminde tercihler 10\u201317 Temmuz 2025 tarihleri aras\u0131nda yap\u0131lacak. \u0130\u015fte, detaylar!\" \/>\n<meta name=\"robots\" content=\"index, follow, max-snippet:-1, max-image-preview:large, max-video-preview:-1\" \/>\n<link rel=\"canonical\" href=\"https:\/\/www.kariyer.net\/kariyer-rehberi\/kpss-1-yerlestirme-tercihleri-ne-zaman\/\" \/>\n<meta property=\"og:locale\" content=\"tr_TR\" \/>\n<meta property=\"og:type\" content=\"article\" \/>\n<meta property=\"og:title\" content=\"KPSS-1 yerle\u015ftirme tercihleri ne zaman?\" \/>\n<meta property=\"og:description\" content=\"Milyonlarca aday\u0131n merakla bekledi\u011fi merkezi atama takvimi \u00d6SYM taraf\u0131ndan resmi olarak duyuruldu. 2025 y\u0131l\u0131 KPSS-1 yerle\u015ftirme d\u00f6neminde tercihler 10\u201317\" \/>\n<meta property=\"og:url\" content=\"https:\/\/www.kariyer.net\/kariyer-rehberi\/kpss-1-yerlestirme-tercihleri-ne-zaman\/\" \/>\n<meta property=\"og:site_name\" content=\"Kariyer Rehberi\" \/>\n<meta property=\"article:published_time\" content=\"2025-07-07T06:51:08+00:00\" \/>\n<meta property=\"article:modified_time\" content=\"2025-07-08T06:54:08+00:00\" \/>\n<meta property=\"og:image\" content=\"https:\/\/www.kariyer.net\/kariyer-rehberi\/wp-content\/uploads\/2025\/07\/KPSS-1-yerlestirme-1.jpg\" \/>\n\t<meta property=\"og:image:width\" content=\"900\" \/>\n\t<meta property=\"og:image:height\" content=\"600\" \/>\n\t<meta property=\"og:image:type\" content=\"image\/jpeg\" \/>\n<meta name=\"author\" content=\"Edit\u00f6r\" \/>\n<meta name=\"twitter:card\" content=\"summary_large_image\" \/>\n<meta name=\"twitter:label1\" content=\"Yazan:\" \/>\n\t<meta name=\"twitter:data1\" content=\"Edit\u00f6r\" \/>\n\t<meta name=\"twitter:label2\" content=\"Tahmini okuma s\u00fcresi\" \/>\n\t<meta name=\"twitter:data2\" content=\"2 dakika\" \/>\n<!-- \/ Yoast SEO Premium plugin. -->","yoast_head_json":{"title":"KPSS-1 yerle\u015ftirme tercihleri ne zaman?","description":"2025 y\u0131l\u0131 KPSS-1 yerle\u015ftirme d\u00f6neminde tercihler 10\u201317 Temmuz 2025 tarihleri aras\u0131nda yap\u0131lacak. \u0130\u015fte, detaylar!","robots":{"index":"index","follow":"follow","max-snippet":"max-snippet:-1","max-image-preview":"max-image-preview:large","max-video-preview":"max-video-preview:-1"},"canonical":"https:\/\/www.kariyer.net\/kariyer-rehberi\/kpss-1-yerlestirme-tercihleri-ne-zaman\/","og_locale":"tr_TR","og_type":"article","og_title":"KPSS-1 yerle\u015ftirme tercihleri ne zaman?","og_description":"Milyonlarca aday\u0131n merakla bekledi\u011fi merkezi atama takvimi \u00d6SYM taraf\u0131ndan resmi olarak duyuruldu. 2025 y\u0131l\u0131 KPSS-1 yerle\u015ftirme d\u00f6neminde tercihler 10\u201317","og_url":"https:\/\/www.kariyer.net\/kariyer-rehberi\/kpss-1-yerlestirme-tercihleri-ne-zaman\/","og_site_name":"Kariyer Rehberi","article_published_time":"2025-07-07T06:51:08+00:00","article_modified_time":"2025-07-08T06:54:08+00:00","og_image":[{"width":900,"height":600,"url":"https:\/\/www.kariyer.net\/kariyer-rehberi\/wp-content\/uploads\/2025\/07\/KPSS-1-yerlestirme-1.jpg","type":"image\/jpeg"}],"author":"Edit\u00f6r","twitter_card":"summary_large_image","twitter_misc":{"Yazan:":"Edit\u00f6r","Tahmini okuma s\u00fcresi":"2 dakika"},"schema":{"@context":"https:\/\/schema.org","@graph":[{"@type":"Article","@id":"https:\/\/www.kariyer.net\/kariyer-rehberi\/kpss-1-yerlestirme-tercihleri-ne-zaman\/#article","isPartOf":{"@id":"https:\/\/www.kariyer.net\/kariyer-rehberi\/kpss-1-yerlestirme-tercihleri-ne-zaman\/"},"author":{"name":"Edit\u00f6r","@id":"https:\/\/www.kariyer.net\/kariyer-rehberi\/#\/schema\/person\/94fd6e49c7ff1b1b2565a2cc4fd685dd"},"headline":"KPSS-1 yerle\u015ftirme tercihleri ne zaman?","datePublished":"2025-07-07T06:51:08+00:00","dateModified":"2025-07-08T06:54:08+00:00","mainEntityOfPage":{"@id":"https:\/\/www.kariyer.net\/kariyer-rehberi\/kpss-1-yerlestirme-tercihleri-ne-zaman\/"},"wordCount":179,"publisher":{"@id":"https:\/\/www.kariyer.net\/kariyer-rehberi\/#organization"},"image":{"@id":"https:\/\/www.kariyer.net\/kariyer-rehberi\/kpss-1-yerlestirme-tercihleri-ne-zaman\/#primaryimage"},"thumbnailUrl":"https:\/\/www.kariyer.net\/kariyer-rehberi\/wp-content\/uploads\/2025\/07\/KPSS-1-yerlestirme-1.jpg","articleSection":["Kamuda Kariyer"],"inLanguage":"tr"},{"@type":"WebPage","@id":"https:\/\/www.kariyer.net\/kariyer-rehberi\/kpss-1-yerlestirme-tercihleri-ne-zaman\/","url":"https:\/\/www.kariyer.net\/kariyer-rehberi\/kpss-1-yerlestirme-tercihleri-ne-zaman\/","name":"KPSS-1 yerle\u015ftirme tercihleri ne zaman?","isPartOf":{"@id":"https:\/\/www.kariyer.net\/kariyer-rehberi\/#website"},"primaryImageOfPage":{"@id":"https:\/\/www.kariyer.net\/kariyer-rehberi\/kpss-1-yerlestirme-tercihleri-ne-zaman\/#primaryimage"},"image":{"@id":"https:\/\/www.kariyer.net\/kariyer-rehberi\/kpss-1-yerlestirme-tercihleri-ne-zaman\/#primaryimage"},"thumbnailUrl":"https:\/\/www.kariyer.net\/kariyer-rehberi\/wp-content\/uploads\/2025\/07\/KPSS-1-yerlestirme-1.jpg","datePublished":"2025-07-07T06:51:08+00:00","dateModified":"2025-07-08T06:54:08+00:00","description":"2025 y\u0131l\u0131 KPSS-1 yerle\u015ftirme d\u00f6neminde tercihler 10\u201317 Temmuz 2025 tarihleri aras\u0131nda yap\u0131lacak. \u0130\u015fte, detaylar!","breadcrumb":{"@id":"https:\/\/www.kariyer.net\/kariyer-rehberi\/kpss-1-yerlestirme-tercihleri-ne-zaman\/#breadcrumb"},"inLanguage":"tr","potentialAction":[{"@type":"ReadAction","target":["https:\/\/www.kariyer.net\/kariyer-rehberi\/kpss-1-yerlestirme-tercihleri-ne-zaman\/"]}]},{"@type":"ImageObject","inLanguage":"tr","@id":"https:\/\/www.kariyer.net\/kariyer-rehberi\/kpss-1-yerlestirme-tercihleri-ne-zaman\/#primaryimage","url":"https:\/\/www.kariyer.net\/kariyer-rehberi\/wp-content\/uploads\/2025\/07\/KPSS-1-yerlestirme-1.jpg","contentUrl":"https:\/\/www.kariyer.net\/kariyer-rehberi\/wp-content\/uploads\/2025\/07\/KPSS-1-yerlestirme-1.jpg","width":900,"height":600},{"@type":"BreadcrumbList","@id":"https:\/\/www.kariyer.net\/kariyer-rehberi\/kpss-1-yerlestirme-tercihleri-ne-zaman\/#breadcrumb","itemListElement":[{"@type":"ListItem","position":1,"name":"Anasayfa","item":"https:\/\/www.kariyer.net\/kariyer-rehberi\/"},{"@type":"ListItem","position":2,"name":"KPSS-1 yerle\u015ftirme tercihleri ne zaman?"}]},{"@type":"WebSite","@id":"https:\/\/www.kariyer.net\/kariyer-rehberi\/#website","url":"https:\/\/www.kariyer.net\/kariyer-rehberi\/","name":"Kariyer Rehberi","description":"\u0130\u015f D\u00fcnyas\u0131yla \u0130lgili Bilmek \u0130stedi\u011finiz Her \u015eey","publisher":{"@id":"https:\/\/www.kariyer.net\/kariyer-rehberi\/#organization"},"potentialAction":[{"@type":"SearchAction","target":{"@type":"EntryPoint","urlTemplate":"https:\/\/www.kariyer.net\/kariyer-rehberi\/?s={search_term_string}"},"query-input":{"@type":"PropertyValueSpecification","valueRequired":true,"valueName":"search_term_string"}}],"inLanguage":"tr"},{"@type":"Organization","@id":"https:\/\/www.kariyer.net\/kariyer-rehberi\/#organization","name":"Kariyer.net","url":"https:\/\/www.kariyer.net\/kariyer-rehberi\/","logo":{"@type":"ImageObject","inLanguage":"tr","@id":"https:\/\/www.kariyer.net\/kariyer-rehberi\/#\/schema\/logo\/image\/","url":"https:\/\/www.kariyer.net\/kariyer-rehberi-new\/wp-content\/uploads\/2023\/01\/og-image11.jpg","contentUrl":"https:\/\/www.kariyer.net\/kariyer-rehberi-new\/wp-content\/uploads\/2023\/01\/og-image11.jpg","width":800,"height":800,"caption":"Kariyer.net"},"image":{"@id":"https:\/\/www.kariyer.net\/kariyer-rehberi\/#\/schema\/logo\/image\/"}},{"@type":"Person","@id":"https:\/\/www.kariyer.net\/kariyer-rehberi\/#\/schema\/person\/94fd6e49c7ff1b1b2565a2cc4fd685dd","name":"Edit\u00f6r","image":{"@type":"ImageObject","inLanguage":"tr","@id":"https:\/\/www.kariyer.net\/kariyer-rehberi\/#\/schema\/person\/image\/","url":"https:\/\/secure.gravatar.com\/avatar\/0c4fe6688343aed3693b15573beae12c08ace5565409d5ab7509bf9c115f458d?s=96&d=mm&r=g","contentUrl":"https:\/\/secure.gravatar.com\/avatar\/0c4fe6688343aed3693b15573beae12c08ace5565409d5ab7509bf9c115f458d?s=96&d=mm&r=g","caption":"Edit\u00f6r"},"url":"https:\/\/www.kariyer.net\/kariyer-rehberi\/author\/editor\/"}]}},"_links":{"self":[{"href":"https:\/\/www.kariyer.net\/kariyer-rehberi\/wp-json\/wp\/v2\/posts\/22398","targetHints":{"allow":["GET"]}}],"collection":[{"href":"https:\/\/www.kariyer.net\/kariyer-rehberi\/wp-json\/wp\/v2\/posts"}],"about":[{"href":"https:\/\/www.kariyer.net\/kariyer-rehberi\/wp-json\/wp\/v2\/types\/post"}],"author":[{"embeddable":true,"href":"https:\/\/www.kariyer.net\/kariyer-rehberi\/wp-json\/wp\/v2\/users\/12"}],"replies":[{"embeddable":true,"href":"https:\/\/www.kariyer.net\/kariyer-rehberi\/wp-json\/wp\/v2\/comments?post=22398"}],"version-history":[{"count":1,"href":"https:\/\/www.kariyer.net\/kariyer-rehberi\/wp-json\/wp\/v2\/posts\/22398\/revisions"}],"predecessor-version":[{"id":22400,"href":"https:\/\/www.kariyer.net\/kariyer-rehberi\/wp-json\/wp\/v2\/posts\/22398\/revisions\/22400"}],"wp:featuredmedia":[{"embeddable":true,"href":"https:\/\/www.kariyer.net\/kariyer-rehberi\/wp-json\/wp\/v2\/media\/22399"}],"wp:attachment":[{"href":"https:\/\/www.kariyer.net\/kariyer-rehberi\/wp-json\/wp\/v2\/media?parent=22398"}],"wp:term":[{"taxonomy":"category","embeddable":true,"href":"https:\/\/www.kariyer.net\/kariyer-rehberi\/wp-json\/wp\/v2\/categories?post=22398"},{"taxonomy":"post_tag","embeddable":true,"href":"https:\/\/www.kariyer.net\/kariyer-rehberi\/wp-json\/wp\/v2\/tags?post=22398"}],"curies":[{"name":"wp","href":"https:\/\/api.w.org\/{rel}","templated":true}]}}