{"id":22404,"date":"2025-07-09T16:36:01","date_gmt":"2025-07-09T13:36:01","guid":{"rendered":"https:\/\/www.kariyer.net\/kariyer-rehberi\/?p=22404"},"modified":"2025-07-09T16:42:18","modified_gmt":"2025-07-09T13:42:18","slug":"albay-kimdir-2025-albay-maasi-gorevleri-ve-terfi-sureci","status":"publish","type":"post","link":"https:\/\/www.kariyer.net\/kariyer-rehberi\/albay-kimdir-2025-albay-maasi-gorevleri-ve-terfi-sureci\/","title":{"rendered":"Albay kimdir? 2025 Albay maa\u015f\u0131, g\u00f6revleri ve terfi s\u00fcreci"},"content":{"rendered":"<p><strong>T\u00fcrk Silahl\u0131 Kuvvetleri\u2019nde \u00f6nemli bir y\u00f6netim kademesi olan albayl\u0131k, hem saha hem de kararg\u00e2h d\u00fczeyinde b\u00fcy\u00fck sorumluluklar bar\u0131nd\u0131ran bir r\u00fctbedir. Peki albaylar ne i\u015f yapar? Bu r\u00fctbeye nas\u0131l terfi edilir? 2025 y\u0131l\u0131 itibar\u0131yla albay maa\u015flar\u0131 ne kadar oldu? \u0130\u015fte detaylar\u2026<\/strong><\/p>\n<h2>Albay kimdir, ne i\u015f yapar?<\/h2>\n<p data-start=\"638\" data-end=\"905\">Albay, T\u00fcrk Silahl\u0131 Kuvvetleri\u2019nde <strong data-start=\"673\" data-end=\"722\">subay r\u00fctbeleri aras\u0131nda \u00fcst d\u00fczeyde yer alan<\/strong> bir askeri personeldir. Te\u011fmenlikten ba\u015flayan subayl\u0131k yolculu\u011funda, y\u0131llar s\u00fcren deneyim ve performansla ula\u015f\u0131lan bu r\u00fctbe, \u00f6nemli komuta ve y\u00f6netim g\u00f6revlerini beraberinde getirir.<\/p>\n<p data-start=\"907\" data-end=\"929\">Genel olarak albaylar:<\/p>\n<ul>\n<li data-start=\"933\" data-end=\"986\">Tugay veya alay seviyesinde birlikleri komuta eder,<\/li>\n<li data-start=\"989\" data-end=\"1079\">Kararg\u00e2h g\u00f6revlerinde planlama, koordinasyon ve strateji geli\u015ftirme s\u00fcre\u00e7lerine kat\u0131l\u0131r,<\/li>\n<li data-start=\"1082\" data-end=\"1155\">Emir-komuta zinciri i\u00e7inde ast ve \u00fcst r\u00fctbelilerle koordinasyon sa\u011flar,<\/li>\n<li data-start=\"1158\" data-end=\"1247\">Kriz y\u00f6netimi, e\u011fitim planlamas\u0131 ve personel sevk-idaresi gibi alanlarda sorumluluk al\u0131r.<\/li>\n<\/ul>\n<p data-start=\"1249\" data-end=\"1397\">Baz\u0131 albaylar, g\u00f6revlerine ba\u011fl\u0131 olarak s\u0131n\u0131r g\u00fcvenli\u011fi, NATO g\u00f6revleri, bar\u0131\u015f\u0131 koruma misyonlar\u0131 veya i\u00e7 g\u00fcvenlik harek\u00e2tlar\u0131nda da yer alabilir.<\/p>\n<h2>2025 Albay maa\u015f\u0131 ne kadar?<\/h2>\n<p data-start=\"1436\" data-end=\"1775\">Albay maa\u015flar\u0131, g\u00f6rev yap\u0131lan b\u00f6lge, g\u00f6rev t\u00fcr\u00fc, hizmet y\u0131l\u0131, aile durumu ve di\u011fer baz\u0131 etkenlere g\u00f6re de\u011fi\u015fiklik g\u00f6sterebilir. 2025 y\u0131l\u0131 itibar\u0131yla, albaylar\u0131n maa\u015flar\u0131n\u0131n kamu \u00fcst d\u00fczey y\u00f6neticileriyle benzer seviyelerde oldu\u011fu s\u00f6ylenebilir. Operasyonel b\u00f6lgelerde g\u00f6rev yapan albaylara ayr\u0131ca tazminat ve ek \u00f6denekler verilebilir. Net bir rakam vermek, ki\u015fisel durumlara g\u00f6re de\u011fi\u015fkenlik g\u00f6sterdi\u011fi i\u00e7in yan\u0131lt\u0131c\u0131 olabilir. Bu nedenle maa\u015f skalas\u0131n\u0131n belirli bir aral\u0131kta de\u011fi\u015fti\u011fini s\u00f6ylemek daha sa\u011fl\u0131kl\u0131 olur.<\/p>\n<h2>Albay nas\u0131l olunur?<\/h2>\n<p data-start=\"1994\" data-end=\"2155\"><strong><a href=\"https:\/\/www.kariyer.net\/pozisyonlar\/albay\/nedir\" target=\"_blank\" rel=\"noopener\">Albayl\u0131k<\/a><\/strong>, do\u011frudan ba\u015fvuruyla ula\u015f\u0131lan bir r\u00fctbe de\u011fildir. Uzun y\u0131llar s\u00fcren subayl\u0131k kariyerinin do\u011fal bir ilerleme basama\u011f\u0131d\u0131r. S\u00fcre\u00e7 genel olarak \u015f\u00f6yle i\u015fler:<\/p>\n<ol>\n<li data-start=\"2160\" data-end=\"2231\">MS\u00dc veya dengi bir e\u011fitim kurumundan subay olarak mezun olunmas\u0131,<\/li>\n<li data-start=\"2235\" data-end=\"2333\">Te\u011fmenlikten ba\u015flayarak y\u0131llar i\u00e7inde y\u00fczba\u015f\u0131, binba\u015f\u0131 ve yarbay r\u00fctbelerine terfi edilmesi,<\/li>\n<li data-start=\"2337\" data-end=\"2462\">Hizmet y\u0131l\u0131, sicil notlar\u0131, k\u0131dem s\u0131ralamas\u0131 ve kadro ihtiyac\u0131 gibi kriterler do\u011frultusunda albay r\u00fctbesine y\u00fckselinmesi.<\/li>\n<\/ol>\n<p data-start=\"2464\" data-end=\"2611\">Terfi s\u00fcreci titizlikle y\u00fcr\u00fct\u00fcl\u00fcr; de\u011ferlendirmelerde sadece hizmet y\u0131l\u0131 de\u011fil, disiplin, liderlik ve g\u00f6rev performans\u0131 da g\u00f6z \u00f6n\u00fcnde bulundurulur.<\/p>\n<h2>Albaylar\u0131n sosyal haklar\u0131<\/h2>\n<p data-start=\"2649\" data-end=\"2738\">Albaylar, TSK personeli olarak kamu g\u00f6revlisi haklar\u0131ndan faydalan\u0131r. Bu haklar aras\u0131nda:<\/p>\n<ul>\n<li data-start=\"2742\" data-end=\"2773\">Emeklilik ve k\u0131dem tazminat\u0131,<\/li>\n<li data-start=\"2776\" data-end=\"2801\">Genel sa\u011fl\u0131k sigortas\u0131,<\/li>\n<li data-start=\"2804\" data-end=\"2819\">Lojman hakk\u0131,<\/li>\n<li data-start=\"2822\" data-end=\"2854\">Aile yard\u0131m\u0131 ve \u00e7ocuk yard\u0131m\u0131,<\/li>\n<li data-start=\"2857\" data-end=\"2885\">Yurt d\u0131\u015f\u0131 g\u00f6rev \u00f6denekleri,<\/li>\n<li data-start=\"2888\" data-end=\"2963\">G\u00f6rev tazminatlar\u0131 ve tayin haklar\u0131 gibi sosyal ve ekonomik haklar bulunur.<\/li>\n<\/ul>\n<p data-start=\"2965\" data-end=\"3061\">Albayl\u0131k r\u00fctbesiyle birlikte emeklilikte de farkl\u0131 maa\u015f ve hak edi\u015f d\u00fczenlemeleri devreye girer.<\/p>\n<p>Albayl\u0131k, subayl\u0131k kariyerinde deneyimin, liderli\u011fin ve sorumlulu\u011fun en yo\u011fun ya\u015fand\u0131\u011f\u0131 r\u00fctbelerden biridir. 2025 itibar\u0131yla gerek maa\u015f yap\u0131s\u0131 gerek g\u00f6rev \u00e7e\u015fitlili\u011fiyle dikkat \u00e7eken bu r\u00fctbe, TSK\u2019n\u0131n sahadaki ve masadaki y\u00f6netim g\u00fcc\u00fcn\u00fc temsil eder.<\/p>\n<!-- templates\/buttons-placeholder.php -->\n<div class=\"da-reactions-outer TpostID22404\">\n\t    <div class=\"da-reactions-data da-reactions-container-async center\"\n         data-type=\"post\"\n         data-id=\"22404\"\n         id=\"da-reactions-slot-post-22404\">\n        <div class=\"da-reactions-static\">\n\t\t\t<img src=\"https:\/\/www.kariyer.net\/kariyer-rehberi\/wp-content\/plugins\/da-reactions\/assets\/dist\/loading.svg\" alt=\"Loading spinner\" width=\"48\" height=\"48\" style=\"width:48px\" \/>\n        <\/div>\n    <\/div>\n<\/div>\n","protected":false},"excerpt":{"rendered":"<p>T\u00fcrk Silahl\u0131 Kuvvetleri\u2019nde \u00f6nemli bir y\u00f6netim kademesi olan albayl\u0131k, hem saha hem de kararg\u00e2h d\u00fczeyinde b\u00fcy\u00fck sorumluluklar bar\u0131nd\u0131ran bir r\u00fctbedir. Peki albaylar ne i\u015f yapar? Bu r\u00fctbeye nas\u0131l terfi edilir? 2025 y\u0131l\u0131 itibar\u0131yla albay maa\u015flar\u0131 ne kadar oldu? \u0130\u015fte detaylar\u2026 Albay kimdir, ne i\u015f yapar? Albay, T\u00fcrk Silahl\u0131 Kuvvetleri\u2019nde subay r\u00fctbeleri aras\u0131nda \u00fcst d\u00fczeyde yer [&hellip;]<\/p>\n<!-- templates\/buttons-placeholder.php -->\n<div class=\"da-reactions-outer TpostID22404\">\n\t    <div class=\"da-reactions-data da-reactions-container-async center\"\n         data-type=\"post\"\n         data-id=\"22404\"\n         id=\"da-reactions-slot-post-22404\">\n        <div class=\"da-reactions-static\">\n\t\t\t<img src=\"https:\/\/www.kariyer.net\/kariyer-rehberi\/wp-content\/plugins\/da-reactions\/assets\/dist\/loading.svg\" alt=\"Loading spinner\" width=\"48\" height=\"48\" style=\"width:48px\" \/>\n        <\/div>\n    <\/div>\n<\/div>\n","protected":false},"author":12,"featured_media":22405,"comment_status":"closed","ping_status":"open","sticky":false,"template":"","format":"standard","meta":{"footnotes":"","_elementor_edit_mode":"","_elementor_template_type":"","_elementor_data":"","_elementor_page_settings":null,"_elementor_conditions":[]},"categories":[2215],"tags":[],"class_list":{"0":"post-22404","1":"post","2":"type-post","3":"status-publish","4":"format-standard","5":"has-post-thumbnail","7":"category-kamuda-kariyer"},"yoast_head":"<!-- This site is optimized with the Yoast SEO Premium plugin v21.4 (Yoast SEO v27.0) - https:\/\/yoast.com\/product\/yoast-seo-premium-wordpress\/ -->\n<title>Albay kimdir? 2025 Albay maa\u015f\u0131, g\u00f6revleri ve terfi s\u00fcreci<\/title>\n<meta name=\"description\" content=\"T\u00fcrk Silahl\u0131 Kuvvetleri\u2019nde \u00f6nemli bir y\u00f6netim kademesi olan albayl\u0131k, hem saha hem de kararg\u00e2h d\u00fczeyinde b\u00fcy\u00fck sorumluluklar bar\u0131nd\u0131r\u0131r.\" \/>\n<meta name=\"robots\" content=\"index, follow, max-snippet:-1, max-image-preview:large, max-video-preview:-1\" \/>\n<link rel=\"canonical\" href=\"https:\/\/www.kariyer.net\/kariyer-rehberi\/albay-kimdir-2025-albay-maasi-gorevleri-ve-terfi-sureci\/\" \/>\n<meta property=\"og:locale\" content=\"tr_TR\" \/>\n<meta property=\"og:type\" content=\"article\" \/>\n<meta property=\"og:title\" content=\"Albay kimdir? 2025 Albay maa\u015f\u0131, g\u00f6revleri ve terfi s\u00fcreci\" \/>\n<meta property=\"og:description\" content=\"T\u00fcrk Silahl\u0131 Kuvvetleri\u2019nde \u00f6nemli bir y\u00f6netim kademesi olan albayl\u0131k, hem saha hem de kararg\u00e2h d\u00fczeyinde b\u00fcy\u00fck sorumluluklar bar\u0131nd\u0131ran bir r\u00fctbedir.\" \/>\n<meta property=\"og:url\" content=\"https:\/\/www.kariyer.net\/kariyer-rehberi\/albay-kimdir-2025-albay-maasi-gorevleri-ve-terfi-sureci\/\" \/>\n<meta property=\"og:site_name\" content=\"Kariyer Rehberi\" \/>\n<meta property=\"article:published_time\" content=\"2025-07-09T13:36:01+00:00\" \/>\n<meta property=\"article:modified_time\" content=\"2025-07-09T13:42:18+00:00\" \/>\n<meta property=\"og:image\" content=\"https:\/\/www.kariyer.net\/kariyer-rehberi\/wp-content\/uploads\/2025\/07\/albay_maasi.jpg\" \/>\n\t<meta property=\"og:image:width\" content=\"900\" \/>\n\t<meta property=\"og:image:height\" content=\"600\" \/>\n\t<meta property=\"og:image:type\" content=\"image\/jpeg\" \/>\n<meta name=\"author\" content=\"Edit\u00f6r\" \/>\n<meta name=\"twitter:card\" content=\"summary_large_image\" \/>\n<meta name=\"twitter:label1\" content=\"Yazan:\" \/>\n\t<meta name=\"twitter:data1\" content=\"Edit\u00f6r\" \/>\n\t<meta name=\"twitter:label2\" content=\"Tahmini okuma s\u00fcresi\" \/>\n\t<meta name=\"twitter:data2\" content=\"3 dakika\" \/>\n<!-- \/ Yoast SEO Premium plugin. -->","yoast_head_json":{"title":"Albay kimdir? 2025 Albay maa\u015f\u0131, g\u00f6revleri ve terfi s\u00fcreci","description":"T\u00fcrk Silahl\u0131 Kuvvetleri\u2019nde \u00f6nemli bir y\u00f6netim kademesi olan albayl\u0131k, hem saha hem de kararg\u00e2h d\u00fczeyinde b\u00fcy\u00fck sorumluluklar bar\u0131nd\u0131r\u0131r.","robots":{"index":"index","follow":"follow","max-snippet":"max-snippet:-1","max-image-preview":"max-image-preview:large","max-video-preview":"max-video-preview:-1"},"canonical":"https:\/\/www.kariyer.net\/kariyer-rehberi\/albay-kimdir-2025-albay-maasi-gorevleri-ve-terfi-sureci\/","og_locale":"tr_TR","og_type":"article","og_title":"Albay kimdir? 2025 Albay maa\u015f\u0131, g\u00f6revleri ve terfi s\u00fcreci","og_description":"T\u00fcrk Silahl\u0131 Kuvvetleri\u2019nde \u00f6nemli bir y\u00f6netim kademesi olan albayl\u0131k, hem saha hem de kararg\u00e2h d\u00fczeyinde b\u00fcy\u00fck sorumluluklar bar\u0131nd\u0131ran bir r\u00fctbedir.","og_url":"https:\/\/www.kariyer.net\/kariyer-rehberi\/albay-kimdir-2025-albay-maasi-gorevleri-ve-terfi-sureci\/","og_site_name":"Kariyer Rehberi","article_published_time":"2025-07-09T13:36:01+00:00","article_modified_time":"2025-07-09T13:42:18+00:00","og_image":[{"width":900,"height":600,"url":"https:\/\/www.kariyer.net\/kariyer-rehberi\/wp-content\/uploads\/2025\/07\/albay_maasi.jpg","type":"image\/jpeg"}],"author":"Edit\u00f6r","twitter_card":"summary_large_image","twitter_misc":{"Yazan:":"Edit\u00f6r","Tahmini okuma s\u00fcresi":"3 dakika"},"schema":{"@context":"https:\/\/schema.org","@graph":[{"@type":"Article","@id":"https:\/\/www.kariyer.net\/kariyer-rehberi\/albay-kimdir-2025-albay-maasi-gorevleri-ve-terfi-sureci\/#article","isPartOf":{"@id":"https:\/\/www.kariyer.net\/kariyer-rehberi\/albay-kimdir-2025-albay-maasi-gorevleri-ve-terfi-sureci\/"},"author":{"name":"Edit\u00f6r","@id":"https:\/\/www.kariyer.net\/kariyer-rehberi\/#\/schema\/person\/94fd6e49c7ff1b1b2565a2cc4fd685dd"},"headline":"Albay kimdir? 2025 Albay maa\u015f\u0131, g\u00f6revleri ve terfi s\u00fcreci","datePublished":"2025-07-09T13:36:01+00:00","dateModified":"2025-07-09T13:42:18+00:00","mainEntityOfPage":{"@id":"https:\/\/www.kariyer.net\/kariyer-rehberi\/albay-kimdir-2025-albay-maasi-gorevleri-ve-terfi-sureci\/"},"wordCount":548,"publisher":{"@id":"https:\/\/www.kariyer.net\/kariyer-rehberi\/#organization"},"image":{"@id":"https:\/\/www.kariyer.net\/kariyer-rehberi\/albay-kimdir-2025-albay-maasi-gorevleri-ve-terfi-sureci\/#primaryimage"},"thumbnailUrl":"https:\/\/www.kariyer.net\/kariyer-rehberi\/wp-content\/uploads\/2025\/07\/albay_maasi.jpg","articleSection":["Kamuda Kariyer"],"inLanguage":"tr"},{"@type":"WebPage","@id":"https:\/\/www.kariyer.net\/kariyer-rehberi\/albay-kimdir-2025-albay-maasi-gorevleri-ve-terfi-sureci\/","url":"https:\/\/www.kariyer.net\/kariyer-rehberi\/albay-kimdir-2025-albay-maasi-gorevleri-ve-terfi-sureci\/","name":"Albay kimdir? 2025 Albay maa\u015f\u0131, g\u00f6revleri ve terfi s\u00fcreci","isPartOf":{"@id":"https:\/\/www.kariyer.net\/kariyer-rehberi\/#website"},"primaryImageOfPage":{"@id":"https:\/\/www.kariyer.net\/kariyer-rehberi\/albay-kimdir-2025-albay-maasi-gorevleri-ve-terfi-sureci\/#primaryimage"},"image":{"@id":"https:\/\/www.kariyer.net\/kariyer-rehberi\/albay-kimdir-2025-albay-maasi-gorevleri-ve-terfi-sureci\/#primaryimage"},"thumbnailUrl":"https:\/\/www.kariyer.net\/kariyer-rehberi\/wp-content\/uploads\/2025\/07\/albay_maasi.jpg","datePublished":"2025-07-09T13:36:01+00:00","dateModified":"2025-07-09T13:42:18+00:00","description":"T\u00fcrk Silahl\u0131 Kuvvetleri\u2019nde \u00f6nemli bir y\u00f6netim kademesi olan albayl\u0131k, hem saha hem de kararg\u00e2h d\u00fczeyinde b\u00fcy\u00fck sorumluluklar bar\u0131nd\u0131r\u0131r.","breadcrumb":{"@id":"https:\/\/www.kariyer.net\/kariyer-rehberi\/albay-kimdir-2025-albay-maasi-gorevleri-ve-terfi-sureci\/#breadcrumb"},"inLanguage":"tr","potentialAction":[{"@type":"ReadAction","target":["https:\/\/www.kariyer.net\/kariyer-rehberi\/albay-kimdir-2025-albay-maasi-gorevleri-ve-terfi-sureci\/"]}]},{"@type":"ImageObject","inLanguage":"tr","@id":"https:\/\/www.kariyer.net\/kariyer-rehberi\/albay-kimdir-2025-albay-maasi-gorevleri-ve-terfi-sureci\/#primaryimage","url":"https:\/\/www.kariyer.net\/kariyer-rehberi\/wp-content\/uploads\/2025\/07\/albay_maasi.jpg","contentUrl":"https:\/\/www.kariyer.net\/kariyer-rehberi\/wp-content\/uploads\/2025\/07\/albay_maasi.jpg","width":900,"height":600},{"@type":"BreadcrumbList","@id":"https:\/\/www.kariyer.net\/kariyer-rehberi\/albay-kimdir-2025-albay-maasi-gorevleri-ve-terfi-sureci\/#breadcrumb","itemListElement":[{"@type":"ListItem","position":1,"name":"Anasayfa","item":"https:\/\/www.kariyer.net\/kariyer-rehberi\/"},{"@type":"ListItem","position":2,"name":"Albay kimdir? 2025 Albay maa\u015f\u0131, g\u00f6revleri ve terfi s\u00fcreci"}]},{"@type":"WebSite","@id":"https:\/\/www.kariyer.net\/kariyer-rehberi\/#website","url":"https:\/\/www.kariyer.net\/kariyer-rehberi\/","name":"Kariyer Rehberi","description":"\u0130\u015f D\u00fcnyas\u0131yla \u0130lgili Bilmek \u0130stedi\u011finiz Her \u015eey","publisher":{"@id":"https:\/\/www.kariyer.net\/kariyer-rehberi\/#organization"},"potentialAction":[{"@type":"SearchAction","target":{"@type":"EntryPoint","urlTemplate":"https:\/\/www.kariyer.net\/kariyer-rehberi\/?s={search_term_string}"},"query-input":{"@type":"PropertyValueSpecification","valueRequired":true,"valueName":"search_term_string"}}],"inLanguage":"tr"},{"@type":"Organization","@id":"https:\/\/www.kariyer.net\/kariyer-rehberi\/#organization","name":"Kariyer.net","url":"https:\/\/www.kariyer.net\/kariyer-rehberi\/","logo":{"@type":"ImageObject","inLanguage":"tr","@id":"https:\/\/www.kariyer.net\/kariyer-rehberi\/#\/schema\/logo\/image\/","url":"https:\/\/www.kariyer.net\/kariyer-rehberi-new\/wp-content\/uploads\/2023\/01\/og-image11.jpg","contentUrl":"https:\/\/www.kariyer.net\/kariyer-rehberi-new\/wp-content\/uploads\/2023\/01\/og-image11.jpg","width":800,"height":800,"caption":"Kariyer.net"},"image":{"@id":"https:\/\/www.kariyer.net\/kariyer-rehberi\/#\/schema\/logo\/image\/"}},{"@type":"Person","@id":"https:\/\/www.kariyer.net\/kariyer-rehberi\/#\/schema\/person\/94fd6e49c7ff1b1b2565a2cc4fd685dd","name":"Edit\u00f6r","image":{"@type":"ImageObject","inLanguage":"tr","@id":"https:\/\/www.kariyer.net\/kariyer-rehberi\/#\/schema\/person\/image\/","url":"https:\/\/secure.gravatar.com\/avatar\/0c4fe6688343aed3693b15573beae12c08ace5565409d5ab7509bf9c115f458d?s=96&d=mm&r=g","contentUrl":"https:\/\/secure.gravatar.com\/avatar\/0c4fe6688343aed3693b15573beae12c08ace5565409d5ab7509bf9c115f458d?s=96&d=mm&r=g","caption":"Edit\u00f6r"},"url":"https:\/\/www.kariyer.net\/kariyer-rehberi\/author\/editor\/"}]}},"_links":{"self":[{"href":"https:\/\/www.kariyer.net\/kariyer-rehberi\/wp-json\/wp\/v2\/posts\/22404","targetHints":{"allow":["GET"]}}],"collection":[{"href":"https:\/\/www.kariyer.net\/kariyer-rehberi\/wp-json\/wp\/v2\/posts"}],"about":[{"href":"https:\/\/www.kariyer.net\/kariyer-rehberi\/wp-json\/wp\/v2\/types\/post"}],"author":[{"embeddable":true,"href":"https:\/\/www.kariyer.net\/kariyer-rehberi\/wp-json\/wp\/v2\/users\/12"}],"replies":[{"embeddable":true,"href":"https:\/\/www.kariyer.net\/kariyer-rehberi\/wp-json\/wp\/v2\/comments?post=22404"}],"version-history":[{"count":3,"href":"https:\/\/www.kariyer.net\/kariyer-rehberi\/wp-json\/wp\/v2\/posts\/22404\/revisions"}],"predecessor-version":[{"id":22408,"href":"https:\/\/www.kariyer.net\/kariyer-rehberi\/wp-json\/wp\/v2\/posts\/22404\/revisions\/22408"}],"wp:featuredmedia":[{"embeddable":true,"href":"https:\/\/www.kariyer.net\/kariyer-rehberi\/wp-json\/wp\/v2\/media\/22405"}],"wp:attachment":[{"href":"https:\/\/www.kariyer.net\/kariyer-rehberi\/wp-json\/wp\/v2\/media?parent=22404"}],"wp:term":[{"taxonomy":"category","embeddable":true,"href":"https:\/\/www.kariyer.net\/kariyer-rehberi\/wp-json\/wp\/v2\/categories?post=22404"},{"taxonomy":"post_tag","embeddable":true,"href":"https:\/\/www.kariyer.net\/kariyer-rehberi\/wp-json\/wp\/v2\/tags?post=22404"}],"curies":[{"name":"wp","href":"https:\/\/api.w.org\/{rel}","templated":true}]}}