{"id":22409,"date":"2025-07-10T17:32:38","date_gmt":"2025-07-10T14:32:38","guid":{"rendered":"https:\/\/www.kariyer.net\/kariyer-rehberi\/?p=22409"},"modified":"2025-07-10T17:36:30","modified_gmt":"2025-07-10T14:36:30","slug":"yuzbasi-kimdir-2025-yuzbasi-maasi-gorevleri-ve-terfi-sureci","status":"publish","type":"post","link":"https:\/\/www.kariyer.net\/kariyer-rehberi\/yuzbasi-kimdir-2025-yuzbasi-maasi-gorevleri-ve-terfi-sureci\/","title":{"rendered":"Y\u00fczba\u015f\u0131 kimdir? 2025 y\u00fczba\u015f\u0131 maa\u015f\u0131, g\u00f6revleri ve terfi s\u00fcreci"},"content":{"rendered":"<p><strong>T\u00fcrk Silahl\u0131 Kuvvetleri\u2019nin subay r\u00fctbeleri aras\u0131nda kritik bir konuma sahip olan y\u00fczba\u015f\u0131l\u0131k, hem sahada hem de kararg\u00e2hta operasyonel sorumluluklar\u0131n artt\u0131\u011f\u0131 bir d\u00f6nemi temsil eder. Peki bir y\u00fczba\u015f\u0131 ne i\u015f yapar? 2025 itibar\u0131yla y\u00fczba\u015f\u0131 maa\u015flar\u0131 ne kadar oldu? Bu r\u00fctbeye nas\u0131l terfi edilir? T\u00fcm bu sorular\u0131n yan\u0131tlar\u0131n\u0131 senin i\u00e7in derledik.<\/strong><\/p>\n<h2><strong>Y\u00fczba\u015f\u0131 kimdir, ne i\u015f yapar?<\/strong><\/h2>\n<p>Y\u00fczba\u015f\u0131, <strong>\u00fcste\u011fmenlikten sonra gelen ve binba\u015f\u0131l\u0131\u011fa ge\u00e7i\u015ften \u00f6nceki r\u00fctbedir<\/strong>. Subayl\u0131k kariyerinde orta kademede yer alan y\u00fczba\u015f\u0131lar, hem idari hem de operasyonel sorumluluklar \u00fcstlenirler.<\/p>\n<p>Y\u00fczba\u015f\u0131lar\u0131n g\u00f6revleri aras\u0131nda:<\/p>\n<ul>\n<li>Tak\u0131m ve b\u00f6l\u00fck komutanl\u0131\u011f\u0131,<\/li>\n<li>Asker\u00ee e\u011fitimlerin planlanmas\u0131 ve y\u00fcr\u00fct\u00fclmesi,<\/li>\n<li>Disiplinin sa\u011flanmas\u0131, emir-komuta zincirinin korunmas\u0131,<\/li>\n<li>Operasyonel g\u00f6revlerde birlik sevk ve idaresi,<\/li>\n<li>Kararg\u00e2h planlamalar\u0131nda aktif rol alma gibi ba\u015fl\u0131klar yer al\u0131r.<\/li>\n<\/ul>\n<p>G\u00f6rev yap\u0131lan birli\u011fe, b\u00f6lgeye ve birimin t\u00fcr\u00fcne g\u00f6re y\u00fczba\u015f\u0131lar\u0131n sorumluluklar\u0131 \u00e7e\u015fitlilik g\u00f6sterebilir.<\/p>\n<h2><strong>2025 y\u00fczba\u015f\u0131 maa\u015f\u0131 ne kadar?<\/strong><\/h2>\n<p><strong><a href=\"https:\/\/www.kariyer.net\/pozisyonlar\/yuzbasi\/nedir\" target=\"_blank\" rel=\"noopener\">Y\u00fczba\u015f\u0131<\/a><\/strong> maa\u015flar\u0131, r\u00fctbe y\u0131l\u0131na, g\u00f6rev b\u00f6lgesine, evli\/\u00e7ocuklu olma durumuna ve operasyonel faaliyetlerde g\u00f6rev al\u0131n\u0131p al\u0131nmad\u0131\u011f\u0131na g\u00f6re de\u011fi\u015fiklik g\u00f6sterebilir. 2025 y\u0131l\u0131 itibar\u0131yla y\u00fczba\u015f\u0131 maa\u015flar\u0131n\u0131n, kamudaki orta d\u00fczey y\u00f6neticilik pozisyonlar\u0131yla benzer d\u00fczeylerde oldu\u011fu s\u00f6ylenebilir.<\/p>\n<p>Do\u011frudan net rakam vermek, farkl\u0131 fakt\u00f6rler nedeniyle yan\u0131lt\u0131c\u0131 olabilece\u011finden, maa\u015f\u0131n g\u00f6rev \u015fartlar\u0131na g\u00f6re farkl\u0131la\u015ft\u0131\u011f\u0131n\u0131 s\u00f6ylemek daha do\u011fru olur.<\/p>\n<h2><strong>Y\u00fczba\u015f\u0131 nas\u0131l olunur?<\/strong><\/h2>\n<p>Y\u00fczba\u015f\u0131l\u0131k, do\u011frudan girilen bir r\u00fctbe de\u011fil; subayl\u0131k kariyer yolculu\u011funun bir a\u015famas\u0131d\u0131r. Genel s\u00fcre\u00e7 \u015f\u00f6yle i\u015fler:<\/p>\n<ol>\n<li>Milli Savunma \u00dcniversitesi veya denk bir askeri okuldan subay olarak mezun olmak,<\/li>\n<li>Te\u011fmen olarak g\u00f6reve ba\u015flamak, ard\u0131ndan \u00fcste\u011fmenli\u011fe terfi etmek,<\/li>\n<li>Ortalama 6\u20138 y\u0131ll\u0131k subayl\u0131k s\u00fcreci ve olumlu sicil notlar\u0131yla y\u00fczba\u015f\u0131l\u0131\u011fa y\u00fckselmek.<\/li>\n<\/ol>\n<p>Terfi s\u00fcreci, sadece zamanla de\u011fil; ayn\u0131 zamanda performans, disiplin, g\u00f6rev ba\u015far\u0131s\u0131 ve kadro ihtiya\u00e7lar\u0131yla \u015fekillenir.<\/p>\n<p data-start=\"2718\" data-end=\"2954\">Y\u00fczba\u015f\u0131l\u0131k, subayl\u0131k yolculu\u011funda hem deneyimin hem de liderlik sorumlulu\u011funun yo\u011funla\u015ft\u0131\u011f\u0131 bir r\u00fctbedir. 2025 y\u0131l\u0131 itibar\u0131yla y\u00fczba\u015f\u0131lar\u0131n g\u00f6rev tan\u0131mlar\u0131 TSK i\u00e7indeki \u00f6nemini ortaya koyuyor.<\/p>\n<!-- templates\/buttons-placeholder.php -->\n<div class=\"da-reactions-outer TpostID22409\">\n\t    <div class=\"da-reactions-data da-reactions-container-async center\"\n         data-type=\"post\"\n         data-id=\"22409\"\n         id=\"da-reactions-slot-post-22409\">\n        <div class=\"da-reactions-static\">\n\t\t\t<img src=\"https:\/\/www.kariyer.net\/kariyer-rehberi\/wp-content\/plugins\/da-reactions\/assets\/dist\/loading.svg\" alt=\"Loading spinner\" width=\"48\" height=\"48\" style=\"width:48px\" \/>\n        <\/div>\n    <\/div>\n<\/div>\n","protected":false},"excerpt":{"rendered":"<p>T\u00fcrk Silahl\u0131 Kuvvetleri\u2019nin subay r\u00fctbeleri aras\u0131nda kritik bir konuma sahip olan y\u00fczba\u015f\u0131l\u0131k, hem sahada hem de kararg\u00e2hta operasyonel sorumluluklar\u0131n artt\u0131\u011f\u0131 bir d\u00f6nemi temsil eder. Peki bir y\u00fczba\u015f\u0131 ne i\u015f yapar? 2025 itibar\u0131yla y\u00fczba\u015f\u0131 maa\u015flar\u0131 ne kadar oldu? Bu r\u00fctbeye nas\u0131l terfi edilir? T\u00fcm bu sorular\u0131n yan\u0131tlar\u0131n\u0131 senin i\u00e7in derledik. Y\u00fczba\u015f\u0131 kimdir, ne i\u015f yapar? Y\u00fczba\u015f\u0131, [&hellip;]<\/p>\n<!-- templates\/buttons-placeholder.php -->\n<div class=\"da-reactions-outer TpostID22409\">\n\t    <div class=\"da-reactions-data da-reactions-container-async center\"\n         data-type=\"post\"\n         data-id=\"22409\"\n         id=\"da-reactions-slot-post-22409\">\n        <div class=\"da-reactions-static\">\n\t\t\t<img src=\"https:\/\/www.kariyer.net\/kariyer-rehberi\/wp-content\/plugins\/da-reactions\/assets\/dist\/loading.svg\" alt=\"Loading spinner\" width=\"48\" height=\"48\" style=\"width:48px\" \/>\n        <\/div>\n    <\/div>\n<\/div>\n","protected":false},"author":12,"featured_media":22412,"comment_status":"closed","ping_status":"open","sticky":false,"template":"","format":"standard","meta":{"footnotes":"","_elementor_edit_mode":"","_elementor_template_type":"","_elementor_data":"","_elementor_page_settings":null,"_elementor_conditions":[]},"categories":[2215],"tags":[],"class_list":{"0":"post-22409","1":"post","2":"type-post","3":"status-publish","4":"format-standard","5":"has-post-thumbnail","7":"category-kamuda-kariyer"},"yoast_head":"<!-- This site is optimized with the Yoast SEO Premium plugin v21.4 (Yoast SEO v27.0) - https:\/\/yoast.com\/product\/yoast-seo-premium-wordpress\/ -->\n<title>Y\u00fczba\u015f\u0131 kimdir? 2025 y\u00fczba\u015f\u0131 maa\u015f\u0131, g\u00f6revleri ve terfi s\u00fcreci<\/title>\n<meta name=\"description\" content=\"T\u00fcrk Silahl\u0131 Kuvvetleri\u2019nin subay r\u00fctbeleri aras\u0131nda kritik bir konuma sahip olan y\u00fczba\u015f\u0131l\u0131k, \u00f6nemli bir d\u00f6nemi temsil eder.\" \/>\n<meta name=\"robots\" content=\"index, follow, max-snippet:-1, max-image-preview:large, max-video-preview:-1\" \/>\n<link rel=\"canonical\" href=\"https:\/\/www.kariyer.net\/kariyer-rehberi\/yuzbasi-kimdir-2025-yuzbasi-maasi-gorevleri-ve-terfi-sureci\/\" \/>\n<meta property=\"og:locale\" content=\"tr_TR\" \/>\n<meta property=\"og:type\" content=\"article\" \/>\n<meta property=\"og:title\" content=\"Y\u00fczba\u015f\u0131 kimdir? 2025 y\u00fczba\u015f\u0131 maa\u015f\u0131, g\u00f6revleri ve terfi s\u00fcreci\" \/>\n<meta property=\"og:description\" content=\"T\u00fcrk Silahl\u0131 Kuvvetleri\u2019nin subay r\u00fctbeleri aras\u0131nda kritik bir konuma sahip olan y\u00fczba\u015f\u0131l\u0131k, hem sahada hem de kararg\u00e2hta operasyonel sorumluluklar\u0131n\" \/>\n<meta property=\"og:url\" content=\"https:\/\/www.kariyer.net\/kariyer-rehberi\/yuzbasi-kimdir-2025-yuzbasi-maasi-gorevleri-ve-terfi-sureci\/\" \/>\n<meta property=\"og:site_name\" content=\"Kariyer Rehberi\" \/>\n<meta property=\"article:published_time\" content=\"2025-07-10T14:32:38+00:00\" \/>\n<meta property=\"article:modified_time\" content=\"2025-07-10T14:36:30+00:00\" \/>\n<meta property=\"og:image\" content=\"https:\/\/www.kariyer.net\/kariyer-rehberi\/wp-content\/uploads\/2025\/07\/yuzbasi_kimdir.jpg\" \/>\n\t<meta property=\"og:image:width\" content=\"900\" \/>\n\t<meta property=\"og:image:height\" content=\"597\" \/>\n\t<meta property=\"og:image:type\" content=\"image\/jpeg\" \/>\n<meta name=\"author\" content=\"Edit\u00f6r\" \/>\n<meta name=\"twitter:card\" content=\"summary_large_image\" \/>\n<meta name=\"twitter:label1\" content=\"Yazan:\" \/>\n\t<meta name=\"twitter:data1\" content=\"Edit\u00f6r\" \/>\n\t<meta name=\"twitter:label2\" content=\"Tahmini okuma s\u00fcresi\" \/>\n\t<meta name=\"twitter:data2\" content=\"2 dakika\" \/>\n<!-- \/ Yoast SEO Premium plugin. -->","yoast_head_json":{"title":"Y\u00fczba\u015f\u0131 kimdir? 2025 y\u00fczba\u015f\u0131 maa\u015f\u0131, g\u00f6revleri ve terfi s\u00fcreci","description":"T\u00fcrk Silahl\u0131 Kuvvetleri\u2019nin subay r\u00fctbeleri aras\u0131nda kritik bir konuma sahip olan y\u00fczba\u015f\u0131l\u0131k, \u00f6nemli bir d\u00f6nemi temsil eder.","robots":{"index":"index","follow":"follow","max-snippet":"max-snippet:-1","max-image-preview":"max-image-preview:large","max-video-preview":"max-video-preview:-1"},"canonical":"https:\/\/www.kariyer.net\/kariyer-rehberi\/yuzbasi-kimdir-2025-yuzbasi-maasi-gorevleri-ve-terfi-sureci\/","og_locale":"tr_TR","og_type":"article","og_title":"Y\u00fczba\u015f\u0131 kimdir? 2025 y\u00fczba\u015f\u0131 maa\u015f\u0131, g\u00f6revleri ve terfi s\u00fcreci","og_description":"T\u00fcrk Silahl\u0131 Kuvvetleri\u2019nin subay r\u00fctbeleri aras\u0131nda kritik bir konuma sahip olan y\u00fczba\u015f\u0131l\u0131k, hem sahada hem de kararg\u00e2hta operasyonel sorumluluklar\u0131n","og_url":"https:\/\/www.kariyer.net\/kariyer-rehberi\/yuzbasi-kimdir-2025-yuzbasi-maasi-gorevleri-ve-terfi-sureci\/","og_site_name":"Kariyer Rehberi","article_published_time":"2025-07-10T14:32:38+00:00","article_modified_time":"2025-07-10T14:36:30+00:00","og_image":[{"width":900,"height":597,"url":"https:\/\/www.kariyer.net\/kariyer-rehberi\/wp-content\/uploads\/2025\/07\/yuzbasi_kimdir.jpg","type":"image\/jpeg"}],"author":"Edit\u00f6r","twitter_card":"summary_large_image","twitter_misc":{"Yazan:":"Edit\u00f6r","Tahmini okuma s\u00fcresi":"2 dakika"},"schema":{"@context":"https:\/\/schema.org","@graph":[{"@type":"Article","@id":"https:\/\/www.kariyer.net\/kariyer-rehberi\/yuzbasi-kimdir-2025-yuzbasi-maasi-gorevleri-ve-terfi-sureci\/#article","isPartOf":{"@id":"https:\/\/www.kariyer.net\/kariyer-rehberi\/yuzbasi-kimdir-2025-yuzbasi-maasi-gorevleri-ve-terfi-sureci\/"},"author":{"name":"Edit\u00f6r","@id":"https:\/\/www.kariyer.net\/kariyer-rehberi\/#\/schema\/person\/94fd6e49c7ff1b1b2565a2cc4fd685dd"},"headline":"Y\u00fczba\u015f\u0131 kimdir? 2025 y\u00fczba\u015f\u0131 maa\u015f\u0131, g\u00f6revleri ve terfi s\u00fcreci","datePublished":"2025-07-10T14:32:38+00:00","dateModified":"2025-07-10T14:36:30+00:00","mainEntityOfPage":{"@id":"https:\/\/www.kariyer.net\/kariyer-rehberi\/yuzbasi-kimdir-2025-yuzbasi-maasi-gorevleri-ve-terfi-sureci\/"},"wordCount":431,"publisher":{"@id":"https:\/\/www.kariyer.net\/kariyer-rehberi\/#organization"},"image":{"@id":"https:\/\/www.kariyer.net\/kariyer-rehberi\/yuzbasi-kimdir-2025-yuzbasi-maasi-gorevleri-ve-terfi-sureci\/#primaryimage"},"thumbnailUrl":"https:\/\/www.kariyer.net\/kariyer-rehberi\/wp-content\/uploads\/2025\/07\/yuzbasi_kimdir.jpg","articleSection":["Kamuda Kariyer"],"inLanguage":"tr"},{"@type":"WebPage","@id":"https:\/\/www.kariyer.net\/kariyer-rehberi\/yuzbasi-kimdir-2025-yuzbasi-maasi-gorevleri-ve-terfi-sureci\/","url":"https:\/\/www.kariyer.net\/kariyer-rehberi\/yuzbasi-kimdir-2025-yuzbasi-maasi-gorevleri-ve-terfi-sureci\/","name":"Y\u00fczba\u015f\u0131 kimdir? 2025 y\u00fczba\u015f\u0131 maa\u015f\u0131, g\u00f6revleri ve terfi s\u00fcreci","isPartOf":{"@id":"https:\/\/www.kariyer.net\/kariyer-rehberi\/#website"},"primaryImageOfPage":{"@id":"https:\/\/www.kariyer.net\/kariyer-rehberi\/yuzbasi-kimdir-2025-yuzbasi-maasi-gorevleri-ve-terfi-sureci\/#primaryimage"},"image":{"@id":"https:\/\/www.kariyer.net\/kariyer-rehberi\/yuzbasi-kimdir-2025-yuzbasi-maasi-gorevleri-ve-terfi-sureci\/#primaryimage"},"thumbnailUrl":"https:\/\/www.kariyer.net\/kariyer-rehberi\/wp-content\/uploads\/2025\/07\/yuzbasi_kimdir.jpg","datePublished":"2025-07-10T14:32:38+00:00","dateModified":"2025-07-10T14:36:30+00:00","description":"T\u00fcrk Silahl\u0131 Kuvvetleri\u2019nin subay r\u00fctbeleri aras\u0131nda kritik bir konuma sahip olan y\u00fczba\u015f\u0131l\u0131k, \u00f6nemli bir d\u00f6nemi temsil eder.","breadcrumb":{"@id":"https:\/\/www.kariyer.net\/kariyer-rehberi\/yuzbasi-kimdir-2025-yuzbasi-maasi-gorevleri-ve-terfi-sureci\/#breadcrumb"},"inLanguage":"tr","potentialAction":[{"@type":"ReadAction","target":["https:\/\/www.kariyer.net\/kariyer-rehberi\/yuzbasi-kimdir-2025-yuzbasi-maasi-gorevleri-ve-terfi-sureci\/"]}]},{"@type":"ImageObject","inLanguage":"tr","@id":"https:\/\/www.kariyer.net\/kariyer-rehberi\/yuzbasi-kimdir-2025-yuzbasi-maasi-gorevleri-ve-terfi-sureci\/#primaryimage","url":"https:\/\/www.kariyer.net\/kariyer-rehberi\/wp-content\/uploads\/2025\/07\/yuzbasi_kimdir.jpg","contentUrl":"https:\/\/www.kariyer.net\/kariyer-rehberi\/wp-content\/uploads\/2025\/07\/yuzbasi_kimdir.jpg","width":900,"height":597},{"@type":"BreadcrumbList","@id":"https:\/\/www.kariyer.net\/kariyer-rehberi\/yuzbasi-kimdir-2025-yuzbasi-maasi-gorevleri-ve-terfi-sureci\/#breadcrumb","itemListElement":[{"@type":"ListItem","position":1,"name":"Anasayfa","item":"https:\/\/www.kariyer.net\/kariyer-rehberi\/"},{"@type":"ListItem","position":2,"name":"Y\u00fczba\u015f\u0131 kimdir? 2025 y\u00fczba\u015f\u0131 maa\u015f\u0131, g\u00f6revleri ve terfi s\u00fcreci"}]},{"@type":"WebSite","@id":"https:\/\/www.kariyer.net\/kariyer-rehberi\/#website","url":"https:\/\/www.kariyer.net\/kariyer-rehberi\/","name":"Kariyer Rehberi","description":"\u0130\u015f D\u00fcnyas\u0131yla \u0130lgili Bilmek \u0130stedi\u011finiz Her \u015eey","publisher":{"@id":"https:\/\/www.kariyer.net\/kariyer-rehberi\/#organization"},"potentialAction":[{"@type":"SearchAction","target":{"@type":"EntryPoint","urlTemplate":"https:\/\/www.kariyer.net\/kariyer-rehberi\/?s={search_term_string}"},"query-input":{"@type":"PropertyValueSpecification","valueRequired":true,"valueName":"search_term_string"}}],"inLanguage":"tr"},{"@type":"Organization","@id":"https:\/\/www.kariyer.net\/kariyer-rehberi\/#organization","name":"Kariyer.net","url":"https:\/\/www.kariyer.net\/kariyer-rehberi\/","logo":{"@type":"ImageObject","inLanguage":"tr","@id":"https:\/\/www.kariyer.net\/kariyer-rehberi\/#\/schema\/logo\/image\/","url":"https:\/\/www.kariyer.net\/kariyer-rehberi-new\/wp-content\/uploads\/2023\/01\/og-image11.jpg","contentUrl":"https:\/\/www.kariyer.net\/kariyer-rehberi-new\/wp-content\/uploads\/2023\/01\/og-image11.jpg","width":800,"height":800,"caption":"Kariyer.net"},"image":{"@id":"https:\/\/www.kariyer.net\/kariyer-rehberi\/#\/schema\/logo\/image\/"}},{"@type":"Person","@id":"https:\/\/www.kariyer.net\/kariyer-rehberi\/#\/schema\/person\/94fd6e49c7ff1b1b2565a2cc4fd685dd","name":"Edit\u00f6r","image":{"@type":"ImageObject","inLanguage":"tr","@id":"https:\/\/www.kariyer.net\/kariyer-rehberi\/#\/schema\/person\/image\/","url":"https:\/\/secure.gravatar.com\/avatar\/0c4fe6688343aed3693b15573beae12c08ace5565409d5ab7509bf9c115f458d?s=96&d=mm&r=g","contentUrl":"https:\/\/secure.gravatar.com\/avatar\/0c4fe6688343aed3693b15573beae12c08ace5565409d5ab7509bf9c115f458d?s=96&d=mm&r=g","caption":"Edit\u00f6r"},"url":"https:\/\/www.kariyer.net\/kariyer-rehberi\/author\/editor\/"}]}},"_links":{"self":[{"href":"https:\/\/www.kariyer.net\/kariyer-rehberi\/wp-json\/wp\/v2\/posts\/22409","targetHints":{"allow":["GET"]}}],"collection":[{"href":"https:\/\/www.kariyer.net\/kariyer-rehberi\/wp-json\/wp\/v2\/posts"}],"about":[{"href":"https:\/\/www.kariyer.net\/kariyer-rehberi\/wp-json\/wp\/v2\/types\/post"}],"author":[{"embeddable":true,"href":"https:\/\/www.kariyer.net\/kariyer-rehberi\/wp-json\/wp\/v2\/users\/12"}],"replies":[{"embeddable":true,"href":"https:\/\/www.kariyer.net\/kariyer-rehberi\/wp-json\/wp\/v2\/comments?post=22409"}],"version-history":[{"count":3,"href":"https:\/\/www.kariyer.net\/kariyer-rehberi\/wp-json\/wp\/v2\/posts\/22409\/revisions"}],"predecessor-version":[{"id":22413,"href":"https:\/\/www.kariyer.net\/kariyer-rehberi\/wp-json\/wp\/v2\/posts\/22409\/revisions\/22413"}],"wp:featuredmedia":[{"embeddable":true,"href":"https:\/\/www.kariyer.net\/kariyer-rehberi\/wp-json\/wp\/v2\/media\/22412"}],"wp:attachment":[{"href":"https:\/\/www.kariyer.net\/kariyer-rehberi\/wp-json\/wp\/v2\/media?parent=22409"}],"wp:term":[{"taxonomy":"category","embeddable":true,"href":"https:\/\/www.kariyer.net\/kariyer-rehberi\/wp-json\/wp\/v2\/categories?post=22409"},{"taxonomy":"post_tag","embeddable":true,"href":"https:\/\/www.kariyer.net\/kariyer-rehberi\/wp-json\/wp\/v2\/tags?post=22409"}],"curies":[{"name":"wp","href":"https:\/\/api.w.org\/{rel}","templated":true}]}}