{"id":22416,"date":"2025-07-11T18:37:38","date_gmt":"2025-07-11T15:37:38","guid":{"rendered":"https:\/\/www.kariyer.net\/kariyer-rehberi\/?p=22416"},"modified":"2025-07-11T18:38:30","modified_gmt":"2025-07-11T15:38:30","slug":"binbasi-kimdir-2025-binbasi-maasi-gorevleri-ve-sosyal-haklari","status":"publish","type":"post","link":"https:\/\/www.kariyer.net\/kariyer-rehberi\/binbasi-kimdir-2025-binbasi-maasi-gorevleri-ve-sosyal-haklari\/","title":{"rendered":"Binba\u015f\u0131 kimdir? 2025 binba\u015f\u0131 maa\u015f\u0131, g\u00f6revleri ve sosyal haklar\u0131"},"content":{"rendered":"<p><strong>T\u00fcrk Silahl\u0131 Kuvvetleri\u2019nde orta ve \u00fcst d\u00fczey subay r\u00fctbeleri aras\u0131nda yer alan binba\u015f\u0131l\u0131k, hem saha komutanl\u0131\u011f\u0131 hem de idari sorumluluklar a\u00e7\u0131s\u0131ndan kritik bir a\u015famad\u0131r. Peki bir binba\u015f\u0131 ne i\u015f yapar? 2025 y\u0131l\u0131nda binba\u015f\u0131 maa\u015flar\u0131 ne kadar oldu? Bu r\u00fctbeye nas\u0131l terfi edilir? \u0130\u015fte t\u00fcm detaylar!<\/strong><\/p>\n<h2><strong>Binba\u015f\u0131 kimdir, ne i\u015f yapar?<\/strong><\/h2>\n<p>Binba\u015f\u0131, T\u00fcrk Silahl\u0131 Kuvvetleri\u2019nde <strong>y\u00fczba\u015f\u0131l\u0131k r\u00fctbesinden sonra, yarbayl\u0131ktan \u00f6nce<\/strong> gelen subay r\u00fctbesidir. Genellikle k\u0131ta komutanl\u0131\u011f\u0131 ve kararg\u00e2h g\u00f6revleriyle \u00f6ne \u00e7\u0131kar.<\/p>\n<p>G\u00f6revleri birli\u011fe ve ihtiyaca g\u00f6re de\u011fi\u015febilmekle birlikte, genel olarak \u015funlar\u0131 kapsar:<\/p>\n<ul>\n<li>B\u00f6l\u00fck, tabur veya kararg\u00e2h d\u00fczeyinde komutanl\u0131k,<\/li>\n<li>E\u011fitim, sevk ve idare s\u00fcre\u00e7lerinin y\u00fcr\u00fct\u00fclmesi,<\/li>\n<li>Operasyonel g\u00f6revlerde saha liderli\u011fi ve koordinasyon,<\/li>\n<li>Ast subay ve uzman personelin y\u00f6netimi,<\/li>\n<li>\u00dcst d\u00fczey komuta kademelerine ba\u011fl\u0131 raporlama ve planlama g\u00f6revleri.<\/li>\n<\/ul>\n<p>Baz\u0131 <strong><a href=\"https:\/\/www.kariyer.net\/pozisyonlar\/binbasi\" target=\"_blank\" rel=\"noopener\">binba\u015f\u0131<\/a><\/strong>lara \u00f6zel g\u00f6revler de verilebilir. \u00d6rne\u011fin, harek\u00e2t merkezlerinde kritik operasyonlar\u0131n planlanmas\u0131 veya uluslararas\u0131 g\u00f6revlerde temsil yetkisi gibi.<\/p>\n<h2><strong>2025 binba\u015f\u0131 maa\u015f\u0131 ne kadar?<\/strong><\/h2>\n<p>2025 y\u0131l\u0131 itibar\u0131yla binba\u015f\u0131 maa\u015flar\u0131, r\u00fctbe y\u0131l\u0131na, g\u00f6rev yerine, operasyonel g\u00f6rev durumuna ve ailevi duruma ba\u011fl\u0131 olarak farkl\u0131l\u0131k g\u00f6sterebilir. Bu nedenle net bir rakam vermektense \u015funu s\u00f6ylemek daha sa\u011fl\u0131kl\u0131 olur:<\/p>\n<p>Binba\u015f\u0131 maa\u015flar\u0131, kamu sekt\u00f6r\u00fcnde \u00fcst d\u00fczey uzman veya daire ba\u015fkan\u0131 seviyesine yak\u0131n d\u00fczeyde kabul edilmektedir.<\/p>\n<p>G\u00f6rev b\u00f6lgesine ve ko\u015fullara g\u00f6re maa\u015fa ek olarak:<\/p>\n<ul>\n<li>Komutanl\u0131k tazminat\u0131,<\/li>\n<li>S\u0131n\u0131r\/g\u00f6rev tazminat\u0131,<\/li>\n<li>Aile ve \u00e7ocuk yard\u0131mlar\u0131 gibi ek \u00f6demeler de yap\u0131labilir.<\/li>\n<\/ul>\n<h2><strong>Binba\u015f\u0131 nas\u0131l olunur?<\/strong><\/h2>\n<p>Binba\u015f\u0131l\u0131k do\u011frudan ba\u015fvuruyla ula\u015f\u0131lan bir pozisyon de\u011fil; TSK i\u00e7inde y\u0131llar s\u00fcren bir kariyer yolculu\u011funun sonucudur. Genel ilerleme \u015fu \u015fekilde i\u015fler:<\/p>\n<ol>\n<li>Te\u011fmen olarak g\u00f6reve ba\u015flamak,<\/li>\n<li>\u00dcste\u011fmen ve y\u00fczba\u015f\u0131 r\u00fctbelerinde belirli hizmet s\u00fcresini tamamlamak,<\/li>\n<li>Kadro ihtiyac\u0131, sicil notlar\u0131, k\u0131dem ve performans de\u011ferlendirmesi sonucunda binba\u015f\u0131 r\u00fctbesine terfi etmek.<\/li>\n<\/ol>\n<p>Terfi s\u00fcreci hem s\u00fcreye hem de ki\u015fisel ba\u015far\u0131ya ba\u011fl\u0131d\u0131r. Bu nedenle her subay i\u00e7in ayn\u0131 s\u00fcrede ger\u00e7ekle\u015fmeyebilir.<\/p>\n<h2><strong>Binba\u015f\u0131lar\u0131n sosyal haklar\u0131<\/strong><\/h2>\n<p>Binba\u015f\u0131lara sa\u011flanan sosyal haklar, hem g\u00f6rev s\u00fcresince hem de emeklilik d\u00f6neminde kapsaml\u0131d\u0131r. \u0130\u015fte ana ba\u015fl\u0131klar:<\/p>\n<ul>\n<li><strong>Emeklilik ve k\u0131dem tazminat\u0131:<\/strong> Belirli hizmet s\u00fcresini tamamlayan binba\u015f\u0131lar, kamu g\u00f6revlisi stat\u00fcs\u00fcnde emeklilik ve k\u0131dem tazminat\u0131 hakk\u0131na sahiptir.<\/li>\n<li><strong>Genel sa\u011fl\u0131k sigortas\u0131:<\/strong> Binba\u015f\u0131lar ve bakmakla y\u00fck\u00fcml\u00fc olduklar\u0131 aile bireyleri i\u00e7in ge\u00e7erlidir. G\u00f6rev s\u00fcresince devlet taraf\u0131ndan kar\u015f\u0131lan\u0131r.<\/li>\n<li><strong>Lojman ve kira yard\u0131m\u0131:<\/strong> G\u00f6rev yap\u0131lan b\u00f6lgede lojman imk\u00e2n\u0131 sunulabilir. Lojman bulunmayan yerlerde kira yard\u0131m\u0131 yap\u0131l\u0131r.<\/li>\n<li><strong>Aile ve \u00e7ocuk yard\u0131mlar\u0131:<\/strong> Evli olan ve \u00e7ocuk sahibi binba\u015f\u0131lara, maa\u015flar\u0131na ek olarak aile ve \u00e7ocuk yard\u0131m\u0131 \u00f6demesi yap\u0131l\u0131r.<\/li>\n<li><strong>Tayin ve nakil haklar\u0131:<\/strong> G\u00f6rev yeri de\u011fi\u015fiklikleri belirlenen planlamaya g\u00f6re ger\u00e7ekle\u015ftirilir. Ta\u015f\u0131nma ve yer de\u011fi\u015ftirme s\u00fcre\u00e7lerinde destek sa\u011flan\u0131r.<\/li>\n<li><strong>G\u00f6rev tazminatlar\u0131:<\/strong> \u00d6zellikle s\u0131n\u0131r hatt\u0131 ve operasyon b\u00f6lgelerinde g\u00f6rev yapan binba\u015f\u0131lar i\u00e7in \u00f6zel tazminatlar s\u00f6z konusudur.<\/li>\n<li><strong>\u015eehitlik ve gazilik durumunda g\u00fcvenceler:<\/strong> Binba\u015f\u0131n\u0131n g\u00f6rev s\u0131ras\u0131nda hayat\u0131n\u0131 kaybetmesi ya da gazi olmas\u0131 durumunda, kendisi ve ailesi i\u00e7in \u00f6zel sosyal ve ekonomik haklar uygulan\u0131r.<\/li>\n<\/ul>\n<p>Binba\u015f\u0131l\u0131k, TSK i\u00e7inde hem saha hem de idari anlamda \u00f6nemli sorumluluklar ta\u015f\u0131yan bir r\u00fctbedir. 2025 y\u0131l\u0131 itibar\u0131yla g\u00f6rev tan\u0131mlar\u0131, maa\u015f skalas\u0131 ve sosyal haklar\u0131 ile \u00f6ne \u00e7\u0131kan bu r\u00fctbe, subayl\u0131k kariyerinin ileri basamaklar\u0131ndan biridir.<\/p>\n<!-- templates\/buttons-placeholder.php -->\n<div class=\"da-reactions-outer TpostID22416\">\n\t    <div class=\"da-reactions-data da-reactions-container-async center\"\n         data-type=\"post\"\n         data-id=\"22416\"\n         id=\"da-reactions-slot-post-22416\">\n        <div class=\"da-reactions-static\">\n\t\t\t<img src=\"https:\/\/www.kariyer.net\/kariyer-rehberi\/wp-content\/plugins\/da-reactions\/assets\/dist\/loading.svg\" alt=\"Loading spinner\" width=\"48\" height=\"48\" style=\"width:48px\" \/>\n        <\/div>\n    <\/div>\n<\/div>\n","protected":false},"excerpt":{"rendered":"<p>T\u00fcrk Silahl\u0131 Kuvvetleri\u2019nde orta ve \u00fcst d\u00fczey subay r\u00fctbeleri aras\u0131nda yer alan binba\u015f\u0131l\u0131k, hem saha komutanl\u0131\u011f\u0131 hem de idari sorumluluklar a\u00e7\u0131s\u0131ndan kritik bir a\u015famad\u0131r. Peki bir binba\u015f\u0131 ne i\u015f yapar? 2025 y\u0131l\u0131nda binba\u015f\u0131 maa\u015flar\u0131 ne kadar oldu? Bu r\u00fctbeye nas\u0131l terfi edilir? \u0130\u015fte t\u00fcm detaylar! Binba\u015f\u0131 kimdir, ne i\u015f yapar? Binba\u015f\u0131, T\u00fcrk Silahl\u0131 Kuvvetleri\u2019nde y\u00fczba\u015f\u0131l\u0131k [&hellip;]<\/p>\n<!-- templates\/buttons-placeholder.php -->\n<div class=\"da-reactions-outer TpostID22416\">\n\t    <div class=\"da-reactions-data da-reactions-container-async center\"\n         data-type=\"post\"\n         data-id=\"22416\"\n         id=\"da-reactions-slot-post-22416\">\n        <div class=\"da-reactions-static\">\n\t\t\t<img src=\"https:\/\/www.kariyer.net\/kariyer-rehberi\/wp-content\/plugins\/da-reactions\/assets\/dist\/loading.svg\" alt=\"Loading spinner\" width=\"48\" height=\"48\" style=\"width:48px\" \/>\n        <\/div>\n    <\/div>\n<\/div>\n","protected":false},"author":12,"featured_media":22418,"comment_status":"closed","ping_status":"open","sticky":false,"template":"","format":"standard","meta":{"footnotes":"","_elementor_edit_mode":"","_elementor_template_type":"","_elementor_data":"","_elementor_page_settings":null,"_elementor_conditions":[]},"categories":[2215],"tags":[],"class_list":{"0":"post-22416","1":"post","2":"type-post","3":"status-publish","4":"format-standard","5":"has-post-thumbnail","7":"category-kamuda-kariyer"},"yoast_head":"<!-- This site is optimized with the Yoast SEO Premium plugin v21.4 (Yoast SEO v27.0) - https:\/\/yoast.com\/product\/yoast-seo-premium-wordpress\/ -->\n<title>Binba\u015f\u0131 kimdir? 2025 binba\u015f\u0131 maa\u015f\u0131, g\u00f6revleri ve sosyal haklar\u0131<\/title>\n<meta name=\"description\" content=\"Binba\u015f\u0131 kimdir? Binba\u015f\u0131l\u0131k, hem saha komutanl\u0131\u011f\u0131 hem de idari sorumluluklar a\u00e7\u0131s\u0131ndan kritik bir a\u015famad\u0131r.\" \/>\n<meta name=\"robots\" content=\"index, follow, max-snippet:-1, max-image-preview:large, max-video-preview:-1\" \/>\n<link rel=\"canonical\" href=\"https:\/\/www.kariyer.net\/kariyer-rehberi\/binbasi-kimdir-2025-binbasi-maasi-gorevleri-ve-sosyal-haklari\/\" \/>\n<meta property=\"og:locale\" content=\"tr_TR\" \/>\n<meta property=\"og:type\" content=\"article\" \/>\n<meta property=\"og:title\" content=\"Binba\u015f\u0131 kimdir? 2025 binba\u015f\u0131 maa\u015f\u0131, g\u00f6revleri ve sosyal haklar\u0131\" \/>\n<meta property=\"og:description\" content=\"T\u00fcrk Silahl\u0131 Kuvvetleri\u2019nde orta ve \u00fcst d\u00fczey subay r\u00fctbeleri aras\u0131nda yer alan binba\u015f\u0131l\u0131k, hem saha komutanl\u0131\u011f\u0131 hem de idari sorumluluklar a\u00e7\u0131s\u0131ndan\" \/>\n<meta property=\"og:url\" content=\"https:\/\/www.kariyer.net\/kariyer-rehberi\/binbasi-kimdir-2025-binbasi-maasi-gorevleri-ve-sosyal-haklari\/\" \/>\n<meta property=\"og:site_name\" content=\"Kariyer Rehberi\" \/>\n<meta property=\"article:published_time\" content=\"2025-07-11T15:37:38+00:00\" \/>\n<meta property=\"article:modified_time\" content=\"2025-07-11T15:38:30+00:00\" \/>\n<meta property=\"og:image\" content=\"https:\/\/www.kariyer.net\/kariyer-rehberi\/wp-content\/uploads\/2025\/07\/binbasi.jpg\" \/>\n\t<meta property=\"og:image:width\" content=\"900\" \/>\n\t<meta property=\"og:image:height\" content=\"633\" \/>\n\t<meta property=\"og:image:type\" content=\"image\/jpeg\" \/>\n<meta name=\"author\" content=\"Edit\u00f6r\" \/>\n<meta name=\"twitter:card\" content=\"summary_large_image\" \/>\n<meta name=\"twitter:label1\" content=\"Yazan:\" \/>\n\t<meta name=\"twitter:data1\" content=\"Edit\u00f6r\" \/>\n\t<meta name=\"twitter:label2\" content=\"Tahmini okuma s\u00fcresi\" \/>\n\t<meta name=\"twitter:data2\" content=\"3 dakika\" \/>\n<!-- \/ Yoast SEO Premium plugin. -->","yoast_head_json":{"title":"Binba\u015f\u0131 kimdir? 2025 binba\u015f\u0131 maa\u015f\u0131, g\u00f6revleri ve sosyal haklar\u0131","description":"Binba\u015f\u0131 kimdir? Binba\u015f\u0131l\u0131k, hem saha komutanl\u0131\u011f\u0131 hem de idari sorumluluklar a\u00e7\u0131s\u0131ndan kritik bir a\u015famad\u0131r.","robots":{"index":"index","follow":"follow","max-snippet":"max-snippet:-1","max-image-preview":"max-image-preview:large","max-video-preview":"max-video-preview:-1"},"canonical":"https:\/\/www.kariyer.net\/kariyer-rehberi\/binbasi-kimdir-2025-binbasi-maasi-gorevleri-ve-sosyal-haklari\/","og_locale":"tr_TR","og_type":"article","og_title":"Binba\u015f\u0131 kimdir? 2025 binba\u015f\u0131 maa\u015f\u0131, g\u00f6revleri ve sosyal haklar\u0131","og_description":"T\u00fcrk Silahl\u0131 Kuvvetleri\u2019nde orta ve \u00fcst d\u00fczey subay r\u00fctbeleri aras\u0131nda yer alan binba\u015f\u0131l\u0131k, hem saha komutanl\u0131\u011f\u0131 hem de idari sorumluluklar a\u00e7\u0131s\u0131ndan","og_url":"https:\/\/www.kariyer.net\/kariyer-rehberi\/binbasi-kimdir-2025-binbasi-maasi-gorevleri-ve-sosyal-haklari\/","og_site_name":"Kariyer Rehberi","article_published_time":"2025-07-11T15:37:38+00:00","article_modified_time":"2025-07-11T15:38:30+00:00","og_image":[{"width":900,"height":633,"url":"https:\/\/www.kariyer.net\/kariyer-rehberi\/wp-content\/uploads\/2025\/07\/binbasi.jpg","type":"image\/jpeg"}],"author":"Edit\u00f6r","twitter_card":"summary_large_image","twitter_misc":{"Yazan:":"Edit\u00f6r","Tahmini okuma s\u00fcresi":"3 dakika"},"schema":{"@context":"https:\/\/schema.org","@graph":[{"@type":"Article","@id":"https:\/\/www.kariyer.net\/kariyer-rehberi\/binbasi-kimdir-2025-binbasi-maasi-gorevleri-ve-sosyal-haklari\/#article","isPartOf":{"@id":"https:\/\/www.kariyer.net\/kariyer-rehberi\/binbasi-kimdir-2025-binbasi-maasi-gorevleri-ve-sosyal-haklari\/"},"author":{"name":"Edit\u00f6r","@id":"https:\/\/www.kariyer.net\/kariyer-rehberi\/#\/schema\/person\/94fd6e49c7ff1b1b2565a2cc4fd685dd"},"headline":"Binba\u015f\u0131 kimdir? 2025 binba\u015f\u0131 maa\u015f\u0131, g\u00f6revleri ve sosyal haklar\u0131","datePublished":"2025-07-11T15:37:38+00:00","dateModified":"2025-07-11T15:38:30+00:00","mainEntityOfPage":{"@id":"https:\/\/www.kariyer.net\/kariyer-rehberi\/binbasi-kimdir-2025-binbasi-maasi-gorevleri-ve-sosyal-haklari\/"},"wordCount":666,"publisher":{"@id":"https:\/\/www.kariyer.net\/kariyer-rehberi\/#organization"},"image":{"@id":"https:\/\/www.kariyer.net\/kariyer-rehberi\/binbasi-kimdir-2025-binbasi-maasi-gorevleri-ve-sosyal-haklari\/#primaryimage"},"thumbnailUrl":"https:\/\/www.kariyer.net\/kariyer-rehberi\/wp-content\/uploads\/2025\/07\/binbasi.jpg","articleSection":["Kamuda Kariyer"],"inLanguage":"tr"},{"@type":"WebPage","@id":"https:\/\/www.kariyer.net\/kariyer-rehberi\/binbasi-kimdir-2025-binbasi-maasi-gorevleri-ve-sosyal-haklari\/","url":"https:\/\/www.kariyer.net\/kariyer-rehberi\/binbasi-kimdir-2025-binbasi-maasi-gorevleri-ve-sosyal-haklari\/","name":"Binba\u015f\u0131 kimdir? 2025 binba\u015f\u0131 maa\u015f\u0131, g\u00f6revleri ve sosyal haklar\u0131","isPartOf":{"@id":"https:\/\/www.kariyer.net\/kariyer-rehberi\/#website"},"primaryImageOfPage":{"@id":"https:\/\/www.kariyer.net\/kariyer-rehberi\/binbasi-kimdir-2025-binbasi-maasi-gorevleri-ve-sosyal-haklari\/#primaryimage"},"image":{"@id":"https:\/\/www.kariyer.net\/kariyer-rehberi\/binbasi-kimdir-2025-binbasi-maasi-gorevleri-ve-sosyal-haklari\/#primaryimage"},"thumbnailUrl":"https:\/\/www.kariyer.net\/kariyer-rehberi\/wp-content\/uploads\/2025\/07\/binbasi.jpg","datePublished":"2025-07-11T15:37:38+00:00","dateModified":"2025-07-11T15:38:30+00:00","description":"Binba\u015f\u0131 kimdir? Binba\u015f\u0131l\u0131k, hem saha komutanl\u0131\u011f\u0131 hem de idari sorumluluklar a\u00e7\u0131s\u0131ndan kritik bir a\u015famad\u0131r.","breadcrumb":{"@id":"https:\/\/www.kariyer.net\/kariyer-rehberi\/binbasi-kimdir-2025-binbasi-maasi-gorevleri-ve-sosyal-haklari\/#breadcrumb"},"inLanguage":"tr","potentialAction":[{"@type":"ReadAction","target":["https:\/\/www.kariyer.net\/kariyer-rehberi\/binbasi-kimdir-2025-binbasi-maasi-gorevleri-ve-sosyal-haklari\/"]}]},{"@type":"ImageObject","inLanguage":"tr","@id":"https:\/\/www.kariyer.net\/kariyer-rehberi\/binbasi-kimdir-2025-binbasi-maasi-gorevleri-ve-sosyal-haklari\/#primaryimage","url":"https:\/\/www.kariyer.net\/kariyer-rehberi\/wp-content\/uploads\/2025\/07\/binbasi.jpg","contentUrl":"https:\/\/www.kariyer.net\/kariyer-rehberi\/wp-content\/uploads\/2025\/07\/binbasi.jpg","width":900,"height":633},{"@type":"BreadcrumbList","@id":"https:\/\/www.kariyer.net\/kariyer-rehberi\/binbasi-kimdir-2025-binbasi-maasi-gorevleri-ve-sosyal-haklari\/#breadcrumb","itemListElement":[{"@type":"ListItem","position":1,"name":"Anasayfa","item":"https:\/\/www.kariyer.net\/kariyer-rehberi\/"},{"@type":"ListItem","position":2,"name":"Binba\u015f\u0131 kimdir? 2025 binba\u015f\u0131 maa\u015f\u0131, g\u00f6revleri ve sosyal haklar\u0131"}]},{"@type":"WebSite","@id":"https:\/\/www.kariyer.net\/kariyer-rehberi\/#website","url":"https:\/\/www.kariyer.net\/kariyer-rehberi\/","name":"Kariyer Rehberi","description":"\u0130\u015f D\u00fcnyas\u0131yla \u0130lgili Bilmek \u0130stedi\u011finiz Her \u015eey","publisher":{"@id":"https:\/\/www.kariyer.net\/kariyer-rehberi\/#organization"},"potentialAction":[{"@type":"SearchAction","target":{"@type":"EntryPoint","urlTemplate":"https:\/\/www.kariyer.net\/kariyer-rehberi\/?s={search_term_string}"},"query-input":{"@type":"PropertyValueSpecification","valueRequired":true,"valueName":"search_term_string"}}],"inLanguage":"tr"},{"@type":"Organization","@id":"https:\/\/www.kariyer.net\/kariyer-rehberi\/#organization","name":"Kariyer.net","url":"https:\/\/www.kariyer.net\/kariyer-rehberi\/","logo":{"@type":"ImageObject","inLanguage":"tr","@id":"https:\/\/www.kariyer.net\/kariyer-rehberi\/#\/schema\/logo\/image\/","url":"https:\/\/www.kariyer.net\/kariyer-rehberi-new\/wp-content\/uploads\/2023\/01\/og-image11.jpg","contentUrl":"https:\/\/www.kariyer.net\/kariyer-rehberi-new\/wp-content\/uploads\/2023\/01\/og-image11.jpg","width":800,"height":800,"caption":"Kariyer.net"},"image":{"@id":"https:\/\/www.kariyer.net\/kariyer-rehberi\/#\/schema\/logo\/image\/"}},{"@type":"Person","@id":"https:\/\/www.kariyer.net\/kariyer-rehberi\/#\/schema\/person\/94fd6e49c7ff1b1b2565a2cc4fd685dd","name":"Edit\u00f6r","image":{"@type":"ImageObject","inLanguage":"tr","@id":"https:\/\/www.kariyer.net\/kariyer-rehberi\/#\/schema\/person\/image\/","url":"https:\/\/secure.gravatar.com\/avatar\/0c4fe6688343aed3693b15573beae12c08ace5565409d5ab7509bf9c115f458d?s=96&d=mm&r=g","contentUrl":"https:\/\/secure.gravatar.com\/avatar\/0c4fe6688343aed3693b15573beae12c08ace5565409d5ab7509bf9c115f458d?s=96&d=mm&r=g","caption":"Edit\u00f6r"},"url":"https:\/\/www.kariyer.net\/kariyer-rehberi\/author\/editor\/"}]}},"_links":{"self":[{"href":"https:\/\/www.kariyer.net\/kariyer-rehberi\/wp-json\/wp\/v2\/posts\/22416","targetHints":{"allow":["GET"]}}],"collection":[{"href":"https:\/\/www.kariyer.net\/kariyer-rehberi\/wp-json\/wp\/v2\/posts"}],"about":[{"href":"https:\/\/www.kariyer.net\/kariyer-rehberi\/wp-json\/wp\/v2\/types\/post"}],"author":[{"embeddable":true,"href":"https:\/\/www.kariyer.net\/kariyer-rehberi\/wp-json\/wp\/v2\/users\/12"}],"replies":[{"embeddable":true,"href":"https:\/\/www.kariyer.net\/kariyer-rehberi\/wp-json\/wp\/v2\/comments?post=22416"}],"version-history":[{"count":1,"href":"https:\/\/www.kariyer.net\/kariyer-rehberi\/wp-json\/wp\/v2\/posts\/22416\/revisions"}],"predecessor-version":[{"id":22417,"href":"https:\/\/www.kariyer.net\/kariyer-rehberi\/wp-json\/wp\/v2\/posts\/22416\/revisions\/22417"}],"wp:featuredmedia":[{"embeddable":true,"href":"https:\/\/www.kariyer.net\/kariyer-rehberi\/wp-json\/wp\/v2\/media\/22418"}],"wp:attachment":[{"href":"https:\/\/www.kariyer.net\/kariyer-rehberi\/wp-json\/wp\/v2\/media?parent=22416"}],"wp:term":[{"taxonomy":"category","embeddable":true,"href":"https:\/\/www.kariyer.net\/kariyer-rehberi\/wp-json\/wp\/v2\/categories?post=22416"},{"taxonomy":"post_tag","embeddable":true,"href":"https:\/\/www.kariyer.net\/kariyer-rehberi\/wp-json\/wp\/v2\/tags?post=22416"}],"curies":[{"name":"wp","href":"https:\/\/api.w.org\/{rel}","templated":true}]}}