{"id":22419,"date":"2025-07-21T08:00:58","date_gmt":"2025-07-21T05:00:58","guid":{"rendered":"https:\/\/www.kariyer.net\/kariyer-rehberi\/?p=22419"},"modified":"2025-07-21T08:44:09","modified_gmt":"2025-07-21T05:44:09","slug":"kariyer-hayatinin-basinda-tukenmis-hissetmek-normal-mi","status":"publish","type":"post","link":"https:\/\/www.kariyer.net\/kariyer-rehberi\/kariyer-hayatinin-basinda-tukenmis-hissetmek-normal-mi\/","title":{"rendered":"Kariyer hayat\u0131n\u0131n ba\u015f\u0131nda t\u00fckenmi\u015f hissetmek normal mi?"},"content":{"rendered":"<p><strong>Kariyerinin hen\u00fcz ba\u015f\u0131ndas\u0131n, hedeflerin b\u00fcy\u00fck, beklentiler y\u00fcksek&#8230; Peki, bu tempoda kendini yorgun ve t\u00fckenmi\u015f hissetmen ne kadar normal? Gen\u00e7 profesyonellerin ya\u015fad\u0131\u011f\u0131 bu erken yorgunluk, \u00e7o\u011fu zaman fark edilmeden b\u00fcy\u00fcr. Peki, b\u00f6yle bir durumda ne yapmal\u0131?<\/strong><\/p>\n<p>\u00dcniversiteden yeni mezun oldun, i\u015f hayat\u0131na h\u0131zl\u0131 bir giri\u015f yapt\u0131n ve k\u0131sa s\u00fcrede beklentiler artt\u0131. Peki, bu tempoda ilerlerken fark etmeden t\u00fckenmi\u015flik ya\u015famaya ba\u015flam\u0131\u015f olabilir misin? Bu yaz\u0131da hem t\u00fckenmi\u015fli\u011fin belirtilerini tan\u0131yacak hem de \u00e7\u00f6z\u00fcm yollar\u0131n\u0131 ke\u015ffedeceksin.<\/p>\n<h2><strong>Erken t\u00fckenmi\u015flik nedir, neden \u00f6zellikle gen\u00e7leri etkiliyor?<\/strong><\/h2>\n<p><a href=\"https:\/\/www.kariyer.net\/kariyer-rehberi\/is-hayatinda-tukenmislik-sendromundan-kurtulmak-mumkun-mu\/\" target=\"_blank\" rel=\"noopener\">T\u00fckenmi\u015flik<\/a>, yaln\u0131zca y\u0131llarca \u00e7al\u0131\u015fanlarda g\u00f6r\u00fclm\u00fcyor. \u00d6zellikle 20\u2019li ya\u015flar\u0131n\u0131n ba\u015f\u0131nda olup da \u201cbir an \u00f6nce y\u00fckseleyim, fark yaratay\u0131m\u201d motivasyonuyla \u00e7al\u0131\u015fan ki\u015filerde de s\u0131k\u00e7a ortaya \u00e7\u0131k\u0131yor. Bunun birka\u00e7 nedeni var:<\/p>\n<ul>\n<li>Kendinden bekledi\u011fin y\u00fcksek performans,<\/li>\n<li>\u0130\u015f yerinden gelen yo\u011fun beklentiler,<\/li>\n<li>S\u00fcrekli ula\u015f\u0131labilir olma hali (e-postalar, mesajlar, toplant\u0131lar)<\/li>\n<li>\u0130\u015f-\u00f6zel hayat s\u0131n\u0131rlar\u0131n\u0131n belirsizle\u015fmesi.<\/li>\n<\/ul>\n<p>Bu noktada t\u00fckenmi\u015flik, sadece yorgunluk de\u011fil; motivasyon kayb\u0131, kayg\u0131 art\u0131\u015f\u0131 ve hatta fiziksel sa\u011fl\u0131k sorunlar\u0131yla kendini g\u00f6sterebiliyor.<\/p>\n<h2><strong>Belirtileri erken fark et: Kendini dinlemeyi ihmal etme<\/strong><\/h2>\n<p>Sen de \u015fu sorular\u0131 kendine sorarak erken t\u00fckenmi\u015flik sinyallerini kontrol edebilirsin:<\/p>\n<ul>\n<li>Her sabah i\u015fe gitmek daha da zor mu geliyor?<\/li>\n<li>Ba\u015far\u0131 hissi yerine \u201cyeti\u015fememe\u201d duygusu mu ya\u015f\u0131yorsun?<\/li>\n<li>Basit i\u015fler bile g\u00f6z\u00fcnde b\u00fcy\u00fcyor mu?<\/li>\n<li>Uyku d\u00fczenin bozuldu mu?<\/li>\n<\/ul>\n<p>Bu sorulara birka\u00e7 kez \u201cevet\u201d yan\u0131t\u0131 veriyorsan, bir durup d\u00fc\u015f\u00fcnmenin zaman\u0131 gelmi\u015f olabilir.<\/p>\n<h2><strong>\u00c7\u00f6z\u00fcm yollar\u0131: Dengeni bulmak senin elinde<\/strong><\/h2>\n<p>Erken t\u00fckenmi\u015fli\u011fi \u00f6nlemek i\u00e7in \u015fu ad\u0131mlara dikkat et:<\/p>\n<ol>\n<li><strong> Kendi s\u0131n\u0131rlar\u0131n\u0131 belirle:<\/strong> Her gelen i\u015fi hemen kabul etmek zorunda de\u011filsin. Ne zaman \u201cevet\u201d, ne zaman \u201chay\u0131r\u201d diyece\u011fini bilmek \u00f6nemli.<\/li>\n<li><strong> Ara vermeyi ihmal etme:<\/strong> K\u0131sa molalar, haftal\u0131k izinler veya i\u015f d\u0131\u015f\u0131 etkinlikler; hepsi zihnini toparlaman i\u00e7in gerekli.<\/li>\n<li><strong> Destek almaktan \u00e7ekinme:<\/strong> Y\u00f6neticinle veya \u0130K departman\u0131yla duygular\u0131n\u0131 payla\u015fmaktan korkma. Profesyonel destek almak da bir se\u00e7enek.<\/li>\n<li><strong> Ger\u00e7ek\u00e7i hedefler koy:<\/strong> Tek seferde her \u015feyi ba\u015farmaya \u00e7al\u0131\u015fma. K\u00fc\u00e7\u00fck hedefler koyup ilerlemek, uzun vadede daha s\u00fcrd\u00fcr\u00fclebilir olur.<\/li>\n<li><strong> \u0130\u015f d\u0131\u015f\u0131nda da kendine yat\u0131r\u0131m yap:<\/strong> Hobiler, spor, sosyal etkinlikler&#8230; \u0130\u015f d\u0131\u015f\u0131nda kim oldu\u011funu hat\u0131rlamak, t\u00fckenmi\u015fli\u011fe kar\u015f\u0131 \u00f6nemli bir kalkan.<\/li>\n<\/ol>\n<p>Kariyer yolculu\u011funun ba\u015f\u0131ndayken kendine y\u00fcklenmen do\u011fal. Fakat unutma, bu yol uzun ve maraton gibi. S\u00fcrekli ko\u015fmak de\u011fil, gerekti\u011finde yava\u015flamak ve nefes almak da bu s\u00fcrecin bir par\u00e7as\u0131. Kendine iyi bakarsan, hem ba\u015far\u0131y\u0131 hem mutlulu\u011fu ayn\u0131 anda yakalayabilirsin.<\/p>\n<!-- templates\/buttons-placeholder.php -->\n<div class=\"da-reactions-outer TpostID22419\">\n\t    <div class=\"da-reactions-data da-reactions-container-async center\"\n         data-type=\"post\"\n         data-id=\"22419\"\n         id=\"da-reactions-slot-post-22419\">\n        <div class=\"da-reactions-static\">\n\t\t\t<img src=\"https:\/\/www.kariyer.net\/kariyer-rehberi\/wp-content\/plugins\/da-reactions\/assets\/dist\/loading.svg\" alt=\"Loading spinner\" width=\"48\" height=\"48\" style=\"width:48px\" \/>\n        <\/div>\n    <\/div>\n<\/div>\n","protected":false},"excerpt":{"rendered":"<p>Kariyerinin hen\u00fcz ba\u015f\u0131ndas\u0131n, hedeflerin b\u00fcy\u00fck, beklentiler y\u00fcksek&#8230; Peki, bu tempoda kendini yorgun ve t\u00fckenmi\u015f hissetmen ne kadar normal? Gen\u00e7 profesyonellerin ya\u015fad\u0131\u011f\u0131 bu erken yorgunluk, \u00e7o\u011fu zaman fark edilmeden b\u00fcy\u00fcr. Peki, b\u00f6yle bir durumda ne yapmal\u0131? \u00dcniversiteden yeni mezun oldun, i\u015f hayat\u0131na h\u0131zl\u0131 bir giri\u015f yapt\u0131n ve k\u0131sa s\u00fcrede beklentiler artt\u0131. Peki, bu tempoda ilerlerken fark [&hellip;]<\/p>\n<!-- templates\/buttons-placeholder.php -->\n<div class=\"da-reactions-outer TpostID22419\">\n\t    <div class=\"da-reactions-data da-reactions-container-async center\"\n         data-type=\"post\"\n         data-id=\"22419\"\n         id=\"da-reactions-slot-post-22419\">\n        <div class=\"da-reactions-static\">\n\t\t\t<img src=\"https:\/\/www.kariyer.net\/kariyer-rehberi\/wp-content\/plugins\/da-reactions\/assets\/dist\/loading.svg\" alt=\"Loading spinner\" width=\"48\" height=\"48\" style=\"width:48px\" \/>\n        <\/div>\n    <\/div>\n<\/div>\n","protected":false},"author":12,"featured_media":22420,"comment_status":"closed","ping_status":"open","sticky":false,"template":"","format":"standard","meta":{"footnotes":"","_elementor_edit_mode":"","_elementor_template_type":"","_elementor_data":"","_elementor_page_settings":null,"_elementor_conditions":[]},"categories":[46],"tags":[959,2229,2234,2227,2224,64],"class_list":{"0":"post-22419","1":"post","2":"type-post","3":"status-publish","4":"format-standard","5":"has-post-thumbnail","7":"category-is-hayati","8":"tag-beyaz-yaka","9":"tag-kariyer-planlama-ve-gelisim","10":"tag-kariyer-zorluklari-ve-psikoloji","11":"tag-tecrube-eklememis","12":"tag-tecrubesiz","13":"tag-yeni-mezun"},"yoast_head":"<!-- This site is optimized with the Yoast SEO Premium plugin v21.4 (Yoast SEO v27.0) - https:\/\/yoast.com\/product\/yoast-seo-premium-wordpress\/ -->\n<title>Kariyer hayat\u0131n\u0131n ba\u015f\u0131nda t\u00fckenmi\u015f hissetmek normal mi?<\/title>\n<meta name=\"description\" content=\"Kariyerinin hen\u00fcz ba\u015f\u0131ndas\u0131n, hedeflerin b\u00fcy\u00fck, beklentiler y\u00fcksek... Peki, bu tempoda kendini yorgun ve t\u00fckenmi\u015f hissetmen ne kadar normal?\" \/>\n<meta name=\"robots\" content=\"index, follow, max-snippet:-1, max-image-preview:large, max-video-preview:-1\" \/>\n<link rel=\"canonical\" href=\"https:\/\/www.kariyer.net\/kariyer-rehberi\/kariyer-hayatinin-basinda-tukenmis-hissetmek-normal-mi\/\" \/>\n<meta property=\"og:locale\" content=\"tr_TR\" \/>\n<meta property=\"og:type\" content=\"article\" \/>\n<meta property=\"og:title\" content=\"Kariyer hayat\u0131n\u0131n ba\u015f\u0131nda t\u00fckenmi\u015f hissetmek normal mi?\" \/>\n<meta property=\"og:description\" content=\"Kariyerinin hen\u00fcz ba\u015f\u0131ndas\u0131n, hedeflerin b\u00fcy\u00fck, beklentiler y\u00fcksek... Peki, bu tempoda kendini yorgun ve t\u00fckenmi\u015f hissetmen ne kadar normal? Gen\u00e7\" \/>\n<meta property=\"og:url\" content=\"https:\/\/www.kariyer.net\/kariyer-rehberi\/kariyer-hayatinin-basinda-tukenmis-hissetmek-normal-mi\/\" \/>\n<meta property=\"og:site_name\" content=\"Kariyer Rehberi\" \/>\n<meta property=\"article:published_time\" content=\"2025-07-21T05:00:58+00:00\" \/>\n<meta property=\"article:modified_time\" content=\"2025-07-21T05:44:09+00:00\" \/>\n<meta property=\"og:image\" content=\"https:\/\/www.kariyer.net\/kariyer-rehberi\/wp-content\/uploads\/2025\/07\/tukenmis_genc_calisan.jpg\" \/>\n\t<meta property=\"og:image:width\" content=\"900\" \/>\n\t<meta property=\"og:image:height\" content=\"600\" \/>\n\t<meta property=\"og:image:type\" content=\"image\/jpeg\" \/>\n<meta name=\"author\" content=\"Edit\u00f6r\" \/>\n<meta name=\"twitter:card\" content=\"summary_large_image\" \/>\n<meta name=\"twitter:label1\" content=\"Yazan:\" \/>\n\t<meta name=\"twitter:data1\" content=\"Edit\u00f6r\" \/>\n\t<meta name=\"twitter:label2\" content=\"Tahmini okuma s\u00fcresi\" \/>\n\t<meta name=\"twitter:data2\" content=\"3 dakika\" \/>\n<!-- \/ Yoast SEO Premium plugin. -->","yoast_head_json":{"title":"Kariyer hayat\u0131n\u0131n ba\u015f\u0131nda t\u00fckenmi\u015f hissetmek normal mi?","description":"Kariyerinin hen\u00fcz ba\u015f\u0131ndas\u0131n, hedeflerin b\u00fcy\u00fck, beklentiler y\u00fcksek... Peki, bu tempoda kendini yorgun ve t\u00fckenmi\u015f hissetmen ne kadar normal?","robots":{"index":"index","follow":"follow","max-snippet":"max-snippet:-1","max-image-preview":"max-image-preview:large","max-video-preview":"max-video-preview:-1"},"canonical":"https:\/\/www.kariyer.net\/kariyer-rehberi\/kariyer-hayatinin-basinda-tukenmis-hissetmek-normal-mi\/","og_locale":"tr_TR","og_type":"article","og_title":"Kariyer hayat\u0131n\u0131n ba\u015f\u0131nda t\u00fckenmi\u015f hissetmek normal mi?","og_description":"Kariyerinin hen\u00fcz ba\u015f\u0131ndas\u0131n, hedeflerin b\u00fcy\u00fck, beklentiler y\u00fcksek... Peki, bu tempoda kendini yorgun ve t\u00fckenmi\u015f hissetmen ne kadar normal? Gen\u00e7","og_url":"https:\/\/www.kariyer.net\/kariyer-rehberi\/kariyer-hayatinin-basinda-tukenmis-hissetmek-normal-mi\/","og_site_name":"Kariyer Rehberi","article_published_time":"2025-07-21T05:00:58+00:00","article_modified_time":"2025-07-21T05:44:09+00:00","og_image":[{"width":900,"height":600,"url":"https:\/\/www.kariyer.net\/kariyer-rehberi\/wp-content\/uploads\/2025\/07\/tukenmis_genc_calisan.jpg","type":"image\/jpeg"}],"author":"Edit\u00f6r","twitter_card":"summary_large_image","twitter_misc":{"Yazan:":"Edit\u00f6r","Tahmini okuma s\u00fcresi":"3 dakika"},"schema":{"@context":"https:\/\/schema.org","@graph":[{"@type":"Article","@id":"https:\/\/www.kariyer.net\/kariyer-rehberi\/kariyer-hayatinin-basinda-tukenmis-hissetmek-normal-mi\/#article","isPartOf":{"@id":"https:\/\/www.kariyer.net\/kariyer-rehberi\/kariyer-hayatinin-basinda-tukenmis-hissetmek-normal-mi\/"},"author":{"name":"Edit\u00f6r","@id":"https:\/\/www.kariyer.net\/kariyer-rehberi\/#\/schema\/person\/94fd6e49c7ff1b1b2565a2cc4fd685dd"},"headline":"Kariyer hayat\u0131n\u0131n ba\u015f\u0131nda t\u00fckenmi\u015f hissetmek normal mi?","datePublished":"2025-07-21T05:00:58+00:00","dateModified":"2025-07-21T05:44:09+00:00","mainEntityOfPage":{"@id":"https:\/\/www.kariyer.net\/kariyer-rehberi\/kariyer-hayatinin-basinda-tukenmis-hissetmek-normal-mi\/"},"wordCount":488,"publisher":{"@id":"https:\/\/www.kariyer.net\/kariyer-rehberi\/#organization"},"image":{"@id":"https:\/\/www.kariyer.net\/kariyer-rehberi\/kariyer-hayatinin-basinda-tukenmis-hissetmek-normal-mi\/#primaryimage"},"thumbnailUrl":"https:\/\/www.kariyer.net\/kariyer-rehberi\/wp-content\/uploads\/2025\/07\/tukenmis_genc_calisan.jpg","keywords":["beyaz yaka","Kariyer Planlama ve Geli\u015fim","Kariyer Zorluklar\u0131 ve Psikoloji","tecr\u00fcbe eklememi\u015f","tecr\u00fcbesiz","yeni mezun"],"articleSection":["\u0130\u015f Hayat\u0131"],"inLanguage":"tr"},{"@type":"WebPage","@id":"https:\/\/www.kariyer.net\/kariyer-rehberi\/kariyer-hayatinin-basinda-tukenmis-hissetmek-normal-mi\/","url":"https:\/\/www.kariyer.net\/kariyer-rehberi\/kariyer-hayatinin-basinda-tukenmis-hissetmek-normal-mi\/","name":"Kariyer hayat\u0131n\u0131n ba\u015f\u0131nda t\u00fckenmi\u015f hissetmek normal mi?","isPartOf":{"@id":"https:\/\/www.kariyer.net\/kariyer-rehberi\/#website"},"primaryImageOfPage":{"@id":"https:\/\/www.kariyer.net\/kariyer-rehberi\/kariyer-hayatinin-basinda-tukenmis-hissetmek-normal-mi\/#primaryimage"},"image":{"@id":"https:\/\/www.kariyer.net\/kariyer-rehberi\/kariyer-hayatinin-basinda-tukenmis-hissetmek-normal-mi\/#primaryimage"},"thumbnailUrl":"https:\/\/www.kariyer.net\/kariyer-rehberi\/wp-content\/uploads\/2025\/07\/tukenmis_genc_calisan.jpg","datePublished":"2025-07-21T05:00:58+00:00","dateModified":"2025-07-21T05:44:09+00:00","description":"Kariyerinin hen\u00fcz ba\u015f\u0131ndas\u0131n, hedeflerin b\u00fcy\u00fck, beklentiler y\u00fcksek... Peki, bu tempoda kendini yorgun ve t\u00fckenmi\u015f hissetmen ne kadar normal?","breadcrumb":{"@id":"https:\/\/www.kariyer.net\/kariyer-rehberi\/kariyer-hayatinin-basinda-tukenmis-hissetmek-normal-mi\/#breadcrumb"},"inLanguage":"tr","potentialAction":[{"@type":"ReadAction","target":["https:\/\/www.kariyer.net\/kariyer-rehberi\/kariyer-hayatinin-basinda-tukenmis-hissetmek-normal-mi\/"]}]},{"@type":"ImageObject","inLanguage":"tr","@id":"https:\/\/www.kariyer.net\/kariyer-rehberi\/kariyer-hayatinin-basinda-tukenmis-hissetmek-normal-mi\/#primaryimage","url":"https:\/\/www.kariyer.net\/kariyer-rehberi\/wp-content\/uploads\/2025\/07\/tukenmis_genc_calisan.jpg","contentUrl":"https:\/\/www.kariyer.net\/kariyer-rehberi\/wp-content\/uploads\/2025\/07\/tukenmis_genc_calisan.jpg","width":900,"height":600},{"@type":"BreadcrumbList","@id":"https:\/\/www.kariyer.net\/kariyer-rehberi\/kariyer-hayatinin-basinda-tukenmis-hissetmek-normal-mi\/#breadcrumb","itemListElement":[{"@type":"ListItem","position":1,"name":"Anasayfa","item":"https:\/\/www.kariyer.net\/kariyer-rehberi\/"},{"@type":"ListItem","position":2,"name":"Kariyer hayat\u0131n\u0131n ba\u015f\u0131nda t\u00fckenmi\u015f hissetmek normal mi?"}]},{"@type":"WebSite","@id":"https:\/\/www.kariyer.net\/kariyer-rehberi\/#website","url":"https:\/\/www.kariyer.net\/kariyer-rehberi\/","name":"Kariyer Rehberi","description":"\u0130\u015f D\u00fcnyas\u0131yla \u0130lgili Bilmek \u0130stedi\u011finiz Her \u015eey","publisher":{"@id":"https:\/\/www.kariyer.net\/kariyer-rehberi\/#organization"},"potentialAction":[{"@type":"SearchAction","target":{"@type":"EntryPoint","urlTemplate":"https:\/\/www.kariyer.net\/kariyer-rehberi\/?s={search_term_string}"},"query-input":{"@type":"PropertyValueSpecification","valueRequired":true,"valueName":"search_term_string"}}],"inLanguage":"tr"},{"@type":"Organization","@id":"https:\/\/www.kariyer.net\/kariyer-rehberi\/#organization","name":"Kariyer.net","url":"https:\/\/www.kariyer.net\/kariyer-rehberi\/","logo":{"@type":"ImageObject","inLanguage":"tr","@id":"https:\/\/www.kariyer.net\/kariyer-rehberi\/#\/schema\/logo\/image\/","url":"https:\/\/www.kariyer.net\/kariyer-rehberi-new\/wp-content\/uploads\/2023\/01\/og-image11.jpg","contentUrl":"https:\/\/www.kariyer.net\/kariyer-rehberi-new\/wp-content\/uploads\/2023\/01\/og-image11.jpg","width":800,"height":800,"caption":"Kariyer.net"},"image":{"@id":"https:\/\/www.kariyer.net\/kariyer-rehberi\/#\/schema\/logo\/image\/"}},{"@type":"Person","@id":"https:\/\/www.kariyer.net\/kariyer-rehberi\/#\/schema\/person\/94fd6e49c7ff1b1b2565a2cc4fd685dd","name":"Edit\u00f6r","image":{"@type":"ImageObject","inLanguage":"tr","@id":"https:\/\/www.kariyer.net\/kariyer-rehberi\/#\/schema\/person\/image\/","url":"https:\/\/secure.gravatar.com\/avatar\/0c4fe6688343aed3693b15573beae12c08ace5565409d5ab7509bf9c115f458d?s=96&d=mm&r=g","contentUrl":"https:\/\/secure.gravatar.com\/avatar\/0c4fe6688343aed3693b15573beae12c08ace5565409d5ab7509bf9c115f458d?s=96&d=mm&r=g","caption":"Edit\u00f6r"},"url":"https:\/\/www.kariyer.net\/kariyer-rehberi\/author\/editor\/"}]}},"_links":{"self":[{"href":"https:\/\/www.kariyer.net\/kariyer-rehberi\/wp-json\/wp\/v2\/posts\/22419","targetHints":{"allow":["GET"]}}],"collection":[{"href":"https:\/\/www.kariyer.net\/kariyer-rehberi\/wp-json\/wp\/v2\/posts"}],"about":[{"href":"https:\/\/www.kariyer.net\/kariyer-rehberi\/wp-json\/wp\/v2\/types\/post"}],"author":[{"embeddable":true,"href":"https:\/\/www.kariyer.net\/kariyer-rehberi\/wp-json\/wp\/v2\/users\/12"}],"replies":[{"embeddable":true,"href":"https:\/\/www.kariyer.net\/kariyer-rehberi\/wp-json\/wp\/v2\/comments?post=22419"}],"version-history":[{"count":1,"href":"https:\/\/www.kariyer.net\/kariyer-rehberi\/wp-json\/wp\/v2\/posts\/22419\/revisions"}],"predecessor-version":[{"id":22421,"href":"https:\/\/www.kariyer.net\/kariyer-rehberi\/wp-json\/wp\/v2\/posts\/22419\/revisions\/22421"}],"wp:featuredmedia":[{"embeddable":true,"href":"https:\/\/www.kariyer.net\/kariyer-rehberi\/wp-json\/wp\/v2\/media\/22420"}],"wp:attachment":[{"href":"https:\/\/www.kariyer.net\/kariyer-rehberi\/wp-json\/wp\/v2\/media?parent=22419"}],"wp:term":[{"taxonomy":"category","embeddable":true,"href":"https:\/\/www.kariyer.net\/kariyer-rehberi\/wp-json\/wp\/v2\/categories?post=22419"},{"taxonomy":"post_tag","embeddable":true,"href":"https:\/\/www.kariyer.net\/kariyer-rehberi\/wp-json\/wp\/v2\/tags?post=22419"}],"curies":[{"name":"wp","href":"https:\/\/api.w.org\/{rel}","templated":true}]}}