{"id":22441,"date":"2025-07-28T09:00:02","date_gmt":"2025-07-28T06:00:02","guid":{"rendered":"https:\/\/www.kariyer.net\/kariyer-rehberi\/?p=22441"},"modified":"2025-07-25T16:43:51","modified_gmt":"2025-07-25T13:43:51","slug":"motivasyonun-az-ama-calismaya-devam-ediyorsun-peki-neden","status":"publish","type":"post","link":"https:\/\/www.kariyer.net\/kariyer-rehberi\/motivasyonun-az-ama-calismaya-devam-ediyorsun-peki-neden\/","title":{"rendered":"Motivasyonun az, ama \u00e7al\u0131\u015fmaya devam ediyorsun! Peki, neden?"},"content":{"rendered":"<p><strong>\u0130\u015fe her sabah hevesle gitmesen bile h\u00e2l\u00e2 g\u00f6revlerini yerine getiriyorsan, belki de seni ileriye ta\u015f\u0131yan \u015fey i\u00e7sel disiplinden fazlas\u0131d\u0131r. Peki, motivasyonun azald\u0131\u011f\u0131nda seni ger\u00e7ekten ne ayakta tutar?<\/strong><\/p>\n<p>Motivasyon, kariyer yolculu\u011funun yak\u0131t\u0131 gibidir; ancak bu yak\u0131t zamanla azalabilir. \u00d6zellikle t\u00fckenmi\u015flik, anlam aray\u0131\u015f\u0131, kurum k\u00fclt\u00fcr\u00fcne yabanc\u0131la\u015fma gibi etkenlerle bu d\u00fc\u015f\u00fc\u015f daha da h\u0131zlanabilir. \u0130\u015fin ilgin\u00e7 taraf\u0131 ise \u015fudur: Motivasyon eksilse de pek \u00e7ok ki\u015fi i\u015fine d\u00fczenli \u015fekilde devam eder. Peki, bu nas\u0131l olur?<\/p>\n<h2><strong>Sorumluluk duygusu ve i\u00e7sel disiplin<\/strong><\/h2>\n<p>Motivasyon eksikli\u011fi ya\u015fansa da bir\u00e7ok insan, yapt\u0131\u011f\u0131 i\u015fin sorumlulu\u011funu hafife almaz. \u0130\u015fin kendisine anlam y\u00fcklemese de \u00e7evresine olan etkisini (ekibine, y\u00f6neticisine, m\u00fc\u015fterisine) \u00f6nemser. Bu noktada i\u015fin s\u00fcrd\u00fcr\u00fclmesini sa\u011flayan \u015fey; <strong>i\u00e7sel disiplin ve g\u00f6rev bilincidir.<\/strong><\/p>\n<h2><strong>As\u0131l itici g\u00fc\u00e7: <\/strong><strong>Kendine sayg\u0131<\/strong><\/h2>\n<p>Bir\u00e7ok ki\u015fi i\u00e7in \u00e7al\u0131\u015fmaya devam etmenin en temel nedeni, \u201ckendine sayg\u0131\u201dd\u0131r. Ba\u015far\u0131l\u0131 olmak, takdir edilmek ya da <strong><a href=\"https:\/\/www.kariyer.net\/kariyer-rehberi\/terfi-etmek-istemiyorum-demek-suc-mu\/\" target=\"_blank\" rel=\"noopener\">terfi almak<\/a><\/strong> gibi d\u0131\u015fsal motivasyonlar bir s\u00fcre sonra yetersiz kalabilir. Ancak bireyin kendi de\u011fer sistemine sad\u0131k kalmas\u0131, i\u00e7sel bir d\u00fczen olu\u015fturur. Kimi zaman bu d\u00fczen, g\u00fcn\u00fcn sonunda aynaya bak\u0131p \u201cbug\u00fcn de elimden geleni yapt\u0131m\u201d diyebilmekle ilgilidir.<\/p>\n<h2><strong>Anlam yitimi: Modern \u00e7al\u0131\u015fma hayat\u0131n\u0131n g\u00f6r\u00fcnmez krizi<\/strong><\/h2>\n<p>Harvard Business Review\u2019da yay\u0131mlanan bir makaleye g\u00f6re, g\u00fcn\u00fcm\u00fczde bir\u00e7ok \u00e7al\u0131\u015fan i\u015finde bir anlam krizi ya\u015f\u0131yor. Yap\u0131lan ara\u015ft\u0131rmalar, \u00e7al\u0131\u015fanlar\u0131n i\u015flerine olan duygusal ba\u011flar\u0131n\u0131n zay\u0131flad\u0131\u011f\u0131n\u0131; ancak profesyonel al\u0131\u015fkanl\u0131klar\u0131n onlar\u0131 g\u00f6revde tuttu\u011funu g\u00f6steriyor. Yani pek \u00e7ok ki\u015fi \u201cduygusal olarak ba\u011fl\u0131\u201d olmasa da i\u015fini yapmaya devam ediyor.<\/p>\n<h2><strong>Bu durum normal mi?<\/strong><\/h2>\n<p>Evet, olduk\u00e7a yayg\u0131n. Modern \u00e7al\u0131\u015fma hayat\u0131nda herkes s\u00fcrekli y\u00fcksek motivasyonla \u00e7al\u0131\u015fmak zorunda de\u011fil. Kimi d\u00f6nemler, sadece i\u015fin gerekliliklerini yerine getirmek bile yeterli bir \u00e7aba olarak kabul edilmeli. Bu d\u00f6nemleri \u201cbitmi\u015flik\u201d ya da \u201cyetersizlik\u201d olarak g\u00f6rmek yerine, hayat\u0131n do\u011fal d\u00f6ng\u00fcs\u00fc olarak kabul etmek daha sa\u011fl\u0131kl\u0131 olabilir.<\/p>\n<h2><strong>Peki ne yapabilirsin?<\/strong><\/h2>\n<ul>\n<li><strong>Kendine kar\u015f\u0131 d\u00fcr\u00fcst ol:<\/strong> Ger\u00e7ekten sadece kendine sayg\u0131 i\u00e7in mi \u00e7al\u0131\u015f\u0131yorsun? Yoksa bast\u0131rd\u0131\u011f\u0131n ba\u015fka duygular da olabilir mi?<\/li>\n<li><strong>K\u00fc\u00e7\u00fck hedefler belirle:<\/strong> B\u00fcy\u00fck resmi g\u00f6rmek zor oldu\u011funda, g\u00fcn i\u00e7inde ba\u015fard\u0131\u011f\u0131n k\u00fc\u00e7\u00fck \u015feyleri fark etmeye \u00e7al\u0131\u015f.<\/li>\n<li><strong>Anlam aray\u0131\u015f\u0131n\u0131 ki\u015fisel hale getir:<\/strong> \u0130\u015finden anlam bulam\u0131yorsan, g\u00fcn\u00fcn\u00fcn di\u011fer alanlar\u0131na bu anlam\u0131 katmay\u0131 dene.<\/li>\n<li><strong>Yaln\u0131z olmad\u0131\u011f\u0131n\u0131 bil:<\/strong> Bu hisleri payla\u015fan milyonlarca insan oldu\u011funu unutma.<\/li>\n<\/ul>\n<p>Motivasyonun azald\u0131\u011f\u0131 d\u00f6nemlerde kendine y\u00fcklenmek yerine, seni ayakta tutan \u015feyleri fark etmeye \u00e7al\u0131\u015f. Belki de \u015fu an tek dayana\u011f\u0131n, sadece i\u015fin de\u011fil, kendinle kurdu\u011fun ili\u015fki ve bu da san\u0131ld\u0131\u011f\u0131ndan \u00e7ok daha g\u00fc\u00e7l\u00fc bir neden.<\/p>\n<!-- templates\/buttons-placeholder.php -->\n<div class=\"da-reactions-outer TpostID22441\">\n\t    <div class=\"da-reactions-data da-reactions-container-async center\"\n         data-type=\"post\"\n         data-id=\"22441\"\n         id=\"da-reactions-slot-post-22441\">\n        <div class=\"da-reactions-static\">\n\t\t\t<img src=\"https:\/\/www.kariyer.net\/kariyer-rehberi\/wp-content\/plugins\/da-reactions\/assets\/dist\/loading.svg\" alt=\"Loading spinner\" width=\"48\" height=\"48\" style=\"width:48px\" \/>\n        <\/div>\n    <\/div>\n<\/div>\n","protected":false},"excerpt":{"rendered":"<p>\u0130\u015fe her sabah hevesle gitmesen bile h\u00e2l\u00e2 g\u00f6revlerini yerine getiriyorsan, belki de seni ileriye ta\u015f\u0131yan \u015fey i\u00e7sel disiplinden fazlas\u0131d\u0131r. Peki, motivasyonun azald\u0131\u011f\u0131nda seni ger\u00e7ekten ne ayakta tutar? Motivasyon, kariyer yolculu\u011funun yak\u0131t\u0131 gibidir; ancak bu yak\u0131t zamanla azalabilir. \u00d6zellikle t\u00fckenmi\u015flik, anlam aray\u0131\u015f\u0131, kurum k\u00fclt\u00fcr\u00fcne yabanc\u0131la\u015fma gibi etkenlerle bu d\u00fc\u015f\u00fc\u015f daha da h\u0131zlanabilir. \u0130\u015fin ilgin\u00e7 taraf\u0131 ise [&hellip;]<\/p>\n<!-- templates\/buttons-placeholder.php -->\n<div class=\"da-reactions-outer TpostID22441\">\n\t    <div class=\"da-reactions-data da-reactions-container-async center\"\n         data-type=\"post\"\n         data-id=\"22441\"\n         id=\"da-reactions-slot-post-22441\">\n        <div class=\"da-reactions-static\">\n\t\t\t<img src=\"https:\/\/www.kariyer.net\/kariyer-rehberi\/wp-content\/plugins\/da-reactions\/assets\/dist\/loading.svg\" alt=\"Loading spinner\" width=\"48\" height=\"48\" style=\"width:48px\" \/>\n        <\/div>\n    <\/div>\n<\/div>\n","protected":false},"author":12,"featured_media":22442,"comment_status":"closed","ping_status":"open","sticky":false,"template":"","format":"standard","meta":{"footnotes":"","_elementor_edit_mode":"","_elementor_template_type":"","_elementor_data":"","_elementor_page_settings":null,"_elementor_conditions":[]},"categories":[2214],"tags":[959,960,2225],"class_list":{"0":"post-22441","1":"post","2":"type-post","3":"status-publish","4":"format-standard","5":"has-post-thumbnail","7":"category-yasam","8":"tag-beyaz-yaka","9":"tag-mavi-yaka","10":"tag-tum-kitle"},"yoast_head":"<!-- This site is optimized with the Yoast SEO Premium plugin v21.4 (Yoast SEO v27.0) - https:\/\/yoast.com\/product\/yoast-seo-premium-wordpress\/ -->\n<title>Motivasyonun az, ama \u00e7al\u0131\u015fmaya devam ediyorsun! Peki, neden?<\/title>\n<meta name=\"description\" content=\"\u0130\u015fe her sabah hevesle gitmesen bile h\u00e2l\u00e2 g\u00f6revlerini yerine getiriyorsan, belki de seni ileriye ta\u015f\u0131yan \u015fey i\u00e7sel disiplinden fazlas\u0131d\u0131r.\" \/>\n<meta name=\"robots\" content=\"index, follow, max-snippet:-1, max-image-preview:large, max-video-preview:-1\" \/>\n<link rel=\"canonical\" href=\"https:\/\/www.kariyer.net\/kariyer-rehberi\/motivasyonun-az-ama-calismaya-devam-ediyorsun-peki-neden\/\" \/>\n<meta property=\"og:locale\" content=\"tr_TR\" \/>\n<meta property=\"og:type\" content=\"article\" \/>\n<meta property=\"og:title\" content=\"Motivasyonun az, ama \u00e7al\u0131\u015fmaya devam ediyorsun! Peki, neden?\" \/>\n<meta property=\"og:description\" content=\"\u0130\u015fe her sabah hevesle gitmesen bile h\u00e2l\u00e2 g\u00f6revlerini yerine getiriyorsan, belki de seni ileriye ta\u015f\u0131yan \u015fey i\u00e7sel disiplinden fazlas\u0131d\u0131r. Peki,\" \/>\n<meta property=\"og:url\" content=\"https:\/\/www.kariyer.net\/kariyer-rehberi\/motivasyonun-az-ama-calismaya-devam-ediyorsun-peki-neden\/\" \/>\n<meta property=\"og:site_name\" content=\"Kariyer Rehberi\" \/>\n<meta property=\"article:published_time\" content=\"2025-07-28T06:00:02+00:00\" \/>\n<meta property=\"og:image\" content=\"https:\/\/www.kariyer.net\/kariyer-rehberi\/wp-content\/uploads\/2025\/07\/motivasyonsuz_calisma.jpg\" \/>\n\t<meta property=\"og:image:width\" content=\"900\" \/>\n\t<meta property=\"og:image:height\" content=\"600\" \/>\n\t<meta property=\"og:image:type\" content=\"image\/jpeg\" \/>\n<meta name=\"author\" content=\"Edit\u00f6r\" \/>\n<meta name=\"twitter:card\" content=\"summary_large_image\" \/>\n<meta name=\"twitter:label1\" content=\"Yazan:\" \/>\n\t<meta name=\"twitter:data1\" content=\"Edit\u00f6r\" \/>\n\t<meta name=\"twitter:label2\" content=\"Tahmini okuma s\u00fcresi\" \/>\n\t<meta name=\"twitter:data2\" content=\"3 dakika\" \/>\n<!-- \/ Yoast SEO Premium plugin. -->","yoast_head_json":{"title":"Motivasyonun az, ama \u00e7al\u0131\u015fmaya devam ediyorsun! Peki, neden?","description":"\u0130\u015fe her sabah hevesle gitmesen bile h\u00e2l\u00e2 g\u00f6revlerini yerine getiriyorsan, belki de seni ileriye ta\u015f\u0131yan \u015fey i\u00e7sel disiplinden fazlas\u0131d\u0131r.","robots":{"index":"index","follow":"follow","max-snippet":"max-snippet:-1","max-image-preview":"max-image-preview:large","max-video-preview":"max-video-preview:-1"},"canonical":"https:\/\/www.kariyer.net\/kariyer-rehberi\/motivasyonun-az-ama-calismaya-devam-ediyorsun-peki-neden\/","og_locale":"tr_TR","og_type":"article","og_title":"Motivasyonun az, ama \u00e7al\u0131\u015fmaya devam ediyorsun! Peki, neden?","og_description":"\u0130\u015fe her sabah hevesle gitmesen bile h\u00e2l\u00e2 g\u00f6revlerini yerine getiriyorsan, belki de seni ileriye ta\u015f\u0131yan \u015fey i\u00e7sel disiplinden fazlas\u0131d\u0131r. Peki,","og_url":"https:\/\/www.kariyer.net\/kariyer-rehberi\/motivasyonun-az-ama-calismaya-devam-ediyorsun-peki-neden\/","og_site_name":"Kariyer Rehberi","article_published_time":"2025-07-28T06:00:02+00:00","og_image":[{"width":900,"height":600,"url":"https:\/\/www.kariyer.net\/kariyer-rehberi\/wp-content\/uploads\/2025\/07\/motivasyonsuz_calisma.jpg","type":"image\/jpeg"}],"author":"Edit\u00f6r","twitter_card":"summary_large_image","twitter_misc":{"Yazan:":"Edit\u00f6r","Tahmini okuma s\u00fcresi":"3 dakika"},"schema":{"@context":"https:\/\/schema.org","@graph":[{"@type":"Article","@id":"https:\/\/www.kariyer.net\/kariyer-rehberi\/motivasyonun-az-ama-calismaya-devam-ediyorsun-peki-neden\/#article","isPartOf":{"@id":"https:\/\/www.kariyer.net\/kariyer-rehberi\/motivasyonun-az-ama-calismaya-devam-ediyorsun-peki-neden\/"},"author":{"name":"Edit\u00f6r","@id":"https:\/\/www.kariyer.net\/kariyer-rehberi\/#\/schema\/person\/94fd6e49c7ff1b1b2565a2cc4fd685dd"},"headline":"Motivasyonun az, ama \u00e7al\u0131\u015fmaya devam ediyorsun! Peki, neden?","datePublished":"2025-07-28T06:00:02+00:00","mainEntityOfPage":{"@id":"https:\/\/www.kariyer.net\/kariyer-rehberi\/motivasyonun-az-ama-calismaya-devam-ediyorsun-peki-neden\/"},"wordCount":527,"publisher":{"@id":"https:\/\/www.kariyer.net\/kariyer-rehberi\/#organization"},"image":{"@id":"https:\/\/www.kariyer.net\/kariyer-rehberi\/motivasyonun-az-ama-calismaya-devam-ediyorsun-peki-neden\/#primaryimage"},"thumbnailUrl":"https:\/\/www.kariyer.net\/kariyer-rehberi\/wp-content\/uploads\/2025\/07\/motivasyonsuz_calisma.jpg","keywords":["beyaz yaka","mavi yaka","T\u00fcm kitle"],"articleSection":["Ya\u015fam"],"inLanguage":"tr"},{"@type":"WebPage","@id":"https:\/\/www.kariyer.net\/kariyer-rehberi\/motivasyonun-az-ama-calismaya-devam-ediyorsun-peki-neden\/","url":"https:\/\/www.kariyer.net\/kariyer-rehberi\/motivasyonun-az-ama-calismaya-devam-ediyorsun-peki-neden\/","name":"Motivasyonun az, ama \u00e7al\u0131\u015fmaya devam ediyorsun! Peki, neden?","isPartOf":{"@id":"https:\/\/www.kariyer.net\/kariyer-rehberi\/#website"},"primaryImageOfPage":{"@id":"https:\/\/www.kariyer.net\/kariyer-rehberi\/motivasyonun-az-ama-calismaya-devam-ediyorsun-peki-neden\/#primaryimage"},"image":{"@id":"https:\/\/www.kariyer.net\/kariyer-rehberi\/motivasyonun-az-ama-calismaya-devam-ediyorsun-peki-neden\/#primaryimage"},"thumbnailUrl":"https:\/\/www.kariyer.net\/kariyer-rehberi\/wp-content\/uploads\/2025\/07\/motivasyonsuz_calisma.jpg","datePublished":"2025-07-28T06:00:02+00:00","description":"\u0130\u015fe her sabah hevesle gitmesen bile h\u00e2l\u00e2 g\u00f6revlerini yerine getiriyorsan, belki de seni ileriye ta\u015f\u0131yan \u015fey i\u00e7sel disiplinden fazlas\u0131d\u0131r.","breadcrumb":{"@id":"https:\/\/www.kariyer.net\/kariyer-rehberi\/motivasyonun-az-ama-calismaya-devam-ediyorsun-peki-neden\/#breadcrumb"},"inLanguage":"tr","potentialAction":[{"@type":"ReadAction","target":["https:\/\/www.kariyer.net\/kariyer-rehberi\/motivasyonun-az-ama-calismaya-devam-ediyorsun-peki-neden\/"]}]},{"@type":"ImageObject","inLanguage":"tr","@id":"https:\/\/www.kariyer.net\/kariyer-rehberi\/motivasyonun-az-ama-calismaya-devam-ediyorsun-peki-neden\/#primaryimage","url":"https:\/\/www.kariyer.net\/kariyer-rehberi\/wp-content\/uploads\/2025\/07\/motivasyonsuz_calisma.jpg","contentUrl":"https:\/\/www.kariyer.net\/kariyer-rehberi\/wp-content\/uploads\/2025\/07\/motivasyonsuz_calisma.jpg","width":900,"height":600},{"@type":"BreadcrumbList","@id":"https:\/\/www.kariyer.net\/kariyer-rehberi\/motivasyonun-az-ama-calismaya-devam-ediyorsun-peki-neden\/#breadcrumb","itemListElement":[{"@type":"ListItem","position":1,"name":"Anasayfa","item":"https:\/\/www.kariyer.net\/kariyer-rehberi\/"},{"@type":"ListItem","position":2,"name":"Motivasyonun az, ama \u00e7al\u0131\u015fmaya devam ediyorsun! Peki, neden?"}]},{"@type":"WebSite","@id":"https:\/\/www.kariyer.net\/kariyer-rehberi\/#website","url":"https:\/\/www.kariyer.net\/kariyer-rehberi\/","name":"Kariyer Rehberi","description":"\u0130\u015f D\u00fcnyas\u0131yla \u0130lgili Bilmek \u0130stedi\u011finiz Her \u015eey","publisher":{"@id":"https:\/\/www.kariyer.net\/kariyer-rehberi\/#organization"},"potentialAction":[{"@type":"SearchAction","target":{"@type":"EntryPoint","urlTemplate":"https:\/\/www.kariyer.net\/kariyer-rehberi\/?s={search_term_string}"},"query-input":{"@type":"PropertyValueSpecification","valueRequired":true,"valueName":"search_term_string"}}],"inLanguage":"tr"},{"@type":"Organization","@id":"https:\/\/www.kariyer.net\/kariyer-rehberi\/#organization","name":"Kariyer.net","url":"https:\/\/www.kariyer.net\/kariyer-rehberi\/","logo":{"@type":"ImageObject","inLanguage":"tr","@id":"https:\/\/www.kariyer.net\/kariyer-rehberi\/#\/schema\/logo\/image\/","url":"https:\/\/www.kariyer.net\/kariyer-rehberi-new\/wp-content\/uploads\/2023\/01\/og-image11.jpg","contentUrl":"https:\/\/www.kariyer.net\/kariyer-rehberi-new\/wp-content\/uploads\/2023\/01\/og-image11.jpg","width":800,"height":800,"caption":"Kariyer.net"},"image":{"@id":"https:\/\/www.kariyer.net\/kariyer-rehberi\/#\/schema\/logo\/image\/"}},{"@type":"Person","@id":"https:\/\/www.kariyer.net\/kariyer-rehberi\/#\/schema\/person\/94fd6e49c7ff1b1b2565a2cc4fd685dd","name":"Edit\u00f6r","image":{"@type":"ImageObject","inLanguage":"tr","@id":"https:\/\/www.kariyer.net\/kariyer-rehberi\/#\/schema\/person\/image\/","url":"https:\/\/secure.gravatar.com\/avatar\/0c4fe6688343aed3693b15573beae12c08ace5565409d5ab7509bf9c115f458d?s=96&d=mm&r=g","contentUrl":"https:\/\/secure.gravatar.com\/avatar\/0c4fe6688343aed3693b15573beae12c08ace5565409d5ab7509bf9c115f458d?s=96&d=mm&r=g","caption":"Edit\u00f6r"},"url":"https:\/\/www.kariyer.net\/kariyer-rehberi\/author\/editor\/"}]}},"_links":{"self":[{"href":"https:\/\/www.kariyer.net\/kariyer-rehberi\/wp-json\/wp\/v2\/posts\/22441","targetHints":{"allow":["GET"]}}],"collection":[{"href":"https:\/\/www.kariyer.net\/kariyer-rehberi\/wp-json\/wp\/v2\/posts"}],"about":[{"href":"https:\/\/www.kariyer.net\/kariyer-rehberi\/wp-json\/wp\/v2\/types\/post"}],"author":[{"embeddable":true,"href":"https:\/\/www.kariyer.net\/kariyer-rehberi\/wp-json\/wp\/v2\/users\/12"}],"replies":[{"embeddable":true,"href":"https:\/\/www.kariyer.net\/kariyer-rehberi\/wp-json\/wp\/v2\/comments?post=22441"}],"version-history":[{"count":1,"href":"https:\/\/www.kariyer.net\/kariyer-rehberi\/wp-json\/wp\/v2\/posts\/22441\/revisions"}],"predecessor-version":[{"id":22443,"href":"https:\/\/www.kariyer.net\/kariyer-rehberi\/wp-json\/wp\/v2\/posts\/22441\/revisions\/22443"}],"wp:featuredmedia":[{"embeddable":true,"href":"https:\/\/www.kariyer.net\/kariyer-rehberi\/wp-json\/wp\/v2\/media\/22442"}],"wp:attachment":[{"href":"https:\/\/www.kariyer.net\/kariyer-rehberi\/wp-json\/wp\/v2\/media?parent=22441"}],"wp:term":[{"taxonomy":"category","embeddable":true,"href":"https:\/\/www.kariyer.net\/kariyer-rehberi\/wp-json\/wp\/v2\/categories?post=22441"},{"taxonomy":"post_tag","embeddable":true,"href":"https:\/\/www.kariyer.net\/kariyer-rehberi\/wp-json\/wp\/v2\/tags?post=22441"}],"curies":[{"name":"wp","href":"https:\/\/api.w.org\/{rel}","templated":true}]}}