{"id":22460,"date":"2025-08-11T06:37:52","date_gmt":"2025-08-11T03:37:52","guid":{"rendered":"https:\/\/www.kariyer.net\/kariyer-rehberi\/?p=22460"},"modified":"2025-08-12T16:40:31","modified_gmt":"2025-08-12T13:40:31","slug":"gelecegin-kadin-liderleri-programi-15-yilinda-yeni-katilimcilarini-ariyor","status":"publish","type":"post","link":"https:\/\/www.kariyer.net\/kariyer-rehberi\/gelecegin-kadin-liderleri-programi-15-yilinda-yeni-katilimcilarini-ariyor\/","title":{"rendered":"Gelece\u011fin Kad\u0131n Liderleri Program\u0131 15. y\u0131l\u0131nda yeni kat\u0131l\u0131mc\u0131lar\u0131n\u0131 ar\u0131yor!"},"content":{"rendered":"<p data-start=\"271\" data-end=\"564\"><strong>Gelece\u011fin Kad\u0131n Liderleri (GKL) Program\u0131, gen\u00e7 kad\u0131nlar\u0131n toplum ve i\u015f hayat\u0131ndaki yerlerini g\u00fc\u00e7lendirmek, profesyonel ileti\u015fim a\u011flar\u0131n\u0131 geni\u015fletmek ve i\u015f arama s\u00fcre\u00e7lerini kolayla\u015ft\u0131rmak amac\u0131yla 2010 y\u0131l\u0131nda ba\u015flat\u0131ld\u0131. 15. y\u0131l\u0131nda da ayn\u0131 vizyonla, daha da g\u00fc\u00e7lenerek yoluna devam ediyor.<\/strong><\/p>\n<p data-start=\"566\" data-end=\"998\">Programda yer alacak 100 gen\u00e7 kad\u0131n, i\u015fe giri\u015flerinde faydal\u0131 olacak kapsaml\u0131 bir e\u011fitim s\u00fcrecinden ge\u00e7ecek. <strong data-start=\"675\" data-end=\"739\">Teknoloji, Proje Y\u00f6netimi, Giri\u015fimcilik ve S\u00fcrd\u00fcr\u00fclebilirlik<\/strong> gibi \u00e7a\u011f\u0131n \u00f6ne \u00e7\u0131kan konular\u0131n\u0131n yan\u0131 s\u0131ra, <strong data-start=\"784\" data-end=\"824\">Hik\u00e2ye Anlat\u0131c\u0131l\u0131\u011f\u0131, \u0130li\u015fki Tasar\u0131m\u0131<\/strong> gibi ki\u015fisel geli\u015fim ba\u015fl\u0131klar\u0131nda da e\u011fitim alarak sertifikasyon s\u00fcrecini tamamlayacaks\u0131n. E\u011fitimler, <strong>6-7 Kas\u0131m 2025<\/strong> tarihlerinde \u0130stanbul\u2019da y\u00fcz y\u00fcze ger\u00e7ekle\u015ftirilecek.<\/p>\n<h2>Kimler ba\u015fvurabilir?<\/h2>\n<ul>\n<li data-start=\"1034\" data-end=\"1086\">2025 y\u0131l\u0131nda mezun olan veya 2026\u2019da mezun olacak,<\/li>\n<li data-start=\"1089\" data-end=\"1122\">Tercihen burslu \u00f6\u011frenim g\u00f6rm\u00fc\u015f,<\/li>\n<li data-start=\"1125\" data-end=\"1170\">Staj veya yar\u0131 zamanl\u0131 i\u015f deneyimi bulunan,<\/li>\n<li data-start=\"1173\" data-end=\"1219\">Y\u00fcksek kariyer hedefi olan ve ba\u015far\u0131 odakl\u0131,<\/li>\n<li data-start=\"1222\" data-end=\"1253\">Yeniliklere ve geli\u015fime a\u00e7\u0131k,<\/li>\n<li data-start=\"1256\" data-end=\"1332\">Sosyal sorumluluk projelerinde aktif yer alm\u0131\u015f gen\u00e7 kad\u0131nlar ba\u015fvurabilir.<\/li>\n<\/ul>\n<p><a href=\"https:\/\/www.kariyer.net\/kariyer-rehberi\/wp-content\/uploads\/2025\/08\/gkl_25.jpg\"><img fetchpriority=\"high\" decoding=\"async\" class=\"wp-image-22463 aligncenter\" src=\"https:\/\/www.kariyer.net\/kariyer-rehberi\/wp-content\/uploads\/2025\/08\/gkl_25.jpg\" alt=\"\" width=\"445\" height=\"261\" srcset=\"https:\/\/www.kariyer.net\/kariyer-rehberi\/wp-content\/uploads\/2025\/08\/gkl_25.jpg 900w, https:\/\/www.kariyer.net\/kariyer-rehberi\/wp-content\/uploads\/2025\/08\/gkl_25-300x176.jpg 300w, https:\/\/www.kariyer.net\/kariyer-rehberi\/wp-content\/uploads\/2025\/08\/gkl_25-768x451.jpg 768w, https:\/\/www.kariyer.net\/kariyer-rehberi\/wp-content\/uploads\/2025\/08\/gkl_25-450x264.jpg 450w, https:\/\/www.kariyer.net\/kariyer-rehberi\/wp-content\/uploads\/2025\/08\/gkl_25-780x458.jpg 780w\" sizes=\"(max-width: 445px) 100vw, 445px\" \/><\/a><\/p>\n<h2>Mezun a\u011f\u0131 ve ilham bulu\u015fmalar\u0131<\/h2>\n<p data-start=\"1376\" data-end=\"1636\">Program\u0131 tamamlad\u0131ktan sonra sertifikan\u0131 alarak bug\u00fcne kadar 1850 ki\u015fiye ula\u015fan <strong data-start=\"1456\" data-end=\"1473\">GKL Mezun A\u011f\u0131<\/strong>na kat\u0131lacaks\u0131n. Ayr\u0131ca her y\u0131l d\u00fczenlenen <strong data-start=\"1516\" data-end=\"1541\">GKL \u0130lham Bulu\u015fmalar\u0131<\/strong> sayesinde ilham veren hik\u00e2yeni T\u00fcrkiye\u2019nin \u00f6nc\u00fc isimleriyle payla\u015fma f\u0131rsat\u0131 yakalayacaks\u0131n.<\/p>\n<p style=\"text-align: left;\"><strong>Son ba\u015fvuru tarihi:<\/strong> <strong>31 A\u011fustos 2025<\/strong><br data-start=\"1682\" data-end=\"1685\" \/><strong data-start=\"1685\" data-end=\"1704\">Ba\u015fvuru adresi:<\/strong> <a href=\"http:\/\/www.geleceginkadinliderleri.org\" target=\"_blank\" rel=\"noopener\" data-start=\"1705\" data-end=\"1778\">www.geleceginkadinliderleri.org<\/a><\/p>\n<p data-start=\"1782\" data-end=\"1866\">Bu y\u0131l sen de liderlik yolculu\u011funa ad\u0131m at, gelece\u011fin kad\u0131n liderlerinden biri ol!<\/p>\n<!-- templates\/buttons-placeholder.php -->\n<div class=\"da-reactions-outer TpostID22460\">\n\t    <div class=\"da-reactions-data da-reactions-container-async center\"\n         data-type=\"post\"\n         data-id=\"22460\"\n         id=\"da-reactions-slot-post-22460\">\n        <div class=\"da-reactions-static\">\n\t\t\t<img src=\"https:\/\/www.kariyer.net\/kariyer-rehberi\/wp-content\/plugins\/da-reactions\/assets\/dist\/loading.svg\" alt=\"Loading spinner\" width=\"48\" height=\"48\" style=\"width:48px\" \/>\n        <\/div>\n    <\/div>\n<\/div>\n","protected":false},"excerpt":{"rendered":"<p>Gelece\u011fin Kad\u0131n Liderleri (GKL) Program\u0131, gen\u00e7 kad\u0131nlar\u0131n toplum ve i\u015f hayat\u0131ndaki yerlerini g\u00fc\u00e7lendirmek, profesyonel ileti\u015fim a\u011flar\u0131n\u0131 geni\u015fletmek ve i\u015f arama s\u00fcre\u00e7lerini kolayla\u015ft\u0131rmak amac\u0131yla 2010 y\u0131l\u0131nda ba\u015flat\u0131ld\u0131. 15. y\u0131l\u0131nda da ayn\u0131 vizyonla, daha da g\u00fc\u00e7lenerek yoluna devam ediyor. Programda yer alacak 100 gen\u00e7 kad\u0131n, i\u015fe giri\u015flerinde faydal\u0131 olacak kapsaml\u0131 bir e\u011fitim s\u00fcrecinden ge\u00e7ecek. Teknoloji, Proje Y\u00f6netimi, [&hellip;]<\/p>\n<!-- templates\/buttons-placeholder.php -->\n<div class=\"da-reactions-outer TpostID22460\">\n\t    <div class=\"da-reactions-data da-reactions-container-async center\"\n         data-type=\"post\"\n         data-id=\"22460\"\n         id=\"da-reactions-slot-post-22460\">\n        <div class=\"da-reactions-static\">\n\t\t\t<img src=\"https:\/\/www.kariyer.net\/kariyer-rehberi\/wp-content\/plugins\/da-reactions\/assets\/dist\/loading.svg\" alt=\"Loading spinner\" width=\"48\" height=\"48\" style=\"width:48px\" \/>\n        <\/div>\n    <\/div>\n<\/div>\n","protected":false},"author":12,"featured_media":22462,"comment_status":"closed","ping_status":"open","sticky":false,"template":"","format":"standard","meta":{"footnotes":"","_elementor_edit_mode":"","_elementor_template_type":"","_elementor_data":"","_elementor_page_settings":null,"_elementor_conditions":[]},"categories":[2214],"tags":[],"class_list":{"0":"post-22460","1":"post","2":"type-post","3":"status-publish","4":"format-standard","5":"has-post-thumbnail","7":"category-yasam"},"yoast_head":"<!-- This site is optimized with the Yoast SEO Premium plugin v21.4 (Yoast SEO v27.0) - https:\/\/yoast.com\/product\/yoast-seo-premium-wordpress\/ -->\n<title>Gelece\u011fin Kad\u0131n Liderleri Program\u0131 ba\u015fl\u0131yor!<\/title>\n<meta name=\"description\" content=\"Gelece\u011fin Kad\u0131n Liderleri (GKL) Program\u0131, gen\u00e7 kad\u0131nlar\u0131n toplum ve i\u015f hayat\u0131ndaki yerlerini g\u00fc\u00e7lendirmek i\u00e7in ba\u015flat\u0131ld\u0131.\" \/>\n<meta name=\"robots\" content=\"index, follow, max-snippet:-1, max-image-preview:large, max-video-preview:-1\" \/>\n<link rel=\"canonical\" href=\"https:\/\/www.kariyer.net\/kariyer-rehberi\/gelecegin-kadin-liderleri-programi-15-yilinda-yeni-katilimcilarini-ariyor\/\" \/>\n<meta property=\"og:locale\" content=\"tr_TR\" \/>\n<meta property=\"og:type\" content=\"article\" \/>\n<meta property=\"og:title\" content=\"Gelece\u011fin Kad\u0131n Liderleri Program\u0131 15. y\u0131l\u0131nda yeni kat\u0131l\u0131mc\u0131lar\u0131n\u0131 ar\u0131yor!\" \/>\n<meta property=\"og:description\" content=\"Gelece\u011fin Kad\u0131n Liderleri (GKL) Program\u0131, gen\u00e7 kad\u0131nlar\u0131n toplum ve i\u015f hayat\u0131ndaki yerlerini g\u00fc\u00e7lendirmek, profesyonel ileti\u015fim a\u011flar\u0131n\u0131 geni\u015fletmek ve i\u015f\" \/>\n<meta property=\"og:url\" content=\"https:\/\/www.kariyer.net\/kariyer-rehberi\/gelecegin-kadin-liderleri-programi-15-yilinda-yeni-katilimcilarini-ariyor\/\" \/>\n<meta property=\"og:site_name\" content=\"Kariyer Rehberi\" \/>\n<meta property=\"article:published_time\" content=\"2025-08-11T03:37:52+00:00\" \/>\n<meta property=\"article:modified_time\" content=\"2025-08-12T13:40:31+00:00\" \/>\n<meta property=\"og:image\" content=\"https:\/\/www.kariyer.net\/kariyer-rehberi\/wp-content\/uploads\/2025\/08\/gkl_2025-.jpg\" \/>\n\t<meta property=\"og:image:width\" content=\"900\" \/>\n\t<meta property=\"og:image:height\" content=\"644\" \/>\n\t<meta property=\"og:image:type\" content=\"image\/jpeg\" \/>\n<meta name=\"author\" content=\"Edit\u00f6r\" \/>\n<meta name=\"twitter:card\" content=\"summary_large_image\" \/>\n<meta name=\"twitter:label1\" content=\"Yazan:\" \/>\n\t<meta name=\"twitter:data1\" content=\"Edit\u00f6r\" \/>\n\t<meta name=\"twitter:label2\" content=\"Tahmini okuma s\u00fcresi\" \/>\n\t<meta name=\"twitter:data2\" content=\"2 dakika\" \/>\n<!-- \/ Yoast SEO Premium plugin. -->","yoast_head_json":{"title":"Gelece\u011fin Kad\u0131n Liderleri Program\u0131 ba\u015fl\u0131yor!","description":"Gelece\u011fin Kad\u0131n Liderleri (GKL) Program\u0131, gen\u00e7 kad\u0131nlar\u0131n toplum ve i\u015f hayat\u0131ndaki yerlerini g\u00fc\u00e7lendirmek i\u00e7in ba\u015flat\u0131ld\u0131.","robots":{"index":"index","follow":"follow","max-snippet":"max-snippet:-1","max-image-preview":"max-image-preview:large","max-video-preview":"max-video-preview:-1"},"canonical":"https:\/\/www.kariyer.net\/kariyer-rehberi\/gelecegin-kadin-liderleri-programi-15-yilinda-yeni-katilimcilarini-ariyor\/","og_locale":"tr_TR","og_type":"article","og_title":"Gelece\u011fin Kad\u0131n Liderleri Program\u0131 15. y\u0131l\u0131nda yeni kat\u0131l\u0131mc\u0131lar\u0131n\u0131 ar\u0131yor!","og_description":"Gelece\u011fin Kad\u0131n Liderleri (GKL) Program\u0131, gen\u00e7 kad\u0131nlar\u0131n toplum ve i\u015f hayat\u0131ndaki yerlerini g\u00fc\u00e7lendirmek, profesyonel ileti\u015fim a\u011flar\u0131n\u0131 geni\u015fletmek ve i\u015f","og_url":"https:\/\/www.kariyer.net\/kariyer-rehberi\/gelecegin-kadin-liderleri-programi-15-yilinda-yeni-katilimcilarini-ariyor\/","og_site_name":"Kariyer Rehberi","article_published_time":"2025-08-11T03:37:52+00:00","article_modified_time":"2025-08-12T13:40:31+00:00","og_image":[{"width":900,"height":644,"url":"https:\/\/www.kariyer.net\/kariyer-rehberi\/wp-content\/uploads\/2025\/08\/gkl_2025-.jpg","type":"image\/jpeg"}],"author":"Edit\u00f6r","twitter_card":"summary_large_image","twitter_misc":{"Yazan:":"Edit\u00f6r","Tahmini okuma s\u00fcresi":"2 dakika"},"schema":{"@context":"https:\/\/schema.org","@graph":[{"@type":"Article","@id":"https:\/\/www.kariyer.net\/kariyer-rehberi\/gelecegin-kadin-liderleri-programi-15-yilinda-yeni-katilimcilarini-ariyor\/#article","isPartOf":{"@id":"https:\/\/www.kariyer.net\/kariyer-rehberi\/gelecegin-kadin-liderleri-programi-15-yilinda-yeni-katilimcilarini-ariyor\/"},"author":{"name":"Edit\u00f6r","@id":"https:\/\/www.kariyer.net\/kariyer-rehberi\/#\/schema\/person\/94fd6e49c7ff1b1b2565a2cc4fd685dd"},"headline":"Gelece\u011fin Kad\u0131n Liderleri Program\u0131 15. y\u0131l\u0131nda yeni kat\u0131l\u0131mc\u0131lar\u0131n\u0131 ar\u0131yor!","datePublished":"2025-08-11T03:37:52+00:00","dateModified":"2025-08-12T13:40:31+00:00","mainEntityOfPage":{"@id":"https:\/\/www.kariyer.net\/kariyer-rehberi\/gelecegin-kadin-liderleri-programi-15-yilinda-yeni-katilimcilarini-ariyor\/"},"wordCount":291,"publisher":{"@id":"https:\/\/www.kariyer.net\/kariyer-rehberi\/#organization"},"image":{"@id":"https:\/\/www.kariyer.net\/kariyer-rehberi\/gelecegin-kadin-liderleri-programi-15-yilinda-yeni-katilimcilarini-ariyor\/#primaryimage"},"thumbnailUrl":"https:\/\/www.kariyer.net\/kariyer-rehberi\/wp-content\/uploads\/2025\/08\/gkl_2025-.jpg","articleSection":["Ya\u015fam"],"inLanguage":"tr"},{"@type":"WebPage","@id":"https:\/\/www.kariyer.net\/kariyer-rehberi\/gelecegin-kadin-liderleri-programi-15-yilinda-yeni-katilimcilarini-ariyor\/","url":"https:\/\/www.kariyer.net\/kariyer-rehberi\/gelecegin-kadin-liderleri-programi-15-yilinda-yeni-katilimcilarini-ariyor\/","name":"Gelece\u011fin Kad\u0131n Liderleri Program\u0131 ba\u015fl\u0131yor!","isPartOf":{"@id":"https:\/\/www.kariyer.net\/kariyer-rehberi\/#website"},"primaryImageOfPage":{"@id":"https:\/\/www.kariyer.net\/kariyer-rehberi\/gelecegin-kadin-liderleri-programi-15-yilinda-yeni-katilimcilarini-ariyor\/#primaryimage"},"image":{"@id":"https:\/\/www.kariyer.net\/kariyer-rehberi\/gelecegin-kadin-liderleri-programi-15-yilinda-yeni-katilimcilarini-ariyor\/#primaryimage"},"thumbnailUrl":"https:\/\/www.kariyer.net\/kariyer-rehberi\/wp-content\/uploads\/2025\/08\/gkl_2025-.jpg","datePublished":"2025-08-11T03:37:52+00:00","dateModified":"2025-08-12T13:40:31+00:00","description":"Gelece\u011fin Kad\u0131n Liderleri (GKL) Program\u0131, gen\u00e7 kad\u0131nlar\u0131n toplum ve i\u015f hayat\u0131ndaki yerlerini g\u00fc\u00e7lendirmek i\u00e7in ba\u015flat\u0131ld\u0131.","breadcrumb":{"@id":"https:\/\/www.kariyer.net\/kariyer-rehberi\/gelecegin-kadin-liderleri-programi-15-yilinda-yeni-katilimcilarini-ariyor\/#breadcrumb"},"inLanguage":"tr","potentialAction":[{"@type":"ReadAction","target":["https:\/\/www.kariyer.net\/kariyer-rehberi\/gelecegin-kadin-liderleri-programi-15-yilinda-yeni-katilimcilarini-ariyor\/"]}]},{"@type":"ImageObject","inLanguage":"tr","@id":"https:\/\/www.kariyer.net\/kariyer-rehberi\/gelecegin-kadin-liderleri-programi-15-yilinda-yeni-katilimcilarini-ariyor\/#primaryimage","url":"https:\/\/www.kariyer.net\/kariyer-rehberi\/wp-content\/uploads\/2025\/08\/gkl_2025-.jpg","contentUrl":"https:\/\/www.kariyer.net\/kariyer-rehberi\/wp-content\/uploads\/2025\/08\/gkl_2025-.jpg","width":900,"height":644},{"@type":"BreadcrumbList","@id":"https:\/\/www.kariyer.net\/kariyer-rehberi\/gelecegin-kadin-liderleri-programi-15-yilinda-yeni-katilimcilarini-ariyor\/#breadcrumb","itemListElement":[{"@type":"ListItem","position":1,"name":"Anasayfa","item":"https:\/\/www.kariyer.net\/kariyer-rehberi\/"},{"@type":"ListItem","position":2,"name":"Gelece\u011fin Kad\u0131n Liderleri Program\u0131 15. y\u0131l\u0131nda yeni kat\u0131l\u0131mc\u0131lar\u0131n\u0131 ar\u0131yor!"}]},{"@type":"WebSite","@id":"https:\/\/www.kariyer.net\/kariyer-rehberi\/#website","url":"https:\/\/www.kariyer.net\/kariyer-rehberi\/","name":"Kariyer Rehberi","description":"\u0130\u015f D\u00fcnyas\u0131yla \u0130lgili Bilmek \u0130stedi\u011finiz Her \u015eey","publisher":{"@id":"https:\/\/www.kariyer.net\/kariyer-rehberi\/#organization"},"potentialAction":[{"@type":"SearchAction","target":{"@type":"EntryPoint","urlTemplate":"https:\/\/www.kariyer.net\/kariyer-rehberi\/?s={search_term_string}"},"query-input":{"@type":"PropertyValueSpecification","valueRequired":true,"valueName":"search_term_string"}}],"inLanguage":"tr"},{"@type":"Organization","@id":"https:\/\/www.kariyer.net\/kariyer-rehberi\/#organization","name":"Kariyer.net","url":"https:\/\/www.kariyer.net\/kariyer-rehberi\/","logo":{"@type":"ImageObject","inLanguage":"tr","@id":"https:\/\/www.kariyer.net\/kariyer-rehberi\/#\/schema\/logo\/image\/","url":"https:\/\/www.kariyer.net\/kariyer-rehberi-new\/wp-content\/uploads\/2023\/01\/og-image11.jpg","contentUrl":"https:\/\/www.kariyer.net\/kariyer-rehberi-new\/wp-content\/uploads\/2023\/01\/og-image11.jpg","width":800,"height":800,"caption":"Kariyer.net"},"image":{"@id":"https:\/\/www.kariyer.net\/kariyer-rehberi\/#\/schema\/logo\/image\/"}},{"@type":"Person","@id":"https:\/\/www.kariyer.net\/kariyer-rehberi\/#\/schema\/person\/94fd6e49c7ff1b1b2565a2cc4fd685dd","name":"Edit\u00f6r","image":{"@type":"ImageObject","inLanguage":"tr","@id":"https:\/\/www.kariyer.net\/kariyer-rehberi\/#\/schema\/person\/image\/","url":"https:\/\/secure.gravatar.com\/avatar\/0c4fe6688343aed3693b15573beae12c08ace5565409d5ab7509bf9c115f458d?s=96&d=mm&r=g","contentUrl":"https:\/\/secure.gravatar.com\/avatar\/0c4fe6688343aed3693b15573beae12c08ace5565409d5ab7509bf9c115f458d?s=96&d=mm&r=g","caption":"Edit\u00f6r"},"url":"https:\/\/www.kariyer.net\/kariyer-rehberi\/author\/editor\/"}]}},"_links":{"self":[{"href":"https:\/\/www.kariyer.net\/kariyer-rehberi\/wp-json\/wp\/v2\/posts\/22460","targetHints":{"allow":["GET"]}}],"collection":[{"href":"https:\/\/www.kariyer.net\/kariyer-rehberi\/wp-json\/wp\/v2\/posts"}],"about":[{"href":"https:\/\/www.kariyer.net\/kariyer-rehberi\/wp-json\/wp\/v2\/types\/post"}],"author":[{"embeddable":true,"href":"https:\/\/www.kariyer.net\/kariyer-rehberi\/wp-json\/wp\/v2\/users\/12"}],"replies":[{"embeddable":true,"href":"https:\/\/www.kariyer.net\/kariyer-rehberi\/wp-json\/wp\/v2\/comments?post=22460"}],"version-history":[{"count":2,"href":"https:\/\/www.kariyer.net\/kariyer-rehberi\/wp-json\/wp\/v2\/posts\/22460\/revisions"}],"predecessor-version":[{"id":22465,"href":"https:\/\/www.kariyer.net\/kariyer-rehberi\/wp-json\/wp\/v2\/posts\/22460\/revisions\/22465"}],"wp:featuredmedia":[{"embeddable":true,"href":"https:\/\/www.kariyer.net\/kariyer-rehberi\/wp-json\/wp\/v2\/media\/22462"}],"wp:attachment":[{"href":"https:\/\/www.kariyer.net\/kariyer-rehberi\/wp-json\/wp\/v2\/media?parent=22460"}],"wp:term":[{"taxonomy":"category","embeddable":true,"href":"https:\/\/www.kariyer.net\/kariyer-rehberi\/wp-json\/wp\/v2\/categories?post=22460"},{"taxonomy":"post_tag","embeddable":true,"href":"https:\/\/www.kariyer.net\/kariyer-rehberi\/wp-json\/wp\/v2\/tags?post=22460"}],"curies":[{"name":"wp","href":"https:\/\/api.w.org\/{rel}","templated":true}]}}