{"id":22475,"date":"2025-08-15T16:06:59","date_gmt":"2025-08-15T13:06:59","guid":{"rendered":"https:\/\/www.kariyer.net\/kariyer-rehberi\/?p=22475"},"modified":"2025-08-15T16:10:24","modified_gmt":"2025-08-15T13:10:24","slug":"emekli-polis-memuru-nedir-2025-emekli-polis-memuru-maaslari-ve-sosyal-haklari","status":"publish","type":"post","link":"https:\/\/www.kariyer.net\/kariyer-rehberi\/emekli-polis-memuru-nedir-2025-emekli-polis-memuru-maaslari-ve-sosyal-haklari\/","title":{"rendered":"Emekli polis memuru nedir? 2025 emekli polis memuru maa\u015flar\u0131 ve sosyal haklar\u0131"},"content":{"rendered":"<p><strong>Y\u0131llarca emniyet te\u015fkilat\u0131na hizmet eden emekli polis memurlar\u0131, maa\u015flar\u0131n\u0131n yan\u0131 s\u0131ra bir\u00e7ok sosyal ve idari haktan yararlanabiliyor. 2025 y\u0131l\u0131 itibar\u0131yla emekli polis memuru maa\u015flar\u0131, sosyal haklar ve emeklilik \u015fartlar\u0131n\u0131 inceledik.<\/strong><\/p>\n<p>Polislik g\u00f6revini tamamlayarak belirlenen hizmet s\u00fcresini dolduran personel, emekliye ayr\u0131ld\u0131\u011f\u0131nda \u201cemekli polis memuru\u201d unvan\u0131n\u0131 al\u0131r. Y\u0131llar\u0131n\u0131 Emniyet Te\u015fkilat\u0131\u2019na hizmete adam\u0131\u015f bu ki\u015filer, hem maddi hem de manevi bir\u00e7ok haktan yararlanabilir. 2025 y\u0131l\u0131 itibar\u0131yla emekli polis memuru maa\u015flar\u0131, sosyal haklar ve emeklilik \u015fartlar\u0131n\u0131 bu yaz\u0131da toplad\u0131k.<\/p>\n<h2><strong>Emekli polis memuru kimdir?<\/strong><\/h2>\n<p>Emekli polis memuru, Emniyet Genel M\u00fcd\u00fcrl\u00fc\u011f\u00fc b\u00fcnyesinde \u00e7e\u015fitli birimlerde g\u00f6rev yapm\u0131\u015f, belirlenen hizmet y\u0131l\u0131n\u0131 doldurmu\u015f ve kanuni \u015fartlar\u0131 sa\u011flayarak emekli olmu\u015f personeldir. G\u00f6rev s\u00fcresince; asayi\u015fin sa\u011flanmas\u0131, kamu d\u00fczeninin korunmas\u0131, su\u00e7un \u00f6nlenmesi ve soru\u015fturma faaliyetlerinde yer al\u0131rlar.<\/p>\n<h2><strong>Emekli polis memuru maa\u015flar\u0131 2025<\/strong><\/h2>\n<p>Emekli polis memuru maa\u015flar\u0131; hizmet y\u0131l\u0131, k\u0131dem derecesi, g\u00f6rev s\u00fcresi, ek g\u00f6stergeler ve medeni duruma g\u00f6re de\u011fi\u015fir. Ayr\u0131ca g\u00f6revdeyken al\u0131nan tazminatlar ve emekli ikramiyesi de maa\u015f\u0131 etkileyen \u00f6nemli unsurlar aras\u0131ndad\u0131r. Net rakamlar de\u011fi\u015fiklik g\u00f6sterebilse de emekli polis memurlar\u0131n\u0131n maa\u015flar\u0131n\u0131n kamu emeklileri aras\u0131nda orta-\u00fcst seviyelerde oldu\u011fu s\u00f6ylenebilir.<\/p>\n<h2><strong>Emekli polis memurlar\u0131n\u0131n sosyal haklar\u0131<\/strong><\/h2>\n<p>Emekli polis memurlar\u0131, maa\u015flar\u0131n\u0131n yan\u0131 s\u0131ra pek \u00e7ok sosyal ve idari haktan yararlanma imk\u00e2n\u0131na sahiptir:<\/p>\n<ul>\n<li>Emniyet sosyal tesisleri ve polis evlerinden faydalanma hakk\u0131,<\/li>\n<li>SGK kapsam\u0131nda sa\u011fl\u0131k hizmetlerinden yararlanma ve baz\u0131 \u00f6zel hastanelerde indirim imk\u00e2n\u0131,<\/li>\n<li>Silah ta\u015f\u0131ma ruhsat\u0131 kolayl\u0131\u011f\u0131,<\/li>\n<li>Resm\u00ee t\u00f6renlerde ve anma etkinliklerinde davet \u00f6nceli\u011fi,<\/li>\n<li>Polis sand\u0131\u011f\u0131 ve ilgili derneklerden \u00fcyelik avantajlar\u0131,<\/li>\n<li>G\u00f6revde kazan\u0131lan \u00f6d\u00fcl, madalya ve onur belgelerinin korunmas\u0131.<\/li>\n<\/ul>\n<h2><strong>Kimler emekli polis memuru olabilir?<\/strong><\/h2>\n<p>Emekli <a href=\"https:\/\/www.kariyer.net\/pozisyonlar\/polis+memuru\/nedir\" target=\"_blank\" rel=\"noopener\">polis memuru<\/a> olabilmek i\u00e7in \u00f6ncelikle polislik mesle\u011fine atanm\u0131\u015f, gerekli e\u011fitimleri tamamlam\u0131\u015f ve hizmet s\u00fcresini doldurmu\u015f olmak gerekir. Ayr\u0131ca disiplin, sicil ve sa\u011fl\u0131k ko\u015fullar\u0131 da emeklilik s\u00fcrecinde belirleyici unsurlard\u0131r.<\/p>\n<!-- templates\/buttons-placeholder.php -->\n<div class=\"da-reactions-outer TpostID22475\">\n\t    <div class=\"da-reactions-data da-reactions-container-async center\"\n         data-type=\"post\"\n         data-id=\"22475\"\n         id=\"da-reactions-slot-post-22475\">\n        <div class=\"da-reactions-static\">\n\t\t\t<img src=\"https:\/\/www.kariyer.net\/kariyer-rehberi\/wp-content\/plugins\/da-reactions\/assets\/dist\/loading.svg\" alt=\"Loading spinner\" width=\"48\" height=\"48\" style=\"width:48px\" \/>\n        <\/div>\n    <\/div>\n<\/div>\n","protected":false},"excerpt":{"rendered":"<p>Y\u0131llarca emniyet te\u015fkilat\u0131na hizmet eden emekli polis memurlar\u0131, maa\u015flar\u0131n\u0131n yan\u0131 s\u0131ra bir\u00e7ok sosyal ve idari haktan yararlanabiliyor. 2025 y\u0131l\u0131 itibar\u0131yla emekli polis memuru maa\u015flar\u0131, sosyal haklar ve emeklilik \u015fartlar\u0131n\u0131 inceledik. Polislik g\u00f6revini tamamlayarak belirlenen hizmet s\u00fcresini dolduran personel, emekliye ayr\u0131ld\u0131\u011f\u0131nda \u201cemekli polis memuru\u201d unvan\u0131n\u0131 al\u0131r. Y\u0131llar\u0131n\u0131 Emniyet Te\u015fkilat\u0131\u2019na hizmete adam\u0131\u015f bu ki\u015filer, hem maddi hem [&hellip;]<\/p>\n<!-- templates\/buttons-placeholder.php -->\n<div class=\"da-reactions-outer TpostID22475\">\n\t    <div class=\"da-reactions-data da-reactions-container-async center\"\n         data-type=\"post\"\n         data-id=\"22475\"\n         id=\"da-reactions-slot-post-22475\">\n        <div class=\"da-reactions-static\">\n\t\t\t<img src=\"https:\/\/www.kariyer.net\/kariyer-rehberi\/wp-content\/plugins\/da-reactions\/assets\/dist\/loading.svg\" alt=\"Loading spinner\" width=\"48\" height=\"48\" style=\"width:48px\" \/>\n        <\/div>\n    <\/div>\n<\/div>\n","protected":false},"author":12,"featured_media":22476,"comment_status":"closed","ping_status":"open","sticky":false,"template":"","format":"standard","meta":{"footnotes":"","_elementor_edit_mode":"","_elementor_template_type":"","_elementor_data":"","_elementor_page_settings":null,"_elementor_conditions":[]},"categories":[2215],"tags":[],"class_list":{"0":"post-22475","1":"post","2":"type-post","3":"status-publish","4":"format-standard","5":"has-post-thumbnail","7":"category-kamuda-kariyer"},"yoast_head":"<!-- This site is optimized with the Yoast SEO Premium plugin v21.4 (Yoast SEO v27.0) - https:\/\/yoast.com\/product\/yoast-seo-premium-wordpress\/ -->\n<title>Emekli polis memuru nedir?<\/title>\n<meta name=\"description\" content=\"Emekli polis memuru nedir? 2025 y\u0131l\u0131 itibar\u0131yla emekli polis memuru maa\u015flar\u0131, sosyal haklar ve emeklilik \u015fartlar\u0131n\u0131 inceledik.\" \/>\n<meta name=\"robots\" content=\"index, follow, max-snippet:-1, max-image-preview:large, max-video-preview:-1\" \/>\n<link rel=\"canonical\" href=\"https:\/\/www.kariyer.net\/kariyer-rehberi\/emekli-polis-memuru-nedir-2025-emekli-polis-memuru-maaslari-ve-sosyal-haklari\/\" \/>\n<meta property=\"og:locale\" content=\"tr_TR\" \/>\n<meta property=\"og:type\" content=\"article\" \/>\n<meta property=\"og:title\" content=\"Emekli polis memuru nedir? 2025 emekli polis memuru maa\u015flar\u0131 ve sosyal haklar\u0131\" \/>\n<meta property=\"og:description\" content=\"Y\u0131llarca emniyet te\u015fkilat\u0131na hizmet eden emekli polis memurlar\u0131, maa\u015flar\u0131n\u0131n yan\u0131 s\u0131ra bir\u00e7ok sosyal ve idari haktan yararlanabiliyor. 2025 y\u0131l\u0131\" \/>\n<meta property=\"og:url\" content=\"https:\/\/www.kariyer.net\/kariyer-rehberi\/emekli-polis-memuru-nedir-2025-emekli-polis-memuru-maaslari-ve-sosyal-haklari\/\" \/>\n<meta property=\"og:site_name\" content=\"Kariyer Rehberi\" \/>\n<meta property=\"article:published_time\" content=\"2025-08-15T13:06:59+00:00\" \/>\n<meta property=\"article:modified_time\" content=\"2025-08-15T13:10:24+00:00\" \/>\n<meta property=\"og:image\" content=\"https:\/\/www.kariyer.net\/kariyer-rehberi\/wp-content\/uploads\/2025\/08\/emekli_polis_memuru.jpg\" \/>\n\t<meta property=\"og:image:width\" content=\"900\" \/>\n\t<meta property=\"og:image:height\" content=\"600\" \/>\n\t<meta property=\"og:image:type\" content=\"image\/jpeg\" \/>\n<meta name=\"author\" content=\"Edit\u00f6r\" \/>\n<meta name=\"twitter:card\" content=\"summary_large_image\" \/>\n<meta name=\"twitter:label1\" content=\"Yazan:\" \/>\n\t<meta name=\"twitter:data1\" content=\"Edit\u00f6r\" \/>\n\t<meta name=\"twitter:label2\" content=\"Tahmini okuma s\u00fcresi\" \/>\n\t<meta name=\"twitter:data2\" content=\"2 dakika\" \/>\n<!-- \/ Yoast SEO Premium plugin. -->","yoast_head_json":{"title":"Emekli polis memuru nedir?","description":"Emekli polis memuru nedir? 2025 y\u0131l\u0131 itibar\u0131yla emekli polis memuru maa\u015flar\u0131, sosyal haklar ve emeklilik \u015fartlar\u0131n\u0131 inceledik.","robots":{"index":"index","follow":"follow","max-snippet":"max-snippet:-1","max-image-preview":"max-image-preview:large","max-video-preview":"max-video-preview:-1"},"canonical":"https:\/\/www.kariyer.net\/kariyer-rehberi\/emekli-polis-memuru-nedir-2025-emekli-polis-memuru-maaslari-ve-sosyal-haklari\/","og_locale":"tr_TR","og_type":"article","og_title":"Emekli polis memuru nedir? 2025 emekli polis memuru maa\u015flar\u0131 ve sosyal haklar\u0131","og_description":"Y\u0131llarca emniyet te\u015fkilat\u0131na hizmet eden emekli polis memurlar\u0131, maa\u015flar\u0131n\u0131n yan\u0131 s\u0131ra bir\u00e7ok sosyal ve idari haktan yararlanabiliyor. 2025 y\u0131l\u0131","og_url":"https:\/\/www.kariyer.net\/kariyer-rehberi\/emekli-polis-memuru-nedir-2025-emekli-polis-memuru-maaslari-ve-sosyal-haklari\/","og_site_name":"Kariyer Rehberi","article_published_time":"2025-08-15T13:06:59+00:00","article_modified_time":"2025-08-15T13:10:24+00:00","og_image":[{"width":900,"height":600,"url":"https:\/\/www.kariyer.net\/kariyer-rehberi\/wp-content\/uploads\/2025\/08\/emekli_polis_memuru.jpg","type":"image\/jpeg"}],"author":"Edit\u00f6r","twitter_card":"summary_large_image","twitter_misc":{"Yazan:":"Edit\u00f6r","Tahmini okuma s\u00fcresi":"2 dakika"},"schema":{"@context":"https:\/\/schema.org","@graph":[{"@type":"Article","@id":"https:\/\/www.kariyer.net\/kariyer-rehberi\/emekli-polis-memuru-nedir-2025-emekli-polis-memuru-maaslari-ve-sosyal-haklari\/#article","isPartOf":{"@id":"https:\/\/www.kariyer.net\/kariyer-rehberi\/emekli-polis-memuru-nedir-2025-emekli-polis-memuru-maaslari-ve-sosyal-haklari\/"},"author":{"name":"Edit\u00f6r","@id":"https:\/\/www.kariyer.net\/kariyer-rehberi\/#\/schema\/person\/94fd6e49c7ff1b1b2565a2cc4fd685dd"},"headline":"Emekli polis memuru nedir? 2025 emekli polis memuru maa\u015flar\u0131 ve sosyal haklar\u0131","datePublished":"2025-08-15T13:06:59+00:00","dateModified":"2025-08-15T13:10:24+00:00","mainEntityOfPage":{"@id":"https:\/\/www.kariyer.net\/kariyer-rehberi\/emekli-polis-memuru-nedir-2025-emekli-polis-memuru-maaslari-ve-sosyal-haklari\/"},"wordCount":375,"publisher":{"@id":"https:\/\/www.kariyer.net\/kariyer-rehberi\/#organization"},"image":{"@id":"https:\/\/www.kariyer.net\/kariyer-rehberi\/emekli-polis-memuru-nedir-2025-emekli-polis-memuru-maaslari-ve-sosyal-haklari\/#primaryimage"},"thumbnailUrl":"https:\/\/www.kariyer.net\/kariyer-rehberi\/wp-content\/uploads\/2025\/08\/emekli_polis_memuru.jpg","articleSection":["Kamuda Kariyer"],"inLanguage":"tr"},{"@type":"WebPage","@id":"https:\/\/www.kariyer.net\/kariyer-rehberi\/emekli-polis-memuru-nedir-2025-emekli-polis-memuru-maaslari-ve-sosyal-haklari\/","url":"https:\/\/www.kariyer.net\/kariyer-rehberi\/emekli-polis-memuru-nedir-2025-emekli-polis-memuru-maaslari-ve-sosyal-haklari\/","name":"Emekli polis memuru nedir?","isPartOf":{"@id":"https:\/\/www.kariyer.net\/kariyer-rehberi\/#website"},"primaryImageOfPage":{"@id":"https:\/\/www.kariyer.net\/kariyer-rehberi\/emekli-polis-memuru-nedir-2025-emekli-polis-memuru-maaslari-ve-sosyal-haklari\/#primaryimage"},"image":{"@id":"https:\/\/www.kariyer.net\/kariyer-rehberi\/emekli-polis-memuru-nedir-2025-emekli-polis-memuru-maaslari-ve-sosyal-haklari\/#primaryimage"},"thumbnailUrl":"https:\/\/www.kariyer.net\/kariyer-rehberi\/wp-content\/uploads\/2025\/08\/emekli_polis_memuru.jpg","datePublished":"2025-08-15T13:06:59+00:00","dateModified":"2025-08-15T13:10:24+00:00","description":"Emekli polis memuru nedir? 2025 y\u0131l\u0131 itibar\u0131yla emekli polis memuru maa\u015flar\u0131, sosyal haklar ve emeklilik \u015fartlar\u0131n\u0131 inceledik.","breadcrumb":{"@id":"https:\/\/www.kariyer.net\/kariyer-rehberi\/emekli-polis-memuru-nedir-2025-emekli-polis-memuru-maaslari-ve-sosyal-haklari\/#breadcrumb"},"inLanguage":"tr","potentialAction":[{"@type":"ReadAction","target":["https:\/\/www.kariyer.net\/kariyer-rehberi\/emekli-polis-memuru-nedir-2025-emekli-polis-memuru-maaslari-ve-sosyal-haklari\/"]}]},{"@type":"ImageObject","inLanguage":"tr","@id":"https:\/\/www.kariyer.net\/kariyer-rehberi\/emekli-polis-memuru-nedir-2025-emekli-polis-memuru-maaslari-ve-sosyal-haklari\/#primaryimage","url":"https:\/\/www.kariyer.net\/kariyer-rehberi\/wp-content\/uploads\/2025\/08\/emekli_polis_memuru.jpg","contentUrl":"https:\/\/www.kariyer.net\/kariyer-rehberi\/wp-content\/uploads\/2025\/08\/emekli_polis_memuru.jpg","width":900,"height":600},{"@type":"BreadcrumbList","@id":"https:\/\/www.kariyer.net\/kariyer-rehberi\/emekli-polis-memuru-nedir-2025-emekli-polis-memuru-maaslari-ve-sosyal-haklari\/#breadcrumb","itemListElement":[{"@type":"ListItem","position":1,"name":"Anasayfa","item":"https:\/\/www.kariyer.net\/kariyer-rehberi\/"},{"@type":"ListItem","position":2,"name":"Emekli polis memuru nedir? 2025 emekli polis memuru maa\u015flar\u0131 ve sosyal haklar\u0131"}]},{"@type":"WebSite","@id":"https:\/\/www.kariyer.net\/kariyer-rehberi\/#website","url":"https:\/\/www.kariyer.net\/kariyer-rehberi\/","name":"Kariyer Rehberi","description":"\u0130\u015f D\u00fcnyas\u0131yla \u0130lgili Bilmek \u0130stedi\u011finiz Her \u015eey","publisher":{"@id":"https:\/\/www.kariyer.net\/kariyer-rehberi\/#organization"},"potentialAction":[{"@type":"SearchAction","target":{"@type":"EntryPoint","urlTemplate":"https:\/\/www.kariyer.net\/kariyer-rehberi\/?s={search_term_string}"},"query-input":{"@type":"PropertyValueSpecification","valueRequired":true,"valueName":"search_term_string"}}],"inLanguage":"tr"},{"@type":"Organization","@id":"https:\/\/www.kariyer.net\/kariyer-rehberi\/#organization","name":"Kariyer.net","url":"https:\/\/www.kariyer.net\/kariyer-rehberi\/","logo":{"@type":"ImageObject","inLanguage":"tr","@id":"https:\/\/www.kariyer.net\/kariyer-rehberi\/#\/schema\/logo\/image\/","url":"https:\/\/www.kariyer.net\/kariyer-rehberi-new\/wp-content\/uploads\/2023\/01\/og-image11.jpg","contentUrl":"https:\/\/www.kariyer.net\/kariyer-rehberi-new\/wp-content\/uploads\/2023\/01\/og-image11.jpg","width":800,"height":800,"caption":"Kariyer.net"},"image":{"@id":"https:\/\/www.kariyer.net\/kariyer-rehberi\/#\/schema\/logo\/image\/"}},{"@type":"Person","@id":"https:\/\/www.kariyer.net\/kariyer-rehberi\/#\/schema\/person\/94fd6e49c7ff1b1b2565a2cc4fd685dd","name":"Edit\u00f6r","image":{"@type":"ImageObject","inLanguage":"tr","@id":"https:\/\/www.kariyer.net\/kariyer-rehberi\/#\/schema\/person\/image\/","url":"https:\/\/secure.gravatar.com\/avatar\/0c4fe6688343aed3693b15573beae12c08ace5565409d5ab7509bf9c115f458d?s=96&d=mm&r=g","contentUrl":"https:\/\/secure.gravatar.com\/avatar\/0c4fe6688343aed3693b15573beae12c08ace5565409d5ab7509bf9c115f458d?s=96&d=mm&r=g","caption":"Edit\u00f6r"},"url":"https:\/\/www.kariyer.net\/kariyer-rehberi\/author\/editor\/"}]}},"_links":{"self":[{"href":"https:\/\/www.kariyer.net\/kariyer-rehberi\/wp-json\/wp\/v2\/posts\/22475","targetHints":{"allow":["GET"]}}],"collection":[{"href":"https:\/\/www.kariyer.net\/kariyer-rehberi\/wp-json\/wp\/v2\/posts"}],"about":[{"href":"https:\/\/www.kariyer.net\/kariyer-rehberi\/wp-json\/wp\/v2\/types\/post"}],"author":[{"embeddable":true,"href":"https:\/\/www.kariyer.net\/kariyer-rehberi\/wp-json\/wp\/v2\/users\/12"}],"replies":[{"embeddable":true,"href":"https:\/\/www.kariyer.net\/kariyer-rehberi\/wp-json\/wp\/v2\/comments?post=22475"}],"version-history":[{"count":1,"href":"https:\/\/www.kariyer.net\/kariyer-rehberi\/wp-json\/wp\/v2\/posts\/22475\/revisions"}],"predecessor-version":[{"id":22477,"href":"https:\/\/www.kariyer.net\/kariyer-rehberi\/wp-json\/wp\/v2\/posts\/22475\/revisions\/22477"}],"wp:featuredmedia":[{"embeddable":true,"href":"https:\/\/www.kariyer.net\/kariyer-rehberi\/wp-json\/wp\/v2\/media\/22476"}],"wp:attachment":[{"href":"https:\/\/www.kariyer.net\/kariyer-rehberi\/wp-json\/wp\/v2\/media?parent=22475"}],"wp:term":[{"taxonomy":"category","embeddable":true,"href":"https:\/\/www.kariyer.net\/kariyer-rehberi\/wp-json\/wp\/v2\/categories?post=22475"},{"taxonomy":"post_tag","embeddable":true,"href":"https:\/\/www.kariyer.net\/kariyer-rehberi\/wp-json\/wp\/v2\/tags?post=22475"}],"curies":[{"name":"wp","href":"https:\/\/api.w.org\/{rel}","templated":true}]}}