{"id":22567,"date":"2025-10-08T15:30:44","date_gmt":"2025-10-08T12:30:44","guid":{"rendered":"https:\/\/www.kariyer.net\/kariyer-rehberi\/?p=22567"},"modified":"2025-10-08T17:41:08","modified_gmt":"2025-10-08T14:41:08","slug":"kariyer-gunleri-gelecegini-sekillendirecek-bulusma-23-ekimde","status":"publish","type":"post","link":"https:\/\/www.kariyer.net\/kariyer-rehberi\/kariyer-gunleri-gelecegini-sekillendirecek-bulusma-23-ekimde\/","title":{"rendered":"Kariyer G\u00fcnleri: Gelece\u011fini \u015fekillendirecek bulu\u015fma 23 Ekim\u2019de!"},"content":{"rendered":"<p data-start=\"230\" data-end=\"434\"><strong>Kariyer hayat\u0131na g\u00fc\u00e7l\u00fc bir ad\u0131m atmak, gelece\u011fini bug\u00fcnden \u015fekillendirmek istiyorsan seni 23 Ekim Per\u015fembe g\u00fcn\u00fc 11.00\u201317.00 saatleri aras\u0131nda online olarak ger\u00e7ekle\u015fecek Kariyer G\u00fcnleri\u2019ne davet ediyoruz!<\/strong><\/p>\n<p data-start=\"436\" data-end=\"695\">Bu \u00f6zel etkinlikte \u00fcniversite \u00f6\u011frencileri, yeni mezunlar ve 0\u20135 y\u0131l aras\u0131 deneyime sahip gen\u00e7 profesyoneller, farkl\u0131 sekt\u00f6rlerden \u00f6nc\u00fc i\u015fverenlerle bir araya gelecek. Sen de kendi alan\u0131nda fark yaratmak isteyen gen\u00e7 yeteneklerden biriysen, bu f\u0131rsat\u0131 ka\u00e7\u0131rma!<\/p>\n<h2 data-start=\"697\" data-end=\"723\"><strong data-start=\"697\" data-end=\"721\">Seni neler bekliyor?<\/strong><\/h2>\n<ul data-start=\"724\" data-end=\"1118\">\n<li data-start=\"724\" data-end=\"793\">\n<p data-start=\"726\" data-end=\"793\">\u0130\u015fverenlerle bire bir yaz\u0131l\u0131 ya da sesli\/g\u00f6r\u00fcnt\u00fcl\u00fc g\u00f6r\u00fc\u015fme imk\u00e2n\u0131,<\/p>\n<\/li>\n<li data-start=\"794\" data-end=\"859\">\n<p data-start=\"796\" data-end=\"859\">CV\u2019ni payla\u015farak yeni i\u015f ve staj f\u0131rsatlar\u0131n\u0131 ke\u015ffetme \u015fans\u0131,<\/p>\n<\/li>\n<li data-start=\"860\" data-end=\"954\">\n<p data-start=\"862\" data-end=\"954\">G\u00fcn boyu s\u00fcrecek canl\u0131 yay\u0131n oturumlar\u0131nda deneyimli profesyonellerin sunumlar\u0131n\u0131 dinleme,<\/p>\n<\/li>\n<li data-start=\"955\" data-end=\"1051\">\n<p data-start=\"957\" data-end=\"1051\">\u015eirket k\u00fclt\u00fcrlerini, staj programlar\u0131n\u0131 ve i\u015fe al\u0131m s\u00fcre\u00e7lerini ilk a\u011f\u0131zdan \u00f6\u011frenme f\u0131rsat\u0131,<\/p>\n<\/li>\n<li data-start=\"1052\" data-end=\"1118\">\n<p data-start=\"1054\" data-end=\"1118\">Merak ettiklerini canl\u0131 soru-cevap seanslar\u0131nda sorma olana\u011f\u0131.<\/p>\n<\/li>\n<\/ul>\n<p data-start=\"1120\" data-end=\"1296\">Kariyer yolculu\u011funa y\u00f6n vermek, farkl\u0131 sekt\u00f6rleri ve i\u015fverenleri yak\u0131ndan tan\u0131mak istiyorsan 23 Ekim\u2019de sen de bu heyecana kat\u0131l!<\/p>\n<p data-start=\"1120\" data-end=\"1296\">Online Kariyer G\u00fcnleri\u2019nde g\u00f6r\u00fc\u015fmek \u00fczere!<\/p>\n<p data-start=\"1298\" data-end=\"1371\"><strong data-start=\"1301\" data-end=\"1371\">Detayl\u0131 bilgi almak ve ba\u015fvuru yapmak i\u00e7in <a href=\"https:\/\/kariyergunleri.kariyer.net\/\" target=\"_blank\" rel=\"noopener\">buraya<\/a> t\u0131klayabilirsin.<\/strong><\/p>\n<!-- templates\/buttons-placeholder.php -->\n<div class=\"da-reactions-outer TpostID22567\">\n\t    <div class=\"da-reactions-data da-reactions-container-async center\"\n         data-type=\"post\"\n         data-id=\"22567\"\n         id=\"da-reactions-slot-post-22567\">\n        <div class=\"da-reactions-static\">\n\t\t\t<img src=\"https:\/\/www.kariyer.net\/kariyer-rehberi\/wp-content\/plugins\/da-reactions\/assets\/dist\/loading.svg\" alt=\"Loading spinner\" width=\"48\" height=\"48\" style=\"width:48px\" \/>\n        <\/div>\n    <\/div>\n<\/div>\n","protected":false},"excerpt":{"rendered":"<p>Kariyer hayat\u0131na g\u00fc\u00e7l\u00fc bir ad\u0131m atmak, gelece\u011fini bug\u00fcnden \u015fekillendirmek istiyorsan seni 23 Ekim Per\u015fembe g\u00fcn\u00fc 11.00\u201317.00 saatleri aras\u0131nda online olarak ger\u00e7ekle\u015fecek Kariyer G\u00fcnleri\u2019ne davet ediyoruz! Bu \u00f6zel etkinlikte \u00fcniversite \u00f6\u011frencileri, yeni mezunlar ve 0\u20135 y\u0131l aras\u0131 deneyime sahip gen\u00e7 profesyoneller, farkl\u0131 sekt\u00f6rlerden \u00f6nc\u00fc i\u015fverenlerle bir araya gelecek. Sen de kendi alan\u0131nda fark yaratmak isteyen gen\u00e7 [&hellip;]<\/p>\n<!-- templates\/buttons-placeholder.php -->\n<div class=\"da-reactions-outer TpostID22567\">\n\t    <div class=\"da-reactions-data da-reactions-container-async center\"\n         data-type=\"post\"\n         data-id=\"22567\"\n         id=\"da-reactions-slot-post-22567\">\n        <div class=\"da-reactions-static\">\n\t\t\t<img src=\"https:\/\/www.kariyer.net\/kariyer-rehberi\/wp-content\/plugins\/da-reactions\/assets\/dist\/loading.svg\" alt=\"Loading spinner\" width=\"48\" height=\"48\" style=\"width:48px\" \/>\n        <\/div>\n    <\/div>\n<\/div>\n","protected":false},"author":12,"featured_media":22568,"comment_status":"closed","ping_status":"open","sticky":false,"template":"","format":"standard","meta":{"footnotes":"","_elementor_edit_mode":"","_elementor_template_type":"","_elementor_data":"","_elementor_page_settings":null,"_elementor_conditions":[]},"categories":[2203],"tags":[],"class_list":{"0":"post-22567","1":"post","2":"type-post","3":"status-publish","4":"format-standard","5":"has-post-thumbnail","7":"category-haberler-duyurular"},"yoast_head":"<!-- This site is optimized with the Yoast SEO Premium plugin v21.4 (Yoast SEO v27.0) - https:\/\/yoast.com\/product\/yoast-seo-premium-wordpress\/ -->\n<title>Kariyer G\u00fcnleri: Gelece\u011fini \u015fekillendirecek bulu\u015fma 23 Ekim\u2019de!<\/title>\n<meta name=\"description\" content=\"Kariyer hayat\u0131na g\u00fc\u00e7l\u00fc bir ad\u0131m atmak, gelece\u011fini bug\u00fcnden \u015fekillendirmek istiyorsan seni Kariyer G\u00fcnleri\u2019ne davet ediyoruz!\" \/>\n<meta name=\"robots\" content=\"index, follow, max-snippet:-1, max-image-preview:large, max-video-preview:-1\" \/>\n<link rel=\"canonical\" href=\"https:\/\/www.kariyer.net\/kariyer-rehberi\/kariyer-gunleri-gelecegini-sekillendirecek-bulusma-23-ekimde\/\" \/>\n<meta property=\"og:locale\" content=\"tr_TR\" \/>\n<meta property=\"og:type\" content=\"article\" \/>\n<meta property=\"og:title\" content=\"Kariyer G\u00fcnleri: Gelece\u011fini \u015fekillendirecek bulu\u015fma 23 Ekim\u2019de!\" \/>\n<meta property=\"og:description\" content=\"Kariyer hayat\u0131na g\u00fc\u00e7l\u00fc bir ad\u0131m atmak, gelece\u011fini bug\u00fcnden \u015fekillendirmek istiyorsan seni 23 Ekim Per\u015fembe g\u00fcn\u00fc 11.00\u201317.00 saatleri aras\u0131nda online\" \/>\n<meta property=\"og:url\" content=\"https:\/\/www.kariyer.net\/kariyer-rehberi\/kariyer-gunleri-gelecegini-sekillendirecek-bulusma-23-ekimde\/\" \/>\n<meta property=\"og:site_name\" content=\"Kariyer Rehberi\" \/>\n<meta property=\"article:published_time\" content=\"2025-10-08T12:30:44+00:00\" \/>\n<meta property=\"article:modified_time\" content=\"2025-10-08T14:41:08+00:00\" \/>\n<meta property=\"og:image\" content=\"https:\/\/www.kariyer.net\/kariyer-rehberi\/wp-content\/uploads\/2025\/10\/kariyer_gunleri.png\" \/>\n\t<meta property=\"og:image:width\" content=\"900\" \/>\n\t<meta property=\"og:image:height\" content=\"600\" \/>\n\t<meta property=\"og:image:type\" content=\"image\/png\" \/>\n<meta name=\"author\" content=\"Edit\u00f6r\" \/>\n<meta name=\"twitter:card\" content=\"summary_large_image\" \/>\n<meta name=\"twitter:label1\" content=\"Yazan:\" \/>\n\t<meta name=\"twitter:data1\" content=\"Edit\u00f6r\" \/>\n\t<meta name=\"twitter:label2\" content=\"Tahmini okuma s\u00fcresi\" \/>\n\t<meta name=\"twitter:data2\" content=\"2 dakika\" \/>\n<!-- \/ Yoast SEO Premium plugin. -->","yoast_head_json":{"title":"Kariyer G\u00fcnleri: Gelece\u011fini \u015fekillendirecek bulu\u015fma 23 Ekim\u2019de!","description":"Kariyer hayat\u0131na g\u00fc\u00e7l\u00fc bir ad\u0131m atmak, gelece\u011fini bug\u00fcnden \u015fekillendirmek istiyorsan seni Kariyer G\u00fcnleri\u2019ne davet ediyoruz!","robots":{"index":"index","follow":"follow","max-snippet":"max-snippet:-1","max-image-preview":"max-image-preview:large","max-video-preview":"max-video-preview:-1"},"canonical":"https:\/\/www.kariyer.net\/kariyer-rehberi\/kariyer-gunleri-gelecegini-sekillendirecek-bulusma-23-ekimde\/","og_locale":"tr_TR","og_type":"article","og_title":"Kariyer G\u00fcnleri: Gelece\u011fini \u015fekillendirecek bulu\u015fma 23 Ekim\u2019de!","og_description":"Kariyer hayat\u0131na g\u00fc\u00e7l\u00fc bir ad\u0131m atmak, gelece\u011fini bug\u00fcnden \u015fekillendirmek istiyorsan seni 23 Ekim Per\u015fembe g\u00fcn\u00fc 11.00\u201317.00 saatleri aras\u0131nda online","og_url":"https:\/\/www.kariyer.net\/kariyer-rehberi\/kariyer-gunleri-gelecegini-sekillendirecek-bulusma-23-ekimde\/","og_site_name":"Kariyer Rehberi","article_published_time":"2025-10-08T12:30:44+00:00","article_modified_time":"2025-10-08T14:41:08+00:00","og_image":[{"width":900,"height":600,"url":"https:\/\/www.kariyer.net\/kariyer-rehberi\/wp-content\/uploads\/2025\/10\/kariyer_gunleri.png","type":"image\/png"}],"author":"Edit\u00f6r","twitter_card":"summary_large_image","twitter_misc":{"Yazan:":"Edit\u00f6r","Tahmini okuma s\u00fcresi":"2 dakika"},"schema":{"@context":"https:\/\/schema.org","@graph":[{"@type":"Article","@id":"https:\/\/www.kariyer.net\/kariyer-rehberi\/kariyer-gunleri-gelecegini-sekillendirecek-bulusma-23-ekimde\/#article","isPartOf":{"@id":"https:\/\/www.kariyer.net\/kariyer-rehberi\/kariyer-gunleri-gelecegini-sekillendirecek-bulusma-23-ekimde\/"},"author":{"name":"Edit\u00f6r","@id":"https:\/\/www.kariyer.net\/kariyer-rehberi\/#\/schema\/person\/94fd6e49c7ff1b1b2565a2cc4fd685dd"},"headline":"Kariyer G\u00fcnleri: Gelece\u011fini \u015fekillendirecek bulu\u015fma 23 Ekim\u2019de!","datePublished":"2025-10-08T12:30:44+00:00","dateModified":"2025-10-08T14:41:08+00:00","mainEntityOfPage":{"@id":"https:\/\/www.kariyer.net\/kariyer-rehberi\/kariyer-gunleri-gelecegini-sekillendirecek-bulusma-23-ekimde\/"},"wordCount":209,"publisher":{"@id":"https:\/\/www.kariyer.net\/kariyer-rehberi\/#organization"},"image":{"@id":"https:\/\/www.kariyer.net\/kariyer-rehberi\/kariyer-gunleri-gelecegini-sekillendirecek-bulusma-23-ekimde\/#primaryimage"},"thumbnailUrl":"https:\/\/www.kariyer.net\/kariyer-rehberi\/wp-content\/uploads\/2025\/10\/kariyer_gunleri.png","articleSection":["Haberler ve Duyurular"],"inLanguage":"tr"},{"@type":"WebPage","@id":"https:\/\/www.kariyer.net\/kariyer-rehberi\/kariyer-gunleri-gelecegini-sekillendirecek-bulusma-23-ekimde\/","url":"https:\/\/www.kariyer.net\/kariyer-rehberi\/kariyer-gunleri-gelecegini-sekillendirecek-bulusma-23-ekimde\/","name":"Kariyer G\u00fcnleri: Gelece\u011fini \u015fekillendirecek bulu\u015fma 23 Ekim\u2019de!","isPartOf":{"@id":"https:\/\/www.kariyer.net\/kariyer-rehberi\/#website"},"primaryImageOfPage":{"@id":"https:\/\/www.kariyer.net\/kariyer-rehberi\/kariyer-gunleri-gelecegini-sekillendirecek-bulusma-23-ekimde\/#primaryimage"},"image":{"@id":"https:\/\/www.kariyer.net\/kariyer-rehberi\/kariyer-gunleri-gelecegini-sekillendirecek-bulusma-23-ekimde\/#primaryimage"},"thumbnailUrl":"https:\/\/www.kariyer.net\/kariyer-rehberi\/wp-content\/uploads\/2025\/10\/kariyer_gunleri.png","datePublished":"2025-10-08T12:30:44+00:00","dateModified":"2025-10-08T14:41:08+00:00","description":"Kariyer hayat\u0131na g\u00fc\u00e7l\u00fc bir ad\u0131m atmak, gelece\u011fini bug\u00fcnden \u015fekillendirmek istiyorsan seni Kariyer G\u00fcnleri\u2019ne davet ediyoruz!","breadcrumb":{"@id":"https:\/\/www.kariyer.net\/kariyer-rehberi\/kariyer-gunleri-gelecegini-sekillendirecek-bulusma-23-ekimde\/#breadcrumb"},"inLanguage":"tr","potentialAction":[{"@type":"ReadAction","target":["https:\/\/www.kariyer.net\/kariyer-rehberi\/kariyer-gunleri-gelecegini-sekillendirecek-bulusma-23-ekimde\/"]}]},{"@type":"ImageObject","inLanguage":"tr","@id":"https:\/\/www.kariyer.net\/kariyer-rehberi\/kariyer-gunleri-gelecegini-sekillendirecek-bulusma-23-ekimde\/#primaryimage","url":"https:\/\/www.kariyer.net\/kariyer-rehberi\/wp-content\/uploads\/2025\/10\/kariyer_gunleri.png","contentUrl":"https:\/\/www.kariyer.net\/kariyer-rehberi\/wp-content\/uploads\/2025\/10\/kariyer_gunleri.png","width":900,"height":600},{"@type":"BreadcrumbList","@id":"https:\/\/www.kariyer.net\/kariyer-rehberi\/kariyer-gunleri-gelecegini-sekillendirecek-bulusma-23-ekimde\/#breadcrumb","itemListElement":[{"@type":"ListItem","position":1,"name":"Anasayfa","item":"https:\/\/www.kariyer.net\/kariyer-rehberi\/"},{"@type":"ListItem","position":2,"name":"Kariyer G\u00fcnleri: Gelece\u011fini \u015fekillendirecek bulu\u015fma 23 Ekim\u2019de!"}]},{"@type":"WebSite","@id":"https:\/\/www.kariyer.net\/kariyer-rehberi\/#website","url":"https:\/\/www.kariyer.net\/kariyer-rehberi\/","name":"Kariyer Rehberi","description":"\u0130\u015f D\u00fcnyas\u0131yla \u0130lgili Bilmek \u0130stedi\u011finiz Her \u015eey","publisher":{"@id":"https:\/\/www.kariyer.net\/kariyer-rehberi\/#organization"},"potentialAction":[{"@type":"SearchAction","target":{"@type":"EntryPoint","urlTemplate":"https:\/\/www.kariyer.net\/kariyer-rehberi\/?s={search_term_string}"},"query-input":{"@type":"PropertyValueSpecification","valueRequired":true,"valueName":"search_term_string"}}],"inLanguage":"tr"},{"@type":"Organization","@id":"https:\/\/www.kariyer.net\/kariyer-rehberi\/#organization","name":"Kariyer.net","url":"https:\/\/www.kariyer.net\/kariyer-rehberi\/","logo":{"@type":"ImageObject","inLanguage":"tr","@id":"https:\/\/www.kariyer.net\/kariyer-rehberi\/#\/schema\/logo\/image\/","url":"https:\/\/www.kariyer.net\/kariyer-rehberi-new\/wp-content\/uploads\/2023\/01\/og-image11.jpg","contentUrl":"https:\/\/www.kariyer.net\/kariyer-rehberi-new\/wp-content\/uploads\/2023\/01\/og-image11.jpg","width":800,"height":800,"caption":"Kariyer.net"},"image":{"@id":"https:\/\/www.kariyer.net\/kariyer-rehberi\/#\/schema\/logo\/image\/"}},{"@type":"Person","@id":"https:\/\/www.kariyer.net\/kariyer-rehberi\/#\/schema\/person\/94fd6e49c7ff1b1b2565a2cc4fd685dd","name":"Edit\u00f6r","image":{"@type":"ImageObject","inLanguage":"tr","@id":"https:\/\/www.kariyer.net\/kariyer-rehberi\/#\/schema\/person\/image\/","url":"https:\/\/secure.gravatar.com\/avatar\/0c4fe6688343aed3693b15573beae12c08ace5565409d5ab7509bf9c115f458d?s=96&d=mm&r=g","contentUrl":"https:\/\/secure.gravatar.com\/avatar\/0c4fe6688343aed3693b15573beae12c08ace5565409d5ab7509bf9c115f458d?s=96&d=mm&r=g","caption":"Edit\u00f6r"},"url":"https:\/\/www.kariyer.net\/kariyer-rehberi\/author\/editor\/"}]}},"_links":{"self":[{"href":"https:\/\/www.kariyer.net\/kariyer-rehberi\/wp-json\/wp\/v2\/posts\/22567","targetHints":{"allow":["GET"]}}],"collection":[{"href":"https:\/\/www.kariyer.net\/kariyer-rehberi\/wp-json\/wp\/v2\/posts"}],"about":[{"href":"https:\/\/www.kariyer.net\/kariyer-rehberi\/wp-json\/wp\/v2\/types\/post"}],"author":[{"embeddable":true,"href":"https:\/\/www.kariyer.net\/kariyer-rehberi\/wp-json\/wp\/v2\/users\/12"}],"replies":[{"embeddable":true,"href":"https:\/\/www.kariyer.net\/kariyer-rehberi\/wp-json\/wp\/v2\/comments?post=22567"}],"version-history":[{"count":2,"href":"https:\/\/www.kariyer.net\/kariyer-rehberi\/wp-json\/wp\/v2\/posts\/22567\/revisions"}],"predecessor-version":[{"id":22570,"href":"https:\/\/www.kariyer.net\/kariyer-rehberi\/wp-json\/wp\/v2\/posts\/22567\/revisions\/22570"}],"wp:featuredmedia":[{"embeddable":true,"href":"https:\/\/www.kariyer.net\/kariyer-rehberi\/wp-json\/wp\/v2\/media\/22568"}],"wp:attachment":[{"href":"https:\/\/www.kariyer.net\/kariyer-rehberi\/wp-json\/wp\/v2\/media?parent=22567"}],"wp:term":[{"taxonomy":"category","embeddable":true,"href":"https:\/\/www.kariyer.net\/kariyer-rehberi\/wp-json\/wp\/v2\/categories?post=22567"},{"taxonomy":"post_tag","embeddable":true,"href":"https:\/\/www.kariyer.net\/kariyer-rehberi\/wp-json\/wp\/v2\/tags?post=22567"}],"curies":[{"name":"wp","href":"https:\/\/api.w.org\/{rel}","templated":true}]}}