{"id":22631,"date":"2025-11-21T15:32:49","date_gmt":"2025-11-21T12:32:49","guid":{"rendered":"https:\/\/www.kariyer.net\/kariyer-rehberi\/?p=22631"},"modified":"2025-11-25T16:01:33","modified_gmt":"2025-11-25T13:01:33","slug":"kpss-2025-2-merkezi-atama-tercih-tarihleri-netlesti","status":"publish","type":"post","link":"https:\/\/www.kariyer.net\/kariyer-rehberi\/kpss-2025-2-merkezi-atama-tercih-tarihleri-netlesti\/","title":{"rendered":"KPSS 2025\/2 merkezi atama tercih tarihleri netle\u015fti"},"content":{"rendered":"<p><strong>KPSS 2025\/2 merkezi atama tercih d\u00f6nemi 18\u201325 Aral\u0131k 2025 olarak a\u00e7\u0131kland\u0131. Adaylar, \u00d6SYM\u2019nin yay\u0131nlayaca\u011f\u0131 tercih k\u0131lavuzuna g\u00f6re kamu kurumlar\u0131ndaki kadrolara ba\u015fvurabilecek.<\/strong><\/p>\n<h2>KPSS 2025\/2 merkezi atama tercihleri ne zaman yap\u0131lacak?<\/h2>\n<p>\u00d6SYM, 2025 y\u0131l\u0131 i\u00e7in ikinci merkezi atama d\u00f6nemi (KPSS-2025\/2) takvimini kamuoyuyla payla\u015ft\u0131. Bu d\u00f6nemde adaylar tercihlerini 18 \u2013 25 Aral\u0131k 2025 tarihleri aras\u0131nda Aday \u0130\u015flemleri Sistemi (A\u0130S) \u00fczerinden yapacak.<\/p>\n<h2>Tercih yaparken nelere dikkat edilmeli?<\/h2>\n<p><strong>Tercih k\u0131lavuzu:<\/strong> \u00d6SYM\u2019nin tercih k\u0131lavuzu, tercih s\u00fcreci ba\u015flamadan \u00f6nce yay\u0131nlanacak. K\u0131lavuzda hangi kurumlar\u0131n hangi kadrolar i\u00e7in al\u0131m yapt\u0131\u011f\u0131, puan t\u00fcrlerine g\u00f6re kontenjanlar ve tercih kodlar\u0131 yer alacak. Kariyer.net KPSS tercih motorunu incelemek i\u00e7in <strong><a href=\"https:\/\/www.kariyer.net\/kpss-tercih-motoru\" target=\"_blank\" rel=\"noopener\">buraya<\/a><\/strong> t\u0131klayabilirsiniz.<\/p>\n<p><strong>Puan t\u00fcr\u00fc:<\/strong> KPSS lisans s\u0131nav\u0131 sonucunda \u00f6zellikle P1, P2 ve P3 puan t\u00fcrleri \u00f6n plana \u00e7\u0131k\u0131yor. Bu puan t\u00fcrleri, adaylar\u0131n hangi kadrolara ba\u015fvurabilece\u011finde belirleyici olacak.<\/p>\n<p><strong>Kadro \u015fartlar\u0131:<\/strong> Her kurumun kadro \u015fartlar\u0131 farkl\u0131 olabilir. Mezuniyet durumu, alan bilgisi ya da \u00f6zel nitelikler tercihte \u00f6nem ta\u015f\u0131r. Tercih yaparken bu ko\u015fullar\u0131 dikkatle incelemek fayda sa\u011flar.<\/p>\n<h2><strong>P1 \/ P2 \/ P3 puan t\u00fcrlerine g\u00f6re al\u0131m yapan kurumlar<\/strong><\/h2>\n<p><strong>P1 puan t\u00fcr\u00fc<\/strong>, Genel Yetenek testi sorular\u0131n\u0131n %70, Genel K\u00fclt\u00fcr sorular\u0131n\u0131n %30 a\u011f\u0131rl\u0131kta oldu\u011fu puan t\u00fcr\u00fcd\u00fcr. Bu puan t\u00fcr\u00fc; \u00f6zellikle m\u00fchendislik, uzman yard\u0131mc\u0131l\u0131\u011f\u0131 ve denetim kadrolar\u0131 i\u00e7in ge\u00e7erli oluyor. Buna g\u00f6re, P1 puan\u0131 ile al\u0131m yapan kurumlar aras\u0131nda yer alan <strong>baz\u0131 kurumlar<\/strong> \u015f\u00f6yle;<\/p>\n<ul>\n<li>Sermaye Piyasas\u0131 Kurulu (SPK) Uzman Yard\u0131mc\u0131s\u0131, Bili\u015fim Personeli<\/li>\n<li>Rekabet Kurumu Uzman Yard\u0131mc\u0131s\u0131<\/li>\n<li>T\u00fcrkiye Cumhuriyet Merkez Bankas\u0131 (TCMB) Uzman ve Denet\u00e7i Yard\u0131mc\u0131s\u0131<\/li>\n<\/ul>\n<p><strong>P2 puan t\u00fcr\u00fc<\/strong>, Genel Yetenek sorular\u0131n\u0131n %60, Genel K\u00fclt\u00fcr sorular\u0131n\u0131n %40 a\u011f\u0131rl\u0131\u011f\u0131nda hesaplan\u0131r. Bu t\u00fcr, lisans mezunlar\u0131n\u0131n genel uzman kadrolar\u0131nda s\u0131kl\u0131kla ba\u015fvurduklar\u0131 bir puand\u0131r. P2 ile al\u0131m yapan kurumlara \u00f6rnekler:<\/p>\n<ul>\n<li>Diyanet \u0130\u015fleri Ba\u015fkanl\u0131\u011f\u0131 Uzman Yard\u0131mc\u0131l\u0131\u011f\u0131<\/li>\n<li>\u00c7al\u0131\u015fma ve Sosyal G\u00fcvenlik Bakanl\u0131\u011f\u0131<\/li>\n<li>Kalk\u0131nma Bankas\u0131 Uzman Yard\u0131mc\u0131l\u0131\u011f\u0131<\/li>\n<\/ul>\n<p data-start=\"1435\" data-end=\"1657\"><strong data-start=\"1435\" data-end=\"1452\">P3 puan t\u00fcr\u00fc:<\/strong> Genel Yetenek ve Genel K\u00fclt\u00fcr sorular\u0131n\u0131n e\u015fit (%50-%50) a\u011f\u0131rl\u0131kl\u0131 puan t\u00fcr\u00fcd\u00fcr. P3 puan t\u00fcr\u00fcyle kamu y\u00f6netimi, hukuk, iktisat gibi sosyal bilimler alan\u0131nda kadrolara ba\u015fvurulabilir.<br data-start=\"1635\" data-end=\"1638\" \/>\u00d6rnek kurumlar:<\/p>\n<ul>\n<li data-start=\"1662\" data-end=\"1702\">Adalet Bakanl\u0131\u011f\u0131 M\u00fcfetti\u015f Yard\u0131mc\u0131l\u0131\u011f\u0131<\/li>\n<li data-start=\"1707\" data-end=\"1744\">Maliye Bakanl\u0131\u011f\u0131 Uzman Yard\u0131mc\u0131l\u0131\u011f\u0131<\/li>\n<li data-start=\"1749\" data-end=\"1796\">Hazine ve Maliye Bakanl\u0131\u011f\u0131 Uzman Yard\u0131mc\u0131l\u0131\u011f\u0131<\/li>\n<\/ul>\n<p><strong data-start=\"90\" data-end=\"98\">\u00d6NEML\u0130! <\/strong>Her y\u0131l \u00d6SYM\u2019nin tercih k\u0131lavuzu biraz de\u011fi\u015febiliyor; hangi kurum hangi puan t\u00fcr\u00fcnden al\u0131m yapacak, kadro say\u0131lar\u0131 ne olacak gibi detaylar bu k\u0131lavuzda netle\u015fiyor. Bu y\u00fczden tercihlerde s\u00fcrpriz ya\u015famamak i\u00e7in k\u0131lavuz yay\u0131nland\u0131\u011f\u0131nda mutlaka detayl\u0131ca incelemek gerekiyor.<\/p>\n<!-- templates\/buttons-placeholder.php -->\n<div class=\"da-reactions-outer TpostID22631\">\n\t    <div class=\"da-reactions-data da-reactions-container-async center\"\n         data-type=\"post\"\n         data-id=\"22631\"\n         id=\"da-reactions-slot-post-22631\">\n        <div class=\"da-reactions-static\">\n\t\t\t<img src=\"https:\/\/www.kariyer.net\/kariyer-rehberi\/wp-content\/plugins\/da-reactions\/assets\/dist\/loading.svg\" alt=\"Loading spinner\" width=\"48\" height=\"48\" style=\"width:48px\" \/>\n        <\/div>\n    <\/div>\n<\/div>\n","protected":false},"excerpt":{"rendered":"<p>KPSS 2025\/2 merkezi atama tercih d\u00f6nemi 18\u201325 Aral\u0131k 2025 olarak a\u00e7\u0131kland\u0131. Adaylar, \u00d6SYM\u2019nin yay\u0131nlayaca\u011f\u0131 tercih k\u0131lavuzuna g\u00f6re kamu kurumlar\u0131ndaki kadrolara ba\u015fvurabilecek. KPSS 2025\/2 merkezi atama tercihleri ne zaman yap\u0131lacak? \u00d6SYM, 2025 y\u0131l\u0131 i\u00e7in ikinci merkezi atama d\u00f6nemi (KPSS-2025\/2) takvimini kamuoyuyla payla\u015ft\u0131. Bu d\u00f6nemde adaylar tercihlerini 18 \u2013 25 Aral\u0131k 2025 tarihleri aras\u0131nda Aday \u0130\u015flemleri Sistemi [&hellip;]<\/p>\n<!-- templates\/buttons-placeholder.php -->\n<div class=\"da-reactions-outer TpostID22631\">\n\t    <div class=\"da-reactions-data da-reactions-container-async center\"\n         data-type=\"post\"\n         data-id=\"22631\"\n         id=\"da-reactions-slot-post-22631\">\n        <div class=\"da-reactions-static\">\n\t\t\t<img src=\"https:\/\/www.kariyer.net\/kariyer-rehberi\/wp-content\/plugins\/da-reactions\/assets\/dist\/loading.svg\" alt=\"Loading spinner\" width=\"48\" height=\"48\" style=\"width:48px\" \/>\n        <\/div>\n    <\/div>\n<\/div>\n","protected":false},"author":12,"featured_media":22633,"comment_status":"closed","ping_status":"open","sticky":false,"template":"","format":"standard","meta":{"footnotes":"","_elementor_edit_mode":"","_elementor_template_type":"","_elementor_data":"","_elementor_page_settings":null,"_elementor_conditions":[]},"categories":[2215],"tags":[],"class_list":{"0":"post-22631","1":"post","2":"type-post","3":"status-publish","4":"format-standard","5":"has-post-thumbnail","7":"category-kamuda-kariyer"},"yoast_head":"<!-- This site is optimized with the Yoast SEO Premium plugin v21.4 (Yoast SEO v27.0) - https:\/\/yoast.com\/product\/yoast-seo-premium-wordpress\/ -->\n<title>KPSS 2025\/2 merkezi atama tercih tarihleri netle\u015fti<\/title>\n<meta name=\"description\" content=\"Adaylar, \u00d6SYM\u2019nin yay\u0131nlayaca\u011f\u0131 tercih k\u0131lavuzuna g\u00f6re kamu kurumlar\u0131ndaki kadrolara ba\u015fvurabilecek. \u0130\u015fte, detaylar!\" \/>\n<meta name=\"robots\" content=\"index, follow, max-snippet:-1, max-image-preview:large, max-video-preview:-1\" \/>\n<link rel=\"canonical\" href=\"https:\/\/www.kariyer.net\/kariyer-rehberi\/kpss-2025-2-merkezi-atama-tercih-tarihleri-netlesti\/\" \/>\n<meta property=\"og:locale\" content=\"tr_TR\" \/>\n<meta property=\"og:type\" content=\"article\" \/>\n<meta property=\"og:title\" content=\"KPSS 2025\/2 merkezi atama tercih tarihleri netle\u015fti\" \/>\n<meta property=\"og:description\" content=\"KPSS 2025\/2 merkezi atama tercih d\u00f6nemi 18\u201325 Aral\u0131k 2025 olarak a\u00e7\u0131kland\u0131. Adaylar, \u00d6SYM\u2019nin yay\u0131nlayaca\u011f\u0131 tercih k\u0131lavuzuna g\u00f6re kamu kurumlar\u0131ndaki\" \/>\n<meta property=\"og:url\" content=\"https:\/\/www.kariyer.net\/kariyer-rehberi\/kpss-2025-2-merkezi-atama-tercih-tarihleri-netlesti\/\" \/>\n<meta property=\"og:site_name\" content=\"Kariyer Rehberi\" \/>\n<meta property=\"article:published_time\" content=\"2025-11-21T12:32:49+00:00\" \/>\n<meta property=\"article:modified_time\" content=\"2025-11-25T13:01:33+00:00\" \/>\n<meta property=\"og:image\" content=\"https:\/\/www.kariyer.net\/kariyer-rehberi\/wp-content\/uploads\/2025\/11\/KPSS-2025-merkezi-atama.jpg\" \/>\n\t<meta property=\"og:image:width\" content=\"900\" \/>\n\t<meta property=\"og:image:height\" content=\"600\" \/>\n\t<meta property=\"og:image:type\" content=\"image\/jpeg\" \/>\n<meta name=\"author\" content=\"Edit\u00f6r\" \/>\n<meta name=\"twitter:card\" content=\"summary_large_image\" \/>\n<meta name=\"twitter:label1\" content=\"Yazan:\" \/>\n\t<meta name=\"twitter:data1\" content=\"Edit\u00f6r\" \/>\n\t<meta name=\"twitter:label2\" content=\"Tahmini okuma s\u00fcresi\" \/>\n\t<meta name=\"twitter:data2\" content=\"3 dakika\" \/>\n<!-- \/ Yoast SEO Premium plugin. -->","yoast_head_json":{"title":"KPSS 2025\/2 merkezi atama tercih tarihleri netle\u015fti","description":"Adaylar, \u00d6SYM\u2019nin yay\u0131nlayaca\u011f\u0131 tercih k\u0131lavuzuna g\u00f6re kamu kurumlar\u0131ndaki kadrolara ba\u015fvurabilecek. \u0130\u015fte, detaylar!","robots":{"index":"index","follow":"follow","max-snippet":"max-snippet:-1","max-image-preview":"max-image-preview:large","max-video-preview":"max-video-preview:-1"},"canonical":"https:\/\/www.kariyer.net\/kariyer-rehberi\/kpss-2025-2-merkezi-atama-tercih-tarihleri-netlesti\/","og_locale":"tr_TR","og_type":"article","og_title":"KPSS 2025\/2 merkezi atama tercih tarihleri netle\u015fti","og_description":"KPSS 2025\/2 merkezi atama tercih d\u00f6nemi 18\u201325 Aral\u0131k 2025 olarak a\u00e7\u0131kland\u0131. Adaylar, \u00d6SYM\u2019nin yay\u0131nlayaca\u011f\u0131 tercih k\u0131lavuzuna g\u00f6re kamu kurumlar\u0131ndaki","og_url":"https:\/\/www.kariyer.net\/kariyer-rehberi\/kpss-2025-2-merkezi-atama-tercih-tarihleri-netlesti\/","og_site_name":"Kariyer Rehberi","article_published_time":"2025-11-21T12:32:49+00:00","article_modified_time":"2025-11-25T13:01:33+00:00","og_image":[{"width":900,"height":600,"url":"https:\/\/www.kariyer.net\/kariyer-rehberi\/wp-content\/uploads\/2025\/11\/KPSS-2025-merkezi-atama.jpg","type":"image\/jpeg"}],"author":"Edit\u00f6r","twitter_card":"summary_large_image","twitter_misc":{"Yazan:":"Edit\u00f6r","Tahmini okuma s\u00fcresi":"3 dakika"},"schema":{"@context":"https:\/\/schema.org","@graph":[{"@type":"Article","@id":"https:\/\/www.kariyer.net\/kariyer-rehberi\/kpss-2025-2-merkezi-atama-tercih-tarihleri-netlesti\/#article","isPartOf":{"@id":"https:\/\/www.kariyer.net\/kariyer-rehberi\/kpss-2025-2-merkezi-atama-tercih-tarihleri-netlesti\/"},"author":{"name":"Edit\u00f6r","@id":"https:\/\/www.kariyer.net\/kariyer-rehberi\/#\/schema\/person\/94fd6e49c7ff1b1b2565a2cc4fd685dd"},"headline":"KPSS 2025\/2 merkezi atama tercih tarihleri netle\u015fti","datePublished":"2025-11-21T12:32:49+00:00","dateModified":"2025-11-25T13:01:33+00:00","mainEntityOfPage":{"@id":"https:\/\/www.kariyer.net\/kariyer-rehberi\/kpss-2025-2-merkezi-atama-tercih-tarihleri-netlesti\/"},"wordCount":487,"publisher":{"@id":"https:\/\/www.kariyer.net\/kariyer-rehberi\/#organization"},"image":{"@id":"https:\/\/www.kariyer.net\/kariyer-rehberi\/kpss-2025-2-merkezi-atama-tercih-tarihleri-netlesti\/#primaryimage"},"thumbnailUrl":"https:\/\/www.kariyer.net\/kariyer-rehberi\/wp-content\/uploads\/2025\/11\/KPSS-2025-merkezi-atama.jpg","articleSection":["Kamuda Kariyer"],"inLanguage":"tr"},{"@type":"WebPage","@id":"https:\/\/www.kariyer.net\/kariyer-rehberi\/kpss-2025-2-merkezi-atama-tercih-tarihleri-netlesti\/","url":"https:\/\/www.kariyer.net\/kariyer-rehberi\/kpss-2025-2-merkezi-atama-tercih-tarihleri-netlesti\/","name":"KPSS 2025\/2 merkezi atama tercih tarihleri netle\u015fti","isPartOf":{"@id":"https:\/\/www.kariyer.net\/kariyer-rehberi\/#website"},"primaryImageOfPage":{"@id":"https:\/\/www.kariyer.net\/kariyer-rehberi\/kpss-2025-2-merkezi-atama-tercih-tarihleri-netlesti\/#primaryimage"},"image":{"@id":"https:\/\/www.kariyer.net\/kariyer-rehberi\/kpss-2025-2-merkezi-atama-tercih-tarihleri-netlesti\/#primaryimage"},"thumbnailUrl":"https:\/\/www.kariyer.net\/kariyer-rehberi\/wp-content\/uploads\/2025\/11\/KPSS-2025-merkezi-atama.jpg","datePublished":"2025-11-21T12:32:49+00:00","dateModified":"2025-11-25T13:01:33+00:00","description":"Adaylar, \u00d6SYM\u2019nin yay\u0131nlayaca\u011f\u0131 tercih k\u0131lavuzuna g\u00f6re kamu kurumlar\u0131ndaki kadrolara ba\u015fvurabilecek. \u0130\u015fte, detaylar!","breadcrumb":{"@id":"https:\/\/www.kariyer.net\/kariyer-rehberi\/kpss-2025-2-merkezi-atama-tercih-tarihleri-netlesti\/#breadcrumb"},"inLanguage":"tr","potentialAction":[{"@type":"ReadAction","target":["https:\/\/www.kariyer.net\/kariyer-rehberi\/kpss-2025-2-merkezi-atama-tercih-tarihleri-netlesti\/"]}]},{"@type":"ImageObject","inLanguage":"tr","@id":"https:\/\/www.kariyer.net\/kariyer-rehberi\/kpss-2025-2-merkezi-atama-tercih-tarihleri-netlesti\/#primaryimage","url":"https:\/\/www.kariyer.net\/kariyer-rehberi\/wp-content\/uploads\/2025\/11\/KPSS-2025-merkezi-atama.jpg","contentUrl":"https:\/\/www.kariyer.net\/kariyer-rehberi\/wp-content\/uploads\/2025\/11\/KPSS-2025-merkezi-atama.jpg","width":900,"height":600},{"@type":"BreadcrumbList","@id":"https:\/\/www.kariyer.net\/kariyer-rehberi\/kpss-2025-2-merkezi-atama-tercih-tarihleri-netlesti\/#breadcrumb","itemListElement":[{"@type":"ListItem","position":1,"name":"Anasayfa","item":"https:\/\/www.kariyer.net\/kariyer-rehberi\/"},{"@type":"ListItem","position":2,"name":"KPSS 2025\/2 merkezi atama tercih tarihleri netle\u015fti"}]},{"@type":"WebSite","@id":"https:\/\/www.kariyer.net\/kariyer-rehberi\/#website","url":"https:\/\/www.kariyer.net\/kariyer-rehberi\/","name":"Kariyer Rehberi","description":"\u0130\u015f D\u00fcnyas\u0131yla \u0130lgili Bilmek \u0130stedi\u011finiz Her \u015eey","publisher":{"@id":"https:\/\/www.kariyer.net\/kariyer-rehberi\/#organization"},"potentialAction":[{"@type":"SearchAction","target":{"@type":"EntryPoint","urlTemplate":"https:\/\/www.kariyer.net\/kariyer-rehberi\/?s={search_term_string}"},"query-input":{"@type":"PropertyValueSpecification","valueRequired":true,"valueName":"search_term_string"}}],"inLanguage":"tr"},{"@type":"Organization","@id":"https:\/\/www.kariyer.net\/kariyer-rehberi\/#organization","name":"Kariyer.net","url":"https:\/\/www.kariyer.net\/kariyer-rehberi\/","logo":{"@type":"ImageObject","inLanguage":"tr","@id":"https:\/\/www.kariyer.net\/kariyer-rehberi\/#\/schema\/logo\/image\/","url":"https:\/\/www.kariyer.net\/kariyer-rehberi-new\/wp-content\/uploads\/2023\/01\/og-image11.jpg","contentUrl":"https:\/\/www.kariyer.net\/kariyer-rehberi-new\/wp-content\/uploads\/2023\/01\/og-image11.jpg","width":800,"height":800,"caption":"Kariyer.net"},"image":{"@id":"https:\/\/www.kariyer.net\/kariyer-rehberi\/#\/schema\/logo\/image\/"}},{"@type":"Person","@id":"https:\/\/www.kariyer.net\/kariyer-rehberi\/#\/schema\/person\/94fd6e49c7ff1b1b2565a2cc4fd685dd","name":"Edit\u00f6r","image":{"@type":"ImageObject","inLanguage":"tr","@id":"https:\/\/www.kariyer.net\/kariyer-rehberi\/#\/schema\/person\/image\/","url":"https:\/\/secure.gravatar.com\/avatar\/0c4fe6688343aed3693b15573beae12c08ace5565409d5ab7509bf9c115f458d?s=96&d=mm&r=g","contentUrl":"https:\/\/secure.gravatar.com\/avatar\/0c4fe6688343aed3693b15573beae12c08ace5565409d5ab7509bf9c115f458d?s=96&d=mm&r=g","caption":"Edit\u00f6r"},"url":"https:\/\/www.kariyer.net\/kariyer-rehberi\/author\/editor\/"}]}},"_links":{"self":[{"href":"https:\/\/www.kariyer.net\/kariyer-rehberi\/wp-json\/wp\/v2\/posts\/22631","targetHints":{"allow":["GET"]}}],"collection":[{"href":"https:\/\/www.kariyer.net\/kariyer-rehberi\/wp-json\/wp\/v2\/posts"}],"about":[{"href":"https:\/\/www.kariyer.net\/kariyer-rehberi\/wp-json\/wp\/v2\/types\/post"}],"author":[{"embeddable":true,"href":"https:\/\/www.kariyer.net\/kariyer-rehberi\/wp-json\/wp\/v2\/users\/12"}],"replies":[{"embeddable":true,"href":"https:\/\/www.kariyer.net\/kariyer-rehberi\/wp-json\/wp\/v2\/comments?post=22631"}],"version-history":[{"count":4,"href":"https:\/\/www.kariyer.net\/kariyer-rehberi\/wp-json\/wp\/v2\/posts\/22631\/revisions"}],"predecessor-version":[{"id":22644,"href":"https:\/\/www.kariyer.net\/kariyer-rehberi\/wp-json\/wp\/v2\/posts\/22631\/revisions\/22644"}],"wp:featuredmedia":[{"embeddable":true,"href":"https:\/\/www.kariyer.net\/kariyer-rehberi\/wp-json\/wp\/v2\/media\/22633"}],"wp:attachment":[{"href":"https:\/\/www.kariyer.net\/kariyer-rehberi\/wp-json\/wp\/v2\/media?parent=22631"}],"wp:term":[{"taxonomy":"category","embeddable":true,"href":"https:\/\/www.kariyer.net\/kariyer-rehberi\/wp-json\/wp\/v2\/categories?post=22631"},{"taxonomy":"post_tag","embeddable":true,"href":"https:\/\/www.kariyer.net\/kariyer-rehberi\/wp-json\/wp\/v2\/tags?post=22631"}],"curies":[{"name":"wp","href":"https:\/\/api.w.org\/{rel}","templated":true}]}}