{"id":22677,"date":"2025-12-05T09:56:45","date_gmt":"2025-12-05T06:56:45","guid":{"rendered":"https:\/\/www.kariyer.net\/kariyer-rehberi\/?p=22677"},"modified":"2025-12-05T09:58:39","modified_gmt":"2025-12-05T06:58:39","slug":"cloud-dancer-etkisi-2026da-kariyerinde-beyaz-bir-sayfa-ac","status":"publish","type":"post","link":"https:\/\/www.kariyer.net\/kariyer-rehberi\/cloud-dancer-etkisi-2026da-kariyerinde-beyaz-bir-sayfa-ac\/","title":{"rendered":"Cloud Dancer etkisi: 2026&#8217;da kariyerinde beyaz bir sayfa a\u00e7"},"content":{"rendered":"<p data-start=\"368\" data-end=\"772\"><strong>Yeni y\u0131l\u0131n rengi Cloud Dancer, bize sadele\u015fmeyi, durulmay\u0131 ve beyaz bir sayfadan ba\u015flamay\u0131 hat\u0131rlat\u0131yor. 2026\u2019da kariyer hedeflerini s\u0131f\u0131rlamak ve ger\u00e7ekten istedi\u011fin y\u00f6ne ilerlemek i\u00e7in g\u00fc\u00e7l\u00fc bir f\u0131rsat seni bekliyor. Peki, tertemiz bir sayfayla ad\u0131m atarken kariyerinde neleri de\u011fi\u015ftirebilece\u011fini ke\u015ffetmeye haz\u0131r m\u0131s\u0131n?<\/strong><\/p>\n<p data-start=\"368\" data-end=\"772\">Her y\u0131l oldu\u011fu gibi <strong>PANTONE<\/strong>, 2026 i\u00e7in trendleri \u015fekillendirecek rengini duyurdu: <strong data-start=\"450\" data-end=\"466\">Cloud Dancer<\/strong>. \u0130lk bak\u0131\u015fta \u201csaf beyaz\u201d gibi g\u00f6r\u00fcnse de bu ton asl\u0131nda \u00e7ok daha fazlas\u0131n\u0131 temsil ediyor. Cloud Dancer; netlik, sadele\u015fme, tazelenme ve bir \u015feyi yeniden, tertemiz bir sayfadan ba\u015flatma hissini ta\u015f\u0131yor. Bir rengin bu kadar sakin, bu kadar dingin ama ayn\u0131 zamanda bu kadar g\u00fc\u00e7l\u00fc hissettirmesi bo\u015funa de\u011fil.<\/p>\n<p data-start=\"774\" data-end=\"1102\">G\u00fcndelik hayat\u0131n ko\u015fturmacas\u0131nda \u00e7o\u011fu zaman \u201cdaha \u00e7ok\u201d, \u201cdaha h\u0131zl\u0131\u201d, \u201cdaha fazla g\u00f6r\u00fcn\u00fcr\u201d olmaya odaklan\u0131yoruz. Oysa Cloud Dancer, bunun tam tersini f\u0131s\u0131ld\u0131yor:<\/p>\n<p data-start=\"774\" data-end=\"1102\"><strong><em>&#8220;Daha az\u0131n\u0131 hedefle, daha net ilerle.&#8221;<\/em><\/strong><\/p>\n<p data-start=\"774\" data-end=\"1102\">Bu y\u00fczden 2026\u2019n\u0131n rengi, kariyer planlamas\u0131 s\u00f6z konusu oldu\u011funda bize \u00e7ok g\u00fc\u00e7l\u00fc bir mesaj veriyor: <strong data-start=\"1075\" data-end=\"1102\">\u015eimdi yenilenme zaman\u0131!<\/strong><\/p>\n<p data-start=\"1104\" data-end=\"1180\">\u0130\u015fte Cloud Dancer\u2019\u0131n bu temiz ba\u015flang\u0131\u00e7 ruhunu kariyerine ta\u015f\u0131man\u0131n yollar\u0131:<\/p>\n<h2 data-start=\"1187\" data-end=\"1225\"><strong data-start=\"1190\" data-end=\"1225\">\u0130lk ad\u0131m: Beyaz bir sayfa a\u00e7<\/strong><\/h2>\n<p data-start=\"1226\" data-end=\"1659\">Bazen hedeflerimizi g\u00fcncelleyemememizin sebebi, eski hedeflerin y\u00fck\u00fcn\u00fc h\u00e2l\u00e2 omuzlar\u0131m\u0131zda ta\u015f\u0131mam\u0131zd\u0131r. Cloud Dancer\u2019\u0131n duru enerjisi, \u00f6nce bir ar\u0131nmay\u0131, sonra yeniden yazmay\u0131 hat\u0131rlat\u0131yor. Bu y\u0131l kariyer plan\u0131n\u0131 tamamen yeniden g\u00f6zden ge\u00e7ir.<\/p>\n<ul>\n<li data-start=\"1226\" data-end=\"1659\">\u201cKendimi bug\u00fcn nerede g\u00f6r\u00fcyorum?\u201d<\/li>\n<li data-start=\"1226\" data-end=\"1659\">\u201cGer\u00e7ekten ne istiyorum?\u201d<\/li>\n<li data-start=\"1226\" data-end=\"1659\">\u201cGe\u00e7en y\u0131ldan ta\u015f\u0131d\u0131\u011f\u0131m hangi hedefler art\u0131k bana hizmet etmiyor?\u201d<\/li>\n<\/ul>\n<p data-start=\"1226\" data-end=\"1659\">Bu sorular, yepyeni bir sayfa a\u00e7man\u0131n ilk ad\u0131m\u0131 olacak.<\/p>\n<h2 data-start=\"1666\" data-end=\"1721\"><strong data-start=\"1669\" data-end=\"1721\">Gereksiz y\u00fckleri b\u0131rak, hedeflerini sadele\u015ftir<\/strong><\/h2>\n<p data-start=\"1722\" data-end=\"2117\">Cloud Dancer\u2019\u0131n yal\u0131nl\u0131\u011f\u0131, kariyer hedeflerinin de yal\u0131nla\u015ft\u0131r\u0131lmas\u0131n\u0131 i\u015faret ediyor. Belki \u00fc\u00e7 alanda geli\u015fmeye \u00e7al\u0131\u015f\u0131yorsun, ama sadece birinde ilerlemek seni ger\u00e7ek anlamda b\u00fcy\u00fctecek. Belki ayn\u0131 anda bir\u00e7ok konuda uzmanla\u015fmaya \u00e7al\u0131\u015f\u0131yorsun, ama b\u00fct\u00fcn enerjini iki beceriye odaklad\u0131\u011f\u0131nda \u00e7ok daha h\u0131zl\u0131 ilerleyeceksin. 2026, hedef say\u0131n\u0131 azaltarak odaklanma y\u0131l\u0131 olabilir. Unutma, sadelik, g\u00fc\u00e7 getirir.<\/p>\n<p data-start=\"1722\" data-end=\"2117\"><a href=\"https:\/\/www.kariyer.net\/kariyer-rehberi\/wp-content\/uploads\/2025\/12\/pantone.png\"><img fetchpriority=\"high\" decoding=\"async\" class=\"wp-image-22682 aligncenter\" src=\"https:\/\/www.kariyer.net\/kariyer-rehberi\/wp-content\/uploads\/2025\/12\/pantone.png\" alt=\"\" width=\"362\" height=\"244\" srcset=\"https:\/\/www.kariyer.net\/kariyer-rehberi\/wp-content\/uploads\/2025\/12\/pantone.png 709w, https:\/\/www.kariyer.net\/kariyer-rehberi\/wp-content\/uploads\/2025\/12\/pantone-300x202.png 300w, https:\/\/www.kariyer.net\/kariyer-rehberi\/wp-content\/uploads\/2025\/12\/pantone-370x250.png 370w, https:\/\/www.kariyer.net\/kariyer-rehberi\/wp-content\/uploads\/2025\/12\/pantone-450x303.png 450w\" sizes=\"(max-width: 362px) 100vw, 362px\" \/><\/a><\/p>\n<h2 data-start=\"2124\" data-end=\"2175\"><strong data-start=\"2127\" data-end=\"2175\">Net bir rotayla hedeflerini g\u00f6r\u00fcn\u00fcr k\u0131l<\/strong><\/h2>\n<p data-start=\"2176\" data-end=\"2352\">Cloud Dancer\u2019\u0131n \u015feffafl\u0131\u011f\u0131, kariyer yolculu\u011funda netlik kazanmay\u0131 \u00e7a\u011fr\u0131\u015ft\u0131r\u0131yor. Hedeflerini yaln\u0131zca kafanda tutma; yaz, planla, g\u00f6r\u00fcn\u00fcr bir hale getir. Bu y\u0131l hedeflerin:<\/p>\n<ul>\n<li data-start=\"2355\" data-end=\"2369\">\u00d6l\u00e7\u00fclebilir,<\/li>\n<li data-start=\"2372\" data-end=\"2387\">Ula\u015f\u0131labilir,<\/li>\n<li data-start=\"2390\" data-end=\"2401\">Ger\u00e7ek\u00e7i,<\/li>\n<li data-start=\"2404\" data-end=\"2490\">Seni heyecanland\u0131ran bir formda olsun.<\/li>\n<\/ul>\n<p>Net bir rota, motivasyonunu da netle\u015ftirir.<\/p>\n<h2 data-start=\"2497\" data-end=\"2558\"><strong data-start=\"2500\" data-end=\"2558\">Yeniden ba\u015flama cesareti g\u00f6ster<\/strong><\/h2>\n<p data-start=\"2559\" data-end=\"2901\">Cloud Dancer\u2019\u0131n en g\u00fc\u00e7l\u00fc mesajlar\u0131ndan biri, \u201cS\u0131f\u0131rdan ba\u015flamak zay\u0131fl\u0131k de\u011fil, bilin\u00e7li bir se\u00e7imdir\u201d demesi. Kariyerinde yeni bir alana y\u00f6nelmek, ba\u015fka bir uzmanl\u0131k kazanmak, i\u015f yap\u0131\u015f \u015feklini de\u011fi\u015ftirmek\u2026 Bunlar\u0131n hepsi b\u00fcy\u00fck cesaret gerektiriyor; ama ayn\u0131 zamanda b\u00fcy\u00fck bir berrakl\u0131k getiriyor. 2026, cesur yenilenmeler i\u00e7in uygun bir y\u0131l.<\/p>\n<h2 data-start=\"2908\" data-end=\"2971\"><strong data-start=\"2911\" data-end=\"2971\">2026, kariyerinde tertemiz bir ba\u015flang\u0131c\u0131n y\u0131l\u0131 olsun <\/strong><\/h2>\n<p data-start=\"2972\" data-end=\"3140\">Cloud Dancer\u2019\u0131n saf ve sakin tonundan ilham alarak, bu y\u0131l hedeflerini s\u0131f\u0131rlayabilir, hayat\u0131ndaki g\u00fcr\u00fclt\u00fcy\u00fc azaltabilir ve kendin i\u00e7in daha net bir y\u00f6n \u00e7izebilirsin.<\/p>\n<p data-start=\"3142\" data-end=\"3208\" data-is-last-node=\"\" data-is-only-node=\"\">Peki, bu beyaz sayfay\u0131 kendi hik\u00e2yenle doldurmaya haz\u0131r m\u0131s\u0131n?<\/p>\n<!-- templates\/buttons-placeholder.php -->\n<div class=\"da-reactions-outer TpostID22677\">\n\t    <div class=\"da-reactions-data da-reactions-container-async center\"\n         data-type=\"post\"\n         data-id=\"22677\"\n         id=\"da-reactions-slot-post-22677\">\n        <div class=\"da-reactions-static\">\n\t\t\t<img src=\"https:\/\/www.kariyer.net\/kariyer-rehberi\/wp-content\/plugins\/da-reactions\/assets\/dist\/loading.svg\" alt=\"Loading spinner\" width=\"48\" height=\"48\" style=\"width:48px\" \/>\n        <\/div>\n    <\/div>\n<\/div>\n","protected":false},"excerpt":{"rendered":"<p>Yeni y\u0131l\u0131n rengi Cloud Dancer, bize sadele\u015fmeyi, durulmay\u0131 ve beyaz bir sayfadan ba\u015flamay\u0131 hat\u0131rlat\u0131yor. 2026\u2019da kariyer hedeflerini s\u0131f\u0131rlamak ve ger\u00e7ekten istedi\u011fin y\u00f6ne ilerlemek i\u00e7in g\u00fc\u00e7l\u00fc bir f\u0131rsat seni bekliyor. Peki, tertemiz bir sayfayla ad\u0131m atarken kariyerinde neleri de\u011fi\u015ftirebilece\u011fini ke\u015ffetmeye haz\u0131r m\u0131s\u0131n? Her y\u0131l oldu\u011fu gibi PANTONE, 2026 i\u00e7in trendleri \u015fekillendirecek rengini duyurdu: Cloud Dancer. \u0130lk [&hellip;]<\/p>\n<!-- templates\/buttons-placeholder.php -->\n<div class=\"da-reactions-outer TpostID22677\">\n\t    <div class=\"da-reactions-data da-reactions-container-async center\"\n         data-type=\"post\"\n         data-id=\"22677\"\n         id=\"da-reactions-slot-post-22677\">\n        <div class=\"da-reactions-static\">\n\t\t\t<img src=\"https:\/\/www.kariyer.net\/kariyer-rehberi\/wp-content\/plugins\/da-reactions\/assets\/dist\/loading.svg\" alt=\"Loading spinner\" width=\"48\" height=\"48\" style=\"width:48px\" \/>\n        <\/div>\n    <\/div>\n<\/div>\n","protected":false},"author":29,"featured_media":22680,"comment_status":"closed","ping_status":"open","sticky":false,"template":"","format":"standard","meta":{"footnotes":"","_elementor_edit_mode":"","_elementor_template_type":"","_elementor_data":"","_elementor_page_settings":null,"_elementor_conditions":[]},"categories":[2211],"tags":[2229,2225],"class_list":{"0":"post-22677","1":"post","2":"type-post","3":"status-publish","4":"format-standard","5":"has-post-thumbnail","7":"category-kariyer-gelisimi","8":"tag-kariyer-planlama-ve-gelisim","9":"tag-tum-kitle"},"yoast_head":"<!-- This site is optimized with the Yoast SEO Premium plugin v21.4 (Yoast SEO v27.0) - https:\/\/yoast.com\/product\/yoast-seo-premium-wordpress\/ -->\n<title>Cloud Dancer etkisi: 2026&#039;da kariyerinde beyaz bir sayfa a\u00e7<\/title>\n<meta name=\"description\" content=\"PANTONE, 2026 i\u00e7in rengini duyurdu: Cloud Dancer. \u0130lk bak\u0131\u015fta \u201csaf beyaz\u201d gibi g\u00f6r\u00fcnse de bu ton asl\u0131nda \u00e7ok daha fazlas\u0131n\u0131 temsil ediyor.\" \/>\n<meta name=\"robots\" content=\"index, follow, max-snippet:-1, max-image-preview:large, max-video-preview:-1\" \/>\n<link rel=\"canonical\" href=\"https:\/\/www.kariyer.net\/kariyer-rehberi\/cloud-dancer-etkisi-2026da-kariyerinde-beyaz-bir-sayfa-ac\/\" \/>\n<meta property=\"og:locale\" content=\"tr_TR\" \/>\n<meta property=\"og:type\" content=\"article\" \/>\n<meta property=\"og:title\" content=\"Cloud Dancer etkisi: 2026&#039;da kariyerinde beyaz bir sayfa a\u00e7\" \/>\n<meta property=\"og:description\" content=\"Yeni y\u0131l\u0131n rengi Cloud Dancer, bize sadele\u015fmeyi, durulmay\u0131 ve beyaz bir sayfadan ba\u015flamay\u0131 hat\u0131rlat\u0131yor. 2026\u2019da kariyer hedeflerini s\u0131f\u0131rlamak ve\" \/>\n<meta property=\"og:url\" content=\"https:\/\/www.kariyer.net\/kariyer-rehberi\/cloud-dancer-etkisi-2026da-kariyerinde-beyaz-bir-sayfa-ac\/\" \/>\n<meta property=\"og:site_name\" content=\"Kariyer Rehberi\" \/>\n<meta property=\"article:published_time\" content=\"2025-12-05T06:56:45+00:00\" \/>\n<meta property=\"article:modified_time\" content=\"2025-12-05T06:58:39+00:00\" \/>\n<meta property=\"og:image\" content=\"https:\/\/www.kariyer.net\/kariyer-rehberi\/wp-content\/uploads\/2025\/12\/cloud_dancer.jpg\" \/>\n\t<meta property=\"og:image:width\" content=\"900\" \/>\n\t<meta property=\"og:image:height\" content=\"600\" \/>\n\t<meta property=\"og:image:type\" content=\"image\/jpeg\" \/>\n<meta name=\"author\" content=\"\u00d6zden Y\u0131lmaz\" \/>\n<meta name=\"twitter:card\" content=\"summary_large_image\" \/>\n<meta name=\"twitter:label1\" content=\"Yazan:\" \/>\n\t<meta name=\"twitter:data1\" content=\"\u00d6zden Y\u0131lmaz\" \/>\n\t<meta name=\"twitter:label2\" content=\"Tahmini okuma s\u00fcresi\" \/>\n\t<meta name=\"twitter:data2\" content=\"3 dakika\" \/>\n<!-- \/ Yoast SEO Premium plugin. -->","yoast_head_json":{"title":"Cloud Dancer etkisi: 2026'da kariyerinde beyaz bir sayfa a\u00e7","description":"PANTONE, 2026 i\u00e7in rengini duyurdu: Cloud Dancer. \u0130lk bak\u0131\u015fta \u201csaf beyaz\u201d gibi g\u00f6r\u00fcnse de bu ton asl\u0131nda \u00e7ok daha fazlas\u0131n\u0131 temsil ediyor.","robots":{"index":"index","follow":"follow","max-snippet":"max-snippet:-1","max-image-preview":"max-image-preview:large","max-video-preview":"max-video-preview:-1"},"canonical":"https:\/\/www.kariyer.net\/kariyer-rehberi\/cloud-dancer-etkisi-2026da-kariyerinde-beyaz-bir-sayfa-ac\/","og_locale":"tr_TR","og_type":"article","og_title":"Cloud Dancer etkisi: 2026'da kariyerinde beyaz bir sayfa a\u00e7","og_description":"Yeni y\u0131l\u0131n rengi Cloud Dancer, bize sadele\u015fmeyi, durulmay\u0131 ve beyaz bir sayfadan ba\u015flamay\u0131 hat\u0131rlat\u0131yor. 2026\u2019da kariyer hedeflerini s\u0131f\u0131rlamak ve","og_url":"https:\/\/www.kariyer.net\/kariyer-rehberi\/cloud-dancer-etkisi-2026da-kariyerinde-beyaz-bir-sayfa-ac\/","og_site_name":"Kariyer Rehberi","article_published_time":"2025-12-05T06:56:45+00:00","article_modified_time":"2025-12-05T06:58:39+00:00","og_image":[{"width":900,"height":600,"url":"https:\/\/www.kariyer.net\/kariyer-rehberi\/wp-content\/uploads\/2025\/12\/cloud_dancer.jpg","type":"image\/jpeg"}],"author":"\u00d6zden Y\u0131lmaz","twitter_card":"summary_large_image","twitter_misc":{"Yazan:":"\u00d6zden Y\u0131lmaz","Tahmini okuma s\u00fcresi":"3 dakika"},"schema":{"@context":"https:\/\/schema.org","@graph":[{"@type":"Article","@id":"https:\/\/www.kariyer.net\/kariyer-rehberi\/cloud-dancer-etkisi-2026da-kariyerinde-beyaz-bir-sayfa-ac\/#article","isPartOf":{"@id":"https:\/\/www.kariyer.net\/kariyer-rehberi\/cloud-dancer-etkisi-2026da-kariyerinde-beyaz-bir-sayfa-ac\/"},"author":{"name":"\u00d6zden Y\u0131lmaz","@id":"https:\/\/www.kariyer.net\/kariyer-rehberi\/#\/schema\/person\/71c4f71ffd069a4c47a69e85a0e09215"},"headline":"Cloud Dancer etkisi: 2026&#8217;da kariyerinde beyaz bir sayfa a\u00e7","datePublished":"2025-12-05T06:56:45+00:00","dateModified":"2025-12-05T06:58:39+00:00","mainEntityOfPage":{"@id":"https:\/\/www.kariyer.net\/kariyer-rehberi\/cloud-dancer-etkisi-2026da-kariyerinde-beyaz-bir-sayfa-ac\/"},"wordCount":584,"publisher":{"@id":"https:\/\/www.kariyer.net\/kariyer-rehberi\/#organization"},"image":{"@id":"https:\/\/www.kariyer.net\/kariyer-rehberi\/cloud-dancer-etkisi-2026da-kariyerinde-beyaz-bir-sayfa-ac\/#primaryimage"},"thumbnailUrl":"https:\/\/www.kariyer.net\/kariyer-rehberi\/wp-content\/uploads\/2025\/12\/cloud_dancer.jpg","keywords":["Kariyer Planlama ve Geli\u015fim","T\u00fcm kitle"],"articleSection":["Kariyer Geli\u015fimi"],"inLanguage":"tr"},{"@type":"WebPage","@id":"https:\/\/www.kariyer.net\/kariyer-rehberi\/cloud-dancer-etkisi-2026da-kariyerinde-beyaz-bir-sayfa-ac\/","url":"https:\/\/www.kariyer.net\/kariyer-rehberi\/cloud-dancer-etkisi-2026da-kariyerinde-beyaz-bir-sayfa-ac\/","name":"Cloud Dancer etkisi: 2026'da kariyerinde beyaz bir sayfa a\u00e7","isPartOf":{"@id":"https:\/\/www.kariyer.net\/kariyer-rehberi\/#website"},"primaryImageOfPage":{"@id":"https:\/\/www.kariyer.net\/kariyer-rehberi\/cloud-dancer-etkisi-2026da-kariyerinde-beyaz-bir-sayfa-ac\/#primaryimage"},"image":{"@id":"https:\/\/www.kariyer.net\/kariyer-rehberi\/cloud-dancer-etkisi-2026da-kariyerinde-beyaz-bir-sayfa-ac\/#primaryimage"},"thumbnailUrl":"https:\/\/www.kariyer.net\/kariyer-rehberi\/wp-content\/uploads\/2025\/12\/cloud_dancer.jpg","datePublished":"2025-12-05T06:56:45+00:00","dateModified":"2025-12-05T06:58:39+00:00","description":"PANTONE, 2026 i\u00e7in rengini duyurdu: Cloud Dancer. \u0130lk bak\u0131\u015fta \u201csaf beyaz\u201d gibi g\u00f6r\u00fcnse de bu ton asl\u0131nda \u00e7ok daha fazlas\u0131n\u0131 temsil ediyor.","breadcrumb":{"@id":"https:\/\/www.kariyer.net\/kariyer-rehberi\/cloud-dancer-etkisi-2026da-kariyerinde-beyaz-bir-sayfa-ac\/#breadcrumb"},"inLanguage":"tr","potentialAction":[{"@type":"ReadAction","target":["https:\/\/www.kariyer.net\/kariyer-rehberi\/cloud-dancer-etkisi-2026da-kariyerinde-beyaz-bir-sayfa-ac\/"]}]},{"@type":"ImageObject","inLanguage":"tr","@id":"https:\/\/www.kariyer.net\/kariyer-rehberi\/cloud-dancer-etkisi-2026da-kariyerinde-beyaz-bir-sayfa-ac\/#primaryimage","url":"https:\/\/www.kariyer.net\/kariyer-rehberi\/wp-content\/uploads\/2025\/12\/cloud_dancer.jpg","contentUrl":"https:\/\/www.kariyer.net\/kariyer-rehberi\/wp-content\/uploads\/2025\/12\/cloud_dancer.jpg","width":900,"height":600},{"@type":"BreadcrumbList","@id":"https:\/\/www.kariyer.net\/kariyer-rehberi\/cloud-dancer-etkisi-2026da-kariyerinde-beyaz-bir-sayfa-ac\/#breadcrumb","itemListElement":[{"@type":"ListItem","position":1,"name":"Anasayfa","item":"https:\/\/www.kariyer.net\/kariyer-rehberi\/"},{"@type":"ListItem","position":2,"name":"Cloud Dancer etkisi: 2026&#8217;da kariyerinde beyaz bir sayfa a\u00e7"}]},{"@type":"WebSite","@id":"https:\/\/www.kariyer.net\/kariyer-rehberi\/#website","url":"https:\/\/www.kariyer.net\/kariyer-rehberi\/","name":"Kariyer Rehberi","description":"\u0130\u015f D\u00fcnyas\u0131yla \u0130lgili Bilmek \u0130stedi\u011finiz Her \u015eey","publisher":{"@id":"https:\/\/www.kariyer.net\/kariyer-rehberi\/#organization"},"potentialAction":[{"@type":"SearchAction","target":{"@type":"EntryPoint","urlTemplate":"https:\/\/www.kariyer.net\/kariyer-rehberi\/?s={search_term_string}"},"query-input":{"@type":"PropertyValueSpecification","valueRequired":true,"valueName":"search_term_string"}}],"inLanguage":"tr"},{"@type":"Organization","@id":"https:\/\/www.kariyer.net\/kariyer-rehberi\/#organization","name":"Kariyer.net","url":"https:\/\/www.kariyer.net\/kariyer-rehberi\/","logo":{"@type":"ImageObject","inLanguage":"tr","@id":"https:\/\/www.kariyer.net\/kariyer-rehberi\/#\/schema\/logo\/image\/","url":"https:\/\/www.kariyer.net\/kariyer-rehberi-new\/wp-content\/uploads\/2023\/01\/og-image11.jpg","contentUrl":"https:\/\/www.kariyer.net\/kariyer-rehberi-new\/wp-content\/uploads\/2023\/01\/og-image11.jpg","width":800,"height":800,"caption":"Kariyer.net"},"image":{"@id":"https:\/\/www.kariyer.net\/kariyer-rehberi\/#\/schema\/logo\/image\/"}},{"@type":"Person","@id":"https:\/\/www.kariyer.net\/kariyer-rehberi\/#\/schema\/person\/71c4f71ffd069a4c47a69e85a0e09215","name":"\u00d6zden Y\u0131lmaz","image":{"@type":"ImageObject","inLanguage":"tr","@id":"https:\/\/www.kariyer.net\/kariyer-rehberi\/#\/schema\/person\/image\/","url":"https:\/\/secure.gravatar.com\/avatar\/776750a3e7166486a1e43527c51a8f7088279a624700d0e81666f27a714cbbc2?s=96&d=mm&r=g","contentUrl":"https:\/\/secure.gravatar.com\/avatar\/776750a3e7166486a1e43527c51a8f7088279a624700d0e81666f27a714cbbc2?s=96&d=mm&r=g","caption":"\u00d6zden Y\u0131lmaz"},"description":"Kocaeli \u00dcniversitesi \u0130leti\u015fim Fak\u00fcltesi mezunu olan \u00d6zden, Bilgi \u00dcniversitesi\u2019nde \u0130nteraktif Pazarlama alan\u0131nda y\u00fcksek lisans yapm\u0131\u015ft\u0131r. Lisans \u00f6\u011freniminin ilk y\u0131llar\u0131nda TRT Haber\u2019de asistan muhabirlik yaparak meslek hayat\u0131na ba\u015flam\u0131\u015ft\u0131r. Mezun olduktan sonra farkl\u0131 d\u00f6nemlerde TV8 Haber ve Cem TV\u2019de; yap\u0131mc\u0131, y\u00f6netmen ve edit\u00f6r olarak g\u00f6rev alm\u0131\u015ft\u0131r. Dijital d\u00fcnyadaki geli\u015fmelerle birlikte editoryal deneyimini online platformlara ta\u015f\u0131m\u0131\u015f, Markafoni\u2019de ve Mudo\u2019da i\u00e7erik edit\u00f6rl\u00fc\u011f\u00fc yapm\u0131\u015ft\u0131r. Kurumsal markalar i\u00e7in freelance SEO edit\u00f6rl\u00fc\u011f\u00fc de yapan \u00d6zden, 2018 y\u0131l\u0131 itibar\u0131yla kariyerine, Kariyer.net i\u00e7erik edit\u00f6r\u00fc olarak devam etmekte ve online\/offline i\u00e7erik \u00fcretmektedir.","url":"https:\/\/www.kariyer.net\/kariyer-rehberi\/author\/ozdenyilmaz\/"}]}},"_links":{"self":[{"href":"https:\/\/www.kariyer.net\/kariyer-rehberi\/wp-json\/wp\/v2\/posts\/22677","targetHints":{"allow":["GET"]}}],"collection":[{"href":"https:\/\/www.kariyer.net\/kariyer-rehberi\/wp-json\/wp\/v2\/posts"}],"about":[{"href":"https:\/\/www.kariyer.net\/kariyer-rehberi\/wp-json\/wp\/v2\/types\/post"}],"author":[{"embeddable":true,"href":"https:\/\/www.kariyer.net\/kariyer-rehberi\/wp-json\/wp\/v2\/users\/29"}],"replies":[{"embeddable":true,"href":"https:\/\/www.kariyer.net\/kariyer-rehberi\/wp-json\/wp\/v2\/comments?post=22677"}],"version-history":[{"count":3,"href":"https:\/\/www.kariyer.net\/kariyer-rehberi\/wp-json\/wp\/v2\/posts\/22677\/revisions"}],"predecessor-version":[{"id":22683,"href":"https:\/\/www.kariyer.net\/kariyer-rehberi\/wp-json\/wp\/v2\/posts\/22677\/revisions\/22683"}],"wp:featuredmedia":[{"embeddable":true,"href":"https:\/\/www.kariyer.net\/kariyer-rehberi\/wp-json\/wp\/v2\/media\/22680"}],"wp:attachment":[{"href":"https:\/\/www.kariyer.net\/kariyer-rehberi\/wp-json\/wp\/v2\/media?parent=22677"}],"wp:term":[{"taxonomy":"category","embeddable":true,"href":"https:\/\/www.kariyer.net\/kariyer-rehberi\/wp-json\/wp\/v2\/categories?post=22677"},{"taxonomy":"post_tag","embeddable":true,"href":"https:\/\/www.kariyer.net\/kariyer-rehberi\/wp-json\/wp\/v2\/tags?post=22677"}],"curies":[{"name":"wp","href":"https:\/\/api.w.org\/{rel}","templated":true}]}}