{"id":22688,"date":"2025-12-17T14:32:27","date_gmt":"2025-12-17T11:32:27","guid":{"rendered":"https:\/\/www.kariyer.net\/kariyer-rehberi\/?p=22688"},"modified":"2025-12-17T14:50:47","modified_gmt":"2025-12-17T11:50:47","slug":"18-aralikta-kariyer-gunlerinde-bulusalim","status":"publish","type":"post","link":"https:\/\/www.kariyer.net\/kariyer-rehberi\/18-aralikta-kariyer-gunlerinde-bulusalim\/","title":{"rendered":"18 Aral\u0131k\u2019ta Kariyer G\u00fcnleri\u2019nde bulu\u015fal\u0131m"},"content":{"rendered":"<p><strong>Kariyerine y\u00f6n verecek \u015firketlerle tan\u0131\u015fmak, i\u015fe al\u0131m s\u00fcre\u00e7lerini do\u011frudan dinlemek ve s\u00fcrpriz bir quiz ile \u00fccretsiz CV dan\u0131\u015fmanl\u0131\u011f\u0131 kazanmak ister misin? 18 Aral\u0131k\u2019ta ger\u00e7ekle\u015fecek Kariyer G\u00fcnleri, tamamen \u00fccretsiz ve online olarak seni bekliyor.<\/strong><\/p>\n<h2><strong>Kariyerine de\u011fer katacak bir g\u00fcn<\/strong><\/h2>\n<p>Kariyer yolculu\u011funda do\u011fru insanlarla do\u011fru zamanda bir araya gelmek b\u00fcy\u00fck fark yarat\u0131r. 18 Aral\u0131k Per\u015fembe g\u00fcn\u00fc <strong>11.00 \u2013 17.00<\/strong> saatleri aras\u0131nda online olarak ger\u00e7ekle\u015fecek Kariyer G\u00fcnleri; \u00fcniversite \u00f6\u011frencileri, yeni mezunlar ve 0\u20135 y\u0131l deneyimli gen\u00e7 profesyonelleri, farkl\u0131 sekt\u00f6rlerden i\u015fverenlerle bir araya getiriyor.<\/p>\n<h2><strong>Online stantlarda bire bir g\u00f6r\u00fc\u015fme imkan\u0131<\/strong><\/h2>\n<p>Etkinlik boyunca bir\u00e7ok firma, <strong>online stantlar\u0131yla<\/strong> Kariyer G\u00fcnleri\u2019nde yer alacak. Bu stantlarda \u015firket temsilcileriyle:<\/p>\n<ul>\n<li>Yaz\u0131l\u0131 olarak,<\/li>\n<li>Sesli ya da g\u00f6r\u00fcnt\u00fcl\u00fc \u015fekilde<\/li>\n<\/ul>\n<p>birebir g\u00f6r\u00fc\u015fmeler yapabilecek, \u015firketler ve a\u00e7\u0131k pozisyonlar hakk\u0131nda merak ettiklerini do\u011frudan sorabileceksin.<\/p>\n<h2><strong>Canl\u0131 yay\u0131nlarda \u015firketleri yak\u0131ndan tan\u0131<\/strong><\/h2>\n<p>G\u00fcn boyu devam edecek <strong>canl\u0131 yay\u0131n oturumlar\u0131nda<\/strong>, firmalardan deneyimli profesyoneller yer alacak.<br \/>\nBu oturumlarda;<\/p>\n<ul>\n<li>\u015eirket tan\u0131t\u0131mlar\u0131,<\/li>\n<li>Kurum k\u00fclt\u00fcr\u00fc ve de\u011ferler,<\/li>\n<li>Staj programlar\u0131,<\/li>\n<li>\u0130\u015fe al\u0131m s\u00fcre\u00e7leri<\/li>\n<\/ul>\n<p>gibi konular ele al\u0131nacak ve ard\u0131ndan izleyicilerden gelen sorularla interaktif bir soru-cevap b\u00f6l\u00fcm\u00fc ger\u00e7ekle\u015ftirilecek.<\/p>\n<h2><strong>S\u00fcrpriz Quiz ve \u00fccretsiz CV dan\u0131\u015fmanl\u0131\u011f\u0131<\/strong><\/h2>\n<p>Kariyer G\u00fcnleri\u2019nin dikkat \u00e7eken s\u00fcrprizlerinden biri de etkinlik s\u0131ras\u0131nda d\u00fczenlenecek <strong>quiz<\/strong>. Quiz\u2019e kat\u0131lanlar aras\u0131ndan se\u00e7ilecek <strong>5 ki\u015fi<\/strong>, <strong>\u00fccretsiz CV dan\u0131\u015fmanl\u0131\u011f\u0131<\/strong> kazanarak CV\u2019sini profesyonel bir bak\u0131\u015f a\u00e7\u0131s\u0131yla g\u00fc\u00e7lendirme f\u0131rsat\u0131 yakalayacak.<\/p>\n<h2><strong>Kat\u0131l\u0131m \u00fccretsiz, kay\u0131t zorunlu<\/strong><\/h2>\n<p>Kariyer G\u00fcnleri\u2019ne kat\u0131l\u0131m <strong>tamamen \u00fccretsiz<\/strong>. Etkinli\u011fe kat\u0131lmak i\u00e7in \u00f6nceden kay\u0131t olu\u015fturman yeterli.<br \/>\nKariyerine yat\u0131r\u0131m yapmak ve yeni f\u0131rsatlar\u0131 yakalamak i\u00e7in sen de yerini al.<\/p>\n<p>&#x1f449; <a href=\"https:\/\/kariyergunleri.kariyer.net\/\" target=\"_blank\" rel=\"noopener\"><strong>Hemen Kaydol<\/strong><\/a><\/p>\n<!-- templates\/buttons-placeholder.php -->\n<div class=\"da-reactions-outer TpostID22688\">\n\t    <div class=\"da-reactions-data da-reactions-container-async center\"\n         data-type=\"post\"\n         data-id=\"22688\"\n         id=\"da-reactions-slot-post-22688\">\n        <div class=\"da-reactions-static\">\n\t\t\t<img src=\"https:\/\/www.kariyer.net\/kariyer-rehberi\/wp-content\/plugins\/da-reactions\/assets\/dist\/loading.svg\" alt=\"Loading spinner\" width=\"48\" height=\"48\" style=\"width:48px\" \/>\n        <\/div>\n    <\/div>\n<\/div>\n","protected":false},"excerpt":{"rendered":"<p>Kariyerine y\u00f6n verecek \u015firketlerle tan\u0131\u015fmak, i\u015fe al\u0131m s\u00fcre\u00e7lerini do\u011frudan dinlemek ve s\u00fcrpriz bir quiz ile \u00fccretsiz CV dan\u0131\u015fmanl\u0131\u011f\u0131 kazanmak ister misin? 18 Aral\u0131k\u2019ta ger\u00e7ekle\u015fecek Kariyer G\u00fcnleri, tamamen \u00fccretsiz ve online olarak seni bekliyor. Kariyerine de\u011fer katacak bir g\u00fcn Kariyer yolculu\u011funda do\u011fru insanlarla do\u011fru zamanda bir araya gelmek b\u00fcy\u00fck fark yarat\u0131r. 18 Aral\u0131k Per\u015fembe g\u00fcn\u00fc 11.00 [&hellip;]<\/p>\n<!-- templates\/buttons-placeholder.php -->\n<div class=\"da-reactions-outer TpostID22688\">\n\t    <div class=\"da-reactions-data da-reactions-container-async center\"\n         data-type=\"post\"\n         data-id=\"22688\"\n         id=\"da-reactions-slot-post-22688\">\n        <div class=\"da-reactions-static\">\n\t\t\t<img src=\"https:\/\/www.kariyer.net\/kariyer-rehberi\/wp-content\/plugins\/da-reactions\/assets\/dist\/loading.svg\" alt=\"Loading spinner\" width=\"48\" height=\"48\" style=\"width:48px\" \/>\n        <\/div>\n    <\/div>\n<\/div>\n","protected":false},"author":12,"featured_media":22689,"comment_status":"closed","ping_status":"open","sticky":false,"template":"","format":"standard","meta":{"footnotes":"","_elementor_edit_mode":"","_elementor_template_type":"","_elementor_data":"","_elementor_page_settings":null,"_elementor_conditions":[]},"categories":[2214],"tags":[],"class_list":{"0":"post-22688","1":"post","2":"type-post","3":"status-publish","4":"format-standard","5":"has-post-thumbnail","7":"category-yasam"},"yoast_head":"<!-- This site is optimized with the Yoast SEO Premium plugin v21.4 (Yoast SEO v27.0) - https:\/\/yoast.com\/product\/yoast-seo-premium-wordpress\/ -->\n<title>Kariyer G\u00fcnleri<\/title>\n<meta name=\"description\" content=\"Kariyerine y\u00f6n verecek \u015firketlerle tan\u0131\u015fmak, i\u015fe al\u0131m s\u00fcre\u00e7lerini do\u011frudan dinlemek ve s\u00fcrpriz bir quiz ile \u00fccretsiz CV dan\u0131\u015fmanl\u0131\u011f\u0131 kazanmak ister misin?\" \/>\n<meta name=\"robots\" content=\"index, follow, max-snippet:-1, max-image-preview:large, max-video-preview:-1\" \/>\n<link rel=\"canonical\" href=\"https:\/\/www.kariyer.net\/kariyer-rehberi\/18-aralikta-kariyer-gunlerinde-bulusalim\/\" \/>\n<meta property=\"og:locale\" content=\"tr_TR\" \/>\n<meta property=\"og:type\" content=\"article\" \/>\n<meta property=\"og:title\" content=\"18 Aral\u0131k\u2019ta Kariyer G\u00fcnleri\u2019nde bulu\u015fal\u0131m\" \/>\n<meta property=\"og:description\" content=\"Kariyerine y\u00f6n verecek \u015firketlerle tan\u0131\u015fmak, i\u015fe al\u0131m s\u00fcre\u00e7lerini do\u011frudan dinlemek ve s\u00fcrpriz bir quiz ile \u00fccretsiz CV dan\u0131\u015fmanl\u0131\u011f\u0131 kazanmak ister misin?\" \/>\n<meta property=\"og:url\" content=\"https:\/\/www.kariyer.net\/kariyer-rehberi\/18-aralikta-kariyer-gunlerinde-bulusalim\/\" \/>\n<meta property=\"og:site_name\" content=\"Kariyer Rehberi\" \/>\n<meta property=\"article:published_time\" content=\"2025-12-17T11:32:27+00:00\" \/>\n<meta property=\"article:modified_time\" content=\"2025-12-17T11:50:47+00:00\" \/>\n<meta property=\"og:image\" content=\"https:\/\/www.kariyer.net\/kariyer-rehberi\/wp-content\/uploads\/2025\/12\/kariyer-fuari.png\" \/>\n\t<meta property=\"og:image:width\" content=\"900\" \/>\n\t<meta property=\"og:image:height\" content=\"600\" \/>\n\t<meta property=\"og:image:type\" content=\"image\/png\" \/>\n<meta name=\"author\" content=\"Edit\u00f6r\" \/>\n<meta name=\"twitter:card\" content=\"summary_large_image\" \/>\n<meta name=\"twitter:label1\" content=\"Yazan:\" \/>\n\t<meta name=\"twitter:data1\" content=\"Edit\u00f6r\" \/>\n\t<meta name=\"twitter:label2\" content=\"Tahmini okuma s\u00fcresi\" \/>\n\t<meta name=\"twitter:data2\" content=\"2 dakika\" \/>\n<!-- \/ Yoast SEO Premium plugin. -->","yoast_head_json":{"title":"Kariyer G\u00fcnleri","description":"Kariyerine y\u00f6n verecek \u015firketlerle tan\u0131\u015fmak, i\u015fe al\u0131m s\u00fcre\u00e7lerini do\u011frudan dinlemek ve s\u00fcrpriz bir quiz ile \u00fccretsiz CV dan\u0131\u015fmanl\u0131\u011f\u0131 kazanmak ister misin?","robots":{"index":"index","follow":"follow","max-snippet":"max-snippet:-1","max-image-preview":"max-image-preview:large","max-video-preview":"max-video-preview:-1"},"canonical":"https:\/\/www.kariyer.net\/kariyer-rehberi\/18-aralikta-kariyer-gunlerinde-bulusalim\/","og_locale":"tr_TR","og_type":"article","og_title":"18 Aral\u0131k\u2019ta Kariyer G\u00fcnleri\u2019nde bulu\u015fal\u0131m","og_description":"Kariyerine y\u00f6n verecek \u015firketlerle tan\u0131\u015fmak, i\u015fe al\u0131m s\u00fcre\u00e7lerini do\u011frudan dinlemek ve s\u00fcrpriz bir quiz ile \u00fccretsiz CV dan\u0131\u015fmanl\u0131\u011f\u0131 kazanmak ister misin?","og_url":"https:\/\/www.kariyer.net\/kariyer-rehberi\/18-aralikta-kariyer-gunlerinde-bulusalim\/","og_site_name":"Kariyer Rehberi","article_published_time":"2025-12-17T11:32:27+00:00","article_modified_time":"2025-12-17T11:50:47+00:00","og_image":[{"width":900,"height":600,"url":"https:\/\/www.kariyer.net\/kariyer-rehberi\/wp-content\/uploads\/2025\/12\/kariyer-fuari.png","type":"image\/png"}],"author":"Edit\u00f6r","twitter_card":"summary_large_image","twitter_misc":{"Yazan:":"Edit\u00f6r","Tahmini okuma s\u00fcresi":"2 dakika"},"schema":{"@context":"https:\/\/schema.org","@graph":[{"@type":"Article","@id":"https:\/\/www.kariyer.net\/kariyer-rehberi\/18-aralikta-kariyer-gunlerinde-bulusalim\/#article","isPartOf":{"@id":"https:\/\/www.kariyer.net\/kariyer-rehberi\/18-aralikta-kariyer-gunlerinde-bulusalim\/"},"author":{"name":"Edit\u00f6r","@id":"https:\/\/www.kariyer.net\/kariyer-rehberi\/#\/schema\/person\/94fd6e49c7ff1b1b2565a2cc4fd685dd"},"headline":"18 Aral\u0131k\u2019ta Kariyer G\u00fcnleri\u2019nde bulu\u015fal\u0131m","datePublished":"2025-12-17T11:32:27+00:00","dateModified":"2025-12-17T11:50:47+00:00","mainEntityOfPage":{"@id":"https:\/\/www.kariyer.net\/kariyer-rehberi\/18-aralikta-kariyer-gunlerinde-bulusalim\/"},"wordCount":334,"publisher":{"@id":"https:\/\/www.kariyer.net\/kariyer-rehberi\/#organization"},"image":{"@id":"https:\/\/www.kariyer.net\/kariyer-rehberi\/18-aralikta-kariyer-gunlerinde-bulusalim\/#primaryimage"},"thumbnailUrl":"https:\/\/www.kariyer.net\/kariyer-rehberi\/wp-content\/uploads\/2025\/12\/kariyer-fuari.png","articleSection":["Ya\u015fam"],"inLanguage":"tr"},{"@type":"WebPage","@id":"https:\/\/www.kariyer.net\/kariyer-rehberi\/18-aralikta-kariyer-gunlerinde-bulusalim\/","url":"https:\/\/www.kariyer.net\/kariyer-rehberi\/18-aralikta-kariyer-gunlerinde-bulusalim\/","name":"Kariyer G\u00fcnleri","isPartOf":{"@id":"https:\/\/www.kariyer.net\/kariyer-rehberi\/#website"},"primaryImageOfPage":{"@id":"https:\/\/www.kariyer.net\/kariyer-rehberi\/18-aralikta-kariyer-gunlerinde-bulusalim\/#primaryimage"},"image":{"@id":"https:\/\/www.kariyer.net\/kariyer-rehberi\/18-aralikta-kariyer-gunlerinde-bulusalim\/#primaryimage"},"thumbnailUrl":"https:\/\/www.kariyer.net\/kariyer-rehberi\/wp-content\/uploads\/2025\/12\/kariyer-fuari.png","datePublished":"2025-12-17T11:32:27+00:00","dateModified":"2025-12-17T11:50:47+00:00","description":"Kariyerine y\u00f6n verecek \u015firketlerle tan\u0131\u015fmak, i\u015fe al\u0131m s\u00fcre\u00e7lerini do\u011frudan dinlemek ve s\u00fcrpriz bir quiz ile \u00fccretsiz CV dan\u0131\u015fmanl\u0131\u011f\u0131 kazanmak ister misin?","breadcrumb":{"@id":"https:\/\/www.kariyer.net\/kariyer-rehberi\/18-aralikta-kariyer-gunlerinde-bulusalim\/#breadcrumb"},"inLanguage":"tr","potentialAction":[{"@type":"ReadAction","target":["https:\/\/www.kariyer.net\/kariyer-rehberi\/18-aralikta-kariyer-gunlerinde-bulusalim\/"]}]},{"@type":"ImageObject","inLanguage":"tr","@id":"https:\/\/www.kariyer.net\/kariyer-rehberi\/18-aralikta-kariyer-gunlerinde-bulusalim\/#primaryimage","url":"https:\/\/www.kariyer.net\/kariyer-rehberi\/wp-content\/uploads\/2025\/12\/kariyer-fuari.png","contentUrl":"https:\/\/www.kariyer.net\/kariyer-rehberi\/wp-content\/uploads\/2025\/12\/kariyer-fuari.png","width":900,"height":600},{"@type":"BreadcrumbList","@id":"https:\/\/www.kariyer.net\/kariyer-rehberi\/18-aralikta-kariyer-gunlerinde-bulusalim\/#breadcrumb","itemListElement":[{"@type":"ListItem","position":1,"name":"Anasayfa","item":"https:\/\/www.kariyer.net\/kariyer-rehberi\/"},{"@type":"ListItem","position":2,"name":"18 Aral\u0131k\u2019ta Kariyer G\u00fcnleri\u2019nde bulu\u015fal\u0131m"}]},{"@type":"WebSite","@id":"https:\/\/www.kariyer.net\/kariyer-rehberi\/#website","url":"https:\/\/www.kariyer.net\/kariyer-rehberi\/","name":"Kariyer Rehberi","description":"\u0130\u015f D\u00fcnyas\u0131yla \u0130lgili Bilmek \u0130stedi\u011finiz Her \u015eey","publisher":{"@id":"https:\/\/www.kariyer.net\/kariyer-rehberi\/#organization"},"potentialAction":[{"@type":"SearchAction","target":{"@type":"EntryPoint","urlTemplate":"https:\/\/www.kariyer.net\/kariyer-rehberi\/?s={search_term_string}"},"query-input":{"@type":"PropertyValueSpecification","valueRequired":true,"valueName":"search_term_string"}}],"inLanguage":"tr"},{"@type":"Organization","@id":"https:\/\/www.kariyer.net\/kariyer-rehberi\/#organization","name":"Kariyer.net","url":"https:\/\/www.kariyer.net\/kariyer-rehberi\/","logo":{"@type":"ImageObject","inLanguage":"tr","@id":"https:\/\/www.kariyer.net\/kariyer-rehberi\/#\/schema\/logo\/image\/","url":"https:\/\/www.kariyer.net\/kariyer-rehberi-new\/wp-content\/uploads\/2023\/01\/og-image11.jpg","contentUrl":"https:\/\/www.kariyer.net\/kariyer-rehberi-new\/wp-content\/uploads\/2023\/01\/og-image11.jpg","width":800,"height":800,"caption":"Kariyer.net"},"image":{"@id":"https:\/\/www.kariyer.net\/kariyer-rehberi\/#\/schema\/logo\/image\/"}},{"@type":"Person","@id":"https:\/\/www.kariyer.net\/kariyer-rehberi\/#\/schema\/person\/94fd6e49c7ff1b1b2565a2cc4fd685dd","name":"Edit\u00f6r","image":{"@type":"ImageObject","inLanguage":"tr","@id":"https:\/\/www.kariyer.net\/kariyer-rehberi\/#\/schema\/person\/image\/","url":"https:\/\/secure.gravatar.com\/avatar\/0c4fe6688343aed3693b15573beae12c08ace5565409d5ab7509bf9c115f458d?s=96&d=mm&r=g","contentUrl":"https:\/\/secure.gravatar.com\/avatar\/0c4fe6688343aed3693b15573beae12c08ace5565409d5ab7509bf9c115f458d?s=96&d=mm&r=g","caption":"Edit\u00f6r"},"url":"https:\/\/www.kariyer.net\/kariyer-rehberi\/author\/editor\/"}]}},"_links":{"self":[{"href":"https:\/\/www.kariyer.net\/kariyer-rehberi\/wp-json\/wp\/v2\/posts\/22688","targetHints":{"allow":["GET"]}}],"collection":[{"href":"https:\/\/www.kariyer.net\/kariyer-rehberi\/wp-json\/wp\/v2\/posts"}],"about":[{"href":"https:\/\/www.kariyer.net\/kariyer-rehberi\/wp-json\/wp\/v2\/types\/post"}],"author":[{"embeddable":true,"href":"https:\/\/www.kariyer.net\/kariyer-rehberi\/wp-json\/wp\/v2\/users\/12"}],"replies":[{"embeddable":true,"href":"https:\/\/www.kariyer.net\/kariyer-rehberi\/wp-json\/wp\/v2\/comments?post=22688"}],"version-history":[{"count":1,"href":"https:\/\/www.kariyer.net\/kariyer-rehberi\/wp-json\/wp\/v2\/posts\/22688\/revisions"}],"predecessor-version":[{"id":22690,"href":"https:\/\/www.kariyer.net\/kariyer-rehberi\/wp-json\/wp\/v2\/posts\/22688\/revisions\/22690"}],"wp:featuredmedia":[{"embeddable":true,"href":"https:\/\/www.kariyer.net\/kariyer-rehberi\/wp-json\/wp\/v2\/media\/22689"}],"wp:attachment":[{"href":"https:\/\/www.kariyer.net\/kariyer-rehberi\/wp-json\/wp\/v2\/media?parent=22688"}],"wp:term":[{"taxonomy":"category","embeddable":true,"href":"https:\/\/www.kariyer.net\/kariyer-rehberi\/wp-json\/wp\/v2\/categories?post=22688"},{"taxonomy":"post_tag","embeddable":true,"href":"https:\/\/www.kariyer.net\/kariyer-rehberi\/wp-json\/wp\/v2\/tags?post=22688"}],"curies":[{"name":"wp","href":"https:\/\/api.w.org\/{rel}","templated":true}]}}