{"id":22718,"date":"2026-01-05T09:00:33","date_gmt":"2026-01-05T06:00:33","guid":{"rendered":"https:\/\/www.kariyer.net\/kariyer-rehberi\/?p=22718"},"modified":"2026-01-06T14:50:14","modified_gmt":"2026-01-06T11:50:14","slug":"2026ya-guclu-bir-baslangic-kariyerini-hizlandiracak-7-adim","status":"publish","type":"post","link":"https:\/\/www.kariyer.net\/kariyer-rehberi\/2026ya-guclu-bir-baslangic-kariyerini-hizlandiracak-7-adim\/","title":{"rendered":"2026\u2019ya g\u00fc\u00e7l\u00fc bir ba\u015flang\u0131\u00e7: Kariyerini h\u0131zland\u0131racak 7 ad\u0131m"},"content":{"rendered":"<p><strong>2026\u2019ya girdik ve yepyeni bir y\u0131l bizi bekliyor. Kariyerinde daha g\u00f6r\u00fcn\u00fcr, daha g\u00fc\u00e7l\u00fc ve daha planl\u0131 ilerlemek istiyorsun, ama nereden ba\u015flayaca\u011f\u0131n\u0131 bilmiyor musun? Bu y\u0131l profesyonel yolculu\u011funa ivme kazand\u0131racak 7 uygulanabilir ad\u0131m\u0131 senin i\u00e7in derledik.<\/strong><\/p>\n<p data-start=\"662\" data-end=\"1050\">Yeni y\u0131l\u0131n ilk g\u00fcnleri, \u00e7o\u011fu ki\u015finin hayat\u0131n\u0131 g\u00f6zden ge\u00e7irdi\u011fi, ama kariyer hedeflerine gelince genelde belirsizlik ya\u015fad\u0131\u011f\u0131 bir d\u00f6nem. \u201cBu y\u0131l daha \u00e7ok \u00e7al\u0131\u015faca\u011f\u0131m\u201d gibi soyut hedefler yerine, seni 2026\u2019da somut bi\u00e7imde g\u00fc\u00e7lendirecek ad\u0131mlara odaklanmak \u00e7ok daha etkili. Bu yaz\u0131da, profesyonel geli\u015fimini h\u0131zland\u0131rmana yard\u0131mc\u0131 olacak 7 g\u00fc\u00e7l\u00fc ad\u0131mdan bahsedece\u011fiz. Hadi, ba\u015flayal\u0131m!<\/p>\n<h2 data-start=\"1057\" data-end=\"1106\"><strong data-start=\"1061\" data-end=\"1106\">CV\u2019ni g\u00fcncelle, ama ger\u00e7ekten g\u00fcncelle<\/strong><\/h2>\n<p data-start=\"1107\" data-end=\"1218\">Art\u0131k 2026\u2019das\u0131n ve i\u015f f\u0131rsatlar\u0131 h\u0131zlan\u0131yor. Bu y\u00fczden CV\u2019ni yenilemek sadece tarih eklemek anlam\u0131na gelmiyor.<\/p>\n<ul>\n<li data-start=\"1222\" data-end=\"1255\">2025\u2019te yapt\u0131\u011f\u0131n projeleri ekle,<\/li>\n<li data-start=\"1258\" data-end=\"1330\">Somut sonu\u00e7lar yaz: \u201c%20 verim art\u0131\u015f\u0131\u201d, \u201c300 ki\u015filik ekibe sunum\u201d gibi,<\/li>\n<li data-start=\"1333\" data-end=\"1369\">Eski ve gereksiz bilgileri temizle.<\/li>\n<\/ul>\n<p data-start=\"1371\" data-end=\"1415\">CV\u2019ni 2026 i\u00e7in bir \u201chaz\u0131r ara\u00e7\u201d gibi d\u00fc\u015f\u00fcn.<\/p>\n<h2 data-start=\"1422\" data-end=\"1464\"><strong data-start=\"1426\" data-end=\"1464\">Dijital g\u00f6r\u00fcn\u00fcrl\u00fc\u011f\u00fcn\u00fc g\u00fc\u00e7lendir<\/strong><\/h2>\n<p data-start=\"1465\" data-end=\"1643\">Dijital d\u00fcnyada g\u00f6r\u00fcn\u00fcr olmak \u00f6nemli. Bu nedenle kendine \u015funu sor: <strong data-start=\"1583\" data-end=\"1643\">\u201cAd\u0131m\u0131 Google\u2019da aratsam nas\u0131l bir izlenim b\u0131rak\u0131yorum?\u201d<\/strong><\/p>\n<p data-start=\"1645\" data-end=\"1669\">Dijital izini g\u00fc\u00e7lendir:<\/p>\n<ul>\n<li data-start=\"1673\" data-end=\"1724\">Ad\u0131n\u0131 ta\u015f\u0131yan eski, g\u00fcncel olmayan profilleri sil,<\/li>\n<li data-start=\"1727\" data-end=\"1754\">Portfolyon varsa g\u00fcncelle,<\/li>\n<li data-start=\"1757\" data-end=\"1798\">Proje ve sunumlar\u0131n\u0131 tek klas\u00f6rde topla,<\/li>\n<li data-start=\"1845\" data-end=\"1926\">K\u00fc\u00e7\u00fck bir dijital dosya d\u00fczeni olu\u015ftur (portfolyo, referanslar, sertifikalar, CV)<\/li>\n<li>\u00d6zge\u00e7mi\u015finde eksik bilgiler varsa tamamla,<\/li>\n<li>Ba\u015fvurdu\u011fun pozisyona \u00f6zel olarak kullanabilece\u011fin birden fazla \u00f6zge\u00e7mi\u015fi de haz\u0131rda tut.<\/li>\n<\/ul>\n<p data-start=\"1928\" data-end=\"2004\">Bu d\u00fczen, ba\u015fvurularda ve profesyonel ileti\u015fimde seni her zaman \u00f6ne ge\u00e7irir.<\/p>\n<h2 data-start=\"2011\" data-end=\"2063\"><strong data-start=\"2015\" data-end=\"2063\">2026 hedeflerini SMART y\u00f6ntemiyle belirle<\/strong><\/h2>\n<p data-start=\"2064\" data-end=\"2133\">\u201cDaha iyi bir kariyer\u201d hedef de\u011fil. Netlik ve \u00f6l\u00e7\u00fclebilirlik gerekli.<\/p>\n<p data-start=\"2135\" data-end=\"2156\">\u00d6rnek SMART hedefler:<\/p>\n<ul>\n<li data-start=\"2160\" data-end=\"2217\">\u201cMart 2026\u2019ya kadar ileri Excel e\u011fitimi tamamlamak\u201d<\/li>\n<li data-start=\"2220\" data-end=\"2271\">\u201cY\u0131lda en az iki sekt\u00f6rel etkinli\u011fe kat\u0131lmak\u201d<\/li>\n<li data-start=\"2274\" data-end=\"2312\">\u201cHer ay bir mesleki makale okumak\u201d<\/li>\n<\/ul>\n<p data-start=\"2314\" data-end=\"2384\">Unutma: <strong data-start=\"2322\" data-end=\"2384\">Seni ileri ta\u015f\u0131yan \u015fey disiplin de\u011fil, kurdu\u011fun sistemdir.<\/strong><\/p>\n<h2 data-start=\"2391\" data-end=\"2441\"><strong data-start=\"2395\" data-end=\"2441\">Beceri a\u00e7\u0131\u011f\u0131n\u0131 kapatmaya bug\u00fcnden ba\u015fla<\/strong><\/h2>\n<p data-start=\"2442\" data-end=\"2525\">Herkesin bir \u201cskill gap\u201di var. Seninki teknik olabilir, ileti\u015fimle ilgili olabilir.<\/p>\n<p data-start=\"2527\" data-end=\"2606\">Kendine \u015funu sor:<br data-start=\"2544\" data-end=\"2547\" \/><strong data-start=\"2547\" data-end=\"2606\">\u201cKariyerimde bir \u00fcst ad\u0131ma ge\u00e7mek i\u00e7in bende ne eksik?\u201d<\/strong><\/p>\n<p data-start=\"2608\" data-end=\"2637\">Sonra mikro ad\u0131mlarla ilerle:<\/p>\n<ul>\n<li data-start=\"2641\" data-end=\"2679\">15 dakikal\u0131k h\u0131zl\u0131 \u00f6\u011frenme seanslar\u0131<\/li>\n<li data-start=\"2682\" data-end=\"2717\">YouTube\u2019dan \u00fccretsiz mini dersler<\/li>\n<li data-start=\"2720\" data-end=\"2750\">2\u20133 haftal\u0131k temel e\u011fitimler<\/li>\n<\/ul>\n<p data-start=\"2752\" data-end=\"2832\">Beceri geli\u015ftirmek b\u00fcy\u00fck ad\u0131mlardan de\u011fil, k\u00fc\u00e7\u00fck ama s\u00fcrekli ilerlemeden olu\u015fur.<\/p>\n<h2 data-start=\"2839\" data-end=\"2885\"><strong data-start=\"2843\" data-end=\"2885\">Dijital al\u0131\u015fkanl\u0131klar\u0131n\u0131 sadele\u015ftir<\/strong><\/h2>\n<p data-start=\"2886\" data-end=\"2960\">2026\u2019da i\u015f d\u00fcnyas\u0131 daha da dijital. Bu y\u00fczden g\u00fcnl\u00fck d\u00fczenini optimize et:<\/p>\n<ul>\n<li data-start=\"2964\" data-end=\"2988\">Mail kutunu sadele\u015ftir,<\/li>\n<li data-start=\"2991\" data-end=\"3013\">Uygulamalar\u0131 d\u00fczenle,<\/li>\n<li data-start=\"3016\" data-end=\"3045\">Gereksiz bildirimleri kapat,<\/li>\n<li data-start=\"3048\" data-end=\"3075\">Not alma sistemini yenile.<\/li>\n<\/ul>\n<p data-start=\"3077\" data-end=\"3150\">Bu k\u00fc\u00e7\u00fck d\u00fczenlemeler odaklanman\u0131 ve performans\u0131n\u0131 ciddi \u015fekilde art\u0131r\u0131r.<\/p>\n<h2 data-start=\"3157\" data-end=\"3212\"><strong data-start=\"3161\" data-end=\"3212\">Profesyonel \u00e7evreni geni\u015fletecek bir ad\u0131m at<\/strong><\/h2>\n<p data-start=\"3213\" data-end=\"3266\">Yeni y\u0131l, yeni temaslar kurmak i\u00e7in harika bir zaman.<\/p>\n<ul>\n<li data-start=\"3270\" data-end=\"3292\">Bir mentora mesaj at,<\/li>\n<li data-start=\"3295\" data-end=\"3385\">Sekt\u00f6rden birine \u201cYeni y\u0131l\u0131n kutlu olsun, sana k\u0131sa bir soru sorabilir miyim?\u201d diye ula\u015f,<\/li>\n<li data-start=\"3388\" data-end=\"3426\">Eski bir i\u015f arkada\u015f\u0131nla kahve planla.<\/li>\n<\/ul>\n<p data-start=\"3428\" data-end=\"3486\">Unutma: Kariyer \u00e7o\u011fu zaman ba\u011flant\u0131lar \u00fczerinden h\u0131zlan\u0131r.<\/p>\n<h2 data-start=\"3493\" data-end=\"3531\"><strong data-start=\"3497\" data-end=\"3531\">Kendine ger\u00e7ek bir mola ver<\/strong><\/h2>\n<p data-start=\"3532\" data-end=\"3618\">Evet, bu da bir kariyer haz\u0131rl\u0131\u011f\u0131. T\u00fckenmi\u015f bir zihinle 2026\u2019ya ba\u015flamak dezavantaj. Bir g\u00fcnl\u00fc\u011f\u00fcne telefonu kapat, i\u015f d\u00fc\u015f\u00fcnme, beynini dinlendir. Zihinsel olarak tazelenmi\u015f bir \u015fekilde y\u0131la ba\u015flamak performans\u0131n\u0131 iki kat art\u0131r\u0131r.<\/p>\n<p data-start=\"3771\" data-end=\"4049\">2026\u2019da kariyerine g\u00fc\u00e7l\u00fc bir ba\u015flang\u0131\u00e7 yapmak dev ad\u0131mlar gerektirmiyor. CV\u2019ni yenilemekten dijital d\u00fczen kurmaya, beceri a\u00e7\u0131klar\u0131n\u0131 kapatmaktan yeni ba\u011flant\u0131lar kurmaya kadar t\u00fcm bu k\u00fc\u00e7\u00fck ama etkili ad\u0131mlar seni daha g\u00f6r\u00fcn\u00fcr, daha g\u00fc\u00e7l\u00fc ve daha haz\u0131r biri yapar.<\/p>\n<!-- templates\/buttons-placeholder.php -->\n<div class=\"da-reactions-outer TpostID22718\">\n\t    <div class=\"da-reactions-data da-reactions-container-async center\"\n         data-type=\"post\"\n         data-id=\"22718\"\n         id=\"da-reactions-slot-post-22718\">\n        <div class=\"da-reactions-static\">\n\t\t\t<img src=\"https:\/\/www.kariyer.net\/kariyer-rehberi\/wp-content\/plugins\/da-reactions\/assets\/dist\/loading.svg\" alt=\"Loading spinner\" width=\"48\" height=\"48\" style=\"width:48px\" \/>\n        <\/div>\n    <\/div>\n<\/div>\n","protected":false},"excerpt":{"rendered":"<p>2026\u2019ya girdik ve yepyeni bir y\u0131l bizi bekliyor. Kariyerinde daha g\u00f6r\u00fcn\u00fcr, daha g\u00fc\u00e7l\u00fc ve daha planl\u0131 ilerlemek istiyorsun, ama nereden ba\u015flayaca\u011f\u0131n\u0131 bilmiyor musun? Bu y\u0131l profesyonel yolculu\u011funa ivme kazand\u0131racak 7 uygulanabilir ad\u0131m\u0131 senin i\u00e7in derledik. Yeni y\u0131l\u0131n ilk g\u00fcnleri, \u00e7o\u011fu ki\u015finin hayat\u0131n\u0131 g\u00f6zden ge\u00e7irdi\u011fi, ama kariyer hedeflerine gelince genelde belirsizlik ya\u015fad\u0131\u011f\u0131 bir d\u00f6nem. \u201cBu y\u0131l [&hellip;]<\/p>\n<!-- templates\/buttons-placeholder.php -->\n<div class=\"da-reactions-outer TpostID22718\">\n\t    <div class=\"da-reactions-data da-reactions-container-async center\"\n         data-type=\"post\"\n         data-id=\"22718\"\n         id=\"da-reactions-slot-post-22718\">\n        <div class=\"da-reactions-static\">\n\t\t\t<img src=\"https:\/\/www.kariyer.net\/kariyer-rehberi\/wp-content\/plugins\/da-reactions\/assets\/dist\/loading.svg\" alt=\"Loading spinner\" width=\"48\" height=\"48\" style=\"width:48px\" \/>\n        <\/div>\n    <\/div>\n<\/div>\n","protected":false},"author":12,"featured_media":22720,"comment_status":"closed","ping_status":"open","sticky":false,"template":"","format":"standard","meta":{"footnotes":"","_elementor_edit_mode":"","_elementor_template_type":"","_elementor_data":"","_elementor_page_settings":null,"_elementor_conditions":[]},"categories":[2211],"tags":[2229,2225],"class_list":{"0":"post-22718","1":"post","2":"type-post","3":"status-publish","4":"format-standard","5":"has-post-thumbnail","7":"category-kariyer-gelisimi","8":"tag-kariyer-planlama-ve-gelisim","9":"tag-tum-kitle"},"yoast_head":"<!-- This site is optimized with the Yoast SEO Premium plugin v21.4 (Yoast SEO v27.0) - https:\/\/yoast.com\/product\/yoast-seo-premium-wordpress\/ -->\n<title>2026\u2019ya g\u00fc\u00e7l\u00fc bir ba\u015flang\u0131\u00e7: Kariyerini h\u0131zland\u0131racak 7 ad\u0131m<\/title>\n<meta name=\"description\" content=\"2026\u2019ya girdik ve yepyeni bir y\u0131l seni bekliyor. Kariyerinde daha g\u00f6r\u00fcn\u00fcr, daha planl\u0131 ilerlemek i\u00e7in \u00f6neriler bu yaz\u0131da!\" \/>\n<meta name=\"robots\" content=\"index, follow, max-snippet:-1, max-image-preview:large, max-video-preview:-1\" \/>\n<link rel=\"canonical\" href=\"https:\/\/www.kariyer.net\/kariyer-rehberi\/2026ya-guclu-bir-baslangic-kariyerini-hizlandiracak-7-adim\/\" \/>\n<meta property=\"og:locale\" content=\"tr_TR\" \/>\n<meta property=\"og:type\" content=\"article\" \/>\n<meta property=\"og:title\" content=\"2026\u2019ya g\u00fc\u00e7l\u00fc bir ba\u015flang\u0131\u00e7: Kariyerini h\u0131zland\u0131racak 7 ad\u0131m\" \/>\n<meta property=\"og:description\" content=\"2026\u2019ya girdik ve yepyeni bir y\u0131l bizi bekliyor. Kariyerinde daha g\u00f6r\u00fcn\u00fcr, daha g\u00fc\u00e7l\u00fc ve daha planl\u0131 ilerlemek istiyorsun, ama nereden ba\u015flayaca\u011f\u0131n\u0131\" \/>\n<meta property=\"og:url\" content=\"https:\/\/www.kariyer.net\/kariyer-rehberi\/2026ya-guclu-bir-baslangic-kariyerini-hizlandiracak-7-adim\/\" \/>\n<meta property=\"og:site_name\" content=\"Kariyer Rehberi\" \/>\n<meta property=\"article:published_time\" content=\"2026-01-05T06:00:33+00:00\" \/>\n<meta property=\"article:modified_time\" content=\"2026-01-06T11:50:14+00:00\" \/>\n<meta property=\"og:image\" content=\"https:\/\/www.kariyer.net\/kariyer-rehberi\/wp-content\/uploads\/2026\/01\/kariyer_hayati.jpg\" \/>\n\t<meta property=\"og:image:width\" content=\"900\" \/>\n\t<meta property=\"og:image:height\" content=\"600\" \/>\n\t<meta property=\"og:image:type\" content=\"image\/jpeg\" \/>\n<meta name=\"author\" content=\"Edit\u00f6r\" \/>\n<meta name=\"twitter:card\" content=\"summary_large_image\" \/>\n<meta name=\"twitter:label1\" content=\"Yazan:\" \/>\n\t<meta name=\"twitter:data1\" content=\"Edit\u00f6r\" \/>\n\t<meta name=\"twitter:label2\" content=\"Tahmini okuma s\u00fcresi\" \/>\n\t<meta name=\"twitter:data2\" content=\"4 dakika\" \/>\n<!-- \/ Yoast SEO Premium plugin. -->","yoast_head_json":{"title":"2026\u2019ya g\u00fc\u00e7l\u00fc bir ba\u015flang\u0131\u00e7: Kariyerini h\u0131zland\u0131racak 7 ad\u0131m","description":"2026\u2019ya girdik ve yepyeni bir y\u0131l seni bekliyor. Kariyerinde daha g\u00f6r\u00fcn\u00fcr, daha planl\u0131 ilerlemek i\u00e7in \u00f6neriler bu yaz\u0131da!","robots":{"index":"index","follow":"follow","max-snippet":"max-snippet:-1","max-image-preview":"max-image-preview:large","max-video-preview":"max-video-preview:-1"},"canonical":"https:\/\/www.kariyer.net\/kariyer-rehberi\/2026ya-guclu-bir-baslangic-kariyerini-hizlandiracak-7-adim\/","og_locale":"tr_TR","og_type":"article","og_title":"2026\u2019ya g\u00fc\u00e7l\u00fc bir ba\u015flang\u0131\u00e7: Kariyerini h\u0131zland\u0131racak 7 ad\u0131m","og_description":"2026\u2019ya girdik ve yepyeni bir y\u0131l bizi bekliyor. Kariyerinde daha g\u00f6r\u00fcn\u00fcr, daha g\u00fc\u00e7l\u00fc ve daha planl\u0131 ilerlemek istiyorsun, ama nereden ba\u015flayaca\u011f\u0131n\u0131","og_url":"https:\/\/www.kariyer.net\/kariyer-rehberi\/2026ya-guclu-bir-baslangic-kariyerini-hizlandiracak-7-adim\/","og_site_name":"Kariyer Rehberi","article_published_time":"2026-01-05T06:00:33+00:00","article_modified_time":"2026-01-06T11:50:14+00:00","og_image":[{"width":900,"height":600,"url":"https:\/\/www.kariyer.net\/kariyer-rehberi\/wp-content\/uploads\/2026\/01\/kariyer_hayati.jpg","type":"image\/jpeg"}],"author":"Edit\u00f6r","twitter_card":"summary_large_image","twitter_misc":{"Yazan:":"Edit\u00f6r","Tahmini okuma s\u00fcresi":"4 dakika"},"schema":{"@context":"https:\/\/schema.org","@graph":[{"@type":"Article","@id":"https:\/\/www.kariyer.net\/kariyer-rehberi\/2026ya-guclu-bir-baslangic-kariyerini-hizlandiracak-7-adim\/#article","isPartOf":{"@id":"https:\/\/www.kariyer.net\/kariyer-rehberi\/2026ya-guclu-bir-baslangic-kariyerini-hizlandiracak-7-adim\/"},"author":{"name":"Edit\u00f6r","@id":"https:\/\/www.kariyer.net\/kariyer-rehberi\/#\/schema\/person\/94fd6e49c7ff1b1b2565a2cc4fd685dd"},"headline":"2026\u2019ya g\u00fc\u00e7l\u00fc bir ba\u015flang\u0131\u00e7: Kariyerini h\u0131zland\u0131racak 7 ad\u0131m","datePublished":"2026-01-05T06:00:33+00:00","dateModified":"2026-01-06T11:50:14+00:00","mainEntityOfPage":{"@id":"https:\/\/www.kariyer.net\/kariyer-rehberi\/2026ya-guclu-bir-baslangic-kariyerini-hizlandiracak-7-adim\/"},"wordCount":656,"publisher":{"@id":"https:\/\/www.kariyer.net\/kariyer-rehberi\/#organization"},"image":{"@id":"https:\/\/www.kariyer.net\/kariyer-rehberi\/2026ya-guclu-bir-baslangic-kariyerini-hizlandiracak-7-adim\/#primaryimage"},"thumbnailUrl":"https:\/\/www.kariyer.net\/kariyer-rehberi\/wp-content\/uploads\/2026\/01\/kariyer_hayati.jpg","keywords":["Kariyer Planlama ve Geli\u015fim","T\u00fcm kitle"],"articleSection":["Kariyer Geli\u015fimi"],"inLanguage":"tr"},{"@type":"WebPage","@id":"https:\/\/www.kariyer.net\/kariyer-rehberi\/2026ya-guclu-bir-baslangic-kariyerini-hizlandiracak-7-adim\/","url":"https:\/\/www.kariyer.net\/kariyer-rehberi\/2026ya-guclu-bir-baslangic-kariyerini-hizlandiracak-7-adim\/","name":"2026\u2019ya g\u00fc\u00e7l\u00fc bir ba\u015flang\u0131\u00e7: Kariyerini h\u0131zland\u0131racak 7 ad\u0131m","isPartOf":{"@id":"https:\/\/www.kariyer.net\/kariyer-rehberi\/#website"},"primaryImageOfPage":{"@id":"https:\/\/www.kariyer.net\/kariyer-rehberi\/2026ya-guclu-bir-baslangic-kariyerini-hizlandiracak-7-adim\/#primaryimage"},"image":{"@id":"https:\/\/www.kariyer.net\/kariyer-rehberi\/2026ya-guclu-bir-baslangic-kariyerini-hizlandiracak-7-adim\/#primaryimage"},"thumbnailUrl":"https:\/\/www.kariyer.net\/kariyer-rehberi\/wp-content\/uploads\/2026\/01\/kariyer_hayati.jpg","datePublished":"2026-01-05T06:00:33+00:00","dateModified":"2026-01-06T11:50:14+00:00","description":"2026\u2019ya girdik ve yepyeni bir y\u0131l seni bekliyor. Kariyerinde daha g\u00f6r\u00fcn\u00fcr, daha planl\u0131 ilerlemek i\u00e7in \u00f6neriler bu yaz\u0131da!","breadcrumb":{"@id":"https:\/\/www.kariyer.net\/kariyer-rehberi\/2026ya-guclu-bir-baslangic-kariyerini-hizlandiracak-7-adim\/#breadcrumb"},"inLanguage":"tr","potentialAction":[{"@type":"ReadAction","target":["https:\/\/www.kariyer.net\/kariyer-rehberi\/2026ya-guclu-bir-baslangic-kariyerini-hizlandiracak-7-adim\/"]}]},{"@type":"ImageObject","inLanguage":"tr","@id":"https:\/\/www.kariyer.net\/kariyer-rehberi\/2026ya-guclu-bir-baslangic-kariyerini-hizlandiracak-7-adim\/#primaryimage","url":"https:\/\/www.kariyer.net\/kariyer-rehberi\/wp-content\/uploads\/2026\/01\/kariyer_hayati.jpg","contentUrl":"https:\/\/www.kariyer.net\/kariyer-rehberi\/wp-content\/uploads\/2026\/01\/kariyer_hayati.jpg","width":900,"height":600},{"@type":"BreadcrumbList","@id":"https:\/\/www.kariyer.net\/kariyer-rehberi\/2026ya-guclu-bir-baslangic-kariyerini-hizlandiracak-7-adim\/#breadcrumb","itemListElement":[{"@type":"ListItem","position":1,"name":"Anasayfa","item":"https:\/\/www.kariyer.net\/kariyer-rehberi\/"},{"@type":"ListItem","position":2,"name":"2026\u2019ya g\u00fc\u00e7l\u00fc bir ba\u015flang\u0131\u00e7: Kariyerini h\u0131zland\u0131racak 7 ad\u0131m"}]},{"@type":"WebSite","@id":"https:\/\/www.kariyer.net\/kariyer-rehberi\/#website","url":"https:\/\/www.kariyer.net\/kariyer-rehberi\/","name":"Kariyer Rehberi","description":"\u0130\u015f D\u00fcnyas\u0131yla \u0130lgili Bilmek \u0130stedi\u011finiz Her \u015eey","publisher":{"@id":"https:\/\/www.kariyer.net\/kariyer-rehberi\/#organization"},"potentialAction":[{"@type":"SearchAction","target":{"@type":"EntryPoint","urlTemplate":"https:\/\/www.kariyer.net\/kariyer-rehberi\/?s={search_term_string}"},"query-input":{"@type":"PropertyValueSpecification","valueRequired":true,"valueName":"search_term_string"}}],"inLanguage":"tr"},{"@type":"Organization","@id":"https:\/\/www.kariyer.net\/kariyer-rehberi\/#organization","name":"Kariyer.net","url":"https:\/\/www.kariyer.net\/kariyer-rehberi\/","logo":{"@type":"ImageObject","inLanguage":"tr","@id":"https:\/\/www.kariyer.net\/kariyer-rehberi\/#\/schema\/logo\/image\/","url":"https:\/\/www.kariyer.net\/kariyer-rehberi-new\/wp-content\/uploads\/2023\/01\/og-image11.jpg","contentUrl":"https:\/\/www.kariyer.net\/kariyer-rehberi-new\/wp-content\/uploads\/2023\/01\/og-image11.jpg","width":800,"height":800,"caption":"Kariyer.net"},"image":{"@id":"https:\/\/www.kariyer.net\/kariyer-rehberi\/#\/schema\/logo\/image\/"}},{"@type":"Person","@id":"https:\/\/www.kariyer.net\/kariyer-rehberi\/#\/schema\/person\/94fd6e49c7ff1b1b2565a2cc4fd685dd","name":"Edit\u00f6r","image":{"@type":"ImageObject","inLanguage":"tr","@id":"https:\/\/www.kariyer.net\/kariyer-rehberi\/#\/schema\/person\/image\/","url":"https:\/\/secure.gravatar.com\/avatar\/0c4fe6688343aed3693b15573beae12c08ace5565409d5ab7509bf9c115f458d?s=96&d=mm&r=g","contentUrl":"https:\/\/secure.gravatar.com\/avatar\/0c4fe6688343aed3693b15573beae12c08ace5565409d5ab7509bf9c115f458d?s=96&d=mm&r=g","caption":"Edit\u00f6r"},"url":"https:\/\/www.kariyer.net\/kariyer-rehberi\/author\/editor\/"}]}},"_links":{"self":[{"href":"https:\/\/www.kariyer.net\/kariyer-rehberi\/wp-json\/wp\/v2\/posts\/22718","targetHints":{"allow":["GET"]}}],"collection":[{"href":"https:\/\/www.kariyer.net\/kariyer-rehberi\/wp-json\/wp\/v2\/posts"}],"about":[{"href":"https:\/\/www.kariyer.net\/kariyer-rehberi\/wp-json\/wp\/v2\/types\/post"}],"author":[{"embeddable":true,"href":"https:\/\/www.kariyer.net\/kariyer-rehberi\/wp-json\/wp\/v2\/users\/12"}],"replies":[{"embeddable":true,"href":"https:\/\/www.kariyer.net\/kariyer-rehberi\/wp-json\/wp\/v2\/comments?post=22718"}],"version-history":[{"count":3,"href":"https:\/\/www.kariyer.net\/kariyer-rehberi\/wp-json\/wp\/v2\/posts\/22718\/revisions"}],"predecessor-version":[{"id":22726,"href":"https:\/\/www.kariyer.net\/kariyer-rehberi\/wp-json\/wp\/v2\/posts\/22718\/revisions\/22726"}],"wp:featuredmedia":[{"embeddable":true,"href":"https:\/\/www.kariyer.net\/kariyer-rehberi\/wp-json\/wp\/v2\/media\/22720"}],"wp:attachment":[{"href":"https:\/\/www.kariyer.net\/kariyer-rehberi\/wp-json\/wp\/v2\/media?parent=22718"}],"wp:term":[{"taxonomy":"category","embeddable":true,"href":"https:\/\/www.kariyer.net\/kariyer-rehberi\/wp-json\/wp\/v2\/categories?post=22718"},{"taxonomy":"post_tag","embeddable":true,"href":"https:\/\/www.kariyer.net\/kariyer-rehberi\/wp-json\/wp\/v2\/tags?post=22718"}],"curies":[{"name":"wp","href":"https:\/\/api.w.org\/{rel}","templated":true}]}}