{"id":22722,"date":"2026-01-05T05:16:35","date_gmt":"2026-01-05T02:16:35","guid":{"rendered":"https:\/\/www.kariyer.net\/kariyer-rehberi\/?p=22722"},"modified":"2026-01-05T16:18:39","modified_gmt":"2026-01-05T13:18:39","slug":"kpss-2025-2-tercih-sonuclari-sorgulama-kpss-merkezi-atama-sonuclari-ne-zaman-aciklanacak","status":"publish","type":"post","link":"https:\/\/www.kariyer.net\/kariyer-rehberi\/kpss-2025-2-tercih-sonuclari-sorgulama-kpss-merkezi-atama-sonuclari-ne-zaman-aciklanacak\/","title":{"rendered":"KPSS 2025\/2 tercih sonu\u00e7lar\u0131 sorgulama | KPSS merkezi atama sonu\u00e7lar\u0131 ne zaman a\u00e7\u0131klanacak?"},"content":{"rendered":"<p><strong>KPSS-2025\/2 merkezi atama tercih i\u015flemlerinin tamamlanmas\u0131n\u0131n ard\u0131ndan binlerce memur aday\u0131 g\u00f6z\u00fcn\u00fc \u00d6SYM\u2019den gelecek sonu\u00e7 duyurusuna \u00e7evirdi. &#8220;KPSS 2025\/2 tercih sonu\u00e7lar\u0131 a\u00e7\u0131kland\u0131 m\u0131?&#8221; sorusu g\u00fcndemdeki yerini koruyor. \u0130\u015fte 2025\/2 yerle\u015ftirme sonu\u00e7lar\u0131 i\u00e7in beklenen tarihler ve sorgulama ekran\u0131 hakk\u0131nda detaylar.<\/strong><\/p>\n<p>\u00d6l\u00e7me, Se\u00e7me ve Yerle\u015ftirme Merkezi (\u00d6SYM) taraf\u0131ndan y\u00fcr\u00fct\u00fclen KPSS-2025\/2 tercih s\u00fcreci, <strong>18-25 Aral\u0131k 2025<\/strong> tarihleri aras\u0131nda ger\u00e7ekle\u015ftirildi. Orta\u00f6\u011fretim, \u00f6n lisans ve lisans mezunu adaylar\u0131n kamu kurumlar\u0131ndaki kadro ve pozisyonlara yerle\u015febilmek i\u00e7in yapt\u0131\u011f\u0131 ba\u015fvurular\u0131n ard\u0131ndan de\u011ferlendirme a\u015famas\u0131na ge\u00e7ildi.<\/p>\n<h2><strong>KPSS 2025\/2 tercih sonu\u00e7lar\u0131 ne zaman a\u00e7\u0131klanacak?<\/strong><\/h2>\n<p>Hen\u00fcz \u00d6SYM taraf\u0131ndan sonu\u00e7lar\u0131n a\u00e7\u0131kland\u0131\u011f\u0131na dair resmi bir duyuru yap\u0131lmad\u0131. Ancak ge\u00e7mi\u015f y\u0131llardaki merkezi atama takvimi incelendi\u011finde, sonu\u00e7lar\u0131n genellikle <a href=\"https:\/\/www.kariyer.net\/kpss-tercih-motoru\" target=\"_blank\" rel=\"noopener\">tercih<\/a> s\u00fcresinin bitiminden sonraki <strong>1-2 hafta i\u00e7erisinde<\/strong> ilan edildi\u011fi g\u00f6r\u00fcl\u00fcyor.<\/p>\n<ul>\n<li><strong>Ge\u00e7mi\u015f y\u0131l \u00f6rne\u011fi:<\/strong> KPSS-2024\/2 tercihleri 26 Aral\u0131k&#8217;ta sona ermi\u015f, sonu\u00e7lar ise 3 Ocak&#8217;ta ilan edilmi\u015fti.<\/li>\n<li><strong>Tahmin:<\/strong> Benzer bir takvim i\u015fletilirse, 2025\/2 sonu\u00e7lar\u0131n\u0131n <strong>ocak ay\u0131n\u0131n ilk haftas\u0131 (5-9 Ocak 2026)<\/strong> i\u00e7erisinde adaylar\u0131n eri\u015fimine a\u00e7\u0131lmas\u0131 bekleniyor.<\/li>\n<\/ul>\n<h2><strong>KPSS tercih sonu\u00e7lar\u0131 nas\u0131l sorgulan\u0131r?<\/strong><\/h2>\n<p>Yerle\u015ftirme i\u015flemleri tamamland\u0131\u011f\u0131nda adaylar, sonu\u00e7lar\u0131 \u00d6SYM&#8217;nin resmi internet adresi \u00fczerinden \u00f6\u011frenebilecek. Sonu\u00e7lar bas\u0131l\u0131 olarak adaylara g\u00f6nderilmeyecek.<\/p>\n<ol>\n<li>\u00d6SYM\u2019nin <strong><a href=\"https:\/\/sonuc.osym.gov.tr\" target=\"_blank\" rel=\"noopener\">sonuc.osym.gov.tr<\/a><\/strong> internet sitesine gidin.<\/li>\n<li>&#8220;KPSS-2025\/2 Yerle\u015ftirme Sonu\u00e7lar\u0131&#8221; sekmesine t\u0131klay\u0131n.<\/li>\n<li><strong>T.C. Kimlik Numaran\u0131z<\/strong> ve <strong>Aday \u015eifreniz<\/strong> ile giri\u015f yap\u0131n.<\/li>\n<li>Yerle\u015ftirme sonucunuzu g\u00f6r\u00fcnt\u00fcleyin.<\/li>\n<\/ol>\n<!-- templates\/buttons-placeholder.php -->\n<div class=\"da-reactions-outer TpostID22722\">\n\t    <div class=\"da-reactions-data da-reactions-container-async center\"\n         data-type=\"post\"\n         data-id=\"22722\"\n         id=\"da-reactions-slot-post-22722\">\n        <div class=\"da-reactions-static\">\n\t\t\t<img src=\"https:\/\/www.kariyer.net\/kariyer-rehberi\/wp-content\/plugins\/da-reactions\/assets\/dist\/loading.svg\" alt=\"Loading spinner\" width=\"48\" height=\"48\" style=\"width:48px\" \/>\n        <\/div>\n    <\/div>\n<\/div>\n","protected":false},"excerpt":{"rendered":"<p>KPSS-2025\/2 merkezi atama tercih i\u015flemlerinin tamamlanmas\u0131n\u0131n ard\u0131ndan binlerce memur aday\u0131 g\u00f6z\u00fcn\u00fc \u00d6SYM\u2019den gelecek sonu\u00e7 duyurusuna \u00e7evirdi. &#8220;KPSS 2025\/2 tercih sonu\u00e7lar\u0131 a\u00e7\u0131kland\u0131 m\u0131?&#8221; sorusu g\u00fcndemdeki yerini koruyor. \u0130\u015fte 2025\/2 yerle\u015ftirme sonu\u00e7lar\u0131 i\u00e7in beklenen tarihler ve sorgulama ekran\u0131 hakk\u0131nda detaylar. \u00d6l\u00e7me, Se\u00e7me ve Yerle\u015ftirme Merkezi (\u00d6SYM) taraf\u0131ndan y\u00fcr\u00fct\u00fclen KPSS-2025\/2 tercih s\u00fcreci, 18-25 Aral\u0131k 2025 tarihleri aras\u0131nda ger\u00e7ekle\u015ftirildi. [&hellip;]<\/p>\n<!-- templates\/buttons-placeholder.php -->\n<div class=\"da-reactions-outer TpostID22722\">\n\t    <div class=\"da-reactions-data da-reactions-container-async center\"\n         data-type=\"post\"\n         data-id=\"22722\"\n         id=\"da-reactions-slot-post-22722\">\n        <div class=\"da-reactions-static\">\n\t\t\t<img src=\"https:\/\/www.kariyer.net\/kariyer-rehberi\/wp-content\/plugins\/da-reactions\/assets\/dist\/loading.svg\" alt=\"Loading spinner\" width=\"48\" height=\"48\" style=\"width:48px\" \/>\n        <\/div>\n    <\/div>\n<\/div>\n","protected":false},"author":12,"featured_media":22723,"comment_status":"closed","ping_status":"open","sticky":false,"template":"","format":"standard","meta":{"footnotes":"","_elementor_edit_mode":"","_elementor_template_type":"","_elementor_data":"","_elementor_page_settings":null,"_elementor_conditions":[]},"categories":[2215],"tags":[],"class_list":{"0":"post-22722","1":"post","2":"type-post","3":"status-publish","4":"format-standard","5":"has-post-thumbnail","7":"category-kamuda-kariyer"},"yoast_head":"<!-- This site is optimized with the Yoast SEO Premium plugin v21.4 (Yoast SEO v27.0) - https:\/\/yoast.com\/product\/yoast-seo-premium-wordpress\/ -->\n<title>KPSS 2025\/2 tercih sonu\u00e7lar\u0131 sorgulama<\/title>\n<meta name=\"description\" content=\"KPSS-2025\/2 merkezi atama tercih i\u015flemlerinin tamamlanmas\u0131n\u0131n ard\u0131ndan binlerce memur aday\u0131 g\u00f6z\u00fcn\u00fc \u00d6SYM\u2019den gelecek sonu\u00e7 duyurusuna \u00e7evirdi.\" \/>\n<meta name=\"robots\" content=\"index, follow, max-snippet:-1, max-image-preview:large, max-video-preview:-1\" \/>\n<link rel=\"canonical\" href=\"https:\/\/www.kariyer.net\/kariyer-rehberi\/kpss-2025-2-tercih-sonuclari-sorgulama-kpss-merkezi-atama-sonuclari-ne-zaman-aciklanacak\/\" \/>\n<meta property=\"og:locale\" content=\"tr_TR\" \/>\n<meta property=\"og:type\" content=\"article\" \/>\n<meta property=\"og:title\" content=\"KPSS 2025\/2 tercih sonu\u00e7lar\u0131 sorgulama | KPSS merkezi atama sonu\u00e7lar\u0131 ne zaman a\u00e7\u0131klanacak?\" \/>\n<meta property=\"og:description\" content=\"KPSS-2025\/2 merkezi atama tercih i\u015flemlerinin tamamlanmas\u0131n\u0131n ard\u0131ndan binlerce memur aday\u0131 g\u00f6z\u00fcn\u00fc \u00d6SYM\u2019den gelecek sonu\u00e7 duyurusuna \u00e7evirdi. &quot;KPSS 2025\/2\" \/>\n<meta property=\"og:url\" content=\"https:\/\/www.kariyer.net\/kariyer-rehberi\/kpss-2025-2-tercih-sonuclari-sorgulama-kpss-merkezi-atama-sonuclari-ne-zaman-aciklanacak\/\" \/>\n<meta property=\"og:site_name\" content=\"Kariyer Rehberi\" \/>\n<meta property=\"article:published_time\" content=\"2026-01-05T02:16:35+00:00\" \/>\n<meta property=\"article:modified_time\" content=\"2026-01-05T13:18:39+00:00\" \/>\n<meta property=\"og:image\" content=\"https:\/\/www.kariyer.net\/kariyer-rehberi\/wp-content\/uploads\/2026\/01\/kpss_atama_2026.jpg\" \/>\n\t<meta property=\"og:image:width\" content=\"900\" \/>\n\t<meta property=\"og:image:height\" content=\"600\" \/>\n\t<meta property=\"og:image:type\" content=\"image\/jpeg\" \/>\n<meta name=\"author\" content=\"Edit\u00f6r\" \/>\n<meta name=\"twitter:card\" content=\"summary_large_image\" \/>\n<meta name=\"twitter:label1\" content=\"Yazan:\" \/>\n\t<meta name=\"twitter:data1\" content=\"Edit\u00f6r\" \/>\n\t<meta name=\"twitter:label2\" content=\"Tahmini okuma s\u00fcresi\" \/>\n\t<meta name=\"twitter:data2\" content=\"2 dakika\" \/>\n<!-- \/ Yoast SEO Premium plugin. -->","yoast_head_json":{"title":"KPSS 2025\/2 tercih sonu\u00e7lar\u0131 sorgulama","description":"KPSS-2025\/2 merkezi atama tercih i\u015flemlerinin tamamlanmas\u0131n\u0131n ard\u0131ndan binlerce memur aday\u0131 g\u00f6z\u00fcn\u00fc \u00d6SYM\u2019den gelecek sonu\u00e7 duyurusuna \u00e7evirdi.","robots":{"index":"index","follow":"follow","max-snippet":"max-snippet:-1","max-image-preview":"max-image-preview:large","max-video-preview":"max-video-preview:-1"},"canonical":"https:\/\/www.kariyer.net\/kariyer-rehberi\/kpss-2025-2-tercih-sonuclari-sorgulama-kpss-merkezi-atama-sonuclari-ne-zaman-aciklanacak\/","og_locale":"tr_TR","og_type":"article","og_title":"KPSS 2025\/2 tercih sonu\u00e7lar\u0131 sorgulama | KPSS merkezi atama sonu\u00e7lar\u0131 ne zaman a\u00e7\u0131klanacak?","og_description":"KPSS-2025\/2 merkezi atama tercih i\u015flemlerinin tamamlanmas\u0131n\u0131n ard\u0131ndan binlerce memur aday\u0131 g\u00f6z\u00fcn\u00fc \u00d6SYM\u2019den gelecek sonu\u00e7 duyurusuna \u00e7evirdi. \"KPSS 2025\/2","og_url":"https:\/\/www.kariyer.net\/kariyer-rehberi\/kpss-2025-2-tercih-sonuclari-sorgulama-kpss-merkezi-atama-sonuclari-ne-zaman-aciklanacak\/","og_site_name":"Kariyer Rehberi","article_published_time":"2026-01-05T02:16:35+00:00","article_modified_time":"2026-01-05T13:18:39+00:00","og_image":[{"width":900,"height":600,"url":"https:\/\/www.kariyer.net\/kariyer-rehberi\/wp-content\/uploads\/2026\/01\/kpss_atama_2026.jpg","type":"image\/jpeg"}],"author":"Edit\u00f6r","twitter_card":"summary_large_image","twitter_misc":{"Yazan:":"Edit\u00f6r","Tahmini okuma s\u00fcresi":"2 dakika"},"schema":{"@context":"https:\/\/schema.org","@graph":[{"@type":"Article","@id":"https:\/\/www.kariyer.net\/kariyer-rehberi\/kpss-2025-2-tercih-sonuclari-sorgulama-kpss-merkezi-atama-sonuclari-ne-zaman-aciklanacak\/#article","isPartOf":{"@id":"https:\/\/www.kariyer.net\/kariyer-rehberi\/kpss-2025-2-tercih-sonuclari-sorgulama-kpss-merkezi-atama-sonuclari-ne-zaman-aciklanacak\/"},"author":{"name":"Edit\u00f6r","@id":"https:\/\/www.kariyer.net\/kariyer-rehberi\/#\/schema\/person\/94fd6e49c7ff1b1b2565a2cc4fd685dd"},"headline":"KPSS 2025\/2 tercih sonu\u00e7lar\u0131 sorgulama | KPSS merkezi atama sonu\u00e7lar\u0131 ne zaman a\u00e7\u0131klanacak?","datePublished":"2026-01-05T02:16:35+00:00","dateModified":"2026-01-05T13:18:39+00:00","mainEntityOfPage":{"@id":"https:\/\/www.kariyer.net\/kariyer-rehberi\/kpss-2025-2-tercih-sonuclari-sorgulama-kpss-merkezi-atama-sonuclari-ne-zaman-aciklanacak\/"},"wordCount":296,"publisher":{"@id":"https:\/\/www.kariyer.net\/kariyer-rehberi\/#organization"},"image":{"@id":"https:\/\/www.kariyer.net\/kariyer-rehberi\/kpss-2025-2-tercih-sonuclari-sorgulama-kpss-merkezi-atama-sonuclari-ne-zaman-aciklanacak\/#primaryimage"},"thumbnailUrl":"https:\/\/www.kariyer.net\/kariyer-rehberi\/wp-content\/uploads\/2026\/01\/kpss_atama_2026.jpg","articleSection":["Kamuda Kariyer"],"inLanguage":"tr"},{"@type":"WebPage","@id":"https:\/\/www.kariyer.net\/kariyer-rehberi\/kpss-2025-2-tercih-sonuclari-sorgulama-kpss-merkezi-atama-sonuclari-ne-zaman-aciklanacak\/","url":"https:\/\/www.kariyer.net\/kariyer-rehberi\/kpss-2025-2-tercih-sonuclari-sorgulama-kpss-merkezi-atama-sonuclari-ne-zaman-aciklanacak\/","name":"KPSS 2025\/2 tercih sonu\u00e7lar\u0131 sorgulama","isPartOf":{"@id":"https:\/\/www.kariyer.net\/kariyer-rehberi\/#website"},"primaryImageOfPage":{"@id":"https:\/\/www.kariyer.net\/kariyer-rehberi\/kpss-2025-2-tercih-sonuclari-sorgulama-kpss-merkezi-atama-sonuclari-ne-zaman-aciklanacak\/#primaryimage"},"image":{"@id":"https:\/\/www.kariyer.net\/kariyer-rehberi\/kpss-2025-2-tercih-sonuclari-sorgulama-kpss-merkezi-atama-sonuclari-ne-zaman-aciklanacak\/#primaryimage"},"thumbnailUrl":"https:\/\/www.kariyer.net\/kariyer-rehberi\/wp-content\/uploads\/2026\/01\/kpss_atama_2026.jpg","datePublished":"2026-01-05T02:16:35+00:00","dateModified":"2026-01-05T13:18:39+00:00","description":"KPSS-2025\/2 merkezi atama tercih i\u015flemlerinin tamamlanmas\u0131n\u0131n ard\u0131ndan binlerce memur aday\u0131 g\u00f6z\u00fcn\u00fc \u00d6SYM\u2019den gelecek sonu\u00e7 duyurusuna \u00e7evirdi.","breadcrumb":{"@id":"https:\/\/www.kariyer.net\/kariyer-rehberi\/kpss-2025-2-tercih-sonuclari-sorgulama-kpss-merkezi-atama-sonuclari-ne-zaman-aciklanacak\/#breadcrumb"},"inLanguage":"tr","potentialAction":[{"@type":"ReadAction","target":["https:\/\/www.kariyer.net\/kariyer-rehberi\/kpss-2025-2-tercih-sonuclari-sorgulama-kpss-merkezi-atama-sonuclari-ne-zaman-aciklanacak\/"]}]},{"@type":"ImageObject","inLanguage":"tr","@id":"https:\/\/www.kariyer.net\/kariyer-rehberi\/kpss-2025-2-tercih-sonuclari-sorgulama-kpss-merkezi-atama-sonuclari-ne-zaman-aciklanacak\/#primaryimage","url":"https:\/\/www.kariyer.net\/kariyer-rehberi\/wp-content\/uploads\/2026\/01\/kpss_atama_2026.jpg","contentUrl":"https:\/\/www.kariyer.net\/kariyer-rehberi\/wp-content\/uploads\/2026\/01\/kpss_atama_2026.jpg","width":900,"height":600},{"@type":"BreadcrumbList","@id":"https:\/\/www.kariyer.net\/kariyer-rehberi\/kpss-2025-2-tercih-sonuclari-sorgulama-kpss-merkezi-atama-sonuclari-ne-zaman-aciklanacak\/#breadcrumb","itemListElement":[{"@type":"ListItem","position":1,"name":"Anasayfa","item":"https:\/\/www.kariyer.net\/kariyer-rehberi\/"},{"@type":"ListItem","position":2,"name":"KPSS 2025\/2 tercih sonu\u00e7lar\u0131 sorgulama | KPSS merkezi atama sonu\u00e7lar\u0131 ne zaman a\u00e7\u0131klanacak?"}]},{"@type":"WebSite","@id":"https:\/\/www.kariyer.net\/kariyer-rehberi\/#website","url":"https:\/\/www.kariyer.net\/kariyer-rehberi\/","name":"Kariyer Rehberi","description":"\u0130\u015f D\u00fcnyas\u0131yla \u0130lgili Bilmek \u0130stedi\u011finiz Her \u015eey","publisher":{"@id":"https:\/\/www.kariyer.net\/kariyer-rehberi\/#organization"},"potentialAction":[{"@type":"SearchAction","target":{"@type":"EntryPoint","urlTemplate":"https:\/\/www.kariyer.net\/kariyer-rehberi\/?s={search_term_string}"},"query-input":{"@type":"PropertyValueSpecification","valueRequired":true,"valueName":"search_term_string"}}],"inLanguage":"tr"},{"@type":"Organization","@id":"https:\/\/www.kariyer.net\/kariyer-rehberi\/#organization","name":"Kariyer.net","url":"https:\/\/www.kariyer.net\/kariyer-rehberi\/","logo":{"@type":"ImageObject","inLanguage":"tr","@id":"https:\/\/www.kariyer.net\/kariyer-rehberi\/#\/schema\/logo\/image\/","url":"https:\/\/www.kariyer.net\/kariyer-rehberi-new\/wp-content\/uploads\/2023\/01\/og-image11.jpg","contentUrl":"https:\/\/www.kariyer.net\/kariyer-rehberi-new\/wp-content\/uploads\/2023\/01\/og-image11.jpg","width":800,"height":800,"caption":"Kariyer.net"},"image":{"@id":"https:\/\/www.kariyer.net\/kariyer-rehberi\/#\/schema\/logo\/image\/"}},{"@type":"Person","@id":"https:\/\/www.kariyer.net\/kariyer-rehberi\/#\/schema\/person\/94fd6e49c7ff1b1b2565a2cc4fd685dd","name":"Edit\u00f6r","image":{"@type":"ImageObject","inLanguage":"tr","@id":"https:\/\/www.kariyer.net\/kariyer-rehberi\/#\/schema\/person\/image\/","url":"https:\/\/secure.gravatar.com\/avatar\/0c4fe6688343aed3693b15573beae12c08ace5565409d5ab7509bf9c115f458d?s=96&d=mm&r=g","contentUrl":"https:\/\/secure.gravatar.com\/avatar\/0c4fe6688343aed3693b15573beae12c08ace5565409d5ab7509bf9c115f458d?s=96&d=mm&r=g","caption":"Edit\u00f6r"},"url":"https:\/\/www.kariyer.net\/kariyer-rehberi\/author\/editor\/"}]}},"_links":{"self":[{"href":"https:\/\/www.kariyer.net\/kariyer-rehberi\/wp-json\/wp\/v2\/posts\/22722","targetHints":{"allow":["GET"]}}],"collection":[{"href":"https:\/\/www.kariyer.net\/kariyer-rehberi\/wp-json\/wp\/v2\/posts"}],"about":[{"href":"https:\/\/www.kariyer.net\/kariyer-rehberi\/wp-json\/wp\/v2\/types\/post"}],"author":[{"embeddable":true,"href":"https:\/\/www.kariyer.net\/kariyer-rehberi\/wp-json\/wp\/v2\/users\/12"}],"replies":[{"embeddable":true,"href":"https:\/\/www.kariyer.net\/kariyer-rehberi\/wp-json\/wp\/v2\/comments?post=22722"}],"version-history":[{"count":2,"href":"https:\/\/www.kariyer.net\/kariyer-rehberi\/wp-json\/wp\/v2\/posts\/22722\/revisions"}],"predecessor-version":[{"id":22725,"href":"https:\/\/www.kariyer.net\/kariyer-rehberi\/wp-json\/wp\/v2\/posts\/22722\/revisions\/22725"}],"wp:featuredmedia":[{"embeddable":true,"href":"https:\/\/www.kariyer.net\/kariyer-rehberi\/wp-json\/wp\/v2\/media\/22723"}],"wp:attachment":[{"href":"https:\/\/www.kariyer.net\/kariyer-rehberi\/wp-json\/wp\/v2\/media?parent=22722"}],"wp:term":[{"taxonomy":"category","embeddable":true,"href":"https:\/\/www.kariyer.net\/kariyer-rehberi\/wp-json\/wp\/v2\/categories?post=22722"},{"taxonomy":"post_tag","embeddable":true,"href":"https:\/\/www.kariyer.net\/kariyer-rehberi\/wp-json\/wp\/v2\/tags?post=22722"}],"curies":[{"name":"wp","href":"https:\/\/api.w.org\/{rel}","templated":true}]}}