{"id":22734,"date":"2025-02-13T10:40:24","date_gmt":"2025-02-13T07:40:24","guid":{"rendered":"https:\/\/www.kariyer.net\/kariyer-rehberi\/?p=22734"},"modified":"2026-01-13T10:52:48","modified_gmt":"2026-01-13T07:52:48","slug":"dogum-izni-nedir-hangi-haklari-kapsar","status":"publish","type":"post","link":"https:\/\/www.kariyer.net\/kariyer-rehberi\/dogum-izni-nedir-hangi-haklari-kapsar\/","title":{"rendered":"Do\u011fum izni nedir, hangi haklar\u0131 kapsar?"},"content":{"rendered":"<p><strong>Do\u011fum izni, i\u015f hayat\u0131nda bir kad\u0131n\u0131n en do\u011fal haklar\u0131ndan biri, ancak bir\u00e7ok ki\u015fi bu izin hakk\u0131nda ne kadar s\u00fcre kullanabilece\u011fi, hangi ko\u015fullarda haklar\u0131 olaca\u011f\u0131 ve bu s\u00fcrede maa\u015f\u0131n\u0131n nas\u0131l hesaplanaca\u011f\u0131 konusunda kafas\u0131nda baz\u0131 soru i\u015faretleri ta\u015f\u0131yor. E\u011fer sen de bu sorulara yan\u0131t ar\u0131yorsan, bu yaz\u0131 tam sana g\u00f6re! Do\u011fum izni hakk\u0131, \u00e7al\u0131\u015fanlar\u0131n haklar\u0131n\u0131 bilmesi ve bu haklar\u0131 do\u011fru \u015fekilde kullanabilmesi i\u00e7in olduk\u00e7a \u00f6nemli.\u00a0<\/strong><\/p>\n<h2><b>Do\u011fum izni nedir?\u00a0<\/b><b><br \/>\n<\/b><\/h2>\n<p><span style=\"font-weight: 400;\">Do\u011fum izni, \u00e7al\u0131\u015fan kad\u0131nlar\u0131n do\u011fum \u00f6ncesi ve sonras\u0131 ihtiya\u00e7 duyduklar\u0131 dinlenme, iyile\u015fme ve bebekleriyle ilgilenme s\u00fcrecini kapsayan bir hakt\u0131r. T\u00fcrkiye&#8217;de devlet memurlar\u0131 ve \u00f6zel sekt\u00f6rdeki \u00e7al\u0131\u015fanlar i\u00e7in farkl\u0131 kurallar ge\u00e7erli olsa da temel prensip ayn\u0131d\u0131r: Do\u011fum yapan kad\u0131n, belirli bir s\u00fcre i\u015fe gitmeden bebe\u011fiyle vakit ge\u00e7irebilir.\u00a0<\/span><\/p>\n<h2><b>Do\u011fum izni s\u00fcreleri nas\u0131l hesaplan\u0131r?\u00a0<\/b><b><br \/>\n<\/b><\/h2>\n<p><span style=\"font-weight: 400;\">Kad\u0131n \u00e7al\u0131\u015fanlar\u0131n <\/span><b>do\u011fum izni hesaplama<\/b><span style=\"font-weight: 400;\"> i\u015flemi, i\u015f kanunlar\u0131na g\u00f6re yap\u0131l\u0131r. \u0130\u015f kanunlar\u0131na g\u00f6re izin s\u00fcresi 16 hafta olarak belirlenmi\u015ftir. <\/span><b>Memur do\u011fum izni<\/b><span style=\"font-weight: 400;\">, do\u011fumdan \u00f6nce 8 hafta ve do\u011fumdan sonra 8 hafta olmak \u00fczere ikiye ayr\u0131l\u0131r, ancak do\u011fum \u00f6ncesi izin s\u00fcresi hekim raporu ile art\u0131r\u0131labilir. E\u011fer bir kad\u0131n ikiz veya daha fazla bebek do\u011furursa, izin s\u00fcresi 18 haftaya \u00e7\u0131kar.\u00a0<\/span><\/p>\n<p><b>\u00d6zel sekt\u00f6r do\u011fum izni<\/b><span style=\"font-weight: 400;\"> de \u00fccretli olarak verilir. Bu s\u00fcre boyunca, kad\u0131n\u0131n maa\u015f\u0131 sigorta taraf\u0131ndan \u00f6denir ve sigorta \u00f6demeleri de kad\u0131n \u00e7al\u0131\u015fan\u0131n maa\u015f\u0131na dahil edilir. Fakat baz\u0131 \u00f6zel sekt\u00f6r i\u015f yerlerinde, izin s\u00fcresi tam olarak \u00fccretli olmayabilir. Bu nedenle alaca\u011f\u0131n \u00fccret ile ilgili daha fazla bilgi almak i\u00e7in \u00e7al\u0131\u015ft\u0131\u011f\u0131n \u015firketin politikalar\u0131n\u0131 kontrol etmekte fayda var.\u00a0<\/span><\/p>\n<h2><b>Erkekler i\u00e7in do\u011fum izni (Babal\u0131k izni)\u00a0<\/b><b><br \/>\n<\/b><\/h2>\n<p><span style=\"font-weight: 400;\">Do\u011fum s\u00fcrecinde hak olarak tan\u0131mlanan izin yaln\u0131zca anneler i\u00e7in de\u011fil babalar i\u00e7in de \u00f6nemli bir konudur. <\/span><b>Babal\u0131k do\u011fum izni<\/b><span style=\"font-weight: 400;\">, erkek \u00e7al\u0131\u015fanlar\u0131n e\u015flerinin do\u011fum yapmas\u0131 durumunda kullanabilece\u011fi bir izindir. T\u00fcrkiye&#8217;de babal\u0131k izni \u00f6zel sekt\u00f6rde 5 g\u00fcnd\u00fcr. Babal\u0131k izni, do\u011fumdan sonra bir s\u00fcre i\u00e7in \u00e7al\u0131\u015fan\u0131n e\u015fine destek olabilmesi amac\u0131yla verilmi\u015ftir; ancak <\/span><b>do\u011fum izni erkek<\/b><span style=\"font-weight: 400;\"> \u00e7al\u0131\u015fanlar i\u00e7in daha fazla s\u00fcreyi kapsamaz. Yine de babal\u0131k izninin ard\u0131ndan \u00e7al\u0131\u015fan ki\u015finin aile hayat\u0131na daha fazla vakit ay\u0131rabilmesi ad\u0131na baz\u0131 \u015firketler ek izin g\u00fcnleri verebilir.\u00a0<\/span><\/p>\n<h2><b>\u00dccretsiz do\u011fum izni hakk\u0131<\/b><b><br \/>\n<\/b><\/h2>\n<p><span style=\"font-weight: 400;\">Kad\u0131nlar do\u011fum izni sonras\u0131, baz\u0131 durumlarda \u00fccretsiz izne ayr\u0131lma hakk\u0131na da sahiptir. \u00dccretsiz izin hakk\u0131; <\/span><a href=\"https:\/\/www.kariyer.net\/kariyer-rehberi\/yillik-izin-sureleri-ne-kadar\/\"><span style=\"font-weight: 400;\">y\u0131ll\u0131k izin s\u00fcreleri<\/span><\/a><span style=\"font-weight: 400;\"> t\u00fckenmi\u015f ve do\u011fum izni sonras\u0131 \u00e7al\u0131\u015fmaya ba\u015flam\u0131\u015f bir kad\u0131n i\u00e7in ge\u00e7erlidir. E\u011fer kad\u0131n, do\u011fum sonras\u0131 izninin bitiminden sonra \u00e7al\u0131\u015fmak istemiyorsa ve \u015firketiyle anla\u015f\u0131rsa, <\/span><b>\u00fccretsiz do\u011fum izni<\/b><span style=\"font-weight: 400;\"> alabilir. Bu s\u00fcre boyunca maa\u015f alamazs\u0131n ancak sigorta \u00f6demeleri devam eder.\u00a0<\/span><\/p>\n<h2><b>Do\u011fum izni dilek\u00e7esi nas\u0131l yaz\u0131l\u0131r?<\/b><b><br \/>\n<\/b><\/h2>\n<p><span style=\"font-weight: 400;\">\u0130zin ba\u015fvurusu yaparken, genellikle bir dilek\u00e7e haz\u0131rlaman gerekir. <\/span><b>Do\u011fum izni dilek\u00e7esi \u00f6rne\u011fi <\/b><span style=\"font-weight: 400;\">alternatiflerini inceleyerek do\u011fru bir dilek\u00e7e haz\u0131rlayabilirsin. Dilek\u00e7e de do\u011fum tarihinden \u00f6nce ve sonra hangi tarihlerde izin kullanmak istedi\u011fini belirtmen \u00f6nemli. Ayr\u0131ca \u00e7al\u0131\u015ft\u0131\u011f\u0131n \u015firketin belirleyece\u011fi prosed\u00fcrlere g\u00f6re dilek\u00e7ene ek belge eklemen gerekebilir. Bu belgeler, genellikle do\u011fum raporu ya da doktor raporu gibi belgeler olabilir. \u015eirketin istedi\u011fi belgeleri \u00f6\u011frenmek i\u00e7in insan kaynaklar\u0131 departman\u0131na dan\u0131\u015fabilirsin.\u00a0<\/span><\/p>\n<h2><b>Do\u011fum izni \u00fccreti nas\u0131l hesaplan\u0131r?<\/b><b><br \/>\n<\/b><\/h2>\n<p><b>Do\u011fum izni \u00fccreti hesaplama <\/b><span style=\"font-weight: 400;\">i\u015flemi, \u00e7al\u0131\u015fan\u0131n maa\u015f\u0131na ve prim \u00f6demelerine g\u00f6re yap\u0131l\u0131r. T\u00fcrkiye&#8217;deki sosyal g\u00fcvenlik yasalar\u0131na g\u00f6re \u00e7al\u0131\u015fanlar do\u011fum iznindeyken maa\u015flar\u0131n\u0131 Sosyal G\u00fcvenlik Kurumu (SGK) \u00fczerinden al\u0131r. <\/span><b>Do\u011fum izni \u00fccreti,<\/b><span style=\"font-weight: 400;\"> son 12 ayl\u0131k maa\u015f ortalamas\u0131na g\u00f6re hesaplan\u0131r. Bu nedenle, \u00fccretin hesaplanmas\u0131nda dikkat edilmesi gereken en \u00f6nemli husus, son maa\u015f d\u00f6neminin ne kadar oldu\u011fu ve sigorta primlerinin do\u011fru \u015fekilde yat\u0131p yatmad\u0131\u011f\u0131d\u0131r.\u00a0<\/span><\/p>\n<h2><b>Bebe\u011fin vefat etmesi h\u00e2linde do\u011fum izni kullan\u0131l\u0131r m\u0131?<\/b><b><br \/>\n<\/b><\/h2>\n<p><span style=\"font-weight: 400;\">Bebe\u011fin vefat etmesi durumunda do\u011fum izni kullan\u0131m\u0131yla ilgili net bir k\u0131lavuz yok, ancak 2016&#8217;da yay\u0131mlanan bir d\u00fczenlemeye g\u00f6re \u00f6l\u00fc do\u011fum yapan memurlar da normal do\u011fum izni hakk\u0131ndan yararlanabiliyor. Bundan dolay\u0131 izin hakk\u0131n\u0131n \u00e7al\u0131\u015fanlar i\u00e7in de ge\u00e7erli olabilece\u011fi d\u00fc\u015f\u00fcn\u00fcl\u00fcyor. E\u011fer bebe\u011fin vefat ettiyse do\u011fum iznin i\u00e7in i\u015fvereninle konu\u015fabilirsin.\u00a0<\/span><\/p>\n<h2><b>Do\u011fum izni s\u00fcreci ve haklar<\/b><b><br \/>\n<\/b><\/h2>\n<p><span style=\"font-weight: 400;\">Do\u011fum izni s\u00fcreci, do\u011fum \u00f6ncesi ve sonras\u0131 birka\u00e7 farkl\u0131 hak sunar. \u0130\u015fte bunlar\u0131n s\u0131ras\u0131yla nas\u0131l olmas\u0131 gerekti\u011fi:\u00a0<\/span><\/p>\n<ul>\n<li style=\"font-weight: 400;\" aria-level=\"1\"><span style=\"font-weight: 400;\">Do\u011fum \u00f6ncesi ve sonras\u0131 toplam 16 hafta izin verilir. E\u011fer \u00e7o\u011ful gebelik varsa, bu s\u00fcre 18 hafta olarak uzar.\u00a0<\/span><\/li>\n<li style=\"font-weight: 400;\" aria-level=\"1\"><span style=\"font-weight: 400;\">\u00dccretsiz izin hakk\u0131n\u0131 do\u011fum izninden sonra, 6 ay boyunca kullanabilirsin.\u00a0<\/span><\/li>\n<li style=\"font-weight: 400;\" aria-level=\"1\"><span style=\"font-weight: 400;\">Yar\u0131 zamanl\u0131 \u00e7al\u0131\u015fma imk\u00e2n\u0131 da mevcut. Birinci do\u011fumda 60 g\u00fcn, ikinci do\u011fumda 120 g\u00fcn, sonraki do\u011fumlarda ise 180 g\u00fcn boyunca yar\u0131 zamanl\u0131 \u00e7al\u0131\u015fma yapabilirsin.\u00a0<\/span><\/li>\n<li style=\"font-weight: 400;\" aria-level=\"1\"><span style=\"font-weight: 400;\">K\u0131smi s\u00fcreli \u00e7al\u0131\u015fma se\u00e7ene\u011fini de do\u011fum izninden sonra tercih edebilirsin.\u00a0<\/span><\/li>\n<li style=\"font-weight: 400;\" aria-level=\"1\"><span style=\"font-weight: 400;\">S\u00fct izni ise her g\u00fcn 1,5 saat olarak verilir ve bu s\u00fcre\u00e7 \u00e7ocu\u011fun alt\u0131 ayl\u0131k olana kadar ge\u00e7erli.\u00a0<\/span><\/li>\n<\/ul>\n<p><span style=\"font-weight: 400;\">Bu haklar\u0131, i\u015f yerindeki prosed\u00fcrlere g\u00f6re kullanabilirsin.\u00a0<\/span><\/p>\n<h2><b>Evlat edinme izni hakk\u0131 nedir?<\/b><b><br \/>\n<\/b><\/h2>\n<p><span style=\"font-weight: 400;\">Evlat edinmek isteyen \u00e7iftler i\u00e7in do\u011fum iznine benzer bir izin hakk\u0131 var. \u00dc\u00e7 ya\u015f\u0131n\u0131 doldurmam\u0131\u015f bir \u00e7ocu\u011fu evlat edindi\u011finde bu izni kullanman m\u00fcmk\u00fcn. Hem anne hem de baba bu izni kullanabilir ve t\u0131pk\u0131 do\u011fum izni gibi \u00fccretli izin kapsam\u0131nda yer al\u0131r. Yani bu s\u00fcre\u00e7te maa\u015f \u00f6demesi de yap\u0131l\u0131r.\u00a0<\/span><\/p>\n<p><span style=\"font-weight: 400;\">Evlat edinme izni, \u00e7ocu\u011fun fiilen teslim al\u0131nmas\u0131ndan itibaren ba\u015flar ve 8 hafta s\u00fcresince ge\u00e7erli olur. Yani, evlat edinen anne ya da baba, 8 hafta boyunca izne ayr\u0131labilir.\u00a0<\/span><\/p>\n<h2><b>Do\u011fum izni sonras\u0131 ne olur?<\/b><b><br \/>\n<\/b><\/h2>\n<p><span style=\"font-weight: 400;\">Do\u011fum iznin bitti\u011finde, i\u015fine geri d\u00f6n\u00fcp \u00e7al\u0131\u015fmaya devam edebilirsin. E\u011fer istersen, \u00fccretli do\u011fum iznini bitirdikten sonra \u00fccretsiz annelik izni hakk\u0131n\u0131 kullanmaya devam edebilirsin.<\/span><span style=\"font-weight: 400;\"><br \/>\n<\/span><\/p>\n<!-- templates\/buttons-placeholder.php -->\n<div class=\"da-reactions-outer TpostID22734\">\n\t    <div class=\"da-reactions-data da-reactions-container-async center\"\n         data-type=\"post\"\n         data-id=\"22734\"\n         id=\"da-reactions-slot-post-22734\">\n        <div class=\"da-reactions-static\">\n\t\t\t<img src=\"https:\/\/www.kariyer.net\/kariyer-rehberi\/wp-content\/plugins\/da-reactions\/assets\/dist\/loading.svg\" alt=\"Loading spinner\" width=\"48\" height=\"48\" style=\"width:48px\" \/>\n        <\/div>\n    <\/div>\n<\/div>\n","protected":false},"excerpt":{"rendered":"<p>Do\u011fum izni, i\u015f hayat\u0131nda bir kad\u0131n\u0131n en do\u011fal haklar\u0131ndan biri, ancak bir\u00e7ok ki\u015fi bu izin hakk\u0131nda ne kadar s\u00fcre kullanabilece\u011fi, hangi ko\u015fullarda haklar\u0131 olaca\u011f\u0131 ve bu s\u00fcrede maa\u015f\u0131n\u0131n nas\u0131l hesaplanaca\u011f\u0131 konusunda kafas\u0131nda baz\u0131 soru i\u015faretleri ta\u015f\u0131yor. E\u011fer sen de bu sorulara yan\u0131t ar\u0131yorsan, bu yaz\u0131 tam sana g\u00f6re! Do\u011fum izni hakk\u0131, \u00e7al\u0131\u015fanlar\u0131n haklar\u0131n\u0131 bilmesi ve [&hellip;]<\/p>\n<!-- templates\/buttons-placeholder.php -->\n<div class=\"da-reactions-outer TpostID22734\">\n\t    <div class=\"da-reactions-data da-reactions-container-async center\"\n         data-type=\"post\"\n         data-id=\"22734\"\n         id=\"da-reactions-slot-post-22734\">\n        <div class=\"da-reactions-static\">\n\t\t\t<img src=\"https:\/\/www.kariyer.net\/kariyer-rehberi\/wp-content\/plugins\/da-reactions\/assets\/dist\/loading.svg\" alt=\"Loading spinner\" width=\"48\" height=\"48\" style=\"width:48px\" \/>\n        <\/div>\n    <\/div>\n<\/div>\n","protected":false},"author":12,"featured_media":22735,"comment_status":"closed","ping_status":"open","sticky":false,"template":"","format":"standard","meta":{"footnotes":"","_elementor_edit_mode":"","_elementor_template_type":"","_elementor_data":"","_elementor_page_settings":null,"_elementor_conditions":[]},"categories":[2218],"tags":[],"class_list":{"0":"post-22734","1":"post","2":"type-post","3":"status-publish","4":"format-standard","5":"has-post-thumbnail","7":"category-is-hukuku"},"yoast_head":"<!-- This site is optimized with the Yoast SEO Premium plugin v21.4 (Yoast SEO v27.0) - https:\/\/yoast.com\/product\/yoast-seo-premium-wordpress\/ -->\n<title>Do\u011fum izni nedir, hangi haklar\u0131 kapsar?<\/title>\n<meta name=\"description\" content=\"Do\u011fum izni, \u00e7al\u0131\u015fan kad\u0131nlar\u0131n do\u011fum \u00f6ncesi ve sonras\u0131 dinlenme, iyile\u015fme ve bebekleriyle ilgilenme s\u00fcrecini kapsayan bir hakt\u0131r.\" \/>\n<meta name=\"robots\" content=\"index, follow, max-snippet:-1, max-image-preview:large, max-video-preview:-1\" \/>\n<link rel=\"canonical\" href=\"https:\/\/www.kariyer.net\/kariyer-rehberi\/dogum-izni-nedir-hangi-haklari-kapsar\/\" \/>\n<meta property=\"og:locale\" content=\"tr_TR\" \/>\n<meta property=\"og:type\" content=\"article\" \/>\n<meta property=\"og:title\" content=\"Do\u011fum izni nedir, hangi haklar\u0131 kapsar?\" \/>\n<meta property=\"og:description\" content=\"Do\u011fum izni, i\u015f hayat\u0131nda bir kad\u0131n\u0131n en do\u011fal haklar\u0131ndan biri, ancak bir\u00e7ok ki\u015fi bu izin hakk\u0131nda ne kadar s\u00fcre kullanabilece\u011fi, hangi ko\u015fullarda haklar\u0131\" \/>\n<meta property=\"og:url\" content=\"https:\/\/www.kariyer.net\/kariyer-rehberi\/dogum-izni-nedir-hangi-haklari-kapsar\/\" \/>\n<meta property=\"og:site_name\" content=\"Kariyer Rehberi\" \/>\n<meta property=\"article:published_time\" content=\"2025-02-13T07:40:24+00:00\" \/>\n<meta property=\"article:modified_time\" content=\"2026-01-13T07:52:48+00:00\" \/>\n<meta property=\"og:image\" content=\"https:\/\/www.kariyer.net\/kariyer-rehberi\/wp-content\/uploads\/2026\/01\/dogum_izni.jpg\" \/>\n\t<meta property=\"og:image:width\" content=\"900\" \/>\n\t<meta property=\"og:image:height\" content=\"600\" \/>\n\t<meta property=\"og:image:type\" content=\"image\/jpeg\" \/>\n<meta name=\"author\" content=\"Edit\u00f6r\" \/>\n<meta name=\"twitter:card\" content=\"summary_large_image\" \/>\n<meta name=\"twitter:label1\" content=\"Yazan:\" \/>\n\t<meta name=\"twitter:data1\" content=\"Edit\u00f6r\" \/>\n\t<meta name=\"twitter:label2\" content=\"Tahmini okuma s\u00fcresi\" \/>\n\t<meta name=\"twitter:data2\" content=\"5 dakika\" \/>\n<!-- \/ Yoast SEO Premium plugin. -->","yoast_head_json":{"title":"Do\u011fum izni nedir, hangi haklar\u0131 kapsar?","description":"Do\u011fum izni, \u00e7al\u0131\u015fan kad\u0131nlar\u0131n do\u011fum \u00f6ncesi ve sonras\u0131 dinlenme, iyile\u015fme ve bebekleriyle ilgilenme s\u00fcrecini kapsayan bir hakt\u0131r.","robots":{"index":"index","follow":"follow","max-snippet":"max-snippet:-1","max-image-preview":"max-image-preview:large","max-video-preview":"max-video-preview:-1"},"canonical":"https:\/\/www.kariyer.net\/kariyer-rehberi\/dogum-izni-nedir-hangi-haklari-kapsar\/","og_locale":"tr_TR","og_type":"article","og_title":"Do\u011fum izni nedir, hangi haklar\u0131 kapsar?","og_description":"Do\u011fum izni, i\u015f hayat\u0131nda bir kad\u0131n\u0131n en do\u011fal haklar\u0131ndan biri, ancak bir\u00e7ok ki\u015fi bu izin hakk\u0131nda ne kadar s\u00fcre kullanabilece\u011fi, hangi ko\u015fullarda haklar\u0131","og_url":"https:\/\/www.kariyer.net\/kariyer-rehberi\/dogum-izni-nedir-hangi-haklari-kapsar\/","og_site_name":"Kariyer Rehberi","article_published_time":"2025-02-13T07:40:24+00:00","article_modified_time":"2026-01-13T07:52:48+00:00","og_image":[{"width":900,"height":600,"url":"https:\/\/www.kariyer.net\/kariyer-rehberi\/wp-content\/uploads\/2026\/01\/dogum_izni.jpg","type":"image\/jpeg"}],"author":"Edit\u00f6r","twitter_card":"summary_large_image","twitter_misc":{"Yazan:":"Edit\u00f6r","Tahmini okuma s\u00fcresi":"5 dakika"},"schema":{"@context":"https:\/\/schema.org","@graph":[{"@type":"Article","@id":"https:\/\/www.kariyer.net\/kariyer-rehberi\/dogum-izni-nedir-hangi-haklari-kapsar\/#article","isPartOf":{"@id":"https:\/\/www.kariyer.net\/kariyer-rehberi\/dogum-izni-nedir-hangi-haklari-kapsar\/"},"author":{"name":"Edit\u00f6r","@id":"https:\/\/www.kariyer.net\/kariyer-rehberi\/#\/schema\/person\/94fd6e49c7ff1b1b2565a2cc4fd685dd"},"headline":"Do\u011fum izni nedir, hangi haklar\u0131 kapsar?","datePublished":"2025-02-13T07:40:24+00:00","dateModified":"2026-01-13T07:52:48+00:00","mainEntityOfPage":{"@id":"https:\/\/www.kariyer.net\/kariyer-rehberi\/dogum-izni-nedir-hangi-haklari-kapsar\/"},"wordCount":1102,"publisher":{"@id":"https:\/\/www.kariyer.net\/kariyer-rehberi\/#organization"},"image":{"@id":"https:\/\/www.kariyer.net\/kariyer-rehberi\/dogum-izni-nedir-hangi-haklari-kapsar\/#primaryimage"},"thumbnailUrl":"https:\/\/www.kariyer.net\/kariyer-rehberi\/wp-content\/uploads\/2026\/01\/dogum_izni.jpg","articleSection":["\u0130\u015f Hukuku"],"inLanguage":"tr"},{"@type":"WebPage","@id":"https:\/\/www.kariyer.net\/kariyer-rehberi\/dogum-izni-nedir-hangi-haklari-kapsar\/","url":"https:\/\/www.kariyer.net\/kariyer-rehberi\/dogum-izni-nedir-hangi-haklari-kapsar\/","name":"Do\u011fum izni nedir, hangi haklar\u0131 kapsar?","isPartOf":{"@id":"https:\/\/www.kariyer.net\/kariyer-rehberi\/#website"},"primaryImageOfPage":{"@id":"https:\/\/www.kariyer.net\/kariyer-rehberi\/dogum-izni-nedir-hangi-haklari-kapsar\/#primaryimage"},"image":{"@id":"https:\/\/www.kariyer.net\/kariyer-rehberi\/dogum-izni-nedir-hangi-haklari-kapsar\/#primaryimage"},"thumbnailUrl":"https:\/\/www.kariyer.net\/kariyer-rehberi\/wp-content\/uploads\/2026\/01\/dogum_izni.jpg","datePublished":"2025-02-13T07:40:24+00:00","dateModified":"2026-01-13T07:52:48+00:00","description":"Do\u011fum izni, \u00e7al\u0131\u015fan kad\u0131nlar\u0131n do\u011fum \u00f6ncesi ve sonras\u0131 dinlenme, iyile\u015fme ve bebekleriyle ilgilenme s\u00fcrecini kapsayan bir hakt\u0131r.","breadcrumb":{"@id":"https:\/\/www.kariyer.net\/kariyer-rehberi\/dogum-izni-nedir-hangi-haklari-kapsar\/#breadcrumb"},"inLanguage":"tr","potentialAction":[{"@type":"ReadAction","target":["https:\/\/www.kariyer.net\/kariyer-rehberi\/dogum-izni-nedir-hangi-haklari-kapsar\/"]}]},{"@type":"ImageObject","inLanguage":"tr","@id":"https:\/\/www.kariyer.net\/kariyer-rehberi\/dogum-izni-nedir-hangi-haklari-kapsar\/#primaryimage","url":"https:\/\/www.kariyer.net\/kariyer-rehberi\/wp-content\/uploads\/2026\/01\/dogum_izni.jpg","contentUrl":"https:\/\/www.kariyer.net\/kariyer-rehberi\/wp-content\/uploads\/2026\/01\/dogum_izni.jpg","width":900,"height":600,"caption":"anne kart"},{"@type":"BreadcrumbList","@id":"https:\/\/www.kariyer.net\/kariyer-rehberi\/dogum-izni-nedir-hangi-haklari-kapsar\/#breadcrumb","itemListElement":[{"@type":"ListItem","position":1,"name":"Anasayfa","item":"https:\/\/www.kariyer.net\/kariyer-rehberi\/"},{"@type":"ListItem","position":2,"name":"Do\u011fum izni nedir, hangi haklar\u0131 kapsar?"}]},{"@type":"WebSite","@id":"https:\/\/www.kariyer.net\/kariyer-rehberi\/#website","url":"https:\/\/www.kariyer.net\/kariyer-rehberi\/","name":"Kariyer Rehberi","description":"\u0130\u015f D\u00fcnyas\u0131yla \u0130lgili Bilmek \u0130stedi\u011finiz Her \u015eey","publisher":{"@id":"https:\/\/www.kariyer.net\/kariyer-rehberi\/#organization"},"potentialAction":[{"@type":"SearchAction","target":{"@type":"EntryPoint","urlTemplate":"https:\/\/www.kariyer.net\/kariyer-rehberi\/?s={search_term_string}"},"query-input":{"@type":"PropertyValueSpecification","valueRequired":true,"valueName":"search_term_string"}}],"inLanguage":"tr"},{"@type":"Organization","@id":"https:\/\/www.kariyer.net\/kariyer-rehberi\/#organization","name":"Kariyer.net","url":"https:\/\/www.kariyer.net\/kariyer-rehberi\/","logo":{"@type":"ImageObject","inLanguage":"tr","@id":"https:\/\/www.kariyer.net\/kariyer-rehberi\/#\/schema\/logo\/image\/","url":"https:\/\/www.kariyer.net\/kariyer-rehberi-new\/wp-content\/uploads\/2023\/01\/og-image11.jpg","contentUrl":"https:\/\/www.kariyer.net\/kariyer-rehberi-new\/wp-content\/uploads\/2023\/01\/og-image11.jpg","width":800,"height":800,"caption":"Kariyer.net"},"image":{"@id":"https:\/\/www.kariyer.net\/kariyer-rehberi\/#\/schema\/logo\/image\/"}},{"@type":"Person","@id":"https:\/\/www.kariyer.net\/kariyer-rehberi\/#\/schema\/person\/94fd6e49c7ff1b1b2565a2cc4fd685dd","name":"Edit\u00f6r","image":{"@type":"ImageObject","inLanguage":"tr","@id":"https:\/\/www.kariyer.net\/kariyer-rehberi\/#\/schema\/person\/image\/","url":"https:\/\/secure.gravatar.com\/avatar\/0c4fe6688343aed3693b15573beae12c08ace5565409d5ab7509bf9c115f458d?s=96&d=mm&r=g","contentUrl":"https:\/\/secure.gravatar.com\/avatar\/0c4fe6688343aed3693b15573beae12c08ace5565409d5ab7509bf9c115f458d?s=96&d=mm&r=g","caption":"Edit\u00f6r"},"url":"https:\/\/www.kariyer.net\/kariyer-rehberi\/author\/editor\/"}]}},"_links":{"self":[{"href":"https:\/\/www.kariyer.net\/kariyer-rehberi\/wp-json\/wp\/v2\/posts\/22734","targetHints":{"allow":["GET"]}}],"collection":[{"href":"https:\/\/www.kariyer.net\/kariyer-rehberi\/wp-json\/wp\/v2\/posts"}],"about":[{"href":"https:\/\/www.kariyer.net\/kariyer-rehberi\/wp-json\/wp\/v2\/types\/post"}],"author":[{"embeddable":true,"href":"https:\/\/www.kariyer.net\/kariyer-rehberi\/wp-json\/wp\/v2\/users\/12"}],"replies":[{"embeddable":true,"href":"https:\/\/www.kariyer.net\/kariyer-rehberi\/wp-json\/wp\/v2\/comments?post=22734"}],"version-history":[{"count":1,"href":"https:\/\/www.kariyer.net\/kariyer-rehberi\/wp-json\/wp\/v2\/posts\/22734\/revisions"}],"predecessor-version":[{"id":22736,"href":"https:\/\/www.kariyer.net\/kariyer-rehberi\/wp-json\/wp\/v2\/posts\/22734\/revisions\/22736"}],"wp:featuredmedia":[{"embeddable":true,"href":"https:\/\/www.kariyer.net\/kariyer-rehberi\/wp-json\/wp\/v2\/media\/22735"}],"wp:attachment":[{"href":"https:\/\/www.kariyer.net\/kariyer-rehberi\/wp-json\/wp\/v2\/media?parent=22734"}],"wp:term":[{"taxonomy":"category","embeddable":true,"href":"https:\/\/www.kariyer.net\/kariyer-rehberi\/wp-json\/wp\/v2\/categories?post=22734"},{"taxonomy":"post_tag","embeddable":true,"href":"https:\/\/www.kariyer.net\/kariyer-rehberi\/wp-json\/wp\/v2\/tags?post=22734"}],"curies":[{"name":"wp","href":"https:\/\/api.w.org\/{rel}","templated":true}]}}