{"id":22737,"date":"2026-01-13T11:41:38","date_gmt":"2026-01-13T08:41:38","guid":{"rendered":"https:\/\/www.kariyer.net\/kariyer-rehberi\/?p=22737"},"modified":"2026-01-13T11:44:33","modified_gmt":"2026-01-13T08:44:33","slug":"dogum-izni-24-haftaya-mi-cikiyor-yeni-duzenlemede-neler-var","status":"publish","type":"post","link":"https:\/\/www.kariyer.net\/kariyer-rehberi\/dogum-izni-24-haftaya-mi-cikiyor-yeni-duzenlemede-neler-var\/","title":{"rendered":"Do\u011fum izni 24 haftaya m\u0131 \u00e7\u0131k\u0131yor, yeni d\u00fczenlemede neler var?"},"content":{"rendered":"<p><strong>\u00dccretli do\u011fum izninin 16 haftadan 24 haftaya \u00e7\u0131kar\u0131lmas\u0131n\u0131 \u00f6ng\u00f6ren yeni d\u00fczenleme g\u00fcndemde. Taslak \u00e7al\u0131\u015fmaya g\u00f6re izin s\u00fcrelerinde art\u0131\u015f, esnek kullan\u0131m imk\u00e2n\u0131 ve babal\u0131k izninde e\u015fitleme planlan\u0131yor. \u0130\u015fte detaylar\u2026<\/strong><\/p>\n<p data-start=\"518\" data-end=\"853\">\u00dccretli do\u011fum izni s\u00fcresinin uzat\u0131lmas\u0131na y\u00f6nelik <strong><a href=\"https:\/\/www.kariyer.net\/ik-blog\/ucretli-dogum-izni-suresi-1-yila-mi-cikiyor\/\" target=\"_blank\" rel=\"noopener\">haberler<\/a><\/strong> uzun s\u00fcredir g\u00fcndemde. 2026 y\u0131l\u0131nda hayata ge\u00e7irilmesi planlanan yeni bir yasal d\u00fczenleme haz\u0131rl\u0131\u011f\u0131 da \u015fu s\u0131ralar devam ediyor. Mevcut uygulamada do\u011fumdan \u00f6nce 8 hafta ve do\u011fumdan sonra 8 hafta olmak \u00fczere toplam 16 hafta olan <a href=\"https:\/\/www.kariyer.net\/kariyer-rehberi\/dogum-izni-nedir-hangi-haklari-kapsar\/\" target=\"_blank\" rel=\"noopener\"><strong>\u00fccretli do\u011fum izninin<\/strong><\/a>, yeni d\u00fczenlemeyle 24 haftaya \u00e7\u0131kar\u0131lmas\u0131 planlan\u0131yor. B\u00f6ylece izin s\u00fcresi yakla\u015f\u0131k 4 aydan 6 aya y\u00fckselmi\u015f olacak.<\/p>\n<h2 data-start=\"855\" data-end=\"901\"><strong data-start=\"859\" data-end=\"901\">\u0130zin s\u00fcresinde esnek kullan\u0131m se\u00e7ene\u011fi<\/strong><\/h2>\n<p data-start=\"902\" data-end=\"1264\">Anne adaylar\u0131n\u0131n izin s\u00fcrelerini daha verimli kullanabilmelerine imk\u00e2n tan\u0131yan esnek bir model de yer al\u0131yor. Buna g\u00f6re, normal \u015fartlarda do\u011fum \u00f6ncesi kullan\u0131lan 8 haftal\u0131k iznin 6 haftas\u0131, anne aday\u0131n\u0131n talebi h\u00e2linde do\u011fum sonras\u0131na aktar\u0131labilecek. Bu durumda do\u011fumdan \u00f6nce 2 hafta, do\u011fumdan sonra ise 22 hafta izin kullan\u0131lmas\u0131 m\u00fcmk\u00fcn olacak.<\/p>\n<h2 data-start=\"1266\" data-end=\"1314\"><strong data-start=\"1270\" data-end=\"1314\">Mevcut do\u011fum izninde olanlar da kapsamda<\/strong><\/h2>\n<p data-start=\"1315\" data-end=\"1531\">Aile ve Sosyal Hizmetler Bakan\u0131 Mahinur \u00d6zdemir G\u00f6kta\u015f\u2019\u0131n a\u00e7\u0131klamalar\u0131na g\u00f6re, d\u00fczenleme yasala\u015ft\u0131\u011f\u0131 takdirde h\u00e2lihaz\u0131rda do\u011fum izninde bulunan annelerin de 8 haftal\u0131k ek izin s\u00fcresinden yararlanabilmesi \u00f6ng\u00f6r\u00fcl\u00fcyor.<\/p>\n<h2 data-start=\"1533\" data-end=\"1569\"><strong data-start=\"1537\" data-end=\"1569\">Babal\u0131k izni 10 g\u00fcne \u00e7\u0131k\u0131yor<\/strong><\/h2>\n<p data-start=\"1570\" data-end=\"1850\">Yeni d\u00fczenleme yaln\u0131zca anneleri de\u011fil, babalar\u0131 da kaps\u0131yor. \u00d6zel sekt\u00f6rde \u00e7al\u0131\u015fan babalar i\u00e7in \u015fu anda 5 g\u00fcn olan babal\u0131k izninin, memurlarda oldu\u011fu gibi 10 g\u00fcne \u00e7\u0131kar\u0131lmas\u0131 planlan\u0131yor. B\u00f6ylece kamu ve \u00f6zel sekt\u00f6r aras\u0131ndaki uygulama fark\u0131n\u0131n ortadan kald\u0131r\u0131lmas\u0131 hedefleniyor.<\/p>\n<h2 data-start=\"1852\" data-end=\"1889\"><strong data-start=\"1856\" data-end=\"1889\">Yasala\u015fma s\u00fcreci devam ediyor<\/strong><\/h2>\n<p data-start=\"1890\" data-end=\"2174\">D\u00fczenleme \u015fu anda komisyon a\u015famas\u0131nda bulunuyor. \u00d6n\u00fcm\u00fczdeki haftalarda TBMM Genel Kurulu\u2019na gelmesi beklenen teklif, kabul edilmesi ve Resm\u00ee Gazete\u2019de yay\u0131mlanmas\u0131n\u0131n ard\u0131ndan y\u00fcr\u00fcrl\u00fc\u011fe girecek. Taslak, hem kamu hem de \u00f6zel sekt\u00f6r \u00e7al\u0131\u015fanlar\u0131n\u0131 kapsayacak \u015fekilde haz\u0131rlanm\u0131\u015f durumda.<\/p>\n<!-- templates\/buttons-placeholder.php -->\n<div class=\"da-reactions-outer TpostID22737\">\n\t    <div class=\"da-reactions-data da-reactions-container-async center\"\n         data-type=\"post\"\n         data-id=\"22737\"\n         id=\"da-reactions-slot-post-22737\">\n        <div class=\"da-reactions-static\">\n\t\t\t<img src=\"https:\/\/www.kariyer.net\/kariyer-rehberi\/wp-content\/plugins\/da-reactions\/assets\/dist\/loading.svg\" alt=\"Loading spinner\" width=\"48\" height=\"48\" style=\"width:48px\" \/>\n        <\/div>\n    <\/div>\n<\/div>\n","protected":false},"excerpt":{"rendered":"<p>\u00dccretli do\u011fum izninin 16 haftadan 24 haftaya \u00e7\u0131kar\u0131lmas\u0131n\u0131 \u00f6ng\u00f6ren yeni d\u00fczenleme g\u00fcndemde. Taslak \u00e7al\u0131\u015fmaya g\u00f6re izin s\u00fcrelerinde art\u0131\u015f, esnek kullan\u0131m imk\u00e2n\u0131 ve babal\u0131k izninde e\u015fitleme planlan\u0131yor. \u0130\u015fte detaylar\u2026 \u00dccretli do\u011fum izni s\u00fcresinin uzat\u0131lmas\u0131na y\u00f6nelik haberler uzun s\u00fcredir g\u00fcndemde. 2026 y\u0131l\u0131nda hayata ge\u00e7irilmesi planlanan yeni bir yasal d\u00fczenleme haz\u0131rl\u0131\u011f\u0131 da \u015fu s\u0131ralar devam ediyor. Mevcut uygulamada [&hellip;]<\/p>\n<!-- templates\/buttons-placeholder.php -->\n<div class=\"da-reactions-outer TpostID22737\">\n\t    <div class=\"da-reactions-data da-reactions-container-async center\"\n         data-type=\"post\"\n         data-id=\"22737\"\n         id=\"da-reactions-slot-post-22737\">\n        <div class=\"da-reactions-static\">\n\t\t\t<img src=\"https:\/\/www.kariyer.net\/kariyer-rehberi\/wp-content\/plugins\/da-reactions\/assets\/dist\/loading.svg\" alt=\"Loading spinner\" width=\"48\" height=\"48\" style=\"width:48px\" \/>\n        <\/div>\n    <\/div>\n<\/div>\n","protected":false},"author":12,"featured_media":22738,"comment_status":"closed","ping_status":"open","sticky":false,"template":"","format":"standard","meta":{"footnotes":"","_elementor_edit_mode":"","_elementor_template_type":"","_elementor_data":"","_elementor_page_settings":null,"_elementor_conditions":[]},"categories":[2218],"tags":[],"class_list":{"0":"post-22737","1":"post","2":"type-post","3":"status-publish","4":"format-standard","5":"has-post-thumbnail","7":"category-is-hukuku"},"yoast_head":"<!-- This site is optimized with the Yoast SEO Premium plugin v21.4 (Yoast SEO v27.0) - https:\/\/yoast.com\/product\/yoast-seo-premium-wordpress\/ -->\n<title>Do\u011fum izni 24 haftaya m\u0131 \u00e7\u0131k\u0131yor: Yeni d\u00fczenlemede neler var?<\/title>\n<meta name=\"description\" content=\"\u00dccretli do\u011fum izninin 16 haftadan 24 haftaya \u00e7\u0131kar\u0131lmas\u0131n\u0131 \u00f6ng\u00f6ren yeni d\u00fczenleme g\u00fcndemde. \u0130\u015fte, detaylar!\" \/>\n<meta name=\"robots\" content=\"index, follow, max-snippet:-1, max-image-preview:large, max-video-preview:-1\" \/>\n<link rel=\"canonical\" href=\"https:\/\/www.kariyer.net\/kariyer-rehberi\/dogum-izni-24-haftaya-mi-cikiyor-yeni-duzenlemede-neler-var\/\" \/>\n<meta property=\"og:locale\" content=\"tr_TR\" \/>\n<meta property=\"og:type\" content=\"article\" \/>\n<meta property=\"og:title\" content=\"Do\u011fum izni 24 haftaya m\u0131 \u00e7\u0131k\u0131yor, yeni d\u00fczenlemede neler var?\" \/>\n<meta property=\"og:description\" content=\"\u00dccretli do\u011fum izninin 16 haftadan 24 haftaya \u00e7\u0131kar\u0131lmas\u0131n\u0131 \u00f6ng\u00f6ren yeni d\u00fczenleme g\u00fcndemde. Taslak \u00e7al\u0131\u015fmaya g\u00f6re izin s\u00fcrelerinde art\u0131\u015f, esnek kullan\u0131m\" \/>\n<meta property=\"og:url\" content=\"https:\/\/www.kariyer.net\/kariyer-rehberi\/dogum-izni-24-haftaya-mi-cikiyor-yeni-duzenlemede-neler-var\/\" \/>\n<meta property=\"og:site_name\" content=\"Kariyer Rehberi\" \/>\n<meta property=\"article:published_time\" content=\"2026-01-13T08:41:38+00:00\" \/>\n<meta property=\"article:modified_time\" content=\"2026-01-13T08:44:33+00:00\" \/>\n<meta property=\"og:image\" content=\"https:\/\/www.kariyer.net\/kariyer-rehberi\/wp-content\/uploads\/2026\/01\/dogum_izni_artiyor.jpg\" \/>\n\t<meta property=\"og:image:width\" content=\"900\" \/>\n\t<meta property=\"og:image:height\" content=\"600\" \/>\n\t<meta property=\"og:image:type\" content=\"image\/jpeg\" \/>\n<meta name=\"author\" content=\"Edit\u00f6r\" \/>\n<meta name=\"twitter:card\" content=\"summary_large_image\" \/>\n<meta name=\"twitter:label1\" content=\"Yazan:\" \/>\n\t<meta name=\"twitter:data1\" content=\"Edit\u00f6r\" \/>\n\t<meta name=\"twitter:label2\" content=\"Tahmini okuma s\u00fcresi\" \/>\n\t<meta name=\"twitter:data2\" content=\"2 dakika\" \/>\n<!-- \/ Yoast SEO Premium plugin. -->","yoast_head_json":{"title":"Do\u011fum izni 24 haftaya m\u0131 \u00e7\u0131k\u0131yor: Yeni d\u00fczenlemede neler var?","description":"\u00dccretli do\u011fum izninin 16 haftadan 24 haftaya \u00e7\u0131kar\u0131lmas\u0131n\u0131 \u00f6ng\u00f6ren yeni d\u00fczenleme g\u00fcndemde. \u0130\u015fte, detaylar!","robots":{"index":"index","follow":"follow","max-snippet":"max-snippet:-1","max-image-preview":"max-image-preview:large","max-video-preview":"max-video-preview:-1"},"canonical":"https:\/\/www.kariyer.net\/kariyer-rehberi\/dogum-izni-24-haftaya-mi-cikiyor-yeni-duzenlemede-neler-var\/","og_locale":"tr_TR","og_type":"article","og_title":"Do\u011fum izni 24 haftaya m\u0131 \u00e7\u0131k\u0131yor, yeni d\u00fczenlemede neler var?","og_description":"\u00dccretli do\u011fum izninin 16 haftadan 24 haftaya \u00e7\u0131kar\u0131lmas\u0131n\u0131 \u00f6ng\u00f6ren yeni d\u00fczenleme g\u00fcndemde. Taslak \u00e7al\u0131\u015fmaya g\u00f6re izin s\u00fcrelerinde art\u0131\u015f, esnek kullan\u0131m","og_url":"https:\/\/www.kariyer.net\/kariyer-rehberi\/dogum-izni-24-haftaya-mi-cikiyor-yeni-duzenlemede-neler-var\/","og_site_name":"Kariyer Rehberi","article_published_time":"2026-01-13T08:41:38+00:00","article_modified_time":"2026-01-13T08:44:33+00:00","og_image":[{"width":900,"height":600,"url":"https:\/\/www.kariyer.net\/kariyer-rehberi\/wp-content\/uploads\/2026\/01\/dogum_izni_artiyor.jpg","type":"image\/jpeg"}],"author":"Edit\u00f6r","twitter_card":"summary_large_image","twitter_misc":{"Yazan:":"Edit\u00f6r","Tahmini okuma s\u00fcresi":"2 dakika"},"schema":{"@context":"https:\/\/schema.org","@graph":[{"@type":"Article","@id":"https:\/\/www.kariyer.net\/kariyer-rehberi\/dogum-izni-24-haftaya-mi-cikiyor-yeni-duzenlemede-neler-var\/#article","isPartOf":{"@id":"https:\/\/www.kariyer.net\/kariyer-rehberi\/dogum-izni-24-haftaya-mi-cikiyor-yeni-duzenlemede-neler-var\/"},"author":{"name":"Edit\u00f6r","@id":"https:\/\/www.kariyer.net\/kariyer-rehberi\/#\/schema\/person\/94fd6e49c7ff1b1b2565a2cc4fd685dd"},"headline":"Do\u011fum izni 24 haftaya m\u0131 \u00e7\u0131k\u0131yor, yeni d\u00fczenlemede neler var?","datePublished":"2026-01-13T08:41:38+00:00","dateModified":"2026-01-13T08:44:33+00:00","mainEntityOfPage":{"@id":"https:\/\/www.kariyer.net\/kariyer-rehberi\/dogum-izni-24-haftaya-mi-cikiyor-yeni-duzenlemede-neler-var\/"},"wordCount":373,"publisher":{"@id":"https:\/\/www.kariyer.net\/kariyer-rehberi\/#organization"},"image":{"@id":"https:\/\/www.kariyer.net\/kariyer-rehberi\/dogum-izni-24-haftaya-mi-cikiyor-yeni-duzenlemede-neler-var\/#primaryimage"},"thumbnailUrl":"https:\/\/www.kariyer.net\/kariyer-rehberi\/wp-content\/uploads\/2026\/01\/dogum_izni_artiyor.jpg","articleSection":["\u0130\u015f Hukuku"],"inLanguage":"tr"},{"@type":"WebPage","@id":"https:\/\/www.kariyer.net\/kariyer-rehberi\/dogum-izni-24-haftaya-mi-cikiyor-yeni-duzenlemede-neler-var\/","url":"https:\/\/www.kariyer.net\/kariyer-rehberi\/dogum-izni-24-haftaya-mi-cikiyor-yeni-duzenlemede-neler-var\/","name":"Do\u011fum izni 24 haftaya m\u0131 \u00e7\u0131k\u0131yor: Yeni d\u00fczenlemede neler var?","isPartOf":{"@id":"https:\/\/www.kariyer.net\/kariyer-rehberi\/#website"},"primaryImageOfPage":{"@id":"https:\/\/www.kariyer.net\/kariyer-rehberi\/dogum-izni-24-haftaya-mi-cikiyor-yeni-duzenlemede-neler-var\/#primaryimage"},"image":{"@id":"https:\/\/www.kariyer.net\/kariyer-rehberi\/dogum-izni-24-haftaya-mi-cikiyor-yeni-duzenlemede-neler-var\/#primaryimage"},"thumbnailUrl":"https:\/\/www.kariyer.net\/kariyer-rehberi\/wp-content\/uploads\/2026\/01\/dogum_izni_artiyor.jpg","datePublished":"2026-01-13T08:41:38+00:00","dateModified":"2026-01-13T08:44:33+00:00","description":"\u00dccretli do\u011fum izninin 16 haftadan 24 haftaya \u00e7\u0131kar\u0131lmas\u0131n\u0131 \u00f6ng\u00f6ren yeni d\u00fczenleme g\u00fcndemde. \u0130\u015fte, detaylar!","breadcrumb":{"@id":"https:\/\/www.kariyer.net\/kariyer-rehberi\/dogum-izni-24-haftaya-mi-cikiyor-yeni-duzenlemede-neler-var\/#breadcrumb"},"inLanguage":"tr","potentialAction":[{"@type":"ReadAction","target":["https:\/\/www.kariyer.net\/kariyer-rehberi\/dogum-izni-24-haftaya-mi-cikiyor-yeni-duzenlemede-neler-var\/"]}]},{"@type":"ImageObject","inLanguage":"tr","@id":"https:\/\/www.kariyer.net\/kariyer-rehberi\/dogum-izni-24-haftaya-mi-cikiyor-yeni-duzenlemede-neler-var\/#primaryimage","url":"https:\/\/www.kariyer.net\/kariyer-rehberi\/wp-content\/uploads\/2026\/01\/dogum_izni_artiyor.jpg","contentUrl":"https:\/\/www.kariyer.net\/kariyer-rehberi\/wp-content\/uploads\/2026\/01\/dogum_izni_artiyor.jpg","width":900,"height":600},{"@type":"BreadcrumbList","@id":"https:\/\/www.kariyer.net\/kariyer-rehberi\/dogum-izni-24-haftaya-mi-cikiyor-yeni-duzenlemede-neler-var\/#breadcrumb","itemListElement":[{"@type":"ListItem","position":1,"name":"Anasayfa","item":"https:\/\/www.kariyer.net\/kariyer-rehberi\/"},{"@type":"ListItem","position":2,"name":"Do\u011fum izni 24 haftaya m\u0131 \u00e7\u0131k\u0131yor, yeni d\u00fczenlemede neler var?"}]},{"@type":"WebSite","@id":"https:\/\/www.kariyer.net\/kariyer-rehberi\/#website","url":"https:\/\/www.kariyer.net\/kariyer-rehberi\/","name":"Kariyer Rehberi","description":"\u0130\u015f D\u00fcnyas\u0131yla \u0130lgili Bilmek \u0130stedi\u011finiz Her \u015eey","publisher":{"@id":"https:\/\/www.kariyer.net\/kariyer-rehberi\/#organization"},"potentialAction":[{"@type":"SearchAction","target":{"@type":"EntryPoint","urlTemplate":"https:\/\/www.kariyer.net\/kariyer-rehberi\/?s={search_term_string}"},"query-input":{"@type":"PropertyValueSpecification","valueRequired":true,"valueName":"search_term_string"}}],"inLanguage":"tr"},{"@type":"Organization","@id":"https:\/\/www.kariyer.net\/kariyer-rehberi\/#organization","name":"Kariyer.net","url":"https:\/\/www.kariyer.net\/kariyer-rehberi\/","logo":{"@type":"ImageObject","inLanguage":"tr","@id":"https:\/\/www.kariyer.net\/kariyer-rehberi\/#\/schema\/logo\/image\/","url":"https:\/\/www.kariyer.net\/kariyer-rehberi-new\/wp-content\/uploads\/2023\/01\/og-image11.jpg","contentUrl":"https:\/\/www.kariyer.net\/kariyer-rehberi-new\/wp-content\/uploads\/2023\/01\/og-image11.jpg","width":800,"height":800,"caption":"Kariyer.net"},"image":{"@id":"https:\/\/www.kariyer.net\/kariyer-rehberi\/#\/schema\/logo\/image\/"}},{"@type":"Person","@id":"https:\/\/www.kariyer.net\/kariyer-rehberi\/#\/schema\/person\/94fd6e49c7ff1b1b2565a2cc4fd685dd","name":"Edit\u00f6r","image":{"@type":"ImageObject","inLanguage":"tr","@id":"https:\/\/www.kariyer.net\/kariyer-rehberi\/#\/schema\/person\/image\/","url":"https:\/\/secure.gravatar.com\/avatar\/0c4fe6688343aed3693b15573beae12c08ace5565409d5ab7509bf9c115f458d?s=96&d=mm&r=g","contentUrl":"https:\/\/secure.gravatar.com\/avatar\/0c4fe6688343aed3693b15573beae12c08ace5565409d5ab7509bf9c115f458d?s=96&d=mm&r=g","caption":"Edit\u00f6r"},"url":"https:\/\/www.kariyer.net\/kariyer-rehberi\/author\/editor\/"}]}},"_links":{"self":[{"href":"https:\/\/www.kariyer.net\/kariyer-rehberi\/wp-json\/wp\/v2\/posts\/22737","targetHints":{"allow":["GET"]}}],"collection":[{"href":"https:\/\/www.kariyer.net\/kariyer-rehberi\/wp-json\/wp\/v2\/posts"}],"about":[{"href":"https:\/\/www.kariyer.net\/kariyer-rehberi\/wp-json\/wp\/v2\/types\/post"}],"author":[{"embeddable":true,"href":"https:\/\/www.kariyer.net\/kariyer-rehberi\/wp-json\/wp\/v2\/users\/12"}],"replies":[{"embeddable":true,"href":"https:\/\/www.kariyer.net\/kariyer-rehberi\/wp-json\/wp\/v2\/comments?post=22737"}],"version-history":[{"count":2,"href":"https:\/\/www.kariyer.net\/kariyer-rehberi\/wp-json\/wp\/v2\/posts\/22737\/revisions"}],"predecessor-version":[{"id":22740,"href":"https:\/\/www.kariyer.net\/kariyer-rehberi\/wp-json\/wp\/v2\/posts\/22737\/revisions\/22740"}],"wp:featuredmedia":[{"embeddable":true,"href":"https:\/\/www.kariyer.net\/kariyer-rehberi\/wp-json\/wp\/v2\/media\/22738"}],"wp:attachment":[{"href":"https:\/\/www.kariyer.net\/kariyer-rehberi\/wp-json\/wp\/v2\/media?parent=22737"}],"wp:term":[{"taxonomy":"category","embeddable":true,"href":"https:\/\/www.kariyer.net\/kariyer-rehberi\/wp-json\/wp\/v2\/categories?post=22737"},{"taxonomy":"post_tag","embeddable":true,"href":"https:\/\/www.kariyer.net\/kariyer-rehberi\/wp-json\/wp\/v2\/tags?post=22737"}],"curies":[{"name":"wp","href":"https:\/\/api.w.org\/{rel}","templated":true}]}}