{"id":22745,"date":"2026-01-19T09:00:54","date_gmt":"2026-01-19T06:00:54","guid":{"rendered":"https:\/\/www.kariyer.net\/kariyer-rehberi\/?p=22745"},"modified":"2026-01-19T10:47:02","modified_gmt":"2026-01-19T07:47:02","slug":"isinde-kalmak-mi-gitmek-mi-karar-vermeni-saglayan-8-isaret","status":"publish","type":"post","link":"https:\/\/www.kariyer.net\/kariyer-rehberi\/isinde-kalmak-mi-gitmek-mi-karar-vermeni-saglayan-8-isaret\/","title":{"rendered":"\u0130\u015finde kalmak m\u0131 gitmek mi? Karar vermeni sa\u011flayan 8 i\u015faret"},"content":{"rendered":"<p><strong>Bazen bir i\u015fi b\u0131rakma fikri aniden gelmez. Sessiz sessiz yerle\u015fir, g\u00fcn i\u00e7ine da\u011f\u0131l\u0131r, haftalara yay\u0131l\u0131r. \u201cAbart\u0131yor muyum?\u201d dersin ama baz\u0131 i\u015faretler vard\u0131r ki g\u00f6rmezden geldik\u00e7e daha da netle\u015fir. \u0130\u015fte i\u015f de\u011fi\u015ftirme zaman\u0131n\u0131n geldi\u011fini fark etmeni sa\u011flayan 8 g\u00fc\u00e7l\u00fc k\u0131rm\u0131z\u0131 bayrak.<\/strong><\/p>\n<h2><strong>Pazar ak\u015famlar\u0131 ba\u015flayan o tan\u0131d\u0131k huzursuzluk<\/strong><\/h2>\n<p>Hafta sonu hen\u00fcz bitmeden i\u00e7ine bir s\u0131k\u0131nt\u0131 \u00e7\u00f6k\u00fcyorsa, pazartesi d\u00fc\u015f\u00fcncesi seni fiziksel olarak bile yoruyorsa bu sadece ge\u00e7ici bir isteksizlik de\u011fildir. S\u00fcrekli hale gelen bu his, i\u015finin zihninde g\u00fcvenli bir alan olmaktan \u00e7\u0131kt\u0131\u011f\u0131n\u0131 g\u00f6sterir. Dinlenmen gereken zamanda bile i\u015f seni b\u0131rakm\u0131yordur.<\/p>\n<h2><strong>\u0130\u015fini anlat\u0131rken ses tonun de\u011fi\u015fiyorsa<\/strong><\/h2>\n<p>\u201cNe i\u015f yap\u0131yorsun?\u201d sorusu eskiden seni heyecanland\u0131r\u0131rken, art\u0131k k\u0131sa ve otomatik cevaplar veriyorsan, burada bir kopu\u015f vard\u0131r. \u0130\u015fin h\u00e2l\u00e2 CV\u2019inde duruyor olabilir; ama seninle olan duygusal ba\u011f\u0131n\u0131 kaybetmi\u015f olabilir.<\/p>\n<h2><strong>Art\u0131k \u00f6\u011frenmedi\u011fini fark etmen<\/strong><\/h2>\n<p>Her g\u00fcn birbirinin ayn\u0131s\u0131 ge\u00e7iyorsa, kendini tekrar etti\u011fini hissediyorsan ve yeni hi\u00e7bir \u015fey katm\u0131yorsan bu ciddi bir sinyaldir. Geli\u015fimin durdu\u011fu yerde motivasyon da durur. Bir noktadan sonra konfor alan\u0131, kariyerinin \u00f6n\u00fcnde bir duvara d\u00f6n\u00fc\u015f\u00fcr.<\/p>\n<h2><strong>Emek g\u00f6r\u00fcnmezken hatalar fazlas\u0131yla g\u00f6r\u00fcn\u00fcyorsa<\/strong><\/h2>\n<p>Yapt\u0131klar\u0131n fark edilmiyor, ama en k\u00fc\u00e7\u00fck hata b\u00fcy\u00fct\u00fcl\u00fcyorsa, zamanla \u201cne yaparsam yapay\u0131m yetmiyor\u201d hissi yerle\u015fir. Bu durum sadece i\u015f performans\u0131n\u0131 de\u011fil, \u00f6zg\u00fcvenini de a\u015f\u0131nd\u0131r\u0131r.<\/p>\n<h2><strong>Sorumluluk art\u0131yor, ama kar\u015f\u0131l\u0131\u011f\u0131 netle\u015fmiyorsa<\/strong><\/h2>\n<p>\u0130\u015f tan\u0131m\u0131n sessizce geni\u015fliyor, senden s\u00fcrekli daha fazlas\u0131 bekleniyor ama bunun kar\u015f\u0131l\u0131\u011f\u0131nda ne rol\u00fcn ne de kazanc\u0131n beklentini kar\u015f\u0131lam\u0131yorsa, burada bir denge sorunu vard\u0131r. Uzun vadede bu belirsizlik yorar.<\/p>\n<h2><strong>De\u011ferlerinle \u00e7eli\u015fen \u015feyler normalle\u015ftiyse<\/strong><\/h2>\n<p>\u0130\u00e7ine sinmeyen kararlar, etik olarak rahats\u0131z eden durumlar art\u0131k \u201ci\u015fin do\u011fas\u0131\u201d gibi gelmeye ba\u015flad\u0131ysa, sorun sadece i\u015f de\u011fil, seninle olan uyumdur. Bu \u00e7at\u0131\u015fma bir s\u00fcre sonra enerjini fark etmeden t\u00fcketir.<\/p>\n<h2><strong>Akl\u0131n\u0131n s\u0131k s\u0131k ba\u015fka bir yerde olmas\u0131<\/strong><\/h2>\n<p>Zaman zaman \u201cba\u015fka neler var?\u201d diye d\u00fc\u015f\u00fcnmek normaldir; ama bunu s\u0131k s\u0131k yap\u0131yor, alternatifleri zihninde kuruyorsan, asl\u0131nda zihinsel olarak \u00e7oktan bir ad\u0131m atm\u0131\u015f olabilirsin.<\/p>\n<h2><strong>Hayat\u0131n\u0131n merkezinde sadece i\u015fin kalmas\u0131<\/strong><\/h2>\n<p>\u0130\u015f d\u0131\u015f\u0131ndaki her \u015feyi erteliyor, seni besleyen alanlardan uzakla\u015f\u0131yorsan bu g\u00fc\u00e7l\u00fc bir alarmd\u0131r. Sa\u011fl\u0131kl\u0131 bir kariyer, hayat\u0131n tamam\u0131n\u0131 yutmaz; onunla uyum i\u00e7inde ilerler.<\/p>\n<h3><strong>Gitmek de\u011fil, fark etmek \u00f6nemli<\/strong><\/h3>\n<p>Bu k\u0131rm\u0131z\u0131 bayraklardan birka\u00e7\u0131 sana tan\u0131d\u0131k geliyorsa hemen <a href=\"https:\/\/www.kariyer.net\/kariyer-rehberi\/?s=istifa\" target=\"_blank\" rel=\"noopener\"><strong>istifa<\/strong><\/a> etmek zorunda de\u011filsin, ama durup d\u00fc\u015f\u00fcnme zaman\u0131n\u0131n geldi\u011fi \u00e7ok net.<br \/>\nBazen i\u015f de\u011fi\u015ftirmek bir ka\u00e7\u0131\u015f de\u011fil, kendine do\u011fru at\u0131lm\u0131\u015f bilin\u00e7li bir ad\u0131md\u0131r.<\/p>\n<p>E\u011fer \u201cBen art\u0131k ba\u015fka f\u0131rsatlara bakmal\u0131y\u0131m\u201d diyorsan, bunu plans\u0131zca yapmak zorunda de\u011filsin. Kendine uygun pozisyonlar\u0131 g\u00f6rmek, se\u00e7eneklerini tartmak ve ger\u00e7ekten sana iyi gelecek i\u015fleri ke\u015ffetmek i\u00e7in Kariyer.net\u2019teki <strong><a href=\"https:\/\/www.kariyer.net\/is-ilanlari\/istanbul\" target=\"_blank\" rel=\"noopener\">i\u015f f\u0131rsatlar\u0131na <\/a><\/strong>g\u00f6z atarak ilk ad\u0131m\u0131 atabilirsin.<\/p>\n<!-- templates\/buttons-placeholder.php -->\n<div class=\"da-reactions-outer TpostID22745\">\n\t    <div class=\"da-reactions-data da-reactions-container-async center\"\n         data-type=\"post\"\n         data-id=\"22745\"\n         id=\"da-reactions-slot-post-22745\">\n        <div class=\"da-reactions-static\">\n\t\t\t<img src=\"https:\/\/www.kariyer.net\/kariyer-rehberi\/wp-content\/plugins\/da-reactions\/assets\/dist\/loading.svg\" alt=\"Loading spinner\" width=\"48\" height=\"48\" style=\"width:48px\" \/>\n        <\/div>\n    <\/div>\n<\/div>\n","protected":false},"excerpt":{"rendered":"<p>Bazen bir i\u015fi b\u0131rakma fikri aniden gelmez. Sessiz sessiz yerle\u015fir, g\u00fcn i\u00e7ine da\u011f\u0131l\u0131r, haftalara yay\u0131l\u0131r. \u201cAbart\u0131yor muyum?\u201d dersin ama baz\u0131 i\u015faretler vard\u0131r ki g\u00f6rmezden geldik\u00e7e daha da netle\u015fir. \u0130\u015fte i\u015f de\u011fi\u015ftirme zaman\u0131n\u0131n geldi\u011fini fark etmeni sa\u011flayan 8 g\u00fc\u00e7l\u00fc k\u0131rm\u0131z\u0131 bayrak. Pazar ak\u015famlar\u0131 ba\u015flayan o tan\u0131d\u0131k huzursuzluk Hafta sonu hen\u00fcz bitmeden i\u00e7ine bir s\u0131k\u0131nt\u0131 \u00e7\u00f6k\u00fcyorsa, pazartesi [&hellip;]<\/p>\n<!-- templates\/buttons-placeholder.php -->\n<div class=\"da-reactions-outer TpostID22745\">\n\t    <div class=\"da-reactions-data da-reactions-container-async center\"\n         data-type=\"post\"\n         data-id=\"22745\"\n         id=\"da-reactions-slot-post-22745\">\n        <div class=\"da-reactions-static\">\n\t\t\t<img src=\"https:\/\/www.kariyer.net\/kariyer-rehberi\/wp-content\/plugins\/da-reactions\/assets\/dist\/loading.svg\" alt=\"Loading spinner\" width=\"48\" height=\"48\" style=\"width:48px\" \/>\n        <\/div>\n    <\/div>\n<\/div>\n","protected":false},"author":12,"featured_media":22746,"comment_status":"closed","ping_status":"open","sticky":false,"template":"","format":"standard","meta":{"footnotes":"","_elementor_edit_mode":"","_elementor_template_type":"","_elementor_data":"","_elementor_page_settings":null,"_elementor_conditions":[]},"categories":[46],"tags":[1000,2225],"class_list":{"0":"post-22745","1":"post","2":"type-post","3":"status-publish","4":"format-standard","5":"has-post-thumbnail","7":"category-is-hayati","8":"tag-istifa","9":"tag-tum-kitle"},"yoast_head":"<!-- This site is optimized with the Yoast SEO Premium plugin v21.4 (Yoast SEO v27.0) - https:\/\/yoast.com\/product\/yoast-seo-premium-wordpress\/ -->\n<title>\u0130\u015finde kalmak m\u0131 gitmek mi? Karar vermeni sa\u011flayan 8 i\u015faret<\/title>\n<meta name=\"description\" content=\"\u0130\u015finden ayr\u0131lma zaman\u0131n\u0131n geldi\u011fini nas\u0131l anlars\u0131n? \u0130\u015fte i\u015f de\u011fi\u015ftirme zaman\u0131n\u0131n geldi\u011fini fark etmeni sa\u011flayan 8 g\u00fc\u00e7l\u00fc k\u0131rm\u0131z\u0131 bayrak.\" \/>\n<meta name=\"robots\" content=\"index, follow, max-snippet:-1, max-image-preview:large, max-video-preview:-1\" \/>\n<link rel=\"canonical\" href=\"https:\/\/www.kariyer.net\/kariyer-rehberi\/isinde-kalmak-mi-gitmek-mi-karar-vermeni-saglayan-8-isaret\/\" \/>\n<meta property=\"og:locale\" content=\"tr_TR\" \/>\n<meta property=\"og:type\" content=\"article\" \/>\n<meta property=\"og:title\" content=\"\u0130\u015finde kalmak m\u0131 gitmek mi? Karar vermeni sa\u011flayan 8 i\u015faret\" \/>\n<meta property=\"og:description\" content=\"Bazen bir i\u015fi b\u0131rakma fikri aniden gelmez. Sessiz sessiz yerle\u015fir, g\u00fcn i\u00e7ine da\u011f\u0131l\u0131r, haftalara yay\u0131l\u0131r. \u201cAbart\u0131yor muyum?\u201d dersin ama baz\u0131 i\u015faretler\" \/>\n<meta property=\"og:url\" content=\"https:\/\/www.kariyer.net\/kariyer-rehberi\/isinde-kalmak-mi-gitmek-mi-karar-vermeni-saglayan-8-isaret\/\" \/>\n<meta property=\"og:site_name\" content=\"Kariyer Rehberi\" \/>\n<meta property=\"article:published_time\" content=\"2026-01-19T06:00:54+00:00\" \/>\n<meta property=\"article:modified_time\" content=\"2026-01-19T07:47:02+00:00\" \/>\n<meta property=\"og:image\" content=\"https:\/\/www.kariyer.net\/kariyer-rehberi\/wp-content\/uploads\/2026\/01\/istifa_zamani.jpg\" \/>\n\t<meta property=\"og:image:width\" content=\"900\" \/>\n\t<meta property=\"og:image:height\" content=\"600\" \/>\n\t<meta property=\"og:image:type\" content=\"image\/jpeg\" \/>\n<meta name=\"author\" content=\"Edit\u00f6r\" \/>\n<meta name=\"twitter:card\" content=\"summary_large_image\" \/>\n<meta name=\"twitter:label1\" content=\"Yazan:\" \/>\n\t<meta name=\"twitter:data1\" content=\"Edit\u00f6r\" \/>\n\t<meta name=\"twitter:label2\" content=\"Tahmini okuma s\u00fcresi\" \/>\n\t<meta name=\"twitter:data2\" content=\"3 dakika\" \/>\n<!-- \/ Yoast SEO Premium plugin. -->","yoast_head_json":{"title":"\u0130\u015finde kalmak m\u0131 gitmek mi? Karar vermeni sa\u011flayan 8 i\u015faret","description":"\u0130\u015finden ayr\u0131lma zaman\u0131n\u0131n geldi\u011fini nas\u0131l anlars\u0131n? \u0130\u015fte i\u015f de\u011fi\u015ftirme zaman\u0131n\u0131n geldi\u011fini fark etmeni sa\u011flayan 8 g\u00fc\u00e7l\u00fc k\u0131rm\u0131z\u0131 bayrak.","robots":{"index":"index","follow":"follow","max-snippet":"max-snippet:-1","max-image-preview":"max-image-preview:large","max-video-preview":"max-video-preview:-1"},"canonical":"https:\/\/www.kariyer.net\/kariyer-rehberi\/isinde-kalmak-mi-gitmek-mi-karar-vermeni-saglayan-8-isaret\/","og_locale":"tr_TR","og_type":"article","og_title":"\u0130\u015finde kalmak m\u0131 gitmek mi? Karar vermeni sa\u011flayan 8 i\u015faret","og_description":"Bazen bir i\u015fi b\u0131rakma fikri aniden gelmez. Sessiz sessiz yerle\u015fir, g\u00fcn i\u00e7ine da\u011f\u0131l\u0131r, haftalara yay\u0131l\u0131r. \u201cAbart\u0131yor muyum?\u201d dersin ama baz\u0131 i\u015faretler","og_url":"https:\/\/www.kariyer.net\/kariyer-rehberi\/isinde-kalmak-mi-gitmek-mi-karar-vermeni-saglayan-8-isaret\/","og_site_name":"Kariyer Rehberi","article_published_time":"2026-01-19T06:00:54+00:00","article_modified_time":"2026-01-19T07:47:02+00:00","og_image":[{"width":900,"height":600,"url":"https:\/\/www.kariyer.net\/kariyer-rehberi\/wp-content\/uploads\/2026\/01\/istifa_zamani.jpg","type":"image\/jpeg"}],"author":"Edit\u00f6r","twitter_card":"summary_large_image","twitter_misc":{"Yazan:":"Edit\u00f6r","Tahmini okuma s\u00fcresi":"3 dakika"},"schema":{"@context":"https:\/\/schema.org","@graph":[{"@type":"Article","@id":"https:\/\/www.kariyer.net\/kariyer-rehberi\/isinde-kalmak-mi-gitmek-mi-karar-vermeni-saglayan-8-isaret\/#article","isPartOf":{"@id":"https:\/\/www.kariyer.net\/kariyer-rehberi\/isinde-kalmak-mi-gitmek-mi-karar-vermeni-saglayan-8-isaret\/"},"author":{"name":"Edit\u00f6r","@id":"https:\/\/www.kariyer.net\/kariyer-rehberi\/#\/schema\/person\/94fd6e49c7ff1b1b2565a2cc4fd685dd"},"headline":"\u0130\u015finde kalmak m\u0131 gitmek mi? Karar vermeni sa\u011flayan 8 i\u015faret","datePublished":"2026-01-19T06:00:54+00:00","dateModified":"2026-01-19T07:47:02+00:00","mainEntityOfPage":{"@id":"https:\/\/www.kariyer.net\/kariyer-rehberi\/isinde-kalmak-mi-gitmek-mi-karar-vermeni-saglayan-8-isaret\/"},"wordCount":571,"publisher":{"@id":"https:\/\/www.kariyer.net\/kariyer-rehberi\/#organization"},"image":{"@id":"https:\/\/www.kariyer.net\/kariyer-rehberi\/isinde-kalmak-mi-gitmek-mi-karar-vermeni-saglayan-8-isaret\/#primaryimage"},"thumbnailUrl":"https:\/\/www.kariyer.net\/kariyer-rehberi\/wp-content\/uploads\/2026\/01\/istifa_zamani.jpg","keywords":["istifa","T\u00fcm kitle"],"articleSection":["\u0130\u015f Hayat\u0131"],"inLanguage":"tr"},{"@type":"WebPage","@id":"https:\/\/www.kariyer.net\/kariyer-rehberi\/isinde-kalmak-mi-gitmek-mi-karar-vermeni-saglayan-8-isaret\/","url":"https:\/\/www.kariyer.net\/kariyer-rehberi\/isinde-kalmak-mi-gitmek-mi-karar-vermeni-saglayan-8-isaret\/","name":"\u0130\u015finde kalmak m\u0131 gitmek mi? Karar vermeni sa\u011flayan 8 i\u015faret","isPartOf":{"@id":"https:\/\/www.kariyer.net\/kariyer-rehberi\/#website"},"primaryImageOfPage":{"@id":"https:\/\/www.kariyer.net\/kariyer-rehberi\/isinde-kalmak-mi-gitmek-mi-karar-vermeni-saglayan-8-isaret\/#primaryimage"},"image":{"@id":"https:\/\/www.kariyer.net\/kariyer-rehberi\/isinde-kalmak-mi-gitmek-mi-karar-vermeni-saglayan-8-isaret\/#primaryimage"},"thumbnailUrl":"https:\/\/www.kariyer.net\/kariyer-rehberi\/wp-content\/uploads\/2026\/01\/istifa_zamani.jpg","datePublished":"2026-01-19T06:00:54+00:00","dateModified":"2026-01-19T07:47:02+00:00","description":"\u0130\u015finden ayr\u0131lma zaman\u0131n\u0131n geldi\u011fini nas\u0131l anlars\u0131n? \u0130\u015fte i\u015f de\u011fi\u015ftirme zaman\u0131n\u0131n geldi\u011fini fark etmeni sa\u011flayan 8 g\u00fc\u00e7l\u00fc k\u0131rm\u0131z\u0131 bayrak.","breadcrumb":{"@id":"https:\/\/www.kariyer.net\/kariyer-rehberi\/isinde-kalmak-mi-gitmek-mi-karar-vermeni-saglayan-8-isaret\/#breadcrumb"},"inLanguage":"tr","potentialAction":[{"@type":"ReadAction","target":["https:\/\/www.kariyer.net\/kariyer-rehberi\/isinde-kalmak-mi-gitmek-mi-karar-vermeni-saglayan-8-isaret\/"]}]},{"@type":"ImageObject","inLanguage":"tr","@id":"https:\/\/www.kariyer.net\/kariyer-rehberi\/isinde-kalmak-mi-gitmek-mi-karar-vermeni-saglayan-8-isaret\/#primaryimage","url":"https:\/\/www.kariyer.net\/kariyer-rehberi\/wp-content\/uploads\/2026\/01\/istifa_zamani.jpg","contentUrl":"https:\/\/www.kariyer.net\/kariyer-rehberi\/wp-content\/uploads\/2026\/01\/istifa_zamani.jpg","width":900,"height":600},{"@type":"BreadcrumbList","@id":"https:\/\/www.kariyer.net\/kariyer-rehberi\/isinde-kalmak-mi-gitmek-mi-karar-vermeni-saglayan-8-isaret\/#breadcrumb","itemListElement":[{"@type":"ListItem","position":1,"name":"Anasayfa","item":"https:\/\/www.kariyer.net\/kariyer-rehberi\/"},{"@type":"ListItem","position":2,"name":"\u0130\u015finde kalmak m\u0131 gitmek mi? Karar vermeni sa\u011flayan 8 i\u015faret"}]},{"@type":"WebSite","@id":"https:\/\/www.kariyer.net\/kariyer-rehberi\/#website","url":"https:\/\/www.kariyer.net\/kariyer-rehberi\/","name":"Kariyer Rehberi","description":"\u0130\u015f D\u00fcnyas\u0131yla \u0130lgili Bilmek \u0130stedi\u011finiz Her \u015eey","publisher":{"@id":"https:\/\/www.kariyer.net\/kariyer-rehberi\/#organization"},"potentialAction":[{"@type":"SearchAction","target":{"@type":"EntryPoint","urlTemplate":"https:\/\/www.kariyer.net\/kariyer-rehberi\/?s={search_term_string}"},"query-input":{"@type":"PropertyValueSpecification","valueRequired":true,"valueName":"search_term_string"}}],"inLanguage":"tr"},{"@type":"Organization","@id":"https:\/\/www.kariyer.net\/kariyer-rehberi\/#organization","name":"Kariyer.net","url":"https:\/\/www.kariyer.net\/kariyer-rehberi\/","logo":{"@type":"ImageObject","inLanguage":"tr","@id":"https:\/\/www.kariyer.net\/kariyer-rehberi\/#\/schema\/logo\/image\/","url":"https:\/\/www.kariyer.net\/kariyer-rehberi-new\/wp-content\/uploads\/2023\/01\/og-image11.jpg","contentUrl":"https:\/\/www.kariyer.net\/kariyer-rehberi-new\/wp-content\/uploads\/2023\/01\/og-image11.jpg","width":800,"height":800,"caption":"Kariyer.net"},"image":{"@id":"https:\/\/www.kariyer.net\/kariyer-rehberi\/#\/schema\/logo\/image\/"}},{"@type":"Person","@id":"https:\/\/www.kariyer.net\/kariyer-rehberi\/#\/schema\/person\/94fd6e49c7ff1b1b2565a2cc4fd685dd","name":"Edit\u00f6r","image":{"@type":"ImageObject","inLanguage":"tr","@id":"https:\/\/www.kariyer.net\/kariyer-rehberi\/#\/schema\/person\/image\/","url":"https:\/\/secure.gravatar.com\/avatar\/0c4fe6688343aed3693b15573beae12c08ace5565409d5ab7509bf9c115f458d?s=96&d=mm&r=g","contentUrl":"https:\/\/secure.gravatar.com\/avatar\/0c4fe6688343aed3693b15573beae12c08ace5565409d5ab7509bf9c115f458d?s=96&d=mm&r=g","caption":"Edit\u00f6r"},"url":"https:\/\/www.kariyer.net\/kariyer-rehberi\/author\/editor\/"}]}},"_links":{"self":[{"href":"https:\/\/www.kariyer.net\/kariyer-rehberi\/wp-json\/wp\/v2\/posts\/22745","targetHints":{"allow":["GET"]}}],"collection":[{"href":"https:\/\/www.kariyer.net\/kariyer-rehberi\/wp-json\/wp\/v2\/posts"}],"about":[{"href":"https:\/\/www.kariyer.net\/kariyer-rehberi\/wp-json\/wp\/v2\/types\/post"}],"author":[{"embeddable":true,"href":"https:\/\/www.kariyer.net\/kariyer-rehberi\/wp-json\/wp\/v2\/users\/12"}],"replies":[{"embeddable":true,"href":"https:\/\/www.kariyer.net\/kariyer-rehberi\/wp-json\/wp\/v2\/comments?post=22745"}],"version-history":[{"count":4,"href":"https:\/\/www.kariyer.net\/kariyer-rehberi\/wp-json\/wp\/v2\/posts\/22745\/revisions"}],"predecessor-version":[{"id":22750,"href":"https:\/\/www.kariyer.net\/kariyer-rehberi\/wp-json\/wp\/v2\/posts\/22745\/revisions\/22750"}],"wp:featuredmedia":[{"embeddable":true,"href":"https:\/\/www.kariyer.net\/kariyer-rehberi\/wp-json\/wp\/v2\/media\/22746"}],"wp:attachment":[{"href":"https:\/\/www.kariyer.net\/kariyer-rehberi\/wp-json\/wp\/v2\/media?parent=22745"}],"wp:term":[{"taxonomy":"category","embeddable":true,"href":"https:\/\/www.kariyer.net\/kariyer-rehberi\/wp-json\/wp\/v2\/categories?post=22745"},{"taxonomy":"post_tag","embeddable":true,"href":"https:\/\/www.kariyer.net\/kariyer-rehberi\/wp-json\/wp\/v2\/tags?post=22745"}],"curies":[{"name":"wp","href":"https:\/\/api.w.org\/{rel}","templated":true}]}}