{"id":22760,"date":"2026-01-22T12:59:54","date_gmt":"2026-01-22T09:59:54","guid":{"rendered":"https:\/\/www.kariyer.net\/kariyer-rehberi\/?p=22760"},"modified":"2026-01-22T13:05:46","modified_gmt":"2026-01-22T10:05:46","slug":"sozlesmeli-personele-yari-zamanli-calisma-duzenlemesi-yururluge-girdi","status":"publish","type":"post","link":"https:\/\/www.kariyer.net\/kariyer-rehberi\/sozlesmeli-personele-yari-zamanli-calisma-duzenlemesi-yururluge-girdi\/","title":{"rendered":"S\u00f6zle\u015fmeli personele yar\u0131 zamanl\u0131 \u00e7al\u0131\u015fma hakk\u0131 y\u00fcr\u00fcrl\u00fc\u011fe girdi"},"content":{"rendered":"<p data-path-to-node=\"3\"><b data-path-to-node=\"3\" data-index-in-node=\"0\">Resmi Gazete\u2019de yay\u0131mlanan Cumhurba\u015fkan\u0131 karar\u0131yla s\u00f6zle\u015fmeli personelin \u00e7al\u0131\u015fma ko\u015fullar\u0131nda de\u011fi\u015fikli\u011fe gidildi. Devlet memurlar\u0131na tan\u0131nan do\u011fum ve evlat edinme sonras\u0131 yar\u0131 zamanl\u0131 \u00e7al\u0131\u015fma hakk\u0131, art\u0131k s\u00f6zle\u015fmeli personeli de kapsayacak.<\/b><\/p>\n<p data-path-to-node=\"4\">Kamuda \u00e7al\u0131\u015fan binlerce s\u00f6zle\u015fmeli personeli yak\u0131ndan ilgilendiren &#8220;S\u00f6zle\u015fmeli Personel \u00c7al\u0131\u015ft\u0131r\u0131lmas\u0131na \u0130li\u015fkin Esaslar&#8221;da de\u011fi\u015fikli\u011fe gidildi. Cumhurba\u015fkan\u0131 Recep Tayyip Erdo\u011fan\u2019\u0131n imzas\u0131yla y\u00fcr\u00fcrl\u00fc\u011fe giren d\u00fczenleme, i\u015f-aile dengesini g\u00fc\u00e7lendirmeyi hedefleyen \u00f6nemli haklar getiriyor.<\/p>\n<h2 data-path-to-node=\"5\">Do\u011fum ve evlat edinme sonras\u0131 yeni d\u00f6nem<\/h2>\n<p data-path-to-node=\"6\">Yeni d\u00fczenleme ile birlikte, daha \u00f6nce sadece kadrolu devlet memurlar\u0131n\u0131n faydalanabildi\u011fi <b data-path-to-node=\"6\" data-index-in-node=\"91\">do\u011fum veya evlat edinme sonras\u0131 yar\u0131 zamanl\u0131 \u00e7al\u0131\u015fma hakk\u0131<\/b>, s\u00f6zle\u015fmeli personele de uygulanacak. Bu sayede ebeveyn olan s\u00f6zle\u015fmeli \u00e7al\u0131\u015fanlar, \u00e7ocuklar\u0131n\u0131n bak\u0131m s\u00fcrecinde i\u015f hayat\u0131ndan kopmadan, belirli bir s\u00fcre yar\u0131 zamanl\u0131 olarak g\u00f6rev yapabilecekler.<\/p>\n<p data-path-to-node=\"7\">D\u00fczenleme kapsam\u0131nda, hangi pozisyonlar\u0131n veya kurumlar\u0131n hizmet gere\u011fi bu haktan istisna tutulaca\u011f\u0131 ise Cumhurba\u015fkanl\u0131\u011f\u0131 taraf\u0131ndan belirlenecek.<\/p>\n<div class=\"flex max-w-full flex-col grow\">\n<div class=\"min-h-8 text-message relative flex w-full flex-col items-end gap-2 text-start break-words whitespace-normal [.text-message+&amp;]:mt-1\" dir=\"auto\" data-message-author-role=\"assistant\" data-message-id=\"0525b8a0-8815-4e23-b419-4be9b8922172\" data-message-model-slug=\"gpt-5-2\">\n<div class=\"flex w-full flex-col gap-1 empty:hidden first:pt-[1px]\">\n<div class=\"markdown prose dark:prose-invert w-full wrap-break-word light markdown-new-styling\">\n<h2 data-start=\"53\" data-end=\"337\"><strong data-start=\"53\" data-end=\"84\">S\u00f6zle\u015fmeli personel kimdir?<\/strong><\/h2>\n<p data-start=\"53\" data-end=\"337\">657 say\u0131l\u0131 Devlet Memurlar\u0131 Kanunu\u2019nun 4\/B maddesine g\u00f6re; kamu kurum ve kurulu\u015flar\u0131nda, belirli bir mali y\u0131l i\u00e7in yap\u0131lan s\u00f6zle\u015fme kapsam\u0131nda g\u00f6rev yapan ve i\u015f\u00e7i stat\u00fcs\u00fcnde de\u011ferlendirilmeyen kamu \u00e7al\u0131\u015fanlar\u0131 s\u00f6zle\u015fmeli personel olarak tan\u0131mlan\u0131yor.<\/p>\n<p data-start=\"339\" data-end=\"695\" data-is-last-node=\"\" data-is-only-node=\"\">Bu kapsamda \u00e7al\u0131\u015fan personel, g\u00f6revine devam edebilmek i\u00e7in her y\u0131l s\u00f6zle\u015fmesini yeniden imzalamak zorunda. S\u00f6zle\u015fme s\u00fcresi sona erdi\u011finde yenileme yap\u0131lmamas\u0131 halinde g\u00f6rev de kendili\u011finden sona eriyor. Uygulamada s\u00f6zle\u015fmeler \u00e7o\u011funlukla her y\u0131l yenilendi\u011fi i\u00e7in personelin kendi iste\u011fi d\u0131\u015f\u0131nda s\u00f6zle\u015fmesinin uzat\u0131lmamas\u0131 durumuyla nadiren kar\u015f\u0131la\u015f\u0131l\u0131yor.<\/p>\n<\/div>\n<\/div>\n<\/div>\n<\/div>\n<!-- templates\/buttons-placeholder.php -->\n<div class=\"da-reactions-outer TpostID22760\">\n\t    <div class=\"da-reactions-data da-reactions-container-async center\"\n         data-type=\"post\"\n         data-id=\"22760\"\n         id=\"da-reactions-slot-post-22760\">\n        <div class=\"da-reactions-static\">\n\t\t\t<img src=\"https:\/\/www.kariyer.net\/kariyer-rehberi\/wp-content\/plugins\/da-reactions\/assets\/dist\/loading.svg\" alt=\"Loading spinner\" width=\"48\" height=\"48\" style=\"width:48px\" \/>\n        <\/div>\n    <\/div>\n<\/div>\n","protected":false},"excerpt":{"rendered":"<p>Resmi Gazete\u2019de yay\u0131mlanan Cumhurba\u015fkan\u0131 karar\u0131yla s\u00f6zle\u015fmeli personelin \u00e7al\u0131\u015fma ko\u015fullar\u0131nda de\u011fi\u015fikli\u011fe gidildi. Devlet memurlar\u0131na tan\u0131nan do\u011fum ve evlat edinme sonras\u0131 yar\u0131 zamanl\u0131 \u00e7al\u0131\u015fma hakk\u0131, art\u0131k s\u00f6zle\u015fmeli personeli de kapsayacak. Kamuda \u00e7al\u0131\u015fan binlerce s\u00f6zle\u015fmeli personeli yak\u0131ndan ilgilendiren &#8220;S\u00f6zle\u015fmeli Personel \u00c7al\u0131\u015ft\u0131r\u0131lmas\u0131na \u0130li\u015fkin Esaslar&#8221;da de\u011fi\u015fikli\u011fe gidildi. Cumhurba\u015fkan\u0131 Recep Tayyip Erdo\u011fan\u2019\u0131n imzas\u0131yla y\u00fcr\u00fcrl\u00fc\u011fe giren d\u00fczenleme, i\u015f-aile dengesini g\u00fc\u00e7lendirmeyi hedefleyen \u00f6nemli [&hellip;]<\/p>\n<!-- templates\/buttons-placeholder.php -->\n<div class=\"da-reactions-outer TpostID22760\">\n\t    <div class=\"da-reactions-data da-reactions-container-async center\"\n         data-type=\"post\"\n         data-id=\"22760\"\n         id=\"da-reactions-slot-post-22760\">\n        <div class=\"da-reactions-static\">\n\t\t\t<img src=\"https:\/\/www.kariyer.net\/kariyer-rehberi\/wp-content\/plugins\/da-reactions\/assets\/dist\/loading.svg\" alt=\"Loading spinner\" width=\"48\" height=\"48\" style=\"width:48px\" \/>\n        <\/div>\n    <\/div>\n<\/div>\n","protected":false},"author":12,"featured_media":22761,"comment_status":"closed","ping_status":"open","sticky":false,"template":"","format":"standard","meta":{"footnotes":"","_elementor_edit_mode":"","_elementor_template_type":"","_elementor_data":"","_elementor_page_settings":null,"_elementor_conditions":[]},"categories":[2215],"tags":[],"class_list":{"0":"post-22760","1":"post","2":"type-post","3":"status-publish","4":"format-standard","5":"has-post-thumbnail","7":"category-kamuda-kariyer"},"yoast_head":"<!-- This site is optimized with the Yoast SEO Premium plugin v21.4 (Yoast SEO v27.0) - https:\/\/yoast.com\/product\/yoast-seo-premium-wordpress\/ -->\n<title>S\u00f6zle\u015fmeli personele yar\u0131 zamanl\u0131 \u00e7al\u0131\u015fma hakk\u0131 y\u00fcr\u00fcrl\u00fc\u011fe girdi<\/title>\n<meta name=\"description\" content=\"Kamuda \u00e7al\u0131\u015fan personeli yak\u0131ndan ilgilendiren &quot;S\u00f6zle\u015fmeli Personel \u00c7al\u0131\u015ft\u0131r\u0131lmas\u0131na \u0130li\u015fkin Esaslar&quot;da de\u011fi\u015fikli\u011fe gidildi.\" \/>\n<meta name=\"robots\" content=\"index, follow, max-snippet:-1, max-image-preview:large, max-video-preview:-1\" \/>\n<link rel=\"canonical\" href=\"https:\/\/www.kariyer.net\/kariyer-rehberi\/sozlesmeli-personele-yari-zamanli-calisma-duzenlemesi-yururluge-girdi\/\" \/>\n<meta property=\"og:locale\" content=\"tr_TR\" \/>\n<meta property=\"og:type\" content=\"article\" \/>\n<meta property=\"og:title\" content=\"S\u00f6zle\u015fmeli personele yar\u0131 zamanl\u0131 \u00e7al\u0131\u015fma hakk\u0131 y\u00fcr\u00fcrl\u00fc\u011fe girdi\" \/>\n<meta property=\"og:description\" content=\"Resmi Gazete\u2019de yay\u0131mlanan Cumhurba\u015fkan\u0131 karar\u0131yla s\u00f6zle\u015fmeli personelin \u00e7al\u0131\u015fma ko\u015fullar\u0131nda de\u011fi\u015fikli\u011fe gidildi. Devlet memurlar\u0131na tan\u0131nan do\u011fum ve\" \/>\n<meta property=\"og:url\" content=\"https:\/\/www.kariyer.net\/kariyer-rehberi\/sozlesmeli-personele-yari-zamanli-calisma-duzenlemesi-yururluge-girdi\/\" \/>\n<meta property=\"og:site_name\" content=\"Kariyer Rehberi\" \/>\n<meta property=\"article:published_time\" content=\"2026-01-22T09:59:54+00:00\" \/>\n<meta property=\"article:modified_time\" content=\"2026-01-22T10:05:46+00:00\" \/>\n<meta property=\"og:image\" content=\"https:\/\/www.kariyer.net\/kariyer-rehberi\/wp-content\/uploads\/2026\/01\/sozlesmeli_yari_zaman-calisma.jpg\" \/>\n\t<meta property=\"og:image:width\" content=\"900\" \/>\n\t<meta property=\"og:image:height\" content=\"600\" \/>\n\t<meta property=\"og:image:type\" content=\"image\/jpeg\" \/>\n<meta name=\"author\" content=\"Edit\u00f6r\" \/>\n<meta name=\"twitter:card\" content=\"summary_large_image\" \/>\n<meta name=\"twitter:label1\" content=\"Yazan:\" \/>\n\t<meta name=\"twitter:data1\" content=\"Edit\u00f6r\" \/>\n\t<meta name=\"twitter:label2\" content=\"Tahmini okuma s\u00fcresi\" \/>\n\t<meta name=\"twitter:data2\" content=\"2 dakika\" \/>\n<!-- \/ Yoast SEO Premium plugin. -->","yoast_head_json":{"title":"S\u00f6zle\u015fmeli personele yar\u0131 zamanl\u0131 \u00e7al\u0131\u015fma hakk\u0131 y\u00fcr\u00fcrl\u00fc\u011fe girdi","description":"Kamuda \u00e7al\u0131\u015fan personeli yak\u0131ndan ilgilendiren \"S\u00f6zle\u015fmeli Personel \u00c7al\u0131\u015ft\u0131r\u0131lmas\u0131na \u0130li\u015fkin Esaslar\"da de\u011fi\u015fikli\u011fe gidildi.","robots":{"index":"index","follow":"follow","max-snippet":"max-snippet:-1","max-image-preview":"max-image-preview:large","max-video-preview":"max-video-preview:-1"},"canonical":"https:\/\/www.kariyer.net\/kariyer-rehberi\/sozlesmeli-personele-yari-zamanli-calisma-duzenlemesi-yururluge-girdi\/","og_locale":"tr_TR","og_type":"article","og_title":"S\u00f6zle\u015fmeli personele yar\u0131 zamanl\u0131 \u00e7al\u0131\u015fma hakk\u0131 y\u00fcr\u00fcrl\u00fc\u011fe girdi","og_description":"Resmi Gazete\u2019de yay\u0131mlanan Cumhurba\u015fkan\u0131 karar\u0131yla s\u00f6zle\u015fmeli personelin \u00e7al\u0131\u015fma ko\u015fullar\u0131nda de\u011fi\u015fikli\u011fe gidildi. Devlet memurlar\u0131na tan\u0131nan do\u011fum ve","og_url":"https:\/\/www.kariyer.net\/kariyer-rehberi\/sozlesmeli-personele-yari-zamanli-calisma-duzenlemesi-yururluge-girdi\/","og_site_name":"Kariyer Rehberi","article_published_time":"2026-01-22T09:59:54+00:00","article_modified_time":"2026-01-22T10:05:46+00:00","og_image":[{"width":900,"height":600,"url":"https:\/\/www.kariyer.net\/kariyer-rehberi\/wp-content\/uploads\/2026\/01\/sozlesmeli_yari_zaman-calisma.jpg","type":"image\/jpeg"}],"author":"Edit\u00f6r","twitter_card":"summary_large_image","twitter_misc":{"Yazan:":"Edit\u00f6r","Tahmini okuma s\u00fcresi":"2 dakika"},"schema":{"@context":"https:\/\/schema.org","@graph":[{"@type":"Article","@id":"https:\/\/www.kariyer.net\/kariyer-rehberi\/sozlesmeli-personele-yari-zamanli-calisma-duzenlemesi-yururluge-girdi\/#article","isPartOf":{"@id":"https:\/\/www.kariyer.net\/kariyer-rehberi\/sozlesmeli-personele-yari-zamanli-calisma-duzenlemesi-yururluge-girdi\/"},"author":{"name":"Edit\u00f6r","@id":"https:\/\/www.kariyer.net\/kariyer-rehberi\/#\/schema\/person\/94fd6e49c7ff1b1b2565a2cc4fd685dd"},"headline":"S\u00f6zle\u015fmeli personele yar\u0131 zamanl\u0131 \u00e7al\u0131\u015fma hakk\u0131 y\u00fcr\u00fcrl\u00fc\u011fe girdi","datePublished":"2026-01-22T09:59:54+00:00","dateModified":"2026-01-22T10:05:46+00:00","mainEntityOfPage":{"@id":"https:\/\/www.kariyer.net\/kariyer-rehberi\/sozlesmeli-personele-yari-zamanli-calisma-duzenlemesi-yururluge-girdi\/"},"wordCount":335,"publisher":{"@id":"https:\/\/www.kariyer.net\/kariyer-rehberi\/#organization"},"image":{"@id":"https:\/\/www.kariyer.net\/kariyer-rehberi\/sozlesmeli-personele-yari-zamanli-calisma-duzenlemesi-yururluge-girdi\/#primaryimage"},"thumbnailUrl":"https:\/\/www.kariyer.net\/kariyer-rehberi\/wp-content\/uploads\/2026\/01\/sozlesmeli_yari_zaman-calisma.jpg","articleSection":["Kamuda Kariyer"],"inLanguage":"tr"},{"@type":"WebPage","@id":"https:\/\/www.kariyer.net\/kariyer-rehberi\/sozlesmeli-personele-yari-zamanli-calisma-duzenlemesi-yururluge-girdi\/","url":"https:\/\/www.kariyer.net\/kariyer-rehberi\/sozlesmeli-personele-yari-zamanli-calisma-duzenlemesi-yururluge-girdi\/","name":"S\u00f6zle\u015fmeli personele yar\u0131 zamanl\u0131 \u00e7al\u0131\u015fma hakk\u0131 y\u00fcr\u00fcrl\u00fc\u011fe girdi","isPartOf":{"@id":"https:\/\/www.kariyer.net\/kariyer-rehberi\/#website"},"primaryImageOfPage":{"@id":"https:\/\/www.kariyer.net\/kariyer-rehberi\/sozlesmeli-personele-yari-zamanli-calisma-duzenlemesi-yururluge-girdi\/#primaryimage"},"image":{"@id":"https:\/\/www.kariyer.net\/kariyer-rehberi\/sozlesmeli-personele-yari-zamanli-calisma-duzenlemesi-yururluge-girdi\/#primaryimage"},"thumbnailUrl":"https:\/\/www.kariyer.net\/kariyer-rehberi\/wp-content\/uploads\/2026\/01\/sozlesmeli_yari_zaman-calisma.jpg","datePublished":"2026-01-22T09:59:54+00:00","dateModified":"2026-01-22T10:05:46+00:00","description":"Kamuda \u00e7al\u0131\u015fan personeli yak\u0131ndan ilgilendiren \"S\u00f6zle\u015fmeli Personel \u00c7al\u0131\u015ft\u0131r\u0131lmas\u0131na \u0130li\u015fkin Esaslar\"da de\u011fi\u015fikli\u011fe gidildi.","breadcrumb":{"@id":"https:\/\/www.kariyer.net\/kariyer-rehberi\/sozlesmeli-personele-yari-zamanli-calisma-duzenlemesi-yururluge-girdi\/#breadcrumb"},"inLanguage":"tr","potentialAction":[{"@type":"ReadAction","target":["https:\/\/www.kariyer.net\/kariyer-rehberi\/sozlesmeli-personele-yari-zamanli-calisma-duzenlemesi-yururluge-girdi\/"]}]},{"@type":"ImageObject","inLanguage":"tr","@id":"https:\/\/www.kariyer.net\/kariyer-rehberi\/sozlesmeli-personele-yari-zamanli-calisma-duzenlemesi-yururluge-girdi\/#primaryimage","url":"https:\/\/www.kariyer.net\/kariyer-rehberi\/wp-content\/uploads\/2026\/01\/sozlesmeli_yari_zaman-calisma.jpg","contentUrl":"https:\/\/www.kariyer.net\/kariyer-rehberi\/wp-content\/uploads\/2026\/01\/sozlesmeli_yari_zaman-calisma.jpg","width":900,"height":600},{"@type":"BreadcrumbList","@id":"https:\/\/www.kariyer.net\/kariyer-rehberi\/sozlesmeli-personele-yari-zamanli-calisma-duzenlemesi-yururluge-girdi\/#breadcrumb","itemListElement":[{"@type":"ListItem","position":1,"name":"Anasayfa","item":"https:\/\/www.kariyer.net\/kariyer-rehberi\/"},{"@type":"ListItem","position":2,"name":"S\u00f6zle\u015fmeli personele yar\u0131 zamanl\u0131 \u00e7al\u0131\u015fma hakk\u0131 y\u00fcr\u00fcrl\u00fc\u011fe girdi"}]},{"@type":"WebSite","@id":"https:\/\/www.kariyer.net\/kariyer-rehberi\/#website","url":"https:\/\/www.kariyer.net\/kariyer-rehberi\/","name":"Kariyer Rehberi","description":"\u0130\u015f D\u00fcnyas\u0131yla \u0130lgili Bilmek \u0130stedi\u011finiz Her \u015eey","publisher":{"@id":"https:\/\/www.kariyer.net\/kariyer-rehberi\/#organization"},"potentialAction":[{"@type":"SearchAction","target":{"@type":"EntryPoint","urlTemplate":"https:\/\/www.kariyer.net\/kariyer-rehberi\/?s={search_term_string}"},"query-input":{"@type":"PropertyValueSpecification","valueRequired":true,"valueName":"search_term_string"}}],"inLanguage":"tr"},{"@type":"Organization","@id":"https:\/\/www.kariyer.net\/kariyer-rehberi\/#organization","name":"Kariyer.net","url":"https:\/\/www.kariyer.net\/kariyer-rehberi\/","logo":{"@type":"ImageObject","inLanguage":"tr","@id":"https:\/\/www.kariyer.net\/kariyer-rehberi\/#\/schema\/logo\/image\/","url":"https:\/\/www.kariyer.net\/kariyer-rehberi-new\/wp-content\/uploads\/2023\/01\/og-image11.jpg","contentUrl":"https:\/\/www.kariyer.net\/kariyer-rehberi-new\/wp-content\/uploads\/2023\/01\/og-image11.jpg","width":800,"height":800,"caption":"Kariyer.net"},"image":{"@id":"https:\/\/www.kariyer.net\/kariyer-rehberi\/#\/schema\/logo\/image\/"}},{"@type":"Person","@id":"https:\/\/www.kariyer.net\/kariyer-rehberi\/#\/schema\/person\/94fd6e49c7ff1b1b2565a2cc4fd685dd","name":"Edit\u00f6r","image":{"@type":"ImageObject","inLanguage":"tr","@id":"https:\/\/www.kariyer.net\/kariyer-rehberi\/#\/schema\/person\/image\/","url":"https:\/\/secure.gravatar.com\/avatar\/0c4fe6688343aed3693b15573beae12c08ace5565409d5ab7509bf9c115f458d?s=96&d=mm&r=g","contentUrl":"https:\/\/secure.gravatar.com\/avatar\/0c4fe6688343aed3693b15573beae12c08ace5565409d5ab7509bf9c115f458d?s=96&d=mm&r=g","caption":"Edit\u00f6r"},"url":"https:\/\/www.kariyer.net\/kariyer-rehberi\/author\/editor\/"}]}},"_links":{"self":[{"href":"https:\/\/www.kariyer.net\/kariyer-rehberi\/wp-json\/wp\/v2\/posts\/22760","targetHints":{"allow":["GET"]}}],"collection":[{"href":"https:\/\/www.kariyer.net\/kariyer-rehberi\/wp-json\/wp\/v2\/posts"}],"about":[{"href":"https:\/\/www.kariyer.net\/kariyer-rehberi\/wp-json\/wp\/v2\/types\/post"}],"author":[{"embeddable":true,"href":"https:\/\/www.kariyer.net\/kariyer-rehberi\/wp-json\/wp\/v2\/users\/12"}],"replies":[{"embeddable":true,"href":"https:\/\/www.kariyer.net\/kariyer-rehberi\/wp-json\/wp\/v2\/comments?post=22760"}],"version-history":[{"count":5,"href":"https:\/\/www.kariyer.net\/kariyer-rehberi\/wp-json\/wp\/v2\/posts\/22760\/revisions"}],"predecessor-version":[{"id":22766,"href":"https:\/\/www.kariyer.net\/kariyer-rehberi\/wp-json\/wp\/v2\/posts\/22760\/revisions\/22766"}],"wp:featuredmedia":[{"embeddable":true,"href":"https:\/\/www.kariyer.net\/kariyer-rehberi\/wp-json\/wp\/v2\/media\/22761"}],"wp:attachment":[{"href":"https:\/\/www.kariyer.net\/kariyer-rehberi\/wp-json\/wp\/v2\/media?parent=22760"}],"wp:term":[{"taxonomy":"category","embeddable":true,"href":"https:\/\/www.kariyer.net\/kariyer-rehberi\/wp-json\/wp\/v2\/categories?post=22760"},{"taxonomy":"post_tag","embeddable":true,"href":"https:\/\/www.kariyer.net\/kariyer-rehberi\/wp-json\/wp\/v2\/tags?post=22760"}],"curies":[{"name":"wp","href":"https:\/\/api.w.org\/{rel}","templated":true}]}}