{"id":22776,"date":"2026-01-27T15:45:52","date_gmt":"2026-01-27T12:45:52","guid":{"rendered":"https:\/\/www.kariyer.net\/kariyer-rehberi\/?p=22776"},"modified":"2026-01-27T15:45:52","modified_gmt":"2026-01-27T12:45:52","slug":"bir-penguen-yurudu-biz-neden-kendimizi-onda-gorduk","status":"publish","type":"post","link":"https:\/\/www.kariyer.net\/kariyer-rehberi\/bir-penguen-yurudu-biz-neden-kendimizi-onda-gorduk\/","title":{"rendered":"Bir penguen y\u00fcr\u00fcd\u00fc, biz neden kendimizi onda g\u00f6rd\u00fck?"},"content":{"rendered":"<p><strong>G\u00fcnl\u00fck hayat\u0131n i\u00e7inde bazen k\u00fc\u00e7\u00fck bir g\u00f6r\u00fcnt\u00fc, beklenmedik \u015fekilde b\u00fcy\u00fck bir kar\u015f\u0131l\u0131k bulur. Son g\u00fcnlerde sosyal medyada dola\u015f\u0131ma giren, s\u00fcr\u00fcden ayr\u0131l\u0131p ba\u015fka bir y\u00f6ne y\u00fcr\u00fcyen bir penguen de tam olarak b\u00f6yle bir etki yaratt\u0131. Peki, bu kadar sade bir an, neden bu kadar \u00e7ok insan\u0131n kendini durup d\u00fc\u015f\u00fcn\u00fcrken bulmas\u0131na yol a\u00e7t\u0131?<\/strong><\/p>\n<h2><strong>Belki de penguen sadece y\u00fcr\u00fcyordu<\/strong><\/h2>\n<p>G\u00f6r\u00fcnt\u00fc basitti. Bir penguen s\u00fcr\u00fcden ayr\u0131ld\u0131 ve ba\u015fka bir y\u00f6ne do\u011fru y\u00fcr\u00fcd\u00fc. Ne bir a\u00e7\u0131klama vard\u0131 ne de bir ba\u011flam, ama sosyal medyada bu y\u00fcr\u00fcy\u00fc\u015f, k\u0131sa s\u00fcrede bir metafora d\u00f6n\u00fc\u015ft\u00fc. T\u00fckenmi\u015flik dendi, kopu\u015f dendi, \u00f6zg\u00fcrl\u00fck dendi. Sanki herkes, o birka\u00e7 ad\u0131m\u0131n i\u00e7ine kendi ruh h\u00e2linden bir anlam b\u0131rakm\u0131\u015f gibiydi.<\/p>\n<p data-start=\"1061\" data-end=\"1407\">Belki de belirsiz g\u00f6r\u00fcnt\u00fclerle kar\u015f\u0131la\u015ft\u0131\u011f\u0131m\u0131zda onlar\u0131 oldu\u011fu gibi b\u0131rakmay\u0131 tercih etmiyor, bo\u015fluk g\u00f6rd\u00fc\u011f\u00fcm\u00fcz yerlere hik\u00e2ye koymay\u0131 seviyoruzdur; ya da uzun zamand\u0131r kendimize ait baz\u0131 duygular\u0131 do\u011frudan konu\u015fmak yerine, dolayl\u0131 anlat\u0131lar\u0131n arkas\u0131na saklan\u0131yoruzdur. Bu penguen de tam olarak bu y\u00fczden bu kadar tan\u0131d\u0131k gelmi\u015f olabilir.<\/p>\n<h2><strong>T\u00fckenmi\u015flik mi, kopu\u015f mu?<\/strong><\/h2>\n<p>Bug\u00fcn bir\u00e7ok insan, <strong>fiziksel olarak bir yerde dururken zihnen ba\u015fka bir y\u00f6ne bak\u0131yor<\/strong>. G\u00fcnler ilerliyor, i\u015fler yap\u0131l\u0131yor, sorumluluklar yerine getiriliyor, ama i\u00e7ten i\u00e7e bir mesafe hissi olu\u015fuyor. Ne tam bir kopu\u015f ne de g\u00fc\u00e7l\u00fc bir aidiyet. Daha \u00e7ok, \u201cdevam ediyorum ama ba\u011f\u0131m eskisi gibi de\u011fil\u201d h\u00e2li.<\/p>\n<p data-start=\"1743\" data-end=\"1949\">Penguenin yaln\u0131z y\u00fcr\u00fcy\u00fc\u015f\u00fc, belki de bu gri alan\u0131 g\u00f6r\u00fcn\u00fcr k\u0131ld\u0131. Ne dramatik bir ka\u00e7\u0131\u015f ne de net bir var\u0131\u015f. Sadece s\u00fcr\u00fcden biraz uzakla\u015fmak. Belki de bu y\u00fczden herkes, bu g\u00f6r\u00fcnt\u00fcde kendine ait bir \u015fey buldu.<\/p>\n<h2><strong data-start=\"1955\" data-end=\"2005\">Bu bir bilimsel vaka de\u011fil, bir yans\u0131tma alan\u0131<\/strong><\/h2>\n<p>\u201cNihilist penguen\u201d denilen \u015fey, bilimsel bir a\u00e7\u0131klamadan \u00e7ok, ortak bir yans\u0131tma alan\u0131na d\u00f6n\u00fc\u015ft\u00fc. <strong>Kimi bu y\u00fcr\u00fcy\u00fc\u015fte vazge\u00e7i\u015f g\u00f6rd\u00fc, kimi cesaret, kimi de sessiz bir ba\u015fkald\u0131r\u0131.<\/strong> Ortada net bir anlam yoktu, ama tam da bu belirsizlik, herkesin kendi duygusunu yerle\u015ftirmesine alan a\u00e7t\u0131. Penguen bir \u015fey anlatm\u0131yordu belki ama biz, onun \u00fczerinden kendimize bak\u0131yorduk&#8230;<\/p>\n<h2><strong data-start=\"2377\" data-end=\"2429\">Neden kendimizi onaylam\u0131yoruz?<\/strong><\/h2>\n<p>G\u00f6r\u00fcnt\u00fcn\u00fcn bu kadar yank\u0131 bulmas\u0131n\u0131n nedeni, penguenin nereye gitti\u011fi de\u011fil. O sadece y\u00fcr\u00fcyor. As\u0131l dikkat \u00e7eken, bu sade hareketin bizde uyand\u0131rd\u0131\u011f\u0131 \u00e7a\u011fr\u0131\u015f\u0131mlar. \u00c7\u00fcnk\u00fc biz, \u00e7o\u011fu zaman yerimizden bile k\u0131p\u0131rdamadan kendimizi a\u00e7\u0131klamak, gerek\u00e7elendirmek ve onaylatmak zorunda hissediyoruz. <strong>Yoruldu\u011fumuzu s\u00f6ylemek i\u00e7in ge\u00e7erli bir sebep, durmak i\u00e7in makul bir gerek\u00e7e, kopmak i\u00e7in g\u00fc\u00e7l\u00fc bir hik\u00e2ye ar\u0131yoruz<\/strong>. Kendimizi onaylamak yerine, \u00e7o\u011fu zaman ba\u015fkalar\u0131n\u0131n bunu yapmas\u0131n\u0131 bekliyoruz. O onay gelmedi\u011finde de hissettiklerimizi ask\u0131ya al\u0131yoruz.<\/p>\n<p data-start=\"3375\" data-end=\"3477\">Belki bu y\u00fczden, hi\u00e7bir \u015fey s\u00f6ylemeyen bir penguenin y\u00fcr\u00fcy\u00fc\u015f\u00fc bu kadar \u00e7ok \u015fey s\u00f6yl\u00fcyormu\u015f gibi geldi.<\/p>\n<p>Ne dersiniz?<\/p>\n<!-- templates\/buttons-placeholder.php -->\n<div class=\"da-reactions-outer TpostID22776\">\n\t    <div class=\"da-reactions-data da-reactions-container-async center\"\n         data-type=\"post\"\n         data-id=\"22776\"\n         id=\"da-reactions-slot-post-22776\">\n        <div class=\"da-reactions-static\">\n\t\t\t<img src=\"https:\/\/www.kariyer.net\/kariyer-rehberi\/wp-content\/plugins\/da-reactions\/assets\/dist\/loading.svg\" alt=\"Loading spinner\" width=\"48\" height=\"48\" style=\"width:48px\" \/>\n        <\/div>\n    <\/div>\n<\/div>\n","protected":false},"excerpt":{"rendered":"<p>G\u00fcnl\u00fck hayat\u0131n i\u00e7inde bazen k\u00fc\u00e7\u00fck bir g\u00f6r\u00fcnt\u00fc, beklenmedik \u015fekilde b\u00fcy\u00fck bir kar\u015f\u0131l\u0131k bulur. Son g\u00fcnlerde sosyal medyada dola\u015f\u0131ma giren, s\u00fcr\u00fcden ayr\u0131l\u0131p ba\u015fka bir y\u00f6ne y\u00fcr\u00fcyen bir penguen de tam olarak b\u00f6yle bir etki yaratt\u0131. Peki, bu kadar sade bir an, neden bu kadar \u00e7ok insan\u0131n kendini durup d\u00fc\u015f\u00fcn\u00fcrken bulmas\u0131na yol a\u00e7t\u0131? Belki de penguen sadece [&hellip;]<\/p>\n<!-- templates\/buttons-placeholder.php -->\n<div class=\"da-reactions-outer TpostID22776\">\n\t    <div class=\"da-reactions-data da-reactions-container-async center\"\n         data-type=\"post\"\n         data-id=\"22776\"\n         id=\"da-reactions-slot-post-22776\">\n        <div class=\"da-reactions-static\">\n\t\t\t<img src=\"https:\/\/www.kariyer.net\/kariyer-rehberi\/wp-content\/plugins\/da-reactions\/assets\/dist\/loading.svg\" alt=\"Loading spinner\" width=\"48\" height=\"48\" style=\"width:48px\" \/>\n        <\/div>\n    <\/div>\n<\/div>\n","protected":false},"author":29,"featured_media":22777,"comment_status":"closed","ping_status":"open","sticky":false,"template":"","format":"standard","meta":{"footnotes":"","_elementor_edit_mode":"","_elementor_template_type":"","_elementor_data":"","_elementor_page_settings":null,"_elementor_conditions":[]},"categories":[2214],"tags":[],"class_list":{"0":"post-22776","1":"post","2":"type-post","3":"status-publish","4":"format-standard","5":"has-post-thumbnail","7":"category-yasam"},"yoast_head":"<!-- This site is optimized with the Yoast SEO Premium plugin v21.4 (Yoast SEO v27.0) - https:\/\/yoast.com\/product\/yoast-seo-premium-wordpress\/ -->\n<title>Bir penguen y\u00fcr\u00fcd\u00fc, biz neden kendimizi onda g\u00f6rd\u00fck?<\/title>\n<meta name=\"description\" content=\"Son g\u00fcnlerde sosyal medyada dola\u015f\u0131ma giren, s\u00fcr\u00fcden ayr\u0131l\u0131p ba\u015fka bir y\u00f6ne y\u00fcr\u00fcyen bir penguen de tam olarak b\u00f6yle bir etki yaratt\u0131.\" \/>\n<meta name=\"robots\" content=\"index, follow, max-snippet:-1, max-image-preview:large, max-video-preview:-1\" \/>\n<link rel=\"canonical\" href=\"https:\/\/www.kariyer.net\/kariyer-rehberi\/bir-penguen-yurudu-biz-neden-kendimizi-onda-gorduk\/\" \/>\n<meta property=\"og:locale\" content=\"tr_TR\" \/>\n<meta property=\"og:type\" content=\"article\" \/>\n<meta property=\"og:title\" content=\"Bir penguen y\u00fcr\u00fcd\u00fc, biz neden kendimizi onda g\u00f6rd\u00fck?\" \/>\n<meta property=\"og:description\" content=\"G\u00fcnl\u00fck hayat\u0131n i\u00e7inde bazen k\u00fc\u00e7\u00fck bir g\u00f6r\u00fcnt\u00fc, beklenmedik \u015fekilde b\u00fcy\u00fck bir kar\u015f\u0131l\u0131k bulur. Son g\u00fcnlerde sosyal medyada dola\u015f\u0131ma giren, s\u00fcr\u00fcden ayr\u0131l\u0131p\" \/>\n<meta property=\"og:url\" content=\"https:\/\/www.kariyer.net\/kariyer-rehberi\/bir-penguen-yurudu-biz-neden-kendimizi-onda-gorduk\/\" \/>\n<meta property=\"og:site_name\" content=\"Kariyer Rehberi\" \/>\n<meta property=\"article:published_time\" content=\"2026-01-27T12:45:52+00:00\" \/>\n<meta property=\"og:image\" content=\"https:\/\/www.kariyer.net\/kariyer-rehberi\/wp-content\/uploads\/2026\/01\/nihilist_penguen.jpg\" \/>\n\t<meta property=\"og:image:width\" content=\"900\" \/>\n\t<meta property=\"og:image:height\" content=\"600\" \/>\n\t<meta property=\"og:image:type\" content=\"image\/jpeg\" \/>\n<meta name=\"author\" content=\"\u00d6zden Y\u0131lmaz\" \/>\n<meta name=\"twitter:card\" content=\"summary_large_image\" \/>\n<meta name=\"twitter:label1\" content=\"Yazan:\" \/>\n\t<meta name=\"twitter:data1\" content=\"\u00d6zden Y\u0131lmaz\" \/>\n\t<meta name=\"twitter:label2\" content=\"Tahmini okuma s\u00fcresi\" \/>\n\t<meta name=\"twitter:data2\" content=\"3 dakika\" \/>\n<!-- \/ Yoast SEO Premium plugin. -->","yoast_head_json":{"title":"Bir penguen y\u00fcr\u00fcd\u00fc, biz neden kendimizi onda g\u00f6rd\u00fck?","description":"Son g\u00fcnlerde sosyal medyada dola\u015f\u0131ma giren, s\u00fcr\u00fcden ayr\u0131l\u0131p ba\u015fka bir y\u00f6ne y\u00fcr\u00fcyen bir penguen de tam olarak b\u00f6yle bir etki yaratt\u0131.","robots":{"index":"index","follow":"follow","max-snippet":"max-snippet:-1","max-image-preview":"max-image-preview:large","max-video-preview":"max-video-preview:-1"},"canonical":"https:\/\/www.kariyer.net\/kariyer-rehberi\/bir-penguen-yurudu-biz-neden-kendimizi-onda-gorduk\/","og_locale":"tr_TR","og_type":"article","og_title":"Bir penguen y\u00fcr\u00fcd\u00fc, biz neden kendimizi onda g\u00f6rd\u00fck?","og_description":"G\u00fcnl\u00fck hayat\u0131n i\u00e7inde bazen k\u00fc\u00e7\u00fck bir g\u00f6r\u00fcnt\u00fc, beklenmedik \u015fekilde b\u00fcy\u00fck bir kar\u015f\u0131l\u0131k bulur. Son g\u00fcnlerde sosyal medyada dola\u015f\u0131ma giren, s\u00fcr\u00fcden ayr\u0131l\u0131p","og_url":"https:\/\/www.kariyer.net\/kariyer-rehberi\/bir-penguen-yurudu-biz-neden-kendimizi-onda-gorduk\/","og_site_name":"Kariyer Rehberi","article_published_time":"2026-01-27T12:45:52+00:00","og_image":[{"width":900,"height":600,"url":"https:\/\/www.kariyer.net\/kariyer-rehberi\/wp-content\/uploads\/2026\/01\/nihilist_penguen.jpg","type":"image\/jpeg"}],"author":"\u00d6zden Y\u0131lmaz","twitter_card":"summary_large_image","twitter_misc":{"Yazan:":"\u00d6zden Y\u0131lmaz","Tahmini okuma s\u00fcresi":"3 dakika"},"schema":{"@context":"https:\/\/schema.org","@graph":[{"@type":"Article","@id":"https:\/\/www.kariyer.net\/kariyer-rehberi\/bir-penguen-yurudu-biz-neden-kendimizi-onda-gorduk\/#article","isPartOf":{"@id":"https:\/\/www.kariyer.net\/kariyer-rehberi\/bir-penguen-yurudu-biz-neden-kendimizi-onda-gorduk\/"},"author":{"name":"\u00d6zden Y\u0131lmaz","@id":"https:\/\/www.kariyer.net\/kariyer-rehberi\/#\/schema\/person\/71c4f71ffd069a4c47a69e85a0e09215"},"headline":"Bir penguen y\u00fcr\u00fcd\u00fc, biz neden kendimizi onda g\u00f6rd\u00fck?","datePublished":"2026-01-27T12:45:52+00:00","mainEntityOfPage":{"@id":"https:\/\/www.kariyer.net\/kariyer-rehberi\/bir-penguen-yurudu-biz-neden-kendimizi-onda-gorduk\/"},"wordCount":571,"publisher":{"@id":"https:\/\/www.kariyer.net\/kariyer-rehberi\/#organization"},"image":{"@id":"https:\/\/www.kariyer.net\/kariyer-rehberi\/bir-penguen-yurudu-biz-neden-kendimizi-onda-gorduk\/#primaryimage"},"thumbnailUrl":"https:\/\/www.kariyer.net\/kariyer-rehberi\/wp-content\/uploads\/2026\/01\/nihilist_penguen.jpg","articleSection":["Ya\u015fam"],"inLanguage":"tr"},{"@type":"WebPage","@id":"https:\/\/www.kariyer.net\/kariyer-rehberi\/bir-penguen-yurudu-biz-neden-kendimizi-onda-gorduk\/","url":"https:\/\/www.kariyer.net\/kariyer-rehberi\/bir-penguen-yurudu-biz-neden-kendimizi-onda-gorduk\/","name":"Bir penguen y\u00fcr\u00fcd\u00fc, biz neden kendimizi onda g\u00f6rd\u00fck?","isPartOf":{"@id":"https:\/\/www.kariyer.net\/kariyer-rehberi\/#website"},"primaryImageOfPage":{"@id":"https:\/\/www.kariyer.net\/kariyer-rehberi\/bir-penguen-yurudu-biz-neden-kendimizi-onda-gorduk\/#primaryimage"},"image":{"@id":"https:\/\/www.kariyer.net\/kariyer-rehberi\/bir-penguen-yurudu-biz-neden-kendimizi-onda-gorduk\/#primaryimage"},"thumbnailUrl":"https:\/\/www.kariyer.net\/kariyer-rehberi\/wp-content\/uploads\/2026\/01\/nihilist_penguen.jpg","datePublished":"2026-01-27T12:45:52+00:00","description":"Son g\u00fcnlerde sosyal medyada dola\u015f\u0131ma giren, s\u00fcr\u00fcden ayr\u0131l\u0131p ba\u015fka bir y\u00f6ne y\u00fcr\u00fcyen bir penguen de tam olarak b\u00f6yle bir etki yaratt\u0131.","breadcrumb":{"@id":"https:\/\/www.kariyer.net\/kariyer-rehberi\/bir-penguen-yurudu-biz-neden-kendimizi-onda-gorduk\/#breadcrumb"},"inLanguage":"tr","potentialAction":[{"@type":"ReadAction","target":["https:\/\/www.kariyer.net\/kariyer-rehberi\/bir-penguen-yurudu-biz-neden-kendimizi-onda-gorduk\/"]}]},{"@type":"ImageObject","inLanguage":"tr","@id":"https:\/\/www.kariyer.net\/kariyer-rehberi\/bir-penguen-yurudu-biz-neden-kendimizi-onda-gorduk\/#primaryimage","url":"https:\/\/www.kariyer.net\/kariyer-rehberi\/wp-content\/uploads\/2026\/01\/nihilist_penguen.jpg","contentUrl":"https:\/\/www.kariyer.net\/kariyer-rehberi\/wp-content\/uploads\/2026\/01\/nihilist_penguen.jpg","width":900,"height":600},{"@type":"BreadcrumbList","@id":"https:\/\/www.kariyer.net\/kariyer-rehberi\/bir-penguen-yurudu-biz-neden-kendimizi-onda-gorduk\/#breadcrumb","itemListElement":[{"@type":"ListItem","position":1,"name":"Anasayfa","item":"https:\/\/www.kariyer.net\/kariyer-rehberi\/"},{"@type":"ListItem","position":2,"name":"Bir penguen y\u00fcr\u00fcd\u00fc, biz neden kendimizi onda g\u00f6rd\u00fck?"}]},{"@type":"WebSite","@id":"https:\/\/www.kariyer.net\/kariyer-rehberi\/#website","url":"https:\/\/www.kariyer.net\/kariyer-rehberi\/","name":"Kariyer Rehberi","description":"\u0130\u015f D\u00fcnyas\u0131yla \u0130lgili Bilmek \u0130stedi\u011finiz Her \u015eey","publisher":{"@id":"https:\/\/www.kariyer.net\/kariyer-rehberi\/#organization"},"potentialAction":[{"@type":"SearchAction","target":{"@type":"EntryPoint","urlTemplate":"https:\/\/www.kariyer.net\/kariyer-rehberi\/?s={search_term_string}"},"query-input":{"@type":"PropertyValueSpecification","valueRequired":true,"valueName":"search_term_string"}}],"inLanguage":"tr"},{"@type":"Organization","@id":"https:\/\/www.kariyer.net\/kariyer-rehberi\/#organization","name":"Kariyer.net","url":"https:\/\/www.kariyer.net\/kariyer-rehberi\/","logo":{"@type":"ImageObject","inLanguage":"tr","@id":"https:\/\/www.kariyer.net\/kariyer-rehberi\/#\/schema\/logo\/image\/","url":"https:\/\/www.kariyer.net\/kariyer-rehberi-new\/wp-content\/uploads\/2023\/01\/og-image11.jpg","contentUrl":"https:\/\/www.kariyer.net\/kariyer-rehberi-new\/wp-content\/uploads\/2023\/01\/og-image11.jpg","width":800,"height":800,"caption":"Kariyer.net"},"image":{"@id":"https:\/\/www.kariyer.net\/kariyer-rehberi\/#\/schema\/logo\/image\/"}},{"@type":"Person","@id":"https:\/\/www.kariyer.net\/kariyer-rehberi\/#\/schema\/person\/71c4f71ffd069a4c47a69e85a0e09215","name":"\u00d6zden Y\u0131lmaz","image":{"@type":"ImageObject","inLanguage":"tr","@id":"https:\/\/www.kariyer.net\/kariyer-rehberi\/#\/schema\/person\/image\/","url":"https:\/\/secure.gravatar.com\/avatar\/776750a3e7166486a1e43527c51a8f7088279a624700d0e81666f27a714cbbc2?s=96&d=mm&r=g","contentUrl":"https:\/\/secure.gravatar.com\/avatar\/776750a3e7166486a1e43527c51a8f7088279a624700d0e81666f27a714cbbc2?s=96&d=mm&r=g","caption":"\u00d6zden Y\u0131lmaz"},"description":"Kocaeli \u00dcniversitesi \u0130leti\u015fim Fak\u00fcltesi mezunu olan \u00d6zden, Bilgi \u00dcniversitesi\u2019nde \u0130nteraktif Pazarlama alan\u0131nda y\u00fcksek lisans yapm\u0131\u015ft\u0131r. Lisans \u00f6\u011freniminin ilk y\u0131llar\u0131nda TRT Haber\u2019de asistan muhabirlik yaparak meslek hayat\u0131na ba\u015flam\u0131\u015ft\u0131r. Mezun olduktan sonra farkl\u0131 d\u00f6nemlerde TV8 Haber ve Cem TV\u2019de; yap\u0131mc\u0131, y\u00f6netmen ve edit\u00f6r olarak g\u00f6rev alm\u0131\u015ft\u0131r. Dijital d\u00fcnyadaki geli\u015fmelerle birlikte editoryal deneyimini online platformlara ta\u015f\u0131m\u0131\u015f, Markafoni\u2019de ve Mudo\u2019da i\u00e7erik edit\u00f6rl\u00fc\u011f\u00fc yapm\u0131\u015ft\u0131r. Kurumsal markalar i\u00e7in freelance SEO edit\u00f6rl\u00fc\u011f\u00fc de yapan \u00d6zden, 2018 y\u0131l\u0131 itibar\u0131yla kariyerine, Kariyer.net i\u00e7erik edit\u00f6r\u00fc olarak devam etmekte ve online\/offline i\u00e7erik \u00fcretmektedir.","url":"https:\/\/www.kariyer.net\/kariyer-rehberi\/author\/ozdenyilmaz\/"}]}},"_links":{"self":[{"href":"https:\/\/www.kariyer.net\/kariyer-rehberi\/wp-json\/wp\/v2\/posts\/22776","targetHints":{"allow":["GET"]}}],"collection":[{"href":"https:\/\/www.kariyer.net\/kariyer-rehberi\/wp-json\/wp\/v2\/posts"}],"about":[{"href":"https:\/\/www.kariyer.net\/kariyer-rehberi\/wp-json\/wp\/v2\/types\/post"}],"author":[{"embeddable":true,"href":"https:\/\/www.kariyer.net\/kariyer-rehberi\/wp-json\/wp\/v2\/users\/29"}],"replies":[{"embeddable":true,"href":"https:\/\/www.kariyer.net\/kariyer-rehberi\/wp-json\/wp\/v2\/comments?post=22776"}],"version-history":[{"count":1,"href":"https:\/\/www.kariyer.net\/kariyer-rehberi\/wp-json\/wp\/v2\/posts\/22776\/revisions"}],"predecessor-version":[{"id":22778,"href":"https:\/\/www.kariyer.net\/kariyer-rehberi\/wp-json\/wp\/v2\/posts\/22776\/revisions\/22778"}],"wp:featuredmedia":[{"embeddable":true,"href":"https:\/\/www.kariyer.net\/kariyer-rehberi\/wp-json\/wp\/v2\/media\/22777"}],"wp:attachment":[{"href":"https:\/\/www.kariyer.net\/kariyer-rehberi\/wp-json\/wp\/v2\/media?parent=22776"}],"wp:term":[{"taxonomy":"category","embeddable":true,"href":"https:\/\/www.kariyer.net\/kariyer-rehberi\/wp-json\/wp\/v2\/categories?post=22776"},{"taxonomy":"post_tag","embeddable":true,"href":"https:\/\/www.kariyer.net\/kariyer-rehberi\/wp-json\/wp\/v2\/tags?post=22776"}],"curies":[{"name":"wp","href":"https:\/\/api.w.org\/{rel}","templated":true}]}}