{"id":22783,"date":"2026-01-29T08:00:53","date_gmt":"2026-01-29T05:00:53","guid":{"rendered":"https:\/\/www.kariyer.net\/kariyer-rehberi\/?p=22783"},"modified":"2026-01-29T22:33:47","modified_gmt":"2026-01-29T19:33:47","slug":"isten-cikarildiginda-hayat-nasil-yeniden-dengelenir","status":"publish","type":"post","link":"https:\/\/www.kariyer.net\/kariyer-rehberi\/isten-cikarildiginda-hayat-nasil-yeniden-dengelenir\/","title":{"rendered":"\u0130\u015ften \u00e7\u0131kar\u0131ld\u0131\u011f\u0131nda hayat nas\u0131l yeniden dengelenir?"},"content":{"rendered":"<p><strong>\u0130\u015ften \u00e7\u0131kar\u0131lmak yaln\u0131zca bir pozisyonu kaybetmek de\u011fil g\u00fcnl\u00fck d\u00fczenin, al\u0131\u015fkanl\u0131klar\u0131n ve hatta kendine dair alg\u0131n\u0131n da sars\u0131lmas\u0131 anlam\u0131na gelir. Bu d\u00f6nemde her \u015feyi h\u0131zla toparlaman beklenmemeli, ama ya\u015fam tarz\u0131ndaki dengeyi korumak, yeni ad\u0131mlar i\u00e7in zihinsel alan a\u00e7ar. Bunu nas\u0131l yapabilece\u011fine dair \u00f6nerilerimizi yaz\u0131m\u0131zda payla\u015ft\u0131k!<\/strong><\/p>\n<h2><strong>\u0130\u015ften \u00e7\u0131kar\u0131ld\u0131ktan sonra g\u00fcnl\u00fck rutini tamamen da\u011f\u0131tmamak<\/strong><\/h2>\n<p>\u0130\u015fe gitme zorunlulu\u011fu ortadan kalkt\u0131\u011f\u0131nda g\u00fcnl\u00fck d\u00fczeninin bozulmas\u0131 \u00e7ok do\u011fal. \u0130lk g\u00fcnlerde bu \u00f6zg\u00fcrl\u00fck iyi hissettirse de zamanla belirsizlik duygusu a\u011f\u0131rla\u015fabilir. Kat\u0131 programlar yapmak zorunda de\u011filsin; ancak g\u00fcne ba\u015flama saatini, yemek zamanlar\u0131n\u0131 ve g\u00fcn\u00fc kapatma rit\u00fcelini korumak, kontrol hissini yeniden kurmana yard\u0131mc\u0131 olur. K\u00fc\u00e7\u00fck bir yap\u0131, b\u00fcy\u00fck bir zihinsel rahatlama sa\u011flar.<\/p>\n<h2><strong>\u0130\u015ften \u00e7\u0131kar\u0131lmay\u0131 t\u00fcm g\u00fcn\u00fcn merkezine koymamak<\/strong><\/h2>\n<p>Yeni bir i\u015f aramak \u00f6nemli; fakat g\u00fcn\u00fcn her saatini ilanlara bakarak ge\u00e7irmek fark etmeden y\u0131prat\u0131c\u0131 olabilir. \u0130\u015ften \u00e7\u0131kar\u0131lma deneyimi zaten zihninde yer kapl\u0131yorken, t\u00fcm g\u00fcn\u00fc bunun etraf\u0131nda d\u00f6nd\u00fcrmek stresi art\u0131r\u0131r.<\/p>\n<p>\u0130\u015f aramaya belirli zaman bloklar\u0131 ay\u0131rmak; kalan zamanda spor, okuma, \u00f6\u011frenme ya da sosyal temas gibi alanlara yer a\u00e7mak, hem motivasyonunu hem de enerjini korur.<\/p>\n<h2><strong>Kendini \u201cbo\u015fta\u201d hissetti\u011fin anlar\u0131 yeniden tan\u0131mlamak<\/strong><\/h2>\n<p>\u00c7al\u0131\u015fmad\u0131\u011f\u0131n bu d\u00f6nem, zihninde kolayca \u201cverimsizlik\u201d etiketiyle an\u0131labilir. Oysa bu s\u00fcre\u00e7, uzun s\u00fcredir erteledi\u011fin \u015feyleri yapmak i\u00e7in nadir bir f\u0131rsat da sunar.<\/p>\n<p>Kendine \u015fu soruyu sormak i\u015fe yarar:<br \/>\n<em>Bu tempoda \u00e7al\u0131\u015f\u0131rken hangi ihtiya\u00e7lar\u0131m\u0131 g\u00f6rmezden geliyordum?<\/em><br \/>\nBu soruya verilen d\u00fcr\u00fcst yan\u0131tlar, sadece bir sonraki i\u015fi de\u011fil, nas\u0131l bir hayat istedi\u011fini de netle\u015ftirir.<\/p>\n<h2><strong>\u0130\u015ften \u00e7\u0131kar\u0131lmay\u0131 ki\u015fisel ba\u015far\u0131s\u0131zl\u0131k gibi okumamak<\/strong><\/h2>\n<p>\u0130\u015ften \u00e7\u0131kar\u0131lmak \u00e7o\u011fu zaman bireysel performanstan \u00e7ok organizasyonel kararlar\u0131n, ekonomik ko\u015fullar\u0131n ya da yap\u0131sal de\u011fi\u015fimlerin sonucudur. Buna ra\u011fmen zihin, kontrol\u00fc ele almak i\u00e7in su\u00e7u kendine y\u00fcklemeye meyillidir. Bu noktada \u00f6nemli olan, ya\u015fanan\u0131 kimli\u011finin tamam\u0131na yaymamak. Bir i\u015ften ayr\u0131lm\u0131\u015f olman, de\u011ferinin ya da yetkinli\u011finin azald\u0131\u011f\u0131 anlam\u0131na gelmez. Bu ayr\u0131m\u0131 netle\u015ftirmek, duygusal dengeyi koruman\u0131n temel ad\u0131mlar\u0131ndan biridir.<\/p>\n<p>Zaman iki \u015fey i\u00e7in i\u015fler: Sonlar ve ba\u015flang\u0131\u00e7lar!<\/p>\n<p>Bug\u00fcn burada biten \u015fey bir yaz\u0131dan fazlas\u0131 olabilir; ancak ba\u015flayan \u015fey muhtemelen i\u00e7imizde uzun zamand\u0131r bekleyen bir hareketin ilk ad\u0131mlar\u0131..&#x1f64b;&#x1f3fb;&#x200d;&#x2640;&#xfe0f;<\/p>\n<!-- templates\/buttons-placeholder.php -->\n<div class=\"da-reactions-outer TpostID22783\">\n\t    <div class=\"da-reactions-data da-reactions-container-async center\"\n         data-type=\"post\"\n         data-id=\"22783\"\n         id=\"da-reactions-slot-post-22783\">\n        <div class=\"da-reactions-static\">\n\t\t\t<img src=\"https:\/\/www.kariyer.net\/kariyer-rehberi\/wp-content\/plugins\/da-reactions\/assets\/dist\/loading.svg\" alt=\"Loading spinner\" width=\"48\" height=\"48\" style=\"width:48px\" \/>\n        <\/div>\n    <\/div>\n<\/div>\n","protected":false},"excerpt":{"rendered":"<p>\u0130\u015ften \u00e7\u0131kar\u0131lmak yaln\u0131zca bir pozisyonu kaybetmek de\u011fil g\u00fcnl\u00fck d\u00fczenin, al\u0131\u015fkanl\u0131klar\u0131n ve hatta kendine dair alg\u0131n\u0131n da sars\u0131lmas\u0131 anlam\u0131na gelir. Bu d\u00f6nemde her \u015feyi h\u0131zla toparlaman beklenmemeli, ama ya\u015fam tarz\u0131ndaki dengeyi korumak, yeni ad\u0131mlar i\u00e7in zihinsel alan a\u00e7ar. Bunu nas\u0131l yapabilece\u011fine dair \u00f6nerilerimizi yaz\u0131m\u0131zda payla\u015ft\u0131k! \u0130\u015ften \u00e7\u0131kar\u0131ld\u0131ktan sonra g\u00fcnl\u00fck rutini tamamen da\u011f\u0131tmamak \u0130\u015fe gitme zorunlulu\u011fu ortadan [&hellip;]<\/p>\n<!-- templates\/buttons-placeholder.php -->\n<div class=\"da-reactions-outer TpostID22783\">\n\t    <div class=\"da-reactions-data da-reactions-container-async center\"\n         data-type=\"post\"\n         data-id=\"22783\"\n         id=\"da-reactions-slot-post-22783\">\n        <div class=\"da-reactions-static\">\n\t\t\t<img src=\"https:\/\/www.kariyer.net\/kariyer-rehberi\/wp-content\/plugins\/da-reactions\/assets\/dist\/loading.svg\" alt=\"Loading spinner\" width=\"48\" height=\"48\" style=\"width:48px\" \/>\n        <\/div>\n    <\/div>\n<\/div>\n","protected":false},"author":12,"featured_media":22784,"comment_status":"closed","ping_status":"open","sticky":false,"template":"","format":"standard","meta":{"footnotes":"","_elementor_edit_mode":"","_elementor_template_type":"","_elementor_data":"","_elementor_page_settings":null,"_elementor_conditions":[]},"categories":[41],"tags":[2235,2234,2225],"class_list":{"0":"post-22783","1":"post","2":"type-post","3":"status-publish","4":"format-standard","5":"has-post-thumbnail","7":"category-issizlik-donemi","8":"tag-issizlik-donemi","9":"tag-kariyer-zorluklari-ve-psikoloji","10":"tag-tum-kitle"},"yoast_head":"<!-- This site is optimized with the Yoast SEO Premium plugin v21.4 (Yoast SEO v27.0) - https:\/\/yoast.com\/product\/yoast-seo-premium-wordpress\/ -->\n<title>\u0130\u015ften \u00e7\u0131kar\u0131ld\u0131\u011f\u0131nda hayat nas\u0131l yeniden dengelenir?<\/title>\n<meta name=\"description\" content=\"\u0130\u015ften \u00e7\u0131kar\u0131lmak g\u00fcnl\u00fck d\u00fczenin, al\u0131\u015fkanl\u0131klar\u0131n ve hatta kendine dair alg\u0131n\u0131n da sars\u0131lmas\u0131 anlam\u0131na gelir.\" \/>\n<meta name=\"robots\" content=\"index, follow, max-snippet:-1, max-image-preview:large, max-video-preview:-1\" \/>\n<link rel=\"canonical\" href=\"https:\/\/www.kariyer.net\/kariyer-rehberi\/isten-cikarildiginda-hayat-nasil-yeniden-dengelenir\/\" \/>\n<meta property=\"og:locale\" content=\"tr_TR\" \/>\n<meta property=\"og:type\" content=\"article\" \/>\n<meta property=\"og:title\" content=\"\u0130\u015ften \u00e7\u0131kar\u0131ld\u0131\u011f\u0131nda hayat nas\u0131l yeniden dengelenir?\" \/>\n<meta property=\"og:description\" content=\"\u0130\u015ften \u00e7\u0131kar\u0131lmak yaln\u0131zca bir pozisyonu kaybetmek de\u011fil g\u00fcnl\u00fck d\u00fczenin, al\u0131\u015fkanl\u0131klar\u0131n ve hatta kendine dair alg\u0131n\u0131n da sars\u0131lmas\u0131 anlam\u0131na gelir. Bu\" \/>\n<meta property=\"og:url\" content=\"https:\/\/www.kariyer.net\/kariyer-rehberi\/isten-cikarildiginda-hayat-nasil-yeniden-dengelenir\/\" \/>\n<meta property=\"og:site_name\" content=\"Kariyer Rehberi\" \/>\n<meta property=\"article:published_time\" content=\"2026-01-29T05:00:53+00:00\" \/>\n<meta property=\"article:modified_time\" content=\"2026-01-29T19:33:47+00:00\" \/>\n<meta property=\"og:image\" content=\"https:\/\/www.kariyer.net\/kariyer-rehberi\/wp-content\/uploads\/2026\/01\/issizlik_sureci.jpg\" \/>\n\t<meta property=\"og:image:width\" content=\"900\" \/>\n\t<meta property=\"og:image:height\" content=\"600\" \/>\n\t<meta property=\"og:image:type\" content=\"image\/jpeg\" \/>\n<meta name=\"author\" content=\"Edit\u00f6r\" \/>\n<meta name=\"twitter:card\" content=\"summary_large_image\" \/>\n<meta name=\"twitter:label1\" content=\"Yazan:\" \/>\n\t<meta name=\"twitter:data1\" content=\"Edit\u00f6r\" \/>\n\t<meta name=\"twitter:label2\" content=\"Tahmini okuma s\u00fcresi\" \/>\n\t<meta name=\"twitter:data2\" content=\"3 dakika\" \/>\n<!-- \/ Yoast SEO Premium plugin. -->","yoast_head_json":{"title":"\u0130\u015ften \u00e7\u0131kar\u0131ld\u0131\u011f\u0131nda hayat nas\u0131l yeniden dengelenir?","description":"\u0130\u015ften \u00e7\u0131kar\u0131lmak g\u00fcnl\u00fck d\u00fczenin, al\u0131\u015fkanl\u0131klar\u0131n ve hatta kendine dair alg\u0131n\u0131n da sars\u0131lmas\u0131 anlam\u0131na gelir.","robots":{"index":"index","follow":"follow","max-snippet":"max-snippet:-1","max-image-preview":"max-image-preview:large","max-video-preview":"max-video-preview:-1"},"canonical":"https:\/\/www.kariyer.net\/kariyer-rehberi\/isten-cikarildiginda-hayat-nasil-yeniden-dengelenir\/","og_locale":"tr_TR","og_type":"article","og_title":"\u0130\u015ften \u00e7\u0131kar\u0131ld\u0131\u011f\u0131nda hayat nas\u0131l yeniden dengelenir?","og_description":"\u0130\u015ften \u00e7\u0131kar\u0131lmak yaln\u0131zca bir pozisyonu kaybetmek de\u011fil g\u00fcnl\u00fck d\u00fczenin, al\u0131\u015fkanl\u0131klar\u0131n ve hatta kendine dair alg\u0131n\u0131n da sars\u0131lmas\u0131 anlam\u0131na gelir. Bu","og_url":"https:\/\/www.kariyer.net\/kariyer-rehberi\/isten-cikarildiginda-hayat-nasil-yeniden-dengelenir\/","og_site_name":"Kariyer Rehberi","article_published_time":"2026-01-29T05:00:53+00:00","article_modified_time":"2026-01-29T19:33:47+00:00","og_image":[{"width":900,"height":600,"url":"https:\/\/www.kariyer.net\/kariyer-rehberi\/wp-content\/uploads\/2026\/01\/issizlik_sureci.jpg","type":"image\/jpeg"}],"author":"Edit\u00f6r","twitter_card":"summary_large_image","twitter_misc":{"Yazan:":"Edit\u00f6r","Tahmini okuma s\u00fcresi":"3 dakika"},"schema":{"@context":"https:\/\/schema.org","@graph":[{"@type":"Article","@id":"https:\/\/www.kariyer.net\/kariyer-rehberi\/isten-cikarildiginda-hayat-nasil-yeniden-dengelenir\/#article","isPartOf":{"@id":"https:\/\/www.kariyer.net\/kariyer-rehberi\/isten-cikarildiginda-hayat-nasil-yeniden-dengelenir\/"},"author":{"name":"Edit\u00f6r","@id":"https:\/\/www.kariyer.net\/kariyer-rehberi\/#\/schema\/person\/94fd6e49c7ff1b1b2565a2cc4fd685dd"},"headline":"\u0130\u015ften \u00e7\u0131kar\u0131ld\u0131\u011f\u0131nda hayat nas\u0131l yeniden dengelenir?","datePublished":"2026-01-29T05:00:53+00:00","dateModified":"2026-01-29T19:33:47+00:00","mainEntityOfPage":{"@id":"https:\/\/www.kariyer.net\/kariyer-rehberi\/isten-cikarildiginda-hayat-nasil-yeniden-dengelenir\/"},"wordCount":467,"publisher":{"@id":"https:\/\/www.kariyer.net\/kariyer-rehberi\/#organization"},"image":{"@id":"https:\/\/www.kariyer.net\/kariyer-rehberi\/isten-cikarildiginda-hayat-nasil-yeniden-dengelenir\/#primaryimage"},"thumbnailUrl":"https:\/\/www.kariyer.net\/kariyer-rehberi\/wp-content\/uploads\/2026\/01\/issizlik_sureci.jpg","keywords":["\u0130\u015fsizlik D\u00f6nemi","Kariyer Zorluklar\u0131 ve Psikoloji","T\u00fcm kitle"],"articleSection":["\u0130\u015fsizlik D\u00f6nemi"],"inLanguage":"tr"},{"@type":"WebPage","@id":"https:\/\/www.kariyer.net\/kariyer-rehberi\/isten-cikarildiginda-hayat-nasil-yeniden-dengelenir\/","url":"https:\/\/www.kariyer.net\/kariyer-rehberi\/isten-cikarildiginda-hayat-nasil-yeniden-dengelenir\/","name":"\u0130\u015ften \u00e7\u0131kar\u0131ld\u0131\u011f\u0131nda hayat nas\u0131l yeniden dengelenir?","isPartOf":{"@id":"https:\/\/www.kariyer.net\/kariyer-rehberi\/#website"},"primaryImageOfPage":{"@id":"https:\/\/www.kariyer.net\/kariyer-rehberi\/isten-cikarildiginda-hayat-nasil-yeniden-dengelenir\/#primaryimage"},"image":{"@id":"https:\/\/www.kariyer.net\/kariyer-rehberi\/isten-cikarildiginda-hayat-nasil-yeniden-dengelenir\/#primaryimage"},"thumbnailUrl":"https:\/\/www.kariyer.net\/kariyer-rehberi\/wp-content\/uploads\/2026\/01\/issizlik_sureci.jpg","datePublished":"2026-01-29T05:00:53+00:00","dateModified":"2026-01-29T19:33:47+00:00","description":"\u0130\u015ften \u00e7\u0131kar\u0131lmak g\u00fcnl\u00fck d\u00fczenin, al\u0131\u015fkanl\u0131klar\u0131n ve hatta kendine dair alg\u0131n\u0131n da sars\u0131lmas\u0131 anlam\u0131na gelir.","breadcrumb":{"@id":"https:\/\/www.kariyer.net\/kariyer-rehberi\/isten-cikarildiginda-hayat-nasil-yeniden-dengelenir\/#breadcrumb"},"inLanguage":"tr","potentialAction":[{"@type":"ReadAction","target":["https:\/\/www.kariyer.net\/kariyer-rehberi\/isten-cikarildiginda-hayat-nasil-yeniden-dengelenir\/"]}]},{"@type":"ImageObject","inLanguage":"tr","@id":"https:\/\/www.kariyer.net\/kariyer-rehberi\/isten-cikarildiginda-hayat-nasil-yeniden-dengelenir\/#primaryimage","url":"https:\/\/www.kariyer.net\/kariyer-rehberi\/wp-content\/uploads\/2026\/01\/issizlik_sureci.jpg","contentUrl":"https:\/\/www.kariyer.net\/kariyer-rehberi\/wp-content\/uploads\/2026\/01\/issizlik_sureci.jpg","width":900,"height":600},{"@type":"BreadcrumbList","@id":"https:\/\/www.kariyer.net\/kariyer-rehberi\/isten-cikarildiginda-hayat-nasil-yeniden-dengelenir\/#breadcrumb","itemListElement":[{"@type":"ListItem","position":1,"name":"Anasayfa","item":"https:\/\/www.kariyer.net\/kariyer-rehberi\/"},{"@type":"ListItem","position":2,"name":"\u0130\u015ften \u00e7\u0131kar\u0131ld\u0131\u011f\u0131nda hayat nas\u0131l yeniden dengelenir?"}]},{"@type":"WebSite","@id":"https:\/\/www.kariyer.net\/kariyer-rehberi\/#website","url":"https:\/\/www.kariyer.net\/kariyer-rehberi\/","name":"Kariyer Rehberi","description":"\u0130\u015f D\u00fcnyas\u0131yla \u0130lgili Bilmek \u0130stedi\u011finiz Her \u015eey","publisher":{"@id":"https:\/\/www.kariyer.net\/kariyer-rehberi\/#organization"},"potentialAction":[{"@type":"SearchAction","target":{"@type":"EntryPoint","urlTemplate":"https:\/\/www.kariyer.net\/kariyer-rehberi\/?s={search_term_string}"},"query-input":{"@type":"PropertyValueSpecification","valueRequired":true,"valueName":"search_term_string"}}],"inLanguage":"tr"},{"@type":"Organization","@id":"https:\/\/www.kariyer.net\/kariyer-rehberi\/#organization","name":"Kariyer.net","url":"https:\/\/www.kariyer.net\/kariyer-rehberi\/","logo":{"@type":"ImageObject","inLanguage":"tr","@id":"https:\/\/www.kariyer.net\/kariyer-rehberi\/#\/schema\/logo\/image\/","url":"https:\/\/www.kariyer.net\/kariyer-rehberi-new\/wp-content\/uploads\/2023\/01\/og-image11.jpg","contentUrl":"https:\/\/www.kariyer.net\/kariyer-rehberi-new\/wp-content\/uploads\/2023\/01\/og-image11.jpg","width":800,"height":800,"caption":"Kariyer.net"},"image":{"@id":"https:\/\/www.kariyer.net\/kariyer-rehberi\/#\/schema\/logo\/image\/"}},{"@type":"Person","@id":"https:\/\/www.kariyer.net\/kariyer-rehberi\/#\/schema\/person\/94fd6e49c7ff1b1b2565a2cc4fd685dd","name":"Edit\u00f6r","image":{"@type":"ImageObject","inLanguage":"tr","@id":"https:\/\/www.kariyer.net\/kariyer-rehberi\/#\/schema\/person\/image\/","url":"https:\/\/secure.gravatar.com\/avatar\/0c4fe6688343aed3693b15573beae12c08ace5565409d5ab7509bf9c115f458d?s=96&d=mm&r=g","contentUrl":"https:\/\/secure.gravatar.com\/avatar\/0c4fe6688343aed3693b15573beae12c08ace5565409d5ab7509bf9c115f458d?s=96&d=mm&r=g","caption":"Edit\u00f6r"},"url":"https:\/\/www.kariyer.net\/kariyer-rehberi\/author\/editor\/"}]}},"_links":{"self":[{"href":"https:\/\/www.kariyer.net\/kariyer-rehberi\/wp-json\/wp\/v2\/posts\/22783","targetHints":{"allow":["GET"]}}],"collection":[{"href":"https:\/\/www.kariyer.net\/kariyer-rehberi\/wp-json\/wp\/v2\/posts"}],"about":[{"href":"https:\/\/www.kariyer.net\/kariyer-rehberi\/wp-json\/wp\/v2\/types\/post"}],"author":[{"embeddable":true,"href":"https:\/\/www.kariyer.net\/kariyer-rehberi\/wp-json\/wp\/v2\/users\/12"}],"replies":[{"embeddable":true,"href":"https:\/\/www.kariyer.net\/kariyer-rehberi\/wp-json\/wp\/v2\/comments?post=22783"}],"version-history":[{"count":3,"href":"https:\/\/www.kariyer.net\/kariyer-rehberi\/wp-json\/wp\/v2\/posts\/22783\/revisions"}],"predecessor-version":[{"id":22787,"href":"https:\/\/www.kariyer.net\/kariyer-rehberi\/wp-json\/wp\/v2\/posts\/22783\/revisions\/22787"}],"wp:featuredmedia":[{"embeddable":true,"href":"https:\/\/www.kariyer.net\/kariyer-rehberi\/wp-json\/wp\/v2\/media\/22784"}],"wp:attachment":[{"href":"https:\/\/www.kariyer.net\/kariyer-rehberi\/wp-json\/wp\/v2\/media?parent=22783"}],"wp:term":[{"taxonomy":"category","embeddable":true,"href":"https:\/\/www.kariyer.net\/kariyer-rehberi\/wp-json\/wp\/v2\/categories?post=22783"},{"taxonomy":"post_tag","embeddable":true,"href":"https:\/\/www.kariyer.net\/kariyer-rehberi\/wp-json\/wp\/v2\/tags?post=22783"}],"curies":[{"name":"wp","href":"https:\/\/api.w.org\/{rel}","templated":true}]}}