{"id":22833,"date":"2026-03-06T11:59:02","date_gmt":"2026-03-06T08:59:02","guid":{"rendered":"https:\/\/www.kariyer.net\/kariyer-rehberi\/?p=22833"},"modified":"2026-03-06T12:03:09","modified_gmt":"2026-03-06T09:03:09","slug":"dogum-izni-ve-babalik-izni-uzatildi-mi","status":"publish","type":"post","link":"https:\/\/www.kariyer.net\/kariyer-rehberi\/dogum-izni-ve-babalik-izni-uzatildi-mi\/","title":{"rendered":"Do\u011fum \u0130zni ve Babal\u0131k \u0130zni Uzat\u0131ld\u0131 m\u0131?"},"content":{"rendered":"<p>Do\u011fum izni ve babal\u0131k izni \u00e7al\u0131\u015fma hayat\u0131ndaki anne babalar\u0131n hayat\u0131n\u0131 do\u011frudan etkiliyor. Yeni <a href=\"https:\/\/www.kariyer.net\/kariyer-rehberi\/dogum-izni-24-haftaya-mi-cikiyor-yeni-duzenlemede-neler-var\/\">do\u011fum izni<\/a> kanun teklifi mart ay\u0131n\u0131n ba\u015f\u0131nda TBMM\u2019ye sunuldu. Teklif; do\u011fum izninin 24 haftaya \u00e7\u0131kar\u0131lmas\u0131, babal\u0131k izninin 10 g\u00fcne y\u00fckseltilmesi ve koruyucu aileler i\u00e7in yeni izin hakk\u0131 gibi ba\u015fl\u0131klar i\u00e7eriyor. Yasama s\u00fcreci hen\u00fcz devam eden kanun teklifine dair detaylar\u0131 yaz\u0131m\u0131zda bulabilirsin.<\/p>\n<h2><strong>Kanun teklifi \u015fu an hangi a\u015famada?<\/strong><\/h2>\n<div>\n<p>Teklif TBMM Ba\u015fkanl\u0131\u011f\u0131na sunuluyor ve yasama s\u00fcreci ilerliyor. Y\u00fcr\u00fcrl\u00fc\u011fe girebilmesi i\u00e7in ilgili komisyonlardan ge\u00e7mesi, Genel Kurul\u2019da kabul edilmesi ve Resm\u00ee Gazete\u2019de yay\u0131mlanmas\u0131 gerekiyor. Mevcut durumda s\u00fcre\u00e7 devam ediyor.<\/p>\n<h2><strong>Do\u011fum izni ka\u00e7 haftaya \u00e7\u0131k\u0131yor?<\/strong><\/h2>\n<p>Teklif; kad\u0131n \u00e7al\u0131\u015fanlar i\u00e7in anal\u0131k iznini toplam 24 haftaya \u00e7\u0131kar\u0131yor. Bu s\u00fcre do\u011fumdan \u00f6nce 8, do\u011fumdan sonra 16 haftay\u0131 kaps\u0131yor. Sa\u011fl\u0131k raporu bulunan anneler, do\u011fum \u00f6ncesindeki belli bir k\u0131sm\u0131 do\u011fum sonras\u0131na aktararak daha uzun bir do\u011fum sonras\u0131 d\u00f6nem kullanabiliyor.<\/p>\n<h2><strong>Babal\u0131k izni nas\u0131l de\u011fi\u015fiyor?<\/strong><\/h2>\n<p>Teklif, babal\u0131k iznini 10 g\u00fcne y\u00fckseltiyor. \u0130\u015f\u00e7i stat\u00fcs\u00fcndeki \u00e7al\u0131\u015fanlar i\u00e7in de ayn\u0131 s\u00fcrenin hedeflendi\u011fine ili\u015fkin a\u00e7\u0131klamalar kamuoyunda yer al\u0131yor.<\/p>\n<h2><strong>D\u00fczenleme \u00f6zel sekt\u00f6r\u00fc de kaps\u0131yor mu?<\/strong><\/h2>\n<p>A\u00e7\u0131klamalara g\u00f6re teklif, kamu ve \u00f6zel sekt\u00f6rde \u00e7al\u0131\u015fan anneler i\u00e7in 24 haftal\u0131k anal\u0131k izni hedefini i\u00e7eriyor. Ancak TBMM duyurusunda \u00f6zellikle Devlet Memurlar\u0131 Kanunu\u2019ndaki de\u011fi\u015fiklik \u00f6ne \u00e7\u0131k\u0131yor. Son kapsam, teklifin kabul edilip Resm\u00ee Gazete\u2019de yay\u0131mlanan nihai metniyle netle\u015fiyor.<\/p>\n<h2><strong>Koruyucu aileler ve evlat edinme i\u00e7in hangi haklar geliyor?<\/strong><\/h2>\n<p>Teklif; koruyucu aile olan ki\u015filere \u00e7ocu\u011fun tesliminden sonra 10 g\u00fcn izin verilmesini i\u00e7eriyor. Bu uygulama, teklifin kamuoyuna a\u00e7\u0131klanan unsurlar\u0131 aras\u0131nda yer al\u0131yor.<\/p>\n<h2><strong>\u0130\u015fverenler ve \u0130K ekipleri bu de\u011fi\u015fime nas\u0131l haz\u0131rlan\u0131yor?<\/strong><\/h2>\n<ul>\n<li><strong>Politika g\u00fcncellemeleri:<\/strong> \u0130zin s\u00fcre\u00e7leri, esnek\/uzaktan \u00e7al\u0131\u015fma ve i\u015fe d\u00f6n\u00fc\u015f uygulamalar\u0131 g\u00fcncel politikalara yans\u0131yor.<\/li>\n<li><strong>Yedekleme ve devir planlar\u0131:<\/strong> Uzun izin d\u00f6nemlerinde operasyonun aksamamas\u0131 i\u00e7in g\u00f6rev devri planlar\u0131 olu\u015fturuluyor.<\/li>\n<li><strong>Dijital s\u00fcre\u00e7ler:<\/strong> \u0130zin talepleri, onay ak\u0131\u015flar\u0131 ve belge y\u00f6netimi dijital sistemlere ta\u015f\u0131nabiliyor.<\/li>\n<li><strong>\u0130leti\u015fim ve e\u011fitim:<\/strong> Y\u00f6netici ve ekip bilgilendirmeleriyle haklar ve s\u00fcre\u00e7ler daha anla\u015f\u0131l\u0131r hale geliyor<\/li>\n<\/ul>\n<\/div>\n<p>\u00d6nemli Bilgi: \u0130\u015f hukuku, SGK ve k\u0131dem tazminat\u0131 gibi konularda karar al\u0131nmadan \u00f6nce g\u00fcncel mevzuat ve uzman g\u00f6r\u00fc\u015f\u00fc dikkate al\u0131nmal\u0131d\u0131r. Teklif yasala\u015fana kadar mevcut haklar ge\u00e7erlili\u011fini koruyor.<\/p>\n<p>&nbsp;<\/p>\n<div>\n<h2><strong>S\u0131k Sorulanlar\u00a0<\/strong><\/h2>\n<h3><strong>\u201cDo\u011fum izni 6 aya \u00e7\u0131kt\u0131 m\u0131?\u201d<\/strong><\/h3>\n<p>Hen\u00fcz \u00e7\u0131kmad\u0131. 24 haftaya y\u00fckselten d\u00fczenleme h\u00e2l\u00e2 TBMM\u2019de g\u00f6r\u00fc\u015f\u00fcl\u00fcyor ve yasala\u015fma s\u00fcreci s\u00fcr\u00fcyor.<\/p>\n<h3><strong>\u201cBabal\u0131k izni 10 g\u00fcn oldu mu?\u201d<\/strong><\/h3>\n<p>Teklif, babal\u0131k izninin 10 g\u00fcne y\u00fckselmesini i\u00e7eriyor. Y\u00fcr\u00fcrl\u00fc\u011fe girmesi yasama s\u00fcrecinin tamamlanmas\u0131na ba\u011fl\u0131.<\/p>\n<h3><strong>\u201cKamu\u2013\u00f6zel sekt\u00f6r ayr\u0131m\u0131 nas\u0131l \u015fekilleniyor?\u201d<\/strong><\/h3>\n<p>A\u00e7\u0131klamalar, her iki sekt\u00f6r\u00fc de kapsayan bir yakla\u015f\u0131m\u0131 i\u015faret ediyor. TBMM duyurusunda ise Devlet Memurlar\u0131 Kanunu\u2019nda yap\u0131lan de\u011fi\u015fiklikler \u00f6zellikle vurgulan\u0131yor. Kapsam, kabul edilen nihai metinle netle\u015fiyor.<\/p>\n<\/div>\n<h3><\/h3>\n<h3>Kaynaklar<\/h3>\n<ul>\n<li style=\"list-style-type: none;\">\n<ul>\n<li><a class=\"fui-Link ___w5et180 f2hkw1w f3rmtva f1ewtqcl fyind8e f1k6fduh f1w7gpdv f1mo0ibp fjoy568 ff5ikls f1s184ao f1mk8lai fnbmjn9 f1o700av f13mvf36 f1cmlufx f9n3di6 f1ids18y f1tx3yz7 f1deo86v f1eh06m1 f1iescvh fhgqx19 f1olyrje f1p93eir f1nev41a\" tabindex=\"0\" href=\"https:\/\/www.tbmm.gov.tr\/Haber\/Detay?Id=507f652d-e53f-4d7d-bcfe-019cb8f1663c\" target=\"_blank\" rel=\"noopener noreferrer\" data-tabster=\"{&quot;restorer&quot;:{&quot;type&quot;:1}}\">TBMM duyurusu: Sosyal Hizmetler ve do\u011fum iznine y\u00f6nelik d\u00fczenlemeleri i\u00e7eren teklif TBMM\u2019de<\/a><\/li>\n<li><a class=\"fui-Link ___w5et180 f2hkw1w f3rmtva f1ewtqcl fyind8e f1k6fduh f1w7gpdv f1mo0ibp fjoy568 ff5ikls f1s184ao f1mk8lai fnbmjn9 f1o700av f13mvf36 f1cmlufx f9n3di6 f1ids18y f1tx3yz7 f1deo86v f1eh06m1 f1iescvh fhgqx19 f1olyrje f1p93eir f1nev41a\" tabindex=\"0\" href=\"https:\/\/www.akparti.org.tr\/tbmm\/haberler\/partimiz-sosyal-medya-ve-dogum-iznine-yonelik-duzenlemeleri-de-iceren-kanun-teklifini-tbmm-ye-sundu-04-03-2026-23-34-19\/\" target=\"_blank\" rel=\"noopener noreferrer\" data-tabster=\"{&quot;restorer&quot;:{&quot;type&quot;:1}}\">AK Parti TBMM Grubu a\u00e7\u0131klamas\u0131<\/a><\/li>\n<\/ul>\n<\/li>\n<\/ul>\n<p>&nbsp;<\/p>\n<!-- templates\/buttons-placeholder.php -->\n<div class=\"da-reactions-outer TpostID22833\">\n\t    <div class=\"da-reactions-data da-reactions-container-async center\"\n         data-type=\"post\"\n         data-id=\"22833\"\n         id=\"da-reactions-slot-post-22833\">\n        <div class=\"da-reactions-static\">\n\t\t\t<img src=\"https:\/\/www.kariyer.net\/kariyer-rehberi\/wp-content\/plugins\/da-reactions\/assets\/dist\/loading.svg\" alt=\"Loading spinner\" width=\"48\" height=\"48\" style=\"width:48px\" \/>\n        <\/div>\n    <\/div>\n<\/div>\n","protected":false},"excerpt":{"rendered":"<p>Do\u011fum izni ve babal\u0131k izni \u00e7al\u0131\u015fma hayat\u0131ndaki anne babalar\u0131n hayat\u0131n\u0131 do\u011frudan etkiliyor. Yeni do\u011fum izni kanun teklifi mart ay\u0131n\u0131n ba\u015f\u0131nda TBMM\u2019ye sunuldu. Teklif; do\u011fum izninin 24 haftaya \u00e7\u0131kar\u0131lmas\u0131, babal\u0131k izninin 10 g\u00fcne y\u00fckseltilmesi ve koruyucu aileler i\u00e7in yeni izin hakk\u0131 gibi ba\u015fl\u0131klar i\u00e7eriyor. Yasama s\u00fcreci hen\u00fcz devam eden kanun teklifine dair detaylar\u0131 yaz\u0131m\u0131zda bulabilirsin. Kanun [&hellip;]<\/p>\n<!-- templates\/buttons-placeholder.php -->\n<div class=\"da-reactions-outer TpostID22833\">\n\t    <div class=\"da-reactions-data da-reactions-container-async center\"\n         data-type=\"post\"\n         data-id=\"22833\"\n         id=\"da-reactions-slot-post-22833\">\n        <div class=\"da-reactions-static\">\n\t\t\t<img src=\"https:\/\/www.kariyer.net\/kariyer-rehberi\/wp-content\/plugins\/da-reactions\/assets\/dist\/loading.svg\" alt=\"Loading spinner\" width=\"48\" height=\"48\" style=\"width:48px\" \/>\n        <\/div>\n    <\/div>\n<\/div>\n","protected":false},"author":12,"featured_media":22840,"comment_status":"closed","ping_status":"open","sticky":false,"template":"","format":"standard","meta":{"footnotes":"","_elementor_edit_mode":"","_elementor_template_type":"","_elementor_data":"","_elementor_page_settings":null,"_elementor_conditions":[]},"categories":[2203],"tags":[],"class_list":{"0":"post-22833","1":"post","2":"type-post","3":"status-publish","4":"format-standard","5":"has-post-thumbnail","7":"category-haberler-duyurular"},"yoast_head":"<!-- This site is optimized with the Yoast SEO Premium plugin v21.4 (Yoast SEO v27.0) - https:\/\/yoast.com\/product\/yoast-seo-premium-wordpress\/ -->\n<title>Do\u011fum izni ve Babal\u0131k \u0130zni Uzat\u0131ld\u0131 m\u0131? TBMM\u2019deki Yeni Teklif<\/title>\n<meta name=\"description\" content=\"Do\u011fum izni 24 hafta, babal\u0131k izni 10 g\u00fcn m\u00fc oluyor? TBMM\u2019deki kanun teklifinin kapsam\u0131na dair detaylar i\u00e7in blog yaz\u0131m\u0131z\u0131 okuyun!\" \/>\n<meta name=\"robots\" content=\"index, follow, max-snippet:-1, max-image-preview:large, max-video-preview:-1\" \/>\n<link rel=\"canonical\" href=\"https:\/\/www.kariyer.net\/kariyer-rehberi\/dogum-izni-ve-babalik-izni-uzatildi-mi\/\" \/>\n<meta property=\"og:locale\" content=\"tr_TR\" \/>\n<meta property=\"og:type\" content=\"article\" \/>\n<meta property=\"og:title\" content=\"Do\u011fum \u0130zni ve Babal\u0131k \u0130zni Uzat\u0131ld\u0131 m\u0131?\" \/>\n<meta property=\"og:description\" content=\"Do\u011fum izni ve babal\u0131k izni \u00e7al\u0131\u015fma hayat\u0131ndaki anne babalar\u0131n hayat\u0131n\u0131 do\u011frudan etkiliyor. Yeni do\u011fum izni kanun teklifi mart ay\u0131n\u0131n ba\u015f\u0131nda TBMM\u2019ye\" \/>\n<meta property=\"og:url\" content=\"https:\/\/www.kariyer.net\/kariyer-rehberi\/dogum-izni-ve-babalik-izni-uzatildi-mi\/\" \/>\n<meta property=\"og:site_name\" content=\"Kariyer Rehberi\" \/>\n<meta property=\"article:published_time\" content=\"2026-03-06T08:59:02+00:00\" \/>\n<meta property=\"article:modified_time\" content=\"2026-03-06T09:03:09+00:00\" \/>\n<meta property=\"og:image\" content=\"https:\/\/www.kariyer.net\/kariyer-rehberi\/wp-content\/uploads\/2026\/03\/Dogum-izni-uzatildi-mi.png\" \/>\n\t<meta property=\"og:image:width\" content=\"900\" \/>\n\t<meta property=\"og:image:height\" content=\"595\" \/>\n\t<meta property=\"og:image:type\" content=\"image\/png\" \/>\n<meta name=\"author\" content=\"Edit\u00f6r\" \/>\n<meta name=\"twitter:card\" content=\"summary_large_image\" \/>\n<meta name=\"twitter:label1\" content=\"Yazan:\" \/>\n\t<meta name=\"twitter:data1\" content=\"Edit\u00f6r\" \/>\n\t<meta name=\"twitter:label2\" content=\"Tahmini okuma s\u00fcresi\" \/>\n\t<meta name=\"twitter:data2\" content=\"3 dakika\" \/>\n<!-- \/ Yoast SEO Premium plugin. -->","yoast_head_json":{"title":"Do\u011fum izni ve Babal\u0131k \u0130zni Uzat\u0131ld\u0131 m\u0131? TBMM\u2019deki Yeni Teklif","description":"Do\u011fum izni 24 hafta, babal\u0131k izni 10 g\u00fcn m\u00fc oluyor? TBMM\u2019deki kanun teklifinin kapsam\u0131na dair detaylar i\u00e7in blog yaz\u0131m\u0131z\u0131 okuyun!","robots":{"index":"index","follow":"follow","max-snippet":"max-snippet:-1","max-image-preview":"max-image-preview:large","max-video-preview":"max-video-preview:-1"},"canonical":"https:\/\/www.kariyer.net\/kariyer-rehberi\/dogum-izni-ve-babalik-izni-uzatildi-mi\/","og_locale":"tr_TR","og_type":"article","og_title":"Do\u011fum \u0130zni ve Babal\u0131k \u0130zni Uzat\u0131ld\u0131 m\u0131?","og_description":"Do\u011fum izni ve babal\u0131k izni \u00e7al\u0131\u015fma hayat\u0131ndaki anne babalar\u0131n hayat\u0131n\u0131 do\u011frudan etkiliyor. Yeni do\u011fum izni kanun teklifi mart ay\u0131n\u0131n ba\u015f\u0131nda TBMM\u2019ye","og_url":"https:\/\/www.kariyer.net\/kariyer-rehberi\/dogum-izni-ve-babalik-izni-uzatildi-mi\/","og_site_name":"Kariyer Rehberi","article_published_time":"2026-03-06T08:59:02+00:00","article_modified_time":"2026-03-06T09:03:09+00:00","og_image":[{"width":900,"height":595,"url":"https:\/\/www.kariyer.net\/kariyer-rehberi\/wp-content\/uploads\/2026\/03\/Dogum-izni-uzatildi-mi.png","type":"image\/png"}],"author":"Edit\u00f6r","twitter_card":"summary_large_image","twitter_misc":{"Yazan:":"Edit\u00f6r","Tahmini okuma s\u00fcresi":"3 dakika"},"schema":{"@context":"https:\/\/schema.org","@graph":[{"@type":"Article","@id":"https:\/\/www.kariyer.net\/kariyer-rehberi\/dogum-izni-ve-babalik-izni-uzatildi-mi\/#article","isPartOf":{"@id":"https:\/\/www.kariyer.net\/kariyer-rehberi\/dogum-izni-ve-babalik-izni-uzatildi-mi\/"},"author":{"name":"Edit\u00f6r","@id":"https:\/\/www.kariyer.net\/kariyer-rehberi\/#\/schema\/person\/94fd6e49c7ff1b1b2565a2cc4fd685dd"},"headline":"Do\u011fum \u0130zni ve Babal\u0131k \u0130zni Uzat\u0131ld\u0131 m\u0131?","datePublished":"2026-03-06T08:59:02+00:00","dateModified":"2026-03-06T09:03:09+00:00","mainEntityOfPage":{"@id":"https:\/\/www.kariyer.net\/kariyer-rehberi\/dogum-izni-ve-babalik-izni-uzatildi-mi\/"},"wordCount":590,"publisher":{"@id":"https:\/\/www.kariyer.net\/kariyer-rehberi\/#organization"},"image":{"@id":"https:\/\/www.kariyer.net\/kariyer-rehberi\/dogum-izni-ve-babalik-izni-uzatildi-mi\/#primaryimage"},"thumbnailUrl":"https:\/\/www.kariyer.net\/kariyer-rehberi\/wp-content\/uploads\/2026\/03\/Dogum-izni-uzatildi-mi.png","articleSection":["Haberler ve Duyurular"],"inLanguage":"tr"},{"@type":"WebPage","@id":"https:\/\/www.kariyer.net\/kariyer-rehberi\/dogum-izni-ve-babalik-izni-uzatildi-mi\/","url":"https:\/\/www.kariyer.net\/kariyer-rehberi\/dogum-izni-ve-babalik-izni-uzatildi-mi\/","name":"Do\u011fum izni ve Babal\u0131k \u0130zni Uzat\u0131ld\u0131 m\u0131? TBMM\u2019deki Yeni Teklif","isPartOf":{"@id":"https:\/\/www.kariyer.net\/kariyer-rehberi\/#website"},"primaryImageOfPage":{"@id":"https:\/\/www.kariyer.net\/kariyer-rehberi\/dogum-izni-ve-babalik-izni-uzatildi-mi\/#primaryimage"},"image":{"@id":"https:\/\/www.kariyer.net\/kariyer-rehberi\/dogum-izni-ve-babalik-izni-uzatildi-mi\/#primaryimage"},"thumbnailUrl":"https:\/\/www.kariyer.net\/kariyer-rehberi\/wp-content\/uploads\/2026\/03\/Dogum-izni-uzatildi-mi.png","datePublished":"2026-03-06T08:59:02+00:00","dateModified":"2026-03-06T09:03:09+00:00","description":"Do\u011fum izni 24 hafta, babal\u0131k izni 10 g\u00fcn m\u00fc oluyor? TBMM\u2019deki kanun teklifinin kapsam\u0131na dair detaylar i\u00e7in blog yaz\u0131m\u0131z\u0131 okuyun!","breadcrumb":{"@id":"https:\/\/www.kariyer.net\/kariyer-rehberi\/dogum-izni-ve-babalik-izni-uzatildi-mi\/#breadcrumb"},"inLanguage":"tr","potentialAction":[{"@type":"ReadAction","target":["https:\/\/www.kariyer.net\/kariyer-rehberi\/dogum-izni-ve-babalik-izni-uzatildi-mi\/"]}]},{"@type":"ImageObject","inLanguage":"tr","@id":"https:\/\/www.kariyer.net\/kariyer-rehberi\/dogum-izni-ve-babalik-izni-uzatildi-mi\/#primaryimage","url":"https:\/\/www.kariyer.net\/kariyer-rehberi\/wp-content\/uploads\/2026\/03\/Dogum-izni-uzatildi-mi.png","contentUrl":"https:\/\/www.kariyer.net\/kariyer-rehberi\/wp-content\/uploads\/2026\/03\/Dogum-izni-uzatildi-mi.png","width":900,"height":595,"caption":"Do\u011fum izni uzat\u0131ld\u0131 m\u0131"},{"@type":"BreadcrumbList","@id":"https:\/\/www.kariyer.net\/kariyer-rehberi\/dogum-izni-ve-babalik-izni-uzatildi-mi\/#breadcrumb","itemListElement":[{"@type":"ListItem","position":1,"name":"Anasayfa","item":"https:\/\/www.kariyer.net\/kariyer-rehberi\/"},{"@type":"ListItem","position":2,"name":"Do\u011fum \u0130zni ve Babal\u0131k \u0130zni Uzat\u0131ld\u0131 m\u0131?"}]},{"@type":"WebSite","@id":"https:\/\/www.kariyer.net\/kariyer-rehberi\/#website","url":"https:\/\/www.kariyer.net\/kariyer-rehberi\/","name":"Kariyer Rehberi","description":"\u0130\u015f D\u00fcnyas\u0131yla \u0130lgili Bilmek \u0130stedi\u011finiz Her \u015eey","publisher":{"@id":"https:\/\/www.kariyer.net\/kariyer-rehberi\/#organization"},"potentialAction":[{"@type":"SearchAction","target":{"@type":"EntryPoint","urlTemplate":"https:\/\/www.kariyer.net\/kariyer-rehberi\/?s={search_term_string}"},"query-input":{"@type":"PropertyValueSpecification","valueRequired":true,"valueName":"search_term_string"}}],"inLanguage":"tr"},{"@type":"Organization","@id":"https:\/\/www.kariyer.net\/kariyer-rehberi\/#organization","name":"Kariyer.net","url":"https:\/\/www.kariyer.net\/kariyer-rehberi\/","logo":{"@type":"ImageObject","inLanguage":"tr","@id":"https:\/\/www.kariyer.net\/kariyer-rehberi\/#\/schema\/logo\/image\/","url":"https:\/\/www.kariyer.net\/kariyer-rehberi-new\/wp-content\/uploads\/2023\/01\/og-image11.jpg","contentUrl":"https:\/\/www.kariyer.net\/kariyer-rehberi-new\/wp-content\/uploads\/2023\/01\/og-image11.jpg","width":800,"height":800,"caption":"Kariyer.net"},"image":{"@id":"https:\/\/www.kariyer.net\/kariyer-rehberi\/#\/schema\/logo\/image\/"}},{"@type":"Person","@id":"https:\/\/www.kariyer.net\/kariyer-rehberi\/#\/schema\/person\/94fd6e49c7ff1b1b2565a2cc4fd685dd","name":"Edit\u00f6r","image":{"@type":"ImageObject","inLanguage":"tr","@id":"https:\/\/www.kariyer.net\/kariyer-rehberi\/#\/schema\/person\/image\/","url":"https:\/\/secure.gravatar.com\/avatar\/0c4fe6688343aed3693b15573beae12c08ace5565409d5ab7509bf9c115f458d?s=96&d=mm&r=g","contentUrl":"https:\/\/secure.gravatar.com\/avatar\/0c4fe6688343aed3693b15573beae12c08ace5565409d5ab7509bf9c115f458d?s=96&d=mm&r=g","caption":"Edit\u00f6r"},"url":"https:\/\/www.kariyer.net\/kariyer-rehberi\/author\/editor\/"}]}},"_links":{"self":[{"href":"https:\/\/www.kariyer.net\/kariyer-rehberi\/wp-json\/wp\/v2\/posts\/22833","targetHints":{"allow":["GET"]}}],"collection":[{"href":"https:\/\/www.kariyer.net\/kariyer-rehberi\/wp-json\/wp\/v2\/posts"}],"about":[{"href":"https:\/\/www.kariyer.net\/kariyer-rehberi\/wp-json\/wp\/v2\/types\/post"}],"author":[{"embeddable":true,"href":"https:\/\/www.kariyer.net\/kariyer-rehberi\/wp-json\/wp\/v2\/users\/12"}],"replies":[{"embeddable":true,"href":"https:\/\/www.kariyer.net\/kariyer-rehberi\/wp-json\/wp\/v2\/comments?post=22833"}],"version-history":[{"count":9,"href":"https:\/\/www.kariyer.net\/kariyer-rehberi\/wp-json\/wp\/v2\/posts\/22833\/revisions"}],"predecessor-version":[{"id":22843,"href":"https:\/\/www.kariyer.net\/kariyer-rehberi\/wp-json\/wp\/v2\/posts\/22833\/revisions\/22843"}],"wp:featuredmedia":[{"embeddable":true,"href":"https:\/\/www.kariyer.net\/kariyer-rehberi\/wp-json\/wp\/v2\/media\/22840"}],"wp:attachment":[{"href":"https:\/\/www.kariyer.net\/kariyer-rehberi\/wp-json\/wp\/v2\/media?parent=22833"}],"wp:term":[{"taxonomy":"category","embeddable":true,"href":"https:\/\/www.kariyer.net\/kariyer-rehberi\/wp-json\/wp\/v2\/categories?post=22833"},{"taxonomy":"post_tag","embeddable":true,"href":"https:\/\/www.kariyer.net\/kariyer-rehberi\/wp-json\/wp\/v2\/tags?post=22833"}],"curies":[{"name":"wp","href":"https:\/\/api.w.org\/{rel}","templated":true}]}}