{"id":22844,"date":"2026-03-06T13:31:46","date_gmt":"2026-03-06T10:31:46","guid":{"rendered":"https:\/\/www.kariyer.net\/kariyer-rehberi\/?p=22844"},"modified":"2026-03-06T13:31:46","modified_gmt":"2026-03-06T10:31:46","slug":"2026-tazminat-hesaplama-rehberi-kidem-ve-ihbar-tazminati-nasil-hesaplanir","status":"publish","type":"post","link":"https:\/\/www.kariyer.net\/kariyer-rehberi\/2026-tazminat-hesaplama-rehberi-kidem-ve-ihbar-tazminati-nasil-hesaplanir\/","title":{"rendered":"2026 Tazminat Hesaplama Rehberi: K\u0131dem ve \u0130hbar Tazminat\u0131 Nas\u0131l Hesaplan\u0131r?"},"content":{"rendered":"<h1 class=\"text-text-100 mt-3 -mb-1 text-[1.375rem] font-bold\">2026 Tazminat Hesaplama Rehberi: K\u0131dem ve \u0130hbar Tazminat\u0131 Nas\u0131l Hesaplan\u0131r?<\/h1>\n<p class=\"font-claude-response-body break-words whitespace-normal leading-[1.7]\">\u0130\u015f s\u00f6zle\u015fmesinin sona erdi\u011fi d\u00f6nemlerde akl\u0131m\u0131za ilk tak\u0131lan sorulardan biri yasal haklard\u0131r. 2026 y\u0131l\u0131 tavan tutarlar\u0131 ve g\u00fcncel vergi oranlar\u0131n\u0131 payla\u015ft\u0131\u011f\u0131m\u0131z a\u015fa\u011f\u0131daki yaz\u0131m\u0131zda, g\u00fcncel veriler e\u015fli\u011finde k\u0131dem ve ihbar tazminat\u0131 hesaplama y\u00f6ntemlerine ili\u015fkin yasal detaylar\u0131 ele al\u0131yoruz.<\/p>\n<h2 class=\"text-text-100 mt-3 -mb-1 text-[1.125rem] font-bold\">K\u0131dem Tazminat\u0131 Nedir?<\/h2>\n<p class=\"font-claude-response-body break-words whitespace-normal leading-[1.7]\"><a href=\"https:\/\/www.kariyer.net\/ik-blog\/kidem-tazminati-nedir-nasil-hesaplanir-tavan-ucret-ne-kadar-oldu\/\">K\u0131dem tazminat\u0131<\/a>; bir \u00e7al\u0131\u015fan\u0131n ayn\u0131 i\u015fverene ba\u011fl\u0131 olarak en az bir tam y\u0131l \u00e7al\u0131\u015fmas\u0131 ko\u015fuluyla, i\u015f s\u00f6zle\u015fmesinin kanunda belirtilen hakl\u0131 nedenlerle sona ermesi durumunda i\u015fverence \u00f6denen yasal bir toplu parad\u0131r. Bu \u00f6deme, \u00e7al\u0131\u015fan\u0131n hizmet s\u00fcresi ve giydirilmi\u015f son br\u00fct \u00fccreti \u00fczerinden hesaplan\u0131r. K\u0131dem tazminat\u0131 tavan \u00fccreti\u00a02026&#8217;n\u0131n ilk 6 ayl\u0131k d\u00f6nemi i\u00e7in<strong> 64.948 TL <\/strong>olarak belirlendi.<\/p>\n<h2 class=\"text-text-100 mt-3 -mb-1 text-[1.125rem] font-bold\">2026 K\u0131dem Tazminat\u0131 Nas\u0131l Hesaplan\u0131r?<\/h2>\n<p class=\"font-claude-response-body break-words whitespace-normal leading-[1.7]\">K\u0131dem tazminat\u0131 hesaplamas\u0131nda temel kriter br\u00fct \u00fccrettir. Yaln\u0131zca \u00e7\u0131plak maa\u015f de\u011fil, &#8220;giydirilmi\u015f br\u00fct \u00fccret&#8221; esas al\u0131n\u0131r.\u00a0 Giydirilmi\u015f \u00fccrete; s\u00fcreklilik arz eden yemek, yol, yakacak yard\u0131m\u0131 ve d\u00fczenli primler gibi \u00f6demeler de dahil edilir. Genel olarak i\u015f yerindeki her tam y\u0131l i\u00e7in 1 ayl\u0131k br\u00fct \u00fccret tutar\u0131nda tazminat verilir.<\/p>\n<p>Form\u00fcl \u015fu \u015fekildedir:<\/p>\n<ul>\n<li>Hizmet s\u00fcresi (y\u0131l) \u00d7 Br\u00fct maa\u015f (ayl\u0131k) = K\u0131dem Tazminat\u0131<\/li>\n<\/ul>\n<p class=\"font-claude-response-body break-words whitespace-normal leading-[1.7]\">2026 y\u0131l\u0131 i\u00e7in izlenmesi \u00f6nerilen ad\u0131mlar \u015fu \u015fekilde s\u0131ralanabilir:<\/p>\n<ol class=\"[li_&amp;]:mb-0 [li_&amp;]:mt-1 [li_&amp;]:gap-1 [&amp;:not(:last-child)_ul]:pb-1 [&amp;:not(:last-child)_ol]:pb-1 list-decimal flex flex-col gap-1 pl-8 mb-3\">\n<li class=\"whitespace-normal break-words pl-2\"><strong>Hizmet S\u00fcresinin Tespiti:<\/strong> \u0130\u015fe giri\u015f ve i\u015ften ayr\u0131l\u0131\u015f tarihleri aras\u0131ndaki toplam s\u00fcre g\u00fcn, ay ve y\u0131l baz\u0131nda net olarak belirlenir. Bir y\u0131ldan artan aylar ve g\u00fcnler de oranlanarak hesaba kat\u0131l\u0131r.<\/li>\n<li class=\"whitespace-normal break-words pl-2\"><strong>Giydirilmi\u015f Br\u00fct \u00dccretin Hesaplanmas\u0131:<\/strong> Son al\u0131nan ayl\u0131k br\u00fct maa\u015fa, y\u0131l i\u00e7inde d\u00fczenli \u00f6denen di\u011fer yan haklar\u0131n ayl\u0131k ortalamas\u0131 eklenir.<\/li>\n<li class=\"whitespace-normal break-words pl-2\"><strong>Tavan Kontrol\u00fc:<\/strong> Ortaya \u00e7\u0131kan giydirilmi\u015f br\u00fct \u00fccretin, Hazine ve Maliye Bakanl\u0131\u011f\u0131 taraf\u0131ndan ilgili d\u00f6nem i\u00e7in belirlenen k\u0131dem tazminat\u0131 tavan\u0131n\u0131 a\u015f\u0131p a\u015fmad\u0131\u011f\u0131 kontrol edilir. Tavan a\u015f\u0131l\u0131yorsa hesaplama yaln\u0131zca yasal tavan tutar\u0131 \u00fczerinden yap\u0131l\u0131r.<\/li>\n<li class=\"whitespace-normal break-words pl-2\"><strong>Vergi Kesintisi:<\/strong> Hesaplanan br\u00fct tazminat tutar\u0131ndan yaln\u0131zca damga vergisi kesilir; k\u0131dem tazminat\u0131nda gelir vergisi kesintisi uygulanmaz.<\/li>\n<\/ol>\n<h2 class=\"text-text-100 mt-3 -mb-1 text-[1.125rem] font-bold\">2026 K\u0131dem Tazminat\u0131 Tavan\u0131 Ne Kadar?<\/h2>\n<p class=\"font-claude-response-body break-words whitespace-normal leading-[1.7]\">K\u0131dem tazminat\u0131 tavan\u0131, her y\u0131l Ocak ve Temmuz aylar\u0131nda memur maa\u015f katsay\u0131lar\u0131na paralel olarak g\u00fcncellenir. K\u0131dem tazminat\u0131 tavan \u00fccreti\u00a0<strong>2026&#8217;n\u0131n ilk 6 ayl\u0131k d\u00f6nemi i\u00e7in 64.948 TL <\/strong>olarak belirlenmi\u015ftir. Br\u00fct \u00fccreti belirlenen tavan \u00fccretin \u00fczerinde olan \u00e7al\u0131\u015fanlar\u0131n tazminatlar\u0131, yasal tavan s\u0131n\u0131r\u0131 \u00fczerinden hesaplan\u0131r.<\/p>\n<h2 class=\"text-text-100 mt-3 -mb-1 text-[1.125rem] font-bold\">Tazminattan Hangi Kesintiler Yap\u0131l\u0131r?<\/h2>\n<p class=\"font-claude-response-body break-words whitespace-normal leading-[1.7]\">Tazminat \u00f6demelerinde uygulanan yasal kesintiler, tazminat\u0131n t\u00fcr\u00fcne g\u00f6re farkl\u0131la\u015f\u0131r:<\/p>\n<ul class=\"[li_&amp;]:mb-0 [li_&amp;]:mt-1 [li_&amp;]:gap-1 [&amp;:not(:last-child)_ul]:pb-1 [&amp;:not(:last-child)_ol]:pb-1 list-disc flex flex-col gap-1 pl-8 mb-3\">\n<li class=\"whitespace-normal break-words pl-2\"><strong>K\u0131dem tazminat\u0131nda:<\/strong> Yaln\u0131zca binde 7,59 oran\u0131nda damga vergisi kesilir. SGK primi veya gelir vergisi uygulanmaz.<\/li>\n<li class=\"whitespace-normal break-words pl-2\"><strong>\u0130hbar tazminat\u0131nda:<\/strong> Br\u00fct tutar \u00fczerinden hem gelir vergisi hem de binde 7,59 oran\u0131nda damga vergisi kesintisi yap\u0131l\u0131r.<\/li>\n<\/ul>\n<h2 class=\"text-text-100 mt-3 -mb-1 text-[1.125rem] font-bold\">\u0130hbar Tazminat\u0131 Hangi Durumlarda \u00d6denir?<\/h2>\n<p class=\"font-claude-response-body break-words whitespace-normal leading-[1.7]\">\u0130\u015f s\u00f6zle\u015fmesini feshetmek isteyen taraf\u0131n, bu durumu kanuni bildirim s\u00fcreleri i\u00e7inde kar\u015f\u0131 tarafa yaz\u0131l\u0131 olarak bildirmemesi halinde \u00f6denen tutara ihbar tazminat\u0131 denir. 4857 Say\u0131l\u0131 \u0130\u015f Kanunu&#8217;na g\u00f6re bildirim s\u00fcreleri, k\u0131deme ba\u011fl\u0131 olarak \u015fu \u015fekilde belirlenmektedir:<\/p>\n<ul class=\"[li_&amp;]:mb-0 [li_&amp;]:mt-1 [li_&amp;]:gap-1 [&amp;:not(:last-child)_ul]:pb-1 [&amp;:not(:last-child)_ol]:pb-1 list-disc flex flex-col gap-1 pl-8 mb-3\">\n<li class=\"whitespace-normal break-words pl-2\"><strong>6 aydan az \u00e7al\u0131\u015fanlar i\u00e7in:<\/strong> 2 hafta<\/li>\n<li class=\"whitespace-normal break-words pl-2\"><strong>6 ay ile 1,5 y\u0131l aras\u0131 \u00e7al\u0131\u015fanlar i\u00e7in:<\/strong> 4 hafta<\/li>\n<li class=\"whitespace-normal break-words pl-2\"><strong>1,5 y\u0131l ile 3 y\u0131l aras\u0131 \u00e7al\u0131\u015fanlar i\u00e7in:<\/strong> 6 hafta<\/li>\n<li class=\"whitespace-normal break-words pl-2\"><strong>3 y\u0131ldan fazla \u00e7al\u0131\u015fanlar i\u00e7in:<\/strong> 8 hafta<\/li>\n<\/ul>\n<p class=\"font-claude-response-body break-words whitespace-normal leading-[1.7]\">Bu s\u00fcreler i\u00e7inde yaz\u0131l\u0131 bildirim yap\u0131lmadan ger\u00e7ekle\u015ftirilen fesihlerde, s\u00f6z konusu s\u00fcrelere kar\u015f\u0131l\u0131k gelen \u00fccret tutar\u0131 pe\u015fin olarak tazminat bi\u00e7iminde \u00f6denir.<\/p>\n<h2 class=\"text-text-100 mt-3 -mb-1 text-[1.125rem] font-bold\">S\u0131k\u00e7a Sorulan Sorular<\/h2>\n<h3 class=\"text-text-100 mt-2 -mb-1 text-base font-bold\">\u0130stifa Eden \u00c7al\u0131\u015fan K\u0131dem Tazminat\u0131 Alabilir mi?<\/h3>\n<p class=\"font-claude-response-body break-words whitespace-normal leading-[1.7]\">Genel kural olarak kendi iste\u011fiyle i\u015ften ayr\u0131lan \u00e7al\u0131\u015fan k\u0131dem tazminat\u0131na hak kazanamaz. Bununla birlikte; erkeklerde askerlik y\u00fck\u00fcml\u00fcl\u00fc\u011f\u00fc, kad\u0131nlarda evlilikten itibaren bir y\u0131l i\u00e7inde ayr\u0131lma, emeklilik hakk\u0131n\u0131n kazan\u0131lmas\u0131 veya hakl\u0131 nedenle derhal fesih gibi istisnai durumlarda k\u0131dem tazminat\u0131 talep hakk\u0131 do\u011fabilir.<\/p>\n<h3 class=\"text-text-100 mt-2 -mb-1 text-base font-bold\">\u0130hbar Tazminat\u0131 Net Maa\u015f \u00dczerinden mi Hesaplan\u0131r?<\/h3>\n<p class=\"font-claude-response-body break-words whitespace-normal leading-[1.7]\">\u0130hbar tazminat\u0131 da k\u0131dem tazminat\u0131nda oldu\u011fu gibi giydirilmi\u015f br\u00fct \u00fccret \u00fczerinden hesaplan\u0131r; yasal kesintiler yap\u0131ld\u0131ktan sonra net tutar olarak \u00f6denir.<\/p>\n<p class=\"font-claude-response-body break-words whitespace-normal leading-[1.7]\">\u0130\u015f hayat\u0131ndaki yasal haklar\u0131n do\u011fru bilinmesi, tazminat s\u00fcre\u00e7lerinin sa\u011fl\u0131kl\u0131 y\u00f6netilmesine zemin haz\u0131rlar. Bu s\u00fcre\u00e7lerin eksiksiz takip edilmesi, hak kay\u0131plar\u0131n\u0131n \u00f6nlenmesi a\u00e7\u0131s\u0131ndan belirleyici bir rol \u00fcstlenir.<\/p>\n<p class=\"font-claude-response-body break-words whitespace-normal leading-[1.7]\"><strong>Yasal Uyar\u0131:<\/strong> \u0130\u015f hukuku, \u00fccret ve tazminat gibi konularda kesin hesaplamalar yap\u0131l\u0131rken g\u00fcncel mevzuat\u0131n ve resmi kurum a\u00e7\u0131klamalar\u0131n\u0131n esas al\u0131nmas\u0131; profesyonel bir mali m\u00fc\u015favir ya da i\u015f hukuku uzman\u0131ndan g\u00f6r\u00fc\u015f al\u0131nmas\u0131 \u00f6nerilir.<\/p>\n<!-- templates\/buttons-placeholder.php -->\n<div class=\"da-reactions-outer TpostID22844\">\n\t    <div class=\"da-reactions-data da-reactions-container-async center\"\n         data-type=\"post\"\n         data-id=\"22844\"\n         id=\"da-reactions-slot-post-22844\">\n        <div class=\"da-reactions-static\">\n\t\t\t<img src=\"https:\/\/www.kariyer.net\/kariyer-rehberi\/wp-content\/plugins\/da-reactions\/assets\/dist\/loading.svg\" alt=\"Loading spinner\" width=\"48\" height=\"48\" style=\"width:48px\" \/>\n        <\/div>\n    <\/div>\n<\/div>\n","protected":false},"excerpt":{"rendered":"<p>2026 Tazminat Hesaplama Rehberi: K\u0131dem ve \u0130hbar Tazminat\u0131 Nas\u0131l Hesaplan\u0131r? \u0130\u015f s\u00f6zle\u015fmesinin sona erdi\u011fi d\u00f6nemlerde akl\u0131m\u0131za ilk tak\u0131lan sorulardan biri yasal haklard\u0131r. 2026 y\u0131l\u0131 tavan tutarlar\u0131 ve g\u00fcncel vergi oranlar\u0131n\u0131 payla\u015ft\u0131\u011f\u0131m\u0131z a\u015fa\u011f\u0131daki yaz\u0131m\u0131zda, g\u00fcncel veriler e\u015fli\u011finde k\u0131dem ve ihbar tazminat\u0131 hesaplama y\u00f6ntemlerine ili\u015fkin yasal detaylar\u0131 ele al\u0131yoruz. K\u0131dem Tazminat\u0131 Nedir? K\u0131dem tazminat\u0131; bir \u00e7al\u0131\u015fan\u0131n ayn\u0131 [&hellip;]<\/p>\n<!-- templates\/buttons-placeholder.php -->\n<div class=\"da-reactions-outer TpostID22844\">\n\t    <div class=\"da-reactions-data da-reactions-container-async center\"\n         data-type=\"post\"\n         data-id=\"22844\"\n         id=\"da-reactions-slot-post-22844\">\n        <div class=\"da-reactions-static\">\n\t\t\t<img src=\"https:\/\/www.kariyer.net\/kariyer-rehberi\/wp-content\/plugins\/da-reactions\/assets\/dist\/loading.svg\" alt=\"Loading spinner\" width=\"48\" height=\"48\" style=\"width:48px\" \/>\n        <\/div>\n    <\/div>\n<\/div>\n","protected":false},"author":12,"featured_media":22846,"comment_status":"closed","ping_status":"open","sticky":false,"template":"","format":"standard","meta":{"footnotes":"","_elementor_edit_mode":"","_elementor_template_type":"","_elementor_data":"","_elementor_page_settings":null,"_elementor_conditions":[]},"categories":[46,2218],"tags":[],"class_list":{"0":"post-22844","1":"post","2":"type-post","3":"status-publish","4":"format-standard","5":"has-post-thumbnail","7":"category-is-hayati","8":"category-is-hukuku"},"yoast_head":"<!-- This site is optimized with the Yoast SEO Premium plugin v21.4 (Yoast SEO v27.0) - https:\/\/yoast.com\/product\/yoast-seo-premium-wordpress\/ -->\n<title>2026 Tazminat Hesaplama Rehberi | K\u0131dem ve \u0130hbar Tazminat\u0131<\/title>\n<meta name=\"description\" content=\"2026 y\u0131l\u0131 g\u00fcncel verileriyle k\u0131dem ve ihbar tazminat\u0131 hesaplama ad\u0131mlar\u0131n\u0131 \u00f6\u011fren. Tavan tutar\u0131, kesintiler ve yasal \u015fartlar i\u00e7in bloga t\u0131kla.\" \/>\n<meta name=\"robots\" content=\"index, follow, max-snippet:-1, max-image-preview:large, max-video-preview:-1\" \/>\n<link rel=\"canonical\" href=\"https:\/\/www.kariyer.net\/kariyer-rehberi\/2026-tazminat-hesaplama-rehberi-kidem-ve-ihbar-tazminati-nasil-hesaplanir\/\" \/>\n<meta property=\"og:locale\" content=\"tr_TR\" \/>\n<meta property=\"og:type\" content=\"article\" \/>\n<meta property=\"og:title\" content=\"2026 Tazminat Hesaplama Rehberi: K\u0131dem ve \u0130hbar Tazminat\u0131 Nas\u0131l Hesaplan\u0131r?\" \/>\n<meta property=\"og:description\" content=\"2026 Tazminat Hesaplama Rehberi: K\u0131dem ve \u0130hbar Tazminat\u0131 Nas\u0131l Hesaplan\u0131r? \u0130\u015f s\u00f6zle\u015fmesinin sona erdi\u011fi d\u00f6nemlerde akl\u0131m\u0131za ilk tak\u0131lan sorulardan biri\" \/>\n<meta property=\"og:url\" content=\"https:\/\/www.kariyer.net\/kariyer-rehberi\/2026-tazminat-hesaplama-rehberi-kidem-ve-ihbar-tazminati-nasil-hesaplanir\/\" \/>\n<meta property=\"og:site_name\" content=\"Kariyer Rehberi\" \/>\n<meta property=\"article:published_time\" content=\"2026-03-06T10:31:46+00:00\" \/>\n<meta property=\"og:image\" content=\"https:\/\/www.kariyer.net\/kariyer-rehberi\/wp-content\/uploads\/2026\/03\/2026-Tazminat-hesaplama.png\" \/>\n\t<meta property=\"og:image:width\" content=\"900\" \/>\n\t<meta property=\"og:image:height\" content=\"595\" \/>\n\t<meta property=\"og:image:type\" content=\"image\/png\" \/>\n<meta name=\"author\" content=\"Edit\u00f6r\" \/>\n<meta name=\"twitter:card\" content=\"summary_large_image\" \/>\n<meta name=\"twitter:label1\" content=\"Yazan:\" \/>\n\t<meta name=\"twitter:data1\" content=\"Edit\u00f6r\" \/>\n\t<meta name=\"twitter:label2\" content=\"Tahmini okuma s\u00fcresi\" \/>\n\t<meta name=\"twitter:data2\" content=\"4 dakika\" \/>\n<!-- \/ Yoast SEO Premium plugin. -->","yoast_head_json":{"title":"2026 Tazminat Hesaplama Rehberi | K\u0131dem ve \u0130hbar Tazminat\u0131","description":"2026 y\u0131l\u0131 g\u00fcncel verileriyle k\u0131dem ve ihbar tazminat\u0131 hesaplama ad\u0131mlar\u0131n\u0131 \u00f6\u011fren. Tavan tutar\u0131, kesintiler ve yasal \u015fartlar i\u00e7in bloga t\u0131kla.","robots":{"index":"index","follow":"follow","max-snippet":"max-snippet:-1","max-image-preview":"max-image-preview:large","max-video-preview":"max-video-preview:-1"},"canonical":"https:\/\/www.kariyer.net\/kariyer-rehberi\/2026-tazminat-hesaplama-rehberi-kidem-ve-ihbar-tazminati-nasil-hesaplanir\/","og_locale":"tr_TR","og_type":"article","og_title":"2026 Tazminat Hesaplama Rehberi: K\u0131dem ve \u0130hbar Tazminat\u0131 Nas\u0131l Hesaplan\u0131r?","og_description":"2026 Tazminat Hesaplama Rehberi: K\u0131dem ve \u0130hbar Tazminat\u0131 Nas\u0131l Hesaplan\u0131r? \u0130\u015f s\u00f6zle\u015fmesinin sona erdi\u011fi d\u00f6nemlerde akl\u0131m\u0131za ilk tak\u0131lan sorulardan biri","og_url":"https:\/\/www.kariyer.net\/kariyer-rehberi\/2026-tazminat-hesaplama-rehberi-kidem-ve-ihbar-tazminati-nasil-hesaplanir\/","og_site_name":"Kariyer Rehberi","article_published_time":"2026-03-06T10:31:46+00:00","og_image":[{"width":900,"height":595,"url":"https:\/\/www.kariyer.net\/kariyer-rehberi\/wp-content\/uploads\/2026\/03\/2026-Tazminat-hesaplama.png","type":"image\/png"}],"author":"Edit\u00f6r","twitter_card":"summary_large_image","twitter_misc":{"Yazan:":"Edit\u00f6r","Tahmini okuma s\u00fcresi":"4 dakika"},"schema":{"@context":"https:\/\/schema.org","@graph":[{"@type":"Article","@id":"https:\/\/www.kariyer.net\/kariyer-rehberi\/2026-tazminat-hesaplama-rehberi-kidem-ve-ihbar-tazminati-nasil-hesaplanir\/#article","isPartOf":{"@id":"https:\/\/www.kariyer.net\/kariyer-rehberi\/2026-tazminat-hesaplama-rehberi-kidem-ve-ihbar-tazminati-nasil-hesaplanir\/"},"author":{"name":"Edit\u00f6r","@id":"https:\/\/www.kariyer.net\/kariyer-rehberi\/#\/schema\/person\/94fd6e49c7ff1b1b2565a2cc4fd685dd"},"headline":"2026 Tazminat Hesaplama Rehberi: K\u0131dem ve \u0130hbar Tazminat\u0131 Nas\u0131l Hesaplan\u0131r?","datePublished":"2026-03-06T10:31:46+00:00","mainEntityOfPage":{"@id":"https:\/\/www.kariyer.net\/kariyer-rehberi\/2026-tazminat-hesaplama-rehberi-kidem-ve-ihbar-tazminati-nasil-hesaplanir\/"},"wordCount":833,"publisher":{"@id":"https:\/\/www.kariyer.net\/kariyer-rehberi\/#organization"},"image":{"@id":"https:\/\/www.kariyer.net\/kariyer-rehberi\/2026-tazminat-hesaplama-rehberi-kidem-ve-ihbar-tazminati-nasil-hesaplanir\/#primaryimage"},"thumbnailUrl":"https:\/\/www.kariyer.net\/kariyer-rehberi\/wp-content\/uploads\/2026\/03\/2026-Tazminat-hesaplama.png","articleSection":["\u0130\u015f Hayat\u0131","\u0130\u015f Hukuku"],"inLanguage":"tr"},{"@type":"WebPage","@id":"https:\/\/www.kariyer.net\/kariyer-rehberi\/2026-tazminat-hesaplama-rehberi-kidem-ve-ihbar-tazminati-nasil-hesaplanir\/","url":"https:\/\/www.kariyer.net\/kariyer-rehberi\/2026-tazminat-hesaplama-rehberi-kidem-ve-ihbar-tazminati-nasil-hesaplanir\/","name":"2026 Tazminat Hesaplama Rehberi | K\u0131dem ve \u0130hbar Tazminat\u0131","isPartOf":{"@id":"https:\/\/www.kariyer.net\/kariyer-rehberi\/#website"},"primaryImageOfPage":{"@id":"https:\/\/www.kariyer.net\/kariyer-rehberi\/2026-tazminat-hesaplama-rehberi-kidem-ve-ihbar-tazminati-nasil-hesaplanir\/#primaryimage"},"image":{"@id":"https:\/\/www.kariyer.net\/kariyer-rehberi\/2026-tazminat-hesaplama-rehberi-kidem-ve-ihbar-tazminati-nasil-hesaplanir\/#primaryimage"},"thumbnailUrl":"https:\/\/www.kariyer.net\/kariyer-rehberi\/wp-content\/uploads\/2026\/03\/2026-Tazminat-hesaplama.png","datePublished":"2026-03-06T10:31:46+00:00","description":"2026 y\u0131l\u0131 g\u00fcncel verileriyle k\u0131dem ve ihbar tazminat\u0131 hesaplama ad\u0131mlar\u0131n\u0131 \u00f6\u011fren. Tavan tutar\u0131, kesintiler ve yasal \u015fartlar i\u00e7in bloga t\u0131kla.","breadcrumb":{"@id":"https:\/\/www.kariyer.net\/kariyer-rehberi\/2026-tazminat-hesaplama-rehberi-kidem-ve-ihbar-tazminati-nasil-hesaplanir\/#breadcrumb"},"inLanguage":"tr","potentialAction":[{"@type":"ReadAction","target":["https:\/\/www.kariyer.net\/kariyer-rehberi\/2026-tazminat-hesaplama-rehberi-kidem-ve-ihbar-tazminati-nasil-hesaplanir\/"]}]},{"@type":"ImageObject","inLanguage":"tr","@id":"https:\/\/www.kariyer.net\/kariyer-rehberi\/2026-tazminat-hesaplama-rehberi-kidem-ve-ihbar-tazminati-nasil-hesaplanir\/#primaryimage","url":"https:\/\/www.kariyer.net\/kariyer-rehberi\/wp-content\/uploads\/2026\/03\/2026-Tazminat-hesaplama.png","contentUrl":"https:\/\/www.kariyer.net\/kariyer-rehberi\/wp-content\/uploads\/2026\/03\/2026-Tazminat-hesaplama.png","width":900,"height":595,"caption":"2026 Tazminat hesaplama"},{"@type":"BreadcrumbList","@id":"https:\/\/www.kariyer.net\/kariyer-rehberi\/2026-tazminat-hesaplama-rehberi-kidem-ve-ihbar-tazminati-nasil-hesaplanir\/#breadcrumb","itemListElement":[{"@type":"ListItem","position":1,"name":"Anasayfa","item":"https:\/\/www.kariyer.net\/kariyer-rehberi\/"},{"@type":"ListItem","position":2,"name":"2026 Tazminat Hesaplama Rehberi: K\u0131dem ve \u0130hbar Tazminat\u0131 Nas\u0131l Hesaplan\u0131r?"}]},{"@type":"WebSite","@id":"https:\/\/www.kariyer.net\/kariyer-rehberi\/#website","url":"https:\/\/www.kariyer.net\/kariyer-rehberi\/","name":"Kariyer Rehberi","description":"\u0130\u015f D\u00fcnyas\u0131yla \u0130lgili Bilmek \u0130stedi\u011finiz Her \u015eey","publisher":{"@id":"https:\/\/www.kariyer.net\/kariyer-rehberi\/#organization"},"potentialAction":[{"@type":"SearchAction","target":{"@type":"EntryPoint","urlTemplate":"https:\/\/www.kariyer.net\/kariyer-rehberi\/?s={search_term_string}"},"query-input":{"@type":"PropertyValueSpecification","valueRequired":true,"valueName":"search_term_string"}}],"inLanguage":"tr"},{"@type":"Organization","@id":"https:\/\/www.kariyer.net\/kariyer-rehberi\/#organization","name":"Kariyer.net","url":"https:\/\/www.kariyer.net\/kariyer-rehberi\/","logo":{"@type":"ImageObject","inLanguage":"tr","@id":"https:\/\/www.kariyer.net\/kariyer-rehberi\/#\/schema\/logo\/image\/","url":"https:\/\/www.kariyer.net\/kariyer-rehberi-new\/wp-content\/uploads\/2023\/01\/og-image11.jpg","contentUrl":"https:\/\/www.kariyer.net\/kariyer-rehberi-new\/wp-content\/uploads\/2023\/01\/og-image11.jpg","width":800,"height":800,"caption":"Kariyer.net"},"image":{"@id":"https:\/\/www.kariyer.net\/kariyer-rehberi\/#\/schema\/logo\/image\/"}},{"@type":"Person","@id":"https:\/\/www.kariyer.net\/kariyer-rehberi\/#\/schema\/person\/94fd6e49c7ff1b1b2565a2cc4fd685dd","name":"Edit\u00f6r","image":{"@type":"ImageObject","inLanguage":"tr","@id":"https:\/\/www.kariyer.net\/kariyer-rehberi\/#\/schema\/person\/image\/","url":"https:\/\/secure.gravatar.com\/avatar\/0c4fe6688343aed3693b15573beae12c08ace5565409d5ab7509bf9c115f458d?s=96&d=mm&r=g","contentUrl":"https:\/\/secure.gravatar.com\/avatar\/0c4fe6688343aed3693b15573beae12c08ace5565409d5ab7509bf9c115f458d?s=96&d=mm&r=g","caption":"Edit\u00f6r"},"url":"https:\/\/www.kariyer.net\/kariyer-rehberi\/author\/editor\/"}]}},"_links":{"self":[{"href":"https:\/\/www.kariyer.net\/kariyer-rehberi\/wp-json\/wp\/v2\/posts\/22844","targetHints":{"allow":["GET"]}}],"collection":[{"href":"https:\/\/www.kariyer.net\/kariyer-rehberi\/wp-json\/wp\/v2\/posts"}],"about":[{"href":"https:\/\/www.kariyer.net\/kariyer-rehberi\/wp-json\/wp\/v2\/types\/post"}],"author":[{"embeddable":true,"href":"https:\/\/www.kariyer.net\/kariyer-rehberi\/wp-json\/wp\/v2\/users\/12"}],"replies":[{"embeddable":true,"href":"https:\/\/www.kariyer.net\/kariyer-rehberi\/wp-json\/wp\/v2\/comments?post=22844"}],"version-history":[{"count":5,"href":"https:\/\/www.kariyer.net\/kariyer-rehberi\/wp-json\/wp\/v2\/posts\/22844\/revisions"}],"predecessor-version":[{"id":22850,"href":"https:\/\/www.kariyer.net\/kariyer-rehberi\/wp-json\/wp\/v2\/posts\/22844\/revisions\/22850"}],"wp:featuredmedia":[{"embeddable":true,"href":"https:\/\/www.kariyer.net\/kariyer-rehberi\/wp-json\/wp\/v2\/media\/22846"}],"wp:attachment":[{"href":"https:\/\/www.kariyer.net\/kariyer-rehberi\/wp-json\/wp\/v2\/media?parent=22844"}],"wp:term":[{"taxonomy":"category","embeddable":true,"href":"https:\/\/www.kariyer.net\/kariyer-rehberi\/wp-json\/wp\/v2\/categories?post=22844"},{"taxonomy":"post_tag","embeddable":true,"href":"https:\/\/www.kariyer.net\/kariyer-rehberi\/wp-json\/wp\/v2\/tags?post=22844"}],"curies":[{"name":"wp","href":"https:\/\/api.w.org\/{rel}","templated":true}]}}