{"id":22851,"date":"2026-03-12T10:11:37","date_gmt":"2026-03-12T07:11:37","guid":{"rendered":"https:\/\/www.kariyer.net\/kariyer-rehberi\/?p=22851"},"modified":"2026-03-12T10:11:37","modified_gmt":"2026-03-12T07:11:37","slug":"issizlik-maasi-hesaplama-2026-sartlar","status":"publish","type":"post","link":"https:\/\/www.kariyer.net\/kariyer-rehberi\/issizlik-maasi-hesaplama-2026-sartlar\/","title":{"rendered":"\u0130\u015fsizlik Maa\u015f\u0131 Hesaplama 2026: G\u00fcncel Rakamlar ve \u015eartlar"},"content":{"rendered":"<p class=\"font-claude-response-body break-words whitespace-normal leading-[1.7]\">\u0130\u015f s\u00f6zle\u015fmesi sona eren pek \u00e7ok \u00e7al\u0131\u015fan, i\u015fsizlik \u00f6dene\u011fine hak kazan\u0131p kazanmad\u0131\u011f\u0131n\u0131 ve ne kadar alabilece\u011fini tam olarak bilememektedir. 2026 y\u0131l\u0131nda br\u00fct asgari \u00fccretin g\u00fcncellenmesiyle birlikte i\u015fsizlik maa\u015f\u0131 \u00f6denek tutarlar\u0131 da de\u011fi\u015fmi\u015ftir. \u0130\u015fsizlik maa\u015f\u0131 i\u00e7in ba\u015fvuru \u015fartlar\u0131, hesaplama y\u00f6ntemi ve g\u00fcncel tutarlar i\u00e7in i\u00e7eri\u011fe g\u00f6z atabilirsin.<\/p>\n<h2 class=\"text-text-100 mt-3 -mb-1 text-[1.125rem] font-bold\">\u0130\u015fsizlik Maa\u015f\u0131 Nedir?<\/h2>\n<p class=\"font-claude-response-body break-words whitespace-normal leading-[1.7]\"><a href=\"https:\/\/www.kariyer.net\/kariyer-rehberi\/issizlik-maasi-nedir-issizlik-maasi-alma-sartlari-nelerdir\/\">\u0130\u015fsizlik maa\u015f\u0131<\/a> (i\u015fsizlik \u00f6dene\u011fi); \u00a04447 say\u0131l\u0131 \u0130\u015fsizlik Sigortas\u0131 Kanunu \u00e7er\u00e7evesinde sigortal\u0131 \u00e7al\u0131\u015fanlar\u0131n istekleri ve kusurlar\u0131 d\u0131\u015f\u0131nda i\u015flerini kaybetmeleri durumunda, i\u015fsiz kald\u0131klar\u0131 s\u00fcre boyunca u\u011frad\u0131klar\u0131 gelir kayb\u0131n\u0131 telafi etmek amac\u0131yla \u0130\u015fsizlik Sigortas\u0131 Fonu&#8217;ndan yap\u0131lan \u00f6demedir. Bu \u00f6denek, \u00e7al\u0131\u015fan\u0131n \u00f6nceki br\u00fct maa\u015f\u0131na g\u00f6re hesaplan\u0131r ancak yasal s\u0131n\u0131rlarla s\u0131n\u0131rland\u0131r\u0131l\u0131r.<\/p>\n<h2 class=\"text-text-100 mt-3 -mb-1 text-[1.125rem] font-bold\">2026 \u0130\u015fsizlik Maa\u015f\u0131 \u015eartlar\u0131 Nelerdir?<\/h2>\n<p class=\"font-claude-response-body break-words whitespace-normal leading-[1.7]\">\u0130\u015fsizlik \u00f6dene\u011finden yararlanabilmek i\u00e7in 4447 say\u0131l\u0131 \u0130\u015fsizlik Sigortas\u0131 Kanunu kapsam\u0131nda belirlenen kriterlerin kar\u015f\u0131lanmas\u0131 gerekir. 2026 y\u0131l\u0131 itibar\u0131yla ge\u00e7erli olan temel ba\u015fvuru \u015fartlar\u0131 \u015funlard\u0131r:<\/p>\n<ul class=\"[li_&amp;]:mb-0 [li_&amp;]:mt-1 [li_&amp;]:gap-1 [&amp;:not(:last-child)_ul]:pb-1 [&amp;:not(:last-child)_ol]:pb-1 list-disc flex flex-col gap-1 pl-8 mb-3\">\n<li class=\"whitespace-normal break-words pl-2\"><strong>Hizmet Akdinin Feshi:<\/strong> \u0130\u015f s\u00f6zle\u015fmesinin \u00e7al\u0131\u015fan\u0131n kendi istek ve kusuru d\u0131\u015f\u0131nda (i\u015ften \u00e7\u0131kar\u0131lma, hakl\u0131 nedenle fesih vb.) sona ermi\u015f olmas\u0131 gerekir.<\/li>\n<li class=\"whitespace-normal break-words pl-2\"><strong>Son 120 G\u00fcn \u015eart\u0131:<\/strong> Hizmet akdinin sona ermesinden \u00f6nceki son 120 g\u00fcn i\u00e7inde hizmet akdine tabi olunmal\u0131d\u0131r.<\/li>\n<li class=\"whitespace-normal break-words pl-2\"><strong>Prim G\u00fcn Say\u0131s\u0131:<\/strong> \u0130\u015ften ayr\u0131lmadan \u00f6nceki son \u00fc\u00e7 y\u0131l i\u00e7inde en az 600 g\u00fcn s\u00fcreyle i\u015fsizlik sigortas\u0131 priminin \u00f6denmi\u015f olmas\u0131 \u015fartt\u0131r.<\/li>\n<li class=\"whitespace-normal break-words pl-2\"><strong>Ba\u015fvuru S\u00fcresi:<\/strong> \u0130\u015f s\u00f6zle\u015fmesinin feshinden sonraki 30 g\u00fcn i\u00e7inde \u0130\u015eKUR birimlerine \u015fahsen veya elektronik ortamda ba\u015fvuru yap\u0131lmas\u0131 gerekir.<\/li>\n<\/ul>\n<h2 class=\"text-text-100 mt-3 -mb-1 text-[1.125rem] font-bold\">\u0130\u015fsizlik Maa\u015f\u0131 Nas\u0131l Hesaplan\u0131r?<\/h2>\n<p class=\"font-claude-response-body break-words whitespace-normal leading-[1.7]\">\u0130\u015fsizlik maa\u015f\u0131 hesaplamas\u0131nda sigortal\u0131n\u0131n son d\u00f6rt ayl\u0131k prime esas kazan\u00e7lar\u0131 dikkate al\u0131n\u0131r. G\u00fcnl\u00fck i\u015fsizlik \u00f6dene\u011fi, bu s\u00fcredeki g\u00fcnl\u00fck ortalama br\u00fct kazanc\u0131n %40&#8217;\u0131 olarak belirlenir. Hesaplanan tutar, ayl\u0131k br\u00fct asgari \u00fccretin %80&#8217;ini a\u015famaz.<\/p>\n<p class=\"font-claude-response-body break-words whitespace-normal leading-[1.7]\">2026 y\u0131l\u0131 Ocak ay\u0131 itibar\u0131yla br\u00fct asgari \u00fccret 33.030,00 TL olarak uygulanmaktad\u0131r. Bu rakam do\u011frultusunda hesaplama limitleri a\u015fa\u011f\u0131daki tabloda yer almaktad\u0131r.<\/p>\n<h3 class=\"text-text-100 mt-2 -mb-1 text-base font-bold\">2026 En D\u00fc\u015f\u00fck ve En Y\u00fcksek \u0130\u015fsizlik Maa\u015f\u0131 Tutarlar\u0131<\/h3>\n<div class=\"overflow-x-auto w-full px-2 mb-6\">\n<table class=\"min-w-full border-collapse text-sm leading-[1.7] whitespace-normal\">\n<thead class=\"text-left\">\n<tr>\n<th class=\"text-text-100 border-b-0.5 border-border-300\/60 py-2 pr-4 align-top font-bold\" scope=\"col\">\u00d6deme Kalemi<\/th>\n<th class=\"text-text-100 border-b-0.5 border-border-300\/60 py-2 pr-4 align-top font-bold\" scope=\"col\">Br\u00fct Tutar (TL)<\/th>\n<th class=\"text-text-100 border-b-0.5 border-border-300\/60 py-2 pr-4 align-top font-bold\" scope=\"col\">Damga Vergisi (%0,759)<\/th>\n<th class=\"text-text-100 border-b-0.5 border-border-300\/60 py-2 pr-4 align-top font-bold\" scope=\"col\">Net \u00d6denen Tutar (TL)<\/th>\n<\/tr>\n<\/thead>\n<tbody>\n<tr>\n<td class=\"border-b-0.5 border-border-300\/30 py-2 pr-4 align-top\">En D\u00fc\u015f\u00fck \u0130\u015fsizlik Maa\u015f\u0131<\/td>\n<td class=\"border-b-0.5 border-border-300\/30 py-2 pr-4 align-top\">13.212,00<\/td>\n<td class=\"border-b-0.5 border-border-300\/30 py-2 pr-4 align-top\">100,28<\/td>\n<td class=\"border-b-0.5 border-border-300\/30 py-2 pr-4 align-top\">13.111,72<\/td>\n<\/tr>\n<tr>\n<td class=\"border-b-0.5 border-border-300\/30 py-2 pr-4 align-top\">En Y\u00fcksek \u0130\u015fsizlik Maa\u015f\u0131<\/td>\n<td class=\"border-b-0.5 border-border-300\/30 py-2 pr-4 align-top\">26.424,00<\/td>\n<td class=\"border-b-0.5 border-border-300\/30 py-2 pr-4 align-top\">200,56<\/td>\n<td class=\"border-b-0.5 border-border-300\/30 py-2 pr-4 align-top\">26.223,44<\/td>\n<\/tr>\n<\/tbody>\n<\/table>\n<\/div>\n<p class=\"font-claude-response-body break-words whitespace-normal leading-[1.7]\"><em>\u0130\u015fsizlik \u00f6dene\u011fi \u00fczerinden yaln\u0131zca damga vergisi kesintisi yap\u0131l\u0131r.<\/em><\/p>\n<h2 class=\"text-text-100 mt-3 -mb-1 text-[1.125rem] font-bold\">\u0130\u015fsizlik Maa\u015f\u0131 Ne Kadar S\u00fcreyle \u00d6denir?<\/h2>\n<p class=\"font-claude-response-body break-words whitespace-normal leading-[1.7]\">\u00d6denek s\u00fcresi, \u00e7al\u0131\u015fan\u0131n son \u00fc\u00e7 y\u0131l i\u00e7indeki prim \u00f6deme g\u00fcn say\u0131s\u0131na ba\u011fl\u0131 olarak de\u011fi\u015fir. 2026 y\u0131l\u0131nda uygulanan s\u00fcreler \u015f\u00f6yledir:<\/p>\n<ol class=\"[li_&amp;]:mb-0 [li_&amp;]:mt-1 [li_&amp;]:gap-1 [&amp;:not(:last-child)_ul]:pb-1 [&amp;:not(:last-child)_ol]:pb-1 list-decimal flex flex-col gap-1 pl-8 mb-3\">\n<li class=\"whitespace-normal break-words pl-2\">600 g\u00fcn prim \u00f6deyen sigortal\u0131lara <strong>180 g\u00fcn (6 ay)<\/strong><\/li>\n<li class=\"whitespace-normal break-words pl-2\">900 g\u00fcn prim \u00f6deyen sigortal\u0131lara <strong>240 g\u00fcn (8 ay)<\/strong><\/li>\n<li class=\"whitespace-normal break-words pl-2\">1.080 g\u00fcn prim \u00f6deyen sigortal\u0131lara <strong>300 g\u00fcn (10 ay)<\/strong><\/li>\n<\/ol>\n<h2 class=\"text-text-100 mt-3 -mb-1 text-[1.125rem] font-bold\">\u0130stifa Eden \u0130\u015fsizlik Maa\u015f\u0131 Alabilir mi?<\/h2>\n<p class=\"font-claude-response-body break-words whitespace-normal leading-[1.7]\">Genel kural olarak kendi iste\u011fiyle i\u015ften ayr\u0131lan \u00e7al\u0131\u015fanlar i\u015fsizlik \u00f6dene\u011fine hak kazanamaz. Ancak \u0130\u015f Kanunu uyar\u0131nca &#8220;hakl\u0131 nedenle fesih&#8221; kapsam\u0131nda de\u011ferlendirilen durumlar (maa\u015f\u0131n \u00f6denmemesi, mobbing, i\u015f g\u00fcvenli\u011fi ihlalleri vb.) s\u00f6z konusu oldu\u011funda, durumu belgeleyen \u00e7al\u0131\u015fanlar\u0131n \u00f6denekten yararlanmas\u0131 m\u00fcmk\u00fcn olabilir. Bu s\u00fcre\u00e7te yeni bir i\u015f ba\u015fvurusuna haz\u0131rl\u0131k kapsam\u0131nda [i\u015f g\u00f6r\u00fc\u015fmesi s\u00fcre\u00e7leri] hakk\u0131ndaki i\u00e7eriklerden de yararlan\u0131labilir.<\/p>\n<h2 class=\"text-text-100 mt-3 -mb-1 text-[1.125rem] font-bold\">\u0130\u015fsizlik Maa\u015f\u0131 Ba\u015fvurusu Nereye Yap\u0131l\u0131r?<\/h2>\n<p class=\"font-claude-response-body break-words whitespace-normal leading-[1.7]\">Hizmet akdinin feshinden sonraki 30 g\u00fcn i\u00e7inde en yak\u0131n \u0130\u015eKUR birimine gidilerek ya da e-Devlet kap\u0131s\u0131 \u00fczerinden \u00e7evrimi\u00e7i ba\u015fvuru tamamlanabilir. 30 g\u00fcnl\u00fck s\u00fcrenin ge\u00e7irilmesi durumunda gecikilen her g\u00fcn, toplam \u00f6denek s\u00fcresinden d\u00fc\u015f\u00fclmektedir.<\/p>\n<p class=\"font-claude-response-body break-words whitespace-normal leading-[1.7]\"><strong>\u00d6nemli Not:<\/strong> Bu i\u00e7erik genel bilgilendirme ama\u00e7l\u0131d\u0131r. \u0130\u015f hukuku ve sosyal g\u00fcvenlik mevzuat\u0131ndaki olas\u0131 de\u011fi\u015fiklikler nedeniyle kesin hesaplamalar ve g\u00fcncel haklar i\u00e7in resmi makamlar\u0131n ve uzman g\u00f6r\u00fc\u015f\u00fcn\u00fcn dikkate al\u0131nmas\u0131 \u00f6nerilir.<\/p>\n<p>&nbsp;<\/p>\n<!-- templates\/buttons-placeholder.php -->\n<div class=\"da-reactions-outer TpostID22851\">\n\t    <div class=\"da-reactions-data da-reactions-container-async center\"\n         data-type=\"post\"\n         data-id=\"22851\"\n         id=\"da-reactions-slot-post-22851\">\n        <div class=\"da-reactions-static\">\n\t\t\t<img src=\"https:\/\/www.kariyer.net\/kariyer-rehberi\/wp-content\/plugins\/da-reactions\/assets\/dist\/loading.svg\" alt=\"Loading spinner\" width=\"48\" height=\"48\" style=\"width:48px\" \/>\n        <\/div>\n    <\/div>\n<\/div>\n","protected":false},"excerpt":{"rendered":"<p>\u0130\u015f s\u00f6zle\u015fmesi sona eren pek \u00e7ok \u00e7al\u0131\u015fan, i\u015fsizlik \u00f6dene\u011fine hak kazan\u0131p kazanmad\u0131\u011f\u0131n\u0131 ve ne kadar alabilece\u011fini tam olarak bilememektedir. 2026 y\u0131l\u0131nda br\u00fct asgari \u00fccretin g\u00fcncellenmesiyle birlikte i\u015fsizlik maa\u015f\u0131 \u00f6denek tutarlar\u0131 da de\u011fi\u015fmi\u015ftir. \u0130\u015fsizlik maa\u015f\u0131 i\u00e7in ba\u015fvuru \u015fartlar\u0131, hesaplama y\u00f6ntemi ve g\u00fcncel tutarlar i\u00e7in i\u00e7eri\u011fe g\u00f6z atabilirsin. \u0130\u015fsizlik Maa\u015f\u0131 Nedir? \u0130\u015fsizlik maa\u015f\u0131 (i\u015fsizlik \u00f6dene\u011fi); \u00a04447 say\u0131l\u0131 [&hellip;]<\/p>\n<!-- templates\/buttons-placeholder.php -->\n<div class=\"da-reactions-outer TpostID22851\">\n\t    <div class=\"da-reactions-data da-reactions-container-async center\"\n         data-type=\"post\"\n         data-id=\"22851\"\n         id=\"da-reactions-slot-post-22851\">\n        <div class=\"da-reactions-static\">\n\t\t\t<img src=\"https:\/\/www.kariyer.net\/kariyer-rehberi\/wp-content\/plugins\/da-reactions\/assets\/dist\/loading.svg\" alt=\"Loading spinner\" width=\"48\" height=\"48\" style=\"width:48px\" \/>\n        <\/div>\n    <\/div>\n<\/div>\n","protected":false},"author":12,"featured_media":22854,"comment_status":"closed","ping_status":"open","sticky":false,"template":"","format":"standard","meta":{"footnotes":"","_elementor_edit_mode":"","_elementor_template_type":"","_elementor_data":"","_elementor_page_settings":null,"_elementor_conditions":[]},"categories":[46,2218],"tags":[],"class_list":{"0":"post-22851","1":"post","2":"type-post","3":"status-publish","4":"format-standard","5":"has-post-thumbnail","7":"category-is-hayati","8":"category-is-hukuku"},"yoast_head":"<!-- This site is optimized with the Yoast SEO Premium plugin v21.4 (Yoast SEO v27.0) - https:\/\/yoast.com\/product\/yoast-seo-premium-wordpress\/ -->\n<title>\u0130\u015fsizlik Maa\u015f\u0131 2026 Hesaplama: G\u00fcncel Tutar ve \u015eartlar<\/title>\n<meta name=\"description\" content=\"2026 i\u015fsizlik maa\u015f\u0131 ne kadar? Ba\u015fvuru \u015fartlar\u0131, hesaplama y\u00f6ntemi ve en d\u00fc\u015f\u00fck\/en y\u00fcksek g\u00fcncel tutarlar bui\u00e7in hemen t\u0131kla!\" \/>\n<meta name=\"robots\" content=\"index, follow, max-snippet:-1, max-image-preview:large, max-video-preview:-1\" \/>\n<link rel=\"canonical\" href=\"https:\/\/www.kariyer.net\/kariyer-rehberi\/issizlik-maasi-hesaplama-2026-sartlar\/\" \/>\n<meta property=\"og:locale\" content=\"tr_TR\" \/>\n<meta property=\"og:type\" content=\"article\" \/>\n<meta property=\"og:title\" content=\"\u0130\u015fsizlik Maa\u015f\u0131 Hesaplama 2026: G\u00fcncel Rakamlar ve \u015eartlar\" \/>\n<meta property=\"og:description\" content=\"\u0130\u015f s\u00f6zle\u015fmesi sona eren pek \u00e7ok \u00e7al\u0131\u015fan, i\u015fsizlik \u00f6dene\u011fine hak kazan\u0131p kazanmad\u0131\u011f\u0131n\u0131 ve ne kadar alabilece\u011fini tam olarak bilememektedir. 2026 y\u0131l\u0131nda\" \/>\n<meta property=\"og:url\" content=\"https:\/\/www.kariyer.net\/kariyer-rehberi\/issizlik-maasi-hesaplama-2026-sartlar\/\" \/>\n<meta property=\"og:site_name\" content=\"Kariyer Rehberi\" \/>\n<meta property=\"article:published_time\" content=\"2026-03-12T07:11:37+00:00\" \/>\n<meta property=\"og:image\" content=\"https:\/\/www.kariyer.net\/kariyer-rehberi\/wp-content\/uploads\/2026\/03\/Issizlik-Maasi-Hesaplama-2026.png\" \/>\n\t<meta property=\"og:image:width\" content=\"900\" \/>\n\t<meta property=\"og:image:height\" content=\"595\" \/>\n\t<meta property=\"og:image:type\" content=\"image\/png\" \/>\n<meta name=\"author\" content=\"Edit\u00f6r\" \/>\n<meta name=\"twitter:card\" content=\"summary_large_image\" \/>\n<meta name=\"twitter:label1\" content=\"Yazan:\" \/>\n\t<meta name=\"twitter:data1\" content=\"Edit\u00f6r\" \/>\n\t<meta name=\"twitter:label2\" content=\"Tahmini okuma s\u00fcresi\" \/>\n\t<meta name=\"twitter:data2\" content=\"4 dakika\" \/>\n<!-- \/ Yoast SEO Premium plugin. -->","yoast_head_json":{"title":"\u0130\u015fsizlik Maa\u015f\u0131 2026 Hesaplama: G\u00fcncel Tutar ve \u015eartlar","description":"2026 i\u015fsizlik maa\u015f\u0131 ne kadar? Ba\u015fvuru \u015fartlar\u0131, hesaplama y\u00f6ntemi ve en d\u00fc\u015f\u00fck\/en y\u00fcksek g\u00fcncel tutarlar bui\u00e7in hemen t\u0131kla!","robots":{"index":"index","follow":"follow","max-snippet":"max-snippet:-1","max-image-preview":"max-image-preview:large","max-video-preview":"max-video-preview:-1"},"canonical":"https:\/\/www.kariyer.net\/kariyer-rehberi\/issizlik-maasi-hesaplama-2026-sartlar\/","og_locale":"tr_TR","og_type":"article","og_title":"\u0130\u015fsizlik Maa\u015f\u0131 Hesaplama 2026: G\u00fcncel Rakamlar ve \u015eartlar","og_description":"\u0130\u015f s\u00f6zle\u015fmesi sona eren pek \u00e7ok \u00e7al\u0131\u015fan, i\u015fsizlik \u00f6dene\u011fine hak kazan\u0131p kazanmad\u0131\u011f\u0131n\u0131 ve ne kadar alabilece\u011fini tam olarak bilememektedir. 2026 y\u0131l\u0131nda","og_url":"https:\/\/www.kariyer.net\/kariyer-rehberi\/issizlik-maasi-hesaplama-2026-sartlar\/","og_site_name":"Kariyer Rehberi","article_published_time":"2026-03-12T07:11:37+00:00","og_image":[{"width":900,"height":595,"url":"https:\/\/www.kariyer.net\/kariyer-rehberi\/wp-content\/uploads\/2026\/03\/Issizlik-Maasi-Hesaplama-2026.png","type":"image\/png"}],"author":"Edit\u00f6r","twitter_card":"summary_large_image","twitter_misc":{"Yazan:":"Edit\u00f6r","Tahmini okuma s\u00fcresi":"4 dakika"},"schema":{"@context":"https:\/\/schema.org","@graph":[{"@type":"Article","@id":"https:\/\/www.kariyer.net\/kariyer-rehberi\/issizlik-maasi-hesaplama-2026-sartlar\/#article","isPartOf":{"@id":"https:\/\/www.kariyer.net\/kariyer-rehberi\/issizlik-maasi-hesaplama-2026-sartlar\/"},"author":{"name":"Edit\u00f6r","@id":"https:\/\/www.kariyer.net\/kariyer-rehberi\/#\/schema\/person\/94fd6e49c7ff1b1b2565a2cc4fd685dd"},"headline":"\u0130\u015fsizlik Maa\u015f\u0131 Hesaplama 2026: G\u00fcncel Rakamlar ve \u015eartlar","datePublished":"2026-03-12T07:11:37+00:00","mainEntityOfPage":{"@id":"https:\/\/www.kariyer.net\/kariyer-rehberi\/issizlik-maasi-hesaplama-2026-sartlar\/"},"wordCount":667,"publisher":{"@id":"https:\/\/www.kariyer.net\/kariyer-rehberi\/#organization"},"image":{"@id":"https:\/\/www.kariyer.net\/kariyer-rehberi\/issizlik-maasi-hesaplama-2026-sartlar\/#primaryimage"},"thumbnailUrl":"https:\/\/www.kariyer.net\/kariyer-rehberi\/wp-content\/uploads\/2026\/03\/Issizlik-Maasi-Hesaplama-2026.png","articleSection":["\u0130\u015f Hayat\u0131","\u0130\u015f Hukuku"],"inLanguage":"tr"},{"@type":"WebPage","@id":"https:\/\/www.kariyer.net\/kariyer-rehberi\/issizlik-maasi-hesaplama-2026-sartlar\/","url":"https:\/\/www.kariyer.net\/kariyer-rehberi\/issizlik-maasi-hesaplama-2026-sartlar\/","name":"\u0130\u015fsizlik Maa\u015f\u0131 2026 Hesaplama: G\u00fcncel Tutar ve \u015eartlar","isPartOf":{"@id":"https:\/\/www.kariyer.net\/kariyer-rehberi\/#website"},"primaryImageOfPage":{"@id":"https:\/\/www.kariyer.net\/kariyer-rehberi\/issizlik-maasi-hesaplama-2026-sartlar\/#primaryimage"},"image":{"@id":"https:\/\/www.kariyer.net\/kariyer-rehberi\/issizlik-maasi-hesaplama-2026-sartlar\/#primaryimage"},"thumbnailUrl":"https:\/\/www.kariyer.net\/kariyer-rehberi\/wp-content\/uploads\/2026\/03\/Issizlik-Maasi-Hesaplama-2026.png","datePublished":"2026-03-12T07:11:37+00:00","description":"2026 i\u015fsizlik maa\u015f\u0131 ne kadar? Ba\u015fvuru \u015fartlar\u0131, hesaplama y\u00f6ntemi ve en d\u00fc\u015f\u00fck\/en y\u00fcksek g\u00fcncel tutarlar bui\u00e7in hemen t\u0131kla!","breadcrumb":{"@id":"https:\/\/www.kariyer.net\/kariyer-rehberi\/issizlik-maasi-hesaplama-2026-sartlar\/#breadcrumb"},"inLanguage":"tr","potentialAction":[{"@type":"ReadAction","target":["https:\/\/www.kariyer.net\/kariyer-rehberi\/issizlik-maasi-hesaplama-2026-sartlar\/"]}]},{"@type":"ImageObject","inLanguage":"tr","@id":"https:\/\/www.kariyer.net\/kariyer-rehberi\/issizlik-maasi-hesaplama-2026-sartlar\/#primaryimage","url":"https:\/\/www.kariyer.net\/kariyer-rehberi\/wp-content\/uploads\/2026\/03\/Issizlik-Maasi-Hesaplama-2026.png","contentUrl":"https:\/\/www.kariyer.net\/kariyer-rehberi\/wp-content\/uploads\/2026\/03\/Issizlik-Maasi-Hesaplama-2026.png","width":900,"height":595,"caption":"\u0130\u015fsizlik Maa\u015f\u0131 Hesaplama 2026"},{"@type":"BreadcrumbList","@id":"https:\/\/www.kariyer.net\/kariyer-rehberi\/issizlik-maasi-hesaplama-2026-sartlar\/#breadcrumb","itemListElement":[{"@type":"ListItem","position":1,"name":"Anasayfa","item":"https:\/\/www.kariyer.net\/kariyer-rehberi\/"},{"@type":"ListItem","position":2,"name":"\u0130\u015fsizlik Maa\u015f\u0131 Hesaplama 2026: G\u00fcncel Rakamlar ve \u015eartlar"}]},{"@type":"WebSite","@id":"https:\/\/www.kariyer.net\/kariyer-rehberi\/#website","url":"https:\/\/www.kariyer.net\/kariyer-rehberi\/","name":"Kariyer Rehberi","description":"\u0130\u015f D\u00fcnyas\u0131yla \u0130lgili Bilmek \u0130stedi\u011finiz Her \u015eey","publisher":{"@id":"https:\/\/www.kariyer.net\/kariyer-rehberi\/#organization"},"potentialAction":[{"@type":"SearchAction","target":{"@type":"EntryPoint","urlTemplate":"https:\/\/www.kariyer.net\/kariyer-rehberi\/?s={search_term_string}"},"query-input":{"@type":"PropertyValueSpecification","valueRequired":true,"valueName":"search_term_string"}}],"inLanguage":"tr"},{"@type":"Organization","@id":"https:\/\/www.kariyer.net\/kariyer-rehberi\/#organization","name":"Kariyer.net","url":"https:\/\/www.kariyer.net\/kariyer-rehberi\/","logo":{"@type":"ImageObject","inLanguage":"tr","@id":"https:\/\/www.kariyer.net\/kariyer-rehberi\/#\/schema\/logo\/image\/","url":"https:\/\/www.kariyer.net\/kariyer-rehberi-new\/wp-content\/uploads\/2023\/01\/og-image11.jpg","contentUrl":"https:\/\/www.kariyer.net\/kariyer-rehberi-new\/wp-content\/uploads\/2023\/01\/og-image11.jpg","width":800,"height":800,"caption":"Kariyer.net"},"image":{"@id":"https:\/\/www.kariyer.net\/kariyer-rehberi\/#\/schema\/logo\/image\/"}},{"@type":"Person","@id":"https:\/\/www.kariyer.net\/kariyer-rehberi\/#\/schema\/person\/94fd6e49c7ff1b1b2565a2cc4fd685dd","name":"Edit\u00f6r","image":{"@type":"ImageObject","inLanguage":"tr","@id":"https:\/\/www.kariyer.net\/kariyer-rehberi\/#\/schema\/person\/image\/","url":"https:\/\/secure.gravatar.com\/avatar\/0c4fe6688343aed3693b15573beae12c08ace5565409d5ab7509bf9c115f458d?s=96&d=mm&r=g","contentUrl":"https:\/\/secure.gravatar.com\/avatar\/0c4fe6688343aed3693b15573beae12c08ace5565409d5ab7509bf9c115f458d?s=96&d=mm&r=g","caption":"Edit\u00f6r"},"url":"https:\/\/www.kariyer.net\/kariyer-rehberi\/author\/editor\/"}]}},"_links":{"self":[{"href":"https:\/\/www.kariyer.net\/kariyer-rehberi\/wp-json\/wp\/v2\/posts\/22851","targetHints":{"allow":["GET"]}}],"collection":[{"href":"https:\/\/www.kariyer.net\/kariyer-rehberi\/wp-json\/wp\/v2\/posts"}],"about":[{"href":"https:\/\/www.kariyer.net\/kariyer-rehberi\/wp-json\/wp\/v2\/types\/post"}],"author":[{"embeddable":true,"href":"https:\/\/www.kariyer.net\/kariyer-rehberi\/wp-json\/wp\/v2\/users\/12"}],"replies":[{"embeddable":true,"href":"https:\/\/www.kariyer.net\/kariyer-rehberi\/wp-json\/wp\/v2\/comments?post=22851"}],"version-history":[{"count":4,"href":"https:\/\/www.kariyer.net\/kariyer-rehberi\/wp-json\/wp\/v2\/posts\/22851\/revisions"}],"predecessor-version":[{"id":22856,"href":"https:\/\/www.kariyer.net\/kariyer-rehberi\/wp-json\/wp\/v2\/posts\/22851\/revisions\/22856"}],"wp:featuredmedia":[{"embeddable":true,"href":"https:\/\/www.kariyer.net\/kariyer-rehberi\/wp-json\/wp\/v2\/media\/22854"}],"wp:attachment":[{"href":"https:\/\/www.kariyer.net\/kariyer-rehberi\/wp-json\/wp\/v2\/media?parent=22851"}],"wp:term":[{"taxonomy":"category","embeddable":true,"href":"https:\/\/www.kariyer.net\/kariyer-rehberi\/wp-json\/wp\/v2\/categories?post=22851"},{"taxonomy":"post_tag","embeddable":true,"href":"https:\/\/www.kariyer.net\/kariyer-rehberi\/wp-json\/wp\/v2\/tags?post=22851"}],"curies":[{"name":"wp","href":"https:\/\/api.w.org\/{rel}","templated":true}]}}