{"id":22865,"date":"2026-03-14T14:18:42","date_gmt":"2026-03-14T11:18:42","guid":{"rendered":"https:\/\/www.kariyer.net\/kariyer-rehberi\/?p=22865"},"modified":"2026-03-14T14:18:42","modified_gmt":"2026-03-14T11:18:42","slug":"2026-gunluk-sigorta-primi-hesaplama-rehberi","status":"publish","type":"post","link":"https:\/\/www.kariyer.net\/kariyer-rehberi\/2026-gunluk-sigorta-primi-hesaplama-rehberi\/","title":{"rendered":"2026 G\u00fcnl\u00fck Sigorta Primi ve Prim Hesaplama Rehberi"},"content":{"rendered":"<p class=\"font-claude-response-body break-words whitespace-normal leading-[1.7]\">Sosyal g\u00fcvenlik kesintileri, hem \u00e7al\u0131\u015fanlar\u0131n net maa\u015f\u0131n\u0131 hem de i\u015fverenlerin bordro maliyetini do\u011frudan belirleyen temel fakt\u00f6rlerden biridir. 1 Ocak 2026 itibar\u0131yla g\u00fcncellenen g\u00fcnl\u00fck sigorta prim tutarlar\u0131; maa\u015f hesaplamalar\u0131ndan emeklilik planlamas\u0131na kadar pek \u00e7ok s\u00fcreci etkiliyor. Bu rehberde 2026 y\u0131l\u0131 taban ve tavan de\u011ferleri, hesaplama y\u00f6ntemleri ve prim oranlar\u0131n\u0131 inceleyebilirsin.<\/p>\n<h2 class=\"text-text-100 mt-3 -mb-1 text-[1.125rem] font-bold\">2026 G\u00fcnl\u00fck Sigorta Primi Nedir?<\/h2>\n<p class=\"font-claude-response-body break-words whitespace-normal leading-[1.7]\">2026 g\u00fcnl\u00fck sigorta primi, SGK taraf\u0131ndan belirlenen <a href=\"https:\/\/www.kariyer.net\/kariyer-rehberi\/prime-esas-kazanc-nedir-nasil-hesaplanir\/\">prime esas kazanc\u0131n (PEK)<\/a> yasal alt ve \u00fcst s\u0131n\u0131rlar\u0131n\u0131 ifade eder. 1 Ocak 2026 tarihinden itibaren ge\u00e7erli olan g\u00fcnl\u00fck sigorta primi alt s\u0131n\u0131r\u0131 (taban) 1.101,00 TL, \u00fcst s\u0131n\u0131r\u0131 (tavan) ise 9.909,00 TL olarak uygulanmaktad\u0131r. Bu de\u011ferler, bir \u00e7al\u0131\u015fan\u0131n sigortal\u0131 g\u00f6sterilebilece\u011fi en d\u00fc\u015f\u00fck ve en y\u00fcksek g\u00fcnl\u00fck kazan\u00e7 tutarlar\u0131n\u0131 belirler.<\/p>\n<h2 class=\"text-text-100 mt-3 -mb-1 text-[1.125rem] font-bold\">2026 Y\u0131l\u0131 G\u00fcnl\u00fck Sigorta Primi Tutarlar\u0131 Ne Kadar?<\/h2>\n<p class=\"font-claude-response-body break-words whitespace-normal leading-[1.7]\">1 Ocak 2026 itibar\u0131yla ge\u00e7erli olan br\u00fct rakamlar \u015fu \u015fekildedir:<\/p>\n<div class=\"overflow-x-auto w-full px-2 mb-6\">\n<table class=\"min-w-full border-collapse text-sm leading-[1.7] whitespace-normal\">\n<thead class=\"text-left\">\n<tr>\n<th class=\"text-text-100 border-b-0.5 border-border-300\/60 py-2 pr-4 align-top font-bold\" scope=\"col\">\n<p class=\"fusion-responsive-typography-calculated\" data-path-to-node=\"12\" data-fontsize=\"25\" data-lineheight=\"30px\"><strong>Sigorta Primine Esas Kazan\u00e7 (SPEK) S\u0131n\u0131rlar\u0131\u00a0<\/strong><\/p>\n<\/th>\n<th class=\"text-text-100 border-b-0.5 border-border-300\/60 py-2 pr-4 align-top font-bold\" scope=\"col\">Tutar (TL)<\/th>\n<\/tr>\n<\/thead>\n<tbody>\n<tr>\n<td class=\"border-b-0.5 border-border-300\/30 py-2 pr-4 align-top\">G\u00fcnl\u00fck Kazan\u00e7 Alt S\u0131n\u0131r\u0131 (Taban)<\/td>\n<td class=\"border-b-0.5 border-border-300\/30 py-2 pr-4 align-top\">1.101,00<\/td>\n<\/tr>\n<tr>\n<td class=\"border-b-0.5 border-border-300\/30 py-2 pr-4 align-top\">Ayl\u0131k Kazan\u00e7 Alt S\u0131n\u0131r\u0131 (Taban)<\/td>\n<td class=\"border-b-0.5 border-border-300\/30 py-2 pr-4 align-top\">33.030,00<\/td>\n<\/tr>\n<tr>\n<td class=\"border-b-0.5 border-border-300\/30 py-2 pr-4 align-top\">G\u00fcnl\u00fck Kazan\u00e7 \u00dcst S\u0131n\u0131r\u0131 (Tavan)<\/td>\n<td class=\"border-b-0.5 border-border-300\/30 py-2 pr-4 align-top\">9.909,00<\/td>\n<\/tr>\n<tr>\n<td class=\"border-b-0.5 border-border-300\/30 py-2 pr-4 align-top\">Ayl\u0131k Kazan\u00e7 \u00dcst S\u0131n\u0131r\u0131 (Tavan)<\/td>\n<td class=\"border-b-0.5 border-border-300\/30 py-2 pr-4 align-top\">297.270,00<\/td>\n<\/tr>\n<\/tbody>\n<\/table>\n<\/div>\n<p class=\"font-claude-response-body break-words whitespace-normal leading-[1.7]\">Sigorta primine esas kazan\u00e7 tavan\u0131, yasal olarak br\u00fct asgari \u00fccretin 9 kat\u0131 olarak hesaplan\u0131r. Br\u00fct \u00fccreti bu tavan tutar\u0131n \u00fczerinde olan \u00e7al\u0131\u015fanlar i\u00e7in prim kesintisi 297.270,00 TL \u00fczerinden sabitlenir; a\u015fan k\u0131s\u0131m prim hesab\u0131na dahil edilmez.<\/p>\n<blockquote class=\"ml-2 border-l-4 border-border-300\/10 pl-4 text-text-300\">\n<p class=\"font-claude-response-body break-words whitespace-normal leading-[1.7]\"><strong>Not:<\/strong> Yukar\u0131daki rakamlar 1 Ocak 2026 tarihi itibar\u0131yla ge\u00e7erlidir. Y\u0131l i\u00e7inde asgari \u00fccret revizyonu yap\u0131lmas\u0131 durumunda bu de\u011ferlerin g\u00fcncellenece\u011fi g\u00f6z \u00f6n\u00fcnde bulundurulmal\u0131d\u0131r.<\/p>\n<\/blockquote>\n<h2 class=\"text-text-100 mt-3 -mb-1 text-[1.125rem] font-bold\">Sigorta Primi Nas\u0131l Hesaplan\u0131r?<\/h2>\n<p class=\"font-claude-response-body break-words whitespace-normal leading-[1.7]\">Sigorta primleri, \u00e7al\u0131\u015fan\u0131n br\u00fct kazanc\u0131 \u00fczerinden belirlenen oranlar\u0131n uygulanmas\u0131yla hesaplan\u0131r. [Br\u00fct maa\u015ftan net maa\u015f hesaplama] s\u00fcrecini anlamak, bu oranlar\u0131n bordroya nas\u0131l yans\u0131d\u0131\u011f\u0131n\u0131 kavramay\u0131 kolayla\u015ft\u0131racakt\u0131r.<\/p>\n<p class=\"font-claude-response-body break-words whitespace-normal leading-[1.7]\">Genel sigorta kollar\u0131 kapsam\u0131nda uygulanan kesinti oranlar\u0131 \u015f\u00f6yledir:<\/p>\n<p class=\"font-claude-response-body break-words whitespace-normal leading-[1.7]\"><strong>\u0130\u015f\u00e7i Pay\u0131 Kesintileri:<\/strong><\/p>\n<ul class=\"[li_&amp;]:mb-0 [li_&amp;]:mt-1 [li_&amp;]:gap-1 [&amp;:not(:last-child)_ul]:pb-1 [&amp;:not(:last-child)_ol]:pb-1 list-disc flex flex-col gap-1 pl-8 mb-3\">\n<li class=\"whitespace-normal break-words pl-2\">SGK \u0130\u015f\u00e7i Pay\u0131: %14<\/li>\n<li class=\"whitespace-normal break-words pl-2\">\u0130\u015fsizlik Sigortas\u0131 \u0130\u015f\u00e7i Pay\u0131: %1<\/li>\n<li class=\"whitespace-normal break-words pl-2\"><strong>Toplam \u0130\u015f\u00e7i Kesintisi: %15<\/strong><\/li>\n<\/ul>\n<p class=\"font-claude-response-body break-words whitespace-normal leading-[1.7]\"><strong>\u0130\u015fveren Pay\u0131 Kesintileri (Te\u015fviksiz):<\/strong><\/p>\n<ul class=\"[li_&amp;]:mb-0 [li_&amp;]:mt-1 [li_&amp;]:gap-1 [&amp;:not(:last-child)_ul]:pb-1 [&amp;:not(:last-child)_ol]:pb-1 list-disc flex flex-col gap-1 pl-8 mb-3\">\n<li class=\"whitespace-normal break-words pl-2\">SGK \u0130\u015fveren Pay\u0131: %21,75 (k\u0131sa vadeli sigorta kollar\u0131 dahil)<\/li>\n<li class=\"whitespace-normal break-words pl-2\">\u0130\u015fsizlik Sigortas\u0131 \u0130\u015fveren Pay\u0131: %2<\/li>\n<li class=\"whitespace-normal break-words pl-2\"><strong>Toplam \u0130\u015fveren Kesintisi: %23,75<\/strong><\/li>\n<\/ul>\n<p class=\"font-claude-response-body break-words whitespace-normal leading-[1.7]\">Bu oranlar do\u011frultusunda g\u00fcnl\u00fck alt s\u0131n\u0131r (1.101,00 TL) \u00fczerinden \u00e7al\u0131\u015fan bir ki\u015fi i\u00e7in g\u00fcnl\u00fck toplam SGK primi (i\u015f\u00e7i + i\u015fveren, te\u015fviksiz) a\u015fa\u011f\u0131daki \u015fekilde hesaplan\u0131r:<\/p>\n<p class=\"font-claude-response-body break-words whitespace-normal leading-[1.7]\">1.101,00 \u00d7 %15 (i\u015f\u00e7i) = 165,15 TL 1.101,00 \u00d7 %23,75 (i\u015fveren) = 261,49 TL <strong>Toplam: 426,64 TL<\/strong><\/p>\n<h2 class=\"text-text-100 mt-3 -mb-1 text-[1.125rem] font-bold\">Prime Esas Kazan\u00e7 Tutarlar\u0131 Neleri Etkiler?<\/h2>\n<p class=\"font-claude-response-body break-words whitespace-normal leading-[1.7]\">G\u00fcnl\u00fck sigorta primi yaln\u0131zca bordrodaki kesinti miktar\u0131n\u0131 belirlemekle kalmaz; sosyal g\u00fcvenlik sistemindeki pek \u00e7ok \u00f6demenin de temelini olu\u015fturur:<\/p>\n<ul class=\"[li_&amp;]:mb-0 [li_&amp;]:mt-1 [li_&amp;]:gap-1 [&amp;:not(:last-child)_ul]:pb-1 [&amp;:not(:last-child)_ol]:pb-1 list-disc flex flex-col gap-1 pl-8 mb-3\">\n<li class=\"whitespace-normal break-words pl-2\"><strong>Bor\u00e7lanma Tutarlar\u0131:<\/strong> Do\u011fum, askerlik veya yurt d\u0131\u015f\u0131 bor\u00e7lanmas\u0131 yap\u0131lacak durumlarda \u00f6denecek g\u00fcnl\u00fck tutarlar bu limitler aras\u0131ndan belirlenir.<\/li>\n<li class=\"whitespace-normal break-words pl-2\"><strong>Ge\u00e7ici \u0130\u015f G\u00f6remezlik \u00d6dene\u011fi:<\/strong> Raporlu olunan d\u00f6nemlerde SGK&#8217;dan al\u0131nan \u00f6denekler, son d\u00f6nemdeki prime esas kazan\u00e7lara g\u00f6re hesaplan\u0131r.<\/li>\n<li class=\"whitespace-normal break-words pl-2\"><strong>\u0130ste\u011fe Ba\u011fl\u0131 Sigorta:<\/strong> Ayl\u0131k \u00f6deme miktar\u0131, taban ve tavan aras\u0131ndaki tercihe g\u00f6re de\u011fi\u015fir.<\/li>\n<li class=\"whitespace-normal break-words pl-2\"><strong>K\u0131dem Tazminat\u0131:<\/strong> Tazminat hesaplamalar\u0131nda kullan\u0131lan tavan tutar memur maa\u015f katsay\u0131s\u0131na ba\u011fl\u0131 olmakla birlikte, prime esas kazan\u00e7 s\u0131n\u0131rlar\u0131 i\u015fverenin toplam y\u00fck\u00fcml\u00fcl\u00fc\u011f\u00fcn\u00fc etkileyen \u00f6nemli bir parametredir.<\/li>\n<\/ul>\n<h2 class=\"text-text-100 mt-3 -mb-1 text-[1.125rem] font-bold\">\u0130\u015fveren Te\u015fviklerinin Prim Tutarlar\u0131na Etkisi Nedir?<\/h2>\n<p class=\"font-claude-response-body break-words whitespace-normal leading-[1.7]\">2026 y\u0131l\u0131 itibar\u0131yla i\u015fverenlerin yararlanabilece\u011fi \u00e7e\u015fitli prim te\u015fvikleri bulunmaktad\u0131r. \u00d6zellikle imalat sekt\u00f6r\u00fcnde faaliyet g\u00f6steren veya primlerini d\u00fczenli \u00f6deyen i\u015fverenler i\u00e7in belirli ko\u015fullar sa\u011fland\u0131\u011f\u0131nda indirimler uygulanabilmektedir. Te\u015fvikli bir senaryoda i\u015fveren pay\u0131 %21,75 yerine %16,75&#8217;e kadar gerileyebilir. Bu te\u015fvikler i\u015fverenin toplam maliyetini d\u00fc\u015f\u00fcr\u00fcrken \u00e7al\u0131\u015fan\u0131n net maa\u015f\u0131n\u0131 etkilemez.<\/p>\n<h2 class=\"text-text-100 mt-3 -mb-1 text-[1.125rem] font-bold\">2026 Prim Rakamlar\u0131 Bir Arada De\u011ferlendirildi\u011finde Ne S\u00f6ylenebilir?<\/h2>\n<p class=\"font-claude-response-body break-words whitespace-normal leading-[1.7]\">1 Ocak 2026 itibar\u0131yla belirlenen 1.101,00 TL&#8217;lik g\u00fcnl\u00fck taban ve 9.909,00 TL&#8217;lik g\u00fcnl\u00fck tavan de\u011ferleri, bordro parametrelerinin temelini olu\u015fturmaktad\u0131r. \u00c7al\u0131\u015fanlar\u0131n sosyal haklar\u0131n\u0131 do\u011fru takip edebilmesi ve i\u015fverenlerin maliyet planlamalar\u0131n\u0131 sa\u011fl\u0131kl\u0131 yapabilmesi i\u00e7in bu g\u00fcncel verilerin y\u00fcr\u00fcrl\u00fckteki mevzuatla birlikte de\u011ferlendirilmesi \u00f6nemli bir ad\u0131md\u0131r.<\/p>\n<p class=\"font-claude-response-body break-words whitespace-normal leading-[1.7]\"><strong>\u00d6nemli Not:<\/strong> Sosyal g\u00fcvenlik mevzuat\u0131 ve vergi d\u00fczenlemeleri zaman i\u00e7inde de\u011fi\u015fiklik g\u00f6sterebilir. Hesaplamalarda g\u00fcncel resmi verilerin, y\u00fcr\u00fcrl\u00fckteki kanun maddelerinin ve uzman g\u00f6r\u00fc\u015f\u00fcn\u00fcn dikkate al\u0131nmas\u0131 \u00f6nerilir.<\/p>\n<p class=\"font-claude-response-body break-words whitespace-normal leading-[1.7]\"><strong>Kaynaklar:<\/strong><\/p>\n<ul class=\"[li_&amp;]:mb-0 [li_&amp;]:mt-1 [li_&amp;]:gap-1 [&amp;:not(:last-child)_ul]:pb-1 [&amp;:not(:last-child)_ol]:pb-1 list-disc flex flex-col gap-1 pl-8 mb-3\">\n<li class=\"whitespace-normal break-words pl-2\">5510 Say\u0131l\u0131 Sosyal Sigortalar ve Genel Sa\u011fl\u0131k Sigortas\u0131 Kanunu<\/li>\n<li class=\"whitespace-normal break-words pl-2\">SGK 2026 Y\u0131l\u0131 Prime Esas Kazan\u00e7 Genelgesi<\/li>\n<li class=\"whitespace-normal break-words pl-2\">Asgari \u00dccret Tespit Komisyonu 2026 Kararlar\u0131<\/li>\n<\/ul>\n<p class=\"font-claude-response-body break-words whitespace-normal leading-[1.7]\">\n<!-- templates\/buttons-placeholder.php -->\n<div class=\"da-reactions-outer TpostID22865\">\n\t    <div class=\"da-reactions-data da-reactions-container-async center\"\n         data-type=\"post\"\n         data-id=\"22865\"\n         id=\"da-reactions-slot-post-22865\">\n        <div class=\"da-reactions-static\">\n\t\t\t<img src=\"https:\/\/www.kariyer.net\/kariyer-rehberi\/wp-content\/plugins\/da-reactions\/assets\/dist\/loading.svg\" alt=\"Loading spinner\" width=\"48\" height=\"48\" style=\"width:48px\" \/>\n        <\/div>\n    <\/div>\n<\/div>\n","protected":false},"excerpt":{"rendered":"<p>Sosyal g\u00fcvenlik kesintileri, hem \u00e7al\u0131\u015fanlar\u0131n net maa\u015f\u0131n\u0131 hem de i\u015fverenlerin bordro maliyetini do\u011frudan belirleyen temel fakt\u00f6rlerden biridir. 1 Ocak 2026 itibar\u0131yla g\u00fcncellenen g\u00fcnl\u00fck sigorta prim tutarlar\u0131; maa\u015f hesaplamalar\u0131ndan emeklilik planlamas\u0131na kadar pek \u00e7ok s\u00fcreci etkiliyor. Bu rehberde 2026 y\u0131l\u0131 taban ve tavan de\u011ferleri, hesaplama y\u00f6ntemleri ve prim oranlar\u0131n\u0131 inceleyebilirsin. 2026 G\u00fcnl\u00fck Sigorta Primi Nedir? 2026 [&hellip;]<\/p>\n<!-- templates\/buttons-placeholder.php -->\n<div class=\"da-reactions-outer TpostID22865\">\n\t    <div class=\"da-reactions-data da-reactions-container-async center\"\n         data-type=\"post\"\n         data-id=\"22865\"\n         id=\"da-reactions-slot-post-22865\">\n        <div class=\"da-reactions-static\">\n\t\t\t<img src=\"https:\/\/www.kariyer.net\/kariyer-rehberi\/wp-content\/plugins\/da-reactions\/assets\/dist\/loading.svg\" alt=\"Loading spinner\" width=\"48\" height=\"48\" style=\"width:48px\" \/>\n        <\/div>\n    <\/div>\n<\/div>\n","protected":false},"author":12,"featured_media":22869,"comment_status":"closed","ping_status":"open","sticky":false,"template":"","format":"standard","meta":{"footnotes":"","_elementor_edit_mode":"","_elementor_template_type":"","_elementor_data":"","_elementor_page_settings":null,"_elementor_conditions":[]},"categories":[46,2218],"tags":[],"class_list":{"0":"post-22865","1":"post","2":"type-post","3":"status-publish","4":"format-standard","5":"has-post-thumbnail","7":"category-is-hayati","8":"category-is-hukuku"},"yoast_head":"<!-- This site is optimized with the Yoast SEO Premium plugin v21.4 (Yoast SEO v27.0) - https:\/\/yoast.com\/product\/yoast-seo-premium-wordpress\/ -->\n<title>2026 G\u00fcnl\u00fck Sigorta Primi Ne Kadar? SGK Taban ve Tavan<\/title>\n<meta name=\"description\" content=\"2026 y\u0131l\u0131 g\u00fcnl\u00fck sigorta primi alt ve \u00fcst s\u0131n\u0131rlar\u0131 ile prim hesaplama y\u00f6ntemlerini hemen \u00f6\u011frenmek i\u00e7in t\u0131klay\u0131n.\" \/>\n<meta name=\"robots\" content=\"index, follow, max-snippet:-1, max-image-preview:large, max-video-preview:-1\" \/>\n<link rel=\"canonical\" href=\"https:\/\/www.kariyer.net\/kariyer-rehberi\/2026-gunluk-sigorta-primi-hesaplama-rehberi\/\" \/>\n<meta property=\"og:locale\" content=\"tr_TR\" \/>\n<meta property=\"og:type\" content=\"article\" \/>\n<meta property=\"og:title\" content=\"2026 G\u00fcnl\u00fck Sigorta Primi ve Prim Hesaplama Rehberi\" \/>\n<meta property=\"og:description\" content=\"Sosyal g\u00fcvenlik kesintileri, hem \u00e7al\u0131\u015fanlar\u0131n net maa\u015f\u0131n\u0131 hem de i\u015fverenlerin bordro maliyetini do\u011frudan belirleyen temel fakt\u00f6rlerden biridir. 1 Ocak\" \/>\n<meta property=\"og:url\" content=\"https:\/\/www.kariyer.net\/kariyer-rehberi\/2026-gunluk-sigorta-primi-hesaplama-rehberi\/\" \/>\n<meta property=\"og:site_name\" content=\"Kariyer Rehberi\" \/>\n<meta property=\"article:published_time\" content=\"2026-03-14T11:18:42+00:00\" \/>\n<meta property=\"og:image\" content=\"https:\/\/www.kariyer.net\/kariyer-rehberi\/wp-content\/uploads\/2026\/03\/Gunluk-Sigorta-Primi-2026.png\" \/>\n\t<meta property=\"og:image:width\" content=\"900\" \/>\n\t<meta property=\"og:image:height\" content=\"595\" \/>\n\t<meta property=\"og:image:type\" content=\"image\/png\" \/>\n<meta name=\"author\" content=\"Edit\u00f6r\" \/>\n<meta name=\"twitter:card\" content=\"summary_large_image\" \/>\n<meta name=\"twitter:label1\" content=\"Yazan:\" \/>\n\t<meta name=\"twitter:data1\" content=\"Edit\u00f6r\" \/>\n\t<meta name=\"twitter:label2\" content=\"Tahmini okuma s\u00fcresi\" \/>\n\t<meta name=\"twitter:data2\" content=\"4 dakika\" \/>\n<!-- \/ Yoast SEO Premium plugin. -->","yoast_head_json":{"title":"2026 G\u00fcnl\u00fck Sigorta Primi Ne Kadar? SGK Taban ve Tavan","description":"2026 y\u0131l\u0131 g\u00fcnl\u00fck sigorta primi alt ve \u00fcst s\u0131n\u0131rlar\u0131 ile prim hesaplama y\u00f6ntemlerini hemen \u00f6\u011frenmek i\u00e7in t\u0131klay\u0131n.","robots":{"index":"index","follow":"follow","max-snippet":"max-snippet:-1","max-image-preview":"max-image-preview:large","max-video-preview":"max-video-preview:-1"},"canonical":"https:\/\/www.kariyer.net\/kariyer-rehberi\/2026-gunluk-sigorta-primi-hesaplama-rehberi\/","og_locale":"tr_TR","og_type":"article","og_title":"2026 G\u00fcnl\u00fck Sigorta Primi ve Prim Hesaplama Rehberi","og_description":"Sosyal g\u00fcvenlik kesintileri, hem \u00e7al\u0131\u015fanlar\u0131n net maa\u015f\u0131n\u0131 hem de i\u015fverenlerin bordro maliyetini do\u011frudan belirleyen temel fakt\u00f6rlerden biridir. 1 Ocak","og_url":"https:\/\/www.kariyer.net\/kariyer-rehberi\/2026-gunluk-sigorta-primi-hesaplama-rehberi\/","og_site_name":"Kariyer Rehberi","article_published_time":"2026-03-14T11:18:42+00:00","og_image":[{"width":900,"height":595,"url":"https:\/\/www.kariyer.net\/kariyer-rehberi\/wp-content\/uploads\/2026\/03\/Gunluk-Sigorta-Primi-2026.png","type":"image\/png"}],"author":"Edit\u00f6r","twitter_card":"summary_large_image","twitter_misc":{"Yazan:":"Edit\u00f6r","Tahmini okuma s\u00fcresi":"4 dakika"},"schema":{"@context":"https:\/\/schema.org","@graph":[{"@type":"Article","@id":"https:\/\/www.kariyer.net\/kariyer-rehberi\/2026-gunluk-sigorta-primi-hesaplama-rehberi\/#article","isPartOf":{"@id":"https:\/\/www.kariyer.net\/kariyer-rehberi\/2026-gunluk-sigorta-primi-hesaplama-rehberi\/"},"author":{"name":"Edit\u00f6r","@id":"https:\/\/www.kariyer.net\/kariyer-rehberi\/#\/schema\/person\/94fd6e49c7ff1b1b2565a2cc4fd685dd"},"headline":"2026 G\u00fcnl\u00fck Sigorta Primi ve Prim Hesaplama Rehberi","datePublished":"2026-03-14T11:18:42+00:00","mainEntityOfPage":{"@id":"https:\/\/www.kariyer.net\/kariyer-rehberi\/2026-gunluk-sigorta-primi-hesaplama-rehberi\/"},"wordCount":781,"publisher":{"@id":"https:\/\/www.kariyer.net\/kariyer-rehberi\/#organization"},"image":{"@id":"https:\/\/www.kariyer.net\/kariyer-rehberi\/2026-gunluk-sigorta-primi-hesaplama-rehberi\/#primaryimage"},"thumbnailUrl":"https:\/\/www.kariyer.net\/kariyer-rehberi\/wp-content\/uploads\/2026\/03\/Gunluk-Sigorta-Primi-2026.png","articleSection":["\u0130\u015f Hayat\u0131","\u0130\u015f Hukuku"],"inLanguage":"tr"},{"@type":"WebPage","@id":"https:\/\/www.kariyer.net\/kariyer-rehberi\/2026-gunluk-sigorta-primi-hesaplama-rehberi\/","url":"https:\/\/www.kariyer.net\/kariyer-rehberi\/2026-gunluk-sigorta-primi-hesaplama-rehberi\/","name":"2026 G\u00fcnl\u00fck Sigorta Primi Ne Kadar? SGK Taban ve Tavan","isPartOf":{"@id":"https:\/\/www.kariyer.net\/kariyer-rehberi\/#website"},"primaryImageOfPage":{"@id":"https:\/\/www.kariyer.net\/kariyer-rehberi\/2026-gunluk-sigorta-primi-hesaplama-rehberi\/#primaryimage"},"image":{"@id":"https:\/\/www.kariyer.net\/kariyer-rehberi\/2026-gunluk-sigorta-primi-hesaplama-rehberi\/#primaryimage"},"thumbnailUrl":"https:\/\/www.kariyer.net\/kariyer-rehberi\/wp-content\/uploads\/2026\/03\/Gunluk-Sigorta-Primi-2026.png","datePublished":"2026-03-14T11:18:42+00:00","description":"2026 y\u0131l\u0131 g\u00fcnl\u00fck sigorta primi alt ve \u00fcst s\u0131n\u0131rlar\u0131 ile prim hesaplama y\u00f6ntemlerini hemen \u00f6\u011frenmek i\u00e7in t\u0131klay\u0131n.","breadcrumb":{"@id":"https:\/\/www.kariyer.net\/kariyer-rehberi\/2026-gunluk-sigorta-primi-hesaplama-rehberi\/#breadcrumb"},"inLanguage":"tr","potentialAction":[{"@type":"ReadAction","target":["https:\/\/www.kariyer.net\/kariyer-rehberi\/2026-gunluk-sigorta-primi-hesaplama-rehberi\/"]}]},{"@type":"ImageObject","inLanguage":"tr","@id":"https:\/\/www.kariyer.net\/kariyer-rehberi\/2026-gunluk-sigorta-primi-hesaplama-rehberi\/#primaryimage","url":"https:\/\/www.kariyer.net\/kariyer-rehberi\/wp-content\/uploads\/2026\/03\/Gunluk-Sigorta-Primi-2026.png","contentUrl":"https:\/\/www.kariyer.net\/kariyer-rehberi\/wp-content\/uploads\/2026\/03\/Gunluk-Sigorta-Primi-2026.png","width":900,"height":595,"caption":"G\u00fcnl\u00fck Sigorta Primi 2026"},{"@type":"BreadcrumbList","@id":"https:\/\/www.kariyer.net\/kariyer-rehberi\/2026-gunluk-sigorta-primi-hesaplama-rehberi\/#breadcrumb","itemListElement":[{"@type":"ListItem","position":1,"name":"Anasayfa","item":"https:\/\/www.kariyer.net\/kariyer-rehberi\/"},{"@type":"ListItem","position":2,"name":"2026 G\u00fcnl\u00fck Sigorta Primi ve Prim Hesaplama Rehberi"}]},{"@type":"WebSite","@id":"https:\/\/www.kariyer.net\/kariyer-rehberi\/#website","url":"https:\/\/www.kariyer.net\/kariyer-rehberi\/","name":"Kariyer Rehberi","description":"\u0130\u015f D\u00fcnyas\u0131yla \u0130lgili Bilmek \u0130stedi\u011finiz Her \u015eey","publisher":{"@id":"https:\/\/www.kariyer.net\/kariyer-rehberi\/#organization"},"potentialAction":[{"@type":"SearchAction","target":{"@type":"EntryPoint","urlTemplate":"https:\/\/www.kariyer.net\/kariyer-rehberi\/?s={search_term_string}"},"query-input":{"@type":"PropertyValueSpecification","valueRequired":true,"valueName":"search_term_string"}}],"inLanguage":"tr"},{"@type":"Organization","@id":"https:\/\/www.kariyer.net\/kariyer-rehberi\/#organization","name":"Kariyer.net","url":"https:\/\/www.kariyer.net\/kariyer-rehberi\/","logo":{"@type":"ImageObject","inLanguage":"tr","@id":"https:\/\/www.kariyer.net\/kariyer-rehberi\/#\/schema\/logo\/image\/","url":"https:\/\/www.kariyer.net\/kariyer-rehberi-new\/wp-content\/uploads\/2023\/01\/og-image11.jpg","contentUrl":"https:\/\/www.kariyer.net\/kariyer-rehberi-new\/wp-content\/uploads\/2023\/01\/og-image11.jpg","width":800,"height":800,"caption":"Kariyer.net"},"image":{"@id":"https:\/\/www.kariyer.net\/kariyer-rehberi\/#\/schema\/logo\/image\/"}},{"@type":"Person","@id":"https:\/\/www.kariyer.net\/kariyer-rehberi\/#\/schema\/person\/94fd6e49c7ff1b1b2565a2cc4fd685dd","name":"Edit\u00f6r","image":{"@type":"ImageObject","inLanguage":"tr","@id":"https:\/\/www.kariyer.net\/kariyer-rehberi\/#\/schema\/person\/image\/","url":"https:\/\/secure.gravatar.com\/avatar\/0c4fe6688343aed3693b15573beae12c08ace5565409d5ab7509bf9c115f458d?s=96&d=mm&r=g","contentUrl":"https:\/\/secure.gravatar.com\/avatar\/0c4fe6688343aed3693b15573beae12c08ace5565409d5ab7509bf9c115f458d?s=96&d=mm&r=g","caption":"Edit\u00f6r"},"url":"https:\/\/www.kariyer.net\/kariyer-rehberi\/author\/editor\/"}]}},"_links":{"self":[{"href":"https:\/\/www.kariyer.net\/kariyer-rehberi\/wp-json\/wp\/v2\/posts\/22865","targetHints":{"allow":["GET"]}}],"collection":[{"href":"https:\/\/www.kariyer.net\/kariyer-rehberi\/wp-json\/wp\/v2\/posts"}],"about":[{"href":"https:\/\/www.kariyer.net\/kariyer-rehberi\/wp-json\/wp\/v2\/types\/post"}],"author":[{"embeddable":true,"href":"https:\/\/www.kariyer.net\/kariyer-rehberi\/wp-json\/wp\/v2\/users\/12"}],"replies":[{"embeddable":true,"href":"https:\/\/www.kariyer.net\/kariyer-rehberi\/wp-json\/wp\/v2\/comments?post=22865"}],"version-history":[{"count":5,"href":"https:\/\/www.kariyer.net\/kariyer-rehberi\/wp-json\/wp\/v2\/posts\/22865\/revisions"}],"predecessor-version":[{"id":22871,"href":"https:\/\/www.kariyer.net\/kariyer-rehberi\/wp-json\/wp\/v2\/posts\/22865\/revisions\/22871"}],"wp:featuredmedia":[{"embeddable":true,"href":"https:\/\/www.kariyer.net\/kariyer-rehberi\/wp-json\/wp\/v2\/media\/22869"}],"wp:attachment":[{"href":"https:\/\/www.kariyer.net\/kariyer-rehberi\/wp-json\/wp\/v2\/media?parent=22865"}],"wp:term":[{"taxonomy":"category","embeddable":true,"href":"https:\/\/www.kariyer.net\/kariyer-rehberi\/wp-json\/wp\/v2\/categories?post=22865"},{"taxonomy":"post_tag","embeddable":true,"href":"https:\/\/www.kariyer.net\/kariyer-rehberi\/wp-json\/wp\/v2\/tags?post=22865"}],"curies":[{"name":"wp","href":"https:\/\/api.w.org\/{rel}","templated":true}]}}