{"id":22872,"date":"2026-03-14T15:35:05","date_gmt":"2026-03-14T12:35:05","guid":{"rendered":"https:\/\/www.kariyer.net\/kariyer-rehberi\/?p=22872"},"modified":"2026-03-14T15:37:05","modified_gmt":"2026-03-14T12:37:05","slug":"kpss-2026-takvimi-sinav-ve-basvuru-tarihleri","status":"publish","type":"post","link":"https:\/\/www.kariyer.net\/kariyer-rehberi\/kpss-2026-takvimi-sinav-ve-basvuru-tarihleri\/","title":{"rendered":"KPSS 2026 Takvimi: Lisans, \u00d6n Lisans ve Orta\u00f6\u011fretim Tarihleri"},"content":{"rendered":"<h1 class=\"text-text-100 mt-3 -mb-1 text-[1.375rem] font-bold\">2026 KPSS Takvimi: S\u0131nav ve Ba\u015fvuru Tarihleri<\/h1>\n<p class=\"font-claude-response-body break-words whitespace-normal leading-[1.7]\">\u00d6SYM Ba\u015fkanl\u0131\u011f\u0131 taraf\u0131ndan 2026 y\u0131l\u0131 KPSS ba\u015fvuru, s\u0131nav ve sonu\u00e7 tarihleri resmi olarak a\u00e7\u0131kland\u0131. Oturum detaylar\u0131 ve \u00f6nemli uyar\u0131lar i\u00e7in yaz\u0131m\u0131z\u0131 inceleyebilirsin.<\/p>\n<h2 class=\"text-text-100 mt-3 -mb-1 text-[1.125rem] font-bold\">KPSS 2026 Takvimi Nedir?<\/h2>\n<p class=\"font-claude-response-body break-words whitespace-normal leading-[1.7]\">KPSS 2026 takvimi; \u00d6l\u00e7me, Se\u00e7me ve Yerle\u015ftirme Merkezi (\u00d6SYM) taraf\u0131ndan d\u00fczenlenen Kamu Personel Se\u00e7me S\u0131nav\u0131&#8217;n\u0131n Genel Yetenek\u2013Genel K\u00fclt\u00fcr, E\u011fitim Bilimleri, Alan Bilgisi, \u00d6ABT ile \u00d6n Lisans ve Orta\u00f6\u011fretim oturumlar\u0131n\u0131n ba\u015fvuru, uygulama ve sonu\u00e7 a\u00e7\u0131klama tarihlerini bar\u0131nd\u0131ran resmi k\u0131lavuzdur.<\/p>\n<h2 class=\"text-text-100 mt-3 -mb-1 text-[1.125rem] font-bold\">2026 KPSS S\u0131nav Tarihleri Nelerdir?<\/h2>\n<p class=\"font-claude-response-body break-words whitespace-normal leading-[1.7]\">2026 y\u0131l\u0131n\u0131n \u00e7ift say\u0131l\u0131 y\u0131l olmas\u0131 sebebiyle B grubu kadrolara yerle\u015fmek isteyen adaylar i\u00e7in t\u00fcm \u00f6\u011frenim d\u00fczeylerinde s\u0131navlar ger\u00e7ekle\u015ftirilecektir. Oturum baz\u0131nda kesin tarihler \u015fu \u015fekilde belirlenmi\u015ftir:<\/p>\n<h3 class=\"text-text-100 mt-2 -mb-1 text-base font-bold\">KPSS Lisans (Genel Yetenek \u2013 Genel K\u00fclt\u00fcr \/ E\u011fitim Bilimleri)<\/h3>\n<div class=\"overflow-x-auto w-full px-2 mb-6\">\n<table class=\"min-w-full border-collapse text-sm leading-[1.7] whitespace-normal\">\n<thead class=\"text-left\">\n<tr>\n<th class=\"text-text-100 border-b-0.5 border-border-300\/60 py-2 pr-4 align-top font-bold\" scope=\"col\">A\u015fama<\/th>\n<th class=\"text-text-100 border-b-0.5 border-border-300\/60 py-2 pr-4 align-top font-bold\" scope=\"col\">Tarih<\/th>\n<\/tr>\n<\/thead>\n<tbody>\n<tr>\n<td class=\"border-b-0.5 border-border-300\/30 py-2 pr-4 align-top\">Ba\u015fvuru<\/td>\n<td class=\"border-b-0.5 border-border-300\/30 py-2 pr-4 align-top\">1 \u2013 13 Temmuz 2026<\/td>\n<\/tr>\n<tr>\n<td class=\"border-b-0.5 border-border-300\/30 py-2 pr-4 align-top\">Ge\u00e7 Ba\u015fvuru<\/td>\n<td class=\"border-b-0.5 border-border-300\/30 py-2 pr-4 align-top\">22 \u2013 23 Temmuz 2026<\/td>\n<\/tr>\n<tr>\n<td class=\"border-b-0.5 border-border-300\/30 py-2 pr-4 align-top\">S\u0131nav<\/td>\n<td class=\"border-b-0.5 border-border-300\/30 py-2 pr-4 align-top\">6 Eyl\u00fcl 2026<\/td>\n<\/tr>\n<tr>\n<td class=\"border-b-0.5 border-border-300\/30 py-2 pr-4 align-top\">Sonu\u00e7 A\u00e7\u0131klama<\/td>\n<td class=\"border-b-0.5 border-border-300\/30 py-2 pr-4 align-top\">7 Ekim 2026<\/td>\n<\/tr>\n<\/tbody>\n<\/table>\n<\/div>\n<h3 class=\"text-text-100 mt-2 -mb-1 text-base font-bold\">KPSS A Grubu Alan Bilgisi<\/h3>\n<div class=\"overflow-x-auto w-full px-2 mb-6\">\n<table class=\"min-w-full border-collapse text-sm leading-[1.7] whitespace-normal\">\n<thead class=\"text-left\">\n<tr>\n<th class=\"text-text-100 border-b-0.5 border-border-300\/60 py-2 pr-4 align-top font-bold\" scope=\"col\">A\u015fama<\/th>\n<th class=\"text-text-100 border-b-0.5 border-border-300\/60 py-2 pr-4 align-top font-bold\" scope=\"col\">Tarih<\/th>\n<\/tr>\n<\/thead>\n<tbody>\n<tr>\n<td class=\"border-b-0.5 border-border-300\/30 py-2 pr-4 align-top\">Ba\u015fvuru<\/td>\n<td class=\"border-b-0.5 border-border-300\/30 py-2 pr-4 align-top\">1 \u2013 13 Temmuz 2026<\/td>\n<\/tr>\n<tr>\n<td class=\"border-b-0.5 border-border-300\/30 py-2 pr-4 align-top\">Ge\u00e7 Ba\u015fvuru<\/td>\n<td class=\"border-b-0.5 border-border-300\/30 py-2 pr-4 align-top\">22 \u2013 23 Temmuz 2026<\/td>\n<\/tr>\n<tr>\n<td class=\"border-b-0.5 border-border-300\/30 py-2 pr-4 align-top\">S\u0131nav<\/td>\n<td class=\"border-b-0.5 border-border-300\/30 py-2 pr-4 align-top\">12 \u2013 13 Eyl\u00fcl 2026<\/td>\n<\/tr>\n<tr>\n<td class=\"border-b-0.5 border-border-300\/30 py-2 pr-4 align-top\">Sonu\u00e7 A\u00e7\u0131klama<\/td>\n<td class=\"border-b-0.5 border-border-300\/30 py-2 pr-4 align-top\">7 Ekim 2026<\/td>\n<\/tr>\n<\/tbody>\n<\/table>\n<\/div>\n<h3 class=\"text-text-100 mt-2 -mb-1 text-base font-bold\">KPSS \u00d6n Lisans<\/h3>\n<div class=\"overflow-x-auto w-full px-2 mb-6\">\n<table class=\"min-w-full border-collapse text-sm leading-[1.7] whitespace-normal\">\n<thead class=\"text-left\">\n<tr>\n<th class=\"text-text-100 border-b-0.5 border-border-300\/60 py-2 pr-4 align-top font-bold\" scope=\"col\">A\u015fama<\/th>\n<th class=\"text-text-100 border-b-0.5 border-border-300\/60 py-2 pr-4 align-top font-bold\" scope=\"col\">Tarih<\/th>\n<\/tr>\n<\/thead>\n<tbody>\n<tr>\n<td class=\"border-b-0.5 border-border-300\/30 py-2 pr-4 align-top\">Ba\u015fvuru<\/td>\n<td class=\"border-b-0.5 border-border-300\/30 py-2 pr-4 align-top\">29 Temmuz \u2013 10 A\u011fustos 2026<\/td>\n<\/tr>\n<tr>\n<td class=\"border-b-0.5 border-border-300\/30 py-2 pr-4 align-top\">Ge\u00e7 Ba\u015fvuru<\/td>\n<td class=\"border-b-0.5 border-border-300\/30 py-2 pr-4 align-top\">19 \u2013 20 A\u011fustos 2026<\/td>\n<\/tr>\n<tr>\n<td class=\"border-b-0.5 border-border-300\/30 py-2 pr-4 align-top\">S\u0131nav<\/td>\n<td class=\"border-b-0.5 border-border-300\/30 py-2 pr-4 align-top\">4 Ekim 2026<\/td>\n<\/tr>\n<tr>\n<td class=\"border-b-0.5 border-border-300\/30 py-2 pr-4 align-top\">Sonu\u00e7 A\u00e7\u0131klama<\/td>\n<td class=\"border-b-0.5 border-border-300\/30 py-2 pr-4 align-top\">30 Ekim 2026<\/td>\n<\/tr>\n<\/tbody>\n<\/table>\n<\/div>\n<h3 class=\"text-text-100 mt-2 -mb-1 text-base font-bold\">KPSS Orta\u00f6\u011fretim<\/h3>\n<div class=\"overflow-x-auto w-full px-2 mb-6\">\n<table class=\"min-w-full border-collapse text-sm leading-[1.7] whitespace-normal\">\n<thead class=\"text-left\">\n<tr>\n<th class=\"text-text-100 border-b-0.5 border-border-300\/60 py-2 pr-4 align-top font-bold\" scope=\"col\">A\u015fama<\/th>\n<th class=\"text-text-100 border-b-0.5 border-border-300\/60 py-2 pr-4 align-top font-bold\" scope=\"col\">Tarih<\/th>\n<\/tr>\n<\/thead>\n<tbody>\n<tr>\n<td class=\"border-b-0.5 border-border-300\/30 py-2 pr-4 align-top\">Ba\u015fvuru<\/td>\n<td class=\"border-b-0.5 border-border-300\/30 py-2 pr-4 align-top\">27 A\u011fustos \u2013 8 Eyl\u00fcl 2026<\/td>\n<\/tr>\n<tr>\n<td class=\"border-b-0.5 border-border-300\/30 py-2 pr-4 align-top\">Ge\u00e7 Ba\u015fvuru<\/td>\n<td class=\"border-b-0.5 border-border-300\/30 py-2 pr-4 align-top\">15 \u2013 16 Eyl\u00fcl 2026<\/td>\n<\/tr>\n<tr>\n<td class=\"border-b-0.5 border-border-300\/30 py-2 pr-4 align-top\">S\u0131nav<\/td>\n<td class=\"border-b-0.5 border-border-300\/30 py-2 pr-4 align-top\">25 Ekim 2026<\/td>\n<\/tr>\n<tr>\n<td class=\"border-b-0.5 border-border-300\/30 py-2 pr-4 align-top\">Sonu\u00e7 A\u00e7\u0131klama<\/td>\n<td class=\"border-b-0.5 border-border-300\/30 py-2 pr-4 align-top\">19 Kas\u0131m 2026<\/td>\n<\/tr>\n<\/tbody>\n<\/table>\n<\/div>\n<h3 class=\"text-text-100 mt-2 -mb-1 text-base font-bold\">KPSS DHBT (Din Hizmetleri Alan Bilgisi Testi)<\/h3>\n<div class=\"overflow-x-auto w-full px-2 mb-6\">\n<table class=\"min-w-full border-collapse text-sm leading-[1.7] whitespace-normal\">\n<thead class=\"text-left\">\n<tr>\n<th class=\"text-text-100 border-b-0.5 border-border-300\/60 py-2 pr-4 align-top font-bold\" scope=\"col\">A\u015fama<\/th>\n<th class=\"text-text-100 border-b-0.5 border-border-300\/60 py-2 pr-4 align-top font-bold\" scope=\"col\">Tarih<\/th>\n<\/tr>\n<\/thead>\n<tbody>\n<tr>\n<td class=\"border-b-0.5 border-border-300\/30 py-2 pr-4 align-top\">Ba\u015fvuru<\/td>\n<td class=\"border-b-0.5 border-border-300\/30 py-2 pr-4 align-top\">22 \u2013 30 Eyl\u00fcl 2026<\/td>\n<\/tr>\n<tr>\n<td class=\"border-b-0.5 border-border-300\/30 py-2 pr-4 align-top\">Ge\u00e7 Ba\u015fvuru<\/td>\n<td class=\"border-b-0.5 border-border-300\/30 py-2 pr-4 align-top\">5 Ekim 2026<\/td>\n<\/tr>\n<tr>\n<td class=\"border-b-0.5 border-border-300\/30 py-2 pr-4 align-top\">S\u0131nav<\/td>\n<td class=\"border-b-0.5 border-border-300\/30 py-2 pr-4 align-top\">1 Kas\u0131m 2026<\/td>\n<\/tr>\n<tr>\n<td class=\"border-b-0.5 border-border-300\/30 py-2 pr-4 align-top\">Sonu\u00e7 A\u00e7\u0131klama<\/td>\n<td class=\"border-b-0.5 border-border-300\/30 py-2 pr-4 align-top\">25 Kas\u0131m 2026<\/td>\n<\/tr>\n<\/tbody>\n<\/table>\n<\/div>\n<hr class=\"border-border-200 border-t-0.5 my-3 mx-1.5\" \/>\n<h2 class=\"text-text-100 mt-3 -mb-1 text-[1.125rem] font-bold\">Hangi Adaylar Hangi Oturuma Girebilir?<\/h2>\n<p class=\"font-claude-response-body break-words whitespace-normal leading-[1.7]\">Oturumlar aras\u0131nda ge\u00e7i\u015f ve kat\u0131l\u0131m ko\u015fullar\u0131na ili\u015fkin \u00d6SYM taraf\u0131ndan belirlenen temel kurallar \u015f\u00f6yledir:<\/p>\n<ul class=\"[li_&amp;]:mb-0 [li_&amp;]:mt-1 [li_&amp;]:gap-1 [&amp;:not(:last-child)_ul]:pb-1 [&amp;:not(:last-child)_ol]:pb-1 list-disc flex flex-col gap-1 pl-8 mb-3\">\n<li class=\"whitespace-normal break-words pl-2\">A Grubu s\u0131navlar\u0131na kat\u0131lacak adaylar\u0131n ayn\u0131 d\u00f6nemde KPSS Lisans oturumuna da girmesi zorunludur; aksi halde A Grubu puanlar\u0131 hesaplanmaz.<\/li>\n<li class=\"whitespace-normal break-words pl-2\">Bir aday ayn\u0131 d\u00f6nemde Lisans, \u00d6n Lisans ve Orta\u00f6\u011fretim s\u0131navlar\u0131ndan yaln\u0131zca birine kat\u0131labilir.<\/li>\n<li class=\"whitespace-normal break-words pl-2\">Lisans mezunlar\u0131 KPSS \u00d6n Lisans ve Orta\u00f6\u011fretim s\u0131navlar\u0131na; \u00d6n Lisans mezunlar\u0131 ise KPSS Orta\u00f6\u011fretim s\u0131nav\u0131na giremez.<\/li>\n<\/ul>\n<hr class=\"border-border-200 border-t-0.5 my-3 mx-1.5\" \/>\n<h2 class=\"text-text-100 mt-3 -mb-1 text-[1.125rem] font-bold\">2026 KPSS Ba\u015fvuru S\u00fcreci Nas\u0131l \u0130\u015fliyor?<\/h2>\n<p class=\"font-claude-response-body break-words whitespace-normal leading-[1.7]\">Ba\u015fvurular \u00d6SYM&#8217;nin Aday \u0130\u015flemleri Sistemi (A\u0130S) \u00fczerinden \u00e7evrimi\u00e7i olarak y\u00fcr\u00fct\u00fcl\u00fcr. S\u00fcrecin sorunsuz tamamlanmas\u0131 i\u00e7in a\u015fa\u011f\u0131daki ad\u0131mlar\u0131n takip edilmesi faydal\u0131 olacakt\u0131r:<\/p>\n<ol class=\"[li_&amp;]:mb-0 [li_&amp;]:mt-1 [li_&amp;]:gap-1 [&amp;:not(:last-child)_ul]:pb-1 [&amp;:not(:last-child)_ol]:pb-1 list-decimal flex flex-col gap-1 pl-8 mb-3\">\n<li class=\"whitespace-normal break-words pl-2\">Takvimde belirtilen ba\u015fvuru d\u00f6nemi i\u00e7inde A\u0130S sistemine giri\u015f yap\u0131lmas\u0131<\/li>\n<li class=\"whitespace-normal break-words pl-2\">G\u00fcncel foto\u011fraf, kimlik ve e\u011fitim bilgilerinin kontrol edilerek do\u011frulanmas\u0131<\/li>\n<li class=\"whitespace-normal break-words pl-2\">S\u0131nav merkezi tercihlerinin do\u011fru kodlanmas\u0131<\/li>\n<li class=\"whitespace-normal break-words pl-2\">O y\u0131l i\u00e7in belirlenen s\u0131nav \u00fccretlerinin son \u00f6deme tarihi ge\u00e7irilmeden anla\u015fmal\u0131 bankalara veya \u00d6SYM e-\u00d6demeler sistemi \u00fczerinden yat\u0131r\u0131lmas\u0131<\/li>\n<\/ol>\n<p class=\"font-claude-response-body break-words whitespace-normal leading-[1.7]\">Ge\u00e7 ba\u015fvuru g\u00fcnlerinde i\u015flem yap\u0131lmas\u0131 durumunda s\u0131nav \u00fccretlerinin art\u0131r\u0131ml\u0131 tahsil edildi\u011fi g\u00f6z \u00f6n\u00fcnde bulundurulmal\u0131d\u0131r.<\/p>\n<h2 class=\"text-text-100 mt-3 -mb-1 text-[1.125rem] font-bold\">KPSS Sonu\u00e7lar\u0131 Ne Zaman A\u00e7\u0131klan\u0131yor?<\/h2>\n<p class=\"font-claude-response-body break-words whitespace-normal leading-[1.7]\">Her oturum i\u00e7in sonu\u00e7 a\u00e7\u0131klama tarihleri yukar\u0131daki tablolarda yer almaktad\u0131r. Adaylar sonu\u00e7lar\u0131na \u00d6SYM&#8217;nin resmi platformu olan <a href=\"https:\/\/sonuc.osym.gov.tr\/\">sonuc.osym.gov.tr<\/a> \u00fczerinden T.C. kimlik numaralar\u0131 ve \u015fifreleriyle eri\u015febilir.<\/p>\n<p>S\u0131nava haz\u0131rlan\u0131rken ka\u00e7 puan alabilece\u011fini g\u00f6rmek i\u00e7in <a href=\"https:\/\/www.kariyer.net\/kpss-puan-hesaplama\">KPSS Puan Hesaplama<\/a> arac\u0131 ile puan\u0131n\u0131 hesaplayabilir; hangi kuruma hangi puanla atanabilece\u011finizi netle\u015ftirmek i\u00e7in ise <a href=\"https:\/\/www.kariyer.net\/kpss-tercih-motoru\">KPSS Tercih Motoru<\/a>&#8216;ndan yararlanabilirsin.<\/p>\n<hr class=\"border-border-200 border-t-0.5 my-3 mx-1.5\" \/>\n<blockquote class=\"ml-2 border-l-4 border-border-300\/10 pl-4 text-text-300\">\n<p class=\"font-claude-response-body break-words whitespace-normal leading-[1.7]\"><strong>\u00d6nemli Not:<\/strong> Bu i\u00e7erik \u00d6SYM Ba\u015fkanl\u0131\u011f\u0131&#8217;n\u0131n 2026 KPSS takvim duyurusunu temel almaktad\u0131r. Olas\u0131 de\u011fi\u015fiklikler ve g\u00fcncel bildirimler i\u00e7in osym.gov.tr adresinin takip edilmesi \u00f6nerilir.<\/p>\n<\/blockquote>\n<p class=\"font-claude-response-body break-words whitespace-normal leading-[1.7]\"><strong>Kaynak:<\/strong> <a href=\"https:\/\/www.osym.gov.tr\/TR,8797\/takvim.html\">\u00d6SYM Ba\u015fkanl\u0131\u011f\u0131\u00a0<\/a><\/p>\n<p>&nbsp;<\/p>\n<!-- templates\/buttons-placeholder.php -->\n<div class=\"da-reactions-outer TpostID22872\">\n\t    <div class=\"da-reactions-data da-reactions-container-async center\"\n         data-type=\"post\"\n         data-id=\"22872\"\n         id=\"da-reactions-slot-post-22872\">\n        <div class=\"da-reactions-static\">\n\t\t\t<img src=\"https:\/\/www.kariyer.net\/kariyer-rehberi\/wp-content\/plugins\/da-reactions\/assets\/dist\/loading.svg\" alt=\"Loading spinner\" width=\"48\" height=\"48\" style=\"width:48px\" \/>\n        <\/div>\n    <\/div>\n<\/div>\n","protected":false},"excerpt":{"rendered":"<p>2026 KPSS Takvimi: S\u0131nav ve Ba\u015fvuru Tarihleri \u00d6SYM Ba\u015fkanl\u0131\u011f\u0131 taraf\u0131ndan 2026 y\u0131l\u0131 KPSS ba\u015fvuru, s\u0131nav ve sonu\u00e7 tarihleri resmi olarak a\u00e7\u0131kland\u0131. Oturum detaylar\u0131 ve \u00f6nemli uyar\u0131lar i\u00e7in yaz\u0131m\u0131z\u0131 inceleyebilirsin. KPSS 2026 Takvimi Nedir? KPSS 2026 takvimi; \u00d6l\u00e7me, Se\u00e7me ve Yerle\u015ftirme Merkezi (\u00d6SYM) taraf\u0131ndan d\u00fczenlenen Kamu Personel Se\u00e7me S\u0131nav\u0131&#8217;n\u0131n Genel Yetenek\u2013Genel K\u00fclt\u00fcr, E\u011fitim Bilimleri, Alan Bilgisi, [&hellip;]<\/p>\n<!-- templates\/buttons-placeholder.php -->\n<div class=\"da-reactions-outer TpostID22872\">\n\t    <div class=\"da-reactions-data da-reactions-container-async center\"\n         data-type=\"post\"\n         data-id=\"22872\"\n         id=\"da-reactions-slot-post-22872\">\n        <div class=\"da-reactions-static\">\n\t\t\t<img src=\"https:\/\/www.kariyer.net\/kariyer-rehberi\/wp-content\/plugins\/da-reactions\/assets\/dist\/loading.svg\" alt=\"Loading spinner\" width=\"48\" height=\"48\" style=\"width:48px\" \/>\n        <\/div>\n    <\/div>\n<\/div>\n","protected":false},"author":12,"featured_media":22874,"comment_status":"closed","ping_status":"open","sticky":false,"template":"","format":"standard","meta":{"footnotes":"","_elementor_edit_mode":"","_elementor_template_type":"","_elementor_data":"","_elementor_page_settings":null,"_elementor_conditions":[]},"categories":[2215],"tags":[],"class_list":{"0":"post-22872","1":"post","2":"type-post","3":"status-publish","4":"format-standard","5":"has-post-thumbnail","7":"category-kamuda-kariyer"},"yoast_head":"<!-- This site is optimized with the Yoast SEO Premium plugin v21.4 (Yoast SEO v27.0) - https:\/\/yoast.com\/product\/yoast-seo-premium-wordpress\/ -->\n<title>KPSS 2026 Takvimi: Lisans, \u00d6n Lisans ve Orta\u00f6\u011fretim Tarihleri<\/title>\n<meta name=\"description\" content=\"2026 KPSS takvimi detaylar\u0131n\u0131 i\u00e7eren ba\u015fvuru, s\u0131nav ve sonu\u00e7 tarihleri \u00d6SYM taraf\u0131ndan a\u00e7\u0131kland\u0131. Kesin tarihleri \u00f6\u011frenmek i\u00e7in t\u0131klay\u0131n.\" \/>\n<meta name=\"robots\" content=\"index, follow, max-snippet:-1, max-image-preview:large, max-video-preview:-1\" \/>\n<link rel=\"canonical\" href=\"https:\/\/www.kariyer.net\/kariyer-rehberi\/kpss-2026-takvimi-sinav-ve-basvuru-tarihleri\/\" \/>\n<meta property=\"og:locale\" content=\"tr_TR\" \/>\n<meta property=\"og:type\" content=\"article\" \/>\n<meta property=\"og:title\" content=\"KPSS 2026 Takvimi: Lisans, \u00d6n Lisans ve Orta\u00f6\u011fretim Tarihleri\" \/>\n<meta property=\"og:description\" content=\"2026 KPSS Takvimi: S\u0131nav ve Ba\u015fvuru Tarihleri \u00d6SYM Ba\u015fkanl\u0131\u011f\u0131 taraf\u0131ndan 2026 y\u0131l\u0131 KPSS ba\u015fvuru, s\u0131nav ve sonu\u00e7 tarihleri resmi olarak a\u00e7\u0131kland\u0131. Oturum\" \/>\n<meta property=\"og:url\" content=\"https:\/\/www.kariyer.net\/kariyer-rehberi\/kpss-2026-takvimi-sinav-ve-basvuru-tarihleri\/\" \/>\n<meta property=\"og:site_name\" content=\"Kariyer Rehberi\" \/>\n<meta property=\"article:published_time\" content=\"2026-03-14T12:35:05+00:00\" \/>\n<meta property=\"article:modified_time\" content=\"2026-03-14T12:37:05+00:00\" \/>\n<meta property=\"og:image\" content=\"https:\/\/www.kariyer.net\/kariyer-rehberi\/wp-content\/uploads\/2026\/03\/KPSS-2026-Takvimi.png\" \/>\n\t<meta property=\"og:image:width\" content=\"900\" \/>\n\t<meta property=\"og:image:height\" content=\"595\" \/>\n\t<meta property=\"og:image:type\" content=\"image\/png\" \/>\n<meta name=\"author\" content=\"Edit\u00f6r\" \/>\n<meta name=\"twitter:card\" content=\"summary_large_image\" \/>\n<meta name=\"twitter:label1\" content=\"Yazan:\" \/>\n\t<meta name=\"twitter:data1\" content=\"Edit\u00f6r\" \/>\n\t<meta name=\"twitter:label2\" content=\"Tahmini okuma s\u00fcresi\" \/>\n\t<meta name=\"twitter:data2\" content=\"3 dakika\" \/>\n<!-- \/ Yoast SEO Premium plugin. -->","yoast_head_json":{"title":"KPSS 2026 Takvimi: Lisans, \u00d6n Lisans ve Orta\u00f6\u011fretim Tarihleri","description":"2026 KPSS takvimi detaylar\u0131n\u0131 i\u00e7eren ba\u015fvuru, s\u0131nav ve sonu\u00e7 tarihleri \u00d6SYM taraf\u0131ndan a\u00e7\u0131kland\u0131. Kesin tarihleri \u00f6\u011frenmek i\u00e7in t\u0131klay\u0131n.","robots":{"index":"index","follow":"follow","max-snippet":"max-snippet:-1","max-image-preview":"max-image-preview:large","max-video-preview":"max-video-preview:-1"},"canonical":"https:\/\/www.kariyer.net\/kariyer-rehberi\/kpss-2026-takvimi-sinav-ve-basvuru-tarihleri\/","og_locale":"tr_TR","og_type":"article","og_title":"KPSS 2026 Takvimi: Lisans, \u00d6n Lisans ve Orta\u00f6\u011fretim Tarihleri","og_description":"2026 KPSS Takvimi: S\u0131nav ve Ba\u015fvuru Tarihleri \u00d6SYM Ba\u015fkanl\u0131\u011f\u0131 taraf\u0131ndan 2026 y\u0131l\u0131 KPSS ba\u015fvuru, s\u0131nav ve sonu\u00e7 tarihleri resmi olarak a\u00e7\u0131kland\u0131. Oturum","og_url":"https:\/\/www.kariyer.net\/kariyer-rehberi\/kpss-2026-takvimi-sinav-ve-basvuru-tarihleri\/","og_site_name":"Kariyer Rehberi","article_published_time":"2026-03-14T12:35:05+00:00","article_modified_time":"2026-03-14T12:37:05+00:00","og_image":[{"width":900,"height":595,"url":"https:\/\/www.kariyer.net\/kariyer-rehberi\/wp-content\/uploads\/2026\/03\/KPSS-2026-Takvimi.png","type":"image\/png"}],"author":"Edit\u00f6r","twitter_card":"summary_large_image","twitter_misc":{"Yazan:":"Edit\u00f6r","Tahmini okuma s\u00fcresi":"3 dakika"},"schema":{"@context":"https:\/\/schema.org","@graph":[{"@type":"Article","@id":"https:\/\/www.kariyer.net\/kariyer-rehberi\/kpss-2026-takvimi-sinav-ve-basvuru-tarihleri\/#article","isPartOf":{"@id":"https:\/\/www.kariyer.net\/kariyer-rehberi\/kpss-2026-takvimi-sinav-ve-basvuru-tarihleri\/"},"author":{"name":"Edit\u00f6r","@id":"https:\/\/www.kariyer.net\/kariyer-rehberi\/#\/schema\/person\/94fd6e49c7ff1b1b2565a2cc4fd685dd"},"headline":"KPSS 2026 Takvimi: Lisans, \u00d6n Lisans ve Orta\u00f6\u011fretim Tarihleri","datePublished":"2026-03-14T12:35:05+00:00","dateModified":"2026-03-14T12:37:05+00:00","mainEntityOfPage":{"@id":"https:\/\/www.kariyer.net\/kariyer-rehberi\/kpss-2026-takvimi-sinav-ve-basvuru-tarihleri\/"},"wordCount":619,"publisher":{"@id":"https:\/\/www.kariyer.net\/kariyer-rehberi\/#organization"},"image":{"@id":"https:\/\/www.kariyer.net\/kariyer-rehberi\/kpss-2026-takvimi-sinav-ve-basvuru-tarihleri\/#primaryimage"},"thumbnailUrl":"https:\/\/www.kariyer.net\/kariyer-rehberi\/wp-content\/uploads\/2026\/03\/KPSS-2026-Takvimi.png","articleSection":["Kamuda Kariyer"],"inLanguage":"tr"},{"@type":"WebPage","@id":"https:\/\/www.kariyer.net\/kariyer-rehberi\/kpss-2026-takvimi-sinav-ve-basvuru-tarihleri\/","url":"https:\/\/www.kariyer.net\/kariyer-rehberi\/kpss-2026-takvimi-sinav-ve-basvuru-tarihleri\/","name":"KPSS 2026 Takvimi: Lisans, \u00d6n Lisans ve Orta\u00f6\u011fretim Tarihleri","isPartOf":{"@id":"https:\/\/www.kariyer.net\/kariyer-rehberi\/#website"},"primaryImageOfPage":{"@id":"https:\/\/www.kariyer.net\/kariyer-rehberi\/kpss-2026-takvimi-sinav-ve-basvuru-tarihleri\/#primaryimage"},"image":{"@id":"https:\/\/www.kariyer.net\/kariyer-rehberi\/kpss-2026-takvimi-sinav-ve-basvuru-tarihleri\/#primaryimage"},"thumbnailUrl":"https:\/\/www.kariyer.net\/kariyer-rehberi\/wp-content\/uploads\/2026\/03\/KPSS-2026-Takvimi.png","datePublished":"2026-03-14T12:35:05+00:00","dateModified":"2026-03-14T12:37:05+00:00","description":"2026 KPSS takvimi detaylar\u0131n\u0131 i\u00e7eren ba\u015fvuru, s\u0131nav ve sonu\u00e7 tarihleri \u00d6SYM taraf\u0131ndan a\u00e7\u0131kland\u0131. Kesin tarihleri \u00f6\u011frenmek i\u00e7in t\u0131klay\u0131n.","breadcrumb":{"@id":"https:\/\/www.kariyer.net\/kariyer-rehberi\/kpss-2026-takvimi-sinav-ve-basvuru-tarihleri\/#breadcrumb"},"inLanguage":"tr","potentialAction":[{"@type":"ReadAction","target":["https:\/\/www.kariyer.net\/kariyer-rehberi\/kpss-2026-takvimi-sinav-ve-basvuru-tarihleri\/"]}]},{"@type":"ImageObject","inLanguage":"tr","@id":"https:\/\/www.kariyer.net\/kariyer-rehberi\/kpss-2026-takvimi-sinav-ve-basvuru-tarihleri\/#primaryimage","url":"https:\/\/www.kariyer.net\/kariyer-rehberi\/wp-content\/uploads\/2026\/03\/KPSS-2026-Takvimi.png","contentUrl":"https:\/\/www.kariyer.net\/kariyer-rehberi\/wp-content\/uploads\/2026\/03\/KPSS-2026-Takvimi.png","width":900,"height":595,"caption":"KPSS 2026 Takvimi"},{"@type":"BreadcrumbList","@id":"https:\/\/www.kariyer.net\/kariyer-rehberi\/kpss-2026-takvimi-sinav-ve-basvuru-tarihleri\/#breadcrumb","itemListElement":[{"@type":"ListItem","position":1,"name":"Anasayfa","item":"https:\/\/www.kariyer.net\/kariyer-rehberi\/"},{"@type":"ListItem","position":2,"name":"KPSS 2026 Takvimi: Lisans, \u00d6n Lisans ve Orta\u00f6\u011fretim Tarihleri"}]},{"@type":"WebSite","@id":"https:\/\/www.kariyer.net\/kariyer-rehberi\/#website","url":"https:\/\/www.kariyer.net\/kariyer-rehberi\/","name":"Kariyer Rehberi","description":"\u0130\u015f D\u00fcnyas\u0131yla \u0130lgili Bilmek \u0130stedi\u011finiz Her \u015eey","publisher":{"@id":"https:\/\/www.kariyer.net\/kariyer-rehberi\/#organization"},"potentialAction":[{"@type":"SearchAction","target":{"@type":"EntryPoint","urlTemplate":"https:\/\/www.kariyer.net\/kariyer-rehberi\/?s={search_term_string}"},"query-input":{"@type":"PropertyValueSpecification","valueRequired":true,"valueName":"search_term_string"}}],"inLanguage":"tr"},{"@type":"Organization","@id":"https:\/\/www.kariyer.net\/kariyer-rehberi\/#organization","name":"Kariyer.net","url":"https:\/\/www.kariyer.net\/kariyer-rehberi\/","logo":{"@type":"ImageObject","inLanguage":"tr","@id":"https:\/\/www.kariyer.net\/kariyer-rehberi\/#\/schema\/logo\/image\/","url":"https:\/\/www.kariyer.net\/kariyer-rehberi-new\/wp-content\/uploads\/2023\/01\/og-image11.jpg","contentUrl":"https:\/\/www.kariyer.net\/kariyer-rehberi-new\/wp-content\/uploads\/2023\/01\/og-image11.jpg","width":800,"height":800,"caption":"Kariyer.net"},"image":{"@id":"https:\/\/www.kariyer.net\/kariyer-rehberi\/#\/schema\/logo\/image\/"}},{"@type":"Person","@id":"https:\/\/www.kariyer.net\/kariyer-rehberi\/#\/schema\/person\/94fd6e49c7ff1b1b2565a2cc4fd685dd","name":"Edit\u00f6r","image":{"@type":"ImageObject","inLanguage":"tr","@id":"https:\/\/www.kariyer.net\/kariyer-rehberi\/#\/schema\/person\/image\/","url":"https:\/\/secure.gravatar.com\/avatar\/0c4fe6688343aed3693b15573beae12c08ace5565409d5ab7509bf9c115f458d?s=96&d=mm&r=g","contentUrl":"https:\/\/secure.gravatar.com\/avatar\/0c4fe6688343aed3693b15573beae12c08ace5565409d5ab7509bf9c115f458d?s=96&d=mm&r=g","caption":"Edit\u00f6r"},"url":"https:\/\/www.kariyer.net\/kariyer-rehberi\/author\/editor\/"}]}},"_links":{"self":[{"href":"https:\/\/www.kariyer.net\/kariyer-rehberi\/wp-json\/wp\/v2\/posts\/22872","targetHints":{"allow":["GET"]}}],"collection":[{"href":"https:\/\/www.kariyer.net\/kariyer-rehberi\/wp-json\/wp\/v2\/posts"}],"about":[{"href":"https:\/\/www.kariyer.net\/kariyer-rehberi\/wp-json\/wp\/v2\/types\/post"}],"author":[{"embeddable":true,"href":"https:\/\/www.kariyer.net\/kariyer-rehberi\/wp-json\/wp\/v2\/users\/12"}],"replies":[{"embeddable":true,"href":"https:\/\/www.kariyer.net\/kariyer-rehberi\/wp-json\/wp\/v2\/comments?post=22872"}],"version-history":[{"count":5,"href":"https:\/\/www.kariyer.net\/kariyer-rehberi\/wp-json\/wp\/v2\/posts\/22872\/revisions"}],"predecessor-version":[{"id":22878,"href":"https:\/\/www.kariyer.net\/kariyer-rehberi\/wp-json\/wp\/v2\/posts\/22872\/revisions\/22878"}],"wp:featuredmedia":[{"embeddable":true,"href":"https:\/\/www.kariyer.net\/kariyer-rehberi\/wp-json\/wp\/v2\/media\/22874"}],"wp:attachment":[{"href":"https:\/\/www.kariyer.net\/kariyer-rehberi\/wp-json\/wp\/v2\/media?parent=22872"}],"wp:term":[{"taxonomy":"category","embeddable":true,"href":"https:\/\/www.kariyer.net\/kariyer-rehberi\/wp-json\/wp\/v2\/categories?post=22872"},{"taxonomy":"post_tag","embeddable":true,"href":"https:\/\/www.kariyer.net\/kariyer-rehberi\/wp-json\/wp\/v2\/tags?post=22872"}],"curies":[{"name":"wp","href":"https:\/\/api.w.org\/{rel}","templated":true}]}}