{"id":22927,"date":"2026-04-13T16:39:25","date_gmt":"2026-04-13T13:39:25","guid":{"rendered":"https:\/\/www.kariyer.net\/kariyer-rehberi\/?p=22927"},"modified":"2026-04-13T17:06:53","modified_gmt":"2026-04-13T14:06:53","slug":"ozguvenin-iki-yuzu-ve-aradaki-ucurum","status":"publish","type":"post","link":"https:\/\/www.kariyer.net\/kariyer-rehberi\/ozguvenin-iki-yuzu-ve-aradaki-ucurum\/","title":{"rendered":"\u00d6zg\u00fcvenin \u0130ki Y\u00fcz\u00fc ve Aradaki U\u00e7urum"},"content":{"rendered":"<p>Onu tan\u0131yorsunuz. Belki de her g\u00fcn aynada g\u00f6r\u00fcyorsunuz.<\/p>\n<p>Toplant\u0131ya giriyor, enerjisi y\u00fcksek, ileti\u015fimi g\u00fc\u00e7l\u00fc, insanlar ona &#8220;ne kadar \u00f6zg\u00fcvenli biri&#8221; diyor. G\u00fcl\u00fcms\u00fcyor, te\u015fekk\u00fcr ediyor.<\/p>\n<p>Sonra toplant\u0131dan \u00e7\u0131k\u0131yor ve kafas\u0131ndaki sesler ba\u015fl\u0131yor:<\/p>\n<p>&#8220;Do\u011fru \u015feyi mi s\u00f6yledim?&#8221; &#8220;Ya asl\u0131nda beni be\u011fenmedilerse?&#8221; &#8220;Fazla m\u0131 iddial\u0131 oldum?&#8221; &#8220;Ya bilmedi\u011fimi fark ederlerse?&#8221;<\/p>\n<p>Bu sahneyi zihinsel fitness uzman\u0131 Maya Raichoora bir TEDx konu\u015fmas\u0131nda &#8220;Alex&#8221; ad\u0131n\u0131 verdi\u011fi bir karakter \u00fczerinden anlat\u0131yor ve salona soruyor: &#8220;Kim Alex\u2019te kendini g\u00f6r\u00fcyor?&#8221; Neredeyse herkes el kald\u0131r\u0131yor.<\/p>\n<p>Ben de kald\u0131r\u0131rd\u0131m. \u00c7\u00fcnk\u00fc Alex&#8217;i \u00e7ok iyi tan\u0131yorum. Y\u0131llarca onunla ayn\u0131 masada oturdum.<\/p>\n<h2><strong>\u0130ki farkl\u0131 \u00f6zg\u00fcven var ve \u00e7o\u011fumuz yaln\u0131zca birini geli\u015ftiriyoruz<\/strong><\/h2>\n<p>Maya&#8217;n\u0131n konu\u015fmas\u0131ndaki en \u00e7arp\u0131c\u0131 ayr\u0131m \u015fuydu: D\u0131\u015fa d\u00f6n\u00fck \u00f6zg\u00fcven (confidence) ile i\u00e7e d\u00f6n\u00fck \u00f6zg\u00fcven (self-confidence) ayn\u0131 \u015fey de\u011fil.<\/p>\n<p>D\u0131\u015fa d\u00f6n\u00fck \u00f6zg\u00fcven alk\u0131\u015fla b\u00fcy\u00fcr. \u00d6vg\u00fcyle beslenir. Bir sunum iyi gitti mi kendinizi harika hissedersiniz. Terfi ald\u0131n\u0131z m\u0131 d\u00fcnyan\u0131n tepesindesinizdir. M\u00fc\u015fteri &#8220;harika bir i\u015f \u00e7\u0131kard\u0131n\u0131z&#8221; dedi mi o g\u00fcn her \u015fey yolundad\u0131r. Ancak alk\u0131\u015f durdu\u011funda, ba\u015far\u0131 kesintiye u\u011frad\u0131\u011f\u0131nda, ele\u015ftiri geldi\u011finde bu \u00f6zg\u00fcven de onlarla birlikte d\u00fc\u015fer. \u00c7\u00fcnk\u00fc temeli d\u0131\u015far\u0131da kurulmu\u015ftur ve d\u0131\u015far\u0131daki ko\u015fullar her zaman sizin kontrol\u00fcn\u00fczde de\u011fildir.<\/p>\n<p>\u0130\u00e7e d\u00f6n\u00fck \u00f6zg\u00fcven ise bamba\u015fka bir \u015feydir. Sessizdir. G\u00f6steri\u015fli de\u011fildir. Kimseye ispat etmeye \u00e7al\u0131\u015fmaz. &#8220;Ne olursa olsun ben kendime g\u00fcveniyorum&#8221; diyen bir i\u00e7 bilgeliktir. Ba\u015far\u0131s\u0131zl\u0131k geldi\u011finde de ele\u015ftiri geldi\u011finde de belirsizlik geldi\u011finde de ayakta kalman\u0131z\u0131 sa\u011flayan bir dayan\u0131kl\u0131l\u0131kt\u0131r.<\/p>\n<p>Maya&#8217;n\u0131n \u00e7ok net ifade etti\u011fi bir c\u00fcmle var: \u0130\u00e7e d\u00f6n\u00fck \u00f6zg\u00fcven olmadan d\u0131\u015fa d\u00f6n\u00fck \u00f6zg\u00fcven sadece bir maskeye d\u00f6n\u00fc\u015f\u00fcr. \u0130\u00e7e d\u00f6n\u00fck \u00f6zg\u00fcvenle birle\u015fti\u011finde ise ger\u00e7ek, otantik ve s\u00fcrd\u00fcr\u00fclebilir bir g\u00fcce d\u00f6n\u00fc\u015f\u00fcr.<\/p>\n<h2><strong>\u00dc\u00e7 tehlike i\u015fareti<\/strong><\/h2>\n<p>Maya konu\u015fmas\u0131nda d\u0131\u015fa d\u00f6n\u00fck \u00f6zg\u00fcvene ba\u011f\u0131ml\u0131 oldu\u011fumuzu g\u00f6steren \u00fc\u00e7 i\u015faretten bahsediyor.<\/p>\n<p>Bu i\u015faretleri okurken kendinizi nerede g\u00f6rd\u00fc\u011f\u00fcn\u00fcz\u00fc d\u00fc\u015f\u00fcnmenizi rica ederim.<\/p>\n<p><strong>Birincisi:<\/strong> D\u0131\u015f onaya a\u015f\u0131r\u0131 ba\u011f\u0131ml\u0131l\u0131k. Ba\u015fkalar\u0131n\u0131n sizin hakk\u0131n\u0131zdaki g\u00f6r\u00fc\u015f\u00fc, sizin kendiniz hakk\u0131ndaki g\u00f6r\u00fc\u015f\u00fcn\u00fczden daha a\u011f\u0131r bas\u0131yorsa burada bir sorun olabilir. M\u00fcd\u00fcr\u00fcn\u00fcz &#8220;iyi i\u015f \u00e7\u0131kard\u0131n&#8221; dedi\u011finde kendinizi de\u011ferli hissedersiniz, demedi\u011finde ise &#8220;acaba bir sorun mu var&#8221; diye d\u00fc\u015f\u00fcnmeye ba\u015flars\u0131n\u0131z. Kendi sesinizi duyamaz hale gelirsiniz \u00e7\u00fcnk\u00fc ba\u015fkalar\u0131n\u0131n sesi \u00e7ok daha y\u00fcksektir.<\/p>\n<p><strong>\u0130kincisi:<\/strong> Duruma g\u00f6re de\u011fi\u015fen \u00f6zg\u00fcven. \u0130\u015fler iyi gitti\u011finde kendinizi harika hissedersiniz, k\u00f6t\u00fc gitti\u011finde ise dibi g\u00f6r\u00fcrs\u00fcn\u00fcz. Maya bunu \u00f6zellikle y\u00fcksek performansl\u0131 insanlarda \u00e7ok s\u0131k g\u00f6rd\u00fc\u011f\u00fcn\u00fc s\u00f6yl\u00fcyor. \u2018\u2019Kazan\u0131rken tepede, kaybederken dipte\u2019\u2019 bu dalgalanma insan\u0131 hem fiziksel hem zihinsel olarak t\u00fcketir.<\/p>\n<p><strong>\u00dc\u00e7\u00fcnc\u00fcs\u00fc:<\/strong> \u00d6zg\u00fcveni bir performans olarak kullanmak. Ger\u00e7ekten hissetti\u011finiz \u015feyi yans\u0131tmak yerine, ba\u015fkalar\u0131n\u0131n bekledi\u011fi ki\u015fiyi oynamak. Maya buna &#8220;ruh halinizi yans\u0131tmak yerine beklentileri ayna gibi yans\u0131tmak&#8221; diyor. D\u00fcnya size \u00f6zg\u00fcvenin nas\u0131l g\u00f6r\u00fcnmesi gerekti\u011fini s\u00f6yl\u00fcyor ve siz o kal\u0131ba uyuyorsunuz.<\/p>\n<h2><strong>Sabotajc\u0131lar: Maskenin arkas\u0131ndaki sesler<\/strong><\/h2>\n<p>Maya&#8217;n\u0131n konu\u015fmas\u0131n\u0131 dinlerken s\u00fcrekli Pozitif Zeka&#8217;daki sabotajc\u0131lar\u0131 g\u00f6rd\u00fcm.<\/p>\n<p>Maya&#8217;n\u0131n &#8220;d\u0131\u015f onaya a\u015f\u0131r\u0131 ba\u011f\u0131ml\u0131l\u0131k&#8221; dedi\u011fi \u015fey, Pozitif Zeka&#8217;da Memnun Etme Delisi sabotajc\u0131s\u0131n\u0131n temel kal\u0131b\u0131d\u0131r. &#8220;Beni be\u011fensinler, kabul etsinler, onaylas\u0131nlar&#8221; sesi bu sabotajc\u0131dan gelir. Ve bu ses ne kadar g\u00fc\u00e7l\u00fcyse, d\u0131\u015far\u0131dan ne kadar \u00f6zg\u00fcvenli g\u00f6r\u00fcn\u00fcrseniz g\u00f6r\u00fcn\u00fcn, i\u00e7eride o kadar k\u0131r\u0131lgan olursunuz. Memnun Etme Delisi benim birincil sabotajc\u0131m. Y\u0131llarca bu sesi kendi sesim sand\u0131m.<\/p>\n<p>Maya&#8217;n\u0131n &#8220;ba\u015far\u0131 varken yukar\u0131da, yokken dipte&#8221; dedi\u011fi dalgalanma ise Ba\u015far\u0131 Delisi sabotajc\u0131s\u0131n\u0131n imzas\u0131d\u0131r. Bu sabotajc\u0131 de\u011ferinizi sonu\u00e7larla \u00f6l\u00e7menizi sa\u011flar. Bir projeyi ba\u015far\u0131yla teslim ettiniz mi kendinizi de\u011ferli hissedersiniz, bir aksilik oldu mu de\u011fersiz. \u00d6zg\u00fcveniniz bir borsa grafi\u011fi gibi s\u00fcrekli iner \u00e7\u0131kar ve bu dalgalanma hem sizi hem \u00e7evrenizi t\u00fcketir.<\/p>\n<p>Ve Maya&#8217;n\u0131n &#8220;\u00f6zg\u00fcveni ba\u015fkalar\u0131n\u0131 memnun etmek i\u00e7in performans olarak kullanmak&#8221; dedi\u011fi kal\u0131p \u2014 bu iki sabotajc\u0131n\u0131n birlikte \u00e7al\u0131\u015ft\u0131\u011f\u0131 noktad\u0131r. Hem &#8220;beni be\u011fensinler&#8221; hem &#8220;ba\u015far\u0131l\u0131 olay\u0131m ki be\u011fensinler&#8221; sesleri ayn\u0131 anda \u00e7alar ve siz ikisini de memnun etmeye \u00e7al\u0131\u015f\u0131rken kendi sesinizi tamamen kaybedersiniz.<\/p>\n<h3><strong>Maya&#8217;n\u0131n \u00fc\u00e7 ad\u0131m\u0131 ve Pozitif Zeka ba\u011flant\u0131lar\u0131<\/strong><\/h3>\n<p>Maya \u00fc\u00e7 ad\u0131m \u00f6neriyor ve bu ad\u0131mlar\u0131n Pozitif Zeka ile \u00f6rt\u00fc\u015fmesi bence tesad\u00fcf de\u011fil.<\/p>\n<p>Birinci ad\u0131m: Kendi imaj\u0131n\u0131z\u0131n sahipli\u011fini al\u0131n. Maya &#8220;her sabah kendinize sorun: bug\u00fcn kim olmay\u0131 se\u00e7iyorum?&#8221; diyor. Ba\u015fkalar\u0131n\u0131n sizden bekledi\u011fi ki\u015fi olmak yerine kendi de\u011ferlerinizle uyumlu ki\u015fiyi bilin\u00e7li olarak se\u00e7mek. Bu Pozitif Zeka&#8217;daki Bilge Beynin &#8220;Anlaml\u0131 Y\u00f6n&#8221; g\u00fcc\u00fcyle birebir \u00f6rt\u00fc\u015f\u00fcyor.<\/p>\n<p>\u0130kinci ad\u0131m: Kendinize g\u00fcven in\u015fa edin. Maya &#8220;kendinize verdi\u011finiz s\u00f6zleri tutun, ne kadar k\u00fc\u00e7\u00fck olursa olsun&#8221; diyor. Haftada \u00fc\u00e7 g\u00fcn spor yapaca\u011f\u0131m dediniz mi yap\u0131n. Bir arkada\u015f\u0131m\u0131 arayaca\u011f\u0131m dediniz mi aray\u0131n. Her tutulmayan s\u00f6z i\u00e7e d\u00f6n\u00fck \u00f6zg\u00fcveni biraz daha a\u015f\u0131nd\u0131r\u0131r, her tutulan s\u00f6z biraz daha g\u00fc\u00e7lendirir. Bu tam olarak PQ al\u0131\u015ft\u0131rmalar\u0131n\u0131n mant\u0131\u011f\u0131d\u0131r. PQ&#8217;da g\u00fcnde 15 dakikal\u0131k k\u00fc\u00e7\u00fck zihinsel egzersizlerle bir kas geli\u015ftirirsiniz. Her yap\u0131lan al\u0131\u015ft\u0131rma o kas\u0131 g\u00fc\u00e7lendirir, her atlanan g\u00fcn biraz zay\u0131flat\u0131r.<\/p>\n<p>\u00dc\u00e7\u00fcnc\u00fc ad\u0131m: Sonu\u00e7lardan ba\u011f\u0131ms\u0131zla\u015f\u0131n. Bu belki de en zor ad\u0131md\u0131r ve Pozitif Zeka&#8217;n\u0131n en g\u00fc\u00e7l\u00fc mesaj\u0131yla do\u011frudan ba\u011flant\u0131l\u0131d\u0131r. Maya &#8220;sadece sonu\u00e7lar\u0131 de\u011fil, g\u00f6sterdi\u011finiz \u00e7abay\u0131 da kutlay\u0131n&#8221; diyor. PQ&#8217;nun temel prensiplerinden biri ise &#8220;her olay bir hediye veya bir f\u0131rsata d\u00f6n\u00fc\u015ft\u00fcr\u00fclebilir&#8221; perspektifidir. Kaybetti\u011finizde de kazand\u0131\u011f\u0131n\u0131zda da ayn\u0131 i\u00e7 dengeyi koruyabilmek \u2014 Maya buna &#8220;sonu\u00e7lardan ba\u011f\u0131ms\u0131zla\u015fmak&#8221; diyor, PQ buna &#8220;Bilge Beyin bak\u0131\u015f a\u00e7\u0131s\u0131&#8221; diyor. Farkl\u0131 diller, ayn\u0131 ger\u00e7ek.<\/p>\n<h3><strong>30 g\u00fcnl\u00fck meydan okuma<\/strong><\/h3>\n<p>Maya konu\u015fmas\u0131n\u0131 \u015fu s\u00f6zlerle bitiriyor: Alex h\u00e2l\u00e2 toplant\u0131lara ayn\u0131 enerjiyle giriyor. H\u00e2l\u00e2 \u00f6zg\u00fcvenli g\u00f6r\u00fcn\u00fcyor. Ancak art\u0131k insanlar\u0131n onu yarg\u0131lay\u0131p yarg\u0131lamad\u0131\u011f\u0131n\u0131 umursam\u0131yor. Yanl\u0131\u015f bir \u015fey s\u00f6yleyip s\u00f6ylemedi\u011fini kafas\u0131nda tekrarlam\u0131yor. Kendine g\u00fcveniyor \u2014 ger\u00e7ekten g\u00fcveniyor. Ve bu onu manyetik k\u0131l\u0131yor. Yapt\u0131\u011f\u0131 \u015feyler y\u00fcz\u00fcnden de\u011fil, oldu\u011fu ki\u015fi y\u00fcz\u00fcnden.<\/p>\n<p>Maya 30 g\u00fcnl\u00fck bir meydan okuma \u00f6neriyor: Her g\u00fcn bu \u00fc\u00e7 ad\u0131m\u0131 uygulay\u0131n ve 30 g\u00fcn sonra ne de\u011fi\u015fti\u011fini g\u00f6zlemleyin.<\/p>\n<p>Ben de \u00f6neriyorum ancak bir eklemeyle: \u00d6nce hangi sabotajc\u0131n\u0131n sizin \u00f6zg\u00fcveninizi y\u00f6netti\u011fini fark edin. \u00c7\u00fcnk\u00fc d\u00fc\u015fman\u0131 tan\u0131madan sava\u015famazs\u0131n\u0131z.<\/p>\n<p><strong>Dipnot:<\/strong><\/p>\n<p><em><strong>\u2018\u2019 Bu yaz\u0131 konuk yazar\u0131n ki\u015fisel g\u00f6r\u00fc\u015flerini ve pop\u00fcler zihinsel geli\u015fim metotlar\u0131n\u0131 i\u00e7ermektedir; t\u0131bbi bir tavsiye niteli\u011fi ta\u015f\u0131maz\u2019\u2019<\/strong><\/em><\/p>\n<!-- templates\/buttons-placeholder.php -->\n<div class=\"da-reactions-outer TpostID22927\">\n\t    <div class=\"da-reactions-data da-reactions-container-async center\"\n         data-type=\"post\"\n         data-id=\"22927\"\n         id=\"da-reactions-slot-post-22927\">\n        <div class=\"da-reactions-static\">\n\t\t\t<img src=\"https:\/\/www.kariyer.net\/kariyer-rehberi\/wp-content\/plugins\/da-reactions\/assets\/dist\/loading.svg\" alt=\"Loading spinner\" width=\"48\" height=\"48\" style=\"width:48px\" \/>\n        <\/div>\n    <\/div>\n<\/div>\n","protected":false},"excerpt":{"rendered":"<p>Onu tan\u0131yorsunuz. Belki de her g\u00fcn aynada g\u00f6r\u00fcyorsunuz. Toplant\u0131ya giriyor, enerjisi y\u00fcksek, ileti\u015fimi g\u00fc\u00e7l\u00fc, insanlar ona &#8220;ne kadar \u00f6zg\u00fcvenli biri&#8221; diyor. G\u00fcl\u00fcms\u00fcyor, te\u015fekk\u00fcr ediyor. Sonra toplant\u0131dan \u00e7\u0131k\u0131yor ve kafas\u0131ndaki sesler ba\u015fl\u0131yor: &#8220;Do\u011fru \u015feyi mi s\u00f6yledim?&#8221; &#8220;Ya asl\u0131nda beni be\u011fenmedilerse?&#8221; &#8220;Fazla m\u0131 iddial\u0131 oldum?&#8221; &#8220;Ya bilmedi\u011fimi fark ederlerse?&#8221; Bu sahneyi zihinsel fitness uzman\u0131 Maya Raichoora bir [&hellip;]<\/p>\n<!-- templates\/buttons-placeholder.php -->\n<div class=\"da-reactions-outer TpostID22927\">\n\t    <div class=\"da-reactions-data da-reactions-container-async center\"\n         data-type=\"post\"\n         data-id=\"22927\"\n         id=\"da-reactions-slot-post-22927\">\n        <div class=\"da-reactions-static\">\n\t\t\t<img src=\"https:\/\/www.kariyer.net\/kariyer-rehberi\/wp-content\/plugins\/da-reactions\/assets\/dist\/loading.svg\" alt=\"Loading spinner\" width=\"48\" height=\"48\" style=\"width:48px\" \/>\n        <\/div>\n    <\/div>\n<\/div>\n","protected":false},"author":38,"featured_media":22929,"comment_status":"closed","ping_status":"open","sticky":false,"template":"","format":"standard","meta":{"footnotes":"","_elementor_edit_mode":"","_elementor_template_type":"","_elementor_data":"","_elementor_page_settings":null,"_elementor_conditions":[]},"categories":[46,2214],"tags":[1580,2225],"class_list":{"0":"post-22927","1":"post","2":"type-post","3":"status-publish","4":"format-standard","5":"has-post-thumbnail","7":"category-is-hayati","8":"category-yasam","9":"tag-bertay-fisekci","10":"tag-tum-kitle"},"yoast_head":"<!-- This site is optimized with the Yoast SEO Premium plugin v21.4 (Yoast SEO v27.0) - https:\/\/yoast.com\/product\/yoast-seo-premium-wordpress\/ -->\n<title>\u00d6zg\u00fcvenin \u0130ki Y\u00fcz\u00fc ve Aradaki U\u00e7urum<\/title>\n<meta name=\"description\" content=\"D\u0131\u015fa d\u00f6n\u00fck \u00f6zg\u00fcven alk\u0131\u015fla b\u00fcy\u00fcr. \u00d6vg\u00fcyle beslenir. \u0130\u00e7e d\u00f6n\u00fck \u00f6zg\u00fcven ise sessizdir. G\u00f6steri\u015fli de\u011fildir. Kimseye ispat etmeye \u00e7al\u0131\u015fmaz.\" \/>\n<meta name=\"robots\" content=\"index, follow, max-snippet:-1, max-image-preview:large, max-video-preview:-1\" \/>\n<link rel=\"canonical\" href=\"https:\/\/www.kariyer.net\/kariyer-rehberi\/ozguvenin-iki-yuzu-ve-aradaki-ucurum\/\" \/>\n<meta property=\"og:locale\" content=\"tr_TR\" \/>\n<meta property=\"og:type\" content=\"article\" \/>\n<meta property=\"og:title\" content=\"\u00d6zg\u00fcvenin \u0130ki Y\u00fcz\u00fc ve Aradaki U\u00e7urum\" \/>\n<meta property=\"og:description\" content=\"Onu tan\u0131yorsunuz. Belki de her g\u00fcn aynada g\u00f6r\u00fcyorsunuz. Toplant\u0131ya giriyor, enerjisi y\u00fcksek, ileti\u015fimi g\u00fc\u00e7l\u00fc, insanlar ona &quot;ne kadar \u00f6zg\u00fcvenli biri&quot;\" \/>\n<meta property=\"og:url\" content=\"https:\/\/www.kariyer.net\/kariyer-rehberi\/ozguvenin-iki-yuzu-ve-aradaki-ucurum\/\" \/>\n<meta property=\"og:site_name\" content=\"Kariyer Rehberi\" \/>\n<meta property=\"article:published_time\" content=\"2026-04-13T13:39:25+00:00\" \/>\n<meta property=\"article:modified_time\" content=\"2026-04-13T14:06:53+00:00\" \/>\n<meta property=\"og:image\" content=\"https:\/\/www.kariyer.net\/kariyer-rehberi\/wp-content\/uploads\/2026\/04\/is_hayatinda_ozguven.jpg\" \/>\n\t<meta property=\"og:image:width\" content=\"724\" \/>\n\t<meta property=\"og:image:height\" content=\"483\" \/>\n\t<meta property=\"og:image:type\" content=\"image\/jpeg\" \/>\n<meta name=\"author\" content=\"Bertay Fi\u015fek\u00e7i\" \/>\n<meta name=\"twitter:card\" content=\"summary_large_image\" \/>\n<meta name=\"twitter:label1\" content=\"Yazan:\" \/>\n\t<meta name=\"twitter:data1\" content=\"Bertay Fi\u015fek\u00e7i\" \/>\n\t<meta name=\"twitter:label2\" content=\"Tahmini okuma s\u00fcresi\" \/>\n\t<meta name=\"twitter:data2\" content=\"6 dakika\" \/>\n<!-- \/ Yoast SEO Premium plugin. -->","yoast_head_json":{"title":"\u00d6zg\u00fcvenin \u0130ki Y\u00fcz\u00fc ve Aradaki U\u00e7urum","description":"D\u0131\u015fa d\u00f6n\u00fck \u00f6zg\u00fcven alk\u0131\u015fla b\u00fcy\u00fcr. \u00d6vg\u00fcyle beslenir. \u0130\u00e7e d\u00f6n\u00fck \u00f6zg\u00fcven ise sessizdir. G\u00f6steri\u015fli de\u011fildir. Kimseye ispat etmeye \u00e7al\u0131\u015fmaz.","robots":{"index":"index","follow":"follow","max-snippet":"max-snippet:-1","max-image-preview":"max-image-preview:large","max-video-preview":"max-video-preview:-1"},"canonical":"https:\/\/www.kariyer.net\/kariyer-rehberi\/ozguvenin-iki-yuzu-ve-aradaki-ucurum\/","og_locale":"tr_TR","og_type":"article","og_title":"\u00d6zg\u00fcvenin \u0130ki Y\u00fcz\u00fc ve Aradaki U\u00e7urum","og_description":"Onu tan\u0131yorsunuz. Belki de her g\u00fcn aynada g\u00f6r\u00fcyorsunuz. Toplant\u0131ya giriyor, enerjisi y\u00fcksek, ileti\u015fimi g\u00fc\u00e7l\u00fc, insanlar ona \"ne kadar \u00f6zg\u00fcvenli biri\"","og_url":"https:\/\/www.kariyer.net\/kariyer-rehberi\/ozguvenin-iki-yuzu-ve-aradaki-ucurum\/","og_site_name":"Kariyer Rehberi","article_published_time":"2026-04-13T13:39:25+00:00","article_modified_time":"2026-04-13T14:06:53+00:00","og_image":[{"width":724,"height":483,"url":"https:\/\/www.kariyer.net\/kariyer-rehberi\/wp-content\/uploads\/2026\/04\/is_hayatinda_ozguven.jpg","type":"image\/jpeg"}],"author":"Bertay Fi\u015fek\u00e7i","twitter_card":"summary_large_image","twitter_misc":{"Yazan:":"Bertay Fi\u015fek\u00e7i","Tahmini okuma s\u00fcresi":"6 dakika"},"schema":{"@context":"https:\/\/schema.org","@graph":[{"@type":"Article","@id":"https:\/\/www.kariyer.net\/kariyer-rehberi\/ozguvenin-iki-yuzu-ve-aradaki-ucurum\/#article","isPartOf":{"@id":"https:\/\/www.kariyer.net\/kariyer-rehberi\/ozguvenin-iki-yuzu-ve-aradaki-ucurum\/"},"author":{"name":"Bertay Fi\u015fek\u00e7i","@id":"https:\/\/www.kariyer.net\/kariyer-rehberi\/#\/schema\/person\/0bbab5628be4b64729a9bb1f38c56151"},"headline":"\u00d6zg\u00fcvenin \u0130ki Y\u00fcz\u00fc ve Aradaki U\u00e7urum","datePublished":"2026-04-13T13:39:25+00:00","dateModified":"2026-04-13T14:06:53+00:00","mainEntityOfPage":{"@id":"https:\/\/www.kariyer.net\/kariyer-rehberi\/ozguvenin-iki-yuzu-ve-aradaki-ucurum\/"},"wordCount":1338,"publisher":{"@id":"https:\/\/www.kariyer.net\/kariyer-rehberi\/#organization"},"image":{"@id":"https:\/\/www.kariyer.net\/kariyer-rehberi\/ozguvenin-iki-yuzu-ve-aradaki-ucurum\/#primaryimage"},"thumbnailUrl":"https:\/\/www.kariyer.net\/kariyer-rehberi\/wp-content\/uploads\/2026\/04\/is_hayatinda_ozguven.jpg","keywords":["Bertay Fi\u015fek\u00e7i","T\u00fcm kitle"],"articleSection":["\u0130\u015f Hayat\u0131","Ya\u015fam"],"inLanguage":"tr"},{"@type":"WebPage","@id":"https:\/\/www.kariyer.net\/kariyer-rehberi\/ozguvenin-iki-yuzu-ve-aradaki-ucurum\/","url":"https:\/\/www.kariyer.net\/kariyer-rehberi\/ozguvenin-iki-yuzu-ve-aradaki-ucurum\/","name":"\u00d6zg\u00fcvenin \u0130ki Y\u00fcz\u00fc ve Aradaki U\u00e7urum","isPartOf":{"@id":"https:\/\/www.kariyer.net\/kariyer-rehberi\/#website"},"primaryImageOfPage":{"@id":"https:\/\/www.kariyer.net\/kariyer-rehberi\/ozguvenin-iki-yuzu-ve-aradaki-ucurum\/#primaryimage"},"image":{"@id":"https:\/\/www.kariyer.net\/kariyer-rehberi\/ozguvenin-iki-yuzu-ve-aradaki-ucurum\/#primaryimage"},"thumbnailUrl":"https:\/\/www.kariyer.net\/kariyer-rehberi\/wp-content\/uploads\/2026\/04\/is_hayatinda_ozguven.jpg","datePublished":"2026-04-13T13:39:25+00:00","dateModified":"2026-04-13T14:06:53+00:00","description":"D\u0131\u015fa d\u00f6n\u00fck \u00f6zg\u00fcven alk\u0131\u015fla b\u00fcy\u00fcr. \u00d6vg\u00fcyle beslenir. \u0130\u00e7e d\u00f6n\u00fck \u00f6zg\u00fcven ise sessizdir. G\u00f6steri\u015fli de\u011fildir. Kimseye ispat etmeye \u00e7al\u0131\u015fmaz.","breadcrumb":{"@id":"https:\/\/www.kariyer.net\/kariyer-rehberi\/ozguvenin-iki-yuzu-ve-aradaki-ucurum\/#breadcrumb"},"inLanguage":"tr","potentialAction":[{"@type":"ReadAction","target":["https:\/\/www.kariyer.net\/kariyer-rehberi\/ozguvenin-iki-yuzu-ve-aradaki-ucurum\/"]}]},{"@type":"ImageObject","inLanguage":"tr","@id":"https:\/\/www.kariyer.net\/kariyer-rehberi\/ozguvenin-iki-yuzu-ve-aradaki-ucurum\/#primaryimage","url":"https:\/\/www.kariyer.net\/kariyer-rehberi\/wp-content\/uploads\/2026\/04\/is_hayatinda_ozguven.jpg","contentUrl":"https:\/\/www.kariyer.net\/kariyer-rehberi\/wp-content\/uploads\/2026\/04\/is_hayatinda_ozguven.jpg","width":724,"height":483,"caption":"i\u015f hayat\u0131nda \u00f6zg\u00fcven"},{"@type":"BreadcrumbList","@id":"https:\/\/www.kariyer.net\/kariyer-rehberi\/ozguvenin-iki-yuzu-ve-aradaki-ucurum\/#breadcrumb","itemListElement":[{"@type":"ListItem","position":1,"name":"Anasayfa","item":"https:\/\/www.kariyer.net\/kariyer-rehberi\/"},{"@type":"ListItem","position":2,"name":"\u00d6zg\u00fcvenin \u0130ki Y\u00fcz\u00fc ve Aradaki U\u00e7urum"}]},{"@type":"WebSite","@id":"https:\/\/www.kariyer.net\/kariyer-rehberi\/#website","url":"https:\/\/www.kariyer.net\/kariyer-rehberi\/","name":"Kariyer Rehberi","description":"\u0130\u015f D\u00fcnyas\u0131yla \u0130lgili Bilmek \u0130stedi\u011finiz Her \u015eey","publisher":{"@id":"https:\/\/www.kariyer.net\/kariyer-rehberi\/#organization"},"potentialAction":[{"@type":"SearchAction","target":{"@type":"EntryPoint","urlTemplate":"https:\/\/www.kariyer.net\/kariyer-rehberi\/?s={search_term_string}"},"query-input":{"@type":"PropertyValueSpecification","valueRequired":true,"valueName":"search_term_string"}}],"inLanguage":"tr"},{"@type":"Organization","@id":"https:\/\/www.kariyer.net\/kariyer-rehberi\/#organization","name":"Kariyer.net","url":"https:\/\/www.kariyer.net\/kariyer-rehberi\/","logo":{"@type":"ImageObject","inLanguage":"tr","@id":"https:\/\/www.kariyer.net\/kariyer-rehberi\/#\/schema\/logo\/image\/","url":"https:\/\/www.kariyer.net\/kariyer-rehberi-new\/wp-content\/uploads\/2023\/01\/og-image11.jpg","contentUrl":"https:\/\/www.kariyer.net\/kariyer-rehberi-new\/wp-content\/uploads\/2023\/01\/og-image11.jpg","width":800,"height":800,"caption":"Kariyer.net"},"image":{"@id":"https:\/\/www.kariyer.net\/kariyer-rehberi\/#\/schema\/logo\/image\/"}},{"@type":"Person","@id":"https:\/\/www.kariyer.net\/kariyer-rehberi\/#\/schema\/person\/0bbab5628be4b64729a9bb1f38c56151","name":"Bertay Fi\u015fek\u00e7i","image":{"@type":"ImageObject","inLanguage":"tr","@id":"https:\/\/www.kariyer.net\/kariyer-rehberi\/#\/schema\/person\/image\/","url":"https:\/\/www.kariyer.net\/kariyer-rehberi\/wp-content\/uploads\/2024\/09\/Bertay-Fisekci-150x150.jpg","contentUrl":"https:\/\/www.kariyer.net\/kariyer-rehberi\/wp-content\/uploads\/2024\/09\/Bertay-Fisekci-150x150.jpg","caption":"Bertay Fi\u015fek\u00e7i"},"description":"Bertay Fi\u015fek\u00e7i, 23 y\u0131ll\u0131k kurumsal hayat\u0131n\u0131n ard\u0131ndan \u00e7al\u0131\u015fan ba\u011fl\u0131l\u0131\u011f\u0131, k\u00fclt\u00fcr d\u00f6n\u00fc\u015f\u00fcm\u00fc, orta kademe y\u00f6neticilerin beceri geli\u015fimi alanlar\u0131na odaklanm\u0131\u015ft\u0131r ve bu konularda \u015firketlere profesyonel destek vermektedir. \u0130nsan odakl\u0131 organizasyonlar\u0131n daha da geli\u015ftirici, k\u00e2rl\u0131 ve \u00e7ekici oldu\u011fu inanc\u0131yla \u00e7al\u0131\u015fmalar\u0131n\u0131 s\u00fcrd\u00fcrmektedir. Fi\u015fek\u00e7i; y\u00fcz y\u00fcze seminerler, online etkinler, podcast yay\u0131nlar\u0131yla bilgilerini aktarman\u0131n yan\u0131nda; ki\u015fisel blogunda ve Kariyer.net bloglar\u0131nda yay\u0131nlanan i\u00e7erikleriyle de okuyucularla bulu\u015fmaktad\u0131r.","url":"https:\/\/www.kariyer.net\/kariyer-rehberi\/author\/bertay-fisekci\/"}]}},"_links":{"self":[{"href":"https:\/\/www.kariyer.net\/kariyer-rehberi\/wp-json\/wp\/v2\/posts\/22927","targetHints":{"allow":["GET"]}}],"collection":[{"href":"https:\/\/www.kariyer.net\/kariyer-rehberi\/wp-json\/wp\/v2\/posts"}],"about":[{"href":"https:\/\/www.kariyer.net\/kariyer-rehberi\/wp-json\/wp\/v2\/types\/post"}],"author":[{"embeddable":true,"href":"https:\/\/www.kariyer.net\/kariyer-rehberi\/wp-json\/wp\/v2\/users\/38"}],"replies":[{"embeddable":true,"href":"https:\/\/www.kariyer.net\/kariyer-rehberi\/wp-json\/wp\/v2\/comments?post=22927"}],"version-history":[{"count":3,"href":"https:\/\/www.kariyer.net\/kariyer-rehberi\/wp-json\/wp\/v2\/posts\/22927\/revisions"}],"predecessor-version":[{"id":22932,"href":"https:\/\/www.kariyer.net\/kariyer-rehberi\/wp-json\/wp\/v2\/posts\/22927\/revisions\/22932"}],"wp:featuredmedia":[{"embeddable":true,"href":"https:\/\/www.kariyer.net\/kariyer-rehberi\/wp-json\/wp\/v2\/media\/22929"}],"wp:attachment":[{"href":"https:\/\/www.kariyer.net\/kariyer-rehberi\/wp-json\/wp\/v2\/media?parent=22927"}],"wp:term":[{"taxonomy":"category","embeddable":true,"href":"https:\/\/www.kariyer.net\/kariyer-rehberi\/wp-json\/wp\/v2\/categories?post=22927"},{"taxonomy":"post_tag","embeddable":true,"href":"https:\/\/www.kariyer.net\/kariyer-rehberi\/wp-json\/wp\/v2\/tags?post=22927"}],"curies":[{"name":"wp","href":"https:\/\/api.w.org\/{rel}","templated":true}]}}