{"id":22928,"date":"2026-04-17T10:05:22","date_gmt":"2026-04-17T07:05:22","guid":{"rendered":"https:\/\/www.kariyer.net\/kariyer-rehberi\/?p=22928"},"modified":"2026-04-17T10:05:22","modified_gmt":"2026-04-17T07:05:22","slug":"adalet-bakanligi-personel-alimi-2026","status":"publish","type":"post","link":"https:\/\/www.kariyer.net\/kariyer-rehberi\/adalet-bakanligi-personel-alimi-2026\/","title":{"rendered":"Adalet Bakanl\u0131\u011f\u0131 Personel Al\u0131m\u0131 2026 Y\u0131l\u0131nda Ne Zaman Yap\u0131lacak?"},"content":{"rendered":"<p><strong>Kamu sekt\u00f6r\u00fcnde kariyer hedefleyenler i\u00e7in Adalet Bakanl\u0131\u011f\u0131 Personel Al\u0131m\u0131 2026 haberleri olduk\u00e7a heyecan verici bir geli\u015fme. 2026 y\u0131l\u0131 i\u00e7erisinde Adalet Bakanl\u0131\u011f\u0131&#8217;n\u0131n 15 bin yeni personel istihdam edece\u011fi Bakanl\u0131k taraf\u0131ndan a\u00e7\u0131klanm\u0131\u015ft\u0131. Peki, bu s\u00fcre\u00e7te seni neler bekliyor ve haz\u0131rl\u0131k a\u015famas\u0131nda nelere dikkat etmen gerekiyor? \u0130\u015fte bilmen gerekenler.<\/strong><\/p>\n<h2>Adalet Bakanl\u0131\u011f\u0131 Personel Al\u0131m\u0131 Ne Zaman Yap\u0131lacak?<\/h2>\n<p>Adalet Bakanl\u0131\u011f\u0131 b\u00fcnyesinde g\u00f6revlendirilmek \u00fczere 15 bin yeni personel al\u0131m\u0131 i\u00e7in haz\u0131rl\u0131klar s\u00fcr\u00fcyor. Bakanl\u0131k taraf\u0131ndan yap\u0131lan g\u00fcncel bilgilendirmelere g\u00f6re, al\u0131m takvimi ve kesin ba\u015fvuru tarihleri Bakan Ak\u0131n G\u00fcrlek&#8217;in karar\u0131 sonras\u0131 netlik kazanacak. Kariyer planlaman\u0131 yaparken resmi duyurular\u0131 yak\u0131ndan takip etmen, ilan yay\u0131mland\u0131\u011f\u0131nda h\u0131zl\u0131 aksiyon alman a\u00e7\u0131s\u0131ndan yararl\u0131 olacakt\u0131r.<\/p>\n<h2>Hangi Kadrolarda Al\u0131m Yap\u0131lmas\u0131 Bekleniyor?<\/h2>\n<p>Adalet Bakanl\u0131\u011f\u0131 personel al\u0131mlar\u0131 genellikle geni\u015f bir yelpazede ger\u00e7ekle\u015ftirilmektedir. 2026 y\u0131l\u0131ndaki bu b\u00fcy\u00fck istihdam paketinde \u00f6ne \u00e7\u0131kmas\u0131 muhtemel pozisyonlar \u015funlard\u0131r:<\/p>\n<ul>\n<li>Zab\u0131t Katibi ve \u0130nfaz Koruma Memuru (\u0130KM)<\/li>\n<li>M\u00fcba\u015fir ve Koruma G\u00fcvenlik G\u00f6revlisi<\/li>\n<li>Teknisyen, \u015eof\u00f6r ve Destek Personeli<\/li>\n<li>Psikolog, Sosyal \u00c7al\u0131\u015fmac\u0131 ve \u0130statistik\u00e7i gibi uzman kadrolar<\/li>\n<\/ul>\n<h2>Ba\u015fvuru \u015eartlar\u0131 ve Haz\u0131rl\u0131k S\u00fcreci<\/h2>\n<p>Kamu personeli al\u0131mlar\u0131nda genellikle KPSS puan\u0131, ya\u015f s\u0131n\u0131r\u0131 ve e\u011fitim durumu gibi temel kriterler aranmaktad\u0131r. Ba\u015fvuru s\u00fcreci ba\u015flad\u0131\u011f\u0131nda belgelerini eksiksiz haz\u0131rlaman ve m\u00fclakat a\u015famalar\u0131na odaklanman ideal bir y\u00f6ntem olabilir.<\/p>\n<h3>S\u00fcreci Nas\u0131l Takip Etmelisin?<\/h3>\n<p>Adalet Bakanl\u0131\u011f\u0131 Personel Al\u0131m\u0131 2026 \u0130lan detaylar\u0131 Resmi Gazete ve Bakanl\u0131\u011f\u0131n duyuru kanallar\u0131 \u00fczerinden yay\u0131mlanacakt\u0131r. Ba\u015fvuru yapmadan \u00f6nce kadrolar\u0131n \u00f6zel \u015fartlar\u0131n\u0131 (\u00f6rne\u011fin zab\u0131t katipli\u011fi i\u00e7in klavye s\u0131nav\u0131 \u015fart\u0131 gibi) dikkatle incelemen \u00f6nerilir.<\/p>\n<!-- templates\/buttons-placeholder.php -->\n<div class=\"da-reactions-outer TpostID22928\">\n\t    <div class=\"da-reactions-data da-reactions-container-async center\"\n         data-type=\"post\"\n         data-id=\"22928\"\n         id=\"da-reactions-slot-post-22928\">\n        <div class=\"da-reactions-static\">\n\t\t\t<img src=\"https:\/\/www.kariyer.net\/kariyer-rehberi\/wp-content\/plugins\/da-reactions\/assets\/dist\/loading.svg\" alt=\"Loading spinner\" width=\"48\" height=\"48\" style=\"width:48px\" \/>\n        <\/div>\n    <\/div>\n<\/div>\n","protected":false},"excerpt":{"rendered":"<p>Kamu sekt\u00f6r\u00fcnde kariyer hedefleyenler i\u00e7in Adalet Bakanl\u0131\u011f\u0131 Personel Al\u0131m\u0131 2026 haberleri olduk\u00e7a heyecan verici bir geli\u015fme. 2026 y\u0131l\u0131 i\u00e7erisinde Adalet Bakanl\u0131\u011f\u0131&#8217;n\u0131n 15 bin yeni personel istihdam edece\u011fi Bakanl\u0131k taraf\u0131ndan a\u00e7\u0131klanm\u0131\u015ft\u0131. Peki, bu s\u00fcre\u00e7te seni neler bekliyor ve haz\u0131rl\u0131k a\u015famas\u0131nda nelere dikkat etmen gerekiyor? \u0130\u015fte bilmen gerekenler. Adalet Bakanl\u0131\u011f\u0131 Personel Al\u0131m\u0131 Ne Zaman Yap\u0131lacak? Adalet Bakanl\u0131\u011f\u0131 [&hellip;]<\/p>\n<!-- templates\/buttons-placeholder.php -->\n<div class=\"da-reactions-outer TpostID22928\">\n\t    <div class=\"da-reactions-data da-reactions-container-async center\"\n         data-type=\"post\"\n         data-id=\"22928\"\n         id=\"da-reactions-slot-post-22928\">\n        <div class=\"da-reactions-static\">\n\t\t\t<img src=\"https:\/\/www.kariyer.net\/kariyer-rehberi\/wp-content\/plugins\/da-reactions\/assets\/dist\/loading.svg\" alt=\"Loading spinner\" width=\"48\" height=\"48\" style=\"width:48px\" \/>\n        <\/div>\n    <\/div>\n<\/div>\n","protected":false},"author":12,"featured_media":22315,"comment_status":"closed","ping_status":"open","sticky":false,"template":"","format":"standard","meta":{"footnotes":"","_elementor_edit_mode":"","_elementor_template_type":"","_elementor_data":"","_elementor_page_settings":null,"_elementor_conditions":[]},"categories":[2203],"tags":[2225],"class_list":{"0":"post-22928","1":"post","2":"type-post","3":"status-publish","4":"format-standard","5":"has-post-thumbnail","7":"category-haberler-duyurular","8":"tag-tum-kitle"},"yoast_head":"<!-- This site is optimized with the Yoast SEO Premium plugin v21.4 (Yoast SEO v27.0) - https:\/\/yoast.com\/product\/yoast-seo-premium-wordpress\/ -->\n<title>Adalet Bakanl\u0131\u011f\u0131 Personel Al\u0131m\u0131 2026 Y\u0131l\u0131nda Ne Zaman Yap\u0131lacak?<\/title>\n<meta name=\"description\" content=\"Adalet Bakanl\u0131\u011f\u0131 Personel al\u0131m\u0131 2026 y\u0131l\u0131 i\u00e7in ne zaman ger\u00e7ekle\u015fcek?\" \/>\n<meta name=\"robots\" content=\"index, follow, max-snippet:-1, max-image-preview:large, max-video-preview:-1\" \/>\n<link rel=\"canonical\" href=\"https:\/\/www.kariyer.net\/kariyer-rehberi\/adalet-bakanligi-personel-alimi-2026\/\" \/>\n<meta property=\"og:locale\" content=\"tr_TR\" \/>\n<meta property=\"og:type\" content=\"article\" \/>\n<meta property=\"og:title\" content=\"Adalet Bakanl\u0131\u011f\u0131 Personel Al\u0131m\u0131 2026 Y\u0131l\u0131nda Ne Zaman Yap\u0131lacak?\" \/>\n<meta property=\"og:description\" content=\"Kamu sekt\u00f6r\u00fcnde kariyer hedefleyenler i\u00e7in Adalet Bakanl\u0131\u011f\u0131 Personel Al\u0131m\u0131 2026 haberleri olduk\u00e7a heyecan verici bir geli\u015fme. 2026 y\u0131l\u0131 i\u00e7erisinde Adalet\" \/>\n<meta property=\"og:url\" content=\"https:\/\/www.kariyer.net\/kariyer-rehberi\/adalet-bakanligi-personel-alimi-2026\/\" \/>\n<meta property=\"og:site_name\" content=\"Kariyer Rehberi\" \/>\n<meta property=\"article:published_time\" content=\"2026-04-17T07:05:22+00:00\" \/>\n<meta property=\"og:image\" content=\"https:\/\/www.kariyer.net\/kariyer-rehberi\/wp-content\/uploads\/2025\/06\/savci_maaslari.jpg\" \/>\n\t<meta property=\"og:image:width\" content=\"900\" \/>\n\t<meta property=\"og:image:height\" content=\"600\" \/>\n\t<meta property=\"og:image:type\" content=\"image\/jpeg\" \/>\n<meta name=\"author\" content=\"Edit\u00f6r\" \/>\n<meta name=\"twitter:card\" content=\"summary_large_image\" \/>\n<meta name=\"twitter:label1\" content=\"Yazan:\" \/>\n\t<meta name=\"twitter:data1\" content=\"Edit\u00f6r\" \/>\n\t<meta name=\"twitter:label2\" content=\"Tahmini okuma s\u00fcresi\" \/>\n\t<meta name=\"twitter:data2\" content=\"2 dakika\" \/>\n<!-- \/ Yoast SEO Premium plugin. -->","yoast_head_json":{"title":"Adalet Bakanl\u0131\u011f\u0131 Personel Al\u0131m\u0131 2026 Y\u0131l\u0131nda Ne Zaman Yap\u0131lacak?","description":"Adalet Bakanl\u0131\u011f\u0131 Personel al\u0131m\u0131 2026 y\u0131l\u0131 i\u00e7in ne zaman ger\u00e7ekle\u015fcek?","robots":{"index":"index","follow":"follow","max-snippet":"max-snippet:-1","max-image-preview":"max-image-preview:large","max-video-preview":"max-video-preview:-1"},"canonical":"https:\/\/www.kariyer.net\/kariyer-rehberi\/adalet-bakanligi-personel-alimi-2026\/","og_locale":"tr_TR","og_type":"article","og_title":"Adalet Bakanl\u0131\u011f\u0131 Personel Al\u0131m\u0131 2026 Y\u0131l\u0131nda Ne Zaman Yap\u0131lacak?","og_description":"Kamu sekt\u00f6r\u00fcnde kariyer hedefleyenler i\u00e7in Adalet Bakanl\u0131\u011f\u0131 Personel Al\u0131m\u0131 2026 haberleri olduk\u00e7a heyecan verici bir geli\u015fme. 2026 y\u0131l\u0131 i\u00e7erisinde Adalet","og_url":"https:\/\/www.kariyer.net\/kariyer-rehberi\/adalet-bakanligi-personel-alimi-2026\/","og_site_name":"Kariyer Rehberi","article_published_time":"2026-04-17T07:05:22+00:00","og_image":[{"width":900,"height":600,"url":"https:\/\/www.kariyer.net\/kariyer-rehberi\/wp-content\/uploads\/2025\/06\/savci_maaslari.jpg","type":"image\/jpeg"}],"author":"Edit\u00f6r","twitter_card":"summary_large_image","twitter_misc":{"Yazan:":"Edit\u00f6r","Tahmini okuma s\u00fcresi":"2 dakika"},"schema":{"@context":"https:\/\/schema.org","@graph":[{"@type":"Article","@id":"https:\/\/www.kariyer.net\/kariyer-rehberi\/adalet-bakanligi-personel-alimi-2026\/#article","isPartOf":{"@id":"https:\/\/www.kariyer.net\/kariyer-rehberi\/adalet-bakanligi-personel-alimi-2026\/"},"author":{"name":"Edit\u00f6r","@id":"https:\/\/www.kariyer.net\/kariyer-rehberi\/#\/schema\/person\/94fd6e49c7ff1b1b2565a2cc4fd685dd"},"headline":"Adalet Bakanl\u0131\u011f\u0131 Personel Al\u0131m\u0131 2026 Y\u0131l\u0131nda Ne Zaman Yap\u0131lacak?","datePublished":"2026-04-17T07:05:22+00:00","mainEntityOfPage":{"@id":"https:\/\/www.kariyer.net\/kariyer-rehberi\/adalet-bakanligi-personel-alimi-2026\/"},"wordCount":326,"publisher":{"@id":"https:\/\/www.kariyer.net\/kariyer-rehberi\/#organization"},"image":{"@id":"https:\/\/www.kariyer.net\/kariyer-rehberi\/adalet-bakanligi-personel-alimi-2026\/#primaryimage"},"thumbnailUrl":"https:\/\/www.kariyer.net\/kariyer-rehberi\/wp-content\/uploads\/2025\/06\/savci_maaslari.jpg","keywords":["T\u00fcm kitle"],"articleSection":["Haberler ve Duyurular"],"inLanguage":"tr"},{"@type":"WebPage","@id":"https:\/\/www.kariyer.net\/kariyer-rehberi\/adalet-bakanligi-personel-alimi-2026\/","url":"https:\/\/www.kariyer.net\/kariyer-rehberi\/adalet-bakanligi-personel-alimi-2026\/","name":"Adalet Bakanl\u0131\u011f\u0131 Personel Al\u0131m\u0131 2026 Y\u0131l\u0131nda Ne Zaman Yap\u0131lacak?","isPartOf":{"@id":"https:\/\/www.kariyer.net\/kariyer-rehberi\/#website"},"primaryImageOfPage":{"@id":"https:\/\/www.kariyer.net\/kariyer-rehberi\/adalet-bakanligi-personel-alimi-2026\/#primaryimage"},"image":{"@id":"https:\/\/www.kariyer.net\/kariyer-rehberi\/adalet-bakanligi-personel-alimi-2026\/#primaryimage"},"thumbnailUrl":"https:\/\/www.kariyer.net\/kariyer-rehberi\/wp-content\/uploads\/2025\/06\/savci_maaslari.jpg","datePublished":"2026-04-17T07:05:22+00:00","description":"Adalet Bakanl\u0131\u011f\u0131 Personel al\u0131m\u0131 2026 y\u0131l\u0131 i\u00e7in ne zaman ger\u00e7ekle\u015fcek?","breadcrumb":{"@id":"https:\/\/www.kariyer.net\/kariyer-rehberi\/adalet-bakanligi-personel-alimi-2026\/#breadcrumb"},"inLanguage":"tr","potentialAction":[{"@type":"ReadAction","target":["https:\/\/www.kariyer.net\/kariyer-rehberi\/adalet-bakanligi-personel-alimi-2026\/"]}]},{"@type":"ImageObject","inLanguage":"tr","@id":"https:\/\/www.kariyer.net\/kariyer-rehberi\/adalet-bakanligi-personel-alimi-2026\/#primaryimage","url":"https:\/\/www.kariyer.net\/kariyer-rehberi\/wp-content\/uploads\/2025\/06\/savci_maaslari.jpg","contentUrl":"https:\/\/www.kariyer.net\/kariyer-rehberi\/wp-content\/uploads\/2025\/06\/savci_maaslari.jpg","width":900,"height":600,"caption":"adalet bakanl\u0131\u011f\u0131 personel al\u0131m\u0131 2026"},{"@type":"BreadcrumbList","@id":"https:\/\/www.kariyer.net\/kariyer-rehberi\/adalet-bakanligi-personel-alimi-2026\/#breadcrumb","itemListElement":[{"@type":"ListItem","position":1,"name":"Anasayfa","item":"https:\/\/www.kariyer.net\/kariyer-rehberi\/"},{"@type":"ListItem","position":2,"name":"Adalet Bakanl\u0131\u011f\u0131 Personel Al\u0131m\u0131 2026 Y\u0131l\u0131nda Ne Zaman Yap\u0131lacak?"}]},{"@type":"WebSite","@id":"https:\/\/www.kariyer.net\/kariyer-rehberi\/#website","url":"https:\/\/www.kariyer.net\/kariyer-rehberi\/","name":"Kariyer Rehberi","description":"\u0130\u015f D\u00fcnyas\u0131yla \u0130lgili Bilmek \u0130stedi\u011finiz Her \u015eey","publisher":{"@id":"https:\/\/www.kariyer.net\/kariyer-rehberi\/#organization"},"potentialAction":[{"@type":"SearchAction","target":{"@type":"EntryPoint","urlTemplate":"https:\/\/www.kariyer.net\/kariyer-rehberi\/?s={search_term_string}"},"query-input":{"@type":"PropertyValueSpecification","valueRequired":true,"valueName":"search_term_string"}}],"inLanguage":"tr"},{"@type":"Organization","@id":"https:\/\/www.kariyer.net\/kariyer-rehberi\/#organization","name":"Kariyer.net","url":"https:\/\/www.kariyer.net\/kariyer-rehberi\/","logo":{"@type":"ImageObject","inLanguage":"tr","@id":"https:\/\/www.kariyer.net\/kariyer-rehberi\/#\/schema\/logo\/image\/","url":"https:\/\/www.kariyer.net\/kariyer-rehberi-new\/wp-content\/uploads\/2023\/01\/og-image11.jpg","contentUrl":"https:\/\/www.kariyer.net\/kariyer-rehberi-new\/wp-content\/uploads\/2023\/01\/og-image11.jpg","width":800,"height":800,"caption":"Kariyer.net"},"image":{"@id":"https:\/\/www.kariyer.net\/kariyer-rehberi\/#\/schema\/logo\/image\/"}},{"@type":"Person","@id":"https:\/\/www.kariyer.net\/kariyer-rehberi\/#\/schema\/person\/94fd6e49c7ff1b1b2565a2cc4fd685dd","name":"Edit\u00f6r","image":{"@type":"ImageObject","inLanguage":"tr","@id":"https:\/\/www.kariyer.net\/kariyer-rehberi\/#\/schema\/person\/image\/","url":"https:\/\/secure.gravatar.com\/avatar\/0c4fe6688343aed3693b15573beae12c08ace5565409d5ab7509bf9c115f458d?s=96&d=mm&r=g","contentUrl":"https:\/\/secure.gravatar.com\/avatar\/0c4fe6688343aed3693b15573beae12c08ace5565409d5ab7509bf9c115f458d?s=96&d=mm&r=g","caption":"Edit\u00f6r"},"url":"https:\/\/www.kariyer.net\/kariyer-rehberi\/author\/editor\/"}]}},"_links":{"self":[{"href":"https:\/\/www.kariyer.net\/kariyer-rehberi\/wp-json\/wp\/v2\/posts\/22928","targetHints":{"allow":["GET"]}}],"collection":[{"href":"https:\/\/www.kariyer.net\/kariyer-rehberi\/wp-json\/wp\/v2\/posts"}],"about":[{"href":"https:\/\/www.kariyer.net\/kariyer-rehberi\/wp-json\/wp\/v2\/types\/post"}],"author":[{"embeddable":true,"href":"https:\/\/www.kariyer.net\/kariyer-rehberi\/wp-json\/wp\/v2\/users\/12"}],"replies":[{"embeddable":true,"href":"https:\/\/www.kariyer.net\/kariyer-rehberi\/wp-json\/wp\/v2\/comments?post=22928"}],"version-history":[{"count":1,"href":"https:\/\/www.kariyer.net\/kariyer-rehberi\/wp-json\/wp\/v2\/posts\/22928\/revisions"}],"predecessor-version":[{"id":22954,"href":"https:\/\/www.kariyer.net\/kariyer-rehberi\/wp-json\/wp\/v2\/posts\/22928\/revisions\/22954"}],"wp:featuredmedia":[{"embeddable":true,"href":"https:\/\/www.kariyer.net\/kariyer-rehberi\/wp-json\/wp\/v2\/media\/22315"}],"wp:attachment":[{"href":"https:\/\/www.kariyer.net\/kariyer-rehberi\/wp-json\/wp\/v2\/media?parent=22928"}],"wp:term":[{"taxonomy":"category","embeddable":true,"href":"https:\/\/www.kariyer.net\/kariyer-rehberi\/wp-json\/wp\/v2\/categories?post=22928"},{"taxonomy":"post_tag","embeddable":true,"href":"https:\/\/www.kariyer.net\/kariyer-rehberi\/wp-json\/wp\/v2\/tags?post=22928"}],"curies":[{"name":"wp","href":"https:\/\/api.w.org\/{rel}","templated":true}]}}