{"id":22959,"date":"2026-04-29T10:13:23","date_gmt":"2026-04-29T07:13:23","guid":{"rendered":"https:\/\/www.kariyer.net\/kariyer-rehberi\/?p=22959"},"modified":"2026-04-29T11:43:29","modified_gmt":"2026-04-29T08:43:29","slug":"subay-ve-astsubay-atama-yonetmeligi-degisti","status":"publish","type":"post","link":"https:\/\/www.kariyer.net\/kariyer-rehberi\/subay-ve-astsubay-atama-yonetmeligi-degisti\/","title":{"rendered":"Subay ve Astsubay Atama Y\u00f6netmeli\u011fi De\u011fi\u015fti"},"content":{"rendered":"<p><strong>T\u00fcrk Silahl\u0131 Kuvvetleri mensuplar\u0131n\u0131n atama, yer de\u011fi\u015ftirme ve kariyer safahatlar\u0131n\u0131 do\u011frudan belirleyen &#8220;Subay ve Astsubay Atama Y\u00f6netmeli\u011finde De\u011fi\u015fiklik Yap\u0131lmas\u0131na Dair Y\u00f6netmelik&#8221;, 28 Nisan 2026 tarihli ve 33237 say\u0131l\u0131 Resm\u00ee Gazete\u2019de yay\u0131mlanarak y\u00fcr\u00fcrl\u00fc\u011fe girdi. Yeni d\u00fczenleme; kura muafiyetlerinden mazeret tayinlerine, garnizon derecelendirmelerinden deniz hizmet s\u00fcrelerine kadar personelin t\u00fcm kariyer planlamas\u0131n\u0131 etkileyecek \u00e7ok detayl\u0131 ve kritik yenilikler i\u00e7eriyor. \u0130\u015fte hi\u00e7bir detay\u0131 atlamadan bilmen gereken t\u00fcm de\u011fi\u015fiklikler.<\/strong><\/p>\n<h2>Atama Takvimi ve Temel Kriterler Nas\u0131l \u015eekillendi?<\/h2>\n<p>Yeni<a href=\"https:\/\/www.resmigazete.gov.tr\/eskiler\/2026\/04\/20260428-1.htm\"> y\u00f6netmelikle<\/a> birlikte atama takvimi ve personelin de\u011ferlendirilme kriterleri daha net s\u0131n\u0131rlarla \u00e7izildi. Kariyer planlaman\u0131 yaparken \u015fu takvim ve \u00f6ncelik s\u0131ralamas\u0131na dikkat etmen yararl\u0131 olacakt\u0131r:<\/p>\n<ul>\n<li><strong>Atama D\u00f6nemi:<\/strong> Genel atamalar her y\u0131l\u0131n <strong>May\u0131s ve Ekim (d\u00e2hil)<\/strong> aylar\u0131 aras\u0131nda ger\u00e7ekle\u015ftirilecek. S\u0131ral\u0131 hizmet garnizonuna gidecek personel i\u00e7in haz\u0131rl\u0131k tebligatlar\u0131 ise en ge\u00e7 <strong>Mart ay\u0131 sonuna kadar<\/strong> yap\u0131lacak.<\/li>\n<li><strong>Atama \u00d6ncelik S\u0131ras\u0131:<\/strong> Atamalarda s\u0131ras\u0131yla; meslek programlar\u0131, kadro ihtiya\u00e7lar\u0131, k\u0131ta hizmeti zorunlulu\u011fu, terfi durumu, s\u0131n\u0131f\/ihtisas durumu, kendisi veya e\u015f\/\u00e7ocuklar\u0131n\u0131n hayati sa\u011fl\u0131k durumlar\u0131, idari sebepler, personelin kendi iste\u011fi ve anne\/baba\/karde\u015f sa\u011fl\u0131k durumlar\u0131 dikkate al\u0131nacak.<\/li>\n<li><strong>Memlekete Atanma \u0130stisnas\u0131:<\/strong> Subay ve astsubaylar kural olarak kendilerinin veya e\u015flerinin memleketlerine (n\u00fcfusa kay\u0131tl\u0131 olduklar\u0131 yerlere) atanamazlar. Ancak yeni d\u00fczenlemeyle, son genel n\u00fcfus say\u0131m\u0131na g\u00f6re b\u00fcy\u00fck\u015fehir\/belediye s\u0131n\u0131rlar\u0131 i\u00e7indeki n\u00fcfusu <strong>1.000.000\u2019u a\u015fan<\/strong> yerler i\u00e7in bu yasak uygulanmayacak.<\/li>\n<\/ul>\n<h2>Kura Muafiyeti ve Yedek Subay\/Astsubay Atamalar\u0131<\/h2>\n<p>Askeri okullardan mezun olanlar ile yedek subay\/astsubay adaylar\u0131n\u0131n ilk atamalar\u0131nda liyakati ve ba\u015far\u0131y\u0131 \u00f6d\u00fcllendiren yeni kura kurallar\u0131 devreye al\u0131nd\u0131:<\/p>\n<ul>\n<li><strong>%10 Ba\u015far\u0131 Kontenjan\u0131:<\/strong> Mezuniyet ba\u015far\u0131 d\u00fczeyine g\u00f6re, mevcudun <strong>y\u00fczde 10\u2019una tekab\u00fcl eden<\/strong> k\u0131s\u0131m kura \u00e7ekiminden muaf tutularak istedikleri g\u00f6rev yerlerine atanabilecek (Mevcut 15&#8217;ten az ise sadece birinciler muaf olacak).<\/li>\n<li><strong>\u00d6zel \u0130stihdamlar:<\/strong> Mill\u00ee \u0130stihbarat Te\u015fkilat\u0131 mensuplar\u0131, TSK spor kul\u00fcplerine se\u00e7ilen milli\/profesyonel sporcular ve askerlik \u00f6ncesi y\u00fcr\u00fctmekte olduklar\u0131 projelerde (savunma sanayi vb.) g\u00f6rev almaya devam etmesi faydal\u0131 g\u00f6r\u00fclen yedek subay\/astsubay adaylar\u0131, kuraya d\u00e2hil edilmeden do\u011frudan atanabilecek.<\/li>\n<\/ul>\n<h2>Sa\u011fl\u0131k Mazeretleri, \u015eehit ve Gazi Yak\u0131nlar\u0131na Tan\u0131nan Haklar<\/h2>\n<p>Personelin esenli\u011fini ve aile b\u00fct\u00fcnl\u00fc\u011f\u00fcn\u00fc merkeze alan d\u00fczenlemeler, eski y\u00f6netmeli\u011fe g\u00f6re \u00e7ok daha kapsay\u0131c\u0131 hale getirildi:<\/p>\n<ul>\n<li><strong>Askeri Hastane \u015eart\u0131n\u0131n Kalkmas\u0131:<\/strong> Sa\u011fl\u0131k mazereti atamalar\u0131nda daha \u00f6nce aranan &#8220;tam te\u015fekk\u00fcll\u00fc askeri hastane&#8221; \u015fart\u0131, <strong>&#8220;bulundu\u011fu yere en yak\u0131n ve yetkili sa\u011fl\u0131k kurulu\u015fu&#8221;<\/strong> olarak geni\u015fletildi.<\/li>\n<li><strong>\u015eehit ve Gazi Yak\u0131nlar\u0131:<\/strong> E\u015fi, \u00e7ocu\u011fu, annesi, babas\u0131 veya karde\u015fi \u015fehit olan personel ile kendisi veya e\u015fi gazi\/vazife malul\u00fc olan personel, talep etmesi halinde <strong>iki defaya mahsus olmak \u00fczere<\/strong> istedi\u011fi garnizona atanabilecek. Ayr\u0131ca bu personel, kadrosu bulundu\u011fu m\u00fcddet\u00e7e garnizon hizmet s\u00fcresi k\u0131s\u0131tlamas\u0131ndan muaf tutulacak.<\/li>\n<\/ul>\n<h2>\u00d6zel Kuvvetler, Deniz ve Hava Hizmet S\u00fcrelerinde \u0130nce Ayarlar<\/h2>\n<p>\u0130htisas gerektiren \u00f6zel birlikler ve g\u00f6rev s\u00fcrelerinin hesaplanmas\u0131na y\u00f6nelik getirilen teknik detaylar \u015fu \u015fekilde g\u00fcncellendi:<\/p>\n<ul>\n<li><strong>Deniz Hizmeti S\u00fcresi:<\/strong> Y\u00fczer birliklerde g\u00f6rev yapan personelin a\u00e7\u0131\u011fa al\u0131nma, tutukluluk, hava de\u011fi\u015fimi veya kurs gibi sebeplerle g\u00f6revden ayr\u0131 kald\u0131\u011f\u0131 s\u00fcrelerin <strong>120 g\u00fcne kadar olan k\u0131sm\u0131<\/strong> fiili deniz hizmetinden say\u0131lacak (Firar ve izin tecav\u00fcz\u00fc hari\u00e7).<\/li>\n<li><strong>Ge\u00e7ici G\u00f6revden Uzakla\u015ft\u0131rma (120 G\u00fcn Kural\u0131):<\/strong> A\u00e7\u0131\u011fa al\u0131nan, tutuklanan veya mahkeme karar\u0131yla g\u00f6reve iade edilen personelin bu s\u00fcre\u00e7te ge\u00e7irdi\u011fi s\u00fcrenin <strong>120 g\u00fcne kadar olan k\u0131sm\u0131<\/strong>, ba\u011fl\u0131 bulunduklar\u0131 garnizon hizmetinden say\u0131lacak.<\/li>\n<li><strong>\u00d6zel Kuvvetler Komutanl\u0131\u011f\u0131:<\/strong> Bu birli\u011fe atanan personel, \u00d6zel Kuvvetler Komutanl\u0131\u011f\u0131nca aksi bir teklif yap\u0131lmad\u0131\u011f\u0131 takdirde <strong>asgari 8 y\u0131l<\/strong> boyunca ba\u015fka bir atama planlamas\u0131na d\u00e2hil edilmeyecek.<\/li>\n<\/ul>\n<h2>Kariyer Planlamas\u0131nda Mevzuata Hakim Olmak<\/h2>\n<p>T\u00fcrk Silahl\u0131 Kuvvetleri gibi dinamikleri \u00e7ok g\u00fc\u00e7l\u00fc olan bir kurumda g\u00f6rev yaparken, 28 Nisan 2026 tarihli bu detayl\u0131 y\u00f6netmelik de\u011fi\u015fikli\u011fine hakim olmak, gelece\u011fini do\u011fru y\u00f6nlendirmen i\u00e7in en g\u00fc\u00e7l\u00fc ara\u00e7t\u0131r. Hangi garnizonda ne kadar s\u00fcre ge\u00e7irdi\u011fini (Hizmet Safahat\u0131 Puan\u0131) ve akademik\/ihtisas e\u011fitimlerinin atamalar\u0131na nas\u0131l etki edece\u011fini bilmek, s\u00fcrprizleri ortadan kald\u0131r\u0131r. Dijital profesyonel kimli\u011finin yer ald\u0131\u011f\u0131 Kariyer.net profilinde kariyer yolculu\u011funu \u015fekillendirirken, mevzuata ve liyakate dayal\u0131 bu profesyonel disiplinini sivil kariyere ge\u00e7i\u015f planlar\u0131nda da g\u00fc\u00e7l\u00fc bir yetkinlik olarak yans\u0131tabilirsin.<\/p>\n<!-- templates\/buttons-placeholder.php -->\n<div class=\"da-reactions-outer TpostID22959\">\n\t    <div class=\"da-reactions-data da-reactions-container-async center\"\n         data-type=\"post\"\n         data-id=\"22959\"\n         id=\"da-reactions-slot-post-22959\">\n        <div class=\"da-reactions-static\">\n\t\t\t<img src=\"https:\/\/www.kariyer.net\/kariyer-rehberi\/wp-content\/plugins\/da-reactions\/assets\/dist\/loading.svg\" alt=\"Loading spinner\" width=\"48\" height=\"48\" style=\"width:48px\" \/>\n        <\/div>\n    <\/div>\n<\/div>\n","protected":false},"excerpt":{"rendered":"<p>T\u00fcrk Silahl\u0131 Kuvvetleri mensuplar\u0131n\u0131n atama, yer de\u011fi\u015ftirme ve kariyer safahatlar\u0131n\u0131 do\u011frudan belirleyen &#8220;Subay ve Astsubay Atama Y\u00f6netmeli\u011finde De\u011fi\u015fiklik Yap\u0131lmas\u0131na Dair Y\u00f6netmelik&#8221;, 28 Nisan 2026 tarihli ve 33237 say\u0131l\u0131 Resm\u00ee Gazete\u2019de yay\u0131mlanarak y\u00fcr\u00fcrl\u00fc\u011fe girdi. Yeni d\u00fczenleme; kura muafiyetlerinden mazeret tayinlerine, garnizon derecelendirmelerinden deniz hizmet s\u00fcrelerine kadar personelin t\u00fcm kariyer planlamas\u0131n\u0131 etkileyecek \u00e7ok detayl\u0131 ve kritik yenilikler [&hellip;]<\/p>\n<!-- templates\/buttons-placeholder.php -->\n<div class=\"da-reactions-outer TpostID22959\">\n\t    <div class=\"da-reactions-data da-reactions-container-async center\"\n         data-type=\"post\"\n         data-id=\"22959\"\n         id=\"da-reactions-slot-post-22959\">\n        <div class=\"da-reactions-static\">\n\t\t\t<img src=\"https:\/\/www.kariyer.net\/kariyer-rehberi\/wp-content\/plugins\/da-reactions\/assets\/dist\/loading.svg\" alt=\"Loading spinner\" width=\"48\" height=\"48\" style=\"width:48px\" \/>\n        <\/div>\n    <\/div>\n<\/div>\n","protected":false},"author":12,"featured_media":21408,"comment_status":"closed","ping_status":"open","sticky":false,"template":"","format":"standard","meta":{"footnotes":"","_elementor_edit_mode":"","_elementor_template_type":"","_elementor_data":"","_elementor_page_settings":null,"_elementor_conditions":[]},"categories":[2215],"tags":[2225],"class_list":{"0":"post-22959","1":"post","2":"type-post","3":"status-publish","4":"format-standard","5":"has-post-thumbnail","7":"category-kamuda-kariyer","8":"tag-tum-kitle"},"yoast_head":"<!-- This site is optimized with the Yoast SEO Premium plugin v21.4 (Yoast SEO v27.0) - https:\/\/yoast.com\/product\/yoast-seo-premium-wordpress\/ -->\n<title>Subay ve Astsubay Atama Y\u00f6netmeli\u011fi De\u011fi\u015fti!<\/title>\n<meta name=\"description\" content=\"Subay ve astsubay atama \u015fartlar\u0131, mazeret tayinleri ve garnizon s\u00fcreleri hakk\u0131nda detaylar i\u00e7in t\u0131klay\u0131n, yaz\u0131y\u0131 okuyun.\" \/>\n<meta name=\"robots\" content=\"index, follow, max-snippet:-1, max-image-preview:large, max-video-preview:-1\" \/>\n<link rel=\"canonical\" href=\"https:\/\/www.kariyer.net\/kariyer-rehberi\/subay-ve-astsubay-atama-yonetmeligi-degisti\/\" \/>\n<meta property=\"og:locale\" content=\"tr_TR\" \/>\n<meta property=\"og:type\" content=\"article\" \/>\n<meta property=\"og:title\" content=\"Subay ve Astsubay Atama Y\u00f6netmeli\u011fi De\u011fi\u015fti\" \/>\n<meta property=\"og:description\" content=\"T\u00fcrk Silahl\u0131 Kuvvetleri mensuplar\u0131n\u0131n atama, yer de\u011fi\u015ftirme ve kariyer safahatlar\u0131n\u0131 do\u011frudan belirleyen &quot;Subay ve Astsubay Atama Y\u00f6netmeli\u011finde\" \/>\n<meta property=\"og:url\" content=\"https:\/\/www.kariyer.net\/kariyer-rehberi\/subay-ve-astsubay-atama-yonetmeligi-degisti\/\" \/>\n<meta property=\"og:site_name\" content=\"Kariyer Rehberi\" \/>\n<meta property=\"article:published_time\" content=\"2026-04-29T07:13:23+00:00\" \/>\n<meta property=\"article:modified_time\" content=\"2026-04-29T08:43:29+00:00\" \/>\n<meta property=\"og:image\" content=\"https:\/\/www.kariyer.net\/kariyer-rehberi\/wp-content\/uploads\/2024\/11\/askerlik_belgesi.jpg\" \/>\n\t<meta property=\"og:image:width\" content=\"900\" \/>\n\t<meta property=\"og:image:height\" content=\"598\" \/>\n\t<meta property=\"og:image:type\" content=\"image\/jpeg\" \/>\n<meta name=\"author\" content=\"Edit\u00f6r\" \/>\n<meta name=\"twitter:card\" content=\"summary_large_image\" \/>\n<meta name=\"twitter:label1\" content=\"Yazan:\" \/>\n\t<meta name=\"twitter:data1\" content=\"Edit\u00f6r\" \/>\n\t<meta name=\"twitter:label2\" content=\"Tahmini okuma s\u00fcresi\" \/>\n\t<meta name=\"twitter:data2\" content=\"4 dakika\" \/>\n<!-- \/ Yoast SEO Premium plugin. -->","yoast_head_json":{"title":"Subay ve Astsubay Atama Y\u00f6netmeli\u011fi De\u011fi\u015fti!","description":"Subay ve astsubay atama \u015fartlar\u0131, mazeret tayinleri ve garnizon s\u00fcreleri hakk\u0131nda detaylar i\u00e7in t\u0131klay\u0131n, yaz\u0131y\u0131 okuyun.","robots":{"index":"index","follow":"follow","max-snippet":"max-snippet:-1","max-image-preview":"max-image-preview:large","max-video-preview":"max-video-preview:-1"},"canonical":"https:\/\/www.kariyer.net\/kariyer-rehberi\/subay-ve-astsubay-atama-yonetmeligi-degisti\/","og_locale":"tr_TR","og_type":"article","og_title":"Subay ve Astsubay Atama Y\u00f6netmeli\u011fi De\u011fi\u015fti","og_description":"T\u00fcrk Silahl\u0131 Kuvvetleri mensuplar\u0131n\u0131n atama, yer de\u011fi\u015ftirme ve kariyer safahatlar\u0131n\u0131 do\u011frudan belirleyen \"Subay ve Astsubay Atama Y\u00f6netmeli\u011finde","og_url":"https:\/\/www.kariyer.net\/kariyer-rehberi\/subay-ve-astsubay-atama-yonetmeligi-degisti\/","og_site_name":"Kariyer Rehberi","article_published_time":"2026-04-29T07:13:23+00:00","article_modified_time":"2026-04-29T08:43:29+00:00","og_image":[{"width":900,"height":598,"url":"https:\/\/www.kariyer.net\/kariyer-rehberi\/wp-content\/uploads\/2024\/11\/askerlik_belgesi.jpg","type":"image\/jpeg"}],"author":"Edit\u00f6r","twitter_card":"summary_large_image","twitter_misc":{"Yazan:":"Edit\u00f6r","Tahmini okuma s\u00fcresi":"4 dakika"},"schema":{"@context":"https:\/\/schema.org","@graph":[{"@type":"Article","@id":"https:\/\/www.kariyer.net\/kariyer-rehberi\/subay-ve-astsubay-atama-yonetmeligi-degisti\/#article","isPartOf":{"@id":"https:\/\/www.kariyer.net\/kariyer-rehberi\/subay-ve-astsubay-atama-yonetmeligi-degisti\/"},"author":{"name":"Edit\u00f6r","@id":"https:\/\/www.kariyer.net\/kariyer-rehberi\/#\/schema\/person\/94fd6e49c7ff1b1b2565a2cc4fd685dd"},"headline":"Subay ve Astsubay Atama Y\u00f6netmeli\u011fi De\u011fi\u015fti","datePublished":"2026-04-29T07:13:23+00:00","dateModified":"2026-04-29T08:43:29+00:00","mainEntityOfPage":{"@id":"https:\/\/www.kariyer.net\/kariyer-rehberi\/subay-ve-astsubay-atama-yonetmeligi-degisti\/"},"wordCount":808,"publisher":{"@id":"https:\/\/www.kariyer.net\/kariyer-rehberi\/#organization"},"image":{"@id":"https:\/\/www.kariyer.net\/kariyer-rehberi\/subay-ve-astsubay-atama-yonetmeligi-degisti\/#primaryimage"},"thumbnailUrl":"https:\/\/www.kariyer.net\/kariyer-rehberi\/wp-content\/uploads\/2024\/11\/askerlik_belgesi.jpg","keywords":["T\u00fcm kitle"],"articleSection":["Kamuda Kariyer"],"inLanguage":"tr"},{"@type":"WebPage","@id":"https:\/\/www.kariyer.net\/kariyer-rehberi\/subay-ve-astsubay-atama-yonetmeligi-degisti\/","url":"https:\/\/www.kariyer.net\/kariyer-rehberi\/subay-ve-astsubay-atama-yonetmeligi-degisti\/","name":"Subay ve Astsubay Atama Y\u00f6netmeli\u011fi De\u011fi\u015fti!","isPartOf":{"@id":"https:\/\/www.kariyer.net\/kariyer-rehberi\/#website"},"primaryImageOfPage":{"@id":"https:\/\/www.kariyer.net\/kariyer-rehberi\/subay-ve-astsubay-atama-yonetmeligi-degisti\/#primaryimage"},"image":{"@id":"https:\/\/www.kariyer.net\/kariyer-rehberi\/subay-ve-astsubay-atama-yonetmeligi-degisti\/#primaryimage"},"thumbnailUrl":"https:\/\/www.kariyer.net\/kariyer-rehberi\/wp-content\/uploads\/2024\/11\/askerlik_belgesi.jpg","datePublished":"2026-04-29T07:13:23+00:00","dateModified":"2026-04-29T08:43:29+00:00","description":"Subay ve astsubay atama \u015fartlar\u0131, mazeret tayinleri ve garnizon s\u00fcreleri hakk\u0131nda detaylar i\u00e7in t\u0131klay\u0131n, yaz\u0131y\u0131 okuyun.","breadcrumb":{"@id":"https:\/\/www.kariyer.net\/kariyer-rehberi\/subay-ve-astsubay-atama-yonetmeligi-degisti\/#breadcrumb"},"inLanguage":"tr","potentialAction":[{"@type":"ReadAction","target":["https:\/\/www.kariyer.net\/kariyer-rehberi\/subay-ve-astsubay-atama-yonetmeligi-degisti\/"]}]},{"@type":"ImageObject","inLanguage":"tr","@id":"https:\/\/www.kariyer.net\/kariyer-rehberi\/subay-ve-astsubay-atama-yonetmeligi-degisti\/#primaryimage","url":"https:\/\/www.kariyer.net\/kariyer-rehberi\/wp-content\/uploads\/2024\/11\/askerlik_belgesi.jpg","contentUrl":"https:\/\/www.kariyer.net\/kariyer-rehberi\/wp-content\/uploads\/2024\/11\/askerlik_belgesi.jpg","width":900,"height":598},{"@type":"BreadcrumbList","@id":"https:\/\/www.kariyer.net\/kariyer-rehberi\/subay-ve-astsubay-atama-yonetmeligi-degisti\/#breadcrumb","itemListElement":[{"@type":"ListItem","position":1,"name":"Anasayfa","item":"https:\/\/www.kariyer.net\/kariyer-rehberi\/"},{"@type":"ListItem","position":2,"name":"Subay ve Astsubay Atama Y\u00f6netmeli\u011fi De\u011fi\u015fti"}]},{"@type":"WebSite","@id":"https:\/\/www.kariyer.net\/kariyer-rehberi\/#website","url":"https:\/\/www.kariyer.net\/kariyer-rehberi\/","name":"Kariyer Rehberi","description":"\u0130\u015f D\u00fcnyas\u0131yla \u0130lgili Bilmek \u0130stedi\u011finiz Her \u015eey","publisher":{"@id":"https:\/\/www.kariyer.net\/kariyer-rehberi\/#organization"},"potentialAction":[{"@type":"SearchAction","target":{"@type":"EntryPoint","urlTemplate":"https:\/\/www.kariyer.net\/kariyer-rehberi\/?s={search_term_string}"},"query-input":{"@type":"PropertyValueSpecification","valueRequired":true,"valueName":"search_term_string"}}],"inLanguage":"tr"},{"@type":"Organization","@id":"https:\/\/www.kariyer.net\/kariyer-rehberi\/#organization","name":"Kariyer.net","url":"https:\/\/www.kariyer.net\/kariyer-rehberi\/","logo":{"@type":"ImageObject","inLanguage":"tr","@id":"https:\/\/www.kariyer.net\/kariyer-rehberi\/#\/schema\/logo\/image\/","url":"https:\/\/www.kariyer.net\/kariyer-rehberi-new\/wp-content\/uploads\/2023\/01\/og-image11.jpg","contentUrl":"https:\/\/www.kariyer.net\/kariyer-rehberi-new\/wp-content\/uploads\/2023\/01\/og-image11.jpg","width":800,"height":800,"caption":"Kariyer.net"},"image":{"@id":"https:\/\/www.kariyer.net\/kariyer-rehberi\/#\/schema\/logo\/image\/"}},{"@type":"Person","@id":"https:\/\/www.kariyer.net\/kariyer-rehberi\/#\/schema\/person\/94fd6e49c7ff1b1b2565a2cc4fd685dd","name":"Edit\u00f6r","image":{"@type":"ImageObject","inLanguage":"tr","@id":"https:\/\/www.kariyer.net\/kariyer-rehberi\/#\/schema\/person\/image\/","url":"https:\/\/secure.gravatar.com\/avatar\/0c4fe6688343aed3693b15573beae12c08ace5565409d5ab7509bf9c115f458d?s=96&d=mm&r=g","contentUrl":"https:\/\/secure.gravatar.com\/avatar\/0c4fe6688343aed3693b15573beae12c08ace5565409d5ab7509bf9c115f458d?s=96&d=mm&r=g","caption":"Edit\u00f6r"},"url":"https:\/\/www.kariyer.net\/kariyer-rehberi\/author\/editor\/"}]}},"_links":{"self":[{"href":"https:\/\/www.kariyer.net\/kariyer-rehberi\/wp-json\/wp\/v2\/posts\/22959","targetHints":{"allow":["GET"]}}],"collection":[{"href":"https:\/\/www.kariyer.net\/kariyer-rehberi\/wp-json\/wp\/v2\/posts"}],"about":[{"href":"https:\/\/www.kariyer.net\/kariyer-rehberi\/wp-json\/wp\/v2\/types\/post"}],"author":[{"embeddable":true,"href":"https:\/\/www.kariyer.net\/kariyer-rehberi\/wp-json\/wp\/v2\/users\/12"}],"replies":[{"embeddable":true,"href":"https:\/\/www.kariyer.net\/kariyer-rehberi\/wp-json\/wp\/v2\/comments?post=22959"}],"version-history":[{"count":1,"href":"https:\/\/www.kariyer.net\/kariyer-rehberi\/wp-json\/wp\/v2\/posts\/22959\/revisions"}],"predecessor-version":[{"id":22960,"href":"https:\/\/www.kariyer.net\/kariyer-rehberi\/wp-json\/wp\/v2\/posts\/22959\/revisions\/22960"}],"wp:featuredmedia":[{"embeddable":true,"href":"https:\/\/www.kariyer.net\/kariyer-rehberi\/wp-json\/wp\/v2\/media\/21408"}],"wp:attachment":[{"href":"https:\/\/www.kariyer.net\/kariyer-rehberi\/wp-json\/wp\/v2\/media?parent=22959"}],"wp:term":[{"taxonomy":"category","embeddable":true,"href":"https:\/\/www.kariyer.net\/kariyer-rehberi\/wp-json\/wp\/v2\/categories?post=22959"},{"taxonomy":"post_tag","embeddable":true,"href":"https:\/\/www.kariyer.net\/kariyer-rehberi\/wp-json\/wp\/v2\/tags?post=22959"}],"curies":[{"name":"wp","href":"https:\/\/api.w.org\/{rel}","templated":true}]}}