{"id":23094,"date":"2026-09-02T11:32:40","date_gmt":"2026-09-02T08:32:40","guid":{"rendered":"https:\/\/www.kariyer.net\/kariyer-rehberi\/?p=23094"},"modified":"2026-09-02T11:32:40","modified_gmt":"2026-09-02T08:32:40","slug":"ayni-kelimeler-farkli-sonuc-netlik-ile-kabalik-arasindaki-cizgi","status":"publish","type":"post","link":"https:\/\/www.kariyer.net\/kariyer-rehberi\/ayni-kelimeler-farkli-sonuc-netlik-ile-kabalik-arasindaki-cizgi\/","title":{"rendered":"Ayn\u0131 kelimeler, farkl\u0131 sonu\u00e7: Netlik ile kabal\u0131k aras\u0131ndaki \u00e7izgi"},"content":{"rendered":"<p>&nbsp;<\/p>\n<p>Net ileti\u015fim kuran y\u00f6neticiler zaman zaman \u201csert\u201d, \u201cmesafeli\u201d ya da \u201cfazla do\u011frudan\u201d olarak alg\u0131lanabiliyor. Benzer \u015fekilde \u00e7al\u0131\u015fanlar da baz\u0131 geri bildirimleri beklediklerinden daha rahats\u0131z edici bulabiliyor. Bu nedenle netlik ile kabal\u0131k aras\u0131ndaki \u00e7izgiyi ay\u0131rt etmek her zaman kolay olmayabiliyor.<\/p>\n<p>Siz de zaman zaman bu t\u00fcr geri bildirimlerle kar\u015f\u0131la\u015ft\u0131n\u0131z m\u0131 ya da \u00e7al\u0131\u015ft\u0131\u011f\u0131n\u0131z y\u00f6neticileri benzer \u015fekilde de\u011ferlendirdi\u011finiz oldu mu? Bu de\u011ferlendirmeler kimi zaman yerinde olabilir, kimi zaman ise ileti\u015fimin farkl\u0131 yorumlanmas\u0131ndan kaynaklanabilir. \u00d6nemli olan, bu \u00e7izgiyi daha iyi anlayabilmek ve ileti\u015fimi buna g\u00f6re \u015fekillendirmek.<\/p>\n<p>Peki ayr\u0131m\u0131 nas\u0131l yapaca\u011f\u0131z? D\u0131\u015far\u0131dan kelimeler ayn\u0131, mesaj ayn\u0131 gibi gelebilir ancak farkl\u0131 senaryolarda hissettirdikleri ve \u00e7\u0131kt\u0131ya y\u00f6nlendirme g\u00fcc\u00fc farkl\u0131 olabilir. Burada fark\u0131 yaratan sesinizin tonu, beden diliniz, niyetinizin y\u00fcz\u00fcn\u00fcze, ifadenize yans\u0131mas\u0131 olabilir. Bu da dinleyen taraf\u0131ndan hemen fark edilir. \u00d6rne\u011fin m\u00fcd\u00fcr\u00fcn\u00fcz\u00fcn size \u015fu c\u00fcmleyi farkl\u0131 \u015fekillerde s\u00f6yledi\u011fini d\u00fc\u015f\u00fcn\u00fcn l\u00fctfen:<\/p>\n<p>\u201cToplant\u0131da \u00e7ok sab\u0131rs\u0131z gibiydin, m\u00fc\u015fteriyi hi\u00e7 dinlemedi\u011fini fark ettim\u201d<\/p>\n<p>\u00d6rne\u011fin burada \u201c\u00e7ok\u201d ve \u201chi\u00e7\u201d kelimelerine ek bir vurgu olursa mesaj ve ileti\u015fim kalitesi de\u011fi\u015febilir.<\/p>\n<p>Bu ayr\u0131m\u0131 fark edebilmek i\u00e7in \u00f6nce kendi ileti\u015fimimize d\u0131\u015far\u0131dan bakabilmemiz gerek. \u00c7\u00fcnk\u00fc ne s\u00f6yledi\u011fimizi hat\u0131rlasak da bunu hangi tonla s\u00f6yledi\u011fimizi her zaman fark etmeyebiliriz. Bu fark\u0131ndal\u0131k geli\u015ftik\u00e7e ileti\u015fimimizin etkisini de daha iyi y\u00f6netebiliriz.<\/p>\n<h2><strong>Netli\u011fi kabal\u0131\u011fa \u00e7eviren \u00fc\u00e7 i\u015faret<\/strong><\/h2>\n<p><strong>Ton<\/strong>: Kar\u015f\u0131n\u0131zdaki ki\u015fiyle, geli\u015fme potansiyeline ve i\u015fi ba\u015farma kapasitesine sahip biri gibi mi konu\u015fuyorsunuz? Yoksa yaln\u0131zca eksiklerine odaklanan bir ses tonuyla m\u0131 yakla\u015f\u0131yorsunuz? Tonumuz, mesaj\u0131m\u0131z\u0131n nas\u0131l kar\u015f\u0131lanaca\u011f\u0131n\u0131 b\u00fcy\u00fck \u00f6l\u00e7\u00fcde etkileyebilir.<\/p>\n<p><strong>Beden Dili<\/strong>: \u0130nsanlar \u00e7o\u011fu zaman s\u00f6zc\u00fcklerden \u00f6nce duru\u015fu, mimikleri, bak\u0131\u015flar\u0131 ve ses tonunu alg\u0131lar. Bu nedenle beden dili, ileti\u015fimde s\u00f6ylenenlerin anlam\u0131n\u0131 g\u00fc\u00e7lendirebilir ya da zay\u0131flatabilir.<\/p>\n<p><strong>Niyet<\/strong>: Bu konu\u015fman\u0131n amac\u0131 nedir? Anlamak, destek olmak ve birlikte \u00e7\u00f6z\u00fcm \u00fcretmek mi? Yoksa yaln\u0131zca hata g\u00f6stermek mi? \u0130leti\u015fimin alt\u0131nda yatan niyet, kurulan ili\u015fkinin niteli\u011fini do\u011frudan etkiler.<\/p>\n<h2><strong>\u00dc\u00e7 ad\u0131ml\u0131 kontrol listesi<\/strong><\/h2>\n<ol>\n<li><strong>Yeterlilik varsayarak konu\u015fun:<\/strong> Kar\u015f\u0131n\u0131zdakine g\u00fcvenle, i\u015fi iyi yapabilece\u011fine olan inanc\u0131n\u0131zla konu\u015fun, bu ona yans\u0131yacakt\u0131r.<\/li>\n<li><strong>Amac\u0131 netle\u015ftirin:<\/strong> \u0130leti\u015fime ba\u015flamadan \u00f6nce kendinize \u015fu soruyu sorun: \u201cBu konu\u015fman\u0131n amac\u0131 ne?\u201d Anlamak, geri bildirim vermek, geli\u015fimi desteklemek veya bir sorunu \u00e7\u00f6zmek farkl\u0131 ileti\u015fim yakla\u015f\u0131mlar\u0131 gerektirebilir. Ama\u00e7 net oldu\u011funda ileti\u015fim daha sa\u011fl\u0131kl\u0131 ilerler.<\/li>\n<li><strong>Kendi rol\u00fcn\u00fcz\u00fc de\u011ferlendirin:<\/strong> \u0130leti\u015fim sonras\u0131nda duruma biraz d\u0131\u015far\u0131dan bakabilmek \u00f6nemli. Kar\u015f\u0131n\u0131zdaki ki\u015finin deneyimini anlamaya \u00e7al\u0131\u015f\u0131rken, kendi ileti\u015fim bi\u00e7iminizi de objektif \u015fekilde de\u011ferlendirebilirsiniz. Bu yakla\u015f\u0131m hem hesap verebilirli\u011fi hem de \u00f6z fark\u0131ndal\u0131\u011f\u0131 destekler.<\/li>\n<\/ol>\n<h2><strong>\u0130\u00e7 Sesimizi Dinlemek<\/strong><\/h2>\n<p>Kendimizi de\u011ferlendirdi\u011fimiz anlarda, olaylar\u0131 nas\u0131l yorumlad\u0131\u011f\u0131m\u0131z\u0131 da fark etmeye ba\u015flar\u0131z. \u00d6rne\u011fin:<\/p>\n<p>&#8220;Ben hakl\u0131y\u0131m, kar\u015f\u0131mdakiler \u00e7ok hassas davrand\u0131.&#8221; (Ba\u015fkalar\u0131n\u0131 su\u00e7layan i\u00e7 ses)<\/p>\n<p>&#8220;Herhalde \u00e7ok k\u00f6t\u00fc bir y\u00f6neticiyim, bu durum hep benim ba\u015f\u0131ma geliyor.&#8221; (Kendisini gere\u011finden fazla ele\u015ftiren i\u00e7 ses)<\/p>\n<p>Bu iki u\u00e7 yakla\u015f\u0131m da durumu sa\u011fl\u0131kl\u0131 de\u011ferlendirmeyi zorla\u015ft\u0131r\u0131r. Bunun yerine hem kendi pay\u0131m\u0131z\u0131 hem de ko\u015fullar\u0131 birlikte de\u011ferlendirmek daha dengeli sonu\u00e7lar sa\u011flar.<\/p>\n<p>Bir sonraki zor konu\u015fman\u0131zdan \u00f6nce kendinize \u015fu \u00fc\u00e7 soruyu sorun:<\/p>\n<ul>\n<li>Tonum ne s\u00f6yl\u00fcyor?<\/li>\n<li>Beden dilim ne s\u00f6yl\u00fcyor?<\/li>\n<li>Niyetim ne s\u00f6yl\u00fcyor?<\/li>\n<\/ul>\n<p>Etkili ileti\u015fim yaln\u0131zca ne s\u00f6yledi\u011fimizle de\u011fil, s\u00f6ylediklerimizin kar\u015f\u0131 tarafta nas\u0131l bir etki yaratt\u0131\u011f\u0131n\u0131 anlamaya \u00e7al\u0131\u015fmam\u0131zla da g\u00fc\u00e7lenir. Netlik \u00f6nemli bir liderlik becerisidir; ancak empatiyle birle\u015fti\u011finde \u00e7ok daha g\u00fc\u00e7l\u00fc sonu\u00e7lar yarat\u0131r.<\/p>\n<!-- templates\/buttons-placeholder.php -->\n<div class=\"da-reactions-outer TpostID23094\">\n\t    <div class=\"da-reactions-data da-reactions-container-async center\"\n         data-type=\"post\"\n         data-id=\"23094\"\n         id=\"da-reactions-slot-post-23094\">\n        <div class=\"da-reactions-static\">\n\t\t\t<img src=\"https:\/\/www.kariyer.net\/kariyer-rehberi\/wp-content\/plugins\/da-reactions\/assets\/dist\/loading.svg\" alt=\"Loading spinner\" width=\"48\" height=\"48\" \/>\n        <\/div>\n    <\/div>\n<\/div>\n","protected":false},"excerpt":{"rendered":"<p>&nbsp; Net ileti\u015fim kuran y\u00f6neticiler zaman zaman \u201csert\u201d, \u201cmesafeli\u201d ya da \u201cfazla do\u011frudan\u201d olarak alg\u0131lanabiliyor. Benzer \u015fekilde \u00e7al\u0131\u015fanlar da baz\u0131 geri bildirimleri beklediklerinden daha rahats\u0131z edici bulabiliyor. Bu nedenle netlik ile kabal\u0131k aras\u0131ndaki \u00e7izgiyi ay\u0131rt etmek her zaman kolay olmayabiliyor. Siz de zaman zaman bu t\u00fcr geri bildirimlerle kar\u015f\u0131la\u015ft\u0131n\u0131z m\u0131 ya da \u00e7al\u0131\u015ft\u0131\u011f\u0131n\u0131z y\u00f6neticileri benzer [&hellip;]<\/p>\n<!-- templates\/buttons-placeholder.php -->\n<div class=\"da-reactions-outer TpostID23094\">\n\t    <div class=\"da-reactions-data da-reactions-container-async center\"\n         data-type=\"post\"\n         data-id=\"23094\"\n         id=\"da-reactions-slot-post-23094\">\n        <div class=\"da-reactions-static\">\n\t\t\t<img src=\"https:\/\/www.kariyer.net\/kariyer-rehberi\/wp-content\/plugins\/da-reactions\/assets\/dist\/loading.svg\" alt=\"Loading spinner\" width=\"48\" height=\"48\" \/>\n        <\/div>\n    <\/div>\n<\/div>\n","protected":false},"author":38,"featured_media":23123,"comment_status":"closed","ping_status":"open","sticky":false,"template":"","format":"standard","meta":{"footnotes":"","_elementor_edit_mode":"","_elementor_template_type":"","_elementor_data":"","_elementor_page_settings":null,"_elementor_conditions":[]},"categories":[46,2211],"tags":[],"class_list":["post-23094","post","type-post","status-publish","format-standard","has-post-thumbnail","category-is-hayati","category-kariyer-gelisimi"],"yoast_head":"<!-- This site is optimized with the Yoast SEO Premium plugin v28.1 (Yoast SEO v28.2) - https:\/\/yoast.com\/product\/yoast-seo-premium-wordpress\/ -->\n<title>Ayn\u0131 kelimeler, farkl\u0131 sonu\u00e7: Netlik ile kabal\u0131k aras\u0131ndaki \u00e7izgi<\/title>\n<meta name=\"description\" content=\"Net ileti\u015fim kuran y\u00f6neticiler; \u201csert\u201d veya \u201cmesafeli\u201d alg\u0131lanabiliyor. Dolay\u0131s\u0131yla netlik ile kabal\u0131k aras\u0131ndaki ayr\u0131m kolay olmayabiliyor.\" \/>\n<meta name=\"robots\" content=\"index, follow, max-snippet:-1, max-image-preview:large, max-video-preview:-1\" \/>\n<link rel=\"canonical\" href=\"https:\/\/www.kariyer.net\/kariyer-rehberi\/ayni-kelimeler-farkli-sonuc-netlik-ile-kabalik-arasindaki-cizgi\/\" \/>\n<meta property=\"og:locale\" content=\"tr_TR\" \/>\n<meta property=\"og:type\" content=\"article\" \/>\n<meta property=\"og:title\" content=\"Ayn\u0131 kelimeler, farkl\u0131 sonu\u00e7: Netlik ile kabal\u0131k aras\u0131ndaki \u00e7izgi\" \/>\n<meta property=\"og:description\" content=\"&nbsp; Net ileti\u015fim kuran y\u00f6neticiler zaman zaman \u201csert\u201d, \u201cmesafeli\u201d ya da \u201cfazla do\u011frudan\u201d olarak alg\u0131lanabiliyor. Benzer \u015fekilde \u00e7al\u0131\u015fanlar da baz\u0131 geri\" \/>\n<meta property=\"og:url\" content=\"https:\/\/www.kariyer.net\/kariyer-rehberi\/ayni-kelimeler-farkli-sonuc-netlik-ile-kabalik-arasindaki-cizgi\/\" \/>\n<meta property=\"og:site_name\" content=\"Kariyer Rehberi\" \/>\n<meta property=\"article:published_time\" content=\"2026-09-02T08:32:40+00:00\" \/>\n<meta property=\"og:image\" content=\"https:\/\/www.kariyer.net\/kariyer-rehberi\/wp-content\/uploads\/2026\/09\/ayni-kelimeler-farkli-sonuc-netlik-ile-kabalik-arasindaki-cizgi.jpg\" \/>\n\t<meta property=\"og:image:width\" content=\"1254\" \/>\n\t<meta property=\"og:image:height\" content=\"836\" \/>\n\t<meta property=\"og:image:type\" content=\"image\/jpeg\" \/>\n<meta name=\"author\" content=\"Bertay Fi\u015fek\u00e7i\" \/>\n<meta name=\"twitter:card\" content=\"summary_large_image\" \/>\n<meta name=\"twitter:label1\" content=\"Yazan:\" \/>\n\t<meta name=\"twitter:data1\" content=\"Bertay Fi\u015fek\u00e7i\" \/>\n\t<meta name=\"twitter:label2\" content=\"Tahmini okuma s\u00fcresi\" \/>\n\t<meta name=\"twitter:data2\" content=\"4 dakika\" \/>\n<!-- \/ Yoast SEO Premium plugin. -->","yoast_head_json":{"title":"Ayn\u0131 kelimeler, farkl\u0131 sonu\u00e7: Netlik ile kabal\u0131k aras\u0131ndaki \u00e7izgi","description":"Net ileti\u015fim kuran y\u00f6neticiler; \u201csert\u201d veya \u201cmesafeli\u201d alg\u0131lanabiliyor. Dolay\u0131s\u0131yla netlik ile kabal\u0131k aras\u0131ndaki ayr\u0131m kolay olmayabiliyor.","robots":{"index":"index","follow":"follow","max-snippet":"max-snippet:-1","max-image-preview":"max-image-preview:large","max-video-preview":"max-video-preview:-1"},"canonical":"https:\/\/www.kariyer.net\/kariyer-rehberi\/ayni-kelimeler-farkli-sonuc-netlik-ile-kabalik-arasindaki-cizgi\/","og_locale":"tr_TR","og_type":"article","og_title":"Ayn\u0131 kelimeler, farkl\u0131 sonu\u00e7: Netlik ile kabal\u0131k aras\u0131ndaki \u00e7izgi","og_description":"&nbsp; Net ileti\u015fim kuran y\u00f6neticiler zaman zaman \u201csert\u201d, \u201cmesafeli\u201d ya da \u201cfazla do\u011frudan\u201d olarak alg\u0131lanabiliyor. Benzer \u015fekilde \u00e7al\u0131\u015fanlar da baz\u0131 geri","og_url":"https:\/\/www.kariyer.net\/kariyer-rehberi\/ayni-kelimeler-farkli-sonuc-netlik-ile-kabalik-arasindaki-cizgi\/","og_site_name":"Kariyer Rehberi","article_published_time":"2026-09-02T08:32:40+00:00","og_image":[{"width":1254,"height":836,"url":"https:\/\/www.kariyer.net\/kariyer-rehberi\/wp-content\/uploads\/2026\/09\/ayni-kelimeler-farkli-sonuc-netlik-ile-kabalik-arasindaki-cizgi.jpg","type":"image\/jpeg"}],"author":"Bertay Fi\u015fek\u00e7i","twitter_card":"summary_large_image","twitter_misc":{"Yazan:":"Bertay Fi\u015fek\u00e7i","Tahmini okuma s\u00fcresi":"4 dakika"},"schema":{"@context":"https:\/\/schema.org","@graph":[{"@type":"Article","@id":"https:\/\/www.kariyer.net\/kariyer-rehberi\/ayni-kelimeler-farkli-sonuc-netlik-ile-kabalik-arasindaki-cizgi\/#article","isPartOf":{"@id":"https:\/\/www.kariyer.net\/kariyer-rehberi\/ayni-kelimeler-farkli-sonuc-netlik-ile-kabalik-arasindaki-cizgi\/"},"author":{"name":"Bertay Fi\u015fek\u00e7i","@id":"https:\/\/www.kariyer.net\/kariyer-rehberi\/#\/schema\/person\/0bbab5628be4b64729a9bb1f38c56151"},"headline":"Ayn\u0131 kelimeler, farkl\u0131 sonu\u00e7: Netlik ile kabal\u0131k aras\u0131ndaki \u00e7izgi","datePublished":"2026-09-02T08:32:40+00:00","mainEntityOfPage":{"@id":"https:\/\/www.kariyer.net\/kariyer-rehberi\/ayni-kelimeler-farkli-sonuc-netlik-ile-kabalik-arasindaki-cizgi\/"},"wordCount":697,"publisher":{"@id":"https:\/\/www.kariyer.net\/kariyer-rehberi\/#organization"},"image":{"@id":"https:\/\/www.kariyer.net\/kariyer-rehberi\/ayni-kelimeler-farkli-sonuc-netlik-ile-kabalik-arasindaki-cizgi\/#primaryimage"},"thumbnailUrl":"https:\/\/www.kariyer.net\/kariyer-rehberi\/wp-content\/uploads\/2026\/09\/ayni-kelimeler-farkli-sonuc-netlik-ile-kabalik-arasindaki-cizgi.jpg","articleSection":["\u0130\u015f Hayat\u0131","Kariyer Geli\u015fimi"],"inLanguage":"tr"},{"@type":"WebPage","@id":"https:\/\/www.kariyer.net\/kariyer-rehberi\/ayni-kelimeler-farkli-sonuc-netlik-ile-kabalik-arasindaki-cizgi\/","url":"https:\/\/www.kariyer.net\/kariyer-rehberi\/ayni-kelimeler-farkli-sonuc-netlik-ile-kabalik-arasindaki-cizgi\/","name":"Ayn\u0131 kelimeler, farkl\u0131 sonu\u00e7: Netlik ile kabal\u0131k aras\u0131ndaki \u00e7izgi","isPartOf":{"@id":"https:\/\/www.kariyer.net\/kariyer-rehberi\/#website"},"primaryImageOfPage":{"@id":"https:\/\/www.kariyer.net\/kariyer-rehberi\/ayni-kelimeler-farkli-sonuc-netlik-ile-kabalik-arasindaki-cizgi\/#primaryimage"},"image":{"@id":"https:\/\/www.kariyer.net\/kariyer-rehberi\/ayni-kelimeler-farkli-sonuc-netlik-ile-kabalik-arasindaki-cizgi\/#primaryimage"},"thumbnailUrl":"https:\/\/www.kariyer.net\/kariyer-rehberi\/wp-content\/uploads\/2026\/09\/ayni-kelimeler-farkli-sonuc-netlik-ile-kabalik-arasindaki-cizgi.jpg","datePublished":"2026-09-02T08:32:40+00:00","description":"Net ileti\u015fim kuran y\u00f6neticiler; \u201csert\u201d veya \u201cmesafeli\u201d alg\u0131lanabiliyor. Dolay\u0131s\u0131yla netlik ile kabal\u0131k aras\u0131ndaki ayr\u0131m kolay olmayabiliyor.","breadcrumb":{"@id":"https:\/\/www.kariyer.net\/kariyer-rehberi\/ayni-kelimeler-farkli-sonuc-netlik-ile-kabalik-arasindaki-cizgi\/#breadcrumb"},"inLanguage":"tr","potentialAction":[{"@type":"ReadAction","target":["https:\/\/www.kariyer.net\/kariyer-rehberi\/ayni-kelimeler-farkli-sonuc-netlik-ile-kabalik-arasindaki-cizgi\/"]}]},{"@type":"ImageObject","inLanguage":"tr","@id":"https:\/\/www.kariyer.net\/kariyer-rehberi\/ayni-kelimeler-farkli-sonuc-netlik-ile-kabalik-arasindaki-cizgi\/#primaryimage","url":"https:\/\/www.kariyer.net\/kariyer-rehberi\/wp-content\/uploads\/2026\/09\/ayni-kelimeler-farkli-sonuc-netlik-ile-kabalik-arasindaki-cizgi.jpg","contentUrl":"https:\/\/www.kariyer.net\/kariyer-rehberi\/wp-content\/uploads\/2026\/09\/ayni-kelimeler-farkli-sonuc-netlik-ile-kabalik-arasindaki-cizgi.jpg","width":1254,"height":836},{"@type":"BreadcrumbList","@id":"https:\/\/www.kariyer.net\/kariyer-rehberi\/ayni-kelimeler-farkli-sonuc-netlik-ile-kabalik-arasindaki-cizgi\/#breadcrumb","itemListElement":[{"@type":"ListItem","position":1,"name":"Anasayfa","item":"https:\/\/www.kariyer.net\/kariyer-rehberi\/"},{"@type":"ListItem","position":2,"name":"Ayn\u0131 kelimeler, farkl\u0131 sonu\u00e7: Netlik ile kabal\u0131k aras\u0131ndaki \u00e7izgi"}]},{"@type":"WebSite","@id":"https:\/\/www.kariyer.net\/kariyer-rehberi\/#website","url":"https:\/\/www.kariyer.net\/kariyer-rehberi\/","name":"Kariyer Rehberi","description":"\u0130\u015f D\u00fcnyas\u0131yla \u0130lgili Bilmek \u0130stedi\u011finiz Her \u015eey","publisher":{"@id":"https:\/\/www.kariyer.net\/kariyer-rehberi\/#organization"},"potentialAction":[{"@type":"SearchAction","target":{"@type":"EntryPoint","urlTemplate":"https:\/\/www.kariyer.net\/kariyer-rehberi\/?s={search_term_string}"},"query-input":{"@type":"PropertyValueSpecification","valueRequired":true,"valueName":"search_term_string"}}],"inLanguage":"tr"},{"@type":"Organization","@id":"https:\/\/www.kariyer.net\/kariyer-rehberi\/#organization","name":"Kariyer.net","url":"https:\/\/www.kariyer.net\/kariyer-rehberi\/","logo":{"@type":"ImageObject","inLanguage":"tr","@id":"https:\/\/www.kariyer.net\/kariyer-rehberi\/#\/schema\/logo\/image\/","url":"https:\/\/www.kariyer.net\/kariyer-rehberi-new\/wp-content\/uploads\/2023\/01\/og-image11.jpg","contentUrl":"https:\/\/www.kariyer.net\/kariyer-rehberi-new\/wp-content\/uploads\/2023\/01\/og-image11.jpg","width":800,"height":800,"caption":"Kariyer.net"},"image":{"@id":"https:\/\/www.kariyer.net\/kariyer-rehberi\/#\/schema\/logo\/image\/"}},{"@type":"Person","@id":"https:\/\/www.kariyer.net\/kariyer-rehberi\/#\/schema\/person\/0bbab5628be4b64729a9bb1f38c56151","name":"Bertay Fi\u015fek\u00e7i","image":{"@type":"ImageObject","inLanguage":"tr","@id":"https:\/\/www.kariyer.net\/kariyer-rehberi\/wp-content\/uploads\/2024\/09\/Bertay-Fisekci-150x150.jpg","url":"https:\/\/www.kariyer.net\/kariyer-rehberi\/wp-content\/uploads\/2024\/09\/Bertay-Fisekci-150x150.jpg","contentUrl":"https:\/\/www.kariyer.net\/kariyer-rehberi\/wp-content\/uploads\/2024\/09\/Bertay-Fisekci-150x150.jpg","caption":"Bertay Fi\u015fek\u00e7i"},"description":"Bertay Fi\u015fek\u00e7i, 23 y\u0131ll\u0131k kurumsal hayat\u0131n\u0131n ard\u0131ndan \u00e7al\u0131\u015fan ba\u011fl\u0131l\u0131\u011f\u0131, k\u00fclt\u00fcr d\u00f6n\u00fc\u015f\u00fcm\u00fc, orta kademe y\u00f6neticilerin beceri geli\u015fimi alanlar\u0131na odaklanm\u0131\u015ft\u0131r ve bu konularda \u015firketlere profesyonel destek vermektedir. \u0130nsan odakl\u0131 organizasyonlar\u0131n daha da geli\u015ftirici, k\u00e2rl\u0131 ve \u00e7ekici oldu\u011fu inanc\u0131yla \u00e7al\u0131\u015fmalar\u0131n\u0131 s\u00fcrd\u00fcrmektedir. Fi\u015fek\u00e7i; y\u00fcz y\u00fcze seminerler, online etkinler, podcast yay\u0131nlar\u0131yla bilgilerini aktarman\u0131n yan\u0131nda; ki\u015fisel blogunda ve Kariyer.net bloglar\u0131nda yay\u0131nlanan i\u00e7erikleriyle de okuyucularla bulu\u015fmaktad\u0131r.","url":"https:\/\/www.kariyer.net\/kariyer-rehberi\/author\/bertay-fisekci\/"}]}},"_links":{"self":[{"href":"https:\/\/www.kariyer.net\/kariyer-rehberi\/wp-json\/wp\/v2\/posts\/23094","targetHints":{"allow":["GET"]}}],"collection":[{"href":"https:\/\/www.kariyer.net\/kariyer-rehberi\/wp-json\/wp\/v2\/posts"}],"about":[{"href":"https:\/\/www.kariyer.net\/kariyer-rehberi\/wp-json\/wp\/v2\/types\/post"}],"author":[{"embeddable":true,"href":"https:\/\/www.kariyer.net\/kariyer-rehberi\/wp-json\/wp\/v2\/users\/38"}],"replies":[{"embeddable":true,"href":"https:\/\/www.kariyer.net\/kariyer-rehberi\/wp-json\/wp\/v2\/comments?post=23094"}],"version-history":[{"count":4,"href":"https:\/\/www.kariyer.net\/kariyer-rehberi\/wp-json\/wp\/v2\/posts\/23094\/revisions"}],"predecessor-version":[{"id":23125,"href":"https:\/\/www.kariyer.net\/kariyer-rehberi\/wp-json\/wp\/v2\/posts\/23094\/revisions\/23125"}],"wp:featuredmedia":[{"embeddable":true,"href":"https:\/\/www.kariyer.net\/kariyer-rehberi\/wp-json\/wp\/v2\/media\/23123"}],"wp:attachment":[{"href":"https:\/\/www.kariyer.net\/kariyer-rehberi\/wp-json\/wp\/v2\/media?parent=23094"}],"wp:term":[{"taxonomy":"category","embeddable":true,"href":"https:\/\/www.kariyer.net\/kariyer-rehberi\/wp-json\/wp\/v2\/categories?post=23094"},{"taxonomy":"post_tag","embeddable":true,"href":"https:\/\/www.kariyer.net\/kariyer-rehberi\/wp-json\/wp\/v2\/tags?post=23094"}],"curies":[{"name":"wp","href":"https:\/\/api.w.org\/{rel}","templated":true}]}}