{"id":2703,"date":"2007-11-08T02:00:00","date_gmt":"2007-11-08T00:00:00","guid":{"rendered":"http:\/\/92.45.35.169\/sualti-fotografcisi-ali-ethem-keskin\/"},"modified":"2024-07-03T16:03:10","modified_gmt":"2024-07-03T13:03:10","slug":"sualti-fotografcisi-ali-ethem-keskin","status":"publish","type":"post","link":"https:\/\/www.kariyer.net\/kariyer-rehberi\/sualti-fotografcisi-ali-ethem-keskin\/","title":{"rendered":"Sualt\u0131 foto\u011fraf\u00e7\u0131s\u0131 &#8216;Ali Ethem Keskin&#8217;"},"content":{"rendered":"<p><span style=\"font-size: 11px; font-family: Verdana, Arial, Helvetica, sans-serif\"><\/p>\n<p><img decoding=\"async\" height=\"123\" hspace=\"10\" width=\"160\" align=\"left\" vspace=\"10\" alt=\"\" src=\"\/UploadFiles\/tempPhoto\/kariyerRehberi\/image\/mak302b.jpg\" \/>Sualt\u0131na ilgisi \u00e7ocukken ba\u015flad\u0131, ard\u0131ndan foto\u011fraf tutkusu geldi. Bir yandan e\u011fitimine de devam eden Ali Ethem Keskin, hem bili\u015fim sekt\u00f6r\u00fcnde hem de sualt\u0131 foto\u011fraf\u00e7\u0131l\u0131\u011f\u0131 alan\u0131ndaki kariyerinde ba\u015far\u0131yla ilerliyor. 3000&#8217;den fazla dal\u0131\u015f yapan ba\u015far\u0131l\u0131 dalg\u0131\u00e7 ve foto\u011fraf\u00e7\u0131, uluslararas\u0131 yar\u0131\u015fmalarda ald\u0131\u011f\u0131 \u00f6d\u00fcllerle hedeflerini ger\u00e7ekle\u015ftirmeye devam ediyor. \u0130ki farkl\u0131 alanda ba\u015far\u0131l\u0131 bir kariyere sahip olmas\u0131n\u0131 titiz ve profesyonel \u00e7al\u0131\u015fmas\u0131na ba\u011flayan Keskin, &#8220;\u0130\u015f d\u0131\u015f\u0131nda bu t\u00fcr faaliyetlerle ilgilenmek insan\u0131n vizyonunu, \u00e7evresini, bak\u0131\u015f a\u00e7\u0131s\u0131n\u0131 geni\u015fletiyor, ya\u015fam\u0131na renk kat\u0131yor. Yapt\u0131\u011f\u0131 i\u015ften daha fazla zevk almas\u0131n\u0131 sa\u011fl\u0131yor&#8221; diyor.<\/p>\n<p><strong>Sualt\u0131 foto\u011fraf\u00e7\u0131l\u0131\u011f\u0131na ilginiz nas\u0131l ba\u015flad\u0131?<\/strong><\/p>\n<p>7 ya\u015f\u0131ndayken Kaptan Cousteau&#8217;nun Sessiz D\u00fcnya filmini seyretmi\u015ftim. Ondan \u00e7ok etkilendim, annem babam da bana \u015fnorkel, g\u00f6zl\u00fck ve palet ald\u0131. 7-8 ya\u015f\u0131ndayken serbest dal\u0131\u015f yapmaya ba\u015flad\u0131m. \u00dcniversiteyi bitirdikten sonra bunun kursunu al\u0131p ciddi anlamda t\u00fcpl\u00fc dal\u0131\u015fa ba\u015flad\u0131m.<\/p>\n<p><strong>Ayn\u0131 zamanda bili\u015fim sekt\u00f6r\u00fcnde \u00e7al\u0131\u015f\u0131yorsunuz&#8230;<\/strong><\/p>\n<p>Evet, \u015fu anda benim iki tane mesle\u011fim var. Kare Bili\u015fim&#8217;de Pazarlama M\u00fcd\u00fcr\u00fc olarak \u00e7al\u0131\u015f\u0131yorum. Ayr\u0131ca Atlas dergisinin foto\u011fraf\u00e7\u0131s\u0131y\u0131m. 20 y\u0131l\u0131 a\u015fk\u0131nd\u0131r da dal\u0131yorum. Dal\u0131\u015fa ba\u015flad\u0131\u011f\u0131m s\u0131ralarda foto\u011frafa da merak sald\u0131m, \u0130FSAK&#8217;a \u00fcye oldum. Orada bakt\u0131m ki her foto\u011fraf\u00e7\u0131n\u0131n bir stili var. Bir \u0130zzet Keribar&#8217;\u0131n bir Nusret Nurdan Eren&#8217;in, Ali \u0130hsan G\u00f6k\u015fen&#8217;in kendilerine ait bir imzas\u0131 var. Ben anlad\u0131m ki bir stil sahibi olmak zorlamayla olmuyor, 10 f\u0131r\u0131n ekmek yemem laz\u0131m. Benim b\u00f6yle bir tarz yakalayabilmem i\u00e7in bir ilham gelmesi laz\u0131m, ben de foto\u011fraftan bir s\u00fcre so\u011fudum. Y\u0131llar sonra bir arkada\u015f\u0131m\u0131n te\u015fvi\u011fiyle 1992 y\u0131l\u0131nda amat\u00f6r bir foto\u011fraf makinesi ald\u0131m. 1993 y\u0131l\u0131nda ODT\u00dc&#8217;n\u00fcn d\u00fczenledi\u011fi Sualt\u0131 G\u00f6r\u00fcnt\u00fc Avc\u0131l\u0131\u011f\u0131 Yar\u0131\u015fmas\u0131&#8217;na kat\u0131ld\u0131m. O yar\u0131\u015fmada ald\u0131\u011f\u0131m mansiyon \u00f6d\u00fcl\u00fc beni cesaretlendirdi. Ondan sonra sualt\u0131 konusunda ihtisas yapmaya karar verdim.<\/p>\n<p><img decoding=\"async\" alt=\"\" hspace=\"5\" src=\"http:\/\/web8.kariyer.net\/Images\/mak302_2.jpg\" align=\"right\" vspace=\"5\" border=\"0\" \/><strong>\u0130lk foto\u011fraflar\u0131n\u0131z yine sualt\u0131yla m\u0131 ilgiliydi?<\/strong><\/p>\n<p>\u0130lk \u00e7ekti\u011fim foto\u011fraflarda hep yang\u0131nlar, trafik kazalar\u0131 \u00e7ekmi\u015fim. Ama foto\u011fraf\u00e7\u0131l\u0131k sadece bir an\u0131 yakalamak de\u011fil, ona bir de anlam y\u00fcklemek laz\u0131m. Bur\u00e7ak Evren bana ba\u015f\u0131ndan ge\u00e7en bir hikayeyi anlatm\u0131\u015ft\u0131. So\u011fuk Sava\u015f zamanlar\u0131nda Bur\u00e7ak Evren gazetecili\u011fe yeni ba\u015flam\u0131\u015f, Rus donanmas\u0131 Bo\u011fazlar&#8217;dan ge\u00e7ecek. B\u00fct\u00fcn gazeteciler \u00c7aml\u0131ca tepesine \u00e7\u0131km\u0131\u015flar, Bo\u011faz ve filoyu \u00e7ekecekler. Ama Frans\u0131z bir foto\u011fraf\u00e7\u0131 Salacak&#8217;a gitmi\u015f. \u00d6nde K\u0131z Kulesi, arkada donanma ve onun da arkas\u0131nda Aya Sofya Camii&#8217;sini \u00e7ekmeyi planl\u0131yor yani tam bir \u0130stanbul sil\u00fceti. Dolay\u0131s\u0131yla donanman\u0131n \u0130stanbul&#8217;dan ge\u00e7ti\u011fini \u00f6zetleyen en iyi foto\u011fraf o olmu\u015f. Do\u011fru zamanlama, do\u011fru yer ve do\u011fru bak\u0131\u015f a\u00e7\u0131s\u0131n\u0131n foto\u011frafta \u00e7ok \u00f6nemli oldu\u011funa dair bu dersi bana Bur\u00e7ak Evren verdi.<\/p>\n<p><strong>Sualt\u0131 foto\u011fraf\u00e7\u0131l\u0131\u011f\u0131n\u0131n zorluklar\u0131 neler?<\/strong><\/p>\n<p>Foto\u011fraf\u00e7\u0131l\u0131k \u00e7ok keyifli bir \u015fey ama onun da zorluklar\u0131 var. \u00d6rne\u011fin bir g\u00f6r\u00fcnt\u00fcy\u00fc yakalayabilmek i\u00e7in sabah 5&#8217;te kalk\u0131p, dal\u0131\u015f k\u0131yafetlerinizi giyip so\u011fuk suya girmeniz laz\u0131m. O \u0131\u015f\u0131\u011f\u0131 ancak o saatte yakalayabiliyorsunuz \u00e7\u00fcnk\u00fc. G\u00f6r\u00fcnd\u00fc\u011f\u00fc kadar e\u011flenceli de\u011fil ama kopmak da m\u00fcmk\u00fcn de\u011fil.<\/p>\n<p><strong>Kat\u0131ld\u0131\u011f\u0131n\u0131z yar\u0131\u015fmalardan bahseder misiniz?<\/strong><\/p>\n<p><img decoding=\"async\" alt=\"\" hspace=\"5\" src=\"http:\/\/web8.kariyer.net\/Images\/mak302_3.jpg\" align=\"left\" vspace=\"5\" border=\"0\" \/><\/p>\n<p>Y\u0131llar \u00f6nce ODT\u00dc&#8217;n\u00fcn G\u00f6r\u00fcnt\u00fc Avc\u0131l\u0131\u011f\u0131 Yar\u0131\u015fmas\u0131 ad\u0131 alt\u0131nda d\u00fczenledi\u011fi yar\u0131\u015fmalara kat\u0131l\u0131yordum. Yar\u0131\u015fmalar asl\u0131nda insan\u0131 geli\u015ftiriyor. \u00c7\u00fcnk\u00fc rakipleriniz var, orada g\u00fczel bir \u015feyler \u00e7\u0131kartmak i\u00e7in plan yap\u0131yorsunuz, kendinizi geli\u015ftiriyorsunuz, ekipmanlar\u0131n\u0131z\u0131 ona g\u00f6re ayarl\u0131yorsunuz. Bu benim geli\u015fimime \u00e7ok b\u00fcy\u00fck katk\u0131da bulundu. Caddebostan&#8217;da Bal\u0131kadam Klub\u00fc&#8217;n\u00fcn yar\u0131\u015fmalar\u0131 oluyor. Sualt\u0131 Sporlar\u0131 Federasyonu var onlar\u0131n yar\u0131\u015fmalar\u0131na kat\u0131l\u0131yordum. \u015eu anda uluslararas\u0131 yar\u0131\u015fmalara kat\u0131l\u0131yorum. Onlar da iki t\u00fcrl\u00fc oluyor. Ya bir y\u0131l i\u00e7inde \u00e7ekti\u011finiz foto\u011fraflarla kat\u0131l\u0131yorsunuz, geni\u015f a\u00e7\u0131 ve makro kategorilerinde yar\u0131\u015f\u0131yorsunuz. Ya da shoot-out dedi\u011fimiz \u015fekilde olabiliyor. Size film veriyorlar, dal\u0131p o filmi \u00e7ekip, \u00e7\u0131k\u0131p banyo ediyorsunuz ve o filmlerle kat\u0131l\u0131yorsunuz. D\u00fcnyan\u0131n en iyi foto\u011fraf\u00e7\u0131lar\u0131yla yar\u0131\u015f\u0131yorsunuz. Ama \u015f\u00f6yle bir dezavantaj\u0131n\u0131z var: onlar d\u00fcnyan\u0131n en g\u00fczel, canl\u0131 \u00e7e\u015fidinin en \u00e7ok oldu\u011fu tropik denizlerinde bir y\u0131l boyunca ola\u011fan\u00fcst\u00fc g\u00f6r\u00fcnt\u00fcler yakal\u0131yorlar. Sizse k\u0131s\u0131tl\u0131 zamanda iyi bir \u015feyler \u00e7\u0131karmaya \u00e7al\u0131\u015f\u0131yorsunuz. Bunu \u015f\u00f6yle dengeliyorum. Tatl\u0131 su kategorileri var. T\u00fcrkiye&#8217;de g\u00f6ller ve tatl\u0131 sular \u00e7ok elveri\u015fli ve g\u00fczel. Gidip \u00f6zellikle inceleyip bulmaya \u00e7al\u0131\u015f\u0131yorum. \u00d6rne\u011fin bu yaz Ka\u00e7karlar&#8217;da B\u00fcy\u00fck Deniz G\u00f6l\u00fc&#8217;de \u00e7ekimler yapaca\u011f\u0131m. Orada buzlar yava\u015f yava\u015f \u00e7atlay\u0131p erimeye ba\u015flad\u0131\u011f\u0131 anda, onlar\u0131n alt\u0131nda bu \u0131\u015f\u0131\u011f\u0131n k\u0131r\u0131lmas\u0131n\u0131n foto\u011fraf\u0131n\u0131 \u00e7ekece\u011fim. Ortaya \u00e7\u0131kan g\u00f6r\u00fcnt\u00fclerle de uluslararas\u0131 yar\u0131\u015fmalarda yar\u0131\u015faca\u011f\u0131m.<\/p>\n<p><img decoding=\"async\" alt=\"\" hspace=\"5\" src=\"http:\/\/web8.kariyer.net\/Images\/mak302_4.jpg\" align=\"right\" vspace=\"5\" border=\"0\" \/><\/p>\n<p><strong>Ma\u011fara dal\u0131\u015flar\u0131na kat\u0131l\u0131yor musunuz?<\/strong><\/p>\n<p>Ma\u011fara dal\u0131\u015f\u0131 konusunda e\u011fitim ald\u0131m. Sualt\u0131 Ara\u015ft\u0131rmalar\u0131 Derne\u011fi Ma\u011fara Dal\u0131\u015f Ara\u015ft\u0131rma Grubu (MADAG) \u00fcyesiyim. Onlarla beraber ekip halinde \u00e7e\u015fitli projeler yap\u0131yoruz. Bunlardan bir tanesi T\u00fcrkiye&#8217;de denizlerdeki tatl\u0131 su de\u015farjlar\u0131. Onlar da mutlaka bir ma\u011faradan kaynaklan\u0131yor. NASA&#8217;dan al\u0131nan termal uydu foto\u011fraflar\u0131 oluyor. Tatl\u0131 su de\u015farj\u0131 olan yerlerde so\u011fuk su olan yerler koyu g\u00f6z\u00fck\u00fcyor. O noktalar\u0131 GPS&#8217;le saptay\u0131p o sular\u0131n nereden \u00e7\u0131kt\u0131\u011f\u0131n\u0131 ara\u015ft\u0131r\u0131yoruz, b\u00fcy\u00fck ihtimalle ma\u011faralardan \u00e7\u0131k\u0131yorlar. Gidip o ma\u011faralar\u0131 inceliyoruz. Orada \u00f6rnekler topluyoruz, kimyasal \u00f6zelliklerini ara\u015ft\u0131r\u0131yoruz, nas\u0131l bir ma\u011fara, nas\u0131l olu\u015fmu\u015f gibi sorulara yan\u0131tlar buluyoruz. Deniz Ma\u011faralar\u0131 Ara\u015ft\u0131rma Projesi diye adland\u0131rd\u0131\u011f\u0131m\u0131z bu projeye \u015fimdi T\u00dcB\u0130TAK da sponsor oldu.<\/p>\n<p><strong>\u0130yi bir dalg\u0131\u00e7 olmak baz\u0131 ki\u015fisel ya da fiziksel \u00f6zellikler gerektiriyor mu?<\/strong><\/p>\n<p>En az\u0131ndan \u00fc\u00e7 y\u0131ld\u0131z dalg\u0131\u00e7 olmak, iyi bir dal\u0131\u015f e\u011fitimi almak ve en az 100 dal\u0131\u015f yapmak gerekiyor. \u00c7\u00fcnk\u00fc kontrol \u00e7ok \u00f6nemli. Sualt\u0131na foto\u011fraf \u00e7ekerken konsantrasyon \u00e7ok \u00f6nemli, onun i\u00e7in ortama yabanc\u0131 olmaman\u0131z laz\u0131m. Fiziksel olarak bir gereklilik yok. Ancak nereden baksan\u0131z 3-5 bin dolarl\u0131k bir foto\u011fraf ve dal\u0131\u015f malzemesi alman\u0131z gerekiyor. Dal\u0131\u015f malzemesini bir kere al\u0131p y\u0131llarca kullan\u0131yorsunuz ama foto\u011fraf dipsiz kuyu. Devaml\u0131 yeni bir teknoloji \u00e7\u0131k\u0131yor. Hepsini almak istiyorsunuz, dedi\u011fim gibi foto\u011fraf yat\u0131r\u0131m\u0131 dipsiz bir kuyu. Ama bu i\u015fe g\u00f6n\u00fcl verdiyseniz onu yap\u0131yorsunuz.<\/p>\n<p>Amat\u00f6rler i\u00e7in \u015funu tavsiye edebilirim. \u00c7ok profesyonel bir makine almalar\u0131 gerekmiyor. Eskiden amfibik makineler ve Nikonos V gibi makineler vard\u0131, s\u0131rf sualt\u0131nda \u00e7ekim yapmak i\u00e7in. Bir de normal makinelerin aliminyum kaplar\u0131 var, d\u0131\u015far\u0131dan idare ediyorsunuz makineyi. Mesela fazla film \u00e7ekecekseniz s\u0131k s\u0131k film de\u011fi\u015ftirmemek i\u00e7in birden fazla makineyle inmeniz gerekiyor. Bir de fla\u015flar var tabii. Suyun alt\u0131nda her metrede sar\u0131 ve k\u0131rm\u0131z\u0131 renkler kayboluyor, bir tek mavi ve ye\u015file \u00e7al\u0131yor renkler. Dolay\u0131s\u0131yla fla\u015fla o renkleri tekrar ortaya \u00e7\u0131kar\u0131yoruz.<\/p>\n<p><strong>Dal\u0131\u015ftan \u00f6nce ne t\u00fcr haz\u0131rl\u0131klar yap\u0131yorsunuz?<\/strong><\/p>\n<p>Ma\u011fara dal\u0131\u015f\u0131 olsun, irtifa dal\u0131\u015f\u0131 olsun, \u00e7ok antremanl\u0131 olmak laz\u0131m. \u00d6rne\u011fin Ka\u00e7karlar&#8217;da 3500 metre y\u00fckseklikten bahsediyoruz. Bundan iki hafta \u00f6nce Uluda\u011f zirvesinde kamp kuraca\u011f\u0131z ki o y\u00fcksekli\u011fe al\u0131\u015fal\u0131m. Ama dal\u0131\u015flar fiziksel bir efor gerektirmiyor, tam tersi oras\u0131 rahat bir ortam.<\/p>\n<p><img decoding=\"async\" alt=\"\" hspace=\"5\" src=\"http:\/\/web8.kariyer.net\/Images\/mak302_5.jpg\" align=\"right\" vspace=\"5\" border=\"0\" \/><\/p>\n<p><strong>Sualt\u0131nda ne t\u00fcr tehlikelerle kar\u015f\u0131la\u015f\u0131yorsunuz?<\/strong><\/p>\n<p>Her t\u00fcrl\u00fc dal\u0131\u015fta derinlik limiti 30 metredir ancak 42 metreye kadar dal\u0131nabilir. Dal\u0131\u015flar\u0131 30 metreye kadar planlaman\u0131z ve 30 metreye indikten sonra yava\u015f yava\u015f su y\u00fcz\u00fcne \u00e7\u0131kman\u0131z gerekir. Bu limitlere uyarsan\u0131z hi\u00e7bir tehlike ile kar\u015f\u0131la\u015fmazs\u0131n\u0131z. Profesyonel dal\u0131\u015fta da havayla en fazla 60 metreye inebilirsiniz ama amat\u00f6r dalg\u0131\u00e7lar\u0131n bu kadar derine inmemesi gerekir. Benim ba\u015f\u0131ma \u00e7ok az tehlikeli olay geldi, onlar\u0131n hepsi de insandan kaynakl\u0131 kazalard\u0131. Mesela Marmara Adalar\u0131&#8217;n\u0131n arkas\u0131nda dalarken, &#8220;burada dal\u0131\u015f yap\u0131l\u0131yor&#8221; diye \u015famand\u0131ra koyuyoruz. Bu demektir ki &#8220;buraya 50 metre yakla\u015fma&#8221;. Onu g\u00f6rd\u00fc\u011f\u00fc halde adam teknesiyle \u00fcst\u00fcm\u00fcze geliyor, yani bu t\u00fcr tehlikelerle kar\u015f\u0131la\u015f\u0131yoruz.<\/p>\n<p><strong>T\u00fcrkiye&#8217;de hangi sahiller dal\u0131\u015f i\u00e7in uygun?<\/strong><\/p>\n<p>Ka\u015f, Kemer, \u00c7e\u015fme ve Saros b\u00f6lgesi \u00e7ok g\u00fczel yerler. Saros \u0130stanbul&#8217;a yak\u0131n oldu\u011fu i\u00e7in bat\u0131klarla kar\u015f\u0131la\u015fmak m\u00fcmk\u00fcn. Ayval\u0131k&#8217;ta \u00e7ok g\u00fczel mercanlar var. Ku\u015fadas\u0131, Marmaris, Bodrum ve Dat\u00e7a da \u00e7ok elveri\u015fli ve g\u00fczel.<\/p>\n<p><strong>Hangi derneklerle \u00e7al\u0131\u015fmalar y\u00fcr\u00fct\u00fcyorsunuz?<\/strong><\/p>\n<p>T\u00fcrkiye Sualt\u0131 Federasyonu G\u00f6r\u00fcnt\u00fcleme Kurulu \u00fcyesiyim. Bir de Sualt\u0131 Ara\u015ft\u0131rma Derne\u011fi&#8217;nin Sualt\u0131 Foto\u011fraf ve Video Birimi&#8217;nin ba\u015fkanl\u0131\u011f\u0131n\u0131 y\u00fcr\u00fct\u00fcyorum.<\/p>\n<p><strong>\u0130\u015f ya\u015fam\u0131nda bu t\u00fcr faaliyetlere kat\u0131lanlar\u0131n daha ba\u015far\u0131l\u0131 oldu\u011funa inan\u0131yor musunuz?<\/strong><\/p>\n<p>Kesinlikle. Bir defa tekd\u00fczelikten kurtar\u0131yor insan\u0131. Bu herhangi bir \u015fey olabilir, dans, spor&#8230; Zaman zaman vakit bulamayabilirsiniz ama kesinlikle b\u0131rakmaman\u0131z laz\u0131m. \u0130nsan\u0131n vizyonunu, \u00e7evresini, bak\u0131\u015f a\u00e7\u0131s\u0131n\u0131 geni\u015fletiyor, ya\u015fam\u0131na renk kat\u0131yor. Yapt\u0131\u011f\u0131 i\u015ften daha fazla zevk almas\u0131n\u0131 sa\u011fl\u0131yor.<\/p>\n<p><\/span><\/p>\n<!-- templates\/buttons-placeholder.php -->\n<div class=\"da-reactions-outer TpostID2703\">\n\t    <div class=\"da-reactions-data da-reactions-container-async center\"\n         data-type=\"post\"\n         data-id=\"2703\"\n         id=\"da-reactions-slot-post-2703\">\n        <div class=\"da-reactions-static\">\n\t\t\t<img src=\"https:\/\/www.kariyer.net\/kariyer-rehberi\/wp-content\/plugins\/da-reactions\/assets\/dist\/loading.svg\" alt=\"Loading spinner\" width=\"48\" height=\"48\" style=\"width:48px\" \/>\n        <\/div>\n    <\/div>\n<\/div>\n","protected":false},"excerpt":{"rendered":"<p>Sualt\u0131na ilgisi \u00e7ocukken ba\u015flad\u0131, ard\u0131ndan foto\u011fraf tutkusu geldi. Bir yandan e\u011fitimine de devam eden Ali Ethem Keskin, hem bili\u015fim sekt\u00f6r\u00fcnde hem de sualt\u0131 foto\u011fraf\u00e7\u0131l\u0131\u011f\u0131 alan\u0131ndaki kariyerinde ba\u015far\u0131yla ilerliyor. 3000&#8217;den fazla dal\u0131\u015f yapan ba\u015far\u0131l\u0131 dalg\u0131\u00e7 ve foto\u011fraf\u00e7\u0131, uluslararas\u0131 yar\u0131\u015fmalarda ald\u0131\u011f\u0131 \u00f6d\u00fcllerle hedeflerini ger\u00e7ekle\u015ftirmeye devam ediyor. \u0130ki farkl\u0131 alanda ba\u015far\u0131l\u0131 bir kariyere sahip olmas\u0131n\u0131 titiz ve profesyonel [&hellip;]<\/p>\n<!-- templates\/buttons-placeholder.php -->\n<div class=\"da-reactions-outer TpostID2703\">\n\t    <div class=\"da-reactions-data da-reactions-container-async center\"\n         data-type=\"post\"\n         data-id=\"2703\"\n         id=\"da-reactions-slot-post-2703\">\n        <div class=\"da-reactions-static\">\n\t\t\t<img src=\"https:\/\/www.kariyer.net\/kariyer-rehberi\/wp-content\/plugins\/da-reactions\/assets\/dist\/loading.svg\" alt=\"Loading spinner\" width=\"48\" height=\"48\" style=\"width:48px\" \/>\n        <\/div>\n    <\/div>\n<\/div>\n","protected":false},"author":8,"featured_media":0,"comment_status":"open","ping_status":"open","sticky":false,"template":"","format":"standard","meta":{"footnotes":"","_elementor_edit_mode":"","_elementor_template_type":"","_elementor_data":"","_elementor_page_settings":null,"_elementor_conditions":[]},"categories":[2211],"tags":[],"class_list":{"0":"post-2703","1":"post","2":"type-post","3":"status-publish","4":"format-standard","6":"category-kariyer-gelisimi"},"yoast_head":"<!-- This site is optimized with the Yoast SEO Premium plugin v21.4 (Yoast SEO v27.0) - https:\/\/yoast.com\/product\/yoast-seo-premium-wordpress\/ -->\n<title>Sualt\u0131 foto\u011fraf\u00e7\u0131s\u0131 &#039;Ali Ethem Keskin&#039; | Kariyer Rehberi<\/title>\n<meta name=\"description\" content=\"Sualt\u0131na ilgisi \u00e7ocukken ba\u015flad\u0131, ard\u0131ndan foto\u011fraf tutkusu geldi. Bir yandan e\u011fitimine de devam eden Ali Ethem Keskin, hem bili\u015fim sekt\u00f6r\u00fcnde hem de\" \/>\n<meta name=\"robots\" content=\"index, follow, max-snippet:-1, max-image-preview:large, max-video-preview:-1\" \/>\n<link rel=\"canonical\" href=\"https:\/\/www.kariyer.net\/kariyer-rehberi\/sualti-fotografcisi-ali-ethem-keskin\/\" \/>\n<meta property=\"og:locale\" content=\"tr_TR\" \/>\n<meta property=\"og:type\" content=\"article\" \/>\n<meta property=\"og:title\" content=\"Sualt\u0131 foto\u011fraf\u00e7\u0131s\u0131 &#039;Ali Ethem Keskin&#039;\" \/>\n<meta property=\"og:description\" content=\"Sualt\u0131na ilgisi \u00e7ocukken ba\u015flad\u0131, ard\u0131ndan foto\u011fraf tutkusu geldi. Bir yandan e\u011fitimine de devam eden Ali Ethem Keskin, hem bili\u015fim sekt\u00f6r\u00fcnde hem de\" \/>\n<meta property=\"og:url\" content=\"https:\/\/www.kariyer.net\/kariyer-rehberi\/sualti-fotografcisi-ali-ethem-keskin\/\" \/>\n<meta property=\"og:site_name\" content=\"Kariyer Rehberi\" \/>\n<meta property=\"article:published_time\" content=\"2007-11-08T00:00:00+00:00\" \/>\n<meta property=\"article:modified_time\" content=\"2024-07-03T13:03:10+00:00\" \/>\n<meta property=\"og:image\" content=\"http:\/\/web8.kariyer.net\/Images\/mak302_2.jpg\" \/>\n<meta name=\"author\" content=\"Kariyer.net\" \/>\n<meta name=\"twitter:card\" content=\"summary_large_image\" \/>\n<meta name=\"twitter:label1\" content=\"Yazan:\" \/>\n\t<meta name=\"twitter:data1\" content=\"Kariyer.net\" \/>\n\t<meta name=\"twitter:label2\" content=\"Tahmini okuma s\u00fcresi\" \/>\n\t<meta name=\"twitter:data2\" content=\"8 dakika\" \/>\n<!-- \/ Yoast SEO Premium plugin. -->","yoast_head_json":{"title":"Sualt\u0131 foto\u011fraf\u00e7\u0131s\u0131 'Ali Ethem Keskin' | Kariyer Rehberi","description":"Sualt\u0131na ilgisi \u00e7ocukken ba\u015flad\u0131, ard\u0131ndan foto\u011fraf tutkusu geldi. Bir yandan e\u011fitimine de devam eden Ali Ethem Keskin, hem bili\u015fim sekt\u00f6r\u00fcnde hem de","robots":{"index":"index","follow":"follow","max-snippet":"max-snippet:-1","max-image-preview":"max-image-preview:large","max-video-preview":"max-video-preview:-1"},"canonical":"https:\/\/www.kariyer.net\/kariyer-rehberi\/sualti-fotografcisi-ali-ethem-keskin\/","og_locale":"tr_TR","og_type":"article","og_title":"Sualt\u0131 foto\u011fraf\u00e7\u0131s\u0131 'Ali Ethem Keskin'","og_description":"Sualt\u0131na ilgisi \u00e7ocukken ba\u015flad\u0131, ard\u0131ndan foto\u011fraf tutkusu geldi. Bir yandan e\u011fitimine de devam eden Ali Ethem Keskin, hem bili\u015fim sekt\u00f6r\u00fcnde hem de","og_url":"https:\/\/www.kariyer.net\/kariyer-rehberi\/sualti-fotografcisi-ali-ethem-keskin\/","og_site_name":"Kariyer Rehberi","article_published_time":"2007-11-08T00:00:00+00:00","article_modified_time":"2024-07-03T13:03:10+00:00","og_image":[{"url":"http:\/\/web8.kariyer.net\/Images\/mak302_2.jpg","type":"","width":"","height":""}],"author":"Kariyer.net","twitter_card":"summary_large_image","twitter_misc":{"Yazan:":"Kariyer.net","Tahmini okuma s\u00fcresi":"8 dakika"},"schema":{"@context":"https:\/\/schema.org","@graph":[{"@type":"Article","@id":"https:\/\/www.kariyer.net\/kariyer-rehberi\/sualti-fotografcisi-ali-ethem-keskin\/#article","isPartOf":{"@id":"https:\/\/www.kariyer.net\/kariyer-rehberi\/sualti-fotografcisi-ali-ethem-keskin\/"},"author":{"name":"Kariyer.net","@id":"https:\/\/www.kariyer.net\/kariyer-rehberi\/#\/schema\/person\/eb36201afd42c03bc83b82060447b2c9"},"headline":"Sualt\u0131 foto\u011fraf\u00e7\u0131s\u0131 &#8216;Ali Ethem Keskin&#8217;","datePublished":"2007-11-08T00:00:00+00:00","dateModified":"2024-07-03T13:03:10+00:00","mainEntityOfPage":{"@id":"https:\/\/www.kariyer.net\/kariyer-rehberi\/sualti-fotografcisi-ali-ethem-keskin\/"},"wordCount":1656,"commentCount":0,"publisher":{"@id":"https:\/\/www.kariyer.net\/kariyer-rehberi\/#organization"},"image":{"@id":"https:\/\/www.kariyer.net\/kariyer-rehberi\/sualti-fotografcisi-ali-ethem-keskin\/#primaryimage"},"thumbnailUrl":"http:\/\/web8.kariyer.net\/Images\/mak302_2.jpg","articleSection":["Kariyer Geli\u015fimi"],"inLanguage":"tr","potentialAction":[{"@type":"CommentAction","name":"Comment","target":["https:\/\/www.kariyer.net\/kariyer-rehberi\/sualti-fotografcisi-ali-ethem-keskin\/#respond"]}]},{"@type":"WebPage","@id":"https:\/\/www.kariyer.net\/kariyer-rehberi\/sualti-fotografcisi-ali-ethem-keskin\/","url":"https:\/\/www.kariyer.net\/kariyer-rehberi\/sualti-fotografcisi-ali-ethem-keskin\/","name":"Sualt\u0131 foto\u011fraf\u00e7\u0131s\u0131 'Ali Ethem Keskin' | Kariyer Rehberi","isPartOf":{"@id":"https:\/\/www.kariyer.net\/kariyer-rehberi\/#website"},"primaryImageOfPage":{"@id":"https:\/\/www.kariyer.net\/kariyer-rehberi\/sualti-fotografcisi-ali-ethem-keskin\/#primaryimage"},"image":{"@id":"https:\/\/www.kariyer.net\/kariyer-rehberi\/sualti-fotografcisi-ali-ethem-keskin\/#primaryimage"},"thumbnailUrl":"http:\/\/web8.kariyer.net\/Images\/mak302_2.jpg","datePublished":"2007-11-08T00:00:00+00:00","dateModified":"2024-07-03T13:03:10+00:00","description":"Sualt\u0131na ilgisi \u00e7ocukken ba\u015flad\u0131, ard\u0131ndan foto\u011fraf tutkusu geldi. Bir yandan e\u011fitimine de devam eden Ali Ethem Keskin, hem bili\u015fim sekt\u00f6r\u00fcnde hem de","breadcrumb":{"@id":"https:\/\/www.kariyer.net\/kariyer-rehberi\/sualti-fotografcisi-ali-ethem-keskin\/#breadcrumb"},"inLanguage":"tr","potentialAction":[{"@type":"ReadAction","target":["https:\/\/www.kariyer.net\/kariyer-rehberi\/sualti-fotografcisi-ali-ethem-keskin\/"]}]},{"@type":"ImageObject","inLanguage":"tr","@id":"https:\/\/www.kariyer.net\/kariyer-rehberi\/sualti-fotografcisi-ali-ethem-keskin\/#primaryimage","url":"http:\/\/web8.kariyer.net\/Images\/mak302_2.jpg","contentUrl":"http:\/\/web8.kariyer.net\/Images\/mak302_2.jpg"},{"@type":"BreadcrumbList","@id":"https:\/\/www.kariyer.net\/kariyer-rehberi\/sualti-fotografcisi-ali-ethem-keskin\/#breadcrumb","itemListElement":[{"@type":"ListItem","position":1,"name":"Anasayfa","item":"https:\/\/www.kariyer.net\/kariyer-rehberi\/"},{"@type":"ListItem","position":2,"name":"Sualt\u0131 foto\u011fraf\u00e7\u0131s\u0131 &#8216;Ali Ethem Keskin&#8217;"}]},{"@type":"WebSite","@id":"https:\/\/www.kariyer.net\/kariyer-rehberi\/#website","url":"https:\/\/www.kariyer.net\/kariyer-rehberi\/","name":"Kariyer Rehberi","description":"\u0130\u015f D\u00fcnyas\u0131yla \u0130lgili Bilmek \u0130stedi\u011finiz Her \u015eey","publisher":{"@id":"https:\/\/www.kariyer.net\/kariyer-rehberi\/#organization"},"potentialAction":[{"@type":"SearchAction","target":{"@type":"EntryPoint","urlTemplate":"https:\/\/www.kariyer.net\/kariyer-rehberi\/?s={search_term_string}"},"query-input":{"@type":"PropertyValueSpecification","valueRequired":true,"valueName":"search_term_string"}}],"inLanguage":"tr"},{"@type":"Organization","@id":"https:\/\/www.kariyer.net\/kariyer-rehberi\/#organization","name":"Kariyer.net","url":"https:\/\/www.kariyer.net\/kariyer-rehberi\/","logo":{"@type":"ImageObject","inLanguage":"tr","@id":"https:\/\/www.kariyer.net\/kariyer-rehberi\/#\/schema\/logo\/image\/","url":"https:\/\/www.kariyer.net\/kariyer-rehberi-new\/wp-content\/uploads\/2023\/01\/og-image11.jpg","contentUrl":"https:\/\/www.kariyer.net\/kariyer-rehberi-new\/wp-content\/uploads\/2023\/01\/og-image11.jpg","width":800,"height":800,"caption":"Kariyer.net"},"image":{"@id":"https:\/\/www.kariyer.net\/kariyer-rehberi\/#\/schema\/logo\/image\/"}},{"@type":"Person","@id":"https:\/\/www.kariyer.net\/kariyer-rehberi\/#\/schema\/person\/eb36201afd42c03bc83b82060447b2c9","name":"Kariyer.net","image":{"@type":"ImageObject","inLanguage":"tr","@id":"https:\/\/www.kariyer.net\/kariyer-rehberi\/#\/schema\/person\/image\/","url":"https:\/\/secure.gravatar.com\/avatar\/ddce3ac68cb52fb2ae004bcee334e49ccc6361fefd68c5f6f4d2a86630c28b2e?s=96&d=mm&r=g","contentUrl":"https:\/\/secure.gravatar.com\/avatar\/ddce3ac68cb52fb2ae004bcee334e49ccc6361fefd68c5f6f4d2a86630c28b2e?s=96&d=mm&r=g","caption":"Kariyer.net"},"url":"https:\/\/www.kariyer.net\/kariyer-rehberi\/author\/kariyer-net\/"}]}},"_links":{"self":[{"href":"https:\/\/www.kariyer.net\/kariyer-rehberi\/wp-json\/wp\/v2\/posts\/2703","targetHints":{"allow":["GET"]}}],"collection":[{"href":"https:\/\/www.kariyer.net\/kariyer-rehberi\/wp-json\/wp\/v2\/posts"}],"about":[{"href":"https:\/\/www.kariyer.net\/kariyer-rehberi\/wp-json\/wp\/v2\/types\/post"}],"author":[{"embeddable":true,"href":"https:\/\/www.kariyer.net\/kariyer-rehberi\/wp-json\/wp\/v2\/users\/8"}],"replies":[{"embeddable":true,"href":"https:\/\/www.kariyer.net\/kariyer-rehberi\/wp-json\/wp\/v2\/comments?post=2703"}],"version-history":[{"count":1,"href":"https:\/\/www.kariyer.net\/kariyer-rehberi\/wp-json\/wp\/v2\/posts\/2703\/revisions"}],"predecessor-version":[{"id":20421,"href":"https:\/\/www.kariyer.net\/kariyer-rehberi\/wp-json\/wp\/v2\/posts\/2703\/revisions\/20421"}],"wp:attachment":[{"href":"https:\/\/www.kariyer.net\/kariyer-rehberi\/wp-json\/wp\/v2\/media?parent=2703"}],"wp:term":[{"taxonomy":"category","embeddable":true,"href":"https:\/\/www.kariyer.net\/kariyer-rehberi\/wp-json\/wp\/v2\/categories?post=2703"},{"taxonomy":"post_tag","embeddable":true,"href":"https:\/\/www.kariyer.net\/kariyer-rehberi\/wp-json\/wp\/v2\/tags?post=2703"}],"curies":[{"name":"wp","href":"https:\/\/api.w.org\/{rel}","templated":true}]}}