{"id":2710,"date":"2007-11-09T02:00:00","date_gmt":"2007-11-09T00:00:00","guid":{"rendered":"http:\/\/92.45.35.169\/kariyer-degistirmenin-zamani-geldi-mi\/"},"modified":"2024-07-03T15:58:37","modified_gmt":"2024-07-03T12:58:37","slug":"kariyer-degistirmenin-zamani-geldi-mi","status":"publish","type":"post","link":"https:\/\/www.kariyer.net\/kariyer-rehberi\/kariyer-degistirmenin-zamani-geldi-mi\/","title":{"rendered":"Kariyer de\u011fi\u015ftirmenin zaman\u0131 geldi mi?"},"content":{"rendered":"<div style=\"margin: 0cm 0cm 10pt\"><span style=\"color: #343434\"><span style=\"font-size: 11px; font-family: Verdana, Arial, Helvetica, sans-serif\"><\/p>\n<div style=\"margin: 0cm 0cm 10pt\"><span style=\"color: #343434\"><img decoding=\"async\" height=\"111\" hspace=\"10\" width=\"150\" align=\"left\" vspace=\"10\" alt=\"\" src=\"\/UploadFiles\/tempPhoto\/kariyerRehberi\/mak138b(2).jpg\" \/>Kariyer de\u011fi\u015ftirmeyi istemek, bireylerin yapt\u0131klar\u0131 i\u015fin onlar\u0131 yeterli derecede motive etmedi\u011fi zamanlar olduk\u00e7a s\u0131k hissedilen bir durumdur. Kimi zaman bireyler kendileri i\u00e7in en do\u011fru olan\u0131n kariyer de\u011fi\u015ftirmek oldu\u011funu d\u00fc\u015f\u00fcnseler de, kimi zaman sadece d\u00f6nemsel bir i\u015f yo\u011funlu\u011fu ve bunun getirdi\u011fi stres nedeniyle bulunduklar\u0131 yere ait olmad\u0131klar\u0131n\u0131 d\u00fc\u015f\u00fcn\u00fcrler. Bu tip bir stres ortam\u0131nda ki\u015filerin objektif bak\u0131\u015f a\u00e7\u0131lar\u0131 \u00e7o\u011fu zaman kaybolur ve do\u011fru karar almalar\u0131 zorla\u015f\u0131r. Bu nedenle i\u015f ya da kariyer de\u011fi\u015ftirmeden \u00f6nce kendinizi ve i\u015finizi iyi tartman\u0131z, do\u011fru kararlara ula\u015fman\u0131za yard\u0131mc\u0131 olacakt\u0131r. Yo\u011fun ve stresli bir d\u00f6nem ge\u00e7iriyorsan\u0131z, bu d\u00f6nemin bitmesini bekleyin. Sakin sularda ilerlemeye ba\u015flad\u0131\u011f\u0131n\u0131zda hala i\u015finizin size uygun olmad\u0131\u011f\u0131n\u0131 d\u00fc\u015f\u00fcn\u00fcyorsan\u0131z, a\u015fa\u011f\u0131daki birka\u00e7 noktaya g\u00f6z at\u0131n.<\/span><\/div>\n<div style=\"margin: 4.5pt 0cm; line-height: normal\"><span style=\"color: #343434\">Belki bu \u015fekilde kariyer de\u011fi\u015ftirmenin sizin i\u00e7in ger\u00e7ekten gerekli oldu\u011fundan emin olursunuz ya da kariyerinizi de\u011fi\u015ftirmenin asl\u0131nda d\u00fc\u015f\u00fcnd\u00fc\u011f\u00fcn\u00fcz kadar iyi bir fikir olmad\u0131\u011f\u0131n\u0131 ve sizin asl\u0131nda kariyerinizle de\u011fil; sadece i\u015fyerinizle ilgili sorunlar\u0131n\u0131z oldu\u011funu farkedersiniz.<\/span><\/div>\n<div style=\"margin: 0cm 0cm 10pt 54pt; text-indent: -18pt; line-height: normal\"><span style=\"color: #343434\">1.<span style=\"font: 7pt 'Times New Roman'\">&nbsp;&nbsp; <\/span><\/span><span style=\"color: #343434\">Ge\u00e7i\u015f yapmay\u0131 planlad\u0131\u011f\u0131n\u0131z kariyer alan\u0131 ki\u015fisel ilgi alanlar\u0131n\u0131z\u0131n i\u00e7indeyse ve yeteneklerinize uydu\u011funu d\u00fc\u015f\u00fcn\u00fcyorsan\u0131z, <\/span><\/div>\n<div style=\"margin: 0cm 0cm 10pt 54pt; text-indent: -18pt; line-height: normal\"><span style=\"color: #343434\">2.<span style=\"font: 7pt 'Times New Roman'\">&nbsp;&nbsp; <\/span><\/span><span style=\"color: #343434\">\u00c7al\u0131\u015fmay\u0131 planlad\u0131\u011f\u0131n\u0131z yeni kariyer alan\u0131 ile ilgili yeterli say\u0131da kaynak ara\u015ft\u0131rd\u0131ysan\u0131z ve kitap \/ makale okuduysan\u0131z, <\/span><\/div>\n<div style=\"margin: 0cm 0cm 10pt 54pt; text-indent: -18pt; line-height: normal\"><span style=\"color: #343434\">3.<span style=\"font: 7pt 'Times New Roman'\">&nbsp;&nbsp; <\/span><\/span><span style=\"color: #343434\">Bu sekt\u00f6r hakk\u0131nda temel bilginiz biraz noksan olsa da, gerekli olan becerilere sahip oldu\u011funuza inan\u0131yorsan\u0131z, <\/span><\/div>\n<div style=\"margin: 0cm 0cm 10pt 54pt; text-indent: -18pt; line-height: normal\"><span style=\"color: #343434\">4.<span style=\"font: 7pt 'Times New Roman'\">&nbsp;&nbsp; <\/span><\/span><span style=\"color: #343434\">Eksik bilgilerinizi gidermek i\u00e7in e\u011fitim programlar\u0131na kat\u0131lmay\u0131 planl\u0131yorsan\u0131z, <\/span><span style=\"color: black\">&nbsp;&nbsp;&nbsp;&nbsp;&nbsp;&nbsp;&nbsp;&nbsp; <\/span><\/div>\n<div style=\"margin: 0cm 0cm 10pt 54pt; text-indent: -18pt; line-height: normal\"><span style=\"color: #343434\">5.<span style=\"font: 7pt 'Times New Roman'\">&nbsp;&nbsp; <\/span><\/span><span style=\"color: #343434\">Sekt\u00f6rle ilgili kaynak ara\u015ft\u0131rmas\u0131 yap\u0131p, hangi firmalar\u0131n bu sekt\u00f6rde yer ald\u0131\u011f\u0131n\u0131 \u00f6\u011frendiyseniz ve ula\u015ft\u0131\u011f\u0131n\u0131z bilgiler sizi memnun ettiyse, <\/span><\/div>\n<div style=\"margin: 0cm 0cm 10pt 54pt; text-indent: -18pt; line-height: normal\"><span style=\"color: #343434\">6.<span style=\"font: 7pt 'Times New Roman'\">&nbsp;&nbsp; <\/span><\/span><span style=\"color: #343434\">Bu sekt\u00f6rde \u00e7al\u0131\u015fan bilgisine ve deneyimine g\u00fcvendi\u011finiz tan\u0131d\u0131klar\u0131n\u0131z, sizin bu sekt\u00f6rde ba\u015far\u0131l\u0131 olabilece\u011finizi d\u00fc\u015f\u00fcn\u00fcyorlarsa,<\/span><\/div>\n<div style=\"margin: 0cm 0cm 10pt 54pt; text-indent: -18pt; line-height: normal\"><span style=\"color: #343434\">7.<span style=\"font: 7pt 'Times New Roman'\">&nbsp;&nbsp; <\/span><\/span><span style=\"color: #343434\">Ge\u00e7i\u015f yapmay\u0131 planlad\u0131\u011f\u0131n\u0131z kariyer alan\u0131n\u0131n size uygun oldu\u011fu konusunda hi\u00e7bir \u015f\u00fcpheniz yoksa, <\/span><\/div>\n<div style=\"margin: 0cm 0cm 10pt 54pt; text-indent: -18pt; line-height: normal\"><span style=\"color: #343434\">8.<span style=\"font: 7pt 'Times New Roman'\">&nbsp;&nbsp; <\/span><\/span><span style=\"color: #343434\">Sizi \u00e7e\u015fitli firmalardaki \u00e7al\u0131\u015fanlarla tan\u0131\u015ft\u0131rabilecek ve kendinizi tan\u0131tman\u0131za yard\u0131m edecek \u00e7evreniz varsa, <\/span><\/div>\n<div style=\"margin: 0cm 0cm 10pt 54pt; text-indent: -18pt; line-height: normal\"><span style=\"color: #343434\">9.<span style=\"font: 7pt 'Times New Roman'\">&nbsp;&nbsp; <\/span><\/span><span style=\"color: #343434\">Ge\u00e7i\u015f yapmay\u0131 hedefledi\u011finiz kariyer alan\u0131 ile ilgili temel anlamda fikir sahibiyseniz, <\/span><\/div>\n<div style=\"margin: 0cm 0cm 10pt 54pt; text-indent: -18pt; line-height: normal\"><span style=\"color: #343434\">10.<span style=\"font: 7pt 'Times New Roman'\">&nbsp;&nbsp;&nbsp;&nbsp;&nbsp;&nbsp; <\/span><\/span><span style=\"color: #343434\">Konu ile ilgili ayl\u0131k-haftal\u0131k dergilere \u00fcye olarak sekt\u00f6r\u00fcn nabz\u0131n\u0131 teorik olarak da olsa tutabiliyorsan\u0131z, <\/span><\/div>\n<div style=\"margin: 0cm 0cm 10pt 54pt; text-indent: -18pt; line-height: normal\"><span style=\"color: #343434\">11.<span style=\"font: 7pt 'Times New Roman'\">&nbsp;&nbsp;&nbsp;&nbsp;&nbsp;&nbsp; <\/span><\/span><span style=\"color: #343434\">Aileniz size bu konuda destek veriyor ve sizi motive ediyorsa, <\/span><\/div>\n<div style=\"margin: 0cm 0cm 10pt 54pt; text-indent: -18pt; line-height: normal\"><span style=\"color: #343434\">12.<span style=\"font: 7pt 'Times New Roman'\">&nbsp;&nbsp;&nbsp;&nbsp;&nbsp;&nbsp; <\/span><\/span><span style=\"color: #343434\">Sizi tan\u0131yan arkada\u015flar\u0131n\u0131z ve \u00e7evreniz, yeteneklerinize g\u00fcveniyor ve sizi bu konuda destekliyorlarsa, <\/span><\/div>\n<div style=\"margin: 0cm 0cm 10pt 54pt; text-indent: -18pt; line-height: normal\"><span style=\"color: #343434\">13.<span style=\"font: 7pt 'Times New Roman'\">&nbsp;&nbsp;&nbsp;&nbsp;&nbsp;&nbsp; <\/span><\/span><span style=\"color: #343434\">Kariyer de\u011fi\u015ftirmek bir risk; fakat risk al\u0131p almamak konusunu \u00e7ok d\u00fc\u015f\u00fcn\u00fcp bu riski almaya karar verdiyseniz, <\/span><\/div>\n<div style=\"margin: 0cm 0cm 10pt 54pt; text-indent: -18pt; line-height: normal\"><span style=\"color: #343434\">14.<span style=\"font: 7pt 'Times New Roman'\">&nbsp;&nbsp;&nbsp;&nbsp;&nbsp;&nbsp; <\/span><\/span><span style=\"color: #343434\">Yeni kariyer alan\u0131n\u0131n size getirece\u011fi hayat standard\u0131 ve i\u015f temposu hakk\u0131nda fikir sahibiyseniz, <\/span><\/div>\n<div style=\"margin: 0cm 0cm 10pt 54pt; text-indent: -18pt; line-height: normal\"><span style=\"color: #343434\">15.<span style=\"font: 7pt 'Times New Roman'\">&nbsp;&nbsp;&nbsp;&nbsp;&nbsp;&nbsp; <\/span><\/span><span style=\"color: #343434\">\u015eu anki i\u015finizden ka\u00e7mak i\u00e7in de\u011fil; bilin\u00e7li bir se\u00e7imle yeni kariyer alan\u0131na at\u0131lmak istiyorsan\u0131z,<\/span><\/div>\n<div style=\"margin: 0cm 0cm 10pt; line-height: normal\"><span style=\"color: #343434\">kariyerinizi de\u011fi\u015ftirmek sizin i\u00e7in en ideal se\u00e7im olacakt\u0131r.<\/span><\/div>\n<div style=\"margin: 0cm 0cm 10pt\">&nbsp;<\/div>\n<p><\/span><\/span><\/div>\n<!-- templates\/buttons-placeholder.php -->\n<div class=\"da-reactions-outer TpostID2710\">\n\t    <div class=\"da-reactions-data da-reactions-container-async center\"\n         data-type=\"post\"\n         data-id=\"2710\"\n         id=\"da-reactions-slot-post-2710\">\n        <div class=\"da-reactions-static\">\n\t\t\t<img src=\"https:\/\/www.kariyer.net\/kariyer-rehberi\/wp-content\/plugins\/da-reactions\/assets\/dist\/loading.svg\" alt=\"Loading spinner\" width=\"48\" height=\"48\" style=\"width:48px\" \/>\n        <\/div>\n    <\/div>\n<\/div>\n","protected":false},"excerpt":{"rendered":"<p>Kariyer de\u011fi\u015ftirmeyi istemek, bireylerin yapt\u0131klar\u0131 i\u015fin onlar\u0131 yeterli derecede motive etmedi\u011fi zamanlar olduk\u00e7a s\u0131k hissedilen bir durumdur. Kimi zaman bireyler kendileri i\u00e7in en do\u011fru olan\u0131n kariyer de\u011fi\u015ftirmek oldu\u011funu d\u00fc\u015f\u00fcnseler de, kimi zaman sadece d\u00f6nemsel bir i\u015f yo\u011funlu\u011fu ve bunun getirdi\u011fi stres nedeniyle bulunduklar\u0131 yere ait olmad\u0131klar\u0131n\u0131 d\u00fc\u015f\u00fcn\u00fcrler. Bu tip bir stres ortam\u0131nda ki\u015filerin objektif bak\u0131\u015f [&hellip;]<\/p>\n<!-- templates\/buttons-placeholder.php -->\n<div class=\"da-reactions-outer TpostID2710\">\n\t    <div class=\"da-reactions-data da-reactions-container-async center\"\n         data-type=\"post\"\n         data-id=\"2710\"\n         id=\"da-reactions-slot-post-2710\">\n        <div class=\"da-reactions-static\">\n\t\t\t<img src=\"https:\/\/www.kariyer.net\/kariyer-rehberi\/wp-content\/plugins\/da-reactions\/assets\/dist\/loading.svg\" alt=\"Loading spinner\" width=\"48\" height=\"48\" style=\"width:48px\" \/>\n        <\/div>\n    <\/div>\n<\/div>\n","protected":false},"author":8,"featured_media":0,"comment_status":"open","ping_status":"open","sticky":false,"template":"","format":"standard","meta":{"footnotes":"","_elementor_edit_mode":"","_elementor_template_type":"","_elementor_data":"","_elementor_page_settings":null,"_elementor_conditions":[]},"categories":[6,2211],"tags":[],"class_list":{"0":"post-2710","1":"post","2":"type-post","3":"status-publish","4":"format-standard","6":"category-is-bulma-stratejileri","7":"category-kariyer-gelisimi"},"yoast_head":"<!-- This site is optimized with the Yoast SEO Premium plugin v21.4 (Yoast SEO v27.0) - https:\/\/yoast.com\/product\/yoast-seo-premium-wordpress\/ -->\n<title>Kariyer de\u011fi\u015ftirmenin zaman\u0131 geldi mi? | Kariyer Rehberi<\/title>\n<meta name=\"description\" content=\"Kariyer de\u011fi\u015ftirmeyi istemek, bireylerin yapt\u0131klar\u0131 i\u015fin onlar\u0131 yeterli derecede motive etmedi\u011fi zamanlar olduk\u00e7a s\u0131k hissedilen bir durumdur. Kimi zaman\" \/>\n<meta name=\"robots\" content=\"index, follow, max-snippet:-1, max-image-preview:large, max-video-preview:-1\" \/>\n<link rel=\"canonical\" href=\"https:\/\/www.kariyer.net\/kariyer-rehberi\/kariyer-degistirmenin-zamani-geldi-mi\/\" \/>\n<meta property=\"og:locale\" content=\"tr_TR\" \/>\n<meta property=\"og:type\" content=\"article\" \/>\n<meta property=\"og:title\" content=\"Kariyer de\u011fi\u015ftirmenin zaman\u0131 geldi mi?\" \/>\n<meta property=\"og:description\" content=\"Kariyer de\u011fi\u015ftirmeyi istemek, bireylerin yapt\u0131klar\u0131 i\u015fin onlar\u0131 yeterli derecede motive etmedi\u011fi zamanlar olduk\u00e7a s\u0131k hissedilen bir durumdur. Kimi zaman\" \/>\n<meta property=\"og:url\" content=\"https:\/\/www.kariyer.net\/kariyer-rehberi\/kariyer-degistirmenin-zamani-geldi-mi\/\" \/>\n<meta property=\"og:site_name\" content=\"Kariyer Rehberi\" \/>\n<meta property=\"article:published_time\" content=\"2007-11-09T00:00:00+00:00\" \/>\n<meta property=\"article:modified_time\" content=\"2024-07-03T12:58:37+00:00\" \/>\n<meta name=\"author\" content=\"Kariyer.net\" \/>\n<meta name=\"twitter:card\" content=\"summary_large_image\" \/>\n<meta name=\"twitter:label1\" content=\"Yazan:\" \/>\n\t<meta name=\"twitter:data1\" content=\"Kariyer.net\" \/>\n\t<meta name=\"twitter:label2\" content=\"Tahmini okuma s\u00fcresi\" \/>\n\t<meta name=\"twitter:data2\" content=\"3 dakika\" \/>\n<!-- \/ Yoast SEO Premium plugin. -->","yoast_head_json":{"title":"Kariyer de\u011fi\u015ftirmenin zaman\u0131 geldi mi? | Kariyer Rehberi","description":"Kariyer de\u011fi\u015ftirmeyi istemek, bireylerin yapt\u0131klar\u0131 i\u015fin onlar\u0131 yeterli derecede motive etmedi\u011fi zamanlar olduk\u00e7a s\u0131k hissedilen bir durumdur. Kimi zaman","robots":{"index":"index","follow":"follow","max-snippet":"max-snippet:-1","max-image-preview":"max-image-preview:large","max-video-preview":"max-video-preview:-1"},"canonical":"https:\/\/www.kariyer.net\/kariyer-rehberi\/kariyer-degistirmenin-zamani-geldi-mi\/","og_locale":"tr_TR","og_type":"article","og_title":"Kariyer de\u011fi\u015ftirmenin zaman\u0131 geldi mi?","og_description":"Kariyer de\u011fi\u015ftirmeyi istemek, bireylerin yapt\u0131klar\u0131 i\u015fin onlar\u0131 yeterli derecede motive etmedi\u011fi zamanlar olduk\u00e7a s\u0131k hissedilen bir durumdur. Kimi zaman","og_url":"https:\/\/www.kariyer.net\/kariyer-rehberi\/kariyer-degistirmenin-zamani-geldi-mi\/","og_site_name":"Kariyer Rehberi","article_published_time":"2007-11-09T00:00:00+00:00","article_modified_time":"2024-07-03T12:58:37+00:00","author":"Kariyer.net","twitter_card":"summary_large_image","twitter_misc":{"Yazan:":"Kariyer.net","Tahmini okuma s\u00fcresi":"3 dakika"},"schema":{"@context":"https:\/\/schema.org","@graph":[{"@type":"Article","@id":"https:\/\/www.kariyer.net\/kariyer-rehberi\/kariyer-degistirmenin-zamani-geldi-mi\/#article","isPartOf":{"@id":"https:\/\/www.kariyer.net\/kariyer-rehberi\/kariyer-degistirmenin-zamani-geldi-mi\/"},"author":{"name":"Kariyer.net","@id":"https:\/\/www.kariyer.net\/kariyer-rehberi\/#\/schema\/person\/eb36201afd42c03bc83b82060447b2c9"},"headline":"Kariyer de\u011fi\u015ftirmenin zaman\u0131 geldi mi?","datePublished":"2007-11-09T00:00:00+00:00","dateModified":"2024-07-03T12:58:37+00:00","mainEntityOfPage":{"@id":"https:\/\/www.kariyer.net\/kariyer-rehberi\/kariyer-degistirmenin-zamani-geldi-mi\/"},"wordCount":594,"commentCount":0,"publisher":{"@id":"https:\/\/www.kariyer.net\/kariyer-rehberi\/#organization"},"articleSection":["\u0130\u015f Bulma Stratejileri","Kariyer Geli\u015fimi"],"inLanguage":"tr","potentialAction":[{"@type":"CommentAction","name":"Comment","target":["https:\/\/www.kariyer.net\/kariyer-rehberi\/kariyer-degistirmenin-zamani-geldi-mi\/#respond"]}]},{"@type":"WebPage","@id":"https:\/\/www.kariyer.net\/kariyer-rehberi\/kariyer-degistirmenin-zamani-geldi-mi\/","url":"https:\/\/www.kariyer.net\/kariyer-rehberi\/kariyer-degistirmenin-zamani-geldi-mi\/","name":"Kariyer de\u011fi\u015ftirmenin zaman\u0131 geldi mi? | Kariyer Rehberi","isPartOf":{"@id":"https:\/\/www.kariyer.net\/kariyer-rehberi\/#website"},"datePublished":"2007-11-09T00:00:00+00:00","dateModified":"2024-07-03T12:58:37+00:00","description":"Kariyer de\u011fi\u015ftirmeyi istemek, bireylerin yapt\u0131klar\u0131 i\u015fin onlar\u0131 yeterli derecede motive etmedi\u011fi zamanlar olduk\u00e7a s\u0131k hissedilen bir durumdur. Kimi zaman","breadcrumb":{"@id":"https:\/\/www.kariyer.net\/kariyer-rehberi\/kariyer-degistirmenin-zamani-geldi-mi\/#breadcrumb"},"inLanguage":"tr","potentialAction":[{"@type":"ReadAction","target":["https:\/\/www.kariyer.net\/kariyer-rehberi\/kariyer-degistirmenin-zamani-geldi-mi\/"]}]},{"@type":"BreadcrumbList","@id":"https:\/\/www.kariyer.net\/kariyer-rehberi\/kariyer-degistirmenin-zamani-geldi-mi\/#breadcrumb","itemListElement":[{"@type":"ListItem","position":1,"name":"Anasayfa","item":"https:\/\/www.kariyer.net\/kariyer-rehberi\/"},{"@type":"ListItem","position":2,"name":"Kariyer de\u011fi\u015ftirmenin zaman\u0131 geldi mi?"}]},{"@type":"WebSite","@id":"https:\/\/www.kariyer.net\/kariyer-rehberi\/#website","url":"https:\/\/www.kariyer.net\/kariyer-rehberi\/","name":"Kariyer Rehberi","description":"\u0130\u015f D\u00fcnyas\u0131yla \u0130lgili Bilmek \u0130stedi\u011finiz Her \u015eey","publisher":{"@id":"https:\/\/www.kariyer.net\/kariyer-rehberi\/#organization"},"potentialAction":[{"@type":"SearchAction","target":{"@type":"EntryPoint","urlTemplate":"https:\/\/www.kariyer.net\/kariyer-rehberi\/?s={search_term_string}"},"query-input":{"@type":"PropertyValueSpecification","valueRequired":true,"valueName":"search_term_string"}}],"inLanguage":"tr"},{"@type":"Organization","@id":"https:\/\/www.kariyer.net\/kariyer-rehberi\/#organization","name":"Kariyer.net","url":"https:\/\/www.kariyer.net\/kariyer-rehberi\/","logo":{"@type":"ImageObject","inLanguage":"tr","@id":"https:\/\/www.kariyer.net\/kariyer-rehberi\/#\/schema\/logo\/image\/","url":"https:\/\/www.kariyer.net\/kariyer-rehberi-new\/wp-content\/uploads\/2023\/01\/og-image11.jpg","contentUrl":"https:\/\/www.kariyer.net\/kariyer-rehberi-new\/wp-content\/uploads\/2023\/01\/og-image11.jpg","width":800,"height":800,"caption":"Kariyer.net"},"image":{"@id":"https:\/\/www.kariyer.net\/kariyer-rehberi\/#\/schema\/logo\/image\/"}},{"@type":"Person","@id":"https:\/\/www.kariyer.net\/kariyer-rehberi\/#\/schema\/person\/eb36201afd42c03bc83b82060447b2c9","name":"Kariyer.net","image":{"@type":"ImageObject","inLanguage":"tr","@id":"https:\/\/www.kariyer.net\/kariyer-rehberi\/#\/schema\/person\/image\/","url":"https:\/\/secure.gravatar.com\/avatar\/ddce3ac68cb52fb2ae004bcee334e49ccc6361fefd68c5f6f4d2a86630c28b2e?s=96&d=mm&r=g","contentUrl":"https:\/\/secure.gravatar.com\/avatar\/ddce3ac68cb52fb2ae004bcee334e49ccc6361fefd68c5f6f4d2a86630c28b2e?s=96&d=mm&r=g","caption":"Kariyer.net"},"url":"https:\/\/www.kariyer.net\/kariyer-rehberi\/author\/kariyer-net\/"}]}},"_links":{"self":[{"href":"https:\/\/www.kariyer.net\/kariyer-rehberi\/wp-json\/wp\/v2\/posts\/2710","targetHints":{"allow":["GET"]}}],"collection":[{"href":"https:\/\/www.kariyer.net\/kariyer-rehberi\/wp-json\/wp\/v2\/posts"}],"about":[{"href":"https:\/\/www.kariyer.net\/kariyer-rehberi\/wp-json\/wp\/v2\/types\/post"}],"author":[{"embeddable":true,"href":"https:\/\/www.kariyer.net\/kariyer-rehberi\/wp-json\/wp\/v2\/users\/8"}],"replies":[{"embeddable":true,"href":"https:\/\/www.kariyer.net\/kariyer-rehberi\/wp-json\/wp\/v2\/comments?post=2710"}],"version-history":[{"count":1,"href":"https:\/\/www.kariyer.net\/kariyer-rehberi\/wp-json\/wp\/v2\/posts\/2710\/revisions"}],"predecessor-version":[{"id":20288,"href":"https:\/\/www.kariyer.net\/kariyer-rehberi\/wp-json\/wp\/v2\/posts\/2710\/revisions\/20288"}],"wp:attachment":[{"href":"https:\/\/www.kariyer.net\/kariyer-rehberi\/wp-json\/wp\/v2\/media?parent=2710"}],"wp:term":[{"taxonomy":"category","embeddable":true,"href":"https:\/\/www.kariyer.net\/kariyer-rehberi\/wp-json\/wp\/v2\/categories?post=2710"},{"taxonomy":"post_tag","embeddable":true,"href":"https:\/\/www.kariyer.net\/kariyer-rehberi\/wp-json\/wp\/v2\/tags?post=2710"}],"curies":[{"name":"wp","href":"https:\/\/api.w.org\/{rel}","templated":true}]}}