{"id":2720,"date":"2007-11-09T02:00:00","date_gmt":"2007-11-09T00:00:00","guid":{"rendered":"http:\/\/92.45.35.169\/turk-ezgilerinin-yurtdisinda-taninmasini-saglayan-dunya-capinda-bir-muzisyen-okay-temiz\/"},"modified":"2024-07-03T16:02:45","modified_gmt":"2024-07-03T13:02:45","slug":"turk-ezgilerinin-yurtdisinda-taninmasini-saglayan-dunya-capinda-bir-muzisyen-okay-temiz","status":"publish","type":"post","link":"https:\/\/www.kariyer.net\/kariyer-rehberi\/turk-ezgilerinin-yurtdisinda-taninmasini-saglayan-dunya-capinda-bir-muzisyen-okay-temiz\/","title":{"rendered":"T\u00fcrk ezgilerinin yurtd\u0131\u015f\u0131nda tan\u0131nmas\u0131n\u0131 sa\u011flayan d\u00fcnya \u00e7ap\u0131nda bir m\u00fczisyen &#8216;Okay Temiz&#8217;"},"content":{"rendered":"<p><span style=\"font-size: 11px; font-family: Verdana,Arial,Helvetica,sans-serif;\"><\/p>\n<p><strong><img decoding=\"async\" width=\"160\" vspace=\"10\" hspace=\"10\" height=\"194\" align=\"left\" src=\"\/UploadFiles\/tempPhoto\/kariyerRehberi\/image\/342_b.jpg\" alt=\"\" \/>28 seneden sonra T\u00fcrkiye&#8217;ye d\u00f6nme karar\u0131n\u0131 alman\u0131zda ne etkili oldu?<\/strong><\/p>\n<p>23 senesi \u0130sve\u00e7, 5 senesi Finlandiya&#8217;da olmak \u00fczere toplam 28 sene yurt d\u0131\u015f\u0131nda kald\u0131m. Bu s\u00fcre i\u00e7inde bu \u00fclkelerin k\u00fclt\u00fcr dairelerinden \u00e7ok \u00e7e\u015fitli yard\u0131mlar ald\u0131m ve sanat\u0131m\u0131 bu sayede geli\u015ftirebildim. \u0130skandinav \u00fclkelerinde idealistlere b\u00fcy\u00fck yard\u0131mlar yap\u0131l\u0131yor. Gitti\u011fimde 32 ya\u015f\u0131ndayd\u0131m, 50 ya\u015f\u0131mda d\u00f6nd\u00fcm. Neden derseniz; g\u00fcn\u00fcn birinde mutlaka d\u00f6necektim, bana g\u00f6re b\u00f6yle gerekiyor.<\/p>\n<p>Ben \u0130stanbulluyum, bu \u015fehri seviyorum. Bir de Finlandiyal\u0131 e\u015fimle bir o\u011flumuz oldu; \u015fu an 11 ya\u015f\u0131nda. Onun T\u00fcrk dilini ve k\u00fclt\u00fcr\u00fcn\u00fc \u00f6\u011frenmesini istedim. Asl\u0131nda en b\u00fcy\u00fck etken bu oldu diyebilirim. Ayr\u0131ca profesyonel anlamda buradaki T\u00fcrk m\u00fczisyenlerle \u00e7al\u0131\u015fmalar yapmak istedim. Yurt d\u0131\u015f\u0131ndayken de onlar\u0131 \u00e7a\u011f\u0131r\u0131yor, birlikte \u00e7al\u0131\u015fmalar yap\u0131yordum ama bir s\u00fcre sonra bu gidip gelmeler ekonomik olarak \u00e7ok y\u00fck getirmeye ba\u015flad\u0131. B\u00f6ylece buraya gelip daha yak\u0131n olmak, daha sa\u011fl\u0131kl\u0131 se\u00e7imler yapmak istedim. Magnetic Band&#8217;i burada kurdum, festivallere buradan kat\u0131ld\u0131m. T\u00fcrkiye&#8217;yi biraz da T\u00fcrkiye \u00fczerinden temsil etmek gerekti\u011fini d\u00fc\u015f\u00fcn\u00fcyorum. Yurt d\u0131\u015f\u0131ndan temsil etmek de g\u00fczel ama bir s\u00fcre sonra bu insan\u0131n g\u00fcc\u00fcne gitmeye ba\u015fl\u0131yor. Bir s\u00fcreli\u011fine olabilir ama \u00f6m\u00fcr boyu yap\u0131lacak bir \u015fey de\u011fil. T\u00fcrk devletinden pek bir yard\u0131m g\u00f6rmedim, hala da g\u00f6rm\u00fcyorum ama buradayken en az\u0131ndan gayretlerimle baz\u0131 \u015feyleri daha kolay yapabiliyorum.<\/p>\n<p><strong>D\u00f6nerken planlar\u0131n\u0131z neydi?<\/strong><\/p>\n<p>Bir\u00e7ok iyi m\u00fczisyen tan\u0131yorum. Ba\u015fta amac\u0131m onlar\u0131 buraya davet edip bir okul, bir kolej a\u00e7makt\u0131. Birka\u00e7 giri\u015fimim oldu ama T\u00fcrkiye&#8217;de devlet bu t\u00fcr giri\u015fimleri desteklemiyor. Hep bireysel \u00e7aban\u0131zla bir \u015feyler yapmak zorundas\u0131n\u0131z. \u00d6zel sekt\u00f6rle birka\u00e7 g\u00fczel \u00e7al\u0131\u015fmam\u0131z oldu ama okul anlam\u0131nda yine de istedi\u011fimi elde edemedim. Yurtd\u0131\u015f\u0131nda ben bir\u00e7ok konservatuarda dersler verdim. Ana gelin g\u00f6r\u00fcn ki T\u00fcrkiye&#8217;de kimse beni gel ders ver diye bir okula \u00e7a\u011f\u0131rmad\u0131. Konu\u015fmac\u0131 olarak kat\u0131ld\u0131m, o kadar. <\/p>\n<p>Ritim At\u00f6lyesi&#8217;ni de ben kendi imkanlar\u0131mla kurdum. Buraya bir\u00e7ok farkl\u0131 meslek grubundan insan gelip ritim \u00f6\u011freniyor. \u0130\u00e7lerinde m\u00fczik \u00f6\u011fretmenlerinin de bulunmas\u0131 beni \u00f6zellikle mutlu ediyor \u00e7\u00fcnk\u00fc \u00f6\u011frendiklerini \u00f6\u011frencilerine yay\u0131yorlar. Biz ritim e\u011fitimini t\u00fcm T\u00fcrkiye&#8217;ye yaymak istiyoruz ama daha tarih co\u011frafya kitaplar\u0131nda hatalar yapan bir Milli E\u011fitim Bakanl\u0131\u011f\u0131yla bu sadece bir hayal, bir fantezi. Ak\u0131nt\u0131ya k\u00fcrek \u00e7ekmek istemiyorum.<\/p>\n<p><strong>Ritim \u00f6\u011frenmek bir insana neler katar?<\/strong><\/p>\n<p>Ritim insan\u0131n balans\u0131n\u0131 d\u00fczeltir, kendine g\u00fcvenini sa\u011flar. \u00c7ok \u00f6nemli bir beyin jimnasti\u011fidir. Geri kalm\u0131\u015f, geli\u015fmemi\u015f refleksleri ortaya \u00e7\u0131kar\u0131r ve reflekslerimize hakim olmaya ba\u015flar\u0131z. Ritmin insana \u00e7ok y\u00f6nl\u00fc faydalar\u0131 oluyor. Dedi\u011fim gibi ritim bir beyin jimnasti\u011fidir \u00e7\u00fcnk\u00fc matematik \u00fczerine kuruludur. Matematik bilenler ritmi \u00e7ok daha \u00e7abuk kavrar \u00f6rne\u011fin. Hem matematik anlam\u0131nda ezbercilik, hem de hayal g\u00fcc\u00fc vard\u0131r i\u00e7inde. \u0130\u00e7imizdeki do\u011fa\u00e7lama yetene\u011fini de tetikler. \u0130\u00e7inizdeki ritmi bir sanat haline getirerek yan\u0131n\u0131zdakilerle payla\u015f\u0131rs\u0131n\u0131z. Bu anlamda da bir tak\u0131m \u00e7al\u0131\u015fmas\u0131d\u0131r.<\/p>\n<p><strong>Firmalara nas\u0131l e\u011fitimler veriyorsunuz?<\/strong><\/p>\n<p>Son 5 y\u0131ld\u0131r biz ritim e\u011fitimlerini firmalara veriyoruz. Hemen her sekt\u00f6rden, akl\u0131n\u0131za gelebilecek neredeyse b\u00fct\u00fcn b\u00fcy\u00fck firmalarla \u00e7al\u0131\u015ft\u0131k diyebilirim. Bu biraz firmalar\u0131n y\u00f6neticilerinin de kapasitesiyle ilgili. E\u011fer bir firmada yarat\u0131c\u0131l\u0131k kavram\u0131na \u00f6nem veriliyorsa hemen bize ula\u015f\u0131yorlar. Biz de kendi yarat\u0131c\u0131l\u0131\u011f\u0131m\u0131zla onlar\u0131n \u00fcr\u00fcnlerini kullan\u0131yoruz. \u00d6rne\u011fin konserve kapa\u011f\u0131 \u00fcretimi yapan bir firmada konserve kapaklar\u0131ndan enstr\u00fcmanlar yapt\u0131k. Cam firmas\u0131nda camlar\u0131 kulland\u0131k. Plastik malzemeler, metal borular, sac levhalar&#8230; B\u00fct\u00fcn bu malzemelerden yararlan\u0131yoruz firma e\u011fitimlerimizde&#8230; Logosunu enstr\u00fcman haline getirip \u00e7ald\u0131\u011f\u0131m\u0131z firmalar da oldu. Seramikten \u00e7ok g\u00fczel aletler yapt\u0131m \u00f6rne\u011fin; harika t\u0131n\u0131lar elde ettim. Bir mutfa\u011fa girdi\u011finiz zaman \u00e7al\u0131nmayacak \u015fey yok. Bir araban\u0131n i\u00e7ini, d\u0131\u015f\u0131n\u0131 \u00e7alabiliriz. Kamyonlar da dahil.<\/p>\n<p><img decoding=\"async\" width=\"200\" vspace=\"6\" hspace=\"6\" height=\"133\" border=\"0\" align=\"left\" src=\"http:\/\/web8.kariyer.net\/images\/342_c.jpg\" alt=\"\" \/><\/p>\n<p><strong>Ritim e\u011fitimlerini firma \u00e7al\u0131\u015fanlar\u0131na nas\u0131l uyarl\u0131yorsunuz? <\/strong><\/p>\n<p>Bir \u00fcretimin belirli safhalar\u0131 vard\u0131r, hammadde gelir, belirli s\u00fcre\u00e7lerden ge\u00e7erek \u00fcretilir ve sat\u0131\u015fa sunulur. Bu a\u015famada pazarlama ve reklam aya\u011f\u0131 da devreye girer. Biz insanlar\u0131 yapt\u0131klar\u0131 i\u015flere g\u00f6re gruplara ay\u0131r\u0131yor ve belirli aletler veriyoruz. \u00d6rne\u011fin reklamc\u0131ya marakas gibi sempatik aletler, m\u00fcd\u00fcrlere de \u00e7an veriyoruz. M\u00fcd\u00fcrler her zaman metronom g\u00f6revini g\u00f6r\u00fcyor \u00e7\u00fcnk\u00fc t\u0131pk\u0131 bir fabrikadaki gibi, onlar\u0131n ritmi bozuldu\u011funda b\u00fct\u00fcn \u00e7al\u0131\u015fanlar birbirine girer. E\u011fitimler s\u0131ras\u0131nda \u00e7al\u0131\u015fanlar kendi yapt\u0131klar\u0131 g\u00f6revin bilincine var\u0131yor. \u00d6rne\u011fin pazarlamac\u0131n\u0131n sempatik, \u00e7ekici, cana yak\u0131n, ikna edici olmas\u0131 gerekiyor. Bu \u00f6zellikler aletlerde de var. Marakas, tef gibi aletler insana hareket serbestli\u011fi verdi\u011fi i\u00e7in daha bir canl\u0131. V\u00fccut dillerini kullanabiliyorlar. Firman\u0131n yap\u0131s\u0131 i\u00e7indeki di\u011fer i\u015flevleri de \u00fc\u00e7e d\u00f6rde ay\u0131r\u0131yoruz, tumbalar, djembeler gibi&#8230; B\u00f6ylece \u00e7ok g\u00fczel bir tak\u0131m \u00e7al\u0131\u015fmas\u0131 do\u011fuyor. E\u011fitimlerin sonunda da s\u00f6yl\u00fcyoruz; sizin i\u015fleviniz \u015fuydu, siz bunu yapt\u0131n\u0131z, b\u00fct\u00fcn bunlar sizin \u015firket i\u00e7indeki i\u015f b\u00f6l\u00fcm\u00fcn\u00fcz\u00fcn m\u00fczikal \u015fekliydi diye anlat\u0131yoruz.<\/p>\n<p><em>&ldquo;Ritim At\u00f6lyesi&#8217;nde ritim \u00e7al\u0131\u015fmak, bir hobiden \u00f6te, bir meditasyon gibi. \u0130nsanlar burada g\u00fcnl\u00fck dertlerinden ar\u0131n\u0131yor ve bir tak\u0131m halinde birlikte hareket edip birlikte durmay\u0131 \u00f6\u011freniyor. Buraya ek\u015fi suratla gelen, g\u00fczelle\u015fmi\u015f bir y\u00fczle \u00e7\u0131k\u0131yor.&rdquo; <\/em><\/p>\n<p><strong>Ritme hi\u00e7 yetene\u011fi olmayan insan var m\u0131d\u0131r?<\/strong><\/p>\n<p>Evet, vard\u0131r. Ama bunu nedeni daha \u00f6nce hi\u00e7 \u00e7almam\u0131\u015f olmalar\u0131d\u0131r. M\u00fczikte kulaks\u0131z deriz; ama sonu\u00e7ta kulaks\u0131z kimse yoktur, duyuyordur ama beyni alg\u0131lam\u0131yordur. Hen\u00fcz o yetene\u011fini hi\u00e7 kullanamam\u0131\u015f, hi\u00e7 a\u00e7mam\u0131\u015ft\u0131r. Biz insanlara son derece toleransl\u0131 davranarak onlardaki bu \u00f6zeli\u011fi geli\u015ftiriyoruz. Bir hoca gibi de\u011fil, dost arkada\u015f gibi yakla\u015farak onu \u00e7almaya te\u015fvik ediyoruz. Kendisi de nas\u0131l \u00f6\u011frendi\u011finin fark\u0131na varm\u0131yor. Zaten e\u011fitimlere kat\u0131lan herkesin m\u00fczisyen olmas\u0131n\u0131 hedeflemiyoruz. M\u00fchim olan., tak\u0131m \u00e7al\u0131\u015fmas\u0131nda nelere dikkat etmesi gerekti\u011fini \u00f6\u011frenmesi. Bir kere direkt\u00f6r\u00fc, y\u00f6neticiyi dinleyecek. Sonra etraf\u0131ndakileri dinleyerek onlara uyum sa\u011flayacak. Mesela bir insan spor yapar, resim yapar ama bir kere bile davula vurmam\u0131\u015ft\u0131r. Sonra yap\u0131nca kendisi de \u015fa\u015f\u0131r\u0131r. Elini nas\u0131l vuraca\u011f\u0131n\u0131 bile bilmeyen insanlar geldi e\u011fitimlere, iki \u00fc\u00e7 ay sonra \u00e7ok g\u00fczel \u00e7almaya ba\u015flad\u0131lar.<\/p>\n<p><strong><br \/>E\u011fitim alanlar\u0131n davran\u0131\u015flar\u0131 de\u011fi\u015fiyor mu? <\/strong><\/p>\n<p>\u00c7al\u0131\u015fanlar bu e\u011fitimden sonra \u015firket i\u00e7indeki g\u00f6revlerinin bilincine var\u0131yor ve yapt\u0131klar\u0131 i\u015fe ba\u011flan\u0131yorlar. Sonra bu e\u011fitimler s\u0131ras\u0131nda insanlar birbirini tan\u0131yor, birbirine ilgi g\u00f6stermeye ba\u015fl\u0131yor. Asans\u00f6rde selamla\u015fmayan insanlar birbiriyle konu\u015fmaya, arkada\u015fl\u0131k etmeye ba\u015fl\u0131yor.<\/p>\n<p><strong>Enstr\u00fcmanlarla insan karaktarleri aras\u0131nda nas\u0131l bir ili\u015fki var?<\/strong><\/p>\n<p>Bir orkestrada bas \u00e7alan insanla piyano \u00e7alan insan\u0131n karakteri ayr\u0131d\u0131r. Davulcular, bongocular ayr\u0131, \u015fark\u0131c\u0131lar tamamen farkl\u0131d\u0131r&#8230; \u0130nsanlar hangi enstr\u00fcmana e\u011filimli olduklar\u0131n\u0131 kendileri buluyorlar zaten. \u0130nsan\u0131n v\u00fccuduyla enstr\u00fcman\u0131 aras\u0131nda bir uyum vard\u0131r \u00f6rne\u011fin. <\/p>\n<p><strong>\u00c7ocuklarla ilgili de \u00e7al\u0131\u015fmalar\u0131n\u0131z olmu\u015f, biraz bunlardan bahsedebilir misiniz?<\/strong><\/p>\n<p>Ben \u0130sve\u00e7&#8217;te bo\u015f zamanlar\u0131mda spastik \u00e7ocuklarla, anaokulu \u00e7ocuklar\u0131yla \u00e7al\u0131\u015fmalar yapt\u0131m. \u00c7ocuklar\u0131n ritmi k\u00fc\u00e7\u00fck ya\u015fta \u00f6\u011frenmeleri \u00e7ok \u00f6nemli. Spastik \u00e7ocuklar\u0131n \u00e7alarken tiklerinde \u00f6nemli \u00f6l\u00e7\u00fcde azalma oldu\u011funu g\u00f6zlemledim. Kazan\u0131lan ba\u015far\u0131 b\u00fcy\u00fck ilgi g\u00f6rd\u00fc ve \u0130sve\u00e7 h\u00fck\u00fcmeti ritimle tedaviyi y\u0131llar \u00f6nce m\u00fcfredat\u0131na ald\u0131. Yapt\u0131\u011f\u0131m seanslar videolara \u00e7ekilip incelendi ve ritm terapi literat\u00fcre ge\u00e7ti. Ben ayn\u0131 \u00e7al\u0131\u015fmay\u0131 T\u00fcrkiye&#8217;deki spastik \u00e7ocuklarla da yapmak istedim ancak pek ilgi g\u00f6rmedi. San\u0131r\u0131m baz\u0131 insanlar i\u015flerini kaybedeceklerini d\u00fc\u015f\u00fcn\u00fcyor ve bu t\u00fcr yenilikleri \u00f6\u011frenmek istemiyorlar. Etrafta duydu\u011fumuz m\u00fczikler, radyolarda televizyonlarda yap\u0131lan bu m\u00fczik propagandas\u0131 \u00e7ok k\u00f6t\u00fc. Ben bunun m\u00fccadelesini \u00e7ok verdim, Avrupa&#8217;dayken de buradayken de&#8230; Sonu\u00e7ta k\u00f6t\u00fc m\u00fczik her yerde var ama T\u00fcrkiye&#8217;deki en k\u00f6t\u00fcs\u00fc. Macunla\u015fm\u0131\u015f, la\u00e7kala\u015fm\u0131\u015f bu m\u00fczi\u011fi \u00e7ocuklar\u0131n evde anneleri babalar\u0131 dinliyor. Evde dinlemese d\u0131\u015far\u0131da dinliyor. \u00c7ocu\u011funuzu iyi e\u011fitim als\u0131n diye bir okula veriyorsunuz, servis minib\u00fcs\u00fcn\u00fcn \u015fof\u00f6r\u00fc bu k\u00f6t\u00fc m\u00fczikleri \u00e7al\u0131yor. Servis \u015fof\u00f6r\u00fc arabesk dinletiyor diye ben \u00e7ocu\u011fumu okuldan ald\u0131m. <\/p>\n<p><em>&ldquo;Firma e\u011fitimlerinde \u00fcrettikleri \u00fcr\u00fcnlere g\u00f6re enstr\u00fcmanlar tasarl\u0131yoruz. Konserve kapaklar\u0131, cam kavanozlar, plastik malzemeler, metal borular, sac levhalar, seramik&#8230; Bunlar\u0131n hepsini enstr\u00fcman olarak kulland\u0131k. Logosunu enstr\u00fcman haline getirip \u00e7ald\u0131\u011f\u0131m\u0131z firmalar da oldu.&rdquo; <\/em><\/p>\n<p><strong>Bir\u00e7ok alet de geli\u015ftiriyorsunuz&#8230;<\/strong><\/p>\n<p>Ben kendim aletler yap\u0131yorum, icat ediyorum. Mekanik yetene\u011fim babam\u0131n genlerinden geliyor bu bana, babam bir pilottu. Par\u00e7alar\u0131 nas\u0131l imal edece\u011fimi, kesip bi\u00e7ece\u011fimi, lehim yapaca\u011f\u0131m\u0131 biliyorum. Elektronikle de u\u011fra\u015ft\u0131m bu ama\u00e7la. Sonu\u00e7ta bu benim hobim gibi ama hobimi de m\u00fczik i\u00e7in kullan\u0131yorum. Alet yaparken streslerim gidiyor.<\/p>\n<p><strong>\u015eu an hangi projelerle u\u011fra\u015f\u0131yorsunuz?<\/strong><\/p>\n<p>Benim \u0130sve\u00e7&#8217;te kurdu\u011fum Oriental Wind isimli bir grubum var. \u0130skandinavya&#8217;n\u0131n en iyi m\u00fczisyenlerinden olu\u015fan bu grupla y\u0131llarca say\u0131s\u0131z alb\u00fcmler yapt\u0131k, festivallere kat\u0131ld\u0131k, konserler verdik. D\u00fcnyaca tan\u0131nan bir grup. Ben bu grubu T\u00fcrkiye&#8217;de de yapmak istedim ve ge\u00e7en sene b\u00f6yle bir \u00e7al\u0131\u015fma yapt\u0131m. Yeni oriental Wind&#8217;i T\u00fcrkiye&#8217;den \u00e7\u0131karmak istiyorum. \u00d6nder Fo\u00e7an gitarist, \u0130sve\u00e7li gitar\u0131st arkada\u015f\u0131m, bas\u00e7\u0131 Kaan Y\u0131ld\u0131z ve saksafoncu \u00c7a\u011fda\u015f Oru\u00e7, zurnac\u0131m\u0131z Ahmet \u00d6zden ve birde \u00e7ingene davulcumuz var R\u00fcstem \u00e7emberi. Bunlar da T\u00fcrk ezgilerini koruyorlar. \u00d6b\u00fcr yandan caz m\u00fczisyenleri de bunu evrenselle\u015ftirip bunu gen\u00e7lere sunuyor. T\u00fcrk ezgilerini \u00e7al\u0131yoruz, zeybekler, baz\u0131 oyun havalar\u0131, k\u00f6\u00e7ek\u00e7eler, benim par\u00e7alar\u0131m&#8230; Bu ezgileri, caz\u0131n sonsuz do\u011fa\u00e7lama serbestli\u011fi i\u00e7inde ama orijinal yap\u0131lar\u0131n\u0131 koruyarak seslendirece\u011fiz. Bu \u00e7ok \u00f6nemli ve T\u00fcrkiye&#8217;de yap\u0131lm\u0131\u015f \u015fekli yok.<\/p>\n<p><\/span><\/p>\n<!-- templates\/buttons-placeholder.php -->\n<div class=\"da-reactions-outer TpostID2720\">\n\t    <div class=\"da-reactions-data da-reactions-container-async center\"\n         data-type=\"post\"\n         data-id=\"2720\"\n         id=\"da-reactions-slot-post-2720\">\n        <div class=\"da-reactions-static\">\n\t\t\t<img src=\"https:\/\/www.kariyer.net\/kariyer-rehberi\/wp-content\/plugins\/da-reactions\/assets\/dist\/loading.svg\" alt=\"Loading spinner\" width=\"48\" height=\"48\" style=\"width:48px\" \/>\n        <\/div>\n    <\/div>\n<\/div>\n","protected":false},"excerpt":{"rendered":"<p>28 seneden sonra T\u00fcrkiye&#8217;ye d\u00f6nme karar\u0131n\u0131 alman\u0131zda ne etkili oldu? 23 senesi \u0130sve\u00e7, 5 senesi Finlandiya&#8217;da olmak \u00fczere toplam 28 sene yurt d\u0131\u015f\u0131nda kald\u0131m. Bu s\u00fcre i\u00e7inde bu \u00fclkelerin k\u00fclt\u00fcr dairelerinden \u00e7ok \u00e7e\u015fitli yard\u0131mlar ald\u0131m ve sanat\u0131m\u0131 bu sayede geli\u015ftirebildim. \u0130skandinav \u00fclkelerinde idealistlere b\u00fcy\u00fck yard\u0131mlar yap\u0131l\u0131yor. Gitti\u011fimde 32 ya\u015f\u0131ndayd\u0131m, 50 ya\u015f\u0131mda d\u00f6nd\u00fcm. Neden derseniz; g\u00fcn\u00fcn [&hellip;]<\/p>\n<!-- templates\/buttons-placeholder.php -->\n<div class=\"da-reactions-outer TpostID2720\">\n\t    <div class=\"da-reactions-data da-reactions-container-async center\"\n         data-type=\"post\"\n         data-id=\"2720\"\n         id=\"da-reactions-slot-post-2720\">\n        <div class=\"da-reactions-static\">\n\t\t\t<img src=\"https:\/\/www.kariyer.net\/kariyer-rehberi\/wp-content\/plugins\/da-reactions\/assets\/dist\/loading.svg\" alt=\"Loading spinner\" width=\"48\" height=\"48\" style=\"width:48px\" \/>\n        <\/div>\n    <\/div>\n<\/div>\n","protected":false},"author":8,"featured_media":0,"comment_status":"open","ping_status":"open","sticky":false,"template":"","format":"standard","meta":{"footnotes":"","_elementor_edit_mode":"","_elementor_template_type":"","_elementor_data":"","_elementor_page_settings":null,"_elementor_conditions":[]},"categories":[2211],"tags":[],"class_list":{"0":"post-2720","1":"post","2":"type-post","3":"status-publish","4":"format-standard","6":"category-kariyer-gelisimi"},"yoast_head":"<!-- This site is optimized with the Yoast SEO Premium plugin v21.4 (Yoast SEO v27.0) - https:\/\/yoast.com\/product\/yoast-seo-premium-wordpress\/ -->\n<title>T\u00fcrk ezgilerinin yurtd\u0131\u015f\u0131nda tan\u0131nmas\u0131n\u0131 sa\u011flayan d\u00fcnya \u00e7ap\u0131nda bir m\u00fczisyen &#039;Okay Temiz&#039; | Kariyer Rehberi<\/title>\n<meta name=\"description\" content=\"28 seneden sonra T\u00fcrkiye&#039;ye d\u00f6nme karar\u0131n\u0131 alman\u0131zda ne etkili oldu?23 senesi \u0130sve\u00e7, 5 senesi Finlandiya&#039;da olmak \u00fczere toplam 28 sene yurt d\u0131\u015f\u0131nda\" \/>\n<meta name=\"robots\" content=\"index, follow, max-snippet:-1, max-image-preview:large, max-video-preview:-1\" \/>\n<link rel=\"canonical\" href=\"https:\/\/www.kariyer.net\/kariyer-rehberi\/turk-ezgilerinin-yurtdisinda-taninmasini-saglayan-dunya-capinda-bir-muzisyen-okay-temiz\/\" \/>\n<meta property=\"og:locale\" content=\"tr_TR\" \/>\n<meta property=\"og:type\" content=\"article\" \/>\n<meta property=\"og:title\" content=\"T\u00fcrk ezgilerinin yurtd\u0131\u015f\u0131nda tan\u0131nmas\u0131n\u0131 sa\u011flayan d\u00fcnya \u00e7ap\u0131nda bir m\u00fczisyen &#039;Okay Temiz&#039;\" \/>\n<meta property=\"og:description\" content=\"28 seneden sonra T\u00fcrkiye&#039;ye d\u00f6nme karar\u0131n\u0131 alman\u0131zda ne etkili oldu?23 senesi \u0130sve\u00e7, 5 senesi Finlandiya&#039;da olmak \u00fczere toplam 28 sene yurt d\u0131\u015f\u0131nda\" \/>\n<meta property=\"og:url\" content=\"https:\/\/www.kariyer.net\/kariyer-rehberi\/turk-ezgilerinin-yurtdisinda-taninmasini-saglayan-dunya-capinda-bir-muzisyen-okay-temiz\/\" \/>\n<meta property=\"og:site_name\" content=\"Kariyer Rehberi\" \/>\n<meta property=\"article:published_time\" content=\"2007-11-09T00:00:00+00:00\" \/>\n<meta property=\"article:modified_time\" content=\"2024-07-03T13:02:45+00:00\" \/>\n<meta property=\"og:image\" content=\"http:\/\/web8.kariyer.net\/images\/342_c.jpg\" \/>\n<meta name=\"author\" content=\"Kariyer.net\" \/>\n<meta name=\"twitter:card\" content=\"summary_large_image\" \/>\n<meta name=\"twitter:label1\" content=\"Yazan:\" \/>\n\t<meta name=\"twitter:data1\" content=\"Kariyer.net\" \/>\n\t<meta name=\"twitter:label2\" content=\"Tahmini okuma s\u00fcresi\" \/>\n\t<meta name=\"twitter:data2\" content=\"9 dakika\" \/>\n<!-- \/ Yoast SEO Premium plugin. -->","yoast_head_json":{"title":"T\u00fcrk ezgilerinin yurtd\u0131\u015f\u0131nda tan\u0131nmas\u0131n\u0131 sa\u011flayan d\u00fcnya \u00e7ap\u0131nda bir m\u00fczisyen 'Okay Temiz' | Kariyer Rehberi","description":"28 seneden sonra T\u00fcrkiye'ye d\u00f6nme karar\u0131n\u0131 alman\u0131zda ne etkili oldu?23 senesi \u0130sve\u00e7, 5 senesi Finlandiya'da olmak \u00fczere toplam 28 sene yurt d\u0131\u015f\u0131nda","robots":{"index":"index","follow":"follow","max-snippet":"max-snippet:-1","max-image-preview":"max-image-preview:large","max-video-preview":"max-video-preview:-1"},"canonical":"https:\/\/www.kariyer.net\/kariyer-rehberi\/turk-ezgilerinin-yurtdisinda-taninmasini-saglayan-dunya-capinda-bir-muzisyen-okay-temiz\/","og_locale":"tr_TR","og_type":"article","og_title":"T\u00fcrk ezgilerinin yurtd\u0131\u015f\u0131nda tan\u0131nmas\u0131n\u0131 sa\u011flayan d\u00fcnya \u00e7ap\u0131nda bir m\u00fczisyen 'Okay Temiz'","og_description":"28 seneden sonra T\u00fcrkiye'ye d\u00f6nme karar\u0131n\u0131 alman\u0131zda ne etkili oldu?23 senesi \u0130sve\u00e7, 5 senesi Finlandiya'da olmak \u00fczere toplam 28 sene yurt d\u0131\u015f\u0131nda","og_url":"https:\/\/www.kariyer.net\/kariyer-rehberi\/turk-ezgilerinin-yurtdisinda-taninmasini-saglayan-dunya-capinda-bir-muzisyen-okay-temiz\/","og_site_name":"Kariyer Rehberi","article_published_time":"2007-11-09T00:00:00+00:00","article_modified_time":"2024-07-03T13:02:45+00:00","og_image":[{"url":"http:\/\/web8.kariyer.net\/images\/342_c.jpg","type":"","width":"","height":""}],"author":"Kariyer.net","twitter_card":"summary_large_image","twitter_misc":{"Yazan:":"Kariyer.net","Tahmini okuma s\u00fcresi":"9 dakika"},"schema":{"@context":"https:\/\/schema.org","@graph":[{"@type":"Article","@id":"https:\/\/www.kariyer.net\/kariyer-rehberi\/turk-ezgilerinin-yurtdisinda-taninmasini-saglayan-dunya-capinda-bir-muzisyen-okay-temiz\/#article","isPartOf":{"@id":"https:\/\/www.kariyer.net\/kariyer-rehberi\/turk-ezgilerinin-yurtdisinda-taninmasini-saglayan-dunya-capinda-bir-muzisyen-okay-temiz\/"},"author":{"name":"Kariyer.net","@id":"https:\/\/www.kariyer.net\/kariyer-rehberi\/#\/schema\/person\/eb36201afd42c03bc83b82060447b2c9"},"headline":"T\u00fcrk ezgilerinin yurtd\u0131\u015f\u0131nda tan\u0131nmas\u0131n\u0131 sa\u011flayan d\u00fcnya \u00e7ap\u0131nda bir m\u00fczisyen &#8216;Okay Temiz&#8217;","datePublished":"2007-11-09T00:00:00+00:00","dateModified":"2024-07-03T13:02:45+00:00","mainEntityOfPage":{"@id":"https:\/\/www.kariyer.net\/kariyer-rehberi\/turk-ezgilerinin-yurtdisinda-taninmasini-saglayan-dunya-capinda-bir-muzisyen-okay-temiz\/"},"wordCount":1828,"commentCount":0,"publisher":{"@id":"https:\/\/www.kariyer.net\/kariyer-rehberi\/#organization"},"image":{"@id":"https:\/\/www.kariyer.net\/kariyer-rehberi\/turk-ezgilerinin-yurtdisinda-taninmasini-saglayan-dunya-capinda-bir-muzisyen-okay-temiz\/#primaryimage"},"thumbnailUrl":"http:\/\/web8.kariyer.net\/images\/342_c.jpg","articleSection":["Kariyer Geli\u015fimi"],"inLanguage":"tr","potentialAction":[{"@type":"CommentAction","name":"Comment","target":["https:\/\/www.kariyer.net\/kariyer-rehberi\/turk-ezgilerinin-yurtdisinda-taninmasini-saglayan-dunya-capinda-bir-muzisyen-okay-temiz\/#respond"]}]},{"@type":"WebPage","@id":"https:\/\/www.kariyer.net\/kariyer-rehberi\/turk-ezgilerinin-yurtdisinda-taninmasini-saglayan-dunya-capinda-bir-muzisyen-okay-temiz\/","url":"https:\/\/www.kariyer.net\/kariyer-rehberi\/turk-ezgilerinin-yurtdisinda-taninmasini-saglayan-dunya-capinda-bir-muzisyen-okay-temiz\/","name":"T\u00fcrk ezgilerinin yurtd\u0131\u015f\u0131nda tan\u0131nmas\u0131n\u0131 sa\u011flayan d\u00fcnya \u00e7ap\u0131nda bir m\u00fczisyen 'Okay Temiz' | Kariyer Rehberi","isPartOf":{"@id":"https:\/\/www.kariyer.net\/kariyer-rehberi\/#website"},"primaryImageOfPage":{"@id":"https:\/\/www.kariyer.net\/kariyer-rehberi\/turk-ezgilerinin-yurtdisinda-taninmasini-saglayan-dunya-capinda-bir-muzisyen-okay-temiz\/#primaryimage"},"image":{"@id":"https:\/\/www.kariyer.net\/kariyer-rehberi\/turk-ezgilerinin-yurtdisinda-taninmasini-saglayan-dunya-capinda-bir-muzisyen-okay-temiz\/#primaryimage"},"thumbnailUrl":"http:\/\/web8.kariyer.net\/images\/342_c.jpg","datePublished":"2007-11-09T00:00:00+00:00","dateModified":"2024-07-03T13:02:45+00:00","description":"28 seneden sonra T\u00fcrkiye'ye d\u00f6nme karar\u0131n\u0131 alman\u0131zda ne etkili oldu?23 senesi \u0130sve\u00e7, 5 senesi Finlandiya'da olmak \u00fczere toplam 28 sene yurt d\u0131\u015f\u0131nda","breadcrumb":{"@id":"https:\/\/www.kariyer.net\/kariyer-rehberi\/turk-ezgilerinin-yurtdisinda-taninmasini-saglayan-dunya-capinda-bir-muzisyen-okay-temiz\/#breadcrumb"},"inLanguage":"tr","potentialAction":[{"@type":"ReadAction","target":["https:\/\/www.kariyer.net\/kariyer-rehberi\/turk-ezgilerinin-yurtdisinda-taninmasini-saglayan-dunya-capinda-bir-muzisyen-okay-temiz\/"]}]},{"@type":"ImageObject","inLanguage":"tr","@id":"https:\/\/www.kariyer.net\/kariyer-rehberi\/turk-ezgilerinin-yurtdisinda-taninmasini-saglayan-dunya-capinda-bir-muzisyen-okay-temiz\/#primaryimage","url":"http:\/\/web8.kariyer.net\/images\/342_c.jpg","contentUrl":"http:\/\/web8.kariyer.net\/images\/342_c.jpg"},{"@type":"BreadcrumbList","@id":"https:\/\/www.kariyer.net\/kariyer-rehberi\/turk-ezgilerinin-yurtdisinda-taninmasini-saglayan-dunya-capinda-bir-muzisyen-okay-temiz\/#breadcrumb","itemListElement":[{"@type":"ListItem","position":1,"name":"Anasayfa","item":"https:\/\/www.kariyer.net\/kariyer-rehberi\/"},{"@type":"ListItem","position":2,"name":"T\u00fcrk ezgilerinin yurtd\u0131\u015f\u0131nda tan\u0131nmas\u0131n\u0131 sa\u011flayan d\u00fcnya \u00e7ap\u0131nda bir m\u00fczisyen &#8216;Okay Temiz&#8217;"}]},{"@type":"WebSite","@id":"https:\/\/www.kariyer.net\/kariyer-rehberi\/#website","url":"https:\/\/www.kariyer.net\/kariyer-rehberi\/","name":"Kariyer Rehberi","description":"\u0130\u015f D\u00fcnyas\u0131yla \u0130lgili Bilmek \u0130stedi\u011finiz Her \u015eey","publisher":{"@id":"https:\/\/www.kariyer.net\/kariyer-rehberi\/#organization"},"potentialAction":[{"@type":"SearchAction","target":{"@type":"EntryPoint","urlTemplate":"https:\/\/www.kariyer.net\/kariyer-rehberi\/?s={search_term_string}"},"query-input":{"@type":"PropertyValueSpecification","valueRequired":true,"valueName":"search_term_string"}}],"inLanguage":"tr"},{"@type":"Organization","@id":"https:\/\/www.kariyer.net\/kariyer-rehberi\/#organization","name":"Kariyer.net","url":"https:\/\/www.kariyer.net\/kariyer-rehberi\/","logo":{"@type":"ImageObject","inLanguage":"tr","@id":"https:\/\/www.kariyer.net\/kariyer-rehberi\/#\/schema\/logo\/image\/","url":"https:\/\/www.kariyer.net\/kariyer-rehberi-new\/wp-content\/uploads\/2023\/01\/og-image11.jpg","contentUrl":"https:\/\/www.kariyer.net\/kariyer-rehberi-new\/wp-content\/uploads\/2023\/01\/og-image11.jpg","width":800,"height":800,"caption":"Kariyer.net"},"image":{"@id":"https:\/\/www.kariyer.net\/kariyer-rehberi\/#\/schema\/logo\/image\/"}},{"@type":"Person","@id":"https:\/\/www.kariyer.net\/kariyer-rehberi\/#\/schema\/person\/eb36201afd42c03bc83b82060447b2c9","name":"Kariyer.net","image":{"@type":"ImageObject","inLanguage":"tr","@id":"https:\/\/www.kariyer.net\/kariyer-rehberi\/#\/schema\/person\/image\/","url":"https:\/\/secure.gravatar.com\/avatar\/ddce3ac68cb52fb2ae004bcee334e49ccc6361fefd68c5f6f4d2a86630c28b2e?s=96&d=mm&r=g","contentUrl":"https:\/\/secure.gravatar.com\/avatar\/ddce3ac68cb52fb2ae004bcee334e49ccc6361fefd68c5f6f4d2a86630c28b2e?s=96&d=mm&r=g","caption":"Kariyer.net"},"url":"https:\/\/www.kariyer.net\/kariyer-rehberi\/author\/kariyer-net\/"}]}},"_links":{"self":[{"href":"https:\/\/www.kariyer.net\/kariyer-rehberi\/wp-json\/wp\/v2\/posts\/2720","targetHints":{"allow":["GET"]}}],"collection":[{"href":"https:\/\/www.kariyer.net\/kariyer-rehberi\/wp-json\/wp\/v2\/posts"}],"about":[{"href":"https:\/\/www.kariyer.net\/kariyer-rehberi\/wp-json\/wp\/v2\/types\/post"}],"author":[{"embeddable":true,"href":"https:\/\/www.kariyer.net\/kariyer-rehberi\/wp-json\/wp\/v2\/users\/8"}],"replies":[{"embeddable":true,"href":"https:\/\/www.kariyer.net\/kariyer-rehberi\/wp-json\/wp\/v2\/comments?post=2720"}],"version-history":[{"count":1,"href":"https:\/\/www.kariyer.net\/kariyer-rehberi\/wp-json\/wp\/v2\/posts\/2720\/revisions"}],"predecessor-version":[{"id":20388,"href":"https:\/\/www.kariyer.net\/kariyer-rehberi\/wp-json\/wp\/v2\/posts\/2720\/revisions\/20388"}],"wp:attachment":[{"href":"https:\/\/www.kariyer.net\/kariyer-rehberi\/wp-json\/wp\/v2\/media?parent=2720"}],"wp:term":[{"taxonomy":"category","embeddable":true,"href":"https:\/\/www.kariyer.net\/kariyer-rehberi\/wp-json\/wp\/v2\/categories?post=2720"},{"taxonomy":"post_tag","embeddable":true,"href":"https:\/\/www.kariyer.net\/kariyer-rehberi\/wp-json\/wp\/v2\/tags?post=2720"}],"curies":[{"name":"wp","href":"https:\/\/api.w.org\/{rel}","templated":true}]}}