{"id":2722,"date":"2007-11-09T02:00:00","date_gmt":"2007-11-09T00:00:00","guid":{"rendered":"http:\/\/92.45.35.169\/turkiyenin-tek-profesyonel-vahsi-doga-fotografcisi-suha-derbent\/"},"modified":"2024-07-03T16:02:46","modified_gmt":"2024-07-03T13:02:46","slug":"turkiyenin-tek-profesyonel-vahsi-doga-fotografcisi-suha-derbent","status":"publish","type":"post","link":"https:\/\/www.kariyer.net\/kariyer-rehberi\/turkiyenin-tek-profesyonel-vahsi-doga-fotografcisi-suha-derbent\/","title":{"rendered":"T\u00fcrkiye&#8217;nin tek profesyonel vah\u015fi do\u011fa foto\u011fraf\u00e7\u0131s\u0131 &#8216;S\u00fcha Derbent&#8217;"},"content":{"rendered":"<p><span style=\"font-size: 11px; font-family: Verdana, Arial, Helvetica, sans-serif\"><\/p>\n<p><img decoding=\"async\" height=\"189\" alt=\"\" hspace=\"10\" width=\"160\" align=\"left\" vspace=\"10\" src=\"\/UploadFiles\/tempPhoto\/kariyerRehberi\/image\/mak346_2.jpg\" \/>T\u00fcrkiye&#8217;nin tek profesyonel vah\u015fi do\u011fa foto\u011fraf\u00e7\u0131s\u0131 <font color=\"#990000\">S\u00fcha Derbent<\/font>, literat\u00fcrdeki 7 b\u00fcy\u00fck kediden d\u00f6rd\u00fcn\u00fc foto\u011fraflam\u0131\u015f. S\u0131rada puma, jaguar ve kar leopar\u0131 var&#8230; <\/p>\n<p>Gezi ve portre \u00e7al\u0131\u015fmalarla foto\u011fraf\u00e7\u0131l\u0131\u011fa ba\u015flayan S\u00fcha Derbent, T\u00fcrkiye&#8217;nin tek profesyonel vah\u015fi do\u011fa foto\u011fraf\u00e7\u0131s\u0131. Hayvan davran\u0131\u015flar\u0131yla ilgili e\u011fitim alan Derbent, vah\u015fi do\u011fadan \u00e7ok \u015fey \u00f6\u011frendi\u011fini s\u00f6yl\u00fcyor. Bu \u00f6\u011frendiklerini de T\u00fcrkiye&#8217;nin \u00f6nde gelen \u015firketlerine verdi\u011fi e\u011fitimlerde \u00e7al\u0131\u015fanlarla payla\u015f\u0131yor. &ldquo;Bir i\u015fi m\u00fckemmel yapmak istiyorsan\u0131z bunun i\u00e7inde i\u015fbirli\u011fi, g\u00fc\u00e7, etik gibi bir s\u00fcr\u00fc de\u011fer var. Bunlar\u0131n hepsinin \u00f6rne\u011fi de vah\u015fi ya\u015famda bulunuyor. Her \u015feyi hayvan davran\u0131\u015flar\u0131 ve do\u011fada ya\u015fam \u00fczerinden anlatmak m\u00fcmk\u00fcn&rdquo; diyen S\u00fcha Derbent, i\u015finin tamamen risk y\u00f6netimine dayand\u0131\u011f\u0131n\u0131 s\u00f6yl\u00fcyor.<\/p>\n<p><strong>Vah\u015fi do\u011fa foto\u011fraflar\u0131ndan \u00f6nce ne t\u00fcr foto\u011frafla u\u011fra\u015f\u0131yordunuz?<\/strong><br \/>Cumhuriyet Gazetesi, Atlas ve Marie Claire dergilerinde \u00e7al\u0131\u015ft\u0131m. Bu s\u00fcre i\u00e7erisinde gezi foto\u011fraflar\u0131yla ilgileniyordum. Daha sonra vah\u015fi do\u011fa foto\u011fraflar\u0131 \u00e7ekmeye ba\u015flad\u0131m. <\/p>\n<p><strong>E\u011fitiminiz nedir?<\/strong> <br \/>Akademik bir e\u011fitimim yok. 20&#8217;li ya\u015flar\u0131mda foto\u011fraf\u00e7\u0131l\u0131\u011fa ba\u015flad\u0131m. Hemen arkas\u0131ndan gezi foto\u011fraf\u00e7\u0131l\u0131\u011f\u0131 yapt\u0131m. Ben kariyerimi da\u011fda bay\u0131rda yapt\u0131m. \u015eehir hayat\u0131 konusunda da kimsenin \u00f6\u011frenemeyece\u011fi \u015feyleri do\u011fadan ve hayvanlardan \u00f6\u011frendim. Hatta bug\u00fcn bu konuda bir\u00e7ok \u015firkette e\u011fitim veriyorum.<\/p>\n<p><strong>\u015eirketlere verdi\u011finiz e\u011fitimlerde neler anlat\u0131yorsunuz?<\/strong> <br \/>Proje satma a\u015famas\u0131nda yapt\u0131\u011f\u0131m \u015fey de bu zaten. Bir firman\u0131n kurumsal kimli\u011fi, marka de\u011ferleri, hedefleri, vizyonu ile ilgili unsurlar\u0131n ne oldu\u011funu tespit ederek, bunlar\u0131 do\u011fadan \u00f6rneklerle anlat\u0131yorum. Bir i\u015fi m\u00fckemmel yapmak istiyorsan\u0131z bunun i\u00e7inde i\u015fbirli\u011fi, g\u00fc\u00e7, etik gibi bir s\u00fcr\u00fc de\u011fer var. Bunlar\u0131n hepsinin \u00f6rne\u011fi vah\u015fi ya\u015famda var. Bu \u00f6rnekler g\u00f6rsel olarak da g\u00fczel \u015feyler ve bunlar\u0131n foto\u011fraf\u0131 da bende var. Her \u015feyi hayvan davran\u0131\u015flar\u0131 ve do\u011fada ya\u015fam \u00fczerinden anlatmak m\u00fcmk\u00fcn. Zaten buna iyi bir \u00f6rnek olarak 2 y\u0131l \u00f6nce Kalder&#8217;in Kalite Kongresi&#8217;nde bir sunum yapt\u0131m. O y\u0131lki konu AB&#8217;ye giden yolda m\u00fckemmellik aray\u0131\u015f\u0131yd\u0131. 8 temel maddesi olan bir metin vard\u0131, ben bunu hayvan davran\u0131\u015flar\u0131 \u00fczerinde anlatt\u0131m. Bu \u015fekilde bir\u00e7ok sunum yap\u0131yorum. \u00c7e\u015fitli \u015firketlerle \u00f6rne\u011fin y\u0131ll\u0131k 30-40 sunum olarak anla\u015f\u0131yoruz ve T\u00fcrkiye&#8217;nin farkl\u0131 \u015fehirlerine giderek sunumlar yap\u0131yorum.<\/p>\n<p><strong>\u015eirketler sizinle nas\u0131l ba\u011flant\u0131ya ge\u00e7iyor?<\/strong><br \/>Konu\u015fmac\u0131 ayarlayan firmalar var. Index \u0130\u00e7erik ve Celebrity Speakers diye iki \u015firketle \u00e7al\u0131\u015f\u0131yorum. Bu \u015firketlerle \u00e7al\u0131\u015fmadan \u00f6nce de sunum yapt\u0131\u011f\u0131m\u0131 bilen bir\u00e7ok \u015firket var, beni davet ediyorlar. Bilim \u0130la\u00e7, Ko\u00e7 Allianz ve D\u0131\u015fbank&#8217;a e\u011fitim veriyorum. <\/p>\n<p><strong>Proje sponsorluklar\u0131n\u0131 nas\u0131l ger\u00e7ekle\u015ftiriyorsunuz?<\/strong><br \/>Firmalara \u015funlar\u0131 anlat\u0131yorum: bu proje hem soyu t\u00fckenen hayvanlar\u0131 korumaya y\u00f6nelik, hem bunun \u00fczerinden bir prestij kazanma hem de firman\u0131n marka de\u011ferini ve vizyonunu bu proje \u00fczerinden anlatma olana\u011f\u0131n\u0131, b\u00fcy\u00fck bir medya geri d\u00f6n\u00fc\u015f\u00fcyle sunuyorum. Daha \u00f6nce halkla ili\u015fkiler yapt\u0131\u011f\u0131m ve medya ili\u015fkilerim de iyi oldu\u011fu i\u00e7in, t\u00fcm projelerime belli bir medya geri d\u00f6n\u00fc\u015f\u00fc al\u0131yorum. Diyelim ki benim projemin ederi 3 kuru\u015fsa ben firmalara 23 kuru\u015f ederinde ilan fiyatlar\u0131yla \u00f6l\u00e7\u00fcmlenebilir ve her ay raporlanabilir bir medya geri d\u00f6n\u00fc\u015f\u00fc sunuyorum. \u00d6zellikle TV yay\u0131nlar\u0131nda t\u00fcm halkla ili\u015fkiler organizasyonlar\u0131n\u0131 ben y\u00fcr\u00fct\u00fcyorum. Bu sayede firmalar, benimle yapt\u0131\u011f\u0131 proje d\u0131\u015f\u0131nda b\u00fct\u00fcn projelerini dile getirme olana\u011f\u0131 buluyor. <\/p>\n<p><strong>BP&#8217;nin destegi ile soyu tehlikede olan hayvanlara dikkat cekmek amac\u0131yla 2003 y\u0131l\u0131nda bir proje ger\u00e7ekle\u015ftirdiniz. Bu bahsetti\u011finiz medya g\u00f6r\u00fcn\u00fcrl\u00fc\u011f\u00fcne iyi bir \u00f6rnek oldu mu?<\/strong> <br \/>Evet, o projede s\u00f6yledi\u011fim \u015feyi tamamen ger\u00e7ekle\u015ftirdik. BP&#8217;nin Halkla \u0130li\u015fkiler M\u00fcd\u00fcr\u00fc Berna K\u00fcrek\u00e7i ayn\u0131 zamanda y\u00f6netim kurulu \u00fcyesidir. Onunla bir\u00e7ok programa kat\u0131ld\u0131k. Sadece benim projemi de\u011fil, BP&#8217;nin yapt\u0131\u011f\u0131 di\u011fer projeleri de anlatma olana\u011f\u0131 bulduk. Firmalardan istedi\u011fim b\u00fct\u00e7enin kat kat \u00fcst\u00fcnde kendilerine medya geri d\u00f6n\u00fc\u015f\u00fc sa\u011flayan projeler bunlar. <\/p>\n<p><strong>Bir projenin b\u00fct\u00e7esi yakla\u015f\u0131k ne kadar?<\/strong> <br \/>Benim yapt\u0131\u011f\u0131m i\u015fin belli bir yolu var. Yery\u00fcz\u00fcnde 37 t\u00fcr kedi var, bunlar\u0131n 7 tanesi literat\u00fcrde b\u00fcy\u00fck kedi diye ge\u00e7iyor. Ben bu 7 kedinin t\u00fcm temel davran\u0131\u015flar\u0131n\u0131 foto\u011fraflamak istiyorum. Bunlar\u0131n hepsini tamamlay\u0131p kitap yapt\u0131\u011f\u0131mda da bunu yapan 6. ki\u015fi olaca\u011f\u0131m d\u00fcnyada. Bu sadece T\u00fcrk medyas\u0131nda de\u011fil d\u00fcnya medyas\u0131nda da haber olacak bir \u00e7al\u0131\u015fma. Kitab\u0131m Y\u00fcz Y\u00fcze de d\u00fcnya medyas\u0131nda geni\u015f yer bulmu\u015ftu. \u015eimdiye kadar bu kedilerden 4&#8217;\u00fcn\u00fc foto\u011fraflad\u0131m. S\u0131rada puma, jaguar ve kar leopar\u0131 foto\u011fraflar\u0131 var. Bu 3 seyahatin hepsini bir arada yapabilece\u011fim gibi tek tek yap\u0131lmas\u0131 da s\u00f6z konusu. Proje bedelleri 50-450 bin euro aras\u0131nda de\u011fi\u015fiyor.&nbsp;<\/p>\n<p><strong>Vah\u015fi do\u011fa size neler \u00f6\u011fretti?<\/strong> <br \/>Ba\u015far\u0131ya ula\u015fmak i\u00e7in i\u015fbirli\u011fi yapman\u0131n gereklili\u011fini ve hatta gerekirse etik kurallar \u00e7er\u00e7evesinde rakiple bile i\u015fbirli\u011fi yap\u0131lmas\u0131 gerekti\u011fini do\u011fadaki hayvanlar\u0131 izleyerek \u00f6\u011frendim. Performans\u0131n ve h\u0131z\u0131n do\u011fru kullan\u0131lmas\u0131 gerekti\u011fini \u00e7italar\u0131 izleyerek \u00f6\u011freniyorum. \u00c7\u00fcnk\u00fc \u00e7italar\u0131n hem savunma hem sald\u0131r\u0131 anlam\u0131nda tek silah\u0131 h\u0131z\u0131d\u0131r. Avlanaca\u011f\u0131 zaman da sald\u0131r\u0131dan korunaca\u011f\u0131 zaman da h\u0131z\u0131n\u0131 en do\u011fru bi\u00e7imde kullan\u0131r. Performans\u0131 \u00e7ok s\u0131n\u0131rl\u0131d\u0131r, en fazla 20 saniye ko\u015fabilir o h\u0131zla. Saniyede 70 km&#8217;ye \u00e7\u0131kabiliyor. Bir konuda herhangi bir strateji geli\u015ftirmek i\u00e7in aslan av\u0131 \u00e7ok e\u011fiticidir. \u00c7ok iyi bir strateji ve ekip \u00e7al\u0131\u015fmas\u0131 gerektirir. Sab\u0131rl\u0131 olmay\u0131 kaplanlar\u0131 izleyerek \u00f6\u011frendim. Nas\u0131l lider olunaca\u011f\u0131 konusunda leopar \u00e7ok iyi bir \u00f6rnektir, vizyon sahibidir. \u00c7ok iyi alg\u0131lama yetene\u011fi vard\u0131r, ula\u015f\u0131lmas\u0131 zordur ama \u00e7ok vizyonerdir. G\u00fcnde pek \u00e7ok kez hayal k\u0131r\u0131kl\u0131\u011f\u0131 ya\u015fay\u0131p tekrar i\u015fe koyulmay\u0131 da kaplan ararken \u00f6\u011frendim. \u00c7\u00fcnk\u00fc kaplan bulmak \u00e7ok zor ve kar\u015f\u0131 tarafla \u00e7ok iyi bir empati kurup onun ne yapaca\u011f\u0131n\u0131 tahmin etmekten ba\u015fka hi\u00e7bir se\u00e7ene\u011finiz yok. Ayr\u0131ca ekonomide belli d\u00f6nemlerde b\u00fcy\u00fck krizler oluyor. Bu krizler belli riskler al\u0131nd\u0131\u011f\u0131 i\u00e7in oluyor.<\/p>\n<p><strong>Sizin yapt\u0131\u011f\u0131n\u0131z i\u015f de bir anlamda risk y\u00f6netimi..<\/strong><br \/>Evet, benim i\u015fim tamamen risk y\u00f6netimiyle ilgili. Soyu tehlikede olan bu canl\u0131lar\u0131 foto\u011fraflarken risk al\u0131yorum. Hayvan davran\u0131\u015f\u0131 konusunda ald\u0131\u011f\u0131m teorik e\u011fitimi do\u011fadaki deneyimlerimle birle\u015ftirerek onlara \u00e7ok yakla\u015f\u0131yorum. Dokunabilecek kadar ama onlar\u0131n do\u011fas\u0131nda dokunmak yok. Bu hayvanlar\u0131n hepsine en uzak 10-15 metreden foto\u011fraf \u00e7ekiyorum. Bir leopar av\u0131n\u0131 yerken a\u011fac\u0131n alt\u0131nda durup onu foto\u011fraflayabiliyorum.<\/p>\n<p><strong>Hi\u00e7 hayvanlar taraf\u0131ndan sald\u0131r\u0131ya u\u011frad\u0131\u011f\u0131n\u0131z oldu mu?<\/strong><br \/>Bug\u00fcne kadar hi\u00e7bir hayvandan bir sald\u0131r\u0131ya u\u011framad\u0131m. T\u00fcrkiye&#8217;de bir\u00e7ok insan i\u015fine giderken \u00f6rne\u011fin \u0130stanbul trafi\u011finde, benim Afrika&#8217;da vah\u015fi do\u011fada bu canl\u0131lara yakla\u015f\u0131rken ald\u0131\u011f\u0131m riskten \u00e7ok daha fazla risk al\u0131yor. Hi\u00e7bir hayvan \u015fimdiye kadar bana sald\u0131rmad\u0131. Bunun en temel nedenlerinden biri ona ne kadar mesafede duraca\u011f\u0131m\u0131 iyi bilmem. Hayvan davran\u0131\u015f\u0131 b\u00f6lgeden b\u00f6lgeye de\u011fi\u015fiyor. Burada onlar\u0131 anlaman\u0131n, empati kurman\u0131n \u00f6nemi \u00e7\u0131k\u0131yor ortaya. Onun belirledi\u011fi mesafeyi hi\u00e7bir zaman zorlamad\u0131m. \u00d6rne\u011fin bir leopar \u00e7ekece\u011fim. \u00d6nce 15 metrede foto\u011fraf \u00e7ekerim, sonra bunu 12 metreye indiririm. Tekrar birka\u00e7 poz \u00e7ekerim, mesafeyi 8 metreye indirdi\u011fimde benden ka\u00e7\u0131p ba\u015fka bir yere gidiyorsa, onun koydu\u011fu mesafe odur ve onu hi\u00e7bir nedenle zorlamamak gerekir.<\/p>\n<p><strong>Hayvan davran\u0131\u015flar\u0131yla ilgili ald\u0131\u011f\u0131n\u0131z e\u011fitimlerde neler \u00f6\u011frendiniz?<\/strong><br \/>Ald\u0131\u011f\u0131m e\u011fitimler sayesinde hayvanlar\u0131n ne yapaca\u011f\u0131n\u0131 tahmin edebiliyorum. Bir aslan\u0131n 10 dakika i\u00e7inde aya\u011fa kalkaca\u011f\u0131n\u0131 s\u00f6yleyebilirim. Aya\u011fa kalkt\u0131\u011f\u0131 zaman, di\u011fer davran\u0131\u015flar\u0131n\u0131 \u00e7evredeki olaylarla birle\u015ftirerek neden kalkt\u0131\u011f\u0131n\u0131 s\u00f6yleyebilirim. Avlanmaya m\u0131 kalkt\u0131, su i\u00e7meye mi gidecek, ba\u015fka bir hayvanla m\u0131 ileti\u015fim kuracak&#8230;<\/p>\n<p><strong>Hayvan ve insan davran\u0131\u015flar\u0131 birbirine benziyor mu?<\/strong><br \/>Hay\u0131r benzemiyor. B\u00f6yle bir kitap yazma haz\u0131rl\u0131\u011f\u0131nday\u0131m zaten. \u0130nsano\u011flu kalkm\u0131\u015f hayvan davran\u0131\u015flar\u0131n\u0131 yazm\u0131\u015f. Ben bunu haks\u0131zl\u0131k olarak g\u00f6r\u00fcyorum. Ben hayvan davran\u0131\u015f\u0131n\u0131 \u00e7ok iyi bilen biriyim. Ben de hayvanlar\u0131n a\u011fz\u0131ndan insan davran\u0131\u015flar\u0131n\u0131 yazaca\u011f\u0131m \u00e7\u00fcnk\u00fc insanlar \u00e7ok komik. Orman\u0131 kesmeyelim yakmayal\u0131m deyip yakan onlar. Kitapta vah\u015fi kedilerin a\u011fz\u0131ndan bir insan ele\u015ftirisi yapaca\u011f\u0131m. <\/p>\n<p><strong>T\u00fcrkiye&#8217;de vah\u015fi do\u011fa foto\u011fraflama \u015fans\u0131n\u0131z oldu mu?<\/strong> <br \/>Ben daha \u00f6nce bas\u0131nda \u00e7al\u0131\u015f\u0131rken ku\u015f, ay\u0131 falan foto\u011fraflad\u0131m. Ama kendi alan\u0131m\u0131 se\u00e7ince T\u00fcrkiye benim \u00e7al\u0131\u015ft\u0131\u011f\u0131m yerlerin tamamen d\u0131\u015f\u0131nda kald\u0131. T\u00fcrkiye&#8217;de zaman zaman \u00f6ne s\u00fcr\u00fclen Anadolu leopar\u0131 konusu var. Ben bu konuda bir\u00e7ok e-mail al\u0131yorum. Nas\u0131l yapal\u0131m da <br \/>bulal\u0131m, gelin siz de destek olun diye. Hepsine verdi\u011fim ortak bir cevab\u0131m var: &ldquo;Ben oldu\u011funu zannetmiyorum. Dilerim vard\u0131r ve dilerim hi\u00e7 kimse bulamaz. Varsa da bulan ki\u015fi de ben olmayaca\u011f\u0131m.&rdquo; \u00c7\u00fcnk\u00fc varsa ve bulunursa bu \u00fclkede korunmaz, hemen \u00f6ld\u00fcr\u00fcl\u00fcr. Birinin bulmas\u0131n\u0131 istemiyorum, kendim bulmay\u0131 hi\u00e7 istemiyorum, hi\u00e7 de ilgilenmiyorum. T\u00fcrkiye&#8217;de bu hayvan\u0131n varl\u0131\u011f\u0131yla ilgili \u00e7\u0131kan gazete haberlerinin yurt d\u0131\u015f\u0131nda bu hayvan\u0131n varl\u0131\u011f\u0131n\u0131 destekleyen do\u011fa koruma vak\u0131flar\u0131ndan al\u0131nacak fonlar nedeniyle \u00e7\u0131kar\u0131ld\u0131\u011f\u0131n\u0131 d\u00fc\u015f\u00fcn\u00fcyorum.&nbsp;<\/p>\n<p><strong>Teknik ekipman olarak ne kullan\u0131yorsunuz?<\/strong> <br \/>Benim a\u015fa\u011f\u0131 yukar\u0131 de\u011feri 100 bin dolar eden malzemem var. Bunlar\u0131 y\u0131llarca kendim sat\u0131n ald\u0131m ama art\u0131k Canon&#8217;un T\u00fcrkiye temsilcisi Erkayalar benim sponsorum. Y\u0131llard\u0131r analog makine kulland\u0131m, Canon EOS 1 B&#8217;lerim vard\u0131. 600 mm gibi tele lenslerim var. Bu y\u0131l ben de ilk kez dijital kameraya ge\u00e7iyorum. Canon&#8217;un EOS1 DS Mark II diye bir makinesi var. Dijital makinelerde bana g\u00f6re \u015f\u00f6yle bir eksiklik var: hepsinin \u00e7arpan\u0131 var, yani full frame \u00e7ekmiyorlar. Bu full frame \u00e7eken, 50 ASA filmle kar\u015f\u0131la\u015ft\u0131r\u0131labilen tek makine. 600 mm, 70-200 mm, 16-35 mm gibi lenslerim de var. Bug\u00fcne kadar Fuji Velvia film kullan\u0131yordum ama art\u0131k dijitalle filme gerek kalmayacak.<\/p>\n<p>&nbsp;<\/p>\n<p><\/span><\/p>\n<!-- templates\/buttons-placeholder.php -->\n<div class=\"da-reactions-outer TpostID2722\">\n\t    <div class=\"da-reactions-data da-reactions-container-async center\"\n         data-type=\"post\"\n         data-id=\"2722\"\n         id=\"da-reactions-slot-post-2722\">\n        <div class=\"da-reactions-static\">\n\t\t\t<img src=\"https:\/\/www.kariyer.net\/kariyer-rehberi\/wp-content\/plugins\/da-reactions\/assets\/dist\/loading.svg\" alt=\"Loading spinner\" width=\"48\" height=\"48\" style=\"width:48px\" \/>\n        <\/div>\n    <\/div>\n<\/div>\n","protected":false},"excerpt":{"rendered":"<p>T\u00fcrkiye&#8217;nin tek profesyonel vah\u015fi do\u011fa foto\u011fraf\u00e7\u0131s\u0131 S\u00fcha Derbent, literat\u00fcrdeki 7 b\u00fcy\u00fck kediden d\u00f6rd\u00fcn\u00fc foto\u011fraflam\u0131\u015f. S\u0131rada puma, jaguar ve kar leopar\u0131 var&#8230; Gezi ve portre \u00e7al\u0131\u015fmalarla foto\u011fraf\u00e7\u0131l\u0131\u011fa ba\u015flayan S\u00fcha Derbent, T\u00fcrkiye&#8217;nin tek profesyonel vah\u015fi do\u011fa foto\u011fraf\u00e7\u0131s\u0131. Hayvan davran\u0131\u015flar\u0131yla ilgili e\u011fitim alan Derbent, vah\u015fi do\u011fadan \u00e7ok \u015fey \u00f6\u011frendi\u011fini s\u00f6yl\u00fcyor. Bu \u00f6\u011frendiklerini de T\u00fcrkiye&#8217;nin \u00f6nde gelen \u015firketlerine verdi\u011fi [&hellip;]<\/p>\n<!-- templates\/buttons-placeholder.php -->\n<div class=\"da-reactions-outer TpostID2722\">\n\t    <div class=\"da-reactions-data da-reactions-container-async center\"\n         data-type=\"post\"\n         data-id=\"2722\"\n         id=\"da-reactions-slot-post-2722\">\n        <div class=\"da-reactions-static\">\n\t\t\t<img src=\"https:\/\/www.kariyer.net\/kariyer-rehberi\/wp-content\/plugins\/da-reactions\/assets\/dist\/loading.svg\" alt=\"Loading spinner\" width=\"48\" height=\"48\" style=\"width:48px\" \/>\n        <\/div>\n    <\/div>\n<\/div>\n","protected":false},"author":8,"featured_media":0,"comment_status":"open","ping_status":"open","sticky":false,"template":"","format":"standard","meta":{"footnotes":"","_elementor_edit_mode":"","_elementor_template_type":"","_elementor_data":"","_elementor_page_settings":null,"_elementor_conditions":[]},"categories":[2211],"tags":[],"class_list":{"0":"post-2722","1":"post","2":"type-post","3":"status-publish","4":"format-standard","6":"category-kariyer-gelisimi"},"yoast_head":"<!-- This site is optimized with the Yoast SEO Premium plugin v21.4 (Yoast SEO v27.0) - https:\/\/yoast.com\/product\/yoast-seo-premium-wordpress\/ -->\n<title>T\u00fcrkiye&#039;nin tek profesyonel vah\u015fi do\u011fa foto\u011fraf\u00e7\u0131s\u0131 &#039;S\u00fcha Derbent&#039; | Kariyer Rehberi<\/title>\n<meta name=\"description\" content=\"T\u00fcrkiye&#039;nin tek profesyonel vah\u015fi do\u011fa foto\u011fraf\u00e7\u0131s\u0131 S\u00fcha Derbent, literat\u00fcrdeki 7 b\u00fcy\u00fck kediden d\u00f6rd\u00fcn\u00fc foto\u011fraflam\u0131\u015f. S\u0131rada puma, jaguar ve kar leopar\u0131\" \/>\n<meta name=\"robots\" content=\"index, follow, max-snippet:-1, max-image-preview:large, max-video-preview:-1\" \/>\n<link rel=\"canonical\" href=\"https:\/\/www.kariyer.net\/kariyer-rehberi\/turkiyenin-tek-profesyonel-vahsi-doga-fotografcisi-suha-derbent\/\" \/>\n<meta property=\"og:locale\" content=\"tr_TR\" \/>\n<meta property=\"og:type\" content=\"article\" \/>\n<meta property=\"og:title\" content=\"T\u00fcrkiye&#039;nin tek profesyonel vah\u015fi do\u011fa foto\u011fraf\u00e7\u0131s\u0131 &#039;S\u00fcha Derbent&#039;\" \/>\n<meta property=\"og:description\" content=\"T\u00fcrkiye&#039;nin tek profesyonel vah\u015fi do\u011fa foto\u011fraf\u00e7\u0131s\u0131 S\u00fcha Derbent, literat\u00fcrdeki 7 b\u00fcy\u00fck kediden d\u00f6rd\u00fcn\u00fc foto\u011fraflam\u0131\u015f. S\u0131rada puma, jaguar ve kar leopar\u0131\" \/>\n<meta property=\"og:url\" content=\"https:\/\/www.kariyer.net\/kariyer-rehberi\/turkiyenin-tek-profesyonel-vahsi-doga-fotografcisi-suha-derbent\/\" \/>\n<meta property=\"og:site_name\" content=\"Kariyer Rehberi\" \/>\n<meta property=\"article:published_time\" content=\"2007-11-09T00:00:00+00:00\" \/>\n<meta property=\"article:modified_time\" content=\"2024-07-03T13:02:46+00:00\" \/>\n<meta name=\"author\" content=\"Kariyer.net\" \/>\n<meta name=\"twitter:card\" content=\"summary_large_image\" \/>\n<meta name=\"twitter:label1\" content=\"Yazan:\" \/>\n\t<meta name=\"twitter:data1\" content=\"Kariyer.net\" \/>\n\t<meta name=\"twitter:label2\" content=\"Tahmini okuma s\u00fcresi\" \/>\n\t<meta name=\"twitter:data2\" content=\"9 dakika\" \/>\n<!-- \/ Yoast SEO Premium plugin. -->","yoast_head_json":{"title":"T\u00fcrkiye'nin tek profesyonel vah\u015fi do\u011fa foto\u011fraf\u00e7\u0131s\u0131 'S\u00fcha Derbent' | Kariyer Rehberi","description":"T\u00fcrkiye'nin tek profesyonel vah\u015fi do\u011fa foto\u011fraf\u00e7\u0131s\u0131 S\u00fcha Derbent, literat\u00fcrdeki 7 b\u00fcy\u00fck kediden d\u00f6rd\u00fcn\u00fc foto\u011fraflam\u0131\u015f. S\u0131rada puma, jaguar ve kar leopar\u0131","robots":{"index":"index","follow":"follow","max-snippet":"max-snippet:-1","max-image-preview":"max-image-preview:large","max-video-preview":"max-video-preview:-1"},"canonical":"https:\/\/www.kariyer.net\/kariyer-rehberi\/turkiyenin-tek-profesyonel-vahsi-doga-fotografcisi-suha-derbent\/","og_locale":"tr_TR","og_type":"article","og_title":"T\u00fcrkiye'nin tek profesyonel vah\u015fi do\u011fa foto\u011fraf\u00e7\u0131s\u0131 'S\u00fcha Derbent'","og_description":"T\u00fcrkiye'nin tek profesyonel vah\u015fi do\u011fa foto\u011fraf\u00e7\u0131s\u0131 S\u00fcha Derbent, literat\u00fcrdeki 7 b\u00fcy\u00fck kediden d\u00f6rd\u00fcn\u00fc foto\u011fraflam\u0131\u015f. S\u0131rada puma, jaguar ve kar leopar\u0131","og_url":"https:\/\/www.kariyer.net\/kariyer-rehberi\/turkiyenin-tek-profesyonel-vahsi-doga-fotografcisi-suha-derbent\/","og_site_name":"Kariyer Rehberi","article_published_time":"2007-11-09T00:00:00+00:00","article_modified_time":"2024-07-03T13:02:46+00:00","author":"Kariyer.net","twitter_card":"summary_large_image","twitter_misc":{"Yazan:":"Kariyer.net","Tahmini okuma s\u00fcresi":"9 dakika"},"schema":{"@context":"https:\/\/schema.org","@graph":[{"@type":"Article","@id":"https:\/\/www.kariyer.net\/kariyer-rehberi\/turkiyenin-tek-profesyonel-vahsi-doga-fotografcisi-suha-derbent\/#article","isPartOf":{"@id":"https:\/\/www.kariyer.net\/kariyer-rehberi\/turkiyenin-tek-profesyonel-vahsi-doga-fotografcisi-suha-derbent\/"},"author":{"name":"Kariyer.net","@id":"https:\/\/www.kariyer.net\/kariyer-rehberi\/#\/schema\/person\/eb36201afd42c03bc83b82060447b2c9"},"headline":"T\u00fcrkiye&#8217;nin tek profesyonel vah\u015fi do\u011fa foto\u011fraf\u00e7\u0131s\u0131 &#8216;S\u00fcha Derbent&#8217;","datePublished":"2007-11-09T00:00:00+00:00","dateModified":"2024-07-03T13:02:46+00:00","mainEntityOfPage":{"@id":"https:\/\/www.kariyer.net\/kariyer-rehberi\/turkiyenin-tek-profesyonel-vahsi-doga-fotografcisi-suha-derbent\/"},"wordCount":1831,"commentCount":0,"publisher":{"@id":"https:\/\/www.kariyer.net\/kariyer-rehberi\/#organization"},"articleSection":["Kariyer Geli\u015fimi"],"inLanguage":"tr","potentialAction":[{"@type":"CommentAction","name":"Comment","target":["https:\/\/www.kariyer.net\/kariyer-rehberi\/turkiyenin-tek-profesyonel-vahsi-doga-fotografcisi-suha-derbent\/#respond"]}]},{"@type":"WebPage","@id":"https:\/\/www.kariyer.net\/kariyer-rehberi\/turkiyenin-tek-profesyonel-vahsi-doga-fotografcisi-suha-derbent\/","url":"https:\/\/www.kariyer.net\/kariyer-rehberi\/turkiyenin-tek-profesyonel-vahsi-doga-fotografcisi-suha-derbent\/","name":"T\u00fcrkiye'nin tek profesyonel vah\u015fi do\u011fa foto\u011fraf\u00e7\u0131s\u0131 'S\u00fcha Derbent' | Kariyer Rehberi","isPartOf":{"@id":"https:\/\/www.kariyer.net\/kariyer-rehberi\/#website"},"datePublished":"2007-11-09T00:00:00+00:00","dateModified":"2024-07-03T13:02:46+00:00","description":"T\u00fcrkiye'nin tek profesyonel vah\u015fi do\u011fa foto\u011fraf\u00e7\u0131s\u0131 S\u00fcha Derbent, literat\u00fcrdeki 7 b\u00fcy\u00fck kediden d\u00f6rd\u00fcn\u00fc foto\u011fraflam\u0131\u015f. S\u0131rada puma, jaguar ve kar leopar\u0131","breadcrumb":{"@id":"https:\/\/www.kariyer.net\/kariyer-rehberi\/turkiyenin-tek-profesyonel-vahsi-doga-fotografcisi-suha-derbent\/#breadcrumb"},"inLanguage":"tr","potentialAction":[{"@type":"ReadAction","target":["https:\/\/www.kariyer.net\/kariyer-rehberi\/turkiyenin-tek-profesyonel-vahsi-doga-fotografcisi-suha-derbent\/"]}]},{"@type":"BreadcrumbList","@id":"https:\/\/www.kariyer.net\/kariyer-rehberi\/turkiyenin-tek-profesyonel-vahsi-doga-fotografcisi-suha-derbent\/#breadcrumb","itemListElement":[{"@type":"ListItem","position":1,"name":"Anasayfa","item":"https:\/\/www.kariyer.net\/kariyer-rehberi\/"},{"@type":"ListItem","position":2,"name":"T\u00fcrkiye&#8217;nin tek profesyonel vah\u015fi do\u011fa foto\u011fraf\u00e7\u0131s\u0131 &#8216;S\u00fcha Derbent&#8217;"}]},{"@type":"WebSite","@id":"https:\/\/www.kariyer.net\/kariyer-rehberi\/#website","url":"https:\/\/www.kariyer.net\/kariyer-rehberi\/","name":"Kariyer Rehberi","description":"\u0130\u015f D\u00fcnyas\u0131yla \u0130lgili Bilmek \u0130stedi\u011finiz Her \u015eey","publisher":{"@id":"https:\/\/www.kariyer.net\/kariyer-rehberi\/#organization"},"potentialAction":[{"@type":"SearchAction","target":{"@type":"EntryPoint","urlTemplate":"https:\/\/www.kariyer.net\/kariyer-rehberi\/?s={search_term_string}"},"query-input":{"@type":"PropertyValueSpecification","valueRequired":true,"valueName":"search_term_string"}}],"inLanguage":"tr"},{"@type":"Organization","@id":"https:\/\/www.kariyer.net\/kariyer-rehberi\/#organization","name":"Kariyer.net","url":"https:\/\/www.kariyer.net\/kariyer-rehberi\/","logo":{"@type":"ImageObject","inLanguage":"tr","@id":"https:\/\/www.kariyer.net\/kariyer-rehberi\/#\/schema\/logo\/image\/","url":"https:\/\/www.kariyer.net\/kariyer-rehberi-new\/wp-content\/uploads\/2023\/01\/og-image11.jpg","contentUrl":"https:\/\/www.kariyer.net\/kariyer-rehberi-new\/wp-content\/uploads\/2023\/01\/og-image11.jpg","width":800,"height":800,"caption":"Kariyer.net"},"image":{"@id":"https:\/\/www.kariyer.net\/kariyer-rehberi\/#\/schema\/logo\/image\/"}},{"@type":"Person","@id":"https:\/\/www.kariyer.net\/kariyer-rehberi\/#\/schema\/person\/eb36201afd42c03bc83b82060447b2c9","name":"Kariyer.net","image":{"@type":"ImageObject","inLanguage":"tr","@id":"https:\/\/www.kariyer.net\/kariyer-rehberi\/#\/schema\/person\/image\/","url":"https:\/\/secure.gravatar.com\/avatar\/ddce3ac68cb52fb2ae004bcee334e49ccc6361fefd68c5f6f4d2a86630c28b2e?s=96&d=mm&r=g","contentUrl":"https:\/\/secure.gravatar.com\/avatar\/ddce3ac68cb52fb2ae004bcee334e49ccc6361fefd68c5f6f4d2a86630c28b2e?s=96&d=mm&r=g","caption":"Kariyer.net"},"url":"https:\/\/www.kariyer.net\/kariyer-rehberi\/author\/kariyer-net\/"}]}},"_links":{"self":[{"href":"https:\/\/www.kariyer.net\/kariyer-rehberi\/wp-json\/wp\/v2\/posts\/2722","targetHints":{"allow":["GET"]}}],"collection":[{"href":"https:\/\/www.kariyer.net\/kariyer-rehberi\/wp-json\/wp\/v2\/posts"}],"about":[{"href":"https:\/\/www.kariyer.net\/kariyer-rehberi\/wp-json\/wp\/v2\/types\/post"}],"author":[{"embeddable":true,"href":"https:\/\/www.kariyer.net\/kariyer-rehberi\/wp-json\/wp\/v2\/users\/8"}],"replies":[{"embeddable":true,"href":"https:\/\/www.kariyer.net\/kariyer-rehberi\/wp-json\/wp\/v2\/comments?post=2722"}],"version-history":[{"count":1,"href":"https:\/\/www.kariyer.net\/kariyer-rehberi\/wp-json\/wp\/v2\/posts\/2722\/revisions"}],"predecessor-version":[{"id":20389,"href":"https:\/\/www.kariyer.net\/kariyer-rehberi\/wp-json\/wp\/v2\/posts\/2722\/revisions\/20389"}],"wp:attachment":[{"href":"https:\/\/www.kariyer.net\/kariyer-rehberi\/wp-json\/wp\/v2\/media?parent=2722"}],"wp:term":[{"taxonomy":"category","embeddable":true,"href":"https:\/\/www.kariyer.net\/kariyer-rehberi\/wp-json\/wp\/v2\/categories?post=2722"},{"taxonomy":"post_tag","embeddable":true,"href":"https:\/\/www.kariyer.net\/kariyer-rehberi\/wp-json\/wp\/v2\/tags?post=2722"}],"curies":[{"name":"wp","href":"https:\/\/api.w.org\/{rel}","templated":true}]}}