{"id":2733,"date":"2007-11-09T02:00:00","date_gmt":"2007-11-09T00:00:00","guid":{"rendered":"http:\/\/92.45.35.169\/taki-tasarimcisi-liza-ozgul\/"},"modified":"2024-07-03T16:02:18","modified_gmt":"2024-07-03T13:02:18","slug":"taki-tasarimcisi-liza-ozgul","status":"publish","type":"post","link":"https:\/\/www.kariyer.net\/kariyer-rehberi\/taki-tasarimcisi-liza-ozgul\/","title":{"rendered":"Tak\u0131 Tasar\u0131mc\u0131s\u0131 &#8216;Liza \u00d6zg\u00fcl&#8217;"},"content":{"rendered":"<p><span style=\"font-size: 11px; font-family: Verdana,Arial,Helvetica,sans-serif;\"><\/p>\n<p align=\"justify\"><img decoding=\"async\" width=\"160\" vspace=\"10\" hspace=\"10\" height=\"210\" align=\"left\" src=\"http:\/\/web4.kariyer.net\/UploadFiles\/tempPhoto\/kariyerRehberi\/image\/mak361b.jpg\" alt=\"\" \/>Tak\u0131 ve m\u00fccevherlere kar\u015f\u0131 ilgisini mesle\u011fe d\u00f6n\u00fc\u015ft\u00fcren Liza \u00d6zg\u00fcl, yedi y\u0131ld\u0131r profesyonel olarak tak\u0131 tasar\u0131m\u0131yla u\u011fra\u015f\u0131yor. \u00d6zg\u00fcl&#8217;\u00fcn tasarlad\u0131\u011f\u0131 tak\u0131lar\u0131n bir e\u015fi daha bulunmuyor.<\/p>\n<p align=\"justify\">Tak\u0131 al\u0131\u015fveri\u015fi yapmaktan her zaman ho\u015fland\u0131\u011f\u0131n\u0131 s\u00f6yleyen Liza \u00d6zg\u00fcl, bu ilgisini i\u015fe d\u00f6n\u00fc\u015ft\u00fcrenlerden&#8230; Yakla\u015f\u0131k yedi y\u0131ld\u0131r tak\u0131 tasarlayan \u00d6zg\u00fcl, sipari\u015f \u00fczerine m\u00fc\u015fterilerinin zevkine g\u00f6re tak\u0131lar\u0131n\u0131 tasarlay\u0131p \u00fcretimden sat\u0131\u015fa kadar t\u00fcm s\u00fcre\u00e7le ilgileniyor. Kuyumculu\u011fun kad\u0131n i\u015fi oldu\u011funu s\u00f6yleyen Liza \u00d6zg\u00fcl, &ldquo;Kad\u0131n zevki ba\u015fka oluyor&rdquo; diyor. <\/p>\n<p><strong>Tak\u0131 tasar\u0131mc\u0131l\u0131\u011f\u0131na olan ilginizi ne zaman i\u015f haline d\u00f6n\u00fc\u015ft\u00fcrd\u00fcn\u00fcz?<\/strong><br \/>Benim tak\u0131ya merak\u0131m her zaman vard\u0131. Tak\u0131 al\u0131\u015fveri\u015fi yapmaktan \u00e7ok ho\u015flan\u0131rd\u0131m. Bir \u015fey ald\u0131\u011f\u0131m zaman \u00fcst\u00fcnde mutlaka de\u011fi\u015fiklikler yapt\u0131r\u0131yordum. Arkada\u015flar\u0131m da \u00e7ok be\u011feniyordu, benim bu merak\u0131m\u0131 i\u015f haline getirmemi \u00f6nerdiler. B\u00f6ylece tak\u0131 tasar\u0131mc\u0131l\u0131\u011f\u0131 fikri do\u011fdu. Tak\u0131 tasar\u0131m\u0131 ve m\u00fccevherlere kar\u015f\u0131 ilgili oldu\u011fum i\u00e7in bunun imalat\u0131n\u0131 da yapabilirim dedim. Bundan yedi sene evvel bir ma\u011faza a\u00e7t\u0131m. Bu ma\u011fazada imalat ve sat\u0131\u015f yap\u0131yordum fakat ma\u011faza \u00e7ok yorucuydu. Ma\u011fazac\u0131l\u0131kta her dakika ma\u011fazan\u0131n ba\u015f\u0131nda olmas\u0131 gerekiyor.Bu elemana b\u0131rak\u0131lacak bir i\u015f de de\u011fil. \u015eimdi kendi ofisim oldu\u011fu i\u00e7in daha rahat hareket edebiliyorum. Yakla\u015f\u0131k 4 sene ma\u011fazac\u0131l\u0131k yapt\u0131ktan sonra kendime bir ofis a\u00e7maya karar verdim. E\u015fim, dostum, \u00e7evrem, onlar\u0131n tavsiye etti\u011fi insanlarla kendime bir \u00e7evre edindim. \u00dc\u00e7 senedir bu ofiste sipari\u015f \u00fczerine tak\u0131 tasar\u0131mc\u0131l\u0131\u011f\u0131na devam ediyorum.<\/p>\n<p align=\"justify\"><strong>\u00dcretti\u011finiz tak\u0131lar\u0131n ba\u015fka e\u015fi var m\u0131?<\/strong><br \/>Hay\u0131r bir modelden sadece bir tane \u00fcretiyorum. Bazen ba\u015fkas\u0131n\u0131 g\u00f6r\u00fcp be\u011fenip ayn\u0131s\u0131n\u0131 istiyorlar ama kesinlikle yapm\u0131yorum. M\u00fc\u015fterilerimin en \u00e7ok be\u011fendi\u011fi nokta da bu zaten.<\/p>\n<p align=\"justify\"><strong>Tak\u0131lar\u0131 neye g\u00f6re tasarl\u0131yorsunuz? <\/strong>M\u00fc\u015fteri randevu alarak geliyor. Bazen kendi eski tak\u0131s\u0131 olabiliyor. Onun \u00fczerinde de\u011fi\u015fiklik yapmak istiyor. M\u00fccevherde zaten ziyan olan bir \u015fey olmaz. Alt\u0131n yine alt\u0131nd\u0131r p\u0131rlanta yine p\u0131rlanta. Ben sadece getirdikleri m\u00fccevherin modelinde veya ta\u015flar\u0131nda de\u011fi\u015fiklik yap\u0131yorum. G\u00fcn\u00fcn modas\u0131na g\u00f6re istedi\u011fimiz de\u011fi\u015fiklikleri yapabiliyoruz. M\u00fc\u015fterinin istedi\u011fi modeli m\u00fccevherin kendi malzemesiyle yap\u0131yoruz. Modas\u0131 ge\u00e7mi\u015f \u015feyler olabiliyor, rengini veya ta\u015flar\u0131n\u0131 de\u011fi\u015ftirmek istiyor veya bir yerde bir model g\u00f6r\u00fcyor, ondan istiyor. T\u00fcm bu de\u011fi\u015fiklikleri yapabiliyoruz.<\/p>\n<p align=\"justify\"><img decoding=\"async\" width=\"160\" height=\"210\" border=\"0\" align=\"left\" src=\"http:\/\/web8.kariyer.net\/Images\/mak361_2.jpg\" alt=\"\" \/><strong>M\u00fc\u015fterileriniz daha \u00e7ok kimlerden olu\u015fuyor?<\/strong> <br \/>Her t\u00fcr m\u00fc\u015fterim var. Bu soya\u011fac\u0131 gibi bir \u015fey asl\u0131nda. O ona s\u00f6yl\u00fcyor, derken o ba\u015fkas\u0131na, bu \u015fekilde yay\u0131l\u0131yor. M\u00fccevher i\u015fin art\u0131k son basama\u011f\u0131, l\u00fckse giriyor. Bu nedenle biraz y\u00fcksek tabakaya hitap ediyor. Ama herkes \u00e7ok b\u00fcy\u00fck ve pahal\u0131 tak\u0131lar alacak diye bir kaide yok. \u00c7ok c\u00fczi fiyatlara da \u00e7ok g\u00fczel \u015feyler yap\u0131labiliyor. Bu y\u00fczden ben gelen m\u00fc\u015fterilerime \u00f6nce ay\u0131rd\u0131\u011f\u0131 b\u00fct\u00e7eyi soruyorum. B\u00fct\u00e7esine g\u00f6re bir \u00e7al\u0131\u015fma yap\u0131yoruz. &nbsp;<\/p>\n<p align=\"justify\"><strong>Yakla\u015f\u0131k ne kadara mal oluyor bir tak\u0131n\u0131n \u00fcretilmesi veya yeniden tasar\u0131m\u0131?<\/strong><br \/>\u00c7ok de\u011fi\u015fken. Ne kadara mal oldu\u011fu malzemeye ve m\u00fc\u015fterinin getirdi\u011fi m\u00fccevhere de ba\u011fl\u0131. 500 dolarl\u0131k bir mal da olabiliyor, 5000 dolarl\u0131k da. &nbsp;<\/p>\n<p align=\"justify\"><strong>S\u0131f\u0131rdan \u00fcretti\u011finiz m\u00fccevherler var m\u0131?<\/strong><br \/>Kendi \u00e7izdi\u011fim ve \u00fcretti\u011fim modeller var. Onlar\u0131 da burada sat\u0131\u015fa sunuyorum.<\/p>\n<p align=\"justify\"><strong>Kendi tasar\u0131mlar\u0131n\u0131z nas\u0131l ger\u00e7ekle\u015fiyor?<\/strong><br \/>\u00c7ok enteresan oluyor. Bir yerde bir \u015fekil veya bir desen g\u00f6r\u00fcyorum. Ondan g\u00fczel bir y\u00fcz\u00fck ya da kolye ucu olabilece\u011fini d\u00fc\u015f\u00fcn\u00fcyorum. O anda gelen bir \u015fey.<\/p>\n<p align=\"justify\"><strong>Tak\u0131 tasar\u0131m\u0131nda da de\u011fi\u015fen modalar s\u00f6z konusu mu?<\/strong><br \/>Elbette. Tak\u0131da da g\u00fcn\u00fcn modas\u0131n\u0131 takip etmek zorundas\u0131n\u0131z. Ben yurtd\u0131\u015f\u0131ndaki fuarlar\u0131 da takip etmeye \u00e7al\u0131\u015f\u0131yorum. \u0130\u015fimle ilgili yenilikleri mutlaka izliyorum. Mesela \u015fu anda renkli ta\u015flar \u00e7ok moda. Bu renkli ta\u015flar\u0131 kullanmak zorundas\u0131n\u0131z, \u00e7\u00fcnk\u00fc m\u00fc\u015fterinin talebi bu y\u00f6nde oluyor. Bunu m\u00fc\u015fterinin b\u00fct\u00e7esine g\u00f6re ayarl\u0131yorsunuz.<\/p>\n<p align=\"justify\"><strong>Sizi bu i\u015fe y\u00f6nlendiren neydi?<\/strong><br \/>Ben bir kere kad\u0131nlar\u0131n \u015f\u0131k olmas\u0131n\u0131 \u00e7ok seviyorum. Bu \u015f\u0131kl\u0131k her zaman b\u00fcy\u00fck paralarla olacak bir \u015fey de\u011fil. Bence bir kad\u0131n\u0131n bak\u0131ml\u0131 olmas\u0131 gerekiyor. Aksesuarlar\u0131n kad\u0131nlara ayr\u0131 bir g\u00fczellik katt\u0131\u011f\u0131na inan\u0131yorum. Bu yakan\u0131za takt\u0131\u011f\u0131n\u0131z bir \u00e7i\u00e7ek de olabilir. Benim bu bak\u0131\u015f a\u00e7\u0131m beni bu i\u015fe y\u00f6nlendirdi. Ama \u015funu da s\u00f6ylemek istiyorum: Bence kuyumculuk kad\u0131n i\u015fi. \u00c7\u00fcnk\u00fc kad\u0131n zevki ba\u015fka oluyor.<\/p>\n<p align=\"justify\"><strong>T\u00fcm g\u00fcn\u00fcn\u00fcz m\u00fccevherlerle mi ge\u00e7iyor?<\/strong><br \/>Evet, art\u0131k ben ba\u015fka bir g\u00f6zle bak\u0131yorum. Nerede hata var, nas\u0131l bir i\u015f\u00e7ilik var hepsini anl\u0131yorum. Bir de \u00e7ok detayc\u0131y\u0131m, ayr\u0131ca simetri tak\u0131nt\u0131m var. En ufak bir simetri hatas\u0131n\u0131 hemen g\u00f6rebiliyorum. Bu \u00f6zelli\u011fim de benim i\u015fimde yard\u0131mc\u0131 oluyor. Detaylar\u0131 hemen fark edebiliyorum. G\u00fcn\u00fcm\u00fcn yar\u0131s\u0131n\u0131 Kapal\u0131\u00e7ar\u015f\u0131&#8217;da ge\u00e7iriyorum. Bakt\u0131\u011f\u0131mda nas\u0131l bir ta\u015fla yap\u0131ld\u0131\u011f\u0131n\u0131 anl\u0131yorum, paha bi\u00e7ebiliyorum. Malzemelerimi Kapal\u0131\u00e7ar\u015f\u0131&#8217;dan al\u0131yorum. \u00c7al\u0131\u015ft\u0131\u011f\u0131m at\u00f6lyeler de orada zaten. Mesela bir model varsa bunu kafamda tasarlad\u0131ysam veya haz\u0131r bir model varsa t\u00fcm \u00fcretim orada yap\u0131l\u0131yor. Burada sadece sat\u0131\u015f yap\u0131l\u0131yor.<\/p>\n<p align=\"justify\"><strong>\u0130\u015flerin her a\u015famas\u0131yla ilgileniyor musunuz?<\/strong><br \/>Asl\u0131nda g\u00fczel olan bu zaten. B\u00fct\u00fcn i\u015f benden \u00e7\u0131k\u0131yor. \u0130malattan sat\u0131\u015fa kadar b\u00fct\u00fcn i\u015f benim elimden ge\u00e7iyor. B\u00f6yle de olmas\u0131 gerekiyor zaten. \u00c7\u00fcnk\u00fc yapt\u0131\u011f\u0131n\u0131z i\u015fin en ufak bir detay\u0131n\u0131 dahi bilmeniz laz\u0131m. Ben de \u00fcr\u00fcn\u00fcmle ilgili her t\u00fcrl\u00fc bilgiyi m\u00fc\u015fterilerime vermek zorunday\u0131m.<\/p>\n<p align=\"justify\"><strong>Akademik e\u011fitiminiz neydi?<\/strong><br \/>Tak\u0131 tasar\u0131mc\u0131l\u0131\u011f\u0131yla ilgili herhangi bir e\u011fitim almad\u0131m, lise mezunuyum. 80 d\u00f6nemlerinde \u00fcniversite s\u0131navlar\u0131na girmi\u015ftim. Mimar Sinan \u00dcniversitesi&#8217;nin Resim B\u00f6l\u00fcm\u00fc&#8217;n\u00fc kazanm\u0131\u015ft\u0131m. Ama o d\u00f6nemki kar\u0131\u015f\u0131kl\u0131k nedeniyle devam edememi\u015ftim. Ama \u015fimdi d\u00fc\u015f\u00fcn\u00fcyorum demek ki resim b\u00f6l\u00fcm\u00fcne devam etmi\u015f olsayd\u0131m o konuda da ba\u015far\u0131l\u0131 olacakm\u0131\u015f\u0131m.<\/p>\n<p align=\"justify\"><strong><img decoding=\"async\" width=\"160\" height=\"210\" border=\"0\" align=\"left\" src=\"http:\/\/web8.kariyer.net\/Images\/mak361_3.jpg\" alt=\"\" \/>Ailede sanat\u00e7\u0131 var m\u0131?<\/strong>Hay\u0131r, yok.<\/p>\n<p align=\"justify\"><strong>\u0130\u015finizin en \u00e7ok hangi y\u00f6n\u00fcn\u00fc seviyorsunuz?<\/strong><br \/>En \u00e7ok imalatla ilgilenmeyi seviyorum. Bir \u015fey tasarlay\u0131p ortaya koydu\u011fum s\u00fcre\u00e7 bana \u00e7ok b\u00fcy\u00fck bir keyif veriyor. \u00d6zellikle i\u015fin son a\u015famas\u0131nda \u00e7ok heyecanlan\u0131yorum. Bu bir g\u00fcnde ortaya \u00e7\u0131kacak bir i\u015f de\u011fil. Nerden bakarsan\u0131z bak\u0131n bir \u00fcr\u00fcn\u00fcn imalat a\u015famas\u0131ndan biti\u015fine kadar en az bir hafta s\u00fcr\u00fcyor. Baz\u0131 \u00fcr\u00fcnler 10 g\u00fcn s\u00fcrebiliyor. T\u00fcm a\u015famalar bittikten sonra hele bir de m\u00fc\u015fteriniz \u00fcretti\u011finiz m\u00fccevheri be\u011fendi\u011finde t\u00fcm \u00e7ekti\u011finiz yorgunlu\u011fa de\u011fiyor. Yorucu bir i\u015f ama \u00e7ok seviyorum.&nbsp;<\/p>\n<p align=\"justify\"><strong>M\u00fc\u015fteriniz bir \u00e7al\u0131\u015fmay\u0131 be\u011fenmedi\u011finde d\u00f6n\u00fc\u015f\u00fc var m\u0131?<\/strong><br \/>Tabii ki geri d\u00f6n\u00fc\u015f\u00fc oluyor. Mesela kulland\u0131\u011f\u0131n\u0131z bir ta\u015f\u0131n rengini be\u011fenmedi, hemen de\u011fi\u015ftirebiliyoruz. Her \u015feyin geri d\u00f6n\u00fc\u015f\u00fc olabiliyor. K\u00fc\u00e7\u00fck b\u00fcy\u00fck gelme ihtimali olabiliyor. Bunlar\u0131n hepsinin talefisi var.<\/p>\n<p align=\"justify\"><strong>Herkesin zevkine \u00f6zel bir tak\u0131 \u00fcretmek zor mu?<\/strong><br \/>Herkesin zevki farkl\u0131. M\u00fc\u015fteri sizden bir \u015fey istiyor ama onu yaratabilmeniz, onun istedi\u011fi \u015fekle sokabilmeniz \u00e7ok \u00f6nemli. \u00d6zellikle sat\u0131\u015f en zor b\u00f6l\u00fcm. Mesela \u00e7ok minyon bir bayan \u00e7ok b\u00fcy\u00fck bir k\u00fcpe istiyor. M\u00fc\u015fteriyi ona b\u00fcy\u00fck de\u011fil k\u00fc\u00e7\u00fck k\u00fcpenin yak\u0131\u015faca\u011f\u0131 konusunda ikna etmek gerekiyor. Elinizde olan modellerden \u015fekillerden g\u00f6steriyorsunuz. Bayan olman\u0131n avantaj\u0131yla m\u00fc\u015fteriyi kolayca ikna edebiliyorum.<\/p>\n<p align=\"justify\">&nbsp;<\/p>\n<p><\/span><\/p>\n<!-- templates\/buttons-placeholder.php -->\n<div class=\"da-reactions-outer TpostID2733\">\n\t    <div class=\"da-reactions-data da-reactions-container-async center\"\n         data-type=\"post\"\n         data-id=\"2733\"\n         id=\"da-reactions-slot-post-2733\">\n        <div class=\"da-reactions-static\">\n\t\t\t<img src=\"https:\/\/www.kariyer.net\/kariyer-rehberi\/wp-content\/plugins\/da-reactions\/assets\/dist\/loading.svg\" alt=\"Loading spinner\" width=\"48\" height=\"48\" style=\"width:48px\" \/>\n        <\/div>\n    <\/div>\n<\/div>\n","protected":false},"excerpt":{"rendered":"<p>Tak\u0131 ve m\u00fccevherlere kar\u015f\u0131 ilgisini mesle\u011fe d\u00f6n\u00fc\u015ft\u00fcren Liza \u00d6zg\u00fcl, yedi y\u0131ld\u0131r profesyonel olarak tak\u0131 tasar\u0131m\u0131yla u\u011fra\u015f\u0131yor. \u00d6zg\u00fcl&#8217;\u00fcn tasarlad\u0131\u011f\u0131 tak\u0131lar\u0131n bir e\u015fi daha bulunmuyor. Tak\u0131 al\u0131\u015fveri\u015fi yapmaktan her zaman ho\u015fland\u0131\u011f\u0131n\u0131 s\u00f6yleyen Liza \u00d6zg\u00fcl, bu ilgisini i\u015fe d\u00f6n\u00fc\u015ft\u00fcrenlerden&#8230; Yakla\u015f\u0131k yedi y\u0131ld\u0131r tak\u0131 tasarlayan \u00d6zg\u00fcl, sipari\u015f \u00fczerine m\u00fc\u015fterilerinin zevkine g\u00f6re tak\u0131lar\u0131n\u0131 tasarlay\u0131p \u00fcretimden sat\u0131\u015fa kadar t\u00fcm s\u00fcre\u00e7le ilgileniyor. [&hellip;]<\/p>\n<!-- templates\/buttons-placeholder.php -->\n<div class=\"da-reactions-outer TpostID2733\">\n\t    <div class=\"da-reactions-data da-reactions-container-async center\"\n         data-type=\"post\"\n         data-id=\"2733\"\n         id=\"da-reactions-slot-post-2733\">\n        <div class=\"da-reactions-static\">\n\t\t\t<img src=\"https:\/\/www.kariyer.net\/kariyer-rehberi\/wp-content\/plugins\/da-reactions\/assets\/dist\/loading.svg\" alt=\"Loading spinner\" width=\"48\" height=\"48\" style=\"width:48px\" \/>\n        <\/div>\n    <\/div>\n<\/div>\n","protected":false},"author":8,"featured_media":0,"comment_status":"open","ping_status":"open","sticky":false,"template":"","format":"standard","meta":{"footnotes":"","_elementor_edit_mode":"","_elementor_template_type":"","_elementor_data":"","_elementor_page_settings":null,"_elementor_conditions":[]},"categories":[2211],"tags":[],"class_list":{"0":"post-2733","1":"post","2":"type-post","3":"status-publish","4":"format-standard","6":"category-kariyer-gelisimi"},"yoast_head":"<!-- This site is optimized with the Yoast SEO Premium plugin v21.4 (Yoast SEO v27.0) - https:\/\/yoast.com\/product\/yoast-seo-premium-wordpress\/ -->\n<title>Tak\u0131 Tasar\u0131mc\u0131s\u0131 &#039;Liza \u00d6zg\u00fcl&#039; | Kariyer Rehberi<\/title>\n<meta name=\"description\" content=\"Tak\u0131 ve m\u00fccevherlere kar\u015f\u0131 ilgisini mesle\u011fe d\u00f6n\u00fc\u015ft\u00fcren Liza \u00d6zg\u00fcl, yedi y\u0131ld\u0131r profesyonel olarak tak\u0131 tasar\u0131m\u0131yla u\u011fra\u015f\u0131yor. \u00d6zg\u00fcl&#039;\u00fcn tasarlad\u0131\u011f\u0131\" \/>\n<meta name=\"robots\" content=\"index, follow, max-snippet:-1, max-image-preview:large, max-video-preview:-1\" \/>\n<link rel=\"canonical\" href=\"https:\/\/www.kariyer.net\/kariyer-rehberi\/taki-tasarimcisi-liza-ozgul\/\" \/>\n<meta property=\"og:locale\" content=\"tr_TR\" \/>\n<meta property=\"og:type\" content=\"article\" \/>\n<meta property=\"og:title\" content=\"Tak\u0131 Tasar\u0131mc\u0131s\u0131 &#039;Liza \u00d6zg\u00fcl&#039;\" \/>\n<meta property=\"og:description\" content=\"Tak\u0131 ve m\u00fccevherlere kar\u015f\u0131 ilgisini mesle\u011fe d\u00f6n\u00fc\u015ft\u00fcren Liza \u00d6zg\u00fcl, yedi y\u0131ld\u0131r profesyonel olarak tak\u0131 tasar\u0131m\u0131yla u\u011fra\u015f\u0131yor. \u00d6zg\u00fcl&#039;\u00fcn tasarlad\u0131\u011f\u0131\" \/>\n<meta property=\"og:url\" content=\"https:\/\/www.kariyer.net\/kariyer-rehberi\/taki-tasarimcisi-liza-ozgul\/\" \/>\n<meta property=\"og:site_name\" content=\"Kariyer Rehberi\" \/>\n<meta property=\"article:published_time\" content=\"2007-11-09T00:00:00+00:00\" \/>\n<meta property=\"article:modified_time\" content=\"2024-07-03T13:02:18+00:00\" \/>\n<meta property=\"og:image\" content=\"http:\/\/web4.kariyer.net\/UploadFiles\/tempPhoto\/kariyerRehberi\/image\/mak361b.jpg\" \/>\n<meta name=\"author\" content=\"Kariyer.net\" \/>\n<meta name=\"twitter:card\" content=\"summary_large_image\" \/>\n<meta name=\"twitter:label1\" content=\"Yazan:\" \/>\n\t<meta name=\"twitter:data1\" content=\"Kariyer.net\" \/>\n\t<meta name=\"twitter:label2\" content=\"Tahmini okuma s\u00fcresi\" \/>\n\t<meta name=\"twitter:data2\" content=\"7 dakika\" \/>\n<!-- \/ Yoast SEO Premium plugin. -->","yoast_head_json":{"title":"Tak\u0131 Tasar\u0131mc\u0131s\u0131 'Liza \u00d6zg\u00fcl' | Kariyer Rehberi","description":"Tak\u0131 ve m\u00fccevherlere kar\u015f\u0131 ilgisini mesle\u011fe d\u00f6n\u00fc\u015ft\u00fcren Liza \u00d6zg\u00fcl, yedi y\u0131ld\u0131r profesyonel olarak tak\u0131 tasar\u0131m\u0131yla u\u011fra\u015f\u0131yor. \u00d6zg\u00fcl'\u00fcn tasarlad\u0131\u011f\u0131","robots":{"index":"index","follow":"follow","max-snippet":"max-snippet:-1","max-image-preview":"max-image-preview:large","max-video-preview":"max-video-preview:-1"},"canonical":"https:\/\/www.kariyer.net\/kariyer-rehberi\/taki-tasarimcisi-liza-ozgul\/","og_locale":"tr_TR","og_type":"article","og_title":"Tak\u0131 Tasar\u0131mc\u0131s\u0131 'Liza \u00d6zg\u00fcl'","og_description":"Tak\u0131 ve m\u00fccevherlere kar\u015f\u0131 ilgisini mesle\u011fe d\u00f6n\u00fc\u015ft\u00fcren Liza \u00d6zg\u00fcl, yedi y\u0131ld\u0131r profesyonel olarak tak\u0131 tasar\u0131m\u0131yla u\u011fra\u015f\u0131yor. \u00d6zg\u00fcl'\u00fcn tasarlad\u0131\u011f\u0131","og_url":"https:\/\/www.kariyer.net\/kariyer-rehberi\/taki-tasarimcisi-liza-ozgul\/","og_site_name":"Kariyer Rehberi","article_published_time":"2007-11-09T00:00:00+00:00","article_modified_time":"2024-07-03T13:02:18+00:00","og_image":[{"url":"http:\/\/web4.kariyer.net\/UploadFiles\/tempPhoto\/kariyerRehberi\/image\/mak361b.jpg","type":"","width":"","height":""}],"author":"Kariyer.net","twitter_card":"summary_large_image","twitter_misc":{"Yazan:":"Kariyer.net","Tahmini okuma s\u00fcresi":"7 dakika"},"schema":{"@context":"https:\/\/schema.org","@graph":[{"@type":"Article","@id":"https:\/\/www.kariyer.net\/kariyer-rehberi\/taki-tasarimcisi-liza-ozgul\/#article","isPartOf":{"@id":"https:\/\/www.kariyer.net\/kariyer-rehberi\/taki-tasarimcisi-liza-ozgul\/"},"author":{"name":"Kariyer.net","@id":"https:\/\/www.kariyer.net\/kariyer-rehberi\/#\/schema\/person\/eb36201afd42c03bc83b82060447b2c9"},"headline":"Tak\u0131 Tasar\u0131mc\u0131s\u0131 &#8216;Liza \u00d6zg\u00fcl&#8217;","datePublished":"2007-11-09T00:00:00+00:00","dateModified":"2024-07-03T13:02:18+00:00","mainEntityOfPage":{"@id":"https:\/\/www.kariyer.net\/kariyer-rehberi\/taki-tasarimcisi-liza-ozgul\/"},"wordCount":1396,"commentCount":0,"publisher":{"@id":"https:\/\/www.kariyer.net\/kariyer-rehberi\/#organization"},"image":{"@id":"https:\/\/www.kariyer.net\/kariyer-rehberi\/taki-tasarimcisi-liza-ozgul\/#primaryimage"},"thumbnailUrl":"http:\/\/web4.kariyer.net\/UploadFiles\/tempPhoto\/kariyerRehberi\/image\/mak361b.jpg","articleSection":["Kariyer Geli\u015fimi"],"inLanguage":"tr","potentialAction":[{"@type":"CommentAction","name":"Comment","target":["https:\/\/www.kariyer.net\/kariyer-rehberi\/taki-tasarimcisi-liza-ozgul\/#respond"]}]},{"@type":"WebPage","@id":"https:\/\/www.kariyer.net\/kariyer-rehberi\/taki-tasarimcisi-liza-ozgul\/","url":"https:\/\/www.kariyer.net\/kariyer-rehberi\/taki-tasarimcisi-liza-ozgul\/","name":"Tak\u0131 Tasar\u0131mc\u0131s\u0131 'Liza \u00d6zg\u00fcl' | Kariyer Rehberi","isPartOf":{"@id":"https:\/\/www.kariyer.net\/kariyer-rehberi\/#website"},"primaryImageOfPage":{"@id":"https:\/\/www.kariyer.net\/kariyer-rehberi\/taki-tasarimcisi-liza-ozgul\/#primaryimage"},"image":{"@id":"https:\/\/www.kariyer.net\/kariyer-rehberi\/taki-tasarimcisi-liza-ozgul\/#primaryimage"},"thumbnailUrl":"http:\/\/web4.kariyer.net\/UploadFiles\/tempPhoto\/kariyerRehberi\/image\/mak361b.jpg","datePublished":"2007-11-09T00:00:00+00:00","dateModified":"2024-07-03T13:02:18+00:00","description":"Tak\u0131 ve m\u00fccevherlere kar\u015f\u0131 ilgisini mesle\u011fe d\u00f6n\u00fc\u015ft\u00fcren Liza \u00d6zg\u00fcl, yedi y\u0131ld\u0131r profesyonel olarak tak\u0131 tasar\u0131m\u0131yla u\u011fra\u015f\u0131yor. \u00d6zg\u00fcl'\u00fcn tasarlad\u0131\u011f\u0131","breadcrumb":{"@id":"https:\/\/www.kariyer.net\/kariyer-rehberi\/taki-tasarimcisi-liza-ozgul\/#breadcrumb"},"inLanguage":"tr","potentialAction":[{"@type":"ReadAction","target":["https:\/\/www.kariyer.net\/kariyer-rehberi\/taki-tasarimcisi-liza-ozgul\/"]}]},{"@type":"ImageObject","inLanguage":"tr","@id":"https:\/\/www.kariyer.net\/kariyer-rehberi\/taki-tasarimcisi-liza-ozgul\/#primaryimage","url":"http:\/\/web4.kariyer.net\/UploadFiles\/tempPhoto\/kariyerRehberi\/image\/mak361b.jpg","contentUrl":"http:\/\/web4.kariyer.net\/UploadFiles\/tempPhoto\/kariyerRehberi\/image\/mak361b.jpg"},{"@type":"BreadcrumbList","@id":"https:\/\/www.kariyer.net\/kariyer-rehberi\/taki-tasarimcisi-liza-ozgul\/#breadcrumb","itemListElement":[{"@type":"ListItem","position":1,"name":"Anasayfa","item":"https:\/\/www.kariyer.net\/kariyer-rehberi\/"},{"@type":"ListItem","position":2,"name":"Tak\u0131 Tasar\u0131mc\u0131s\u0131 &#8216;Liza \u00d6zg\u00fcl&#8217;"}]},{"@type":"WebSite","@id":"https:\/\/www.kariyer.net\/kariyer-rehberi\/#website","url":"https:\/\/www.kariyer.net\/kariyer-rehberi\/","name":"Kariyer Rehberi","description":"\u0130\u015f D\u00fcnyas\u0131yla \u0130lgili Bilmek \u0130stedi\u011finiz Her \u015eey","publisher":{"@id":"https:\/\/www.kariyer.net\/kariyer-rehberi\/#organization"},"potentialAction":[{"@type":"SearchAction","target":{"@type":"EntryPoint","urlTemplate":"https:\/\/www.kariyer.net\/kariyer-rehberi\/?s={search_term_string}"},"query-input":{"@type":"PropertyValueSpecification","valueRequired":true,"valueName":"search_term_string"}}],"inLanguage":"tr"},{"@type":"Organization","@id":"https:\/\/www.kariyer.net\/kariyer-rehberi\/#organization","name":"Kariyer.net","url":"https:\/\/www.kariyer.net\/kariyer-rehberi\/","logo":{"@type":"ImageObject","inLanguage":"tr","@id":"https:\/\/www.kariyer.net\/kariyer-rehberi\/#\/schema\/logo\/image\/","url":"https:\/\/www.kariyer.net\/kariyer-rehberi-new\/wp-content\/uploads\/2023\/01\/og-image11.jpg","contentUrl":"https:\/\/www.kariyer.net\/kariyer-rehberi-new\/wp-content\/uploads\/2023\/01\/og-image11.jpg","width":800,"height":800,"caption":"Kariyer.net"},"image":{"@id":"https:\/\/www.kariyer.net\/kariyer-rehberi\/#\/schema\/logo\/image\/"}},{"@type":"Person","@id":"https:\/\/www.kariyer.net\/kariyer-rehberi\/#\/schema\/person\/eb36201afd42c03bc83b82060447b2c9","name":"Kariyer.net","image":{"@type":"ImageObject","inLanguage":"tr","@id":"https:\/\/www.kariyer.net\/kariyer-rehberi\/#\/schema\/person\/image\/","url":"https:\/\/secure.gravatar.com\/avatar\/ddce3ac68cb52fb2ae004bcee334e49ccc6361fefd68c5f6f4d2a86630c28b2e?s=96&d=mm&r=g","contentUrl":"https:\/\/secure.gravatar.com\/avatar\/ddce3ac68cb52fb2ae004bcee334e49ccc6361fefd68c5f6f4d2a86630c28b2e?s=96&d=mm&r=g","caption":"Kariyer.net"},"url":"https:\/\/www.kariyer.net\/kariyer-rehberi\/author\/kariyer-net\/"}]}},"_links":{"self":[{"href":"https:\/\/www.kariyer.net\/kariyer-rehberi\/wp-json\/wp\/v2\/posts\/2733","targetHints":{"allow":["GET"]}}],"collection":[{"href":"https:\/\/www.kariyer.net\/kariyer-rehberi\/wp-json\/wp\/v2\/posts"}],"about":[{"href":"https:\/\/www.kariyer.net\/kariyer-rehberi\/wp-json\/wp\/v2\/types\/post"}],"author":[{"embeddable":true,"href":"https:\/\/www.kariyer.net\/kariyer-rehberi\/wp-json\/wp\/v2\/users\/8"}],"replies":[{"embeddable":true,"href":"https:\/\/www.kariyer.net\/kariyer-rehberi\/wp-json\/wp\/v2\/comments?post=2733"}],"version-history":[{"count":1,"href":"https:\/\/www.kariyer.net\/kariyer-rehberi\/wp-json\/wp\/v2\/posts\/2733\/revisions"}],"predecessor-version":[{"id":20375,"href":"https:\/\/www.kariyer.net\/kariyer-rehberi\/wp-json\/wp\/v2\/posts\/2733\/revisions\/20375"}],"wp:attachment":[{"href":"https:\/\/www.kariyer.net\/kariyer-rehberi\/wp-json\/wp\/v2\/media?parent=2733"}],"wp:term":[{"taxonomy":"category","embeddable":true,"href":"https:\/\/www.kariyer.net\/kariyer-rehberi\/wp-json\/wp\/v2\/categories?post=2733"},{"taxonomy":"post_tag","embeddable":true,"href":"https:\/\/www.kariyer.net\/kariyer-rehberi\/wp-json\/wp\/v2\/tags?post=2733"}],"curies":[{"name":"wp","href":"https:\/\/api.w.org\/{rel}","templated":true}]}}