{"id":2886,"date":"2009-01-30T02:00:00","date_gmt":"2009-01-30T00:00:00","guid":{"rendered":"http:\/\/92.45.35.169\/turkcellin-liderleri-paf-takimindan-yetisiyor\/"},"modified":"2024-07-03T14:57:48","modified_gmt":"2024-07-03T11:57:48","slug":"turkcellin-liderleri-paf-takimindan-yetisiyor","status":"publish","type":"post","link":"https:\/\/www.kariyer.net\/kariyer-rehberi\/turkcellin-liderleri-paf-takimindan-yetisiyor\/","title":{"rendered":"Turkcell&#8217;in liderleri PAF tak\u0131m\u0131ndan yeti\u015fiyor"},"content":{"rendered":"<p><span style=\"font-size: 12px; font-family: Arial,Helvetica,sans-serif;\"><\/p>\n<p><img decoding=\"async\" width=\"273\" vspace=\"10\" hspace=\"10\" height=\"178\" align=\"left\" alt=\"\" src=\"http:\/\/web4.kariyer.net\/UploadFiles\/tempPhoto\/kariyerRehberi\/dp_paf_080324.jpg\" \/>Turkcell&#8217;de stajlar yaz ve k\u0131\u015f aylar\u0131nda olmak \u00fczere iki farkl\u0131 kategoride ger\u00e7ekle\u015ftiriliyor. K\u0131\u015f d\u00f6neminde lise staj\u0131, yaz d\u00f6neminde ise \u00fcniversite staj\u0131 PAF s\u00fcreci kapsam\u0131nda y\u00fcr\u00fct\u00fcl\u00fcyor. Turkcell, 2003- 2007 y\u0131llar\u0131 aras\u0131nda &#8220;Profesyonel Geli\u015fim Dan\u0131\u015fmanl\u0131\u011f\u0131 (PGD)&#8221; projesi ad\u0131 alt\u0131nda, 2007 y\u0131l\u0131ndan bu yana da &#8221; Profesyonelli\u011fe Ad\u0131m Formasyonu (PAF)&#8221; ismi ile y\u00fcr\u00fctt\u00fc\u011f\u00fc projelerle yeni mezun gen\u00e7lerin hedefledikleri kariyere ula\u015fmalar\u0131 amac\u0131yla kendi yetenekleri, ilgi alanlar\u0131 ve beklentileri hakk\u0131nda fark\u0131ndal\u0131k seviyelerini y\u00fckselterek profesyonel ya\u015fam, i\u015f alanlar\u0131, \u015firketler ve pozisyonlarla ilgili bilin\u00e7lerini art\u0131rmak ve bak\u0131\u015f a\u00e7\u0131lar\u0131n\u0131 geni\u015fletmeyi hedefliyor. <\/p>\n<p>Staj ba\u015fvurusu yapan \u00f6\u011frenciler, \u0130nsan Kaynaklar\u0131 B\u00f6l\u00fcm\u00fc taraf\u0131ndan yap\u0131lan de\u011ferlendirmeler do\u011frultusunda staja kabul ediliyor. Staj s\u00fcresince \u00f6\u011frencilerin kariyer se\u00e7imlerine ve bireysel geli\u015fimlerine destek olabilecekleri, ayn\u0131 zamanda da \u015firkete de\u011fer katabilecekleri programlar tasarlan\u0131yor.<\/p>\n<p><strong>Yaz D\u00f6nemi : <\/strong><br \/>\u00dcniversite \u00f6\u011frencilerinin yaz d\u00f6nemi i\u00e7in yapacaklar\u0131 ba\u015fvurular 2009 itibariyle PAF kapsam\u0131nda de\u011ferlendiriliyorlar. Bu programa kat\u0131lan \u00f6\u011frencilere staj s\u00fcresince bir\u00e7ok e\u011fitim olana\u011f\u0131 sunuluyor. Program sonunda ba\u015far\u0131l\u0131 olan \u00f6\u011frencilere Turkcell ve Turkcell Grup \u015eirketleri&rsquo;nde farkl\u0131 pozisyonlarda part-time veya full-time i\u015f imkan\u0131 sa\u011flamak hedefleniyor. <\/p>\n<p><strong>Ba\u015fvuru Kriterleri:<\/strong><\/p>\n<p><\/span><\/p>\n<ul>\n<li>\u00dcniversitelerin tercihen \u0130\u015fletme, \u0130ktisat, \u0130statistik, Matematik, Uluslararas\u0131 \u0130li\u015fkiler, \u0130\u015fletme M\u00fchendisli\u011fi, Elektronik &amp; Haberle\u015fme M\u00fchendisli\u011fi, Elektrik &amp; Elektronik M\u00fchendisli\u011fi, Bilgisayar M\u00fchendisli\u011fi, Y\u00f6netim Bili\u015fim Sistemleri (MIS), End\u00fcstri M\u00fchendisli\u011fi, Telekom\u00fcnikasyon M\u00fchendisli\u011fi b\u00f6l\u00fcmlerinde lisans 3.-4. s\u0131n\u0131f veya y\u00fcksek lisans \u00f6\u011frencisi olan,<\/li>\n<li>Tercihen staj yapm\u0131\u015f,<\/li>\n<li>25 ya\u015f\u0131n\u0131 a\u015fmam\u0131\u015f,<\/li>\n<li>Erkek adaylar i\u00e7in askerlik g\u00f6revini tamamlam\u0131\u015f ya da minimum 2 y\u0131l tecilli,<\/li>\n<li>\u0130yi derecede \u0130ngilizce bilgisine sahip<\/li>\n<\/ul>\n<p><span style=\"font-size: 12px; font-family: Arial,Helvetica,sans-serif;\"><\/p>\n<p><strong>Ba\u015fvuru Takvimi:<\/strong><\/p>\n<p>Ocak &#8211; \u015eubat : \u00dcniversite tan\u0131t\u0131m g\u00fcnleri<br \/>\u015eubat &ndash; Mart : Ba\u015fvuru d\u00f6nemi<br \/>Nisan &ndash; May\u0131s : Ba\u015fvurular\u0131n de\u011ferlendirilmesi <br \/>Haziran : Staj i\u00e7in gerekli olan evraklar\u0131n teslim edilmesi<br \/>Temmuz &ndash; Eyl\u00fcl : Staj D\u00f6nemi (2 farkl\u0131 d\u00f6nemde ge\u00e7ekle\u015fecektir.)<\/p>\n<p><strong>K\u0131\u015f D\u00f6nemi: <\/strong><br \/>Meslek ve ticaret lisesi son s\u0131n\u0131f \u00f6\u011frencilerinin k\u0131\u015f d\u00f6nemi i\u00e7in yapacaklar\u0131 ba\u015fvurular\u0131n en ge\u00e7 A\u011fustos ay\u0131 sonuna kadar yapmalar\u0131 gerekiyor. \u00d6\u011frencilerin okullar\u0131yla yap\u0131lan s\u00f6zle\u015fmeler gere\u011fi, organizasyonumuzun ihtiya\u00e7lar\u0131 dahilinde yap\u0131lan yerle\u015ftirmeler, \u00f6\u011frenim d\u00f6nemi ba\u015flamadan \u00f6nce tamamlan\u0131yor. \u00d6\u011frenim d\u00f6nemiyle birlikte ba\u015flayan staj hafta i\u00e7i 3 g\u00fcn Turkcell&#8217;de \u00e7al\u0131\u015fmak ko\u015fuluyla okullar kapan\u0131ncaya kadar devam ediyor.<\/p>\n<p><\/span><\/p>\n<!-- templates\/buttons-placeholder.php -->\n<div class=\"da-reactions-outer TpostID2886\">\n\t    <div class=\"da-reactions-data da-reactions-container-async center\"\n         data-type=\"post\"\n         data-id=\"2886\"\n         id=\"da-reactions-slot-post-2886\">\n        <div class=\"da-reactions-static\">\n\t\t\t<img src=\"https:\/\/www.kariyer.net\/kariyer-rehberi\/wp-content\/plugins\/da-reactions\/assets\/dist\/loading.svg\" alt=\"Loading spinner\" width=\"48\" height=\"48\" style=\"width:48px\" \/>\n        <\/div>\n    <\/div>\n<\/div>\n","protected":false},"excerpt":{"rendered":"<p>Turkcell&#8217;de stajlar yaz ve k\u0131\u015f aylar\u0131nda olmak \u00fczere iki farkl\u0131 kategoride ger\u00e7ekle\u015ftiriliyor. K\u0131\u015f d\u00f6neminde lise staj\u0131, yaz d\u00f6neminde ise \u00fcniversite staj\u0131 PAF s\u00fcreci kapsam\u0131nda y\u00fcr\u00fct\u00fcl\u00fcyor. Turkcell, 2003- 2007 y\u0131llar\u0131 aras\u0131nda &#8220;Profesyonel Geli\u015fim Dan\u0131\u015fmanl\u0131\u011f\u0131 (PGD)&#8221; projesi ad\u0131 alt\u0131nda, 2007 y\u0131l\u0131ndan bu yana da &#8221; Profesyonelli\u011fe Ad\u0131m Formasyonu (PAF)&#8221; ismi ile y\u00fcr\u00fctt\u00fc\u011f\u00fc projelerle yeni mezun gen\u00e7lerin hedefledikleri [&hellip;]<\/p>\n<!-- templates\/buttons-placeholder.php -->\n<div class=\"da-reactions-outer TpostID2886\">\n\t    <div class=\"da-reactions-data da-reactions-container-async center\"\n         data-type=\"post\"\n         data-id=\"2886\"\n         id=\"da-reactions-slot-post-2886\">\n        <div class=\"da-reactions-static\">\n\t\t\t<img src=\"https:\/\/www.kariyer.net\/kariyer-rehberi\/wp-content\/plugins\/da-reactions\/assets\/dist\/loading.svg\" alt=\"Loading spinner\" width=\"48\" height=\"48\" style=\"width:48px\" \/>\n        <\/div>\n    <\/div>\n<\/div>\n","protected":false},"author":8,"featured_media":0,"comment_status":"open","ping_status":"open","sticky":false,"template":"","format":"standard","meta":{"footnotes":"","_elementor_edit_mode":"","_elementor_template_type":"","_elementor_data":"","_elementor_page_settings":null,"_elementor_conditions":[]},"categories":[2203],"tags":[],"class_list":{"0":"post-2886","1":"post","2":"type-post","3":"status-publish","4":"format-standard","6":"category-haberler-duyurular"},"yoast_head":"<!-- This site is optimized with the Yoast SEO Premium plugin v21.4 (Yoast SEO v27.0) - https:\/\/yoast.com\/product\/yoast-seo-premium-wordpress\/ -->\n<title>Turkcell&#039;in liderleri PAF tak\u0131m\u0131ndan yeti\u015fiyor | Kariyer Rehberi<\/title>\n<meta name=\"description\" content=\"Turkcell&#039;de stajlar yaz ve k\u0131\u015f aylar\u0131nda olmak \u00fczere iki farkl\u0131 kategoride ger\u00e7ekle\u015ftiriliyor. K\u0131\u015f d\u00f6neminde lise staj\u0131, yaz d\u00f6neminde ise \u00fcniversite\" \/>\n<meta name=\"robots\" content=\"index, follow, max-snippet:-1, max-image-preview:large, max-video-preview:-1\" \/>\n<link rel=\"canonical\" href=\"https:\/\/www.kariyer.net\/kariyer-rehberi\/turkcellin-liderleri-paf-takimindan-yetisiyor\/\" \/>\n<meta property=\"og:locale\" content=\"tr_TR\" \/>\n<meta property=\"og:type\" content=\"article\" \/>\n<meta property=\"og:title\" content=\"Turkcell&#039;in liderleri PAF tak\u0131m\u0131ndan yeti\u015fiyor\" \/>\n<meta property=\"og:description\" content=\"Turkcell&#039;de stajlar yaz ve k\u0131\u015f aylar\u0131nda olmak \u00fczere iki farkl\u0131 kategoride ger\u00e7ekle\u015ftiriliyor. K\u0131\u015f d\u00f6neminde lise staj\u0131, yaz d\u00f6neminde ise \u00fcniversite\" \/>\n<meta property=\"og:url\" content=\"https:\/\/www.kariyer.net\/kariyer-rehberi\/turkcellin-liderleri-paf-takimindan-yetisiyor\/\" \/>\n<meta property=\"og:site_name\" content=\"Kariyer Rehberi\" \/>\n<meta property=\"article:published_time\" content=\"2009-01-30T00:00:00+00:00\" \/>\n<meta property=\"article:modified_time\" content=\"2024-07-03T11:57:48+00:00\" \/>\n<meta property=\"og:image\" content=\"http:\/\/web4.kariyer.net\/UploadFiles\/tempPhoto\/kariyerRehberi\/dp_paf_080324.jpg\" \/>\n<meta name=\"author\" content=\"Kariyer.net\" \/>\n<meta name=\"twitter:card\" content=\"summary_large_image\" \/>\n<meta name=\"twitter:label1\" content=\"Yazan:\" \/>\n\t<meta name=\"twitter:data1\" content=\"Kariyer.net\" \/>\n\t<meta name=\"twitter:label2\" content=\"Tahmini okuma s\u00fcresi\" \/>\n\t<meta name=\"twitter:data2\" content=\"2 dakika\" \/>\n<!-- \/ Yoast SEO Premium plugin. -->","yoast_head_json":{"title":"Turkcell'in liderleri PAF tak\u0131m\u0131ndan yeti\u015fiyor | Kariyer Rehberi","description":"Turkcell'de stajlar yaz ve k\u0131\u015f aylar\u0131nda olmak \u00fczere iki farkl\u0131 kategoride ger\u00e7ekle\u015ftiriliyor. K\u0131\u015f d\u00f6neminde lise staj\u0131, yaz d\u00f6neminde ise \u00fcniversite","robots":{"index":"index","follow":"follow","max-snippet":"max-snippet:-1","max-image-preview":"max-image-preview:large","max-video-preview":"max-video-preview:-1"},"canonical":"https:\/\/www.kariyer.net\/kariyer-rehberi\/turkcellin-liderleri-paf-takimindan-yetisiyor\/","og_locale":"tr_TR","og_type":"article","og_title":"Turkcell'in liderleri PAF tak\u0131m\u0131ndan yeti\u015fiyor","og_description":"Turkcell'de stajlar yaz ve k\u0131\u015f aylar\u0131nda olmak \u00fczere iki farkl\u0131 kategoride ger\u00e7ekle\u015ftiriliyor. K\u0131\u015f d\u00f6neminde lise staj\u0131, yaz d\u00f6neminde ise \u00fcniversite","og_url":"https:\/\/www.kariyer.net\/kariyer-rehberi\/turkcellin-liderleri-paf-takimindan-yetisiyor\/","og_site_name":"Kariyer Rehberi","article_published_time":"2009-01-30T00:00:00+00:00","article_modified_time":"2024-07-03T11:57:48+00:00","og_image":[{"url":"http:\/\/web4.kariyer.net\/UploadFiles\/tempPhoto\/kariyerRehberi\/dp_paf_080324.jpg","type":"","width":"","height":""}],"author":"Kariyer.net","twitter_card":"summary_large_image","twitter_misc":{"Yazan:":"Kariyer.net","Tahmini okuma s\u00fcresi":"2 dakika"},"schema":{"@context":"https:\/\/schema.org","@graph":[{"@type":"Article","@id":"https:\/\/www.kariyer.net\/kariyer-rehberi\/turkcellin-liderleri-paf-takimindan-yetisiyor\/#article","isPartOf":{"@id":"https:\/\/www.kariyer.net\/kariyer-rehberi\/turkcellin-liderleri-paf-takimindan-yetisiyor\/"},"author":{"name":"Kariyer.net","@id":"https:\/\/www.kariyer.net\/kariyer-rehberi\/#\/schema\/person\/eb36201afd42c03bc83b82060447b2c9"},"headline":"Turkcell&#8217;in liderleri PAF tak\u0131m\u0131ndan yeti\u015fiyor","datePublished":"2009-01-30T00:00:00+00:00","dateModified":"2024-07-03T11:57:48+00:00","mainEntityOfPage":{"@id":"https:\/\/www.kariyer.net\/kariyer-rehberi\/turkcellin-liderleri-paf-takimindan-yetisiyor\/"},"wordCount":444,"commentCount":0,"publisher":{"@id":"https:\/\/www.kariyer.net\/kariyer-rehberi\/#organization"},"image":{"@id":"https:\/\/www.kariyer.net\/kariyer-rehberi\/turkcellin-liderleri-paf-takimindan-yetisiyor\/#primaryimage"},"thumbnailUrl":"http:\/\/web4.kariyer.net\/UploadFiles\/tempPhoto\/kariyerRehberi\/dp_paf_080324.jpg","articleSection":["Haberler ve Duyurular"],"inLanguage":"tr","potentialAction":[{"@type":"CommentAction","name":"Comment","target":["https:\/\/www.kariyer.net\/kariyer-rehberi\/turkcellin-liderleri-paf-takimindan-yetisiyor\/#respond"]}]},{"@type":"WebPage","@id":"https:\/\/www.kariyer.net\/kariyer-rehberi\/turkcellin-liderleri-paf-takimindan-yetisiyor\/","url":"https:\/\/www.kariyer.net\/kariyer-rehberi\/turkcellin-liderleri-paf-takimindan-yetisiyor\/","name":"Turkcell'in liderleri PAF tak\u0131m\u0131ndan yeti\u015fiyor | Kariyer Rehberi","isPartOf":{"@id":"https:\/\/www.kariyer.net\/kariyer-rehberi\/#website"},"primaryImageOfPage":{"@id":"https:\/\/www.kariyer.net\/kariyer-rehberi\/turkcellin-liderleri-paf-takimindan-yetisiyor\/#primaryimage"},"image":{"@id":"https:\/\/www.kariyer.net\/kariyer-rehberi\/turkcellin-liderleri-paf-takimindan-yetisiyor\/#primaryimage"},"thumbnailUrl":"http:\/\/web4.kariyer.net\/UploadFiles\/tempPhoto\/kariyerRehberi\/dp_paf_080324.jpg","datePublished":"2009-01-30T00:00:00+00:00","dateModified":"2024-07-03T11:57:48+00:00","description":"Turkcell'de stajlar yaz ve k\u0131\u015f aylar\u0131nda olmak \u00fczere iki farkl\u0131 kategoride ger\u00e7ekle\u015ftiriliyor. K\u0131\u015f d\u00f6neminde lise staj\u0131, yaz d\u00f6neminde ise \u00fcniversite","breadcrumb":{"@id":"https:\/\/www.kariyer.net\/kariyer-rehberi\/turkcellin-liderleri-paf-takimindan-yetisiyor\/#breadcrumb"},"inLanguage":"tr","potentialAction":[{"@type":"ReadAction","target":["https:\/\/www.kariyer.net\/kariyer-rehberi\/turkcellin-liderleri-paf-takimindan-yetisiyor\/"]}]},{"@type":"ImageObject","inLanguage":"tr","@id":"https:\/\/www.kariyer.net\/kariyer-rehberi\/turkcellin-liderleri-paf-takimindan-yetisiyor\/#primaryimage","url":"http:\/\/web4.kariyer.net\/UploadFiles\/tempPhoto\/kariyerRehberi\/dp_paf_080324.jpg","contentUrl":"http:\/\/web4.kariyer.net\/UploadFiles\/tempPhoto\/kariyerRehberi\/dp_paf_080324.jpg"},{"@type":"BreadcrumbList","@id":"https:\/\/www.kariyer.net\/kariyer-rehberi\/turkcellin-liderleri-paf-takimindan-yetisiyor\/#breadcrumb","itemListElement":[{"@type":"ListItem","position":1,"name":"Anasayfa","item":"https:\/\/www.kariyer.net\/kariyer-rehberi\/"},{"@type":"ListItem","position":2,"name":"Turkcell&#8217;in liderleri PAF tak\u0131m\u0131ndan yeti\u015fiyor"}]},{"@type":"WebSite","@id":"https:\/\/www.kariyer.net\/kariyer-rehberi\/#website","url":"https:\/\/www.kariyer.net\/kariyer-rehberi\/","name":"Kariyer Rehberi","description":"\u0130\u015f D\u00fcnyas\u0131yla \u0130lgili Bilmek \u0130stedi\u011finiz Her \u015eey","publisher":{"@id":"https:\/\/www.kariyer.net\/kariyer-rehberi\/#organization"},"potentialAction":[{"@type":"SearchAction","target":{"@type":"EntryPoint","urlTemplate":"https:\/\/www.kariyer.net\/kariyer-rehberi\/?s={search_term_string}"},"query-input":{"@type":"PropertyValueSpecification","valueRequired":true,"valueName":"search_term_string"}}],"inLanguage":"tr"},{"@type":"Organization","@id":"https:\/\/www.kariyer.net\/kariyer-rehberi\/#organization","name":"Kariyer.net","url":"https:\/\/www.kariyer.net\/kariyer-rehberi\/","logo":{"@type":"ImageObject","inLanguage":"tr","@id":"https:\/\/www.kariyer.net\/kariyer-rehberi\/#\/schema\/logo\/image\/","url":"https:\/\/www.kariyer.net\/kariyer-rehberi-new\/wp-content\/uploads\/2023\/01\/og-image11.jpg","contentUrl":"https:\/\/www.kariyer.net\/kariyer-rehberi-new\/wp-content\/uploads\/2023\/01\/og-image11.jpg","width":800,"height":800,"caption":"Kariyer.net"},"image":{"@id":"https:\/\/www.kariyer.net\/kariyer-rehberi\/#\/schema\/logo\/image\/"}},{"@type":"Person","@id":"https:\/\/www.kariyer.net\/kariyer-rehberi\/#\/schema\/person\/eb36201afd42c03bc83b82060447b2c9","name":"Kariyer.net","image":{"@type":"ImageObject","inLanguage":"tr","@id":"https:\/\/www.kariyer.net\/kariyer-rehberi\/#\/schema\/person\/image\/","url":"https:\/\/secure.gravatar.com\/avatar\/ddce3ac68cb52fb2ae004bcee334e49ccc6361fefd68c5f6f4d2a86630c28b2e?s=96&d=mm&r=g","contentUrl":"https:\/\/secure.gravatar.com\/avatar\/ddce3ac68cb52fb2ae004bcee334e49ccc6361fefd68c5f6f4d2a86630c28b2e?s=96&d=mm&r=g","caption":"Kariyer.net"},"url":"https:\/\/www.kariyer.net\/kariyer-rehberi\/author\/kariyer-net\/"}]}},"_links":{"self":[{"href":"https:\/\/www.kariyer.net\/kariyer-rehberi\/wp-json\/wp\/v2\/posts\/2886","targetHints":{"allow":["GET"]}}],"collection":[{"href":"https:\/\/www.kariyer.net\/kariyer-rehberi\/wp-json\/wp\/v2\/posts"}],"about":[{"href":"https:\/\/www.kariyer.net\/kariyer-rehberi\/wp-json\/wp\/v2\/types\/post"}],"author":[{"embeddable":true,"href":"https:\/\/www.kariyer.net\/kariyer-rehberi\/wp-json\/wp\/v2\/users\/8"}],"replies":[{"embeddable":true,"href":"https:\/\/www.kariyer.net\/kariyer-rehberi\/wp-json\/wp\/v2\/comments?post=2886"}],"version-history":[{"count":1,"href":"https:\/\/www.kariyer.net\/kariyer-rehberi\/wp-json\/wp\/v2\/posts\/2886\/revisions"}],"predecessor-version":[{"id":18920,"href":"https:\/\/www.kariyer.net\/kariyer-rehberi\/wp-json\/wp\/v2\/posts\/2886\/revisions\/18920"}],"wp:attachment":[{"href":"https:\/\/www.kariyer.net\/kariyer-rehberi\/wp-json\/wp\/v2\/media?parent=2886"}],"wp:term":[{"taxonomy":"category","embeddable":true,"href":"https:\/\/www.kariyer.net\/kariyer-rehberi\/wp-json\/wp\/v2\/categories?post=2886"},{"taxonomy":"post_tag","embeddable":true,"href":"https:\/\/www.kariyer.net\/kariyer-rehberi\/wp-json\/wp\/v2\/tags?post=2886"}],"curies":[{"name":"wp","href":"https:\/\/api.w.org\/{rel}","templated":true}]}}