{"id":2887,"date":"2009-01-30T02:00:00","date_gmt":"2009-01-30T00:00:00","guid":{"rendered":"http:\/\/92.45.35.169\/unileverde-staj-icin-nisani-kacirmayin\/"},"modified":"2024-07-03T14:57:48","modified_gmt":"2024-07-03T11:57:48","slug":"unileverde-staj-icin-nisani-kacirmayin","status":"publish","type":"post","link":"https:\/\/www.kariyer.net\/kariyer-rehberi\/unileverde-staj-icin-nisani-kacirmayin\/","title":{"rendered":"Unilever&#8217;de staj i\u00e7in Nisan&#8217;\u0131 ka\u00e7\u0131rmay\u0131n"},"content":{"rendered":"<p><span style=\"font-size: 12px; font-family: Arial,Helvetica,sans-serif;\"><img fetchpriority=\"high\" decoding=\"async\" width=\"209\" vspace=\"10\" hspace=\"10\" height=\"314\" align=\"left\" alt=\"\" src=\"http:\/\/web4.kariyer.net\/UploadFiles\/tempPhoto\/kariyerRehberi\/unileverk.JPG\" \/><strong><br \/>Selin Deniz \u015eim\u015fek &ndash; Unilever Yetenek Y\u00f6netimi ve E\u011fitim M\u00fcd\u00fcr\u00fc<\/strong><\/p>\n<p>Unilever&rsquo;de staj s\u00fcreci Nisan ay\u0131na kadar Unilever.com.tr adresinden yap\u0131lan staj ba\u015fvurular\u0131yla ba\u015fl\u0131yor. Ba\u015fvurular Unilever yetkinlikleri baz al\u0131narak de\u011ferlendiriliyor. Formu ba\u015far\u0131l\u0131 olan adaylarla iki m\u00fclakat sonunda stajyerler belirleniyor.&nbsp;<\/p>\n<p><strong>Ger\u00e7ek proje sorumlulu\u011fu veriliyor<\/strong><br \/>Temmuz ay\u0131nda ba\u015flay\u0131p 3 ay s\u00fcren staj d\u00f6neminde t\u00fcm stajyerler ger\u00e7ek bir projenin sorumlulu\u011funu alarak bir y\u00f6neticiye ba\u011fl\u0131 olarak \u00e7al\u0131\u015f\u0131yorlar. \u0130K departman\u0131 stajyerlere \u00f6zel e\u011fitimler d\u00fczenliyor. Staj d\u00f6nemi sonunda da projelerini staj yapt\u0131klar\u0131 departman\u0131n y\u00f6neticilerine sunuyorlar ve performanslar\u0131na ili\u015fkin geribildirim alarak stajlar\u0131n\u0131 sonland\u0131r\u0131yorlar. Unilever i\u00e7in staj d\u00f6nemi, Unilever&rsquo;in i\u015fveren kimli\u011fini, oldu\u011fu gibi en iyi \u015fekilde anlatabilmek, gen\u00e7 yeteneklere deneyimletebilmek i\u00e7in \u00e7ok \u00f6nemli ve de\u011ferli bir f\u0131rsat. Stajyerlere ko\u00e7luk yapan t\u00fcm y\u00f6neticiler de bu \u00f6nemli sorumlulu\u011fun fark\u0131nda olarak gelece\u011fin liderlerinin geli\u015fimine katk\u0131da bulunuyorlar.<\/p>\n<p><strong>Staj yap\u0131lacak \u015firketi do\u011fru se\u00e7menin \u00f6nemi<\/strong><br \/>\u00d6\u011frenciler i\u00e7in staj, i\u015f hayat\u0131na at\u0131lmadan \u00f6nce \u00f6nemli bir haz\u0131rl\u0131k arac\u0131. Staj, bir \u015firketin i\u015fleyi\u015fini yak\u0131ndan g\u00f6zlemlemek, profesyonellerle ayn\u0131 ortamda i\u015f \u00f6\u011frenme f\u0131rsat\u0131 edinmek a\u00e7\u0131s\u0131ndan olduk\u00e7a geli\u015ftirici bir deneyim. Stajyer ger\u00e7ek sorumluluk ald\u0131\u011f\u0131ndaysa bu deneyim iki taraf i\u00e7in de faydal\u0131 hale geliyor. \u00c7\u00fcnk\u00fc stajyer taze bak\u0131\u015f a\u00e7\u0131s\u0131yla i\u015fe katk\u0131da bulunurken i\u015f hayat\u0131 hakk\u0131nda tecr\u00fcbe kazanm\u0131\u015f oluyor. \u015eirket a\u00e7\u0131s\u0131ndan bu s\u00fcrecin etkin olmas\u0131 i\u00e7in, i\u015fe al\u0131m yaparken g\u00f6sterilen titizlikten \u00f6d\u00fcn vermeden, \u015firket k\u00fclt\u00fcr\u00fcne uygun ve belirli \u00f6zelliklere sahip stajyerleri se\u00e7mek son derece \u00f6nemli. \u00d6\u011frencilerin de staj yapacaklar\u0131 \u015firketleri belirlerken ayn\u0131 \u00f6zeni g\u00f6stermeleri, bu \u00f6\u011frenme s\u00fcrecini en etkin \u015fekilde de\u011ferlendirmeleri gerekiyor. <\/span><\/p>\n<!-- templates\/buttons-placeholder.php -->\n<div class=\"da-reactions-outer TpostID2887\">\n\t    <div class=\"da-reactions-data da-reactions-container-async center\"\n         data-type=\"post\"\n         data-id=\"2887\"\n         id=\"da-reactions-slot-post-2887\">\n        <div class=\"da-reactions-static\">\n\t\t\t<img src=\"https:\/\/www.kariyer.net\/kariyer-rehberi\/wp-content\/plugins\/da-reactions\/assets\/dist\/loading.svg\" alt=\"Loading spinner\" width=\"48\" height=\"48\" style=\"width:48px\" \/>\n        <\/div>\n    <\/div>\n<\/div>\n","protected":false},"excerpt":{"rendered":"<p>Selin Deniz \u015eim\u015fek &ndash; Unilever Yetenek Y\u00f6netimi ve E\u011fitim M\u00fcd\u00fcr\u00fc Unilever&rsquo;de staj s\u00fcreci Nisan ay\u0131na kadar Unilever.com.tr adresinden yap\u0131lan staj ba\u015fvurular\u0131yla ba\u015fl\u0131yor. Ba\u015fvurular Unilever yetkinlikleri baz al\u0131narak de\u011ferlendiriliyor. Formu ba\u015far\u0131l\u0131 olan adaylarla iki m\u00fclakat sonunda stajyerler belirleniyor.&nbsp; Ger\u00e7ek proje sorumlulu\u011fu veriliyorTemmuz ay\u0131nda ba\u015flay\u0131p 3 ay s\u00fcren staj d\u00f6neminde t\u00fcm stajyerler ger\u00e7ek bir projenin sorumlulu\u011funu alarak [&hellip;]<\/p>\n<!-- templates\/buttons-placeholder.php -->\n<div class=\"da-reactions-outer TpostID2887\">\n\t    <div class=\"da-reactions-data da-reactions-container-async center\"\n         data-type=\"post\"\n         data-id=\"2887\"\n         id=\"da-reactions-slot-post-2887\">\n        <div class=\"da-reactions-static\">\n\t\t\t<img src=\"https:\/\/www.kariyer.net\/kariyer-rehberi\/wp-content\/plugins\/da-reactions\/assets\/dist\/loading.svg\" alt=\"Loading spinner\" width=\"48\" height=\"48\" style=\"width:48px\" \/>\n        <\/div>\n    <\/div>\n<\/div>\n","protected":false},"author":8,"featured_media":0,"comment_status":"open","ping_status":"open","sticky":false,"template":"","format":"standard","meta":{"footnotes":"","_elementor_edit_mode":"","_elementor_template_type":"","_elementor_data":"","_elementor_page_settings":null,"_elementor_conditions":[]},"categories":[2203],"tags":[],"class_list":{"0":"post-2887","1":"post","2":"type-post","3":"status-publish","4":"format-standard","6":"category-haberler-duyurular"},"yoast_head":"<!-- This site is optimized with the Yoast SEO Premium plugin v21.4 (Yoast SEO v27.0) - https:\/\/yoast.com\/product\/yoast-seo-premium-wordpress\/ -->\n<title>Unilever&#039;de staj i\u00e7in Nisan&#039;\u0131 ka\u00e7\u0131rmay\u0131n | Kariyer Rehberi<\/title>\n<meta name=\"description\" content=\"Selin Deniz \u015eim\u015fek &ndash; Unilever Yetenek Y\u00f6netimi ve E\u011fitim M\u00fcd\u00fcr\u00fcUnilever&rsquo;de staj s\u00fcreci Nisan ay\u0131na kadar Unilever.com.tr adresinden yap\u0131lan\" \/>\n<meta name=\"robots\" content=\"index, follow, max-snippet:-1, max-image-preview:large, max-video-preview:-1\" \/>\n<link rel=\"canonical\" href=\"https:\/\/www.kariyer.net\/kariyer-rehberi\/unileverde-staj-icin-nisani-kacirmayin\/\" \/>\n<meta property=\"og:locale\" content=\"tr_TR\" \/>\n<meta property=\"og:type\" content=\"article\" \/>\n<meta property=\"og:title\" content=\"Unilever&#039;de staj i\u00e7in Nisan&#039;\u0131 ka\u00e7\u0131rmay\u0131n\" \/>\n<meta property=\"og:description\" content=\"Selin Deniz \u015eim\u015fek &ndash; Unilever Yetenek Y\u00f6netimi ve E\u011fitim M\u00fcd\u00fcr\u00fcUnilever&rsquo;de staj s\u00fcreci Nisan ay\u0131na kadar Unilever.com.tr adresinden yap\u0131lan\" \/>\n<meta property=\"og:url\" content=\"https:\/\/www.kariyer.net\/kariyer-rehberi\/unileverde-staj-icin-nisani-kacirmayin\/\" \/>\n<meta property=\"og:site_name\" content=\"Kariyer Rehberi\" \/>\n<meta property=\"article:published_time\" content=\"2009-01-30T00:00:00+00:00\" \/>\n<meta property=\"article:modified_time\" content=\"2024-07-03T11:57:48+00:00\" \/>\n<meta property=\"og:image\" content=\"http:\/\/web4.kariyer.net\/UploadFiles\/tempPhoto\/kariyerRehberi\/unileverk.JPG\" \/>\n<meta name=\"author\" content=\"Kariyer.net\" \/>\n<meta name=\"twitter:card\" content=\"summary_large_image\" \/>\n<meta name=\"twitter:label1\" content=\"Yazan:\" \/>\n\t<meta name=\"twitter:data1\" content=\"Kariyer.net\" \/>\n\t<meta name=\"twitter:label2\" content=\"Tahmini okuma s\u00fcresi\" \/>\n\t<meta name=\"twitter:data2\" content=\"2 dakika\" \/>\n<!-- \/ Yoast SEO Premium plugin. -->","yoast_head_json":{"title":"Unilever'de staj i\u00e7in Nisan'\u0131 ka\u00e7\u0131rmay\u0131n | Kariyer Rehberi","description":"Selin Deniz \u015eim\u015fek &ndash; Unilever Yetenek Y\u00f6netimi ve E\u011fitim M\u00fcd\u00fcr\u00fcUnilever&rsquo;de staj s\u00fcreci Nisan ay\u0131na kadar Unilever.com.tr adresinden yap\u0131lan","robots":{"index":"index","follow":"follow","max-snippet":"max-snippet:-1","max-image-preview":"max-image-preview:large","max-video-preview":"max-video-preview:-1"},"canonical":"https:\/\/www.kariyer.net\/kariyer-rehberi\/unileverde-staj-icin-nisani-kacirmayin\/","og_locale":"tr_TR","og_type":"article","og_title":"Unilever'de staj i\u00e7in Nisan'\u0131 ka\u00e7\u0131rmay\u0131n","og_description":"Selin Deniz \u015eim\u015fek &ndash; Unilever Yetenek Y\u00f6netimi ve E\u011fitim M\u00fcd\u00fcr\u00fcUnilever&rsquo;de staj s\u00fcreci Nisan ay\u0131na kadar Unilever.com.tr adresinden yap\u0131lan","og_url":"https:\/\/www.kariyer.net\/kariyer-rehberi\/unileverde-staj-icin-nisani-kacirmayin\/","og_site_name":"Kariyer Rehberi","article_published_time":"2009-01-30T00:00:00+00:00","article_modified_time":"2024-07-03T11:57:48+00:00","og_image":[{"url":"http:\/\/web4.kariyer.net\/UploadFiles\/tempPhoto\/kariyerRehberi\/unileverk.JPG","type":"","width":"","height":""}],"author":"Kariyer.net","twitter_card":"summary_large_image","twitter_misc":{"Yazan:":"Kariyer.net","Tahmini okuma s\u00fcresi":"2 dakika"},"schema":{"@context":"https:\/\/schema.org","@graph":[{"@type":"Article","@id":"https:\/\/www.kariyer.net\/kariyer-rehberi\/unileverde-staj-icin-nisani-kacirmayin\/#article","isPartOf":{"@id":"https:\/\/www.kariyer.net\/kariyer-rehberi\/unileverde-staj-icin-nisani-kacirmayin\/"},"author":{"name":"Kariyer.net","@id":"https:\/\/www.kariyer.net\/kariyer-rehberi\/#\/schema\/person\/eb36201afd42c03bc83b82060447b2c9"},"headline":"Unilever&#8217;de staj i\u00e7in Nisan&#8217;\u0131 ka\u00e7\u0131rmay\u0131n","datePublished":"2009-01-30T00:00:00+00:00","dateModified":"2024-07-03T11:57:48+00:00","mainEntityOfPage":{"@id":"https:\/\/www.kariyer.net\/kariyer-rehberi\/unileverde-staj-icin-nisani-kacirmayin\/"},"wordCount":342,"commentCount":0,"publisher":{"@id":"https:\/\/www.kariyer.net\/kariyer-rehberi\/#organization"},"image":{"@id":"https:\/\/www.kariyer.net\/kariyer-rehberi\/unileverde-staj-icin-nisani-kacirmayin\/#primaryimage"},"thumbnailUrl":"http:\/\/web4.kariyer.net\/UploadFiles\/tempPhoto\/kariyerRehberi\/unileverk.JPG","articleSection":["Haberler ve Duyurular"],"inLanguage":"tr","potentialAction":[{"@type":"CommentAction","name":"Comment","target":["https:\/\/www.kariyer.net\/kariyer-rehberi\/unileverde-staj-icin-nisani-kacirmayin\/#respond"]}]},{"@type":"WebPage","@id":"https:\/\/www.kariyer.net\/kariyer-rehberi\/unileverde-staj-icin-nisani-kacirmayin\/","url":"https:\/\/www.kariyer.net\/kariyer-rehberi\/unileverde-staj-icin-nisani-kacirmayin\/","name":"Unilever'de staj i\u00e7in Nisan'\u0131 ka\u00e7\u0131rmay\u0131n | Kariyer Rehberi","isPartOf":{"@id":"https:\/\/www.kariyer.net\/kariyer-rehberi\/#website"},"primaryImageOfPage":{"@id":"https:\/\/www.kariyer.net\/kariyer-rehberi\/unileverde-staj-icin-nisani-kacirmayin\/#primaryimage"},"image":{"@id":"https:\/\/www.kariyer.net\/kariyer-rehberi\/unileverde-staj-icin-nisani-kacirmayin\/#primaryimage"},"thumbnailUrl":"http:\/\/web4.kariyer.net\/UploadFiles\/tempPhoto\/kariyerRehberi\/unileverk.JPG","datePublished":"2009-01-30T00:00:00+00:00","dateModified":"2024-07-03T11:57:48+00:00","description":"Selin Deniz \u015eim\u015fek &ndash; Unilever Yetenek Y\u00f6netimi ve E\u011fitim M\u00fcd\u00fcr\u00fcUnilever&rsquo;de staj s\u00fcreci Nisan ay\u0131na kadar Unilever.com.tr adresinden yap\u0131lan","breadcrumb":{"@id":"https:\/\/www.kariyer.net\/kariyer-rehberi\/unileverde-staj-icin-nisani-kacirmayin\/#breadcrumb"},"inLanguage":"tr","potentialAction":[{"@type":"ReadAction","target":["https:\/\/www.kariyer.net\/kariyer-rehberi\/unileverde-staj-icin-nisani-kacirmayin\/"]}]},{"@type":"ImageObject","inLanguage":"tr","@id":"https:\/\/www.kariyer.net\/kariyer-rehberi\/unileverde-staj-icin-nisani-kacirmayin\/#primaryimage","url":"http:\/\/web4.kariyer.net\/UploadFiles\/tempPhoto\/kariyerRehberi\/unileverk.JPG","contentUrl":"http:\/\/web4.kariyer.net\/UploadFiles\/tempPhoto\/kariyerRehberi\/unileverk.JPG"},{"@type":"BreadcrumbList","@id":"https:\/\/www.kariyer.net\/kariyer-rehberi\/unileverde-staj-icin-nisani-kacirmayin\/#breadcrumb","itemListElement":[{"@type":"ListItem","position":1,"name":"Anasayfa","item":"https:\/\/www.kariyer.net\/kariyer-rehberi\/"},{"@type":"ListItem","position":2,"name":"Unilever&#8217;de staj i\u00e7in Nisan&#8217;\u0131 ka\u00e7\u0131rmay\u0131n"}]},{"@type":"WebSite","@id":"https:\/\/www.kariyer.net\/kariyer-rehberi\/#website","url":"https:\/\/www.kariyer.net\/kariyer-rehberi\/","name":"Kariyer Rehberi","description":"\u0130\u015f D\u00fcnyas\u0131yla \u0130lgili Bilmek \u0130stedi\u011finiz Her \u015eey","publisher":{"@id":"https:\/\/www.kariyer.net\/kariyer-rehberi\/#organization"},"potentialAction":[{"@type":"SearchAction","target":{"@type":"EntryPoint","urlTemplate":"https:\/\/www.kariyer.net\/kariyer-rehberi\/?s={search_term_string}"},"query-input":{"@type":"PropertyValueSpecification","valueRequired":true,"valueName":"search_term_string"}}],"inLanguage":"tr"},{"@type":"Organization","@id":"https:\/\/www.kariyer.net\/kariyer-rehberi\/#organization","name":"Kariyer.net","url":"https:\/\/www.kariyer.net\/kariyer-rehberi\/","logo":{"@type":"ImageObject","inLanguage":"tr","@id":"https:\/\/www.kariyer.net\/kariyer-rehberi\/#\/schema\/logo\/image\/","url":"https:\/\/www.kariyer.net\/kariyer-rehberi-new\/wp-content\/uploads\/2023\/01\/og-image11.jpg","contentUrl":"https:\/\/www.kariyer.net\/kariyer-rehberi-new\/wp-content\/uploads\/2023\/01\/og-image11.jpg","width":800,"height":800,"caption":"Kariyer.net"},"image":{"@id":"https:\/\/www.kariyer.net\/kariyer-rehberi\/#\/schema\/logo\/image\/"}},{"@type":"Person","@id":"https:\/\/www.kariyer.net\/kariyer-rehberi\/#\/schema\/person\/eb36201afd42c03bc83b82060447b2c9","name":"Kariyer.net","image":{"@type":"ImageObject","inLanguage":"tr","@id":"https:\/\/www.kariyer.net\/kariyer-rehberi\/#\/schema\/person\/image\/","url":"https:\/\/secure.gravatar.com\/avatar\/ddce3ac68cb52fb2ae004bcee334e49ccc6361fefd68c5f6f4d2a86630c28b2e?s=96&d=mm&r=g","contentUrl":"https:\/\/secure.gravatar.com\/avatar\/ddce3ac68cb52fb2ae004bcee334e49ccc6361fefd68c5f6f4d2a86630c28b2e?s=96&d=mm&r=g","caption":"Kariyer.net"},"url":"https:\/\/www.kariyer.net\/kariyer-rehberi\/author\/kariyer-net\/"}]}},"_links":{"self":[{"href":"https:\/\/www.kariyer.net\/kariyer-rehberi\/wp-json\/wp\/v2\/posts\/2887","targetHints":{"allow":["GET"]}}],"collection":[{"href":"https:\/\/www.kariyer.net\/kariyer-rehberi\/wp-json\/wp\/v2\/posts"}],"about":[{"href":"https:\/\/www.kariyer.net\/kariyer-rehberi\/wp-json\/wp\/v2\/types\/post"}],"author":[{"embeddable":true,"href":"https:\/\/www.kariyer.net\/kariyer-rehberi\/wp-json\/wp\/v2\/users\/8"}],"replies":[{"embeddable":true,"href":"https:\/\/www.kariyer.net\/kariyer-rehberi\/wp-json\/wp\/v2\/comments?post=2887"}],"version-history":[{"count":1,"href":"https:\/\/www.kariyer.net\/kariyer-rehberi\/wp-json\/wp\/v2\/posts\/2887\/revisions"}],"predecessor-version":[{"id":18921,"href":"https:\/\/www.kariyer.net\/kariyer-rehberi\/wp-json\/wp\/v2\/posts\/2887\/revisions\/18921"}],"wp:attachment":[{"href":"https:\/\/www.kariyer.net\/kariyer-rehberi\/wp-json\/wp\/v2\/media?parent=2887"}],"wp:term":[{"taxonomy":"category","embeddable":true,"href":"https:\/\/www.kariyer.net\/kariyer-rehberi\/wp-json\/wp\/v2\/categories?post=2887"},{"taxonomy":"post_tag","embeddable":true,"href":"https:\/\/www.kariyer.net\/kariyer-rehberi\/wp-json\/wp\/v2\/tags?post=2887"}],"curies":[{"name":"wp","href":"https:\/\/api.w.org\/{rel}","templated":true}]}}