{"id":2890,"date":"2009-01-30T02:00:00","date_gmt":"2009-01-30T00:00:00","guid":{"rendered":"http:\/\/92.45.35.169\/yari-zamanli-calisma-ericssonda-destekleniyor\/"},"modified":"2024-07-03T14:57:48","modified_gmt":"2024-07-03T11:57:48","slug":"yari-zamanli-calisma-ericssonda-destekleniyor","status":"publish","type":"post","link":"https:\/\/www.kariyer.net\/kariyer-rehberi\/yari-zamanli-calisma-ericssonda-destekleniyor\/","title":{"rendered":"Yar\u0131 zamanl\u0131 \u00e7al\u0131\u015fma Ericsson&#8217;da destekleniyor"},"content":{"rendered":"<p><span style=\"font-size: 12px; font-family: Arial,Helvetica,sans-serif\"><\/p>\n<p><img decoding=\"async\" height=\"89\" alt=\"\" hspace=\"5\" width=\"250\" align=\"left\" vspace=\"5\" src=\"http:\/\/web4.kariyer.net\/UploadFiles\/tempPhoto\/kariyerRehberi\/ericssonk.jpg\" \/><br \/>Ericsson T\u00fcrkiye&rsquo;nin uzun d\u00f6nemli ve k\u0131sa d\u00f6nemli olmak \u00fczere iki ayr\u0131 staj program\u0131 bulunuyor. Uzun d\u00f6nemli stajlar\u0131m\u0131zda, \u00f6\u011frencilerin ders program\u0131na g\u00f6re haftan\u0131n kendi belirleyece\u011fi 2 ya da 3 g\u00fcn\u00fcnde, yar\u0131 zamanl\u0131 olarak \u00e7al\u0131\u015fmalar\u0131 destekleniyor. Uzun d\u00f6nemli staj pozisyonlar\u0131 di\u011fer tam zamanl\u0131 a\u00e7\u0131k pozisyonlar gibi <a class=\"link\" target=\"_blank\" href=\"http:\/\/www.ericsson.com.tr\/\" rel=\"noopener\">www.ericsson.com.tr<\/a> adresinden duyuruluyor.&nbsp;&nbsp;<\/p>\n<p><strong>\u0130stekli ve kararl\u0131 olanlar kazan\u0131yor<\/strong><br \/>K\u0131sa d\u00f6nemli stajlar\u0131m\u0131zdaysa \u00f6\u011frenciler yaz d\u00f6neminde en az 1 en fazla 3 ay s\u00fcreyle tam zamanl\u0131 \u00e7al\u0131\u015f\u0131yorlar. Ericsson T\u00fcrkiye&rsquo;nin yaz staj pozisyonlar\u0131 genellikle k\u0131\u015f okul d\u00f6neminde Crea Academy E\u011fitim ve Burs program\u0131na devam eden \u00f6\u011frencilerden olu\u015fuyor. Stajyer pozisyonlar\u0131nda de\u011ferlendirme yaparken di\u011fer t\u00fcm pozisyonlarda oldu\u011fu gibi \u00f6ncelikle ki\u015finin isteklili\u011fi ve kararl\u0131l\u0131\u011f\u0131n\u0131 \u00f6n planda de\u011ferlendiriliyor. Sonraki a\u015famalarda adaylar\u0131n teknik yeterlili\u011fi \u00f6n plana \u00e7\u0131k\u0131yor.&nbsp;<\/p>\n<p><strong><br \/>Stajyer al\u0131m\u0131 y\u0131l boyunca s\u00fcr\u00fcyor<\/strong><br \/>Stajyer al\u0131m\u0131 s\u00fcre\u00e7lerinde ilgili birim y\u00f6neticisiyle \u0130nsan Kaynaklar\u0131 sorumlusu de\u011ferlendirmeyi birlikte y\u00fcr\u00fct\u00fcyorlar. Ericsson T\u00fcrkiye olarak uzun d\u00f6nemli stajyer al\u0131mlar\u0131n\u0131 y\u0131l\u0131n her zaman\u0131 yap\u0131yor. K\u0131sa d\u00f6nemli yaz staj program\u0131nda yer alacak Crea Academy Program\u0131 \u00f6\u011frencileri de\u011ferlendirmeleriyse Aral\u0131k ve Ocak ay\u0131nda ba\u015fl\u0131yor.<\/p>\n<p><strong><br \/>Ericsson G\u00f6khan K\u00fc\u00e7\u00fckosmano\u011flu \u0130nsan Kaynaklar\u0131 Departman\u0131 &ndash; Stajyer<\/strong><br \/>Ericsson&rsquo;daki \u00e7al\u0131\u015fma bi\u00e7imleri ve ekip i\u00e7i ili\u015fkileri ger\u00e7ekten \u00e7ok profesyonel ve bir o kadar samimi. Yapt\u0131\u011f\u0131n\u0131z i\u015fle de\u011fer g\u00f6r\u00fcyor verildi\u011fini hissediyorsunuz. Bu duygu insanda \u00e7al\u0131\u015fma iste\u011fi ve \u00f6zg\u00fcven a\u015f\u0131l\u0131yor. Dengeli sorumluluklar ve tak\u0131m \u00e7al\u0131\u015fmalar\u0131ndan korkmayan giri\u015fken \u00e7al\u0131\u015fanlar, \u00e7ekingen bir yap\u0131y\u0131 bile etkileyerek motivasyon yarat\u0131yor. \u015eirketin yerle\u015fik k\u00fclt\u00fcr\u00fcnden etkilenirken, staj yap\u0131yor olsan\u0131z bile yarat\u0131c\u0131 ve besleyici g\u00f6r\u00fc\u015fleriniz dikkate al\u0131n\u0131yor; &#8220;Ericsson K\u00fclt\u00fcr\u00fc&#8221;ne sizin fikirleriniz de kolayl\u0131kla dahil olabiliyor.&nbsp; Motivasyon kul\u00fcb\u00fc kapsam\u0131nda rahatlama ve e\u011flenme imkan\u0131 sunan bir dizi program y\u00fcr\u00fct\u00fcl\u00fcyor. Bunu daha g\u00fczel k\u0131lan ise pozitif y\u00f6netimin bunlar\u0131 desteklemesi hatta \u00f6nc\u00fc olmas\u0131. Bu staj d\u00f6nem,imi de\u011ferlendirdi\u011fimde, varolan yetenek ve bilgilerimi kullanmak; ayr\u0131ca bunlara yenilerini ekleyebilmek i\u00e7in Ericsson&rsquo;un kesinlikle do\u011fru bir adres oldu\u011funu d\u00fc\u015f\u00fcn\u00fcyorum.<\/p>\n<p><\/span><\/p>\n<!-- templates\/buttons-placeholder.php -->\n<div class=\"da-reactions-outer TpostID2890\">\n\t    <div class=\"da-reactions-data da-reactions-container-async center\"\n         data-type=\"post\"\n         data-id=\"2890\"\n         id=\"da-reactions-slot-post-2890\">\n        <div class=\"da-reactions-static\">\n\t\t\t<img src=\"https:\/\/www.kariyer.net\/kariyer-rehberi\/wp-content\/plugins\/da-reactions\/assets\/dist\/loading.svg\" alt=\"Loading spinner\" width=\"48\" height=\"48\" style=\"width:48px\" \/>\n        <\/div>\n    <\/div>\n<\/div>\n","protected":false},"excerpt":{"rendered":"<p>Ericsson T\u00fcrkiye&rsquo;nin uzun d\u00f6nemli ve k\u0131sa d\u00f6nemli olmak \u00fczere iki ayr\u0131 staj program\u0131 bulunuyor. Uzun d\u00f6nemli stajlar\u0131m\u0131zda, \u00f6\u011frencilerin ders program\u0131na g\u00f6re haftan\u0131n kendi belirleyece\u011fi 2 ya da 3 g\u00fcn\u00fcnde, yar\u0131 zamanl\u0131 olarak \u00e7al\u0131\u015fmalar\u0131 destekleniyor. Uzun d\u00f6nemli staj pozisyonlar\u0131 di\u011fer tam zamanl\u0131 a\u00e7\u0131k pozisyonlar gibi www.ericsson.com.tr adresinden duyuruluyor.&nbsp;&nbsp; \u0130stekli ve kararl\u0131 olanlar kazan\u0131yorK\u0131sa d\u00f6nemli stajlar\u0131m\u0131zdaysa \u00f6\u011frenciler [&hellip;]<\/p>\n<!-- templates\/buttons-placeholder.php -->\n<div class=\"da-reactions-outer TpostID2890\">\n\t    <div class=\"da-reactions-data da-reactions-container-async center\"\n         data-type=\"post\"\n         data-id=\"2890\"\n         id=\"da-reactions-slot-post-2890\">\n        <div class=\"da-reactions-static\">\n\t\t\t<img src=\"https:\/\/www.kariyer.net\/kariyer-rehberi\/wp-content\/plugins\/da-reactions\/assets\/dist\/loading.svg\" alt=\"Loading spinner\" width=\"48\" height=\"48\" style=\"width:48px\" \/>\n        <\/div>\n    <\/div>\n<\/div>\n","protected":false},"author":8,"featured_media":0,"comment_status":"open","ping_status":"open","sticky":false,"template":"","format":"standard","meta":{"footnotes":"","_elementor_edit_mode":"","_elementor_template_type":"","_elementor_data":"","_elementor_page_settings":null,"_elementor_conditions":[]},"categories":[2203],"tags":[],"class_list":{"0":"post-2890","1":"post","2":"type-post","3":"status-publish","4":"format-standard","6":"category-haberler-duyurular"},"yoast_head":"<!-- This site is optimized with the Yoast SEO Premium plugin v21.4 (Yoast SEO v27.0) - https:\/\/yoast.com\/product\/yoast-seo-premium-wordpress\/ -->\n<title>Yar\u0131 zamanl\u0131 \u00e7al\u0131\u015fma Ericsson&#039;da destekleniyor | Kariyer Rehberi<\/title>\n<meta name=\"description\" content=\"Ericsson T\u00fcrkiye&rsquo;nin uzun d\u00f6nemli ve k\u0131sa d\u00f6nemli olmak \u00fczere iki ayr\u0131 staj program\u0131 bulunuyor. Uzun d\u00f6nemli stajlar\u0131m\u0131zda, \u00f6\u011frencilerin ders\" \/>\n<meta name=\"robots\" content=\"index, follow, max-snippet:-1, max-image-preview:large, max-video-preview:-1\" \/>\n<link rel=\"canonical\" href=\"https:\/\/www.kariyer.net\/kariyer-rehberi\/yari-zamanli-calisma-ericssonda-destekleniyor\/\" \/>\n<meta property=\"og:locale\" content=\"tr_TR\" \/>\n<meta property=\"og:type\" content=\"article\" \/>\n<meta property=\"og:title\" content=\"Yar\u0131 zamanl\u0131 \u00e7al\u0131\u015fma Ericsson&#039;da destekleniyor\" \/>\n<meta property=\"og:description\" content=\"Ericsson T\u00fcrkiye&rsquo;nin uzun d\u00f6nemli ve k\u0131sa d\u00f6nemli olmak \u00fczere iki ayr\u0131 staj program\u0131 bulunuyor. Uzun d\u00f6nemli stajlar\u0131m\u0131zda, \u00f6\u011frencilerin ders\" \/>\n<meta property=\"og:url\" content=\"https:\/\/www.kariyer.net\/kariyer-rehberi\/yari-zamanli-calisma-ericssonda-destekleniyor\/\" \/>\n<meta property=\"og:site_name\" content=\"Kariyer Rehberi\" \/>\n<meta property=\"article:published_time\" content=\"2009-01-30T00:00:00+00:00\" \/>\n<meta property=\"article:modified_time\" content=\"2024-07-03T11:57:48+00:00\" \/>\n<meta property=\"og:image\" content=\"http:\/\/web4.kariyer.net\/UploadFiles\/tempPhoto\/kariyerRehberi\/ericssonk.jpg\" \/>\n<meta name=\"author\" content=\"Kariyer.net\" \/>\n<meta name=\"twitter:card\" content=\"summary_large_image\" \/>\n<meta name=\"twitter:label1\" content=\"Yazan:\" \/>\n\t<meta name=\"twitter:data1\" content=\"Kariyer.net\" \/>\n\t<meta name=\"twitter:label2\" content=\"Tahmini okuma s\u00fcresi\" \/>\n\t<meta name=\"twitter:data2\" content=\"2 dakika\" \/>\n<!-- \/ Yoast SEO Premium plugin. -->","yoast_head_json":{"title":"Yar\u0131 zamanl\u0131 \u00e7al\u0131\u015fma Ericsson'da destekleniyor | Kariyer Rehberi","description":"Ericsson T\u00fcrkiye&rsquo;nin uzun d\u00f6nemli ve k\u0131sa d\u00f6nemli olmak \u00fczere iki ayr\u0131 staj program\u0131 bulunuyor. Uzun d\u00f6nemli stajlar\u0131m\u0131zda, \u00f6\u011frencilerin ders","robots":{"index":"index","follow":"follow","max-snippet":"max-snippet:-1","max-image-preview":"max-image-preview:large","max-video-preview":"max-video-preview:-1"},"canonical":"https:\/\/www.kariyer.net\/kariyer-rehberi\/yari-zamanli-calisma-ericssonda-destekleniyor\/","og_locale":"tr_TR","og_type":"article","og_title":"Yar\u0131 zamanl\u0131 \u00e7al\u0131\u015fma Ericsson'da destekleniyor","og_description":"Ericsson T\u00fcrkiye&rsquo;nin uzun d\u00f6nemli ve k\u0131sa d\u00f6nemli olmak \u00fczere iki ayr\u0131 staj program\u0131 bulunuyor. Uzun d\u00f6nemli stajlar\u0131m\u0131zda, \u00f6\u011frencilerin ders","og_url":"https:\/\/www.kariyer.net\/kariyer-rehberi\/yari-zamanli-calisma-ericssonda-destekleniyor\/","og_site_name":"Kariyer Rehberi","article_published_time":"2009-01-30T00:00:00+00:00","article_modified_time":"2024-07-03T11:57:48+00:00","og_image":[{"url":"http:\/\/web4.kariyer.net\/UploadFiles\/tempPhoto\/kariyerRehberi\/ericssonk.jpg","type":"","width":"","height":""}],"author":"Kariyer.net","twitter_card":"summary_large_image","twitter_misc":{"Yazan:":"Kariyer.net","Tahmini okuma s\u00fcresi":"2 dakika"},"schema":{"@context":"https:\/\/schema.org","@graph":[{"@type":"Article","@id":"https:\/\/www.kariyer.net\/kariyer-rehberi\/yari-zamanli-calisma-ericssonda-destekleniyor\/#article","isPartOf":{"@id":"https:\/\/www.kariyer.net\/kariyer-rehberi\/yari-zamanli-calisma-ericssonda-destekleniyor\/"},"author":{"name":"Kariyer.net","@id":"https:\/\/www.kariyer.net\/kariyer-rehberi\/#\/schema\/person\/eb36201afd42c03bc83b82060447b2c9"},"headline":"Yar\u0131 zamanl\u0131 \u00e7al\u0131\u015fma Ericsson&#8217;da destekleniyor","datePublished":"2009-01-30T00:00:00+00:00","dateModified":"2024-07-03T11:57:48+00:00","mainEntityOfPage":{"@id":"https:\/\/www.kariyer.net\/kariyer-rehberi\/yari-zamanli-calisma-ericssonda-destekleniyor\/"},"wordCount":428,"commentCount":0,"publisher":{"@id":"https:\/\/www.kariyer.net\/kariyer-rehberi\/#organization"},"image":{"@id":"https:\/\/www.kariyer.net\/kariyer-rehberi\/yari-zamanli-calisma-ericssonda-destekleniyor\/#primaryimage"},"thumbnailUrl":"http:\/\/web4.kariyer.net\/UploadFiles\/tempPhoto\/kariyerRehberi\/ericssonk.jpg","articleSection":["Haberler ve Duyurular"],"inLanguage":"tr","potentialAction":[{"@type":"CommentAction","name":"Comment","target":["https:\/\/www.kariyer.net\/kariyer-rehberi\/yari-zamanli-calisma-ericssonda-destekleniyor\/#respond"]}]},{"@type":"WebPage","@id":"https:\/\/www.kariyer.net\/kariyer-rehberi\/yari-zamanli-calisma-ericssonda-destekleniyor\/","url":"https:\/\/www.kariyer.net\/kariyer-rehberi\/yari-zamanli-calisma-ericssonda-destekleniyor\/","name":"Yar\u0131 zamanl\u0131 \u00e7al\u0131\u015fma Ericsson'da destekleniyor | Kariyer Rehberi","isPartOf":{"@id":"https:\/\/www.kariyer.net\/kariyer-rehberi\/#website"},"primaryImageOfPage":{"@id":"https:\/\/www.kariyer.net\/kariyer-rehberi\/yari-zamanli-calisma-ericssonda-destekleniyor\/#primaryimage"},"image":{"@id":"https:\/\/www.kariyer.net\/kariyer-rehberi\/yari-zamanli-calisma-ericssonda-destekleniyor\/#primaryimage"},"thumbnailUrl":"http:\/\/web4.kariyer.net\/UploadFiles\/tempPhoto\/kariyerRehberi\/ericssonk.jpg","datePublished":"2009-01-30T00:00:00+00:00","dateModified":"2024-07-03T11:57:48+00:00","description":"Ericsson T\u00fcrkiye&rsquo;nin uzun d\u00f6nemli ve k\u0131sa d\u00f6nemli olmak \u00fczere iki ayr\u0131 staj program\u0131 bulunuyor. Uzun d\u00f6nemli stajlar\u0131m\u0131zda, \u00f6\u011frencilerin ders","breadcrumb":{"@id":"https:\/\/www.kariyer.net\/kariyer-rehberi\/yari-zamanli-calisma-ericssonda-destekleniyor\/#breadcrumb"},"inLanguage":"tr","potentialAction":[{"@type":"ReadAction","target":["https:\/\/www.kariyer.net\/kariyer-rehberi\/yari-zamanli-calisma-ericssonda-destekleniyor\/"]}]},{"@type":"ImageObject","inLanguage":"tr","@id":"https:\/\/www.kariyer.net\/kariyer-rehberi\/yari-zamanli-calisma-ericssonda-destekleniyor\/#primaryimage","url":"http:\/\/web4.kariyer.net\/UploadFiles\/tempPhoto\/kariyerRehberi\/ericssonk.jpg","contentUrl":"http:\/\/web4.kariyer.net\/UploadFiles\/tempPhoto\/kariyerRehberi\/ericssonk.jpg"},{"@type":"BreadcrumbList","@id":"https:\/\/www.kariyer.net\/kariyer-rehberi\/yari-zamanli-calisma-ericssonda-destekleniyor\/#breadcrumb","itemListElement":[{"@type":"ListItem","position":1,"name":"Anasayfa","item":"https:\/\/www.kariyer.net\/kariyer-rehberi\/"},{"@type":"ListItem","position":2,"name":"Yar\u0131 zamanl\u0131 \u00e7al\u0131\u015fma Ericsson&#8217;da destekleniyor"}]},{"@type":"WebSite","@id":"https:\/\/www.kariyer.net\/kariyer-rehberi\/#website","url":"https:\/\/www.kariyer.net\/kariyer-rehberi\/","name":"Kariyer Rehberi","description":"\u0130\u015f D\u00fcnyas\u0131yla \u0130lgili Bilmek \u0130stedi\u011finiz Her \u015eey","publisher":{"@id":"https:\/\/www.kariyer.net\/kariyer-rehberi\/#organization"},"potentialAction":[{"@type":"SearchAction","target":{"@type":"EntryPoint","urlTemplate":"https:\/\/www.kariyer.net\/kariyer-rehberi\/?s={search_term_string}"},"query-input":{"@type":"PropertyValueSpecification","valueRequired":true,"valueName":"search_term_string"}}],"inLanguage":"tr"},{"@type":"Organization","@id":"https:\/\/www.kariyer.net\/kariyer-rehberi\/#organization","name":"Kariyer.net","url":"https:\/\/www.kariyer.net\/kariyer-rehberi\/","logo":{"@type":"ImageObject","inLanguage":"tr","@id":"https:\/\/www.kariyer.net\/kariyer-rehberi\/#\/schema\/logo\/image\/","url":"https:\/\/www.kariyer.net\/kariyer-rehberi-new\/wp-content\/uploads\/2023\/01\/og-image11.jpg","contentUrl":"https:\/\/www.kariyer.net\/kariyer-rehberi-new\/wp-content\/uploads\/2023\/01\/og-image11.jpg","width":800,"height":800,"caption":"Kariyer.net"},"image":{"@id":"https:\/\/www.kariyer.net\/kariyer-rehberi\/#\/schema\/logo\/image\/"}},{"@type":"Person","@id":"https:\/\/www.kariyer.net\/kariyer-rehberi\/#\/schema\/person\/eb36201afd42c03bc83b82060447b2c9","name":"Kariyer.net","image":{"@type":"ImageObject","inLanguage":"tr","@id":"https:\/\/www.kariyer.net\/kariyer-rehberi\/#\/schema\/person\/image\/","url":"https:\/\/secure.gravatar.com\/avatar\/ddce3ac68cb52fb2ae004bcee334e49ccc6361fefd68c5f6f4d2a86630c28b2e?s=96&d=mm&r=g","contentUrl":"https:\/\/secure.gravatar.com\/avatar\/ddce3ac68cb52fb2ae004bcee334e49ccc6361fefd68c5f6f4d2a86630c28b2e?s=96&d=mm&r=g","caption":"Kariyer.net"},"url":"https:\/\/www.kariyer.net\/kariyer-rehberi\/author\/kariyer-net\/"}]}},"_links":{"self":[{"href":"https:\/\/www.kariyer.net\/kariyer-rehberi\/wp-json\/wp\/v2\/posts\/2890","targetHints":{"allow":["GET"]}}],"collection":[{"href":"https:\/\/www.kariyer.net\/kariyer-rehberi\/wp-json\/wp\/v2\/posts"}],"about":[{"href":"https:\/\/www.kariyer.net\/kariyer-rehberi\/wp-json\/wp\/v2\/types\/post"}],"author":[{"embeddable":true,"href":"https:\/\/www.kariyer.net\/kariyer-rehberi\/wp-json\/wp\/v2\/users\/8"}],"replies":[{"embeddable":true,"href":"https:\/\/www.kariyer.net\/kariyer-rehberi\/wp-json\/wp\/v2\/comments?post=2890"}],"version-history":[{"count":1,"href":"https:\/\/www.kariyer.net\/kariyer-rehberi\/wp-json\/wp\/v2\/posts\/2890\/revisions"}],"predecessor-version":[{"id":18923,"href":"https:\/\/www.kariyer.net\/kariyer-rehberi\/wp-json\/wp\/v2\/posts\/2890\/revisions\/18923"}],"wp:attachment":[{"href":"https:\/\/www.kariyer.net\/kariyer-rehberi\/wp-json\/wp\/v2\/media?parent=2890"}],"wp:term":[{"taxonomy":"category","embeddable":true,"href":"https:\/\/www.kariyer.net\/kariyer-rehberi\/wp-json\/wp\/v2\/categories?post=2890"},{"taxonomy":"post_tag","embeddable":true,"href":"https:\/\/www.kariyer.net\/kariyer-rehberi\/wp-json\/wp\/v2\/tags?post=2890"}],"curies":[{"name":"wp","href":"https:\/\/api.w.org\/{rel}","templated":true}]}}