{"id":2923,"date":"2008-05-08T03:00:00","date_gmt":"2008-05-08T00:00:00","guid":{"rendered":"http:\/\/92.45.35.169\/quotbir-hayat-icerisinde-onlarca-hayat-yasadimquot\/"},"modified":"2024-07-03T15:04:47","modified_gmt":"2024-07-03T12:04:47","slug":"quotbir-hayat-icerisinde-onlarca-hayat-yasadimquot","status":"publish","type":"post","link":"https:\/\/www.kariyer.net\/kariyer-rehberi\/quotbir-hayat-icerisinde-onlarca-hayat-yasadimquot\/","title":{"rendered":"&#8220;Bir hayat i\u00e7erisinde onlarca hayat ya\u015fad\u0131m&#8221;"},"content":{"rendered":"<div style=\"line-height: normal;\">\n<div style=\"line-height: normal;\"><span style=\"font-size: 8pt;\"><img decoding=\"async\" alt=\"\" src=\"http:\/\/web4.kariyer.net\/UploadFiles\/tempPhoto\/kariyerRehberi\/ahmetumit(1).jpg\" width=\"180\" height=\"150\" align=\"left\" hspace=\"10\" vspace=\"10\" \/>Ahmet \u00dcmit k\u00fc\u00e7\u00fckken \u00a0\u201cileride yazar olaca\u011f\u0131m, yazarl\u0131k benim i\u00e7in en \u00f6nemli meslek\u201d diye d\u00fc\u015f\u00fcnmez hi\u00e7. Lise ve \u00fcniversitede okurken gazeteci, politikac\u0131 hatta sinemac\u0131 olmay\u0131 d\u00fc\u015f\u00fcn\u00fcr.\u00a0Ama yazarl\u0131k,\u00a0akl\u0131n\u0131n k\u00f6\u015fesinde bile yoktur.\u00a0Ta ki 1982 Anayasas\u0131&#8217;na\u00a0kadar.\u00a0T\u00fcrkiye\u2019de askeri rejimin oldu\u011fu o d\u00f6nemlerde Ahmet \u00dcmit askeri rejime kar\u015f\u0131 m\u00fccadele eden sol bir\u00a0\u00f6rg\u00fct\u00fcn i\u00e7erisindedir. 82 Anayasas\u0131\u2019na kar\u015f\u0131 duvarlara afi\u015fler yap\u0131\u015ft\u0131r\u0131rlar. Ve \u00dcmit\u2019in birka\u00e7 arkada\u015f\u0131 yakalan\u0131r. O da operasyon hakk\u0131nda bir rapor yazar. \u0130\u015fte o raporla asl\u0131nda ilk hikayesini yazm\u0131\u015ft\u0131r. O hikaye Prag\u2019da 40 ayr\u0131 dilde yay\u0131nlanan Bar\u0131\u015f ve Sosyalizm Sorunlar\u0131 Dergisi\u2019nde yay\u0131nlan\u0131r. Ve b\u00f6ylece \u00dcmit\u2019in ilk hikayesi 40 ayr\u0131 dilde yay\u0131nlanm\u0131\u015f olur. Tabii edebi \u00f6zelliklerinden dolay\u0131 de\u011fil, politik \u00f6zelliklerinden dolay\u0131. Ama bu ona bir cesaret verir. \u201cDemek ki yazabilirmi\u015fim\u201d der. \u0130\u015fte 12 Eyl\u00fcl d\u00f6nemi ve o g\u00fcn\u00fcn ko\u015fullar\u0131 onun yazarl\u0131k yolculu\u011funda olduk\u00e7a belirleyicidir. Hikayeler yazmaya ba\u015flar. Daha sonra e\u011fitim i\u00e7in gitti\u011fi Moskova\u2019da \u015fiir yazmay\u0131 dener. 89 y\u0131l\u0131nda yay\u0131nlanan ilk kitab\u0131 \u201cSoka\u011f\u0131n Zulas\u0131\u201d bir \u015fiir kitab\u0131d\u0131r. Daha sonra di\u011fer kitaplar\u0131 gelir ve derken T\u00fcrkiye\u2019de olmayan, ya da olan ama edebi bir t\u00fcr olarak kabul edilmeyen polisiye t\u00fcr\u00fcnde ilk roman\u0131, Sis ve Gece\u2019yi yazar. Ahmet \u00dcmit bug\u00fcn polisiye roman denilince T\u00fcrkiye\u2019de ilk akla gelen isim. Sadece polisiye t\u00fcr\u00fcnde de\u011fil eserleri. O her \u015feyi konu al\u0131yor ve pek \u00e7ok t\u00fcrde eser veriyor. Ahmet \u00dcmit ile polisiye, yeni \u00e7\u0131kan kitab\u0131 \u201cOlmayan \u00dclke\u201d, \u015fu an yazmakta oldu\u011fu \u201c\u015eems Cinayeti\u201d hakk\u0131nda konu\u015ftuk. \u00a0<\/span><\/div>\n<div style=\"line-height: normal;\"><\/div>\n<div style=\"line-height: normal;\"><strong><span style=\"font-size: 8pt;\">Polisiye yazmam\u0131n as\u0131l sebebi 14 ya\u015f\u0131mdan 29 ya\u015f\u0131ma kadar olan hayat\u0131m.<\/span><\/strong><\/div>\n<div style=\"line-height: normal;\"><span style=\"font-size: 8pt;\">Polisiyeye ba\u015flamam yazarl\u0131\u011fa ba\u015flamam gibi kendili\u011finden oldu. \u201c\u00c7\u0131plak Ayakl\u0131 Gece\u201d adl\u0131 \u00f6yk\u00fc kitab\u0131mda bir hikaye vard\u0131. O zaman \u015eehir Tiyatrolar\u0131\u2019nda y\u00f6netmen olan arkada\u015f\u0131m Ali Taygun bu \u00f6yk\u00fcy\u00fc okudu ve dedi ki \u201c Sen polisiye yaz\u0131yorsun\u201d. Ben polisiye yazd\u0131\u011f\u0131m\u0131 d\u00fc\u015f\u00fcnm\u00fcyorum tabii. Sonra anlad\u0131m; 78 ku\u015fa\u011f\u0131ndan biriyim. 1974\u2019ten 1989\u2019a kadar olan 15 y\u0131l\u0131m tam bir ka\u00e7maca kovalamaca i\u00e7erisinde ge\u00e7ti. S\u00fcrekli can derdindesin, kendini korumaya \u00e7al\u0131\u015f\u0131yorsun. Tabii 14 ya\u015f\u0131mdan 29 ya\u015f\u0131ma kadar ya\u015fad\u0131\u011f\u0131m hayat yazmaya ba\u015flay\u0131nca da etkisini g\u00f6sterdi. O y\u0131llarda ya\u015fad\u0131\u011f\u0131m\u0131z adrenalin kendini yazarken de hissettirdi. Ve polisiye yazmaya ba\u015flad\u0131m.<\/span><\/div>\n<div style=\"line-height: normal;\"><strong>\u00a0<\/strong><\/div>\n<div style=\"line-height: normal;\"><strong><span style=\"font-size: 8pt;\">G\u00fcn\u00fcm\u00fcz\u00fcn polisiye okurunun beklentileri \u00e7ok y\u00fcksek<\/span><\/strong><\/div>\n<div style=\"line-height: normal;\"><span style=\"font-size: 8pt;\">\u0130yi polisiye metinlerde sa\u011flam bir matematik olmas\u0131 ve okuru aldatmaman\u0131z gerekir. Yani okura pek \u00e7ok \u015feyi s\u00f6ylemeniz laz\u0131m. Ama art\u0131k g\u00fcn\u00fcm\u00fczde bu yeterli de\u011fil. Klasik anlamda ilk polisiye 1841\u2019de yay\u0131nlanan Edgar Allan Poe\u2019nun Morgue Soka\u011f\u0131 Cinayeti. Demek ki 160 k\u00fcsur y\u0131l ge\u00e7mi\u015f aradan. Dolay\u0131s\u0131yla onlar gibi yazamay\u0131z. \u00c7ok sa\u011flam bir mant\u0131\u011f\u0131, zekice d\u00fczenlenmi\u015f bir kurgusu olacak. Ama ayn\u0131 zamanda da normal roman ne i\u00e7eriyorsa onu bar\u0131nd\u0131racak. Yani insan psikolojisi ve tarihsel, sosyolojik, psikolojik perspektifleri. Ancak b\u00f6yle oldu\u011fu zaman yazd\u0131klar\u0131n\u0131z \u00e7ok de\u011ferli olur. \u00d6teki t\u00fcrl\u00fc bir cinayet i\u015flenmi\u015f ya da bir bilinmez var. Bu bilinmez nedir sorusuyla okuru s\u00fcr\u00fcklemek, bug\u00fcn\u00fcn okuruna yeterli gelmiyor. Bug\u00fcn\u00fcn okuru, roman boyunca bir yandan problem \u00e7\u00f6zerken bir yandan da insana, hayata, ge\u00e7mi\u015fimize ve gelece\u011fimize dair bilgiler edinmek istiyor. G\u00fcn\u00fcn sorunlar\u0131na dair d\u00fc\u015f\u00fcnmek istiyor. G\u00fcn\u00fcn sorunlar\u0131na felsefi bir yakla\u015f\u0131m getirmemizi istiyor. B\u00fct\u00fcn bunlar\u0131 derleyip tasarlay\u0131p yazman\u0131z gerekiyor. O zaman da roman i\u00e7in \u00e7ok ciddi bir ara\u015ft\u0131rma yapman\u0131z gerekiyor.<\/span><\/div>\n<div style=\"line-height: normal;\"><\/div>\n<div style=\"line-height: normal;\"><strong><span style=\"font-size: 8pt;\">T\u00fcrkiye\u2019de yazarlar\u0131m\u0131z polisiyeyi k\u00fc\u00e7\u00fcms\u00fcyorlard\u0131<\/span><\/strong><\/div>\n<div style=\"line-height: normal;\"><span style=\"font-size: 8pt;\">T\u00fcrkiye\u2019de polisiyenin geli\u015fmemesini baz\u0131lar\u0131 su\u00e7 bi\u00e7iminin polisiyeye uygun olmad\u0131\u011f\u0131na ba\u011flar. Sigorta sistemimizin \u00e7ok geli\u015fmemi\u015f, feodal k\u00fclt\u00fcr\u00fcn yayg\u0131n olmas\u0131 buna sebep olarak g\u00f6sterilir. Adam kar\u0131s\u0131 onu aldatt\u0131\u011f\u0131 i\u00e7in herkesin g\u00f6z\u00fc \u00f6n\u00fcnde e\u015fini \u00f6ld\u00fcr\u00fcyor. Yani her \u015fey ortada ya\u015fan\u0131yor. Ama ben daha \u00e7ok bu durumun yazarlar\u0131m\u0131z\u0131n polisiyeyi k\u00fc\u00e7\u00fcmsemesine, polisiye roman\u0131 anlamamalar\u0131na ba\u011fl\u0131 oldu\u011funu d\u00fc\u015f\u00fcn\u00fcyorum. \u00c7\u00fcnk\u00fc e\u011fer yazarlar\u0131m\u0131z bu y\u00f6ne y\u00f6nelselerdi T\u00fcrkiye\u2019den her zaman g\u00fczel hikayeler \u00e7\u0131kard\u0131. T\u00fcrkiye\u2019de de ki\u015fisel olan ya da \u00f6rg\u00fctlerin i\u015fledi\u011fi cinayetler olduk\u00e7a fazla. Y\u00fczlerce faili me\u00e7hul cinayet var ve onlardan inan\u0131lmaz romanlar \u00e7\u0131kar. B\u0131rak\u0131n Cumhuriyet d\u00f6nemini, Osmanl\u0131, Bizans, Do\u011fu Roma d\u00f6nemlerinde saraylarda inan\u0131lmaz entrikalar vard\u0131. Zaten yava\u015f yava\u015f bu durum k\u0131r\u0131lmaya ba\u015flad\u0131. 90\u2019lardan bu yana pek \u00e7ok yazar\u0131m\u0131z polisiye yazmaya ba\u015flad\u0131. D\u00fcnyadaki etki de bunu k\u0131rd\u0131. D\u00fcnyadaki b\u00fcy\u00fck yazarlar da polisiye romana y\u00f6neldiler ve polisiyenin ikinci s\u0131n\u0131f edebiyat olmad\u0131\u011f\u0131n\u0131 g\u00f6rd\u00fcler.<\/span><\/div>\n<div style=\"line-height: normal;\"><\/div>\n<div style=\"line-height: normal;\"><strong><span style=\"font-size: 8pt;\">Dan Brown ve Jean-Christophe Grange\u2019\u0131n edebi yanlar\u0131 zay\u0131f<\/span><\/strong><\/div>\n<div style=\"line-height: normal;\"><span style=\"font-size: 8pt;\">Ben asl\u0131nda klasikleri severim. Onlar benim ba\u015fucu kitaplar\u0131m. Dostoyevski, Poe\u2019nun \u00f6yk\u00fcleri, Balzac\u2019\u0131 \u00e7ok seviyorum. G\u00fcn\u00fcm\u00fczde yazarlar\u0131ndan da Paul Auster, Umberto Eco, gibi yazarlar\u0131n metinlerini severek okurum. Borges de \u00e7ok iyidir. Marquez gibi Latin yazarlar\u0131n\u0131 da \u00e7ok seviyorum. Polisiyede de beni etkileyen yabanc\u0131 yazar ne yaz\u0131k ki yok. Onlar\u0131 okuyorum ama ne yaz\u0131k ki hep eksik kal\u0131yor. Dan Brown ve Grange mesela bana g\u00f6re eksik yazarlar. Edebi yanlar\u0131 son derece zay\u0131f. Orada bir hikaye var. Ama edebiyat hikaye de\u011fildir. Hikaye iyi bir roman\u0131n par\u00e7as\u0131d\u0131r. Ama edebiyat ayn\u0131 zamanda iyi bir dildir. \u0130yi anlat\u0131lm\u0131\u015f, derinlemesine anlat\u0131lm\u0131\u015f karakterlerdir. Bu karakterlerin psikolojik taraflar\u0131d\u0131r. O \u00fclkenin, o d\u00fcnyan\u0131n tarihidir. Bunlar\u0131n hepsini i\u00e7erdi\u011fi zaman bir romand\u0131r. \u00d6teki t\u00fcrl\u00fc spek\u00fclatif bir hikaye anlatabilirsiniz Dan Brown gibi.<\/span><\/div>\n<div style=\"line-height: normal;\"><\/div>\n<div style=\"line-height: normal;\"><strong><span style=\"font-size: 8pt;\">Kitaplar insanlarda bilgi susuzlu\u011fu uyand\u0131rmal\u0131<\/span><\/strong><\/div>\n<div style=\"line-height: normal;\"><span style=\"font-size: 8pt;\">Edebiyat\u00e7\u0131lar ya da romanlar yan\u0131tlar vermez, soru sorarlar. Ben e\u011fer bu sorular\u0131 do\u011fru sorarsam insanlar ba\u015fka kitaplara y\u00f6nelmeye ba\u015flarlar. Kitaplar\u0131m e\u011fer insanlarda bilgi susuzlu\u011fu uyand\u0131rd\u0131ysa, onlar\u0131, kafalar\u0131nda olu\u015fan sorular\u0131n yan\u0131tlar\u0131n\u0131 bulmak i\u00e7in ba\u015fka kitaplara y\u00f6nlendirdiyse bu benim a\u00e7\u0131mdan ba\u015far\u0131l\u0131 bir i\u015f oldu\u011fu anlam\u0131na gelir.<\/span><\/div>\n<div style=\"line-height: normal;\"><\/div>\n<div style=\"line-height: normal;\"><strong><span style=\"font-size: 8pt;\">Yazar muhalif olmal\u0131d\u0131r<\/span><\/strong><\/div>\n<div style=\"line-height: normal;\"><span style=\"font-size: 8pt;\">Yazar muhalif olmak durumundad\u0131r. \u00c7o\u011fu zaman muhaliflik denilince politik muhaliflik anla\u015f\u0131l\u0131r. Oysa yazar\u0131n muhalifli\u011fi politikay\u0131 da kapsayan b\u00fct\u00fcn ya\u015fama kar\u015f\u0131 bir muhalifliktir. Ya\u015fad\u0131\u011f\u0131m\u0131z hayat\u0131n olumsuzluklar\u0131, yanl\u0131\u015fl\u0131klar\u0131 nelerdir? Bunlar\u0131 anlat\u0131r\u0131z. Bunlar\u0131n i\u00e7inde tabii politika da vard\u0131r. A\u015fk da, arkada\u015fl\u0131k da, kom\u015fuluk da vard\u0131r. Bunlar\u0131n hepsini kapsar asl\u0131nda yazar\u0131n muhalifli\u011fi. Ama tabii sadece mesaj vermek i\u00e7in de yazmay\u0131z bir \u015feyi. Bir roman mesaj verdi\u011fi kadar e\u011flendirir, ho\u015f\u00e7a vakit ge\u00e7irtir, estetik haz verir, hayal g\u00fcc\u00fcn\u00fc uyand\u0131r\u0131r, k\u0131\u015fk\u0131rt\u0131r.<\/span><\/div>\n<div style=\"line-height: normal;\"><\/div>\n<div style=\"line-height: normal;\"><\/div>\n<div style=\"line-height: normal;\"><strong><span style=\"font-size: 8pt;\">Son kitab\u0131m \u201cOlmayan \u00dclke\u201d beni \u00e7ok mutlu etti <\/span><\/strong><\/div>\n<div style=\"line-height: normal;\"><span style=\"font-size: 8pt;\">Benim annem \u00e7ok iyi bir masal anlat\u0131c\u0131s\u0131d\u0131r. Muhtemelen benim yazarl\u0131k yetene\u011fim de ondan geliyor. Annem terziydi, k\u0131z \u00e7\u0131raklar\u0131 vard\u0131. Bir yandan diki\u015f dikilirken bir yandan da annem onlara masallar anlat\u0131rd\u0131. 1995 y\u0131l\u0131nda ben bir masal kitab\u0131 yazd\u0131m. Daha do\u011frusu annemden dinledi\u011fim bir masal\u0131 d\u00fczenleyip yazd\u0131m. Masal Masal \u0130\u00e7inde. Bu kitap inan\u0131lmaz bir etki yaratt\u0131. Pek \u00e7ok \u00f6zel ilk\u00f6\u011fretim okulunda ve \u00f6zel kolejlerde yard\u0131mc\u0131 ders kitab\u0131 olarak okutuluyor. Ne zaman gitsem \u00f6\u011fretmenler \u201cNe olur bize bir tane daha yaz\u0131n\u201d diyor. Benim de kafamda hep vard\u0131, yine annemin anlatt\u0131\u011f\u0131 masallardan birini kendime g\u00f6re de\u011fi\u015ftirerek yazmaya ba\u015flad\u0131m, o s\u0131rada R\u00fczgar ad\u0131nda bir erkek torunum oldu. Kitab\u0131mdaki kahraman\u0131n ismini de R\u00fczgar yapt\u0131k. Kitap asl\u0131nda \u015funu anlat\u0131yor; g\u00fcn\u00fcm\u00fczde hem d\u00fcnyada hem \u00fclkemizde insanlar ne yaz\u0131k ki k\u00fclt\u00fcrleri, etnik orijinleri, dini inan\u00e7lar\u0131, yakla\u015f\u0131mlar\u0131 farkl\u0131 oldu\u011fu i\u00e7in birbirlerini d\u0131\u015fl\u0131yorlar. Bir arada ya\u015famak yerine birbirini d\u00fc\u015fman gibi g\u00f6rmek e\u011filimi var. Masal\u0131m\u0131z da insan k\u0131z\u0131 Su ile b\u00fcy\u00fcc\u00fcn\u00fcn o\u011flu R\u00fczgar\u2019\u0131n \u00a0a\u015fk\u0131n\u0131 anlat\u0131yor. Su ile R\u00fczgar ne b\u00fcy\u00fcc\u00fclere yaranabiliyorlar, ne de insanlara. Onlar da olmayan \u00fclkeye gidiyorlar. \u00c7\u00fcnk\u00fc umut, olmayan \u00fclkede. \u00c7\u00fcnk\u00fc umut olmayan k\u00fclt\u00fcrde. Asl\u0131nda ben bunu anlatmak, \u00e7ocuklara da bunu s\u00f6ylemek laz\u0131m. Olmayan \u00dclke \u2018yi 7\u2019den 70\u2019e her ya\u015ftan \u00e7ocuk okuyabilir. Binbir Gece Masallar\u0131 gibi. Bu, beni \u00e7ok mutlu eden bir kitap oldu.<\/span><\/div>\n<div style=\"line-height: normal;\"><\/div>\n<div style=\"line-height: normal;\"><strong><span style=\"font-size: 8pt;\">Masal yazmak laz\u0131m<\/span><\/strong><\/div>\n<div style=\"line-height: normal;\"><span style=\"font-size: 8pt;\">Masal yazmaya devam etmek istiyorum. \u00c7\u00fcnk\u00fc kli\u015fe bir laft\u0131r ama, do\u011frudur; Bu \u00fclkenin de d\u00fcnyan\u0131n da gelece\u011fi \u00e7ocuklar. Ve o \u00e7ocuklar\u0131 bug\u00fcn sadece televizyona ve bilgisayara mahkum etmek do\u011fru bir \u015fey de\u011fil. Onlara k\u00fclt\u00fcrel beslenme a\u00e7\u0131s\u0131ndan ba\u015fka kaynaklar da sunmak laz\u0131m. O zaman bizim gibi yazarlar\u0131n b\u00fcy\u00fcklere oldu\u011fu kadar \u00e7ocuklara da y\u00f6nelik bir \u015feyler yapmas\u0131 gerek. \u00d6zellikle torunum olduktan sonra o duyguyu yeniden hissettim. Her \u00e7ocuk bir umut. O umudu besleyecek olan da biz b\u00fcy\u00fcklerin ya\u015fam\u0131d\u0131r. Bizim do\u011frular\u0131m\u0131z\u0131 ve yanl\u0131\u015flar\u0131m\u0131z\u0131 g\u00f6recekler ve bizden daha iyi bir hayat kuracaklar. Onun i\u00e7in masal yazmak laz\u0131m, bu i\u015fi ciddiye almak laz\u0131m.<\/span><\/div>\n<div style=\"line-height: normal;\"><\/div>\n<div style=\"line-height: normal;\"><strong><span style=\"font-size: 8pt;\">\u015eu anda \u015eems cinayetini ara\u015ft\u0131r\u0131yorum<\/span><\/strong><\/div>\n<div style=\"line-height: normal;\"><span style=\"font-size: 8pt;\">Mevlana\u2019n\u0131n yak\u0131n dostu, b\u00fcy\u00fck a\u015fk\u0131 olan \u015eems 700 k\u00fcsur y\u0131l \u00f6nce Konya\u2019da \u00f6ld\u00fcr\u00fcl\u00fcr. Bir g\u00fcn kap\u0131 \u00e7al\u0131n\u0131r, \u015eems\u2019i d\u0131\u015far\u0131 \u00e7a\u011f\u0131r\u0131rlar. \u015eems \u00e7\u0131kar ve bir daha kendisinden haber al\u0131namaz. Bilinen bilgi budur. Bu konu \u00e7ok ilgimi \u00e7ekti ve bu cinayeti eksen alan bir roman yazmaya karar verdim. Bu adamlar \u015eems\u2019i neden \u00f6ld\u00fcrmek istemi\u015fler? \u015eems nereye gitmi\u015f? \u015eems\u2019in Mevlana\u2019yla ili\u015fkisi nedir? 1.5 y\u0131ld\u0131r arada bir Konya\u2019ya da giderek bunun ara\u015ft\u0131rmas\u0131n\u0131 yap\u0131yorum. <\/span><\/div>\n<div style=\"line-height: normal;\"><strong>\u00a0<\/strong><\/div>\n<div style=\"line-height: normal;\"><strong><span style=\"font-size: 8pt;\">Mutlu oldu\u011fum kitaplar bana ba\u015far\u0131y\u0131 ve kariyeri getirdi<\/span><\/strong><\/div>\n<div style=\"line-height: normal;\"><span style=\"font-size: 8pt;\">Bir yazar\u0131n ula\u015fmaya \u00e7al\u0131\u015ft\u0131\u011f\u0131 \u015fey ba\u015far\u0131 olmamal\u0131d\u0131r. Mutluluk olmal\u0131d\u0131r. Ba\u015far\u0131 dedi\u011fimiz \u015fey asl\u0131nda mutlulu\u011fumuzu olu\u015fturan dallardan biridir. Ama bazen ba\u015far\u0131 i\u00e7in mutlulu\u011fumuzdan vazge\u00e7ti\u011fimiz olur. Bence bu tam bir felaket. \u015eems\u2019in cinayetiyle ilgili roman\u0131m i\u00e7in 15 g\u00fcn \u00f6nce Konya\u2019ya gittim. Her yer kar i\u00e7indeydi. Mevlana t\u00fcrbesine 50 metre yak\u0131nl\u0131kta bir otelde kald\u0131m. Gece yar\u0131s\u0131 \u00e7\u0131k\u0131p Konya sokaklar\u0131nda dola\u015ft\u0131m. \u0130nan\u0131lmaz bir ruh halim vard\u0131. Muhte\u015fem duygular hissettim. O kitab\u0131 yazmak i\u00e7in o kitapta yer alan kahramanlar gibi hissetmem gerekiyor. \u0130\u015fte bence mutluluk bu. Bunu hissedersem ve pe\u015finden gidersem ba\u015far\u0131 da gelecektir. Kariyer de pe\u015finden gelir. Hep inand\u0131\u011f\u0131m ve mutlu oldu\u011fum kitaplar\u0131 yazd\u0131m. Bu kitaplar da bana ba\u015far\u0131y\u0131 ve iyi bir kariyeri getirdi.<\/span><\/div>\n<div style=\"line-height: normal;\"><strong>\u00a0<\/strong><\/div>\n<div style=\"line-height: normal;\"><strong><span style=\"font-size: 8pt;\">Polisiye metin yazmaktan daha fazla keyif al\u0131yorum<\/span><\/strong><\/div>\n<div style=\"line-height: normal;\"><span style=\"font-size: 8pt;\">Ben kendimi herhangi bir t\u00fcrle s\u0131n\u0131rlam\u0131yorum. Kendimi polisiye yazar\u0131, felsefe yapan, masalc\u0131, denemeci olan biri olarak g\u00f6rm\u00fcyorum. Ben bir edebiyat\u00e7\u0131y\u0131m. \u0130yi roman yazar\u0131m. \u00d6nemli olan konuyu bulmak. O konu benim i\u00e7in enteresan olmal\u0131. Ama itiraf etmek gerekirse polisiye metin yazmaktan daha fazla keyif al\u0131yorum. \u00c7ok e\u011flenceli oluyor. Yazarken s\u0131k\u0131lm\u0131yorum. Ben \u00e7ok s\u0131k\u0131lan bir adam\u0131m. Polisiye bu s\u0131k\u0131nt\u0131dan insan\u0131 kurtaran bir t\u00fcr. Kitab\u0131n i\u00e7indeki katiller, kurbanlar, polislerin hepsi siz oluyorsunuz. Heyecanl\u0131 oluyor.<\/span><\/div>\n<div style=\"line-height: normal;\"><\/div>\n<div style=\"line-height: normal;\"><strong><span style=\"font-size: 8pt;\">Ben de t\u0131pk\u0131 bir i\u015f\u00e7i gibi \u00e7al\u0131\u015f\u0131yorum<\/span><\/strong><\/div>\n<div style=\"line-height: normal;\"><span style=\"font-size: 8pt;\">Ben mutlaka her sabah yazmak d\u00fc\u015f\u00fcncesiyle kalkar\u0131m. Yazmaya da \u00e7al\u0131\u015f\u0131r\u0131m. Bazen yazamam. Ekstra bir \u015fey olmazsa muhakkak Beyo\u011flu\u2019ndaki ofisime gelip \u00e7al\u0131\u015f\u0131r\u0131m. Bir i\u015f\u00e7i gibi. Kitap \u00f6ncesinde b\u00fcy\u00fck bir ara\u015ft\u0131rma yapar\u0131m. Her \u015fey bittikten sonra 15-20 tane \u00e7ok g\u00fcvendi\u011fim arkada\u015f\u0131ma yazd\u0131klar\u0131m\u0131 okuturum. Onlar da ele\u015ftirilerini s\u00f6ylerler. Kat\u0131ld\u0131klar\u0131m\u0131 de\u011fi\u015ftiririm. Kat\u0131lmad\u0131klar\u0131m kal\u0131r. En son olarak da uzan\u0131r\u0131m Romal\u0131lar gibi divana. Bir ki\u015fi okur kitab\u0131. De\u011fi\u015ftirilecek bir yer varsa not ald\u0131r\u0131r\u0131m. Ondan sonra kitap \u00e7\u0131kar.<\/span><\/div>\n<div style=\"line-height: normal;\"><strong>\u00a0<\/strong><\/div>\n<div style=\"line-height: normal;\"><strong><span style=\"font-size: 8pt;\">Yazd\u0131\u011f\u0131m s\u0131rada asl\u0131nda roman\u0131n i\u00e7erisindeyim<\/span><\/strong><\/div>\n<div style=\"line-height: normal;\"><span style=\"font-size: 8pt;\">Ben yazarken g\u00f6r\u00fcr\u00fcm. Her \u015fey canlan\u0131r ve ya\u015famaya ba\u015flar\u0131m. Yazd\u0131\u011f\u0131m s\u0131rada ben roman\u0131n i\u00e7erisindeyimdir. Hem mekan\u0131, hem zaman\u0131, hem de karakterlerimin ruh halini hissederim. Dolay\u0131s\u0131yla yazd\u0131\u011f\u0131m \u015feyde bir g\u00f6rsellik olu\u015fturur. Ben yazarken g\u00f6rd\u00fc\u011f\u00fcm i\u00e7in okur da g\u00f6rmeye ba\u015flar. Bir\u00e7ok hikayem beyaz cama ve beyaz perdeye aktar\u0131ld\u0131. Sinema ya da dizi ba\u015fka bir aland\u0131r, edebiyat de\u011fildir, dolay\u0131s\u0131yla bunu yapan arkada\u015f benim s\u00f6zc\u00fcklerle anlatt\u0131\u011f\u0131m hikayeyi g\u00f6r\u00fcnt\u00fclerle anlatmaktad\u0131r. Onlar\u0131 \u00e7ok yarg\u0131lamak istemem. Ama birebir yazd\u0131\u011f\u0131m metnin ve s\u00f6zc\u00fcklerin oraya aktar\u0131lmas\u0131 imkans\u0131z. O nedenle toleransl\u0131 yakla\u015f\u0131r\u0131m onlara. Beni mutlu eden yazd\u0131\u011f\u0131m hikayenin \u00f6z\u00fcne uygun davranmalar\u0131, akl\u0131mdakine benzer olmas\u0131d\u0131r.<\/span><\/div>\n<div style=\"line-height: normal;\"><\/div>\n<div style=\"line-height: normal;\"><strong><span style=\"font-size: 8pt;\">Yazmak asl\u0131nda tam anlam\u0131yla bir ruh g\u00f6\u00e7\u00fc<\/span><\/strong><\/div>\n<div style=\"line-height: normal;\"><span style=\"font-size: 8pt;\">Yazmak, \u00f6yle bir \u015fey ki bir ya\u015fam tarz\u0131 demek daha do\u011fru. \u00c7ok mutluluk veren bir \u015fey. Tan\u0131nan bir yazar\u0131m, insanlar beni yolda g\u00f6r\u00fcnce elimi s\u0131karak te\u015fekk\u00fcr ederler. T\u00fcrkiye\u2019de hayat\u0131n\u0131 kitaplarla u\u011fra\u015farak ge\u00e7iren ve bundan para kazanabilen say\u0131l\u0131 yazarlardan biriyim. Sayg\u0131n bir i\u015f yap\u0131yorum. Ama as\u0131l beni mutlu eden \u015fey: bir tane hayat\u0131m\u0131z var bizim, bir formda ya\u015f\u0131yoruz. Ben Ahmet \u00dcmit, erkek olarak d\u00fcnyaya geldim, T\u00fcrkiye\u2019de ya\u015f\u0131yorum mesela. Ama yazarken b\u00fct\u00fcn bunlar\u0131n d\u0131\u015f\u0131na \u00e7\u0131kabiliyorsunuz. Kad\u0131n, \u00e7ocuk, ya\u015fl\u0131 olabiliyorsunuz. \u00c7i\u00e7ek, ku\u015f, bal\u0131k olabiliyorsunuz. Ya\u015famad\u0131\u011f\u0131n\u0131z hayatlar\u0131 ya\u015fama \u015fans\u0131 buluyorsunuz. Ruh g\u00f6\u00e7\u00fcn\u00fc sa\u011flam\u0131\u015f oluyorsunuz. Bu inan\u0131lmaz bir deneyim. Bir hayat i\u00e7erisinde onlarca hayat ya\u015fama \u015fans\u0131n\u0131 sana veren bir \u015feydir yazar olmak.<\/span><\/div>\n<div style=\"line-height: normal;\"><\/div>\n<div style=\"line-height: normal;\"><strong><span style=\"font-size: 8pt;\">50 ya\u015f\u0131mdan sonra film \u00e7ekece\u011fim<\/span><\/strong><\/div>\n<div style=\"line-height: normal;\"><span style=\"font-size: 8pt;\">Ben kendime 50 ya\u015f\u0131mdan sonra bir film \u00e7ekmeliyim diye bir hedef koydum. \u015eimdi 48 ya\u015f\u0131nday\u0131m. Sinemac\u0131 de\u011filim ama film \u00e7ekebilece\u011fime inan\u0131yorum. Bir roman\u0131m\u0131 filme \u00e7ekebilirim. Belki de daha iyi \u00e7ekerim. \u00c7\u00fcnk\u00fc ben g\u00f6rd\u00fc\u011f\u00fcm\u00fc ka\u011f\u0131da d\u00f6k\u00fcyorum. Tek sorun sineman\u0131n y\u00fcksek maliyetli bir i\u015f olmas\u0131. \u00a0<\/span><\/div>\n<div style=\"line-height: normal;\"><\/div>\n<div style=\"margin: 0cm 0cm 10pt;\"><strong><span style=\"font-size: 8pt; line-height: 115%;\"><img decoding=\"async\" alt=\"\" src=\"http:\/\/web4.kariyer.net\/UploadFiles\/tempPhoto\/kariyerRehberi\/olmayan_ulke_kapak(1).jpg\" width=\"150\" height=\"192\" align=\"left\" hspace=\"10\" vspace=\"10\" \/>Ahmet \u00dcmit\u2019in Eserleri<\/span><\/strong><\/div>\n<div style=\"margin: 0cm 0cm 10pt; line-height: normal;\"><strong><span style=\"font-size: 8pt;\">Soka\u011f\u0131n Zulas\u0131 (1989) <\/span><\/strong><\/div>\n<div style=\"margin: 0cm 0cm 10pt; line-height: normal;\"><strong><span style=\"font-size: 8pt;\">\u00c7\u0131plak Ayakl\u0131yd\u0131 Gece (1992) <\/span><\/strong><\/div>\n<div style=\"margin: 0cm 0cm 10pt; line-height: normal;\"><strong><span style=\"font-size: 8pt;\">Bir Ses B\u00f6ler Geceyi (1994) <\/span><\/strong><\/div>\n<div style=\"margin: 0cm 0cm 10pt; line-height: normal;\"><strong><span style=\"font-size: 8pt;\">Masal Masal \u0130\u00e7inde (1995) <\/span><\/strong><\/div>\n<div style=\"margin: 0cm 0cm 10pt; line-height: normal;\"><strong><span style=\"font-size: 8pt;\">Sis ve Gece (1996) <\/span><\/strong><\/div>\n<div style=\"margin: 0cm 0cm 10pt; line-height: normal;\"><strong><span style=\"font-size: 8pt;\">Agatha&#8217;n\u0131n Anahtar\u0131 (1999) <\/span><\/strong><\/div>\n<div style=\"margin: 0cm 0cm 10pt; line-height: normal;\"><strong><span style=\"font-size: 8pt;\">Kar Kokusu (1998) <\/span><\/strong><\/div>\n<div style=\"margin: 0cm 0cm 10pt; line-height: normal;\"><strong><span style=\"font-size: 8pt;\">Patasana (2000) <\/span><\/strong><\/div>\n<div style=\"margin: 0cm 0cm 10pt; line-height: normal;\"><strong><span style=\"font-size: 8pt;\"><img decoding=\"async\" alt=\"\" src=\"http:\/\/web4.kariyer.net\/UploadFiles\/tempPhoto\/kariyerRehberi\/sis_ve_gece(2).jpg\" width=\"150\" height=\"246\" align=\"left\" hspace=\"10\" vspace=\"10\" \/>\u015eeytan Ayr\u0131nt\u0131da Gizlidir (2002) <\/span><\/strong><\/div>\n<div style=\"margin: 0cm 0cm 10pt; line-height: normal;\"><strong><span style=\"font-size: 8pt;\">Kukla (2002) <\/span><\/strong><\/div>\n<div style=\"margin: 0cm 0cm 10pt; line-height: normal;\"><strong><span style=\"font-size: 8pt;\">Beyo\u011flu Rapsodisi (2003) <\/span><\/strong><\/div>\n<div style=\"margin: 0cm 0cm 10pt; line-height: normal;\"><strong><span style=\"font-size: 8pt;\">A\u015fk K\u00f6pekliktir (2004) <\/span><\/strong><\/div>\n<div style=\"margin: 0cm 0cm 10pt; line-height: normal;\"><strong><span style=\"font-size: 8pt;\">Ba\u015fkomser Nevzat, \u00c7i\u00e7ek\u00e7inin \u00d6l\u00fcm\u00fc (2005) <\/span><\/strong><\/div>\n<div style=\"margin: 0cm 0cm 10pt; line-height: normal;\"><strong><span style=\"font-size: 8pt;\">Kavim (2006) <\/span><\/strong><\/div>\n<div style=\"margin: 0cm 0cm 10pt; line-height: normal;\"><strong><span style=\"font-size: 8pt;\">Ninatta&#8217;n\u0131n Bilezi\u011fi (2006) <\/span><\/strong><\/div>\n<div style=\"margin: 0cm 0cm 10pt; line-height: normal;\"><strong><span style=\"font-size: 8pt;\">Ba\u015fkomser Nevzat Tap\u0131nak Fahi\u015fesi (2007) <\/span><\/strong><\/div>\n<div style=\"margin: 0cm 0cm 10pt; line-height: normal;\"><strong><span style=\"font-size: 8pt;\">\u0130nsan Ruhunun Haritas\u0131 (2007)<\/span><\/strong><\/div>\n<div style=\"margin: 0cm 0cm 10pt; line-height: normal;\"><strong><span style=\"font-size: 8pt;\">Olmayan \u00dclke (2008)<\/span><\/strong><\/div>\n<div style=\"line-height: normal;\"><\/div>\n<\/div>\n<!-- templates\/buttons-placeholder.php -->\n<div class=\"da-reactions-outer TpostID2923\">\n\t    <div class=\"da-reactions-data da-reactions-container-async center\"\n         data-type=\"post\"\n         data-id=\"2923\"\n         id=\"da-reactions-slot-post-2923\">\n        <div class=\"da-reactions-static\">\n\t\t\t<img src=\"https:\/\/www.kariyer.net\/kariyer-rehberi\/wp-content\/plugins\/da-reactions\/assets\/dist\/loading.svg\" alt=\"Loading spinner\" width=\"48\" height=\"48\" style=\"width:48px\" \/>\n        <\/div>\n    <\/div>\n<\/div>\n","protected":false},"excerpt":{"rendered":"<p>Ahmet \u00dcmit k\u00fc\u00e7\u00fckken \u00a0\u201cileride yazar olaca\u011f\u0131m, yazarl\u0131k benim i\u00e7in en \u00f6nemli meslek\u201d diye d\u00fc\u015f\u00fcnmez hi\u00e7. Lise ve \u00fcniversitede okurken gazeteci, politikac\u0131 hatta sinemac\u0131 olmay\u0131 d\u00fc\u015f\u00fcn\u00fcr.\u00a0Ama yazarl\u0131k,\u00a0akl\u0131n\u0131n k\u00f6\u015fesinde bile yoktur.\u00a0Ta ki 1982 Anayasas\u0131&#8217;na\u00a0kadar.\u00a0T\u00fcrkiye\u2019de askeri rejimin oldu\u011fu o d\u00f6nemlerde Ahmet \u00dcmit askeri rejime kar\u015f\u0131 m\u00fccadele eden sol bir\u00a0\u00f6rg\u00fct\u00fcn i\u00e7erisindedir. 82 Anayasas\u0131\u2019na kar\u015f\u0131 duvarlara afi\u015fler yap\u0131\u015ft\u0131r\u0131rlar. Ve \u00dcmit\u2019in [&hellip;]<\/p>\n<!-- templates\/buttons-placeholder.php -->\n<div class=\"da-reactions-outer TpostID2923\">\n\t    <div class=\"da-reactions-data da-reactions-container-async center\"\n         data-type=\"post\"\n         data-id=\"2923\"\n         id=\"da-reactions-slot-post-2923\">\n        <div class=\"da-reactions-static\">\n\t\t\t<img src=\"https:\/\/www.kariyer.net\/kariyer-rehberi\/wp-content\/plugins\/da-reactions\/assets\/dist\/loading.svg\" alt=\"Loading spinner\" width=\"48\" height=\"48\" style=\"width:48px\" \/>\n        <\/div>\n    <\/div>\n<\/div>\n","protected":false},"author":8,"featured_media":0,"comment_status":"open","ping_status":"open","sticky":false,"template":"","format":"standard","meta":{"footnotes":"","_elementor_edit_mode":"","_elementor_template_type":"","_elementor_data":"","_elementor_page_settings":null,"_elementor_conditions":[]},"categories":[46,2211],"tags":[],"class_list":{"0":"post-2923","1":"post","2":"type-post","3":"status-publish","4":"format-standard","6":"category-is-hayati","7":"category-kariyer-gelisimi"},"yoast_head":"<!-- This site is optimized with the Yoast SEO Premium plugin v21.4 (Yoast SEO v27.0) - https:\/\/yoast.com\/product\/yoast-seo-premium-wordpress\/ -->\n<title>&quot;Bir hayat i\u00e7erisinde onlarca hayat ya\u015fad\u0131m&quot; | Kariyer Rehberi<\/title>\n<meta name=\"description\" content=\"Ahmet \u00dcmit k\u00fc\u00e7\u00fckken \u00a0\u201cileride yazar olaca\u011f\u0131m, yazarl\u0131k benim i\u00e7in en \u00f6nemli meslek\u201d diye d\u00fc\u015f\u00fcnmez hi\u00e7. Lise ve \u00fcniversitede okurken gazeteci, politikac\u0131\" \/>\n<meta name=\"robots\" content=\"index, follow, max-snippet:-1, max-image-preview:large, max-video-preview:-1\" \/>\n<link rel=\"canonical\" href=\"https:\/\/www.kariyer.net\/kariyer-rehberi\/quotbir-hayat-icerisinde-onlarca-hayat-yasadimquot\/\" \/>\n<meta property=\"og:locale\" content=\"tr_TR\" \/>\n<meta property=\"og:type\" content=\"article\" \/>\n<meta property=\"og:title\" content=\"&quot;Bir hayat i\u00e7erisinde onlarca hayat ya\u015fad\u0131m&quot;\" \/>\n<meta property=\"og:description\" content=\"Ahmet \u00dcmit k\u00fc\u00e7\u00fckken \u00a0\u201cileride yazar olaca\u011f\u0131m, yazarl\u0131k benim i\u00e7in en \u00f6nemli meslek\u201d diye d\u00fc\u015f\u00fcnmez hi\u00e7. Lise ve \u00fcniversitede okurken gazeteci, politikac\u0131\" \/>\n<meta property=\"og:url\" content=\"https:\/\/www.kariyer.net\/kariyer-rehberi\/quotbir-hayat-icerisinde-onlarca-hayat-yasadimquot\/\" \/>\n<meta property=\"og:site_name\" content=\"Kariyer Rehberi\" \/>\n<meta property=\"article:published_time\" content=\"2008-05-08T00:00:00+00:00\" \/>\n<meta property=\"article:modified_time\" content=\"2024-07-03T12:04:47+00:00\" \/>\n<meta property=\"og:image\" content=\"http:\/\/web4.kariyer.net\/UploadFiles\/tempPhoto\/kariyerRehberi\/ahmetumit(1).jpg\" \/>\n<meta name=\"author\" content=\"Kariyer.net\" \/>\n<meta name=\"twitter:card\" content=\"summary_large_image\" \/>\n<meta name=\"twitter:label1\" content=\"Yazan:\" \/>\n\t<meta name=\"twitter:data1\" content=\"Kariyer.net\" \/>\n\t<meta name=\"twitter:label2\" content=\"Tahmini okuma s\u00fcresi\" \/>\n\t<meta name=\"twitter:data2\" content=\"13 dakika\" \/>\n<!-- \/ Yoast SEO Premium plugin. -->","yoast_head_json":{"title":"\"Bir hayat i\u00e7erisinde onlarca hayat ya\u015fad\u0131m\" | Kariyer Rehberi","description":"Ahmet \u00dcmit k\u00fc\u00e7\u00fckken \u00a0\u201cileride yazar olaca\u011f\u0131m, yazarl\u0131k benim i\u00e7in en \u00f6nemli meslek\u201d diye d\u00fc\u015f\u00fcnmez hi\u00e7. Lise ve \u00fcniversitede okurken gazeteci, politikac\u0131","robots":{"index":"index","follow":"follow","max-snippet":"max-snippet:-1","max-image-preview":"max-image-preview:large","max-video-preview":"max-video-preview:-1"},"canonical":"https:\/\/www.kariyer.net\/kariyer-rehberi\/quotbir-hayat-icerisinde-onlarca-hayat-yasadimquot\/","og_locale":"tr_TR","og_type":"article","og_title":"\"Bir hayat i\u00e7erisinde onlarca hayat ya\u015fad\u0131m\"","og_description":"Ahmet \u00dcmit k\u00fc\u00e7\u00fckken \u00a0\u201cileride yazar olaca\u011f\u0131m, yazarl\u0131k benim i\u00e7in en \u00f6nemli meslek\u201d diye d\u00fc\u015f\u00fcnmez hi\u00e7. Lise ve \u00fcniversitede okurken gazeteci, politikac\u0131","og_url":"https:\/\/www.kariyer.net\/kariyer-rehberi\/quotbir-hayat-icerisinde-onlarca-hayat-yasadimquot\/","og_site_name":"Kariyer Rehberi","article_published_time":"2008-05-08T00:00:00+00:00","article_modified_time":"2024-07-03T12:04:47+00:00","og_image":[{"url":"http:\/\/web4.kariyer.net\/UploadFiles\/tempPhoto\/kariyerRehberi\/ahmetumit(1).jpg","type":"","width":"","height":""}],"author":"Kariyer.net","twitter_card":"summary_large_image","twitter_misc":{"Yazan:":"Kariyer.net","Tahmini okuma s\u00fcresi":"13 dakika"},"schema":{"@context":"https:\/\/schema.org","@graph":[{"@type":"Article","@id":"https:\/\/www.kariyer.net\/kariyer-rehberi\/quotbir-hayat-icerisinde-onlarca-hayat-yasadimquot\/#article","isPartOf":{"@id":"https:\/\/www.kariyer.net\/kariyer-rehberi\/quotbir-hayat-icerisinde-onlarca-hayat-yasadimquot\/"},"author":{"name":"Kariyer.net","@id":"https:\/\/www.kariyer.net\/kariyer-rehberi\/#\/schema\/person\/eb36201afd42c03bc83b82060447b2c9"},"headline":"&#8220;Bir hayat i\u00e7erisinde onlarca hayat ya\u015fad\u0131m&#8221;","datePublished":"2008-05-08T00:00:00+00:00","dateModified":"2024-07-03T12:04:47+00:00","mainEntityOfPage":{"@id":"https:\/\/www.kariyer.net\/kariyer-rehberi\/quotbir-hayat-icerisinde-onlarca-hayat-yasadimquot\/"},"wordCount":2587,"commentCount":0,"publisher":{"@id":"https:\/\/www.kariyer.net\/kariyer-rehberi\/#organization"},"image":{"@id":"https:\/\/www.kariyer.net\/kariyer-rehberi\/quotbir-hayat-icerisinde-onlarca-hayat-yasadimquot\/#primaryimage"},"thumbnailUrl":"http:\/\/web4.kariyer.net\/UploadFiles\/tempPhoto\/kariyerRehberi\/ahmetumit(1).jpg","articleSection":["\u0130\u015f Hayat\u0131","Kariyer Geli\u015fimi"],"inLanguage":"tr","potentialAction":[{"@type":"CommentAction","name":"Comment","target":["https:\/\/www.kariyer.net\/kariyer-rehberi\/quotbir-hayat-icerisinde-onlarca-hayat-yasadimquot\/#respond"]}]},{"@type":"WebPage","@id":"https:\/\/www.kariyer.net\/kariyer-rehberi\/quotbir-hayat-icerisinde-onlarca-hayat-yasadimquot\/","url":"https:\/\/www.kariyer.net\/kariyer-rehberi\/quotbir-hayat-icerisinde-onlarca-hayat-yasadimquot\/","name":"\"Bir hayat i\u00e7erisinde onlarca hayat ya\u015fad\u0131m\" | Kariyer Rehberi","isPartOf":{"@id":"https:\/\/www.kariyer.net\/kariyer-rehberi\/#website"},"primaryImageOfPage":{"@id":"https:\/\/www.kariyer.net\/kariyer-rehberi\/quotbir-hayat-icerisinde-onlarca-hayat-yasadimquot\/#primaryimage"},"image":{"@id":"https:\/\/www.kariyer.net\/kariyer-rehberi\/quotbir-hayat-icerisinde-onlarca-hayat-yasadimquot\/#primaryimage"},"thumbnailUrl":"http:\/\/web4.kariyer.net\/UploadFiles\/tempPhoto\/kariyerRehberi\/ahmetumit(1).jpg","datePublished":"2008-05-08T00:00:00+00:00","dateModified":"2024-07-03T12:04:47+00:00","description":"Ahmet \u00dcmit k\u00fc\u00e7\u00fckken \u00a0\u201cileride yazar olaca\u011f\u0131m, yazarl\u0131k benim i\u00e7in en \u00f6nemli meslek\u201d diye d\u00fc\u015f\u00fcnmez hi\u00e7. Lise ve \u00fcniversitede okurken gazeteci, politikac\u0131","breadcrumb":{"@id":"https:\/\/www.kariyer.net\/kariyer-rehberi\/quotbir-hayat-icerisinde-onlarca-hayat-yasadimquot\/#breadcrumb"},"inLanguage":"tr","potentialAction":[{"@type":"ReadAction","target":["https:\/\/www.kariyer.net\/kariyer-rehberi\/quotbir-hayat-icerisinde-onlarca-hayat-yasadimquot\/"]}]},{"@type":"ImageObject","inLanguage":"tr","@id":"https:\/\/www.kariyer.net\/kariyer-rehberi\/quotbir-hayat-icerisinde-onlarca-hayat-yasadimquot\/#primaryimage","url":"http:\/\/web4.kariyer.net\/UploadFiles\/tempPhoto\/kariyerRehberi\/ahmetumit(1).jpg","contentUrl":"http:\/\/web4.kariyer.net\/UploadFiles\/tempPhoto\/kariyerRehberi\/ahmetumit(1).jpg"},{"@type":"BreadcrumbList","@id":"https:\/\/www.kariyer.net\/kariyer-rehberi\/quotbir-hayat-icerisinde-onlarca-hayat-yasadimquot\/#breadcrumb","itemListElement":[{"@type":"ListItem","position":1,"name":"Anasayfa","item":"https:\/\/www.kariyer.net\/kariyer-rehberi\/"},{"@type":"ListItem","position":2,"name":"&#8220;Bir hayat i\u00e7erisinde onlarca hayat ya\u015fad\u0131m&#8221;"}]},{"@type":"WebSite","@id":"https:\/\/www.kariyer.net\/kariyer-rehberi\/#website","url":"https:\/\/www.kariyer.net\/kariyer-rehberi\/","name":"Kariyer Rehberi","description":"\u0130\u015f D\u00fcnyas\u0131yla \u0130lgili Bilmek \u0130stedi\u011finiz Her \u015eey","publisher":{"@id":"https:\/\/www.kariyer.net\/kariyer-rehberi\/#organization"},"potentialAction":[{"@type":"SearchAction","target":{"@type":"EntryPoint","urlTemplate":"https:\/\/www.kariyer.net\/kariyer-rehberi\/?s={search_term_string}"},"query-input":{"@type":"PropertyValueSpecification","valueRequired":true,"valueName":"search_term_string"}}],"inLanguage":"tr"},{"@type":"Organization","@id":"https:\/\/www.kariyer.net\/kariyer-rehberi\/#organization","name":"Kariyer.net","url":"https:\/\/www.kariyer.net\/kariyer-rehberi\/","logo":{"@type":"ImageObject","inLanguage":"tr","@id":"https:\/\/www.kariyer.net\/kariyer-rehberi\/#\/schema\/logo\/image\/","url":"https:\/\/www.kariyer.net\/kariyer-rehberi-new\/wp-content\/uploads\/2023\/01\/og-image11.jpg","contentUrl":"https:\/\/www.kariyer.net\/kariyer-rehberi-new\/wp-content\/uploads\/2023\/01\/og-image11.jpg","width":800,"height":800,"caption":"Kariyer.net"},"image":{"@id":"https:\/\/www.kariyer.net\/kariyer-rehberi\/#\/schema\/logo\/image\/"}},{"@type":"Person","@id":"https:\/\/www.kariyer.net\/kariyer-rehberi\/#\/schema\/person\/eb36201afd42c03bc83b82060447b2c9","name":"Kariyer.net","image":{"@type":"ImageObject","inLanguage":"tr","@id":"https:\/\/www.kariyer.net\/kariyer-rehberi\/#\/schema\/person\/image\/","url":"https:\/\/secure.gravatar.com\/avatar\/ddce3ac68cb52fb2ae004bcee334e49ccc6361fefd68c5f6f4d2a86630c28b2e?s=96&d=mm&r=g","contentUrl":"https:\/\/secure.gravatar.com\/avatar\/ddce3ac68cb52fb2ae004bcee334e49ccc6361fefd68c5f6f4d2a86630c28b2e?s=96&d=mm&r=g","caption":"Kariyer.net"},"url":"https:\/\/www.kariyer.net\/kariyer-rehberi\/author\/kariyer-net\/"}]}},"_links":{"self":[{"href":"https:\/\/www.kariyer.net\/kariyer-rehberi\/wp-json\/wp\/v2\/posts\/2923","targetHints":{"allow":["GET"]}}],"collection":[{"href":"https:\/\/www.kariyer.net\/kariyer-rehberi\/wp-json\/wp\/v2\/posts"}],"about":[{"href":"https:\/\/www.kariyer.net\/kariyer-rehberi\/wp-json\/wp\/v2\/types\/post"}],"author":[{"embeddable":true,"href":"https:\/\/www.kariyer.net\/kariyer-rehberi\/wp-json\/wp\/v2\/users\/8"}],"replies":[{"embeddable":true,"href":"https:\/\/www.kariyer.net\/kariyer-rehberi\/wp-json\/wp\/v2\/comments?post=2923"}],"version-history":[{"count":1,"href":"https:\/\/www.kariyer.net\/kariyer-rehberi\/wp-json\/wp\/v2\/posts\/2923\/revisions"}],"predecessor-version":[{"id":19060,"href":"https:\/\/www.kariyer.net\/kariyer-rehberi\/wp-json\/wp\/v2\/posts\/2923\/revisions\/19060"}],"wp:attachment":[{"href":"https:\/\/www.kariyer.net\/kariyer-rehberi\/wp-json\/wp\/v2\/media?parent=2923"}],"wp:term":[{"taxonomy":"category","embeddable":true,"href":"https:\/\/www.kariyer.net\/kariyer-rehberi\/wp-json\/wp\/v2\/categories?post=2923"},{"taxonomy":"post_tag","embeddable":true,"href":"https:\/\/www.kariyer.net\/kariyer-rehberi\/wp-json\/wp\/v2\/tags?post=2923"}],"curies":[{"name":"wp","href":"https:\/\/api.w.org\/{rel}","templated":true}]}}