{"id":2932,"date":"2013-01-01T19:14:10","date_gmt":"2013-01-01T17:14:10","guid":{"rendered":"http:\/\/92.45.35.169\/?p=2932"},"modified":"2024-07-03T15:32:48","modified_gmt":"2024-07-03T12:32:48","slug":"15-yonetim-bilimleri-kongresi-itude","status":"publish","type":"post","link":"https:\/\/www.kariyer.net\/kariyer-rehberi\/15-yonetim-bilimleri-kongresi-itude\/","title":{"rendered":"15. Y\u00f6netim Bilimleri Kongresi \u0130T\u00dc\u2019de!"},"content":{"rendered":"<p><strong><a href=\"http:\/\/www.kariyer.net\/kariyer-rehberi\/wp-content\/uploads\/2014\/03\/ybk.rehbericpng.png\"><img fetchpriority=\"high\" decoding=\"async\" class=\"size-full wp-image-3716 alignleft\" style=\"margin: 5px;\" alt=\"ybk.rehbericpng\" src=\"http:\/\/www.kariyer.net\/kariyer-rehberi\/wp-content\/uploads\/2014\/03\/ybk.rehbericpng.png\" width=\"280\" height=\"200\" \/><\/a>14 y\u0131ld\u0131r ba\u015far\u0131yla ger\u00e7ekle\u015ftirilen ve \u00f6nemini her y\u0131l artt\u0131ran Y\u00f6netim Bilimleri Kongresi(YBK)\u2019nin 15.\u2019si, 12-15 Mart 2014 tarihlerinde \u0130T\u00dc Ma\u00e7ka Yerle\u015fkesi\u2019nde ger\u00e7ekle\u015ftirildi.<\/strong><\/p>\n<div>T\u00fcrkiye\u2019nin en aktif \u00f6\u011frenci kul\u00fcplerinden \u0130T\u00dc \u0130\u015fletme M\u00fchendisli\u011fi Kul\u00fcb\u00fc taraf\u0131ndan d\u00fczenlenen kongre, her y\u0131l 62 farkl\u0131 \u00fcniversiteden 800 ki\u015filik kat\u0131l\u0131mc\u0131ya ve internet \u00fczerinden 30.000 ki\u015fiye ev sahipli\u011fi yapmaktad\u0131r. Kongre; A\u00e7\u0131l\u0131\u015f Gecesi, Oturumlar, Vaka \u00c7al\u0131\u015fmalar\u0131, Kariyer Alan\u0131 ve ADmind olmak \u00fczere 5 ana b\u00f6l\u00fcmden olu\u015fmaktad\u0131r. Kongrenin amac\u0131, \u00f6\u011frenciler ve i\u015f d\u00fcnyas\u0131 aras\u0131nda k\u00f6pr\u00fc kurarak, d\u00fcnyada trend olan y\u00f6netim konular\u0131 hakk\u0131nda bilgi payla\u015f\u0131m\u0131na olanak vermek ve kariyer planlamas\u0131 yapmakta olan \u00f6\u011frencilere yol g\u00f6stermektir.<\/div>\n<div><\/div>\n<div>Y\u00f6netim Bilimleri Kongresi kapsam\u0131nda T\u00fcrkiye\u2019nin ve D\u00fcnya\u2019n\u0131n oda\u011f\u0131ndaki konular, ilgili firma temsilcileri ve sekt\u00f6r\u00fcn \u00f6nde gelen isimleri taraf\u0131ndan ele al\u0131nd\u0131. Bunlar\u0131n yan\u0131 s\u0131ra organizasyon kapsam\u0131nda y\u00f6netim bilimlerinin \u00fclkemizdeki gelece\u011fi ile ilgili beklentiler, f\u00fct\u00fcristik yakla\u015f\u0131mlarla irdelenecek ve konu\u015fmac\u0131lar ile kat\u0131l\u0131mc\u0131lar aras\u0131nda bilgi ve fikir aktar\u0131m\u0131 etkin bir \u015fekilde sa\u011fland\u0131.<\/div>\n<div>Organizasyon kapsam\u0131nda \u00fc\u00e7 g\u00fcn boyunca vaka \u00e7al\u0131\u015fmalar\u0131 d\u00fczenlendi. Kat\u0131l\u0131mc\u0131 firmalar, vaka \u00e7al\u0131\u015fmalar\u0131n\u0131, ba\u015fvurular\u0131n <a href=\"http:\/\/www.kariyer.net\/\"><em>Kariyer.net<\/em><\/a> \u00fczerinden al\u0131nd\u0131 ve eleme sistemi ile belirlendi kat\u0131l\u0131mc\u0131larla ger\u00e7ekle\u015ftirildi. Vaka \u00e7al\u0131\u015fmalar\u0131nda kat\u0131l\u0131mc\u0131lara staj imkan\u0131 sunuldu.<\/div>\n<div><\/div>\n<div>Kariyer Alan\u0131\u2019nda; kat\u0131l\u0131mc\u0131lar, kat\u0131l\u0131mc\u0131 firmalar\u0131n insan kaynaklar\u0131 stratejilerini, yeni \u00fcr\u00fcnlerini ve sunduklar\u0131 hizmetleri tan\u0131ma ve firma temsilcileriyle birebir ileti\u015fim kurabilme f\u0131rsat\u0131n\u0131 yakalad\u0131lar. B\u00f6ylece oturum aralar\u0131 interaktif bir \u015fekilde de\u011ferlendirildi. Ayr\u0131ca YBK Kariyer Alan\u0131, akademik ve teknolojik yap\u0131s\u0131yla, \u00e7ok say\u0131da \u00fcniversite \u00f6\u011frencisine kariyerlerine y\u00f6n vermek konusunda bilgilendirici bir katk\u0131 sa\u011flad\u0131.<\/div>\n<div><\/div>\n<div>15. Y\u00f6netim Bilimleri Kongresi\u2019nde konu\u015fmac\u0131 olarak yer alan isimler, http:\/\/www .facebook.com\/ YBKongresi sayfas\u0131ndan ve \u00a0ybk.org.tr \u00fczerinden takip edildi.<\/div>\n<div><\/div>\n<div>Ayr\u0131nt\u0131l\u0131 bilgi \u00a0i\u00e7in: www.ybk.org.tr<\/div>\n<div><\/div>\n<div><\/div>\n<p>&nbsp;<\/p>\n<!-- templates\/buttons-placeholder.php -->\n<div class=\"da-reactions-outer TpostID2932\">\n\t    <div class=\"da-reactions-data da-reactions-container-async center\"\n         data-type=\"post\"\n         data-id=\"2932\"\n         id=\"da-reactions-slot-post-2932\">\n        <div class=\"da-reactions-static\">\n\t\t\t<img src=\"https:\/\/www.kariyer.net\/kariyer-rehberi\/wp-content\/plugins\/da-reactions\/assets\/dist\/loading.svg\" alt=\"Loading spinner\" width=\"48\" height=\"48\" style=\"width:48px\" \/>\n        <\/div>\n    <\/div>\n<\/div>\n","protected":false},"excerpt":{"rendered":"<p>14 y\u0131ld\u0131r ba\u015far\u0131yla ger\u00e7ekle\u015ftirilen ve \u00f6nemini her y\u0131l artt\u0131ran Y\u00f6netim Bilimleri Kongresi(YBK)\u2019nin 15.\u2019si, 12-15 Mart 2014 tarihlerinde \u0130T\u00dc Ma\u00e7ka Yerle\u015fkesi\u2019nde ger\u00e7ekle\u015ftirildi. T\u00fcrkiye\u2019nin en aktif \u00f6\u011frenci kul\u00fcplerinden \u0130T\u00dc \u0130\u015fletme M\u00fchendisli\u011fi Kul\u00fcb\u00fc taraf\u0131ndan d\u00fczenlenen kongre, her y\u0131l 62 farkl\u0131 \u00fcniversiteden 800 ki\u015filik kat\u0131l\u0131mc\u0131ya ve internet \u00fczerinden 30.000 ki\u015fiye ev sahipli\u011fi yapmaktad\u0131r. Kongre; A\u00e7\u0131l\u0131\u015f Gecesi, Oturumlar, Vaka \u00c7al\u0131\u015fmalar\u0131, [&hellip;]<\/p>\n<!-- templates\/buttons-placeholder.php -->\n<div class=\"da-reactions-outer TpostID2932\">\n\t    <div class=\"da-reactions-data da-reactions-container-async center\"\n         data-type=\"post\"\n         data-id=\"2932\"\n         id=\"da-reactions-slot-post-2932\">\n        <div class=\"da-reactions-static\">\n\t\t\t<img src=\"https:\/\/www.kariyer.net\/kariyer-rehberi\/wp-content\/plugins\/da-reactions\/assets\/dist\/loading.svg\" alt=\"Loading spinner\" width=\"48\" height=\"48\" style=\"width:48px\" \/>\n        <\/div>\n    <\/div>\n<\/div>\n","protected":false},"author":5,"featured_media":3716,"comment_status":"open","ping_status":"open","sticky":false,"template":"","format":"standard","meta":{"footnotes":"","_elementor_edit_mode":"","_elementor_template_type":"","_elementor_data":"","_elementor_page_settings":null,"_elementor_conditions":[]},"categories":[2211],"tags":[],"class_list":{"0":"post-2932","1":"post","2":"type-post","3":"status-publish","4":"format-standard","5":"has-post-thumbnail","7":"category-kariyer-gelisimi"},"yoast_head":"<!-- This site is optimized with the Yoast SEO Premium plugin v21.4 (Yoast SEO v27.0) - https:\/\/yoast.com\/product\/yoast-seo-premium-wordpress\/ -->\n<title>15. Y\u00f6netim Bilimleri Kongresi \u0130T\u00dc\u2019de! | Kariyer Rehberi<\/title>\n<meta name=\"description\" content=\"14 y\u0131ld\u0131r ba\u015far\u0131yla ger\u00e7ekle\u015ftirilen ve \u00f6nemini her y\u0131l artt\u0131ran Y\u00f6netim Bilimleri Kongresi(YBK)\u2019nin 15.\u2019si, 12-15 Mart 2014 tarihlerinde \u0130T\u00dc Ma\u00e7ka\" \/>\n<meta name=\"robots\" content=\"index, follow, max-snippet:-1, max-image-preview:large, max-video-preview:-1\" \/>\n<link rel=\"canonical\" href=\"https:\/\/www.kariyer.net\/kariyer-rehberi\/15-yonetim-bilimleri-kongresi-itude\/\" \/>\n<meta property=\"og:locale\" content=\"tr_TR\" \/>\n<meta property=\"og:type\" content=\"article\" \/>\n<meta property=\"og:title\" content=\"15. Y\u00f6netim Bilimleri Kongresi \u0130T\u00dc\u2019de!\" \/>\n<meta property=\"og:description\" content=\"14 y\u0131ld\u0131r ba\u015far\u0131yla ger\u00e7ekle\u015ftirilen ve \u00f6nemini her y\u0131l artt\u0131ran Y\u00f6netim Bilimleri Kongresi(YBK)\u2019nin 15.\u2019si, 12-15 Mart 2014 tarihlerinde \u0130T\u00dc Ma\u00e7ka\" \/>\n<meta property=\"og:url\" content=\"https:\/\/www.kariyer.net\/kariyer-rehberi\/15-yonetim-bilimleri-kongresi-itude\/\" \/>\n<meta property=\"og:site_name\" content=\"Kariyer Rehberi\" \/>\n<meta property=\"article:published_time\" content=\"2013-01-01T17:14:10+00:00\" \/>\n<meta property=\"article:modified_time\" content=\"2024-07-03T12:32:48+00:00\" \/>\n<meta property=\"og:image\" content=\"https:\/\/www.kariyer.net\/kariyer-rehberi\/wp-content\/uploads\/2014\/03\/ybk.rehbericpng.png\" \/>\n\t<meta property=\"og:image:width\" content=\"280\" \/>\n\t<meta property=\"og:image:height\" content=\"200\" \/>\n\t<meta property=\"og:image:type\" content=\"image\/png\" \/>\n<meta name=\"author\" content=\"P\u0131nar Nogay\" \/>\n<meta name=\"twitter:card\" content=\"summary_large_image\" \/>\n<meta name=\"twitter:label1\" content=\"Yazan:\" \/>\n\t<meta name=\"twitter:data1\" content=\"P\u0131nar Nogay\" \/>\n\t<meta name=\"twitter:label2\" content=\"Tahmini okuma s\u00fcresi\" \/>\n\t<meta name=\"twitter:data2\" content=\"2 dakika\" \/>\n<!-- \/ Yoast SEO Premium plugin. -->","yoast_head_json":{"title":"15. Y\u00f6netim Bilimleri Kongresi \u0130T\u00dc\u2019de! | Kariyer Rehberi","description":"14 y\u0131ld\u0131r ba\u015far\u0131yla ger\u00e7ekle\u015ftirilen ve \u00f6nemini her y\u0131l artt\u0131ran Y\u00f6netim Bilimleri Kongresi(YBK)\u2019nin 15.\u2019si, 12-15 Mart 2014 tarihlerinde \u0130T\u00dc Ma\u00e7ka","robots":{"index":"index","follow":"follow","max-snippet":"max-snippet:-1","max-image-preview":"max-image-preview:large","max-video-preview":"max-video-preview:-1"},"canonical":"https:\/\/www.kariyer.net\/kariyer-rehberi\/15-yonetim-bilimleri-kongresi-itude\/","og_locale":"tr_TR","og_type":"article","og_title":"15. Y\u00f6netim Bilimleri Kongresi \u0130T\u00dc\u2019de!","og_description":"14 y\u0131ld\u0131r ba\u015far\u0131yla ger\u00e7ekle\u015ftirilen ve \u00f6nemini her y\u0131l artt\u0131ran Y\u00f6netim Bilimleri Kongresi(YBK)\u2019nin 15.\u2019si, 12-15 Mart 2014 tarihlerinde \u0130T\u00dc Ma\u00e7ka","og_url":"https:\/\/www.kariyer.net\/kariyer-rehberi\/15-yonetim-bilimleri-kongresi-itude\/","og_site_name":"Kariyer Rehberi","article_published_time":"2013-01-01T17:14:10+00:00","article_modified_time":"2024-07-03T12:32:48+00:00","og_image":[{"width":280,"height":200,"url":"https:\/\/www.kariyer.net\/kariyer-rehberi\/wp-content\/uploads\/2014\/03\/ybk.rehbericpng.png","type":"image\/png"}],"author":"P\u0131nar Nogay","twitter_card":"summary_large_image","twitter_misc":{"Yazan:":"P\u0131nar Nogay","Tahmini okuma s\u00fcresi":"2 dakika"},"schema":{"@context":"https:\/\/schema.org","@graph":[{"@type":"Article","@id":"https:\/\/www.kariyer.net\/kariyer-rehberi\/15-yonetim-bilimleri-kongresi-itude\/#article","isPartOf":{"@id":"https:\/\/www.kariyer.net\/kariyer-rehberi\/15-yonetim-bilimleri-kongresi-itude\/"},"author":{"name":"P\u0131nar Nogay","@id":"https:\/\/www.kariyer.net\/kariyer-rehberi\/#\/schema\/person\/ea0977057f6b311990c570cc6d4c25d0"},"headline":"15. Y\u00f6netim Bilimleri Kongresi \u0130T\u00dc\u2019de!","datePublished":"2013-01-01T17:14:10+00:00","dateModified":"2024-07-03T12:32:48+00:00","mainEntityOfPage":{"@id":"https:\/\/www.kariyer.net\/kariyer-rehberi\/15-yonetim-bilimleri-kongresi-itude\/"},"wordCount":371,"commentCount":0,"publisher":{"@id":"https:\/\/www.kariyer.net\/kariyer-rehberi\/#organization"},"image":{"@id":"https:\/\/www.kariyer.net\/kariyer-rehberi\/15-yonetim-bilimleri-kongresi-itude\/#primaryimage"},"thumbnailUrl":"https:\/\/www.kariyer.net\/kariyer-rehberi\/wp-content\/uploads\/2014\/03\/ybk.rehbericpng.png","articleSection":["Kariyer Geli\u015fimi"],"inLanguage":"tr","potentialAction":[{"@type":"CommentAction","name":"Comment","target":["https:\/\/www.kariyer.net\/kariyer-rehberi\/15-yonetim-bilimleri-kongresi-itude\/#respond"]}]},{"@type":"WebPage","@id":"https:\/\/www.kariyer.net\/kariyer-rehberi\/15-yonetim-bilimleri-kongresi-itude\/","url":"https:\/\/www.kariyer.net\/kariyer-rehberi\/15-yonetim-bilimleri-kongresi-itude\/","name":"15. Y\u00f6netim Bilimleri Kongresi \u0130T\u00dc\u2019de! | Kariyer Rehberi","isPartOf":{"@id":"https:\/\/www.kariyer.net\/kariyer-rehberi\/#website"},"primaryImageOfPage":{"@id":"https:\/\/www.kariyer.net\/kariyer-rehberi\/15-yonetim-bilimleri-kongresi-itude\/#primaryimage"},"image":{"@id":"https:\/\/www.kariyer.net\/kariyer-rehberi\/15-yonetim-bilimleri-kongresi-itude\/#primaryimage"},"thumbnailUrl":"https:\/\/www.kariyer.net\/kariyer-rehberi\/wp-content\/uploads\/2014\/03\/ybk.rehbericpng.png","datePublished":"2013-01-01T17:14:10+00:00","dateModified":"2024-07-03T12:32:48+00:00","description":"14 y\u0131ld\u0131r ba\u015far\u0131yla ger\u00e7ekle\u015ftirilen ve \u00f6nemini her y\u0131l artt\u0131ran Y\u00f6netim Bilimleri Kongresi(YBK)\u2019nin 15.\u2019si, 12-15 Mart 2014 tarihlerinde \u0130T\u00dc Ma\u00e7ka","breadcrumb":{"@id":"https:\/\/www.kariyer.net\/kariyer-rehberi\/15-yonetim-bilimleri-kongresi-itude\/#breadcrumb"},"inLanguage":"tr","potentialAction":[{"@type":"ReadAction","target":["https:\/\/www.kariyer.net\/kariyer-rehberi\/15-yonetim-bilimleri-kongresi-itude\/"]}]},{"@type":"ImageObject","inLanguage":"tr","@id":"https:\/\/www.kariyer.net\/kariyer-rehberi\/15-yonetim-bilimleri-kongresi-itude\/#primaryimage","url":"https:\/\/www.kariyer.net\/kariyer-rehberi\/wp-content\/uploads\/2014\/03\/ybk.rehbericpng.png","contentUrl":"https:\/\/www.kariyer.net\/kariyer-rehberi\/wp-content\/uploads\/2014\/03\/ybk.rehbericpng.png","width":280,"height":200},{"@type":"BreadcrumbList","@id":"https:\/\/www.kariyer.net\/kariyer-rehberi\/15-yonetim-bilimleri-kongresi-itude\/#breadcrumb","itemListElement":[{"@type":"ListItem","position":1,"name":"Anasayfa","item":"https:\/\/www.kariyer.net\/kariyer-rehberi\/"},{"@type":"ListItem","position":2,"name":"15. Y\u00f6netim Bilimleri Kongresi \u0130T\u00dc\u2019de!"}]},{"@type":"WebSite","@id":"https:\/\/www.kariyer.net\/kariyer-rehberi\/#website","url":"https:\/\/www.kariyer.net\/kariyer-rehberi\/","name":"Kariyer Rehberi","description":"\u0130\u015f D\u00fcnyas\u0131yla \u0130lgili Bilmek \u0130stedi\u011finiz Her \u015eey","publisher":{"@id":"https:\/\/www.kariyer.net\/kariyer-rehberi\/#organization"},"potentialAction":[{"@type":"SearchAction","target":{"@type":"EntryPoint","urlTemplate":"https:\/\/www.kariyer.net\/kariyer-rehberi\/?s={search_term_string}"},"query-input":{"@type":"PropertyValueSpecification","valueRequired":true,"valueName":"search_term_string"}}],"inLanguage":"tr"},{"@type":"Organization","@id":"https:\/\/www.kariyer.net\/kariyer-rehberi\/#organization","name":"Kariyer.net","url":"https:\/\/www.kariyer.net\/kariyer-rehberi\/","logo":{"@type":"ImageObject","inLanguage":"tr","@id":"https:\/\/www.kariyer.net\/kariyer-rehberi\/#\/schema\/logo\/image\/","url":"https:\/\/www.kariyer.net\/kariyer-rehberi-new\/wp-content\/uploads\/2023\/01\/og-image11.jpg","contentUrl":"https:\/\/www.kariyer.net\/kariyer-rehberi-new\/wp-content\/uploads\/2023\/01\/og-image11.jpg","width":800,"height":800,"caption":"Kariyer.net"},"image":{"@id":"https:\/\/www.kariyer.net\/kariyer-rehberi\/#\/schema\/logo\/image\/"}},{"@type":"Person","@id":"https:\/\/www.kariyer.net\/kariyer-rehberi\/#\/schema\/person\/ea0977057f6b311990c570cc6d4c25d0","name":"P\u0131nar Nogay","image":{"@type":"ImageObject","inLanguage":"tr","@id":"https:\/\/www.kariyer.net\/kariyer-rehberi\/#\/schema\/person\/image\/","url":"https:\/\/secure.gravatar.com\/avatar\/330a216cbd1ec8a38c34e372b2be4a261e51e0805bd9186606e000f5efd0f0cf?s=96&d=mm&r=g","contentUrl":"https:\/\/secure.gravatar.com\/avatar\/330a216cbd1ec8a38c34e372b2be4a261e51e0805bd9186606e000f5efd0f0cf?s=96&d=mm&r=g","caption":"P\u0131nar Nogay"},"description":"Gazeteci olmak i\u00e7in yola \u00e7\u0131karak Eski\u015fehir Anadolu \u00dcniversitesi \u0130leti\u015fim Fak\u00fcltesi\u2019nde Bas\u0131n Yay\u0131n e\u011fitimi ald\u0131. Sekt\u00f6rel yay\u0131nlarda tecr\u00fcbe kazanan, 2007 y\u0131l\u0131nda Kariyer\u2019de Edit\u00f6r olarak \u00e7al\u0131\u015fmaya ba\u015flayan Nogay, 2011\u2019den bu yana Genel Yay\u0131n Y\u00f6netmeni olarak g\u00f6rev yap\u0131yor.","sameAs":["http:\/\/www.kariyer.net\/kariyer-rehberi\/pinar-nogay\/"],"url":"https:\/\/www.kariyer.net\/kariyer-rehberi\/author\/pinar-nogay\/"}]}},"_links":{"self":[{"href":"https:\/\/www.kariyer.net\/kariyer-rehberi\/wp-json\/wp\/v2\/posts\/2932","targetHints":{"allow":["GET"]}}],"collection":[{"href":"https:\/\/www.kariyer.net\/kariyer-rehberi\/wp-json\/wp\/v2\/posts"}],"about":[{"href":"https:\/\/www.kariyer.net\/kariyer-rehberi\/wp-json\/wp\/v2\/types\/post"}],"author":[{"embeddable":true,"href":"https:\/\/www.kariyer.net\/kariyer-rehberi\/wp-json\/wp\/v2\/users\/5"}],"replies":[{"embeddable":true,"href":"https:\/\/www.kariyer.net\/kariyer-rehberi\/wp-json\/wp\/v2\/comments?post=2932"}],"version-history":[{"count":1,"href":"https:\/\/www.kariyer.net\/kariyer-rehberi\/wp-json\/wp\/v2\/posts\/2932\/revisions"}],"predecessor-version":[{"id":19726,"href":"https:\/\/www.kariyer.net\/kariyer-rehberi\/wp-json\/wp\/v2\/posts\/2932\/revisions\/19726"}],"wp:featuredmedia":[{"embeddable":true,"href":"https:\/\/www.kariyer.net\/kariyer-rehberi\/wp-json\/wp\/v2\/media\/3716"}],"wp:attachment":[{"href":"https:\/\/www.kariyer.net\/kariyer-rehberi\/wp-json\/wp\/v2\/media?parent=2932"}],"wp:term":[{"taxonomy":"category","embeddable":true,"href":"https:\/\/www.kariyer.net\/kariyer-rehberi\/wp-json\/wp\/v2\/categories?post=2932"},{"taxonomy":"post_tag","embeddable":true,"href":"https:\/\/www.kariyer.net\/kariyer-rehberi\/wp-json\/wp\/v2\/tags?post=2932"}],"curies":[{"name":"wp","href":"https:\/\/api.w.org\/{rel}","templated":true}]}}