{"id":2981,"date":"2013-01-01T14:09:03","date_gmt":"2013-01-01T12:09:03","guid":{"rendered":"http:\/\/www.kariyer.net\/kariyer-kampuste\/?p=2981"},"modified":"2024-07-03T14:46:35","modified_gmt":"2024-07-03T11:46:35","slug":"8-mayista-siemens-kariyer-senligine-davetlisiniz","status":"publish","type":"post","link":"https:\/\/www.kariyer.net\/kariyer-rehberi\/8-mayista-siemens-kariyer-senligine-davetlisiniz\/","title":{"rendered":"8 May\u0131s&#8217;ta Siemens Kariyer \u015eenli\u011fine Davetlisiniz!"},"content":{"rendered":"<p><strong>Siemens Kariyer \u015eenli\u011fi!<\/strong><br \/>\nGelece\u011fine s\u00f6z ver!<\/p>\n<p>T\u00fcrkiye&#8217;nin gelece\u011fi sizleri yak\u0131ndan tan\u0131mak i\u00e7in Kariyer \u015eenli\u011fine davet ediyoruz.<\/p>\n<p>\u00c7evreye sayg\u0131l\u0131, s\u00fcrd\u00fcr\u00fclebilir enerji odakl\u0131 ve ileri teknoloji sahibi \u00fcr\u00fcnleri ile var oldu\u011fu sekt\u00f6rlere y\u00f6n veren Siemens sizinle tan\u0131\u015fmak istiyor.<\/p>\n<p>Kartal Kamp\u00fcs\u00fcnde <strong>08 May\u0131s 2015 Cuma<\/strong> g\u00fcn\u00fc d\u00fczenlenecek olan &#8216;Kariyer \u015eenli\u011fi&#8217; ile hayalini kurdu\u011funuz i\u015f olanaklar\u0131na ula\u015fman\u0131n yollar\u0131n\u0131 \u00f6\u011frenecek, pek \u00e7ok Siemens \u00e7al\u0131\u015fan\u0131 ile biraraya gelip vakit ge\u00e7irme f\u0131rsat\u0131 bulacaks\u0131n\u0131z.<\/p>\n<p>08 May\u0131s&#8217;taki Siemens Kariyer \u015eenli\u011fi&#8217;ne kat\u0131lmak i\u00e7in <strong>hemen ba\u015fvur!<\/strong><br \/>\n<strong><a href=\"http:\/\/bit.ly\/siemens_kariyer_senligi_basvuru\">bit.ly\/siemens_kariyer_senligi_basvuru<\/a><\/strong><\/p>\n<!-- templates\/buttons-placeholder.php -->\n<div class=\"da-reactions-outer TpostID2981\">\n\t    <div class=\"da-reactions-data da-reactions-container-async center\"\n         data-type=\"post\"\n         data-id=\"2981\"\n         id=\"da-reactions-slot-post-2981\">\n        <div class=\"da-reactions-static\">\n\t\t\t<img src=\"https:\/\/www.kariyer.net\/kariyer-rehberi\/wp-content\/plugins\/da-reactions\/assets\/dist\/loading.svg\" alt=\"Loading spinner\" width=\"48\" height=\"48\" style=\"width:48px\" \/>\n        <\/div>\n    <\/div>\n<\/div>\n","protected":false},"excerpt":{"rendered":"<p>Siemens Kariyer \u015eenli\u011fi! Gelece\u011fine s\u00f6z ver! T\u00fcrkiye&#8217;nin gelece\u011fi sizleri yak\u0131ndan tan\u0131mak i\u00e7in Kariyer \u015eenli\u011fine davet ediyoruz. \u00c7evreye sayg\u0131l\u0131, s\u00fcrd\u00fcr\u00fclebilir enerji odakl\u0131 ve ileri teknoloji sahibi \u00fcr\u00fcnleri ile var oldu\u011fu sekt\u00f6rlere y\u00f6n veren Siemens sizinle tan\u0131\u015fmak istiyor. Kartal Kamp\u00fcs\u00fcnde 08 May\u0131s 2015 Cuma g\u00fcn\u00fc d\u00fczenlenecek olan &#8216;Kariyer \u015eenli\u011fi&#8217; ile hayalini kurdu\u011funuz i\u015f olanaklar\u0131na ula\u015fman\u0131n yollar\u0131n\u0131 \u00f6\u011frenecek, [&hellip;]<\/p>\n<!-- templates\/buttons-placeholder.php -->\n<div class=\"da-reactions-outer TpostID2981\">\n\t    <div class=\"da-reactions-data da-reactions-container-async center\"\n         data-type=\"post\"\n         data-id=\"2981\"\n         id=\"da-reactions-slot-post-2981\">\n        <div class=\"da-reactions-static\">\n\t\t\t<img src=\"https:\/\/www.kariyer.net\/kariyer-rehberi\/wp-content\/plugins\/da-reactions\/assets\/dist\/loading.svg\" alt=\"Loading spinner\" width=\"48\" height=\"48\" style=\"width:48px\" \/>\n        <\/div>\n    <\/div>\n<\/div>\n","protected":false},"author":12,"featured_media":0,"comment_status":"open","ping_status":"open","sticky":false,"template":"","format":"standard","meta":{"footnotes":"","_elementor_edit_mode":"","_elementor_template_type":"","_elementor_data":"","_elementor_page_settings":null,"_elementor_conditions":[]},"categories":[2203],"tags":[],"class_list":{"0":"post-2981","1":"post","2":"type-post","3":"status-publish","4":"format-standard","6":"category-haberler-duyurular"},"yoast_head":"<!-- This site is optimized with the Yoast SEO Premium plugin v21.4 (Yoast SEO v27.0) - https:\/\/yoast.com\/product\/yoast-seo-premium-wordpress\/ -->\n<title>Siemens Kariyer \u015eenli\u011fi | Kariyer Rehberi<\/title>\n<meta name=\"description\" content=\"8 May\u0131s 2015 Cuma g\u00fcn\u00fc Kartal kamp\u00fcs\u00fcnde Siemens Kariyer \u015eenli\u011fi ger\u00e7ekle\u015fecek. Kariyer.net \u00fczerinden ba\u015fvurarak kariyer \u015fenli\u011fine kat\u0131labilirsiniz.\" \/>\n<meta name=\"robots\" content=\"index, follow, max-snippet:-1, max-image-preview:large, max-video-preview:-1\" \/>\n<link rel=\"canonical\" href=\"https:\/\/www.kariyer.net\/kariyer-rehberi\/8-mayista-siemens-kariyer-senligine-davetlisiniz\/\" \/>\n<meta property=\"og:locale\" content=\"tr_TR\" \/>\n<meta property=\"og:type\" content=\"article\" \/>\n<meta property=\"og:title\" content=\"8 May\u0131s&#039;ta Siemens Kariyer \u015eenli\u011fine Davetlisiniz!\" \/>\n<meta property=\"og:description\" content=\"Siemens Kariyer \u015eenli\u011fi! Gelece\u011fine s\u00f6z ver! T\u00fcrkiye&#039;nin gelece\u011fi sizleri yak\u0131ndan tan\u0131mak i\u00e7in Kariyer \u015eenli\u011fine davet ediyoruz. \u00c7evreye sayg\u0131l\u0131,\" \/>\n<meta property=\"og:url\" content=\"https:\/\/www.kariyer.net\/kariyer-rehberi\/8-mayista-siemens-kariyer-senligine-davetlisiniz\/\" \/>\n<meta property=\"og:site_name\" content=\"Kariyer Rehberi\" \/>\n<meta property=\"article:published_time\" content=\"2013-01-01T12:09:03+00:00\" \/>\n<meta property=\"article:modified_time\" content=\"2024-07-03T11:46:35+00:00\" \/>\n<meta name=\"author\" content=\"Edit\u00f6r\" \/>\n<meta name=\"twitter:card\" content=\"summary_large_image\" \/>\n<meta name=\"twitter:label1\" content=\"Yazan:\" \/>\n\t<meta name=\"twitter:data1\" content=\"Edit\u00f6r\" \/>\n\t<meta name=\"twitter:label2\" content=\"Tahmini okuma s\u00fcresi\" \/>\n\t<meta name=\"twitter:data2\" content=\"1 dakika\" \/>\n<!-- \/ Yoast SEO Premium plugin. -->","yoast_head_json":{"title":"Siemens Kariyer \u015eenli\u011fi | Kariyer Rehberi","description":"8 May\u0131s 2015 Cuma g\u00fcn\u00fc Kartal kamp\u00fcs\u00fcnde Siemens Kariyer \u015eenli\u011fi ger\u00e7ekle\u015fecek. Kariyer.net \u00fczerinden ba\u015fvurarak kariyer \u015fenli\u011fine kat\u0131labilirsiniz.","robots":{"index":"index","follow":"follow","max-snippet":"max-snippet:-1","max-image-preview":"max-image-preview:large","max-video-preview":"max-video-preview:-1"},"canonical":"https:\/\/www.kariyer.net\/kariyer-rehberi\/8-mayista-siemens-kariyer-senligine-davetlisiniz\/","og_locale":"tr_TR","og_type":"article","og_title":"8 May\u0131s'ta Siemens Kariyer \u015eenli\u011fine Davetlisiniz!","og_description":"Siemens Kariyer \u015eenli\u011fi! Gelece\u011fine s\u00f6z ver! T\u00fcrkiye'nin gelece\u011fi sizleri yak\u0131ndan tan\u0131mak i\u00e7in Kariyer \u015eenli\u011fine davet ediyoruz. \u00c7evreye sayg\u0131l\u0131,","og_url":"https:\/\/www.kariyer.net\/kariyer-rehberi\/8-mayista-siemens-kariyer-senligine-davetlisiniz\/","og_site_name":"Kariyer Rehberi","article_published_time":"2013-01-01T12:09:03+00:00","article_modified_time":"2024-07-03T11:46:35+00:00","author":"Edit\u00f6r","twitter_card":"summary_large_image","twitter_misc":{"Yazan:":"Edit\u00f6r","Tahmini okuma s\u00fcresi":"1 dakika"},"schema":{"@context":"https:\/\/schema.org","@graph":[{"@type":"Article","@id":"https:\/\/www.kariyer.net\/kariyer-rehberi\/8-mayista-siemens-kariyer-senligine-davetlisiniz\/#article","isPartOf":{"@id":"https:\/\/www.kariyer.net\/kariyer-rehberi\/8-mayista-siemens-kariyer-senligine-davetlisiniz\/"},"author":{"name":"Edit\u00f6r","@id":"https:\/\/www.kariyer.net\/kariyer-rehberi\/#\/schema\/person\/94fd6e49c7ff1b1b2565a2cc4fd685dd"},"headline":"8 May\u0131s&#8217;ta Siemens Kariyer \u015eenli\u011fine Davetlisiniz!","datePublished":"2013-01-01T12:09:03+00:00","dateModified":"2024-07-03T11:46:35+00:00","mainEntityOfPage":{"@id":"https:\/\/www.kariyer.net\/kariyer-rehberi\/8-mayista-siemens-kariyer-senligine-davetlisiniz\/"},"wordCount":128,"commentCount":0,"publisher":{"@id":"https:\/\/www.kariyer.net\/kariyer-rehberi\/#organization"},"articleSection":["Haberler ve Duyurular"],"inLanguage":"tr","potentialAction":[{"@type":"CommentAction","name":"Comment","target":["https:\/\/www.kariyer.net\/kariyer-rehberi\/8-mayista-siemens-kariyer-senligine-davetlisiniz\/#respond"]}]},{"@type":"WebPage","@id":"https:\/\/www.kariyer.net\/kariyer-rehberi\/8-mayista-siemens-kariyer-senligine-davetlisiniz\/","url":"https:\/\/www.kariyer.net\/kariyer-rehberi\/8-mayista-siemens-kariyer-senligine-davetlisiniz\/","name":"Siemens Kariyer \u015eenli\u011fi | Kariyer Rehberi","isPartOf":{"@id":"https:\/\/www.kariyer.net\/kariyer-rehberi\/#website"},"datePublished":"2013-01-01T12:09:03+00:00","dateModified":"2024-07-03T11:46:35+00:00","description":"8 May\u0131s 2015 Cuma g\u00fcn\u00fc Kartal kamp\u00fcs\u00fcnde Siemens Kariyer \u015eenli\u011fi ger\u00e7ekle\u015fecek. Kariyer.net \u00fczerinden ba\u015fvurarak kariyer \u015fenli\u011fine kat\u0131labilirsiniz.","breadcrumb":{"@id":"https:\/\/www.kariyer.net\/kariyer-rehberi\/8-mayista-siemens-kariyer-senligine-davetlisiniz\/#breadcrumb"},"inLanguage":"tr","potentialAction":[{"@type":"ReadAction","target":["https:\/\/www.kariyer.net\/kariyer-rehberi\/8-mayista-siemens-kariyer-senligine-davetlisiniz\/"]}]},{"@type":"BreadcrumbList","@id":"https:\/\/www.kariyer.net\/kariyer-rehberi\/8-mayista-siemens-kariyer-senligine-davetlisiniz\/#breadcrumb","itemListElement":[{"@type":"ListItem","position":1,"name":"Anasayfa","item":"https:\/\/www.kariyer.net\/kariyer-rehberi\/"},{"@type":"ListItem","position":2,"name":"8 May\u0131s&#8217;ta Siemens Kariyer \u015eenli\u011fine Davetlisiniz!"}]},{"@type":"WebSite","@id":"https:\/\/www.kariyer.net\/kariyer-rehberi\/#website","url":"https:\/\/www.kariyer.net\/kariyer-rehberi\/","name":"Kariyer Rehberi","description":"\u0130\u015f D\u00fcnyas\u0131yla \u0130lgili Bilmek \u0130stedi\u011finiz Her \u015eey","publisher":{"@id":"https:\/\/www.kariyer.net\/kariyer-rehberi\/#organization"},"potentialAction":[{"@type":"SearchAction","target":{"@type":"EntryPoint","urlTemplate":"https:\/\/www.kariyer.net\/kariyer-rehberi\/?s={search_term_string}"},"query-input":{"@type":"PropertyValueSpecification","valueRequired":true,"valueName":"search_term_string"}}],"inLanguage":"tr"},{"@type":"Organization","@id":"https:\/\/www.kariyer.net\/kariyer-rehberi\/#organization","name":"Kariyer.net","url":"https:\/\/www.kariyer.net\/kariyer-rehberi\/","logo":{"@type":"ImageObject","inLanguage":"tr","@id":"https:\/\/www.kariyer.net\/kariyer-rehberi\/#\/schema\/logo\/image\/","url":"https:\/\/www.kariyer.net\/kariyer-rehberi-new\/wp-content\/uploads\/2023\/01\/og-image11.jpg","contentUrl":"https:\/\/www.kariyer.net\/kariyer-rehberi-new\/wp-content\/uploads\/2023\/01\/og-image11.jpg","width":800,"height":800,"caption":"Kariyer.net"},"image":{"@id":"https:\/\/www.kariyer.net\/kariyer-rehberi\/#\/schema\/logo\/image\/"}},{"@type":"Person","@id":"https:\/\/www.kariyer.net\/kariyer-rehberi\/#\/schema\/person\/94fd6e49c7ff1b1b2565a2cc4fd685dd","name":"Edit\u00f6r","image":{"@type":"ImageObject","inLanguage":"tr","@id":"https:\/\/www.kariyer.net\/kariyer-rehberi\/#\/schema\/person\/image\/","url":"https:\/\/secure.gravatar.com\/avatar\/0c4fe6688343aed3693b15573beae12c08ace5565409d5ab7509bf9c115f458d?s=96&d=mm&r=g","contentUrl":"https:\/\/secure.gravatar.com\/avatar\/0c4fe6688343aed3693b15573beae12c08ace5565409d5ab7509bf9c115f458d?s=96&d=mm&r=g","caption":"Edit\u00f6r"},"url":"https:\/\/www.kariyer.net\/kariyer-rehberi\/author\/editor\/"}]}},"_links":{"self":[{"href":"https:\/\/www.kariyer.net\/kariyer-rehberi\/wp-json\/wp\/v2\/posts\/2981","targetHints":{"allow":["GET"]}}],"collection":[{"href":"https:\/\/www.kariyer.net\/kariyer-rehberi\/wp-json\/wp\/v2\/posts"}],"about":[{"href":"https:\/\/www.kariyer.net\/kariyer-rehberi\/wp-json\/wp\/v2\/types\/post"}],"author":[{"embeddable":true,"href":"https:\/\/www.kariyer.net\/kariyer-rehberi\/wp-json\/wp\/v2\/users\/12"}],"replies":[{"embeddable":true,"href":"https:\/\/www.kariyer.net\/kariyer-rehberi\/wp-json\/wp\/v2\/comments?post=2981"}],"version-history":[{"count":1,"href":"https:\/\/www.kariyer.net\/kariyer-rehberi\/wp-json\/wp\/v2\/posts\/2981\/revisions"}],"predecessor-version":[{"id":18440,"href":"https:\/\/www.kariyer.net\/kariyer-rehberi\/wp-json\/wp\/v2\/posts\/2981\/revisions\/18440"}],"wp:attachment":[{"href":"https:\/\/www.kariyer.net\/kariyer-rehberi\/wp-json\/wp\/v2\/media?parent=2981"}],"wp:term":[{"taxonomy":"category","embeddable":true,"href":"https:\/\/www.kariyer.net\/kariyer-rehberi\/wp-json\/wp\/v2\/categories?post=2981"},{"taxonomy":"post_tag","embeddable":true,"href":"https:\/\/www.kariyer.net\/kariyer-rehberi\/wp-json\/wp\/v2\/tags?post=2981"}],"curies":[{"name":"wp","href":"https:\/\/api.w.org\/{rel}","templated":true}]}}