{"id":3030,"date":"2013-01-01T16:00:54","date_gmt":"2013-01-01T14:00:54","guid":{"rendered":"http:\/\/www.kariyer.net\/kariyer-kampuste\/?p=3030"},"modified":"2024-07-03T15:33:59","modified_gmt":"2024-07-03T12:33:59","slug":"gebze-teknik-universitesi-2-bilim-ve-teknoloji-gunleri","status":"publish","type":"post","link":"https:\/\/www.kariyer.net\/kariyer-rehberi\/gebze-teknik-universitesi-2-bilim-ve-teknoloji-gunleri\/","title":{"rendered":"Gebze Teknik \u00dcniversitesi 2. Bilim ve Teknoloji G\u00fcnleri"},"content":{"rendered":"<p><strong>Gebze Teknik \u00dcniversitesi 2. Bilim ve Teknoloji G\u00fcnleri<\/strong><\/p>\n<p><strong> 5-6-7 May\u0131s<\/strong> tarihlerinde ger\u00e7ekle\u015fecek olan &#8220;2.Bilim ve Teknoloji G\u00fcnleri&#8221; Gebze \u00dcniversitesi GTU IEEE \u00d6\u011frenci Kollar\u0131 \u00f6nc\u00fcl\u00fc\u011f\u00fcnde yap\u0131lacakt\u0131r.<br \/>\nGeleneksel hale getirilmi\u015f olan bu g\u00fcnler, her y\u0131l farkl\u0131 bir bilim insan\u0131na ithafen yap\u0131l\u0131yor. Bu y\u0131l yap\u0131lacak &#8220;2.Bilim ve Teknoloji G\u00fcnleri&#8221; de\u011ferli bilim insan\u0131 <strong>Prof. Dr. Oktay S\u0130NANO\u011eLU<\/strong>&#8216;na ithafen yap\u0131lacak.<br \/>\n2. Bilim ve Teknoloji G\u00fcnleri; kendi alan\u0131nda \u00f6nc\u00fc bir\u00e7ok firman\u0131n kat\u0131l\u0131m\u0131yla 3 g\u00fcn boyunca yerle\u015fkede ger\u00e7ekle\u015fecek.<br \/>\nEtkinlik Dok\u00fcmanlar\u0131:<a href=\"%20http:\/\/goo.gl\/AhVPPg\"> http:\/\/goo.gl\/AhVPPg<\/a><br \/>\nEtkinli\u011fe Kay\u0131t: <a href=\"http:\/\/goo.gl\/7BPnRv\">http:\/\/goo.gl\/7BPnRv<\/a><!--more--><\/p>\n<p>1. Bilim ve Teknoloji G\u00fcnleri&#8217;ne bu firmalar kat\u0131lm\u0131\u015ft\u0131<\/p>\n<p>\u2022 Microsoft T\u00fcrkiye,<br \/>\n\u2022 Marmara Teknokent,<br \/>\n\u2022 GOSB Teknopark,<br \/>\n\u2022 Siemens,<br \/>\n\u2022 T\u00fcrk Telekom,<br \/>\n\u2022 General Mobile,<br \/>\n\u2022 Huawei,<br \/>\n\u2022 TMOB,<br \/>\n\u2022 Alt\u0131nay robot teknolojileri,<br \/>\n\u2022 donanimhaber.com,<br \/>\n\u2022 listelist.com,<br \/>\n\u2022 Smartface ve kendi alan\u0131nda \u00f6nc\u00fc daha bir\u00e7ok firman\u0131n kat\u0131l\u0131m\u0131yla ger\u00e7ekle\u015fmi\u015fti.<\/p>\n<p>Etkinlik s\u00fcresince toplam kat\u0131l\u0131mc\u0131 say\u0131s\u0131 <strong>3200<\/strong> olup, yap\u0131lan yay\u0131nlar\u0131 <strong>17.590<\/strong> ki\u015fi izlemi\u015fti.<\/p>\n<p><strong>Etkinlik takvimi:<\/strong><\/p>\n<p><em>5 May\u0131s 2015 Sal\u0131<\/em><\/p>\n<p>Prof. Dr. Haluk G\u00d6RG\u00dcN \/Gebze Teknik \u00dcniversitesi Rekt\u00f6r<br \/>\nBurak ERTA\u015e \/sahibinden.com CEO<br \/>\nFatih \u0130\u015eBECER \/Monitise CEO MEA<br \/>\nG\u00fcng\u00f6r KAYMAK \/HP Genel M\u00fcd\u00fcr<br \/>\nSevgi \u00d6vd\u00fcr \/Oracle Partner HUB Y\u00f6neticisi<br \/>\nMehmet H\u00dcSREV \/TSE Deney ve Kalibrasyon Merkezi Ba\u015fkan\u0131<\/p>\n<p><em>6 May\u0131s 2015 \u00c7ar\u015famba<\/em><\/p>\n<p>Nail \u00c7\u0130LER \/Gebze Ticaret Odas\u0131 Ba\u015fkan\u0131<br \/>\nEnis SONEMEL \/Siemens Pazarlama Genel M\u00fcd\u00fcr\u00fc<br \/>\nSinan \u00d6ZT\u0130MUR \/Turkcell Global Bilgi Kurum Mimar\u0131<br \/>\nMustafa ERGEN \/M\u0130SONE CEO<br \/>\nMuzaffer G\u00d6LC\u00dc \/General Mobile Genel M\u00fcd\u00fcr<br \/>\nMustafa TAN \/OBSS Genel M\u00fcd\u00fcr<\/p>\n<p><em>7 May\u0131s 2015 Per\u015fembe<\/em><\/p>\n<p>Roy B\u00dcY\u00dcKS\u0130MKE\u015eYAN \/SkyAtlas CTO<br \/>\nCem KURAL \/Ar\u00e7elik T\u00fcrkiye Arge Direkt\u00f6r\u00fc<br \/>\nEfe ERDEM \/Ford Otosan \u00dcr\u00fcn Geli\u015ftirme M\u00fcd\u00fcr\u00fc<br \/>\nProf.Dr.\u015eener Oktik \/\u015ei\u015fe Cam Ara\u015ft\u0131rma ve Teknolojik Geli\u015ftirme<br \/>\nBilal GEN\u00c7 \/Markafoni-Zizigo CTO<br \/>\nVolkan \u00d6ZG\u00dcZ \/Sabanc\u0131 \u00dcniversitesi Nanoteknoloji Ara\u015ft\u0131rma ve Uygulama Merkezi Y\u00f6neticisi<\/p>\n<p>*En az 10 etkinli\u011fe kat\u0131lan ki\u015filere sertifika verilecektir.<\/p>\n<p><a href=\"mailto:iletisim@gtuieee.com\">iletisim@gtuieee.com<\/a><\/p>\n<!-- templates\/buttons-placeholder.php -->\n<div class=\"da-reactions-outer TpostID3030\">\n\t    <div class=\"da-reactions-data da-reactions-container-async center\"\n         data-type=\"post\"\n         data-id=\"3030\"\n         id=\"da-reactions-slot-post-3030\">\n        <div class=\"da-reactions-static\">\n\t\t\t<img src=\"https:\/\/www.kariyer.net\/kariyer-rehberi\/wp-content\/plugins\/da-reactions\/assets\/dist\/loading.svg\" alt=\"Loading spinner\" width=\"48\" height=\"48\" style=\"width:48px\" \/>\n        <\/div>\n    <\/div>\n<\/div>\n","protected":false},"excerpt":{"rendered":"<p>Gebze Teknik \u00dcniversitesi 2. Bilim ve Teknoloji G\u00fcnleri 5-6-7 May\u0131s tarihlerinde ger\u00e7ekle\u015fecek olan &#8220;2.Bilim ve Teknoloji G\u00fcnleri&#8221; Gebze \u00dcniversitesi GTU IEEE \u00d6\u011frenci Kollar\u0131 \u00f6nc\u00fcl\u00fc\u011f\u00fcnde yap\u0131lacakt\u0131r. Geleneksel hale getirilmi\u015f olan bu g\u00fcnler, her y\u0131l farkl\u0131 bir bilim insan\u0131na ithafen yap\u0131l\u0131yor. Bu y\u0131l yap\u0131lacak &#8220;2.Bilim ve Teknoloji G\u00fcnleri&#8221; de\u011ferli bilim insan\u0131 Prof. Dr. Oktay S\u0130NANO\u011eLU&#8216;na ithafen yap\u0131lacak. [&hellip;]<\/p>\n<!-- templates\/buttons-placeholder.php -->\n<div class=\"da-reactions-outer TpostID3030\">\n\t    <div class=\"da-reactions-data da-reactions-container-async center\"\n         data-type=\"post\"\n         data-id=\"3030\"\n         id=\"da-reactions-slot-post-3030\">\n        <div class=\"da-reactions-static\">\n\t\t\t<img src=\"https:\/\/www.kariyer.net\/kariyer-rehberi\/wp-content\/plugins\/da-reactions\/assets\/dist\/loading.svg\" alt=\"Loading spinner\" width=\"48\" height=\"48\" style=\"width:48px\" \/>\n        <\/div>\n    <\/div>\n<\/div>\n","protected":false},"author":12,"featured_media":0,"comment_status":"open","ping_status":"open","sticky":false,"template":"","format":"standard","meta":{"footnotes":"","_elementor_edit_mode":"","_elementor_template_type":"","_elementor_data":"","_elementor_page_settings":null,"_elementor_conditions":[]},"categories":[2211,164],"tags":[],"class_list":{"0":"post-3030","1":"post","2":"type-post","3":"status-publish","4":"format-standard","6":"category-kariyer-gelisimi","7":"category-universite-kuluplerinden-haberler"},"yoast_head":"<!-- This site is optimized with the Yoast SEO Premium plugin v21.4 (Yoast SEO v27.0) - https:\/\/yoast.com\/product\/yoast-seo-premium-wordpress\/ -->\n<title>Gebze Teknik \u00dcniversitesi 2. Bilim ve Teknoloji G\u00fcnleri | Kariyer Rehberi<\/title>\n<meta name=\"description\" content=\"5-6-7 May\u0131s tarihlerinde ger\u00e7ekle\u015fecek olan &quot;2.Bilim ve Teknoloji G\u00fcnleri&quot; Gebze \u00dcniversitesi GTU IEEE \u00d6\u011frenci Kollar\u0131 \u00f6nc\u00fcl\u00fc\u011f\u00fcnde olacakt\u0131r.\" \/>\n<meta name=\"robots\" content=\"index, follow, max-snippet:-1, max-image-preview:large, max-video-preview:-1\" \/>\n<link rel=\"canonical\" href=\"https:\/\/www.kariyer.net\/kariyer-rehberi\/gebze-teknik-universitesi-2-bilim-ve-teknoloji-gunleri\/\" \/>\n<meta property=\"og:locale\" content=\"tr_TR\" \/>\n<meta property=\"og:type\" content=\"article\" \/>\n<meta property=\"og:title\" content=\"Gebze Teknik \u00dcniversitesi 2. Bilim ve Teknoloji G\u00fcnleri\" \/>\n<meta property=\"og:description\" content=\"Gebze Teknik \u00dcniversitesi 2. Bilim ve Teknoloji G\u00fcnleri 5-6-7 May\u0131s tarihlerinde ger\u00e7ekle\u015fecek olan &quot;2.Bilim ve Teknoloji G\u00fcnleri&quot; Gebze \u00dcniversitesi GTU\" \/>\n<meta property=\"og:url\" content=\"https:\/\/www.kariyer.net\/kariyer-rehberi\/gebze-teknik-universitesi-2-bilim-ve-teknoloji-gunleri\/\" \/>\n<meta property=\"og:site_name\" content=\"Kariyer Rehberi\" \/>\n<meta property=\"article:published_time\" content=\"2013-01-01T14:00:54+00:00\" \/>\n<meta property=\"article:modified_time\" content=\"2024-07-03T12:33:59+00:00\" \/>\n<meta name=\"author\" content=\"Edit\u00f6r\" \/>\n<meta name=\"twitter:card\" content=\"summary_large_image\" \/>\n<meta name=\"twitter:label1\" content=\"Yazan:\" \/>\n\t<meta name=\"twitter:data1\" content=\"Edit\u00f6r\" \/>\n\t<meta name=\"twitter:label2\" content=\"Tahmini okuma s\u00fcresi\" \/>\n\t<meta name=\"twitter:data2\" content=\"2 dakika\" \/>\n<!-- \/ Yoast SEO Premium plugin. -->","yoast_head_json":{"title":"Gebze Teknik \u00dcniversitesi 2. Bilim ve Teknoloji G\u00fcnleri | Kariyer Rehberi","description":"5-6-7 May\u0131s tarihlerinde ger\u00e7ekle\u015fecek olan \"2.Bilim ve Teknoloji G\u00fcnleri\" Gebze \u00dcniversitesi GTU IEEE \u00d6\u011frenci Kollar\u0131 \u00f6nc\u00fcl\u00fc\u011f\u00fcnde olacakt\u0131r.","robots":{"index":"index","follow":"follow","max-snippet":"max-snippet:-1","max-image-preview":"max-image-preview:large","max-video-preview":"max-video-preview:-1"},"canonical":"https:\/\/www.kariyer.net\/kariyer-rehberi\/gebze-teknik-universitesi-2-bilim-ve-teknoloji-gunleri\/","og_locale":"tr_TR","og_type":"article","og_title":"Gebze Teknik \u00dcniversitesi 2. Bilim ve Teknoloji G\u00fcnleri","og_description":"Gebze Teknik \u00dcniversitesi 2. Bilim ve Teknoloji G\u00fcnleri 5-6-7 May\u0131s tarihlerinde ger\u00e7ekle\u015fecek olan \"2.Bilim ve Teknoloji G\u00fcnleri\" Gebze \u00dcniversitesi GTU","og_url":"https:\/\/www.kariyer.net\/kariyer-rehberi\/gebze-teknik-universitesi-2-bilim-ve-teknoloji-gunleri\/","og_site_name":"Kariyer Rehberi","article_published_time":"2013-01-01T14:00:54+00:00","article_modified_time":"2024-07-03T12:33:59+00:00","author":"Edit\u00f6r","twitter_card":"summary_large_image","twitter_misc":{"Yazan:":"Edit\u00f6r","Tahmini okuma s\u00fcresi":"2 dakika"},"schema":{"@context":"https:\/\/schema.org","@graph":[{"@type":"Article","@id":"https:\/\/www.kariyer.net\/kariyer-rehberi\/gebze-teknik-universitesi-2-bilim-ve-teknoloji-gunleri\/#article","isPartOf":{"@id":"https:\/\/www.kariyer.net\/kariyer-rehberi\/gebze-teknik-universitesi-2-bilim-ve-teknoloji-gunleri\/"},"author":{"name":"Edit\u00f6r","@id":"https:\/\/www.kariyer.net\/kariyer-rehberi\/#\/schema\/person\/94fd6e49c7ff1b1b2565a2cc4fd685dd"},"headline":"Gebze Teknik \u00dcniversitesi 2. Bilim ve Teknoloji G\u00fcnleri","datePublished":"2013-01-01T14:00:54+00:00","dateModified":"2024-07-03T12:33:59+00:00","mainEntityOfPage":{"@id":"https:\/\/www.kariyer.net\/kariyer-rehberi\/gebze-teknik-universitesi-2-bilim-ve-teknoloji-gunleri\/"},"wordCount":374,"commentCount":0,"publisher":{"@id":"https:\/\/www.kariyer.net\/kariyer-rehberi\/#organization"},"articleSection":["Kariyer Geli\u015fimi","\u00dcniversite Kul\u00fcplerinden Haberler"],"inLanguage":"tr","potentialAction":[{"@type":"CommentAction","name":"Comment","target":["https:\/\/www.kariyer.net\/kariyer-rehberi\/gebze-teknik-universitesi-2-bilim-ve-teknoloji-gunleri\/#respond"]}]},{"@type":"WebPage","@id":"https:\/\/www.kariyer.net\/kariyer-rehberi\/gebze-teknik-universitesi-2-bilim-ve-teknoloji-gunleri\/","url":"https:\/\/www.kariyer.net\/kariyer-rehberi\/gebze-teknik-universitesi-2-bilim-ve-teknoloji-gunleri\/","name":"Gebze Teknik \u00dcniversitesi 2. Bilim ve Teknoloji G\u00fcnleri | Kariyer Rehberi","isPartOf":{"@id":"https:\/\/www.kariyer.net\/kariyer-rehberi\/#website"},"datePublished":"2013-01-01T14:00:54+00:00","dateModified":"2024-07-03T12:33:59+00:00","description":"5-6-7 May\u0131s tarihlerinde ger\u00e7ekle\u015fecek olan \"2.Bilim ve Teknoloji G\u00fcnleri\" Gebze \u00dcniversitesi GTU IEEE \u00d6\u011frenci Kollar\u0131 \u00f6nc\u00fcl\u00fc\u011f\u00fcnde olacakt\u0131r.","breadcrumb":{"@id":"https:\/\/www.kariyer.net\/kariyer-rehberi\/gebze-teknik-universitesi-2-bilim-ve-teknoloji-gunleri\/#breadcrumb"},"inLanguage":"tr","potentialAction":[{"@type":"ReadAction","target":["https:\/\/www.kariyer.net\/kariyer-rehberi\/gebze-teknik-universitesi-2-bilim-ve-teknoloji-gunleri\/"]}]},{"@type":"BreadcrumbList","@id":"https:\/\/www.kariyer.net\/kariyer-rehberi\/gebze-teknik-universitesi-2-bilim-ve-teknoloji-gunleri\/#breadcrumb","itemListElement":[{"@type":"ListItem","position":1,"name":"Anasayfa","item":"https:\/\/www.kariyer.net\/kariyer-rehberi\/"},{"@type":"ListItem","position":2,"name":"Gebze Teknik \u00dcniversitesi 2. Bilim ve Teknoloji G\u00fcnleri"}]},{"@type":"WebSite","@id":"https:\/\/www.kariyer.net\/kariyer-rehberi\/#website","url":"https:\/\/www.kariyer.net\/kariyer-rehberi\/","name":"Kariyer Rehberi","description":"\u0130\u015f D\u00fcnyas\u0131yla \u0130lgili Bilmek \u0130stedi\u011finiz Her \u015eey","publisher":{"@id":"https:\/\/www.kariyer.net\/kariyer-rehberi\/#organization"},"potentialAction":[{"@type":"SearchAction","target":{"@type":"EntryPoint","urlTemplate":"https:\/\/www.kariyer.net\/kariyer-rehberi\/?s={search_term_string}"},"query-input":{"@type":"PropertyValueSpecification","valueRequired":true,"valueName":"search_term_string"}}],"inLanguage":"tr"},{"@type":"Organization","@id":"https:\/\/www.kariyer.net\/kariyer-rehberi\/#organization","name":"Kariyer.net","url":"https:\/\/www.kariyer.net\/kariyer-rehberi\/","logo":{"@type":"ImageObject","inLanguage":"tr","@id":"https:\/\/www.kariyer.net\/kariyer-rehberi\/#\/schema\/logo\/image\/","url":"https:\/\/www.kariyer.net\/kariyer-rehberi-new\/wp-content\/uploads\/2023\/01\/og-image11.jpg","contentUrl":"https:\/\/www.kariyer.net\/kariyer-rehberi-new\/wp-content\/uploads\/2023\/01\/og-image11.jpg","width":800,"height":800,"caption":"Kariyer.net"},"image":{"@id":"https:\/\/www.kariyer.net\/kariyer-rehberi\/#\/schema\/logo\/image\/"}},{"@type":"Person","@id":"https:\/\/www.kariyer.net\/kariyer-rehberi\/#\/schema\/person\/94fd6e49c7ff1b1b2565a2cc4fd685dd","name":"Edit\u00f6r","image":{"@type":"ImageObject","inLanguage":"tr","@id":"https:\/\/www.kariyer.net\/kariyer-rehberi\/#\/schema\/person\/image\/","url":"https:\/\/secure.gravatar.com\/avatar\/0c4fe6688343aed3693b15573beae12c08ace5565409d5ab7509bf9c115f458d?s=96&d=mm&r=g","contentUrl":"https:\/\/secure.gravatar.com\/avatar\/0c4fe6688343aed3693b15573beae12c08ace5565409d5ab7509bf9c115f458d?s=96&d=mm&r=g","caption":"Edit\u00f6r"},"url":"https:\/\/www.kariyer.net\/kariyer-rehberi\/author\/editor\/"}]}},"_links":{"self":[{"href":"https:\/\/www.kariyer.net\/kariyer-rehberi\/wp-json\/wp\/v2\/posts\/3030","targetHints":{"allow":["GET"]}}],"collection":[{"href":"https:\/\/www.kariyer.net\/kariyer-rehberi\/wp-json\/wp\/v2\/posts"}],"about":[{"href":"https:\/\/www.kariyer.net\/kariyer-rehberi\/wp-json\/wp\/v2\/types\/post"}],"author":[{"embeddable":true,"href":"https:\/\/www.kariyer.net\/kariyer-rehberi\/wp-json\/wp\/v2\/users\/12"}],"replies":[{"embeddable":true,"href":"https:\/\/www.kariyer.net\/kariyer-rehberi\/wp-json\/wp\/v2\/comments?post=3030"}],"version-history":[{"count":1,"href":"https:\/\/www.kariyer.net\/kariyer-rehberi\/wp-json\/wp\/v2\/posts\/3030\/revisions"}],"predecessor-version":[{"id":19771,"href":"https:\/\/www.kariyer.net\/kariyer-rehberi\/wp-json\/wp\/v2\/posts\/3030\/revisions\/19771"}],"wp:attachment":[{"href":"https:\/\/www.kariyer.net\/kariyer-rehberi\/wp-json\/wp\/v2\/media?parent=3030"}],"wp:term":[{"taxonomy":"category","embeddable":true,"href":"https:\/\/www.kariyer.net\/kariyer-rehberi\/wp-json\/wp\/v2\/categories?post=3030"},{"taxonomy":"post_tag","embeddable":true,"href":"https:\/\/www.kariyer.net\/kariyer-rehberi\/wp-json\/wp\/v2\/tags?post=3030"}],"curies":[{"name":"wp","href":"https:\/\/api.w.org\/{rel}","templated":true}]}}