{"id":3783,"date":"2014-03-28T14:33:00","date_gmt":"2014-03-28T12:33:00","guid":{"rendered":"http:\/\/92.45.35.169\/?p=3783"},"modified":"2024-07-03T15:28:46","modified_gmt":"2024-07-03T12:28:46","slug":"danonede-gencler-yoneticilerine-mentorluk-yapiyor","status":"publish","type":"post","link":"https:\/\/www.kariyer.net\/kariyer-rehberi\/danonede-gencler-yoneticilerine-mentorluk-yapiyor\/","title":{"rendered":"Danone\u2019de gen\u00e7ler y\u00f6neticilerine mentorluk yap\u0131yor"},"content":{"rendered":"<p><b>Tecr\u00fcbeli y\u00f6neticilerin yeni mezun \u00e7al\u0131\u015fanlara verdi\u011fi mentorluk programlar\u0131 \u00e7ok ba\u015fvurulan bir y\u00f6ntem. Danone ise bu y\u00f6ntemi tersine \u00e7evirerek gen\u00e7lerin y\u00f6netim kurulu \u00fcyelerine mentorluk yapmas\u0131n\u0131 sa\u011flayan program\u0131yla y\u00f6neticilerine sosyal medyay\u0131 \u00f6\u011fretiyor<\/b><\/p>\n<p><a href=\"http:\/\/www.kariyer.net\/kariyer-rehberi\/wp-content\/uploads\/2014\/03\/montor250x150.jpg\"><img decoding=\"async\" class=\"size-full wp-image-3810 alignleft\" style=\"margin: 5px;\" alt=\"montor250x150\" src=\"http:\/\/www.kariyer.net\/kariyer-rehberi\/wp-content\/uploads\/2014\/03\/montor250x150.jpg\" width=\"250\" height=\"150\" \/><\/a>\u015eirketlerin \u00f6zellikle son y\u0131llarda \u00fczerinde \u00f6nemle durdu\u011fu <strong>mentorluk<\/strong> programlar\u0131, genellikle yeni nesil \u00e7al\u0131\u015fanlar\u0131n i\u015f d\u00fcnyas\u0131na adaptasyonu ve daha deneyimli \u00e7al\u0131\u015fanlar\u0131n birikimlerini \u00f6\u011frenebilmeleri \u00fczerine kurulu olarak ger\u00e7ekle\u015ftiriliyor. Ancak <a title=\"Danone \u0130\u015f \u0130lanlar\u0131 \" href=\"http:\/\/www.kariyer.net\/website\/isara\/index.aspx?&amp;keyword=Danone\" target=\"_blank\" rel=\"noopener\">Danone<\/a>\u2019nin 2012 y\u0131l\u0131ndan bu yana uygulad\u0131\u011f\u0131 mentorluk program\u0131n\u0131n genel uygulamalar\u0131n d\u0131\u015f\u0131nda bir yap\u0131s\u0131 var. Yeni nesil Danone \u00e7al\u0131\u015fanlar\u0131n\u0131n \u00f6zellikle \u00fcst d\u00fczey y\u00f6neticilerle bir araya gelerek onalar sosyal medya konusunda mentorluk yapt\u0131\u011f\u0131 bu \u00e7al\u0131\u015fma iki taraf i\u00e7inde e\u011fitici ve yak\u0131nla\u015ft\u0131r\u0131c\u0131 bir uygulama olmas\u0131 a\u00e7\u0131s\u0131ndan dikkat \u00e7ekici.<\/p>\n<p>Uygulad\u0131klar\u0131 mentorluk program\u0131 hakk\u0131nda bilgi veren, <strong>Danone T\u00fcrkiye S\u00fct \u00dcr\u00fcnleri \u0130K Direkt\u00f6r\u00fc Bur\u00e7in \u015eeng\u00fcn<\/strong>, \u201c Program Yeni Nesil Danonelilerin \u00f6ncelikle \u00fcst d\u00fczey y\u00f6neticilerle birebir ili\u015fkilerinin geli\u015fmesine b\u00fcy\u00fck fayda sa\u011fl\u0131yor; g\u00f6r\u00fcn\u00fcrl\u00fck ve \u015fahsen tan\u0131nma beklentilerini kar\u015f\u0131l\u0131yor, g\u00f6r\u00fc\u015f ve \u00f6nerilerini do\u011frudan payla\u015fmalar\u0131na olanak sa\u011fl\u0131yor. Buna kar\u015f\u0131l\u0131k Y\u00f6netim Kurulu \u00fcyelerimiz de yeni nesille sosyal diyalo\u011funu art\u0131rarak bir taraftan Y ku\u015fa\u011f\u0131yla yak\u0131nla\u015fm\u0131\u015f oluyor, di\u011fer taraftan yeni nesli ve e\u011filimini yak\u0131ndan takip edebilece\u011fi dijital donan\u0131ma h\u0131z ve zaman kaybetmeden ula\u015fm\u0131\u015f oluyor\u201d diyor.<\/p>\n<p><b>Program 11 g\u00f6n\u00fcll\u00fc yeni nesil \u00e7al\u0131\u015fanla ba\u015flad\u0131 <\/b><\/p>\n<p>\u015eeng\u00fcn, art\u0131k sosyal medyan\u0131n, gen\u00e7 ku\u015fa\u011f\u0131n \u00fcst\u00fcnl\u00fc\u011f\u00fcn\u00fcn herkes taraf\u0131ndan kabul edildi\u011fi bir alan oldu\u011funu ve bu nedenle program\u0131n Danone Grubu\u2019nda 2012\u2019den beri uyguland\u0131\u011f\u0131n\u0131 anlat\u0131yor. 2013\u2019te T\u00fcrkiye\u2019de Ters Y\u00f6nde Mentorluk program\u0131 olarak uygulamaya ge\u00e7irildi\u011fini belirten \u015eeng\u00fcn, tamamen g\u00f6n\u00fcll\u00fcl\u00fck \u00fczerine kurulu bir yap\u0131s\u0131 oldu\u011funu ifade ediyor.<a href=\"http:\/\/www.kariyer.net\/kariyer-rehberi\/wp-content\/uploads\/2014\/03\/danone200x150.jpg\"><img decoding=\"async\" class=\"size-full wp-image-3811 alignright\" style=\"margin: 5px;\" alt=\"danone200x150\" src=\"http:\/\/www.kariyer.net\/kariyer-rehberi\/wp-content\/uploads\/2014\/03\/danone200x150.jpg\" width=\"200\" height=\"150\" \/><\/a><\/p>\n<p>\u015eeng\u00fcn, program hayata ge\u00e7irildikten sonra sosyal medya uygulamalar\u0131n\u0131 i\u00e7selle\u015ftirmi\u015f, uzman\u0131 oldu\u011fu konunun aktar\u0131lmas\u0131nda kendisine g\u00fcvenen, bu konuda daha da geli\u015fmeye ve zaman\u0131n\u0131 ay\u0131rmaya a\u00e7\u0131k 11 Danoneli \u00e7al\u0131\u015fan\u0131n pek \u00e7ok \u00f6nemli dijital uygulaman\u0131n kullan\u0131m\u0131, t\u00fcm s\u00fcrecin nas\u0131l y\u00f6netilece\u011fi ve s\u00fcre\u00e7 i\u00e7indeki rolleri hakk\u0131nda detayl\u0131 bilgiye sahip olmak i\u00e7in \u201cE\u011fitimcinin E\u011fitimi\u201dne kat\u0131ld\u0131\u011f\u0131n\u0131 anlat\u0131yor.<\/p>\n<p><b>Y\u00f6netim kurulunun 9 \u00fcyesine11 gen\u00e7 mentorluk yapt\u0131 <\/b><\/p>\n<p>\u015eeng\u00fcn program\u0131n ilk a\u015famas\u0131n\u0131 \u015f\u00f6yle aktard\u0131: \u201c\u0130lk a\u015famada 11 mentorumuz ile Y\u00f6netim Kurulumuzun dokuz \u00fcyesi \u00f6nceliklendirilecek \u015fekilde program\u0131 ba\u015flatt\u0131k. Mentorlar\u0131m\u0131z ilk ad\u0131m olarak bu s\u00fcre\u00e7te birlikte \u00e7al\u0131\u015fmay\u0131 arzu ettikleri \u2018mentee\u2019leri belirleyerek e\u015fle\u015fti. Burada \u00f6nemli bir prensip, e\u015fle\u015fmenin ayn\u0131 departmandan de\u011fil, fonksiyonlar aras\u0131 olma \u015fart\u0131yd\u0131. Mentor ve mentee 15 g\u00fcnde bir birer saatlik en az \u00fc\u00e7 y\u00fcz y\u00fcze seansta bir araya gelerek bu g\u00f6r\u00fc\u015fmelerde hem Danone\u2019ye \u00f6zg\u00fc hem de k\u00fcresel dijital ara\u00e7lar\u0131n kullan\u0131m\u0131 \u00fczerine \u00e7al\u0131\u015fmalar yap\u0131yor\u201d<\/p>\n<p><b>S\u0131rada t\u00fcm organizasyon var <\/b><\/p>\n<p>\u015eeng\u00fcn program\u0131n bundan sonraki a\u015famas\u0131nda Y\u00f6netim Kurulu \u00fcyelerinin e\u011fitimlerini tamamlad\u0131ktan sonra t\u00fcm organizasyona yayg\u0131nla\u015ft\u0131rmay\u0131 planlad\u0131klar\u0131n\u0131 kaydediyor.<\/p>\n<p>E\u011fitimleri daha b\u00fcy\u00fck s\u0131n\u0131flara ta\u015f\u0131may\u0131 planlad\u0131klar\u0131n\u0131 kaydeden \u015eeng\u00fcn, \u201cDe\u011fi\u015fen d\u00fcnyaya Danone olarak da uyum sa\u011flayarak i\u00e7 ileti\u015fim ara\u00e7lar\u0131m\u0131z\u0131 g\u00fcnl\u00fck sosyal medya ara\u00e7lar\u0131ndan ilham alarak geli\u015ftirdik. T\u00fcm Danonelilerin profillerinin bulundu\u011fu ve ki\u015fisel bloglarla, payla\u015f\u0131mlarla sayfalar\u0131n\u0131 \u015fekillendirebildikleri DSN, videolar\u0131m\u0131z\u0131 y\u00fckledi\u011fimiz Dantube, b\u00fcy\u00fck dosya transferi i\u00e7in kulland\u0131\u011f\u0131m\u0131z Dantransfer, Danone d\u00fcnyas\u0131nda merak etti\u011fimiz her sorunun cevab\u0131n\u0131 sunan Dansearch ve h\u0131zl\u0131 ileti\u015fim kurmak i\u00e7in e\u015f zamanl\u0131 yaz\u0131\u015fma platformumuz Sametime \u00f6nc\u00fc uygulamalar\u0131m\u0131zdan birka\u00e7\u0131. T\u00fcm d\u00fcnyadaki Danonelilerin kullan\u0131m\u0131na a\u00e7\u0131k olan bu ara\u00e7lar sayesinde \u00fclke s\u0131n\u0131rlar\u0131 olmaks\u0131z\u0131n t\u00fcm Danone bilgi a\u011f\u0131n\u0131 payla\u015fabiliyor ve deneyimlerimizi ta\u015f\u0131yabiliyoruz\u201d diyor.<\/p>\n<!-- templates\/buttons-placeholder.php -->\n<div class=\"da-reactions-outer TpostID3783\">\n\t    <div class=\"da-reactions-data da-reactions-container-async center\"\n         data-type=\"post\"\n         data-id=\"3783\"\n         id=\"da-reactions-slot-post-3783\">\n        <div class=\"da-reactions-static\">\n\t\t\t<img src=\"https:\/\/www.kariyer.net\/kariyer-rehberi\/wp-content\/plugins\/da-reactions\/assets\/dist\/loading.svg\" alt=\"Loading spinner\" width=\"48\" height=\"48\" style=\"width:48px\" \/>\n        <\/div>\n    <\/div>\n<\/div>\n","protected":false},"excerpt":{"rendered":"<p>Tecr\u00fcbeli y\u00f6neticilerin yeni mezun \u00e7al\u0131\u015fanlara verdi\u011fi mentorluk programlar\u0131 \u00e7ok ba\u015fvurulan bir y\u00f6ntem. Danone ise bu y\u00f6ntemi tersine \u00e7evirerek gen\u00e7lerin y\u00f6netim kurulu \u00fcyelerine mentorluk yapmas\u0131n\u0131 sa\u011flayan program\u0131yla y\u00f6neticilerine sosyal medyay\u0131 \u00f6\u011fretiyor \u015eirketlerin \u00f6zellikle son y\u0131llarda \u00fczerinde \u00f6nemle durdu\u011fu mentorluk programlar\u0131, genellikle yeni nesil \u00e7al\u0131\u015fanlar\u0131n i\u015f d\u00fcnyas\u0131na adaptasyonu ve daha deneyimli \u00e7al\u0131\u015fanlar\u0131n birikimlerini \u00f6\u011frenebilmeleri \u00fczerine kurulu olarak [&hellip;]<\/p>\n<!-- templates\/buttons-placeholder.php -->\n<div class=\"da-reactions-outer TpostID3783\">\n\t    <div class=\"da-reactions-data da-reactions-container-async center\"\n         data-type=\"post\"\n         data-id=\"3783\"\n         id=\"da-reactions-slot-post-3783\">\n        <div class=\"da-reactions-static\">\n\t\t\t<img src=\"https:\/\/www.kariyer.net\/kariyer-rehberi\/wp-content\/plugins\/da-reactions\/assets\/dist\/loading.svg\" alt=\"Loading spinner\" width=\"48\" height=\"48\" style=\"width:48px\" \/>\n        <\/div>\n    <\/div>\n<\/div>\n","protected":false},"author":4,"featured_media":3812,"comment_status":"open","ping_status":"open","sticky":false,"template":"","format":"standard","meta":{"footnotes":"","_elementor_edit_mode":"","_elementor_template_type":"","_elementor_data":"","_elementor_page_settings":null,"_elementor_conditions":[]},"categories":[2211],"tags":[],"class_list":{"0":"post-3783","1":"post","2":"type-post","3":"status-publish","4":"format-standard","5":"has-post-thumbnail","7":"category-kariyer-gelisimi"},"yoast_head":"<!-- This site is optimized with the Yoast SEO Premium plugin v21.4 (Yoast SEO v27.0) - https:\/\/yoast.com\/product\/yoast-seo-premium-wordpress\/ -->\n<title>Danone\u2019de gen\u00e7ler y\u00f6neticilerine mentorluk yap\u0131yor | Kariyer Rehberi<\/title>\n<meta name=\"description\" content=\"Tecr\u00fcbeli y\u00f6neticilerin yeni mezun \u00e7al\u0131\u015fanlara verdi\u011fi mentorluk programlar\u0131 \u00e7ok ba\u015fvurulan bir y\u00f6ntem. Danone ise bu y\u00f6ntemi tersine \u00e7evirerek gen\u00e7lerin\" \/>\n<meta name=\"robots\" content=\"index, follow, max-snippet:-1, max-image-preview:large, max-video-preview:-1\" \/>\n<link rel=\"canonical\" href=\"https:\/\/www.kariyer.net\/kariyer-rehberi\/danonede-gencler-yoneticilerine-mentorluk-yapiyor\/\" \/>\n<meta property=\"og:locale\" content=\"tr_TR\" \/>\n<meta property=\"og:type\" content=\"article\" \/>\n<meta property=\"og:title\" content=\"Danone\u2019de gen\u00e7ler y\u00f6neticilerine mentorluk yap\u0131yor\" \/>\n<meta property=\"og:description\" content=\"Tecr\u00fcbeli y\u00f6neticilerin yeni mezun \u00e7al\u0131\u015fanlara verdi\u011fi mentorluk programlar\u0131 \u00e7ok ba\u015fvurulan bir y\u00f6ntem. Danone ise bu y\u00f6ntemi tersine \u00e7evirerek gen\u00e7lerin\" \/>\n<meta property=\"og:url\" content=\"https:\/\/www.kariyer.net\/kariyer-rehberi\/danonede-gencler-yoneticilerine-mentorluk-yapiyor\/\" \/>\n<meta property=\"og:site_name\" content=\"Kariyer Rehberi\" \/>\n<meta property=\"article:published_time\" content=\"2014-03-28T12:33:00+00:00\" \/>\n<meta property=\"article:modified_time\" content=\"2024-07-03T12:28:46+00:00\" \/>\n<meta property=\"og:image\" content=\"https:\/\/www.kariyer.net\/kariyer-rehberi\/wp-content\/uploads\/2014\/03\/mentor600x300.jpg\" \/>\n\t<meta property=\"og:image:width\" content=\"600\" \/>\n\t<meta property=\"og:image:height\" content=\"300\" \/>\n\t<meta property=\"og:image:type\" content=\"image\/jpeg\" \/>\n<meta name=\"author\" content=\"Ye\u015fim Sar\u0131er Aksu\" \/>\n<meta name=\"twitter:card\" content=\"summary_large_image\" \/>\n<meta name=\"twitter:creator\" content=\"@http:\/\/twitter.com\/yesimsarier\" \/>\n<meta name=\"twitter:label1\" content=\"Yazan:\" \/>\n\t<meta name=\"twitter:data1\" content=\"Ye\u015fim Sar\u0131er Aksu\" \/>\n\t<meta name=\"twitter:label2\" content=\"Tahmini okuma s\u00fcresi\" \/>\n\t<meta name=\"twitter:data2\" content=\"4 dakika\" \/>\n<!-- \/ Yoast SEO Premium plugin. -->","yoast_head_json":{"title":"Danone\u2019de gen\u00e7ler y\u00f6neticilerine mentorluk yap\u0131yor | Kariyer Rehberi","description":"Tecr\u00fcbeli y\u00f6neticilerin yeni mezun \u00e7al\u0131\u015fanlara verdi\u011fi mentorluk programlar\u0131 \u00e7ok ba\u015fvurulan bir y\u00f6ntem. Danone ise bu y\u00f6ntemi tersine \u00e7evirerek gen\u00e7lerin","robots":{"index":"index","follow":"follow","max-snippet":"max-snippet:-1","max-image-preview":"max-image-preview:large","max-video-preview":"max-video-preview:-1"},"canonical":"https:\/\/www.kariyer.net\/kariyer-rehberi\/danonede-gencler-yoneticilerine-mentorluk-yapiyor\/","og_locale":"tr_TR","og_type":"article","og_title":"Danone\u2019de gen\u00e7ler y\u00f6neticilerine mentorluk yap\u0131yor","og_description":"Tecr\u00fcbeli y\u00f6neticilerin yeni mezun \u00e7al\u0131\u015fanlara verdi\u011fi mentorluk programlar\u0131 \u00e7ok ba\u015fvurulan bir y\u00f6ntem. Danone ise bu y\u00f6ntemi tersine \u00e7evirerek gen\u00e7lerin","og_url":"https:\/\/www.kariyer.net\/kariyer-rehberi\/danonede-gencler-yoneticilerine-mentorluk-yapiyor\/","og_site_name":"Kariyer Rehberi","article_published_time":"2014-03-28T12:33:00+00:00","article_modified_time":"2024-07-03T12:28:46+00:00","og_image":[{"width":600,"height":300,"url":"https:\/\/www.kariyer.net\/kariyer-rehberi\/wp-content\/uploads\/2014\/03\/mentor600x300.jpg","type":"image\/jpeg"}],"author":"Ye\u015fim Sar\u0131er Aksu","twitter_card":"summary_large_image","twitter_creator":"@http:\/\/twitter.com\/yesimsarier","twitter_misc":{"Yazan:":"Ye\u015fim Sar\u0131er Aksu","Tahmini okuma s\u00fcresi":"4 dakika"},"schema":{"@context":"https:\/\/schema.org","@graph":[{"@type":"Article","@id":"https:\/\/www.kariyer.net\/kariyer-rehberi\/danonede-gencler-yoneticilerine-mentorluk-yapiyor\/#article","isPartOf":{"@id":"https:\/\/www.kariyer.net\/kariyer-rehberi\/danonede-gencler-yoneticilerine-mentorluk-yapiyor\/"},"author":{"name":"Ye\u015fim Sar\u0131er Aksu","@id":"https:\/\/www.kariyer.net\/kariyer-rehberi\/#\/schema\/person\/96c80fcfe6e088628dd105b9746b44a8"},"headline":"Danone\u2019de gen\u00e7ler y\u00f6neticilerine mentorluk yap\u0131yor","datePublished":"2014-03-28T12:33:00+00:00","dateModified":"2024-07-03T12:28:46+00:00","mainEntityOfPage":{"@id":"https:\/\/www.kariyer.net\/kariyer-rehberi\/danonede-gencler-yoneticilerine-mentorluk-yapiyor\/"},"wordCount":734,"commentCount":0,"publisher":{"@id":"https:\/\/www.kariyer.net\/kariyer-rehberi\/#organization"},"image":{"@id":"https:\/\/www.kariyer.net\/kariyer-rehberi\/danonede-gencler-yoneticilerine-mentorluk-yapiyor\/#primaryimage"},"thumbnailUrl":"https:\/\/www.kariyer.net\/kariyer-rehberi\/wp-content\/uploads\/2014\/03\/mentor600x300.jpg","articleSection":["Kariyer Geli\u015fimi"],"inLanguage":"tr","potentialAction":[{"@type":"CommentAction","name":"Comment","target":["https:\/\/www.kariyer.net\/kariyer-rehberi\/danonede-gencler-yoneticilerine-mentorluk-yapiyor\/#respond"]}]},{"@type":"WebPage","@id":"https:\/\/www.kariyer.net\/kariyer-rehberi\/danonede-gencler-yoneticilerine-mentorluk-yapiyor\/","url":"https:\/\/www.kariyer.net\/kariyer-rehberi\/danonede-gencler-yoneticilerine-mentorluk-yapiyor\/","name":"Danone\u2019de gen\u00e7ler y\u00f6neticilerine mentorluk yap\u0131yor | Kariyer Rehberi","isPartOf":{"@id":"https:\/\/www.kariyer.net\/kariyer-rehberi\/#website"},"primaryImageOfPage":{"@id":"https:\/\/www.kariyer.net\/kariyer-rehberi\/danonede-gencler-yoneticilerine-mentorluk-yapiyor\/#primaryimage"},"image":{"@id":"https:\/\/www.kariyer.net\/kariyer-rehberi\/danonede-gencler-yoneticilerine-mentorluk-yapiyor\/#primaryimage"},"thumbnailUrl":"https:\/\/www.kariyer.net\/kariyer-rehberi\/wp-content\/uploads\/2014\/03\/mentor600x300.jpg","datePublished":"2014-03-28T12:33:00+00:00","dateModified":"2024-07-03T12:28:46+00:00","description":"Tecr\u00fcbeli y\u00f6neticilerin yeni mezun \u00e7al\u0131\u015fanlara verdi\u011fi mentorluk programlar\u0131 \u00e7ok ba\u015fvurulan bir y\u00f6ntem. Danone ise bu y\u00f6ntemi tersine \u00e7evirerek gen\u00e7lerin","breadcrumb":{"@id":"https:\/\/www.kariyer.net\/kariyer-rehberi\/danonede-gencler-yoneticilerine-mentorluk-yapiyor\/#breadcrumb"},"inLanguage":"tr","potentialAction":[{"@type":"ReadAction","target":["https:\/\/www.kariyer.net\/kariyer-rehberi\/danonede-gencler-yoneticilerine-mentorluk-yapiyor\/"]}]},{"@type":"ImageObject","inLanguage":"tr","@id":"https:\/\/www.kariyer.net\/kariyer-rehberi\/danonede-gencler-yoneticilerine-mentorluk-yapiyor\/#primaryimage","url":"https:\/\/www.kariyer.net\/kariyer-rehberi\/wp-content\/uploads\/2014\/03\/mentor600x300.jpg","contentUrl":"https:\/\/www.kariyer.net\/kariyer-rehberi\/wp-content\/uploads\/2014\/03\/mentor600x300.jpg","width":600,"height":300},{"@type":"BreadcrumbList","@id":"https:\/\/www.kariyer.net\/kariyer-rehberi\/danonede-gencler-yoneticilerine-mentorluk-yapiyor\/#breadcrumb","itemListElement":[{"@type":"ListItem","position":1,"name":"Anasayfa","item":"https:\/\/www.kariyer.net\/kariyer-rehberi\/"},{"@type":"ListItem","position":2,"name":"Danone\u2019de gen\u00e7ler y\u00f6neticilerine mentorluk yap\u0131yor"}]},{"@type":"WebSite","@id":"https:\/\/www.kariyer.net\/kariyer-rehberi\/#website","url":"https:\/\/www.kariyer.net\/kariyer-rehberi\/","name":"Kariyer Rehberi","description":"\u0130\u015f D\u00fcnyas\u0131yla \u0130lgili Bilmek \u0130stedi\u011finiz Her \u015eey","publisher":{"@id":"https:\/\/www.kariyer.net\/kariyer-rehberi\/#organization"},"potentialAction":[{"@type":"SearchAction","target":{"@type":"EntryPoint","urlTemplate":"https:\/\/www.kariyer.net\/kariyer-rehberi\/?s={search_term_string}"},"query-input":{"@type":"PropertyValueSpecification","valueRequired":true,"valueName":"search_term_string"}}],"inLanguage":"tr"},{"@type":"Organization","@id":"https:\/\/www.kariyer.net\/kariyer-rehberi\/#organization","name":"Kariyer.net","url":"https:\/\/www.kariyer.net\/kariyer-rehberi\/","logo":{"@type":"ImageObject","inLanguage":"tr","@id":"https:\/\/www.kariyer.net\/kariyer-rehberi\/#\/schema\/logo\/image\/","url":"https:\/\/www.kariyer.net\/kariyer-rehberi-new\/wp-content\/uploads\/2023\/01\/og-image11.jpg","contentUrl":"https:\/\/www.kariyer.net\/kariyer-rehberi-new\/wp-content\/uploads\/2023\/01\/og-image11.jpg","width":800,"height":800,"caption":"Kariyer.net"},"image":{"@id":"https:\/\/www.kariyer.net\/kariyer-rehberi\/#\/schema\/logo\/image\/"}},{"@type":"Person","@id":"https:\/\/www.kariyer.net\/kariyer-rehberi\/#\/schema\/person\/96c80fcfe6e088628dd105b9746b44a8","name":"Ye\u015fim Sar\u0131er Aksu","image":{"@type":"ImageObject","inLanguage":"tr","@id":"https:\/\/www.kariyer.net\/kariyer-rehberi\/#\/schema\/person\/image\/","url":"https:\/\/secure.gravatar.com\/avatar\/e104674e9a8338d72bcce6b74dbe01074c987dfd015f629c6f7f9ff039a6aa6e?s=96&d=mm&r=g","contentUrl":"https:\/\/secure.gravatar.com\/avatar\/e104674e9a8338d72bcce6b74dbe01074c987dfd015f629c6f7f9ff039a6aa6e?s=96&d=mm&r=g","caption":"Ye\u015fim Sar\u0131er Aksu"},"description":"Kocaeli \u00dcniversitesi Gazetecilik b\u00f6l\u00fcm\u00fcnde okurken gen\u00e7 bir muhabir olarak ba\u015flad\u0131\u011f\u0131 yaz\u0131 ve haber merak\u0131 hi\u00e7 eksilmedi. Muhabirlik, edit\u00f6rl\u00fck ve kurumlar\u0131n web sitelerinin y\u00f6netiminin ard\u0131ndan Temmuz 2011\u2019de Kariyer.net\u2019e \u0130\u00e7erik Y\u00f6neticisi olarak kat\u0131ld\u0131. Haber T\u00fcrk Kariyer, Kariyer Dergi ve Kariyer Rehberi i\u00e7in i\u00e7erikler \u00fcretti.","sameAs":["http:\/\/www.kariyer.net\/kariyer-rehberi\/yesim-sarier-aksu\/","https:\/\/x.com\/http:\/\/twitter.com\/yesimsarier"],"url":"https:\/\/www.kariyer.net\/kariyer-rehberi\/author\/yesimsarieraksu\/"}]}},"_links":{"self":[{"href":"https:\/\/www.kariyer.net\/kariyer-rehberi\/wp-json\/wp\/v2\/posts\/3783","targetHints":{"allow":["GET"]}}],"collection":[{"href":"https:\/\/www.kariyer.net\/kariyer-rehberi\/wp-json\/wp\/v2\/posts"}],"about":[{"href":"https:\/\/www.kariyer.net\/kariyer-rehberi\/wp-json\/wp\/v2\/types\/post"}],"author":[{"embeddable":true,"href":"https:\/\/www.kariyer.net\/kariyer-rehberi\/wp-json\/wp\/v2\/users\/4"}],"replies":[{"embeddable":true,"href":"https:\/\/www.kariyer.net\/kariyer-rehberi\/wp-json\/wp\/v2\/comments?post=3783"}],"version-history":[{"count":1,"href":"https:\/\/www.kariyer.net\/kariyer-rehberi\/wp-json\/wp\/v2\/posts\/3783\/revisions"}],"predecessor-version":[{"id":19603,"href":"https:\/\/www.kariyer.net\/kariyer-rehberi\/wp-json\/wp\/v2\/posts\/3783\/revisions\/19603"}],"wp:featuredmedia":[{"embeddable":true,"href":"https:\/\/www.kariyer.net\/kariyer-rehberi\/wp-json\/wp\/v2\/media\/3812"}],"wp:attachment":[{"href":"https:\/\/www.kariyer.net\/kariyer-rehberi\/wp-json\/wp\/v2\/media?parent=3783"}],"wp:term":[{"taxonomy":"category","embeddable":true,"href":"https:\/\/www.kariyer.net\/kariyer-rehberi\/wp-json\/wp\/v2\/categories?post=3783"},{"taxonomy":"post_tag","embeddable":true,"href":"https:\/\/www.kariyer.net\/kariyer-rehberi\/wp-json\/wp\/v2\/tags?post=3783"}],"curies":[{"name":"wp","href":"https:\/\/api.w.org\/{rel}","templated":true}]}}