{"id":416,"date":"2012-10-24T12:23:14","date_gmt":"2012-10-24T09:23:14","guid":{"rendered":"http:\/\/www.kariyerkampuste.com\/?p=416"},"modified":"2024-07-03T15:39:25","modified_gmt":"2024-07-03T12:39:25","slug":"tesekkurler-ab-kulubu-tesekkurler-osmaniye-korkut-ata-universitesi","status":"publish","type":"post","link":"https:\/\/www.kariyer.net\/kariyer-rehberi\/tesekkurler-ab-kulubu-tesekkurler-osmaniye-korkut-ata-universitesi\/","title":{"rendered":"Te\u015fekk\u00fcrler &#8220;AB Kul\u00fcb\u00fc&#8221;!  Te\u015fekk\u00fcrler &#8220;Osmaniye Korkut Ata \u00dcniversitesi&#8221;!"},"content":{"rendered":"<p>&nbsp;<\/p>\n<p>&nbsp;<\/p>\n<figure id=\"attachment_419\" aria-describedby=\"caption-attachment-419\" style=\"width: 300px\" class=\"wp-caption alignleft\"><a href=\"http:\/\/www.kariyerkampuste.com\/wp-content\/uploads\/2012\/10\/Osmaniye-Korkut-Ata-\u00dcniversitesi2.jpg\"><img fetchpriority=\"high\" decoding=\"async\" class=\"size-medium wp-image-419\" title=\"Osmaniye Korkut Ata \u00dcniversitesi\" src=\"http:\/\/www.kariyerkampuste.com\/wp-content\/uploads\/2012\/10\/Osmaniye-Korkut-Ata-\u00dcniversitesi2-300x200.jpg\" alt=\"\" width=\"300\" height=\"200\" \/><\/a><figcaption id=\"caption-attachment-419\" class=\"wp-caption-text\">Osmaniye Korkut Ata \u00dcniversitesi&#8217;nden kucak dolusu sevgiler \ud83d\ude42<\/figcaption><\/figure>\n<p>17 Ekim 2012 g\u00fcnlerden \u00c7ar\u015famba, Osmaniye Korkut Ata \u00dcniversitesi konferans salonunday\u0131z. \u0130lk izlenim bo\u015f bir salon. Etrafta ise g\u00f6z al\u0131c\u0131 haz\u0131rl\u0131klar. Sahne, \u0131\u015f\u0131k, m\u00fczik, mikrofon, sunum kumandas\u0131, her \u015fey haz\u0131r. Bunlar ciddi bir kat\u0131l\u0131m\u0131n belirtisi gibi duruyordu. 5-10 derken 100-150 diye d\u00fc\u015f\u00fcn\u00fcrken, alm\u0131yordu salon 700 ki\u015fiyi. Bu AB kul\u00fcb\u00fcn\u00fcn ve kul\u00fcbe sonuna kadar destek olan bir \u00fcniversite y\u00f6netiminin eseriydi. <!--more-->\u00dcniversitedeki \u00f6\u011frenci say\u0131s\u0131na g\u00f6re \u00e7ok ciddi bir kat\u0131l\u0131m vard\u0131. Bize d\u00fc\u015fen olabildi\u011fince anlatmak, dilimiz dama\u011f\u0131m\u0131z kuruyana dek payla\u015fmakt\u0131. Kariyer.net olarak bizi heyecanland\u0131ran toplulu\u011fa anlatt\u0131k s\u00fcremiz yetti\u011fince.<\/p>\n<p>Sa\u011folsunlar dinlediler, kat\u0131ld\u0131lar, payla\u015f\u0131mda bulundular&#8230; Biz, mutlu kat\u0131l\u0131mc\u0131lar\u0131n memnun g\u00fcler y\u00fcz\u00fcyle ayr\u0131ld\u0131k. Te\u015fekk\u00fcrler &#8220;AB Kul\u00fcb\u00fc&#8221;, \u00a0te\u015fekk\u00fcrler &#8220;Osmaniye Korkut Ata \u00dcniversitesi&#8221;&#8230;<\/p>\n<p>&nbsp;<\/p>\n<p>[slideshow gallery_id=&#8221;4&#8221;]<\/p>\n<!-- templates\/buttons-placeholder.php -->\n<div class=\"da-reactions-outer TpostID416\">\n\t    <div class=\"da-reactions-data da-reactions-container-async center\"\n         data-type=\"post\"\n         data-id=\"416\"\n         id=\"da-reactions-slot-post-416\">\n        <div class=\"da-reactions-static\">\n\t\t\t<img src=\"https:\/\/www.kariyer.net\/kariyer-rehberi\/wp-content\/plugins\/da-reactions\/assets\/dist\/loading.svg\" alt=\"Loading spinner\" width=\"48\" height=\"48\" style=\"width:48px\" \/>\n        <\/div>\n    <\/div>\n<\/div>\n","protected":false},"excerpt":{"rendered":"<p>&nbsp; &nbsp; 17 Ekim 2012 g\u00fcnlerden \u00c7ar\u015famba, Osmaniye Korkut Ata \u00dcniversitesi konferans salonunday\u0131z. \u0130lk izlenim bo\u015f bir salon. Etrafta ise g\u00f6z al\u0131c\u0131 haz\u0131rl\u0131klar. Sahne, \u0131\u015f\u0131k, m\u00fczik, mikrofon, sunum kumandas\u0131, her \u015fey haz\u0131r. Bunlar ciddi bir kat\u0131l\u0131m\u0131n belirtisi gibi duruyordu. 5-10 derken 100-150 diye d\u00fc\u015f\u00fcn\u00fcrken, alm\u0131yordu salon 700 ki\u015fiyi. Bu AB kul\u00fcb\u00fcn\u00fcn ve kul\u00fcbe sonuna kadar [&hellip;]<\/p>\n<!-- templates\/buttons-placeholder.php -->\n<div class=\"da-reactions-outer TpostID416\">\n\t    <div class=\"da-reactions-data da-reactions-container-async center\"\n         data-type=\"post\"\n         data-id=\"416\"\n         id=\"da-reactions-slot-post-416\">\n        <div class=\"da-reactions-static\">\n\t\t\t<img src=\"https:\/\/www.kariyer.net\/kariyer-rehberi\/wp-content\/plugins\/da-reactions\/assets\/dist\/loading.svg\" alt=\"Loading spinner\" width=\"48\" height=\"48\" style=\"width:48px\" \/>\n        <\/div>\n    <\/div>\n<\/div>\n","protected":false},"author":12,"featured_media":0,"comment_status":"open","ping_status":"open","sticky":false,"template":"","format":"standard","meta":{"footnotes":"","_elementor_edit_mode":"","_elementor_template_type":"","_elementor_data":"","_elementor_page_settings":null,"_elementor_conditions":[]},"categories":[2211,85],"tags":[],"class_list":{"0":"post-416","1":"post","2":"type-post","3":"status-publish","4":"format-standard","6":"category-kariyer-gelisimi","7":"category-universitelerden-izlenimler"},"yoast_head":"<!-- This site is optimized with the Yoast SEO Premium plugin v21.4 (Yoast SEO v27.0) - https:\/\/yoast.com\/product\/yoast-seo-premium-wordpress\/ -->\n<title>Te\u015fekk\u00fcrler &quot;AB Kul\u00fcb\u00fc&quot;! Te\u015fekk\u00fcrler &quot;Osmaniye Korkut Ata \u00dcniversitesi&quot;! | Kariyer Rehberi<\/title>\n<meta name=\"description\" content=\"&nbsp; &nbsp; 17 Ekim 2012 g\u00fcnlerden \u00c7ar\u015famba, Osmaniye Korkut Ata \u00dcniversitesi konferans salonunday\u0131z. \u0130lk izlenim bo\u015f bir salon. Etrafta ise g\u00f6z al\u0131c\u0131\" \/>\n<meta name=\"robots\" content=\"index, follow, max-snippet:-1, max-image-preview:large, max-video-preview:-1\" \/>\n<link rel=\"canonical\" href=\"https:\/\/www.kariyer.net\/kariyer-rehberi\/tesekkurler-ab-kulubu-tesekkurler-osmaniye-korkut-ata-universitesi\/\" \/>\n<meta property=\"og:locale\" content=\"tr_TR\" \/>\n<meta property=\"og:type\" content=\"article\" \/>\n<meta property=\"og:title\" content=\"Te\u015fekk\u00fcrler &quot;AB Kul\u00fcb\u00fc&quot;! Te\u015fekk\u00fcrler &quot;Osmaniye Korkut Ata \u00dcniversitesi&quot;!\" \/>\n<meta property=\"og:description\" content=\"&nbsp; &nbsp; 17 Ekim 2012 g\u00fcnlerden \u00c7ar\u015famba, Osmaniye Korkut Ata \u00dcniversitesi konferans salonunday\u0131z. \u0130lk izlenim bo\u015f bir salon. Etrafta ise g\u00f6z al\u0131c\u0131\" \/>\n<meta property=\"og:url\" content=\"https:\/\/www.kariyer.net\/kariyer-rehberi\/tesekkurler-ab-kulubu-tesekkurler-osmaniye-korkut-ata-universitesi\/\" \/>\n<meta property=\"og:site_name\" content=\"Kariyer Rehberi\" \/>\n<meta property=\"article:published_time\" content=\"2012-10-24T09:23:14+00:00\" \/>\n<meta property=\"article:modified_time\" content=\"2024-07-03T12:39:25+00:00\" \/>\n<meta name=\"author\" content=\"Edit\u00f6r\" \/>\n<meta name=\"twitter:card\" content=\"summary_large_image\" \/>\n<meta name=\"twitter:label1\" content=\"Yazan:\" \/>\n\t<meta name=\"twitter:data1\" content=\"Edit\u00f6r\" \/>\n\t<meta name=\"twitter:label2\" content=\"Tahmini okuma s\u00fcresi\" \/>\n\t<meta name=\"twitter:data2\" content=\"1 dakika\" \/>\n<!-- \/ Yoast SEO Premium plugin. -->","yoast_head_json":{"title":"Te\u015fekk\u00fcrler \"AB Kul\u00fcb\u00fc\"! Te\u015fekk\u00fcrler \"Osmaniye Korkut Ata \u00dcniversitesi\"! | Kariyer Rehberi","description":"&nbsp; &nbsp; 17 Ekim 2012 g\u00fcnlerden \u00c7ar\u015famba, Osmaniye Korkut Ata \u00dcniversitesi konferans salonunday\u0131z. \u0130lk izlenim bo\u015f bir salon. Etrafta ise g\u00f6z al\u0131c\u0131","robots":{"index":"index","follow":"follow","max-snippet":"max-snippet:-1","max-image-preview":"max-image-preview:large","max-video-preview":"max-video-preview:-1"},"canonical":"https:\/\/www.kariyer.net\/kariyer-rehberi\/tesekkurler-ab-kulubu-tesekkurler-osmaniye-korkut-ata-universitesi\/","og_locale":"tr_TR","og_type":"article","og_title":"Te\u015fekk\u00fcrler \"AB Kul\u00fcb\u00fc\"! Te\u015fekk\u00fcrler \"Osmaniye Korkut Ata \u00dcniversitesi\"!","og_description":"&nbsp; &nbsp; 17 Ekim 2012 g\u00fcnlerden \u00c7ar\u015famba, Osmaniye Korkut Ata \u00dcniversitesi konferans salonunday\u0131z. \u0130lk izlenim bo\u015f bir salon. Etrafta ise g\u00f6z al\u0131c\u0131","og_url":"https:\/\/www.kariyer.net\/kariyer-rehberi\/tesekkurler-ab-kulubu-tesekkurler-osmaniye-korkut-ata-universitesi\/","og_site_name":"Kariyer Rehberi","article_published_time":"2012-10-24T09:23:14+00:00","article_modified_time":"2024-07-03T12:39:25+00:00","author":"Edit\u00f6r","twitter_card":"summary_large_image","twitter_misc":{"Yazan:":"Edit\u00f6r","Tahmini okuma s\u00fcresi":"1 dakika"},"schema":{"@context":"https:\/\/schema.org","@graph":[{"@type":"Article","@id":"https:\/\/www.kariyer.net\/kariyer-rehberi\/tesekkurler-ab-kulubu-tesekkurler-osmaniye-korkut-ata-universitesi\/#article","isPartOf":{"@id":"https:\/\/www.kariyer.net\/kariyer-rehberi\/tesekkurler-ab-kulubu-tesekkurler-osmaniye-korkut-ata-universitesi\/"},"author":{"name":"Edit\u00f6r","@id":"https:\/\/www.kariyer.net\/kariyer-rehberi\/#\/schema\/person\/94fd6e49c7ff1b1b2565a2cc4fd685dd"},"headline":"Te\u015fekk\u00fcrler &#8220;AB Kul\u00fcb\u00fc&#8221;! Te\u015fekk\u00fcrler &#8220;Osmaniye Korkut Ata \u00dcniversitesi&#8221;!","datePublished":"2012-10-24T09:23:14+00:00","dateModified":"2024-07-03T12:39:25+00:00","mainEntityOfPage":{"@id":"https:\/\/www.kariyer.net\/kariyer-rehberi\/tesekkurler-ab-kulubu-tesekkurler-osmaniye-korkut-ata-universitesi\/"},"wordCount":191,"commentCount":0,"publisher":{"@id":"https:\/\/www.kariyer.net\/kariyer-rehberi\/#organization"},"articleSection":["Kariyer Geli\u015fimi","\u00dcniversitelerden \u0130zlenimler"],"inLanguage":"tr","potentialAction":[{"@type":"CommentAction","name":"Comment","target":["https:\/\/www.kariyer.net\/kariyer-rehberi\/tesekkurler-ab-kulubu-tesekkurler-osmaniye-korkut-ata-universitesi\/#respond"]}]},{"@type":"WebPage","@id":"https:\/\/www.kariyer.net\/kariyer-rehberi\/tesekkurler-ab-kulubu-tesekkurler-osmaniye-korkut-ata-universitesi\/","url":"https:\/\/www.kariyer.net\/kariyer-rehberi\/tesekkurler-ab-kulubu-tesekkurler-osmaniye-korkut-ata-universitesi\/","name":"Te\u015fekk\u00fcrler \"AB Kul\u00fcb\u00fc\"! Te\u015fekk\u00fcrler \"Osmaniye Korkut Ata \u00dcniversitesi\"! | Kariyer Rehberi","isPartOf":{"@id":"https:\/\/www.kariyer.net\/kariyer-rehberi\/#website"},"datePublished":"2012-10-24T09:23:14+00:00","dateModified":"2024-07-03T12:39:25+00:00","description":"&nbsp; &nbsp; 17 Ekim 2012 g\u00fcnlerden \u00c7ar\u015famba, Osmaniye Korkut Ata \u00dcniversitesi konferans salonunday\u0131z. \u0130lk izlenim bo\u015f bir salon. Etrafta ise g\u00f6z al\u0131c\u0131","breadcrumb":{"@id":"https:\/\/www.kariyer.net\/kariyer-rehberi\/tesekkurler-ab-kulubu-tesekkurler-osmaniye-korkut-ata-universitesi\/#breadcrumb"},"inLanguage":"tr","potentialAction":[{"@type":"ReadAction","target":["https:\/\/www.kariyer.net\/kariyer-rehberi\/tesekkurler-ab-kulubu-tesekkurler-osmaniye-korkut-ata-universitesi\/"]}]},{"@type":"BreadcrumbList","@id":"https:\/\/www.kariyer.net\/kariyer-rehberi\/tesekkurler-ab-kulubu-tesekkurler-osmaniye-korkut-ata-universitesi\/#breadcrumb","itemListElement":[{"@type":"ListItem","position":1,"name":"Anasayfa","item":"https:\/\/www.kariyer.net\/kariyer-rehberi\/"},{"@type":"ListItem","position":2,"name":"Te\u015fekk\u00fcrler &#8220;AB Kul\u00fcb\u00fc&#8221;! Te\u015fekk\u00fcrler &#8220;Osmaniye Korkut Ata \u00dcniversitesi&#8221;!"}]},{"@type":"WebSite","@id":"https:\/\/www.kariyer.net\/kariyer-rehberi\/#website","url":"https:\/\/www.kariyer.net\/kariyer-rehberi\/","name":"Kariyer Rehberi","description":"\u0130\u015f D\u00fcnyas\u0131yla \u0130lgili Bilmek \u0130stedi\u011finiz Her \u015eey","publisher":{"@id":"https:\/\/www.kariyer.net\/kariyer-rehberi\/#organization"},"potentialAction":[{"@type":"SearchAction","target":{"@type":"EntryPoint","urlTemplate":"https:\/\/www.kariyer.net\/kariyer-rehberi\/?s={search_term_string}"},"query-input":{"@type":"PropertyValueSpecification","valueRequired":true,"valueName":"search_term_string"}}],"inLanguage":"tr"},{"@type":"Organization","@id":"https:\/\/www.kariyer.net\/kariyer-rehberi\/#organization","name":"Kariyer.net","url":"https:\/\/www.kariyer.net\/kariyer-rehberi\/","logo":{"@type":"ImageObject","inLanguage":"tr","@id":"https:\/\/www.kariyer.net\/kariyer-rehberi\/#\/schema\/logo\/image\/","url":"https:\/\/www.kariyer.net\/kariyer-rehberi-new\/wp-content\/uploads\/2023\/01\/og-image11.jpg","contentUrl":"https:\/\/www.kariyer.net\/kariyer-rehberi-new\/wp-content\/uploads\/2023\/01\/og-image11.jpg","width":800,"height":800,"caption":"Kariyer.net"},"image":{"@id":"https:\/\/www.kariyer.net\/kariyer-rehberi\/#\/schema\/logo\/image\/"}},{"@type":"Person","@id":"https:\/\/www.kariyer.net\/kariyer-rehberi\/#\/schema\/person\/94fd6e49c7ff1b1b2565a2cc4fd685dd","name":"Edit\u00f6r","image":{"@type":"ImageObject","inLanguage":"tr","@id":"https:\/\/www.kariyer.net\/kariyer-rehberi\/#\/schema\/person\/image\/","url":"https:\/\/secure.gravatar.com\/avatar\/0c4fe6688343aed3693b15573beae12c08ace5565409d5ab7509bf9c115f458d?s=96&d=mm&r=g","contentUrl":"https:\/\/secure.gravatar.com\/avatar\/0c4fe6688343aed3693b15573beae12c08ace5565409d5ab7509bf9c115f458d?s=96&d=mm&r=g","caption":"Edit\u00f6r"},"url":"https:\/\/www.kariyer.net\/kariyer-rehberi\/author\/editor\/"}]}},"_links":{"self":[{"href":"https:\/\/www.kariyer.net\/kariyer-rehberi\/wp-json\/wp\/v2\/posts\/416","targetHints":{"allow":["GET"]}}],"collection":[{"href":"https:\/\/www.kariyer.net\/kariyer-rehberi\/wp-json\/wp\/v2\/posts"}],"about":[{"href":"https:\/\/www.kariyer.net\/kariyer-rehberi\/wp-json\/wp\/v2\/types\/post"}],"author":[{"embeddable":true,"href":"https:\/\/www.kariyer.net\/kariyer-rehberi\/wp-json\/wp\/v2\/users\/12"}],"replies":[{"embeddable":true,"href":"https:\/\/www.kariyer.net\/kariyer-rehberi\/wp-json\/wp\/v2\/comments?post=416"}],"version-history":[{"count":1,"href":"https:\/\/www.kariyer.net\/kariyer-rehberi\/wp-json\/wp\/v2\/posts\/416\/revisions"}],"predecessor-version":[{"id":19992,"href":"https:\/\/www.kariyer.net\/kariyer-rehberi\/wp-json\/wp\/v2\/posts\/416\/revisions\/19992"}],"wp:attachment":[{"href":"https:\/\/www.kariyer.net\/kariyer-rehberi\/wp-json\/wp\/v2\/media?parent=416"}],"wp:term":[{"taxonomy":"category","embeddable":true,"href":"https:\/\/www.kariyer.net\/kariyer-rehberi\/wp-json\/wp\/v2\/categories?post=416"},{"taxonomy":"post_tag","embeddable":true,"href":"https:\/\/www.kariyer.net\/kariyer-rehberi\/wp-json\/wp\/v2\/tags?post=416"}],"curies":[{"name":"wp","href":"https:\/\/api.w.org\/{rel}","templated":true}]}}