{"id":446,"date":"2012-10-31T11:32:25","date_gmt":"2012-10-31T09:32:25","guid":{"rendered":"http:\/\/www.kariyerkampuste.com\/?p=446"},"modified":"2024-07-03T15:39:23","modified_gmt":"2024-07-03T12:39:23","slug":"16-itu-sektor-gunleri-lojistik-sektoru-2","status":"publish","type":"post","link":"https:\/\/www.kariyer.net\/kariyer-rehberi\/16-itu-sektor-gunleri-lojistik-sektoru-2\/","title":{"rendered":"16. \u0130T\u00dc Sekt\u00f6r G\u00fcnleri \/ Lojistik Sekt\u00f6r\u00fc"},"content":{"rendered":"<figure id=\"attachment_447\" aria-describedby=\"caption-attachment-447\" style=\"width: 300px\" class=\"wp-caption alignleft\"><a href=\"http:\/\/www.kariyerkampuste.com\/wp-content\/uploads\/2012\/10\/itu-emk-sektor-gunleri-lojistik-.jpg\"><img fetchpriority=\"high\" decoding=\"async\" class=\"size-medium wp-image-447\" title=\"itu emk sektor gunleri lojistik\" src=\"http:\/\/www.kariyerkampuste.com\/wp-content\/uploads\/2012\/10\/itu-emk-sektor-gunleri-lojistik--300x300.jpg\" alt=\"\" width=\"300\" height=\"300\" \/><\/a><figcaption id=\"caption-attachment-447\" class=\"wp-caption-text\">16. \u0130T\u00dc Sekt\u00f6r G\u00fcnleri &#8211; Lojistik Sekt\u00f6r\u00fc<\/figcaption><\/figure>\n<p><strong>Tarih:<\/strong>\u00a007 Kas\u0131m 2012<\/p>\n<p><strong>Saat:\u00a0<\/strong>09:30 &#8211; 16:30<\/p>\n<p><strong>Etkinlik Ad\u0131:\u00a0<\/strong>16. \u0130T\u00dc Sekt\u00f6r G\u00fcnleri \/ Lojistik Sekt\u00f6r\u00fc<\/p>\n<p><strong><\/strong><strong>Etkinlik Yeri:\u00a0<\/strong>\u0130T\u00dc Ma\u00e7ka Kamp\u00fcs\u00fc \u0130\u015fletme Fak\u00fcltesi C101 Konferans Salonu<\/p>\n<p><strong>D\u00fczenleyen Kul\u00fcp:<\/strong>\u00a0\u0130T\u00dc End\u00fcstri M\u00fchendisli\u011fi Kul\u00fcb\u00fc<\/p>\n<p><strong>Kat\u0131l\u0131mc\u0131 Firmalar:<\/strong>\u00a0MAERSK,\u00a0MNG KARGO,\u00a0UPS,\u00a0TLS LOJ\u0130ST\u0130K,\u00a0NETLOG LOJ\u0130ST\u0130K GRUBU- INTERCOMBI<\/p>\n<p><!--more--><\/p>\n<p>&nbsp;<\/p>\n<p>T\u00fcrkiye\u2019nin en aktif i\u015f ve kariyer kul\u00fcb\u00fc olan<strong>\u00a0\u0130T\u00dc End\u00fcstri M\u00fchendisli\u011fi Kul\u00fcb\u00fc<\/strong>\u00a0markala\u015fan organizasyonu Sekt\u00f6r G\u00fcnleri\u2019nde bu kez Lojistik Sekt\u00f6r\u00fc\u2019n\u00fc konu ediniyor!<\/p>\n<p>\u0130nternet \u00fczerinden kay\u0131t al\u0131nan organizasyonda fuaye alan\u0131ndaki \u015firket standlar\u0131ndan kat\u0131l\u0131mc\u0131lar\u00a0<strong>i\u015f ve staj ba\u015fvurusunda bulunabilecek, \u015firket yetkilileri ile birebir g\u00f6r\u00fc\u015fme f\u0131rsat\u0131<\/strong>n\u0131 yakalayabilecekler.<\/p>\n<p><strong>7 Kas\u0131m \u00c7ar\u015famba g\u00fcn\u00fc, saat 09:30\u2019da\u00a0\u00a0<\/strong>ba\u015flayacak organizasyona, lojistik sekt\u00f6r\u00fcn\u00fcn lider firmalar\u0131 Maersk, UPS ve MNG Kargo \u00fcst d\u00fczey y\u00f6neticilerin oturumlar\u0131 ile devam edilecek.<\/p>\n<p><strong>Kat\u0131l\u0131mc\u0131 Firmalar ve Konu\u015fmac\u0131lar :<\/strong><\/p>\n<p><strong>MAERSK\u00a0<\/strong>&#8211; Metin Sami Evren &#8211; Kurumsal \u0130leti\u015fim ve Pazarlama M\u00fcd\u00fcr\u00fc<br \/>\n<strong>MNG KARGO<\/strong>\u00a0&#8211; Aslan Kut &#8211; Genel M\u00fcd\u00fcr<br \/>\n<strong>UPS\u00a0<\/strong>&#8211; Rick Fletcher- District IE Manager<br \/>\n<strong>TLS LOJ\u0130ST\u0130K<\/strong><br \/>\n<strong>NETLOG LOJ\u0130ST\u0130K GRUBU<\/strong>&#8211; INTERCOMBI<\/p>\n<p><em>Ba\u015fvurular tamamlanm\u0131\u015ft\u0131r. \u0130lginize te\u015fekk\u00fcr ederiz.<\/em><\/p>\n<!-- templates\/buttons-placeholder.php -->\n<div class=\"da-reactions-outer TpostID446\">\n\t    <div class=\"da-reactions-data da-reactions-container-async center\"\n         data-type=\"post\"\n         data-id=\"446\"\n         id=\"da-reactions-slot-post-446\">\n        <div class=\"da-reactions-static\">\n\t\t\t<img src=\"https:\/\/www.kariyer.net\/kariyer-rehberi\/wp-content\/plugins\/da-reactions\/assets\/dist\/loading.svg\" alt=\"Loading spinner\" width=\"48\" height=\"48\" style=\"width:48px\" \/>\n        <\/div>\n    <\/div>\n<\/div>\n","protected":false},"excerpt":{"rendered":"<p>Tarih:\u00a007 Kas\u0131m 2012 Saat:\u00a009:30 &#8211; 16:30 Etkinlik Ad\u0131:\u00a016. \u0130T\u00dc Sekt\u00f6r G\u00fcnleri \/ Lojistik Sekt\u00f6r\u00fc Etkinlik Yeri:\u00a0\u0130T\u00dc Ma\u00e7ka Kamp\u00fcs\u00fc \u0130\u015fletme Fak\u00fcltesi C101 Konferans Salonu D\u00fczenleyen Kul\u00fcp:\u00a0\u0130T\u00dc End\u00fcstri M\u00fchendisli\u011fi Kul\u00fcb\u00fc Kat\u0131l\u0131mc\u0131 Firmalar:\u00a0MAERSK,\u00a0MNG KARGO,\u00a0UPS,\u00a0TLS LOJ\u0130ST\u0130K,\u00a0NETLOG LOJ\u0130ST\u0130K GRUBU- INTERCOMBI<\/p>\n<!-- templates\/buttons-placeholder.php -->\n<div class=\"da-reactions-outer TpostID446\">\n\t    <div class=\"da-reactions-data da-reactions-container-async center\"\n         data-type=\"post\"\n         data-id=\"446\"\n         id=\"da-reactions-slot-post-446\">\n        <div class=\"da-reactions-static\">\n\t\t\t<img src=\"https:\/\/www.kariyer.net\/kariyer-rehberi\/wp-content\/plugins\/da-reactions\/assets\/dist\/loading.svg\" alt=\"Loading spinner\" width=\"48\" height=\"48\" style=\"width:48px\" \/>\n        <\/div>\n    <\/div>\n<\/div>\n","protected":false},"author":12,"featured_media":0,"comment_status":"open","ping_status":"open","sticky":false,"template":"","format":"standard","meta":{"footnotes":"","_elementor_edit_mode":"","_elementor_template_type":"","_elementor_data":"","_elementor_page_settings":null,"_elementor_conditions":[]},"categories":[2211,164],"tags":[142,144,390,304,146,147,391,392,312,57],"class_list":{"0":"post-446","1":"post","2":"type-post","3":"status-publish","4":"format-standard","6":"category-kariyer-gelisimi","7":"category-universite-kuluplerinden-haberler","8":"tag-emk","9":"tag-endustri-muhendisligi-kulubu","10":"tag-is-basvuru","11":"tag-istanbul-teknik-universitesi","12":"tag-itu","13":"tag-itu-emk","14":"tag-lojistik-sektoru","15":"tag-sektor-gunleri","16":"tag-seminer","17":"tag-staj"},"yoast_head":"<!-- This site is optimized with the Yoast SEO Premium plugin v21.4 (Yoast SEO v27.0) - https:\/\/yoast.com\/product\/yoast-seo-premium-wordpress\/ -->\n<title>16. \u0130T\u00dc Sekt\u00f6r G\u00fcnleri - Lojistik Sekt\u00f6r\u00fc | Kariyer Rehberi<\/title>\n<meta name=\"description\" content=\"\u0130T\u00dc End\u00fcstri M\u00fchendisli\u011fi Kul\u00fcb\u00fc,16. \u0130T\u00dc Sekt\u00f6r G\u00fcnleri \u2018\u2019Lojistik Sekt\u00f6r\u00fc\u2019\u201d ile t\u00fcm b\u00f6l\u00fcmlerden ve \u00fcniversitelerden \u00f6\u011frencileri 7 Kas\u0131m\u2019da \u0130T\u00dc Ma\u00e7ka \u0130\u015fletme Fak\u00fcltesi\u2019nde a\u011f\u0131rlayacak.\" \/>\n<meta name=\"robots\" content=\"index, follow, max-snippet:-1, max-image-preview:large, max-video-preview:-1\" \/>\n<link rel=\"canonical\" href=\"https:\/\/www.kariyer.net\/kariyer-rehberi\/16-itu-sektor-gunleri-lojistik-sektoru-2\/\" \/>\n<meta property=\"og:locale\" content=\"tr_TR\" \/>\n<meta property=\"og:type\" content=\"article\" \/>\n<meta property=\"og:title\" content=\"16. \u0130T\u00dc Sekt\u00f6r G\u00fcnleri \/ Lojistik Sekt\u00f6r\u00fc\" \/>\n<meta property=\"og:description\" content=\"Tarih:\u00a007 Kas\u0131m 2012 Saat:\u00a009:30 - 16:30 Etkinlik Ad\u0131:\u00a016. \u0130T\u00dc Sekt\u00f6r G\u00fcnleri \/ Lojistik Sekt\u00f6r\u00fc Etkinlik Yeri:\u00a0\u0130T\u00dc Ma\u00e7ka Kamp\u00fcs\u00fc \u0130\u015fletme Fak\u00fcltesi C101\" \/>\n<meta property=\"og:url\" content=\"https:\/\/www.kariyer.net\/kariyer-rehberi\/16-itu-sektor-gunleri-lojistik-sektoru-2\/\" \/>\n<meta property=\"og:site_name\" content=\"Kariyer Rehberi\" \/>\n<meta property=\"article:published_time\" content=\"2012-10-31T09:32:25+00:00\" \/>\n<meta property=\"article:modified_time\" content=\"2024-07-03T12:39:23+00:00\" \/>\n<meta property=\"og:image\" content=\"http:\/\/www.kariyerkampuste.com\/wp-content\/uploads\/2012\/10\/itu-emk-sektor-gunleri-lojistik--300x300.jpg\" \/>\n<meta name=\"author\" content=\"Edit\u00f6r\" \/>\n<meta name=\"twitter:card\" content=\"summary_large_image\" \/>\n<meta name=\"twitter:label1\" content=\"Yazan:\" \/>\n\t<meta name=\"twitter:data1\" content=\"Edit\u00f6r\" \/>\n\t<meta name=\"twitter:label2\" content=\"Tahmini okuma s\u00fcresi\" \/>\n\t<meta name=\"twitter:data2\" content=\"1 dakika\" \/>\n<!-- \/ Yoast SEO Premium plugin. -->","yoast_head_json":{"title":"16. \u0130T\u00dc Sekt\u00f6r G\u00fcnleri - Lojistik Sekt\u00f6r\u00fc | Kariyer Rehberi","description":"\u0130T\u00dc End\u00fcstri M\u00fchendisli\u011fi Kul\u00fcb\u00fc,16. \u0130T\u00dc Sekt\u00f6r G\u00fcnleri \u2018\u2019Lojistik Sekt\u00f6r\u00fc\u2019\u201d ile t\u00fcm b\u00f6l\u00fcmlerden ve \u00fcniversitelerden \u00f6\u011frencileri 7 Kas\u0131m\u2019da \u0130T\u00dc Ma\u00e7ka \u0130\u015fletme Fak\u00fcltesi\u2019nde a\u011f\u0131rlayacak.","robots":{"index":"index","follow":"follow","max-snippet":"max-snippet:-1","max-image-preview":"max-image-preview:large","max-video-preview":"max-video-preview:-1"},"canonical":"https:\/\/www.kariyer.net\/kariyer-rehberi\/16-itu-sektor-gunleri-lojistik-sektoru-2\/","og_locale":"tr_TR","og_type":"article","og_title":"16. \u0130T\u00dc Sekt\u00f6r G\u00fcnleri \/ Lojistik Sekt\u00f6r\u00fc","og_description":"Tarih:\u00a007 Kas\u0131m 2012 Saat:\u00a009:30 - 16:30 Etkinlik Ad\u0131:\u00a016. \u0130T\u00dc Sekt\u00f6r G\u00fcnleri \/ Lojistik Sekt\u00f6r\u00fc Etkinlik Yeri:\u00a0\u0130T\u00dc Ma\u00e7ka Kamp\u00fcs\u00fc \u0130\u015fletme Fak\u00fcltesi C101","og_url":"https:\/\/www.kariyer.net\/kariyer-rehberi\/16-itu-sektor-gunleri-lojistik-sektoru-2\/","og_site_name":"Kariyer Rehberi","article_published_time":"2012-10-31T09:32:25+00:00","article_modified_time":"2024-07-03T12:39:23+00:00","og_image":[{"url":"http:\/\/www.kariyerkampuste.com\/wp-content\/uploads\/2012\/10\/itu-emk-sektor-gunleri-lojistik--300x300.jpg","type":"","width":"","height":""}],"author":"Edit\u00f6r","twitter_card":"summary_large_image","twitter_misc":{"Yazan:":"Edit\u00f6r","Tahmini okuma s\u00fcresi":"1 dakika"},"schema":{"@context":"https:\/\/schema.org","@graph":[{"@type":"Article","@id":"https:\/\/www.kariyer.net\/kariyer-rehberi\/16-itu-sektor-gunleri-lojistik-sektoru-2\/#article","isPartOf":{"@id":"https:\/\/www.kariyer.net\/kariyer-rehberi\/16-itu-sektor-gunleri-lojistik-sektoru-2\/"},"author":{"name":"Edit\u00f6r","@id":"https:\/\/www.kariyer.net\/kariyer-rehberi\/#\/schema\/person\/94fd6e49c7ff1b1b2565a2cc4fd685dd"},"headline":"16. \u0130T\u00dc Sekt\u00f6r G\u00fcnleri \/ Lojistik Sekt\u00f6r\u00fc","datePublished":"2012-10-31T09:32:25+00:00","dateModified":"2024-07-03T12:39:23+00:00","mainEntityOfPage":{"@id":"https:\/\/www.kariyer.net\/kariyer-rehberi\/16-itu-sektor-gunleri-lojistik-sektoru-2\/"},"wordCount":243,"commentCount":0,"publisher":{"@id":"https:\/\/www.kariyer.net\/kariyer-rehberi\/#organization"},"image":{"@id":"https:\/\/www.kariyer.net\/kariyer-rehberi\/16-itu-sektor-gunleri-lojistik-sektoru-2\/#primaryimage"},"thumbnailUrl":"http:\/\/www.kariyerkampuste.com\/wp-content\/uploads\/2012\/10\/itu-emk-sektor-gunleri-lojistik--300x300.jpg","keywords":["emk","end\u00fcstri m\u00fchendisli\u011fi kul\u00fcb\u00fc","i\u015f ba\u015fvuru","istanbul teknik \u00fcniversitesi","\u0130T\u00dc","\u0130T\u00dc EMK","Lojistik Sekt\u00f6r\u00fc","Sekt\u00f6r g\u00fcnleri","seminer","Staj"],"articleSection":["Kariyer Geli\u015fimi","\u00dcniversite Kul\u00fcplerinden Haberler"],"inLanguage":"tr","potentialAction":[{"@type":"CommentAction","name":"Comment","target":["https:\/\/www.kariyer.net\/kariyer-rehberi\/16-itu-sektor-gunleri-lojistik-sektoru-2\/#respond"]}]},{"@type":"WebPage","@id":"https:\/\/www.kariyer.net\/kariyer-rehberi\/16-itu-sektor-gunleri-lojistik-sektoru-2\/","url":"https:\/\/www.kariyer.net\/kariyer-rehberi\/16-itu-sektor-gunleri-lojistik-sektoru-2\/","name":"16. \u0130T\u00dc Sekt\u00f6r G\u00fcnleri - Lojistik Sekt\u00f6r\u00fc | Kariyer Rehberi","isPartOf":{"@id":"https:\/\/www.kariyer.net\/kariyer-rehberi\/#website"},"primaryImageOfPage":{"@id":"https:\/\/www.kariyer.net\/kariyer-rehberi\/16-itu-sektor-gunleri-lojistik-sektoru-2\/#primaryimage"},"image":{"@id":"https:\/\/www.kariyer.net\/kariyer-rehberi\/16-itu-sektor-gunleri-lojistik-sektoru-2\/#primaryimage"},"thumbnailUrl":"http:\/\/www.kariyerkampuste.com\/wp-content\/uploads\/2012\/10\/itu-emk-sektor-gunleri-lojistik--300x300.jpg","datePublished":"2012-10-31T09:32:25+00:00","dateModified":"2024-07-03T12:39:23+00:00","description":"\u0130T\u00dc End\u00fcstri M\u00fchendisli\u011fi Kul\u00fcb\u00fc,16. \u0130T\u00dc Sekt\u00f6r G\u00fcnleri \u2018\u2019Lojistik Sekt\u00f6r\u00fc\u2019\u201d ile t\u00fcm b\u00f6l\u00fcmlerden ve \u00fcniversitelerden \u00f6\u011frencileri 7 Kas\u0131m\u2019da \u0130T\u00dc Ma\u00e7ka \u0130\u015fletme Fak\u00fcltesi\u2019nde a\u011f\u0131rlayacak.","breadcrumb":{"@id":"https:\/\/www.kariyer.net\/kariyer-rehberi\/16-itu-sektor-gunleri-lojistik-sektoru-2\/#breadcrumb"},"inLanguage":"tr","potentialAction":[{"@type":"ReadAction","target":["https:\/\/www.kariyer.net\/kariyer-rehberi\/16-itu-sektor-gunleri-lojistik-sektoru-2\/"]}]},{"@type":"ImageObject","inLanguage":"tr","@id":"https:\/\/www.kariyer.net\/kariyer-rehberi\/16-itu-sektor-gunleri-lojistik-sektoru-2\/#primaryimage","url":"http:\/\/www.kariyerkampuste.com\/wp-content\/uploads\/2012\/10\/itu-emk-sektor-gunleri-lojistik--300x300.jpg","contentUrl":"http:\/\/www.kariyerkampuste.com\/wp-content\/uploads\/2012\/10\/itu-emk-sektor-gunleri-lojistik--300x300.jpg"},{"@type":"BreadcrumbList","@id":"https:\/\/www.kariyer.net\/kariyer-rehberi\/16-itu-sektor-gunleri-lojistik-sektoru-2\/#breadcrumb","itemListElement":[{"@type":"ListItem","position":1,"name":"Anasayfa","item":"https:\/\/www.kariyer.net\/kariyer-rehberi\/"},{"@type":"ListItem","position":2,"name":"16. \u0130T\u00dc Sekt\u00f6r G\u00fcnleri \/ Lojistik Sekt\u00f6r\u00fc"}]},{"@type":"WebSite","@id":"https:\/\/www.kariyer.net\/kariyer-rehberi\/#website","url":"https:\/\/www.kariyer.net\/kariyer-rehberi\/","name":"Kariyer Rehberi","description":"\u0130\u015f D\u00fcnyas\u0131yla \u0130lgili Bilmek \u0130stedi\u011finiz Her \u015eey","publisher":{"@id":"https:\/\/www.kariyer.net\/kariyer-rehberi\/#organization"},"potentialAction":[{"@type":"SearchAction","target":{"@type":"EntryPoint","urlTemplate":"https:\/\/www.kariyer.net\/kariyer-rehberi\/?s={search_term_string}"},"query-input":{"@type":"PropertyValueSpecification","valueRequired":true,"valueName":"search_term_string"}}],"inLanguage":"tr"},{"@type":"Organization","@id":"https:\/\/www.kariyer.net\/kariyer-rehberi\/#organization","name":"Kariyer.net","url":"https:\/\/www.kariyer.net\/kariyer-rehberi\/","logo":{"@type":"ImageObject","inLanguage":"tr","@id":"https:\/\/www.kariyer.net\/kariyer-rehberi\/#\/schema\/logo\/image\/","url":"https:\/\/www.kariyer.net\/kariyer-rehberi-new\/wp-content\/uploads\/2023\/01\/og-image11.jpg","contentUrl":"https:\/\/www.kariyer.net\/kariyer-rehberi-new\/wp-content\/uploads\/2023\/01\/og-image11.jpg","width":800,"height":800,"caption":"Kariyer.net"},"image":{"@id":"https:\/\/www.kariyer.net\/kariyer-rehberi\/#\/schema\/logo\/image\/"}},{"@type":"Person","@id":"https:\/\/www.kariyer.net\/kariyer-rehberi\/#\/schema\/person\/94fd6e49c7ff1b1b2565a2cc4fd685dd","name":"Edit\u00f6r","image":{"@type":"ImageObject","inLanguage":"tr","@id":"https:\/\/www.kariyer.net\/kariyer-rehberi\/#\/schema\/person\/image\/","url":"https:\/\/secure.gravatar.com\/avatar\/0c4fe6688343aed3693b15573beae12c08ace5565409d5ab7509bf9c115f458d?s=96&d=mm&r=g","contentUrl":"https:\/\/secure.gravatar.com\/avatar\/0c4fe6688343aed3693b15573beae12c08ace5565409d5ab7509bf9c115f458d?s=96&d=mm&r=g","caption":"Edit\u00f6r"},"url":"https:\/\/www.kariyer.net\/kariyer-rehberi\/author\/editor\/"}]}},"_links":{"self":[{"href":"https:\/\/www.kariyer.net\/kariyer-rehberi\/wp-json\/wp\/v2\/posts\/446","targetHints":{"allow":["GET"]}}],"collection":[{"href":"https:\/\/www.kariyer.net\/kariyer-rehberi\/wp-json\/wp\/v2\/posts"}],"about":[{"href":"https:\/\/www.kariyer.net\/kariyer-rehberi\/wp-json\/wp\/v2\/types\/post"}],"author":[{"embeddable":true,"href":"https:\/\/www.kariyer.net\/kariyer-rehberi\/wp-json\/wp\/v2\/users\/12"}],"replies":[{"embeddable":true,"href":"https:\/\/www.kariyer.net\/kariyer-rehberi\/wp-json\/wp\/v2\/comments?post=446"}],"version-history":[{"count":1,"href":"https:\/\/www.kariyer.net\/kariyer-rehberi\/wp-json\/wp\/v2\/posts\/446\/revisions"}],"predecessor-version":[{"id":19990,"href":"https:\/\/www.kariyer.net\/kariyer-rehberi\/wp-json\/wp\/v2\/posts\/446\/revisions\/19990"}],"wp:attachment":[{"href":"https:\/\/www.kariyer.net\/kariyer-rehberi\/wp-json\/wp\/v2\/media?parent=446"}],"wp:term":[{"taxonomy":"category","embeddable":true,"href":"https:\/\/www.kariyer.net\/kariyer-rehberi\/wp-json\/wp\/v2\/categories?post=446"},{"taxonomy":"post_tag","embeddable":true,"href":"https:\/\/www.kariyer.net\/kariyer-rehberi\/wp-json\/wp\/v2\/tags?post=446"}],"curies":[{"name":"wp","href":"https:\/\/api.w.org\/{rel}","templated":true}]}}