{"id":4681,"date":"2014-02-07T15:08:43","date_gmt":"2014-02-07T13:08:43","guid":{"rendered":"http:\/\/www.kariyer.net\/kariyer-rehberi\/?p=4681"},"modified":"2024-08-08T21:12:33","modified_gmt":"2024-08-08T18:12:33","slug":"emekliler-is-aramaya-devam-ediyor","status":"publish","type":"post","link":"https:\/\/www.kariyer.net\/kariyer-rehberi\/emekliler-is-aramaya-devam-ediyor\/","title":{"rendered":"Emekliler i\u015f aramaya devam ediyor"},"content":{"rendered":"<p><b>T\u00fcrkiye\u2019de her ne kadar emeklilik sistemi \u00e7ok tart\u0131\u015f\u0131lsa da emeklilerin \u00e7al\u0131\u015fma hayat\u0131n\u0131n i\u00e7erisinde bulundu\u011fu ger\u00e7e\u011fini de\u011fi\u015ftirmiyor. \u00d6zellikle eski emeklilik sistemiyle daha gen\u00e7 denebilecek ya\u015fta i\u015flerinden ayr\u0131lan emekliler i\u00e7in \u00e7al\u0131\u015fmak ve hayat\u0131n i\u00e7inde yer almaya devam etmek son derece \u00f6nemli; bununla birlikte elbette ekonomik bir zorunluluk. Peki T\u00fcrkiye\u2019de 2013 y\u0131l\u0131nda ne kadar emekli i\u015f aray\u0131\u015f\u0131na devam etti? <\/b><\/p>\n<p><a href=\"http:\/\/www.kariyer.net\/kariyer-rehberi\/wp-content\/uploads\/2014\/05\/emekli290x150.jpg\"><img decoding=\"async\" class=\"size-full wp-image-4682 alignleft\" style=\"margin: 5px;\" alt=\"emekli290x150\" src=\"http:\/\/www.kariyer.net\/kariyer-rehberi\/wp-content\/uploads\/2014\/05\/emekli290x150.jpg\" width=\"290\" height=\"150\" \/><\/a>Her ne kadar sosyal bir vatanda\u015fl\u0131k hakk\u0131 olarak \u00e7al\u0131\u015fma g\u00fcc\u00fc ve yeteneklerinin kaybedilmesi olarak tan\u0131mlansa da emeklilik, asl\u0131nda bu kavramlar\u0131n d\u0131\u015f\u0131nda ikinci bir kariyer f\u0131rsat\u0131 olarak da tan\u0131mlanabilir. \u00d6zellikle T\u00fcrkiye\u2019de bunun d\u0131\u015f\u0131nda \u00e7al\u0131\u015fma hayat\u0131na devam etme zorunlulu\u011fu oldu\u011fu ger\u00e7e\u011fini de g\u00f6z ard\u0131 etmemek gerekiyor. Bu nedenle i\u015f hayat\u0131n\u0131n i\u00e7erisindeki emeklilerle ilgili rakamlar\u0131 inceledi\u011fimizde ortaya dikkat \u00e7ekici ve hi\u00e7 de az say\u0131lmayacak rakamlar\u0131n ortaya \u00e7\u0131kt\u0131\u011f\u0131 g\u00f6r\u00fcl\u00fcyor.<\/p>\n<p><b>Erkek emekliler daha \u00e7ok i\u015f ar\u0131yor <\/b><\/p>\n<p>Kariyer.net\u2019in \u015fu anda 18 milyonu a\u015fk\u0131n aday\u0131 bulunuyor. Bunlar\u0131n i\u00e7erisinde Emekli Aday say\u0131s\u0131 74 bin 13 ve bunlar\u0131n y\u00fczde 84\u2019\u00fc yani 62 bin 78\u2019i erkek emekli adaylar. Kad\u0131n emeklilerin i\u00e7erisinde <b>i\u015f arayan<\/b> aday say\u0131s\u0131 ise 11 bin 935.<\/p>\n<p>Fakat bu rakamlar\u0131n i\u00e7erisinde i\u015fe al\u0131nma oranlar\u0131n\u0131n d\u00fc\u015f\u00fck oldu\u011fu dikkat \u00e7ekmiyor de\u011fil. \u00c7\u00fcnk\u00fc 2013 y\u0131l\u0131nda Emekli adaylar\u0131n ba\u015fvurdu\u011fu 75 bin 950 ilan i\u00e7in <b>i\u015fe al\u0131m<\/b> say\u0131s\u0131 sadece 13 olarak ger\u00e7ekle\u015fmi\u015f durumda.<\/p>\n<h2><b>Beyaz yakal\u0131 emekliler online\u2019da <\/b><\/h2>\n<p>\u0130\u015f arayan emeklilerin e\u011fitim durumlar\u0131yla ilgili de Kariyer.net verileri bilgi veriyor. Buna g\u00f6re, <b>i\u015f arayan emeklilerin<\/b> y\u00fczde 50\u2019si \u00fcniversite mezunu. Bu rakam 37 bin 105 aday\u0131 ifade ediyor. Bunun ard\u0131ndan gelen 12 bin 572 aday lise, be\u015f bin 427 aday ise ilkokul mezunu. <b>\u0130\u015f arayan emeklilerin<\/b> i\u00e7erisinde y\u00fcksek lisans ve doktora mezunlar\u0131 da bulunuyor.<\/p>\n<h2><b>Yap\u0131 sekt\u00f6r\u00fc \u00e7al\u0131\u015fmaya devam ediyor<\/b><\/h2>\n<p>Emekli adaylar\u0131n en \u00e7ok \u00e7al\u0131\u015fmaya devam etti\u011fi sekt\u00f6r\u00fcn <a href=\"http:\/\/www.kariyer.net\/yapi-is-ilanlari-f020000000\">Yap\u0131<\/a> olmas\u0131 da dikkat \u00e7ekici sonu\u00e7lar\u0131n aras\u0131nda yer al\u0131yor. Yo\u011fun ve haraketli sekt\u00f6rlerin aras\u0131nda yer alan <b>Yap\u0131 sekt\u00f6r\u00fcnde<\/b> 2013 y\u0131l\u0131nda alt\u0131 bin 491 emekli, 27 bin 740 ba\u015fvuru yapm\u0131\u015f durumda. Bu rakam\u0131 alt\u0131 bin 797 ba\u015fvuruyla <a href=\"http:\/\/www.kariyer.net\/hizmet-is-ilanlari-f022000000\">Hizmet<\/a> sekt\u00f6r\u00fc takip ediyor. Ba\u015fvurular\u0131n yap\u0131ld\u0131\u011f\u0131 i\u015f alanlar\u0131na bak\u0131ld\u0131\u011f\u0131nda ise <a href=\"http:\/\/www.kariyer.net\/muhendis-is-ilanlari-a22\">M\u00fchendislik<\/a> alan\u0131ndaki \u00fc\u00e7 bin 212 aday\u0131n sekiz bin 450 ba\u015fvuru yapt\u0131\u011f\u0131 belirleniyor.<\/p>\n<h2><b>\u0130stanbul yine ilk s\u0131rada <\/b><\/h2>\n<p>Veriler b\u00f6lgesel olarak de\u011ferlendirildi\u011finde T\u00fcrkiye\u2019nin b\u00fcy\u00fck bir b\u00f6l\u00fcm\u00fcnde emeklilerin i\u015f aramaya devam etti\u011fi g\u00f6r\u00fcl\u00fcyor. Ancak elbette yo\u011funlu\u011fu, ekonomik \u015fartlar\u0131n\u0131n a\u011f\u0131rl\u0131\u011f\u0131 ve daha fazla i\u015f imkan\u0131yla \u0130stanbul \u00f6ne \u00e7\u0131kan \u015fehir oluyor. \u00a0T\u00fcrkiye genelinde ge\u00e7en y\u0131l yap\u0131lan emekli i\u015f ba\u015fvurular\u0131n\u0131n y\u00fczde 40\u2019\u0131n\u0131n \u0130stanbul\u2019dan yap\u0131ld\u0131\u011f\u0131 ortaya \u00e7\u0131k\u0131yor. Bu rakam\u0131n 38 bin 986 ba\u015fvurusu <a title=\"\u0130stanbul Avrupa Yakas\u0131 \u0130\u015f \u0130lanlar\u0131 \" href=\"http:\/\/www.kariyer.net\/website\/isara\/index.aspx?&amp;keyword=%C4%B0stanbul%20Av\" target=\"_blank\" rel=\"noopener\"><b>\u0130stanbul Avrupa Yakas\u0131<\/b><\/a>\u2019na, 34 bin 786\u2019s\u0131 ise <a title=\"\u0130stanbul Anadolu Yakas\u0131 \u0130\u015f \u0130lanlar\u0131 \" href=\"http:\/\/www.kariyer.net\/website\/isara\/index.aspx?&amp;keyword=%C4%B0stanbul%20Anadolu\" target=\"_blank\" rel=\"noopener\"><b>\u0130stanbul Anadolu Yakas\u0131<\/b><\/a>\u2019na ait. Aradaki fark \u00e7ok olsa da \u0130stanbul\u2019un ard\u0131ndan gelen \u015fehrin 16 bin 274 ba\u015fvuruyla <a title=\"Ankara \u0130\u015f \u0130lanlar\u0131 \" href=\"http:\/\/http:\/\/www.kariyer.net\/website\/isara\/index.aspx?&amp;keyword=Ankara%20\" target=\"_blank\" rel=\"noopener\"><strong>Ankara<\/strong><\/a> oldu\u011fu g\u00f6r\u00fcl\u00fcyor. <a title=\"\u0130zmir \u0130\u015f \u0130lanlar\u0131 \" href=\"http:\/\/www.kariyer.net\/website\/isara\/index.aspx?&amp;keyword=%C4%B0zmir%20\" target=\"_blank\" rel=\"noopener\"><b>\u0130zmir <\/b><\/a>ve <a title=\"Bursa \u0130\u015f \u0130lanlar\u0131 \" href=\"http:\/\/www.kariyer.net\/website\/isara\/index.aspx?&amp;keyword=Bursa%20\" target=\"_blank\" rel=\"noopener\"><b>Bursa<\/b><\/a> illerinde ise bir y\u0131lda ortalama sekiz bin <b>Emekli \u0130\u015f \u0130lan\u0131<\/b> ba\u015fvurusunun yap\u0131ld\u0131\u011f\u0131 belirleniyor.<\/p>\n<!-- templates\/buttons-placeholder.php -->\n<div class=\"da-reactions-outer TpostID4681\">\n\t    <div class=\"da-reactions-data da-reactions-container-async center\"\n         data-type=\"post\"\n         data-id=\"4681\"\n         id=\"da-reactions-slot-post-4681\">\n        <div class=\"da-reactions-static\">\n\t\t\t<img src=\"https:\/\/www.kariyer.net\/kariyer-rehberi\/wp-content\/plugins\/da-reactions\/assets\/dist\/loading.svg\" alt=\"Loading spinner\" width=\"48\" height=\"48\" style=\"width:48px\" \/>\n        <\/div>\n    <\/div>\n<\/div>\n","protected":false},"excerpt":{"rendered":"<p>T\u00fcrkiye\u2019de her ne kadar emeklilik sistemi \u00e7ok tart\u0131\u015f\u0131lsa da emeklilerin \u00e7al\u0131\u015fma hayat\u0131n\u0131n i\u00e7erisinde bulundu\u011fu ger\u00e7e\u011fini de\u011fi\u015ftirmiyor. \u00d6zellikle eski emeklilik sistemiyle daha gen\u00e7 denebilecek ya\u015fta i\u015flerinden ayr\u0131lan emekliler i\u00e7in \u00e7al\u0131\u015fmak ve hayat\u0131n i\u00e7inde yer almaya devam etmek son derece \u00f6nemli; bununla birlikte elbette ekonomik bir zorunluluk. Peki T\u00fcrkiye\u2019de 2013 y\u0131l\u0131nda ne kadar emekli i\u015f aray\u0131\u015f\u0131na devam [&hellip;]<\/p>\n<!-- templates\/buttons-placeholder.php -->\n<div class=\"da-reactions-outer TpostID4681\">\n\t    <div class=\"da-reactions-data da-reactions-container-async center\"\n         data-type=\"post\"\n         data-id=\"4681\"\n         id=\"da-reactions-slot-post-4681\">\n        <div class=\"da-reactions-static\">\n\t\t\t<img src=\"https:\/\/www.kariyer.net\/kariyer-rehberi\/wp-content\/plugins\/da-reactions\/assets\/dist\/loading.svg\" alt=\"Loading spinner\" width=\"48\" height=\"48\" style=\"width:48px\" \/>\n        <\/div>\n    <\/div>\n<\/div>\n","protected":false},"author":4,"featured_media":4683,"comment_status":"open","ping_status":"open","sticky":false,"template":"","format":"standard","meta":{"footnotes":"","_elementor_edit_mode":"","_elementor_template_type":"","_elementor_data":"","_elementor_page_settings":null,"_elementor_conditions":[]},"categories":[2211,2214],"tags":[],"class_list":{"0":"post-4681","1":"post","2":"type-post","3":"status-publish","4":"format-standard","5":"has-post-thumbnail","7":"category-kariyer-gelisimi","8":"category-yasam"},"yoast_head":"<!-- This site is optimized with the Yoast SEO Premium plugin v21.4 (Yoast SEO v27.0) - https:\/\/yoast.com\/product\/yoast-seo-premium-wordpress\/ -->\n<title>Emekliler i\u015f aramaya devam ediyor | Kariyer Rehberi<\/title>\n<meta name=\"description\" content=\"T\u00fcrkiye\u2019de her ne kadar emeklilik sistemi \u00e7ok tart\u0131\u015f\u0131lsa da emeklilerin \u00e7al\u0131\u015fma hayat\u0131n\u0131n i\u00e7erisinde bulundu\u011fu ger\u00e7e\u011fini de\u011fi\u015ftirmiyor. \u00d6zellikle eski\" \/>\n<meta name=\"robots\" content=\"index, follow, max-snippet:-1, max-image-preview:large, max-video-preview:-1\" \/>\n<link rel=\"canonical\" href=\"https:\/\/www.kariyer.net\/kariyer-rehberi\/emekliler-is-aramaya-devam-ediyor\/\" \/>\n<meta property=\"og:locale\" content=\"tr_TR\" \/>\n<meta property=\"og:type\" content=\"article\" \/>\n<meta property=\"og:title\" content=\"Emekliler i\u015f aramaya devam ediyor\" \/>\n<meta property=\"og:description\" content=\"T\u00fcrkiye\u2019de her ne kadar emeklilik sistemi \u00e7ok tart\u0131\u015f\u0131lsa da emeklilerin \u00e7al\u0131\u015fma hayat\u0131n\u0131n i\u00e7erisinde bulundu\u011fu ger\u00e7e\u011fini de\u011fi\u015ftirmiyor. \u00d6zellikle eski\" \/>\n<meta property=\"og:url\" content=\"https:\/\/www.kariyer.net\/kariyer-rehberi\/emekliler-is-aramaya-devam-ediyor\/\" \/>\n<meta property=\"og:site_name\" content=\"Kariyer Rehberi\" \/>\n<meta property=\"article:published_time\" content=\"2014-02-07T13:08:43+00:00\" \/>\n<meta property=\"article:modified_time\" content=\"2024-08-08T18:12:33+00:00\" \/>\n<meta property=\"og:image\" content=\"https:\/\/www.kariyer.net\/kariyer-rehberi\/wp-content\/uploads\/2014\/05\/emekli-600x300.jpg\" \/>\n\t<meta property=\"og:image:width\" content=\"600\" \/>\n\t<meta property=\"og:image:height\" content=\"300\" \/>\n\t<meta property=\"og:image:type\" content=\"image\/jpeg\" \/>\n<meta name=\"author\" content=\"Ye\u015fim Sar\u0131er Aksu\" \/>\n<meta name=\"twitter:card\" content=\"summary_large_image\" \/>\n<meta name=\"twitter:creator\" content=\"@http:\/\/twitter.com\/yesimsarier\" \/>\n<meta name=\"twitter:label1\" content=\"Yazan:\" \/>\n\t<meta name=\"twitter:data1\" content=\"Ye\u015fim Sar\u0131er Aksu\" \/>\n\t<meta name=\"twitter:label2\" content=\"Tahmini okuma s\u00fcresi\" \/>\n\t<meta name=\"twitter:data2\" content=\"3 dakika\" \/>\n<!-- \/ Yoast SEO Premium plugin. -->","yoast_head_json":{"title":"Emekliler i\u015f aramaya devam ediyor | Kariyer Rehberi","description":"T\u00fcrkiye\u2019de her ne kadar emeklilik sistemi \u00e7ok tart\u0131\u015f\u0131lsa da emeklilerin \u00e7al\u0131\u015fma hayat\u0131n\u0131n i\u00e7erisinde bulundu\u011fu ger\u00e7e\u011fini de\u011fi\u015ftirmiyor. \u00d6zellikle eski","robots":{"index":"index","follow":"follow","max-snippet":"max-snippet:-1","max-image-preview":"max-image-preview:large","max-video-preview":"max-video-preview:-1"},"canonical":"https:\/\/www.kariyer.net\/kariyer-rehberi\/emekliler-is-aramaya-devam-ediyor\/","og_locale":"tr_TR","og_type":"article","og_title":"Emekliler i\u015f aramaya devam ediyor","og_description":"T\u00fcrkiye\u2019de her ne kadar emeklilik sistemi \u00e7ok tart\u0131\u015f\u0131lsa da emeklilerin \u00e7al\u0131\u015fma hayat\u0131n\u0131n i\u00e7erisinde bulundu\u011fu ger\u00e7e\u011fini de\u011fi\u015ftirmiyor. \u00d6zellikle eski","og_url":"https:\/\/www.kariyer.net\/kariyer-rehberi\/emekliler-is-aramaya-devam-ediyor\/","og_site_name":"Kariyer Rehberi","article_published_time":"2014-02-07T13:08:43+00:00","article_modified_time":"2024-08-08T18:12:33+00:00","og_image":[{"width":600,"height":300,"url":"https:\/\/www.kariyer.net\/kariyer-rehberi\/wp-content\/uploads\/2014\/05\/emekli-600x300.jpg","type":"image\/jpeg"}],"author":"Ye\u015fim Sar\u0131er Aksu","twitter_card":"summary_large_image","twitter_creator":"@http:\/\/twitter.com\/yesimsarier","twitter_misc":{"Yazan:":"Ye\u015fim Sar\u0131er Aksu","Tahmini okuma s\u00fcresi":"3 dakika"},"schema":{"@context":"https:\/\/schema.org","@graph":[{"@type":"Article","@id":"https:\/\/www.kariyer.net\/kariyer-rehberi\/emekliler-is-aramaya-devam-ediyor\/#article","isPartOf":{"@id":"https:\/\/www.kariyer.net\/kariyer-rehberi\/emekliler-is-aramaya-devam-ediyor\/"},"author":{"name":"Ye\u015fim Sar\u0131er Aksu","@id":"https:\/\/www.kariyer.net\/kariyer-rehberi\/#\/schema\/person\/96c80fcfe6e088628dd105b9746b44a8"},"headline":"Emekliler i\u015f aramaya devam ediyor","datePublished":"2014-02-07T13:08:43+00:00","dateModified":"2024-08-08T18:12:33+00:00","mainEntityOfPage":{"@id":"https:\/\/www.kariyer.net\/kariyer-rehberi\/emekliler-is-aramaya-devam-ediyor\/"},"wordCount":567,"commentCount":0,"publisher":{"@id":"https:\/\/www.kariyer.net\/kariyer-rehberi\/#organization"},"image":{"@id":"https:\/\/www.kariyer.net\/kariyer-rehberi\/emekliler-is-aramaya-devam-ediyor\/#primaryimage"},"thumbnailUrl":"https:\/\/www.kariyer.net\/kariyer-rehberi\/wp-content\/uploads\/2014\/05\/emekli-600x300.jpg","articleSection":["Kariyer Geli\u015fimi","Ya\u015fam"],"inLanguage":"tr","potentialAction":[{"@type":"CommentAction","name":"Comment","target":["https:\/\/www.kariyer.net\/kariyer-rehberi\/emekliler-is-aramaya-devam-ediyor\/#respond"]}]},{"@type":"WebPage","@id":"https:\/\/www.kariyer.net\/kariyer-rehberi\/emekliler-is-aramaya-devam-ediyor\/","url":"https:\/\/www.kariyer.net\/kariyer-rehberi\/emekliler-is-aramaya-devam-ediyor\/","name":"Emekliler i\u015f aramaya devam ediyor | Kariyer Rehberi","isPartOf":{"@id":"https:\/\/www.kariyer.net\/kariyer-rehberi\/#website"},"primaryImageOfPage":{"@id":"https:\/\/www.kariyer.net\/kariyer-rehberi\/emekliler-is-aramaya-devam-ediyor\/#primaryimage"},"image":{"@id":"https:\/\/www.kariyer.net\/kariyer-rehberi\/emekliler-is-aramaya-devam-ediyor\/#primaryimage"},"thumbnailUrl":"https:\/\/www.kariyer.net\/kariyer-rehberi\/wp-content\/uploads\/2014\/05\/emekli-600x300.jpg","datePublished":"2014-02-07T13:08:43+00:00","dateModified":"2024-08-08T18:12:33+00:00","description":"T\u00fcrkiye\u2019de her ne kadar emeklilik sistemi \u00e7ok tart\u0131\u015f\u0131lsa da emeklilerin \u00e7al\u0131\u015fma hayat\u0131n\u0131n i\u00e7erisinde bulundu\u011fu ger\u00e7e\u011fini de\u011fi\u015ftirmiyor. \u00d6zellikle eski","breadcrumb":{"@id":"https:\/\/www.kariyer.net\/kariyer-rehberi\/emekliler-is-aramaya-devam-ediyor\/#breadcrumb"},"inLanguage":"tr","potentialAction":[{"@type":"ReadAction","target":["https:\/\/www.kariyer.net\/kariyer-rehberi\/emekliler-is-aramaya-devam-ediyor\/"]}]},{"@type":"ImageObject","inLanguage":"tr","@id":"https:\/\/www.kariyer.net\/kariyer-rehberi\/emekliler-is-aramaya-devam-ediyor\/#primaryimage","url":"https:\/\/www.kariyer.net\/kariyer-rehberi\/wp-content\/uploads\/2014\/05\/emekli-600x300.jpg","contentUrl":"https:\/\/www.kariyer.net\/kariyer-rehberi\/wp-content\/uploads\/2014\/05\/emekli-600x300.jpg","width":600,"height":300},{"@type":"BreadcrumbList","@id":"https:\/\/www.kariyer.net\/kariyer-rehberi\/emekliler-is-aramaya-devam-ediyor\/#breadcrumb","itemListElement":[{"@type":"ListItem","position":1,"name":"Anasayfa","item":"https:\/\/www.kariyer.net\/kariyer-rehberi\/"},{"@type":"ListItem","position":2,"name":"Emekliler i\u015f aramaya devam ediyor"}]},{"@type":"WebSite","@id":"https:\/\/www.kariyer.net\/kariyer-rehberi\/#website","url":"https:\/\/www.kariyer.net\/kariyer-rehberi\/","name":"Kariyer Rehberi","description":"\u0130\u015f D\u00fcnyas\u0131yla \u0130lgili Bilmek \u0130stedi\u011finiz Her \u015eey","publisher":{"@id":"https:\/\/www.kariyer.net\/kariyer-rehberi\/#organization"},"potentialAction":[{"@type":"SearchAction","target":{"@type":"EntryPoint","urlTemplate":"https:\/\/www.kariyer.net\/kariyer-rehberi\/?s={search_term_string}"},"query-input":{"@type":"PropertyValueSpecification","valueRequired":true,"valueName":"search_term_string"}}],"inLanguage":"tr"},{"@type":"Organization","@id":"https:\/\/www.kariyer.net\/kariyer-rehberi\/#organization","name":"Kariyer.net","url":"https:\/\/www.kariyer.net\/kariyer-rehberi\/","logo":{"@type":"ImageObject","inLanguage":"tr","@id":"https:\/\/www.kariyer.net\/kariyer-rehberi\/#\/schema\/logo\/image\/","url":"https:\/\/www.kariyer.net\/kariyer-rehberi-new\/wp-content\/uploads\/2023\/01\/og-image11.jpg","contentUrl":"https:\/\/www.kariyer.net\/kariyer-rehberi-new\/wp-content\/uploads\/2023\/01\/og-image11.jpg","width":800,"height":800,"caption":"Kariyer.net"},"image":{"@id":"https:\/\/www.kariyer.net\/kariyer-rehberi\/#\/schema\/logo\/image\/"}},{"@type":"Person","@id":"https:\/\/www.kariyer.net\/kariyer-rehberi\/#\/schema\/person\/96c80fcfe6e088628dd105b9746b44a8","name":"Ye\u015fim Sar\u0131er Aksu","image":{"@type":"ImageObject","inLanguage":"tr","@id":"https:\/\/www.kariyer.net\/kariyer-rehberi\/#\/schema\/person\/image\/","url":"https:\/\/secure.gravatar.com\/avatar\/e104674e9a8338d72bcce6b74dbe01074c987dfd015f629c6f7f9ff039a6aa6e?s=96&d=mm&r=g","contentUrl":"https:\/\/secure.gravatar.com\/avatar\/e104674e9a8338d72bcce6b74dbe01074c987dfd015f629c6f7f9ff039a6aa6e?s=96&d=mm&r=g","caption":"Ye\u015fim Sar\u0131er Aksu"},"description":"Kocaeli \u00dcniversitesi Gazetecilik b\u00f6l\u00fcm\u00fcnde okurken gen\u00e7 bir muhabir olarak ba\u015flad\u0131\u011f\u0131 yaz\u0131 ve haber merak\u0131 hi\u00e7 eksilmedi. Muhabirlik, edit\u00f6rl\u00fck ve kurumlar\u0131n web sitelerinin y\u00f6netiminin ard\u0131ndan Temmuz 2011\u2019de Kariyer.net\u2019e \u0130\u00e7erik Y\u00f6neticisi olarak kat\u0131ld\u0131. Haber T\u00fcrk Kariyer, Kariyer Dergi ve Kariyer Rehberi i\u00e7in i\u00e7erikler \u00fcretti.","sameAs":["http:\/\/www.kariyer.net\/kariyer-rehberi\/yesim-sarier-aksu\/","https:\/\/x.com\/http:\/\/twitter.com\/yesimsarier"],"url":"https:\/\/www.kariyer.net\/kariyer-rehberi\/author\/yesimsarieraksu\/"}]}},"_links":{"self":[{"href":"https:\/\/www.kariyer.net\/kariyer-rehberi\/wp-json\/wp\/v2\/posts\/4681","targetHints":{"allow":["GET"]}}],"collection":[{"href":"https:\/\/www.kariyer.net\/kariyer-rehberi\/wp-json\/wp\/v2\/posts"}],"about":[{"href":"https:\/\/www.kariyer.net\/kariyer-rehberi\/wp-json\/wp\/v2\/types\/post"}],"author":[{"embeddable":true,"href":"https:\/\/www.kariyer.net\/kariyer-rehberi\/wp-json\/wp\/v2\/users\/4"}],"replies":[{"embeddable":true,"href":"https:\/\/www.kariyer.net\/kariyer-rehberi\/wp-json\/wp\/v2\/comments?post=4681"}],"version-history":[{"count":1,"href":"https:\/\/www.kariyer.net\/kariyer-rehberi\/wp-json\/wp\/v2\/posts\/4681\/revisions"}],"predecessor-version":[{"id":20054,"href":"https:\/\/www.kariyer.net\/kariyer-rehberi\/wp-json\/wp\/v2\/posts\/4681\/revisions\/20054"}],"wp:featuredmedia":[{"embeddable":true,"href":"https:\/\/www.kariyer.net\/kariyer-rehberi\/wp-json\/wp\/v2\/media\/4683"}],"wp:attachment":[{"href":"https:\/\/www.kariyer.net\/kariyer-rehberi\/wp-json\/wp\/v2\/media?parent=4681"}],"wp:term":[{"taxonomy":"category","embeddable":true,"href":"https:\/\/www.kariyer.net\/kariyer-rehberi\/wp-json\/wp\/v2\/categories?post=4681"},{"taxonomy":"post_tag","embeddable":true,"href":"https:\/\/www.kariyer.net\/kariyer-rehberi\/wp-json\/wp\/v2\/tags?post=4681"}],"curies":[{"name":"wp","href":"https:\/\/api.w.org\/{rel}","templated":true}]}}