{"id":4884,"date":"2014-10-10T15:13:45","date_gmt":"2014-10-10T12:13:45","guid":{"rendered":"http:\/\/www.kariyer.net\/kariyer-rehberi\/?p=4884"},"modified":"2024-07-03T15:04:46","modified_gmt":"2024-07-03T12:04:46","slug":"arafta-kalmis-izleyiciyle-diyalog-kurmayi-seviyorum","status":"publish","type":"post","link":"https:\/\/www.kariyer.net\/kariyer-rehberi\/arafta-kalmis-izleyiciyle-diyalog-kurmayi-seviyorum\/","title":{"rendered":"Arafta kalm\u0131\u015f izleyiciyle diyalog kurmay\u0131 seviyorum"},"content":{"rendered":"<p><b>29 y\u0131l \u00f6nce stajyer olarak ba\u015flad\u0131\u011f\u0131 gazetecilikte aral\u0131ks\u0131z \u00e7al\u0131\u015fmaya devam eden Mesut Yar, haberi \u201c\u0130\u00e7inde ironi bar\u0131nd\u0131ran hatta kimi zaman kendisine g\u00fcl\u00fcnecek bir \u015fey\u201d olarak tan\u0131ml\u0131yor. T\u00fcrkiye\u2019de daha \u00f6nce denenmemi\u015f formatlarla ekran kar\u015f\u0131s\u0131na \u00e7\u0131kan Yar, \u201cBu y\u00fczden \u00e7ok\u00a0<\/b><b>ta\u015fland\u0131m\u201d diyor.<\/b><\/p>\n<p><b><\/b><b> <a href=\"http:\/\/www.kariyer.net\/kariyer-rehberi\/wp-content\/uploads\/2014\/10\/mesutyar290x150.jpg\"><img decoding=\"async\" class=\"size-full wp-image-4885 alignleft\" style=\"margin: 5px;\" alt=\"mesutyar290x150\" src=\"http:\/\/www.kariyer.net\/kariyer-rehberi\/wp-content\/uploads\/2014\/10\/mesutyar290x150.jpg\" width=\"290\" height=\"150\" \/><\/a><\/b>Uzun y\u0131llar muhabirlik, edit\u00f6rl\u00fck, yaz\u0131 i\u015fleri m\u00fcd\u00fcrl\u00fc\u011f\u00fc, yay\u0131n y\u00f6netmenli\u011fi ve genel m\u00fcd\u00fcrl\u00fck yapan Mesut Yar \u201ctarih aktar\u0131c\u0131s\u0131\u201d olma gelene\u011fini s\u00fcrd\u00fcrmeyi seviyor. Haber program\u0131n\u0131n yan\u0131 s\u0131ra k\u00f6\u015fe yazarl\u0131\u011f\u0131, belgesel yap\u0131mc\u0131l\u0131\u011f\u0131 ve roman haz\u0131rl\u0131\u011f\u0131 yapsa da Yar\u2019\u0131n e\u011fitim ald\u0131\u011f\u0131 alan arkeoloji. Zaman i\u00e7inde kariyer \u00e7izgisini de\u011fi\u015ftiren deneyimli gazeteci, i\u00e7indeki Indiana Jones\u2019un da hala aktif oldu\u011funu s\u00f6yl\u00fcyor.<\/p>\n<p><b><br \/>\n\u0130stanbul \u00dcniversitesi Edebiyat Fak\u00fcltesi Protohistorya ve \u00d6n Asya Arkeolojisi ana bilim dal\u0131ndan mezun olduktan sonra M\u00fczecilik dal\u0131nda y\u00fcksek lisans ve T\u00fcrk \u0130ktisat Tarihi \u00fczerine doktora \u00e7al\u0131\u015fmas\u0131 yapm\u0131\u015fs\u0131n\u0131z. Tarih-arkeolojiye muazzam bir ilginiz oldu\u011funu s\u00f6yleyebilir miyiz?<\/b><\/p>\n<p>Ki\u015fisel tarihime bakarsan\u0131z elbette b\u00fcy\u00fck bir emek harcad\u0131\u011f\u0131m ortada. Ama zihinsel olarak, yakla\u015f\u0131m ve merak olarak tarihin bir par\u00e7as\u0131 hissettim kendimi ilk g\u00fcnden beri. Daha do\u011fru bir deyi\u015fle \u201ctarih aktar\u0131c\u0131s\u0131\u201d gelene\u011finin bir par\u00e7as\u0131&#8230; Bunu Homeros\u2019tan Evliya \u00c7elebi\u2019ye Strabon\u2019dan Osman Hamdi\u2019ye kadar genelleyebilirsiniz. Tarih ve tarih sevgisi h\u00fccrelerime i\u015flemi\u015f bir \u015fey. E\u011fitim sadece bunun hakk\u0131n\u0131 vermek i\u00e7in bir ara\u00e7, ama\u00e7 ise do\u011fru bir \u201caktaran\u201d olabilmek. <b><\/b><\/p>\n<p><b>Neden kariyerinizi gazetecilik \u00fczerine \u015fekillendirdiniz?<\/b><\/p>\n<p>O zaman\u0131n ko\u015fullar\u0131 i\u00e7inde biraz b\u00f6yle geli\u015fmek zorunda kald\u0131. Okurken bir yandan da ya\u015fam\u0131m\u0131 idame ettirmek zorundayd\u0131m. Hayata iki s\u0131f\u0131r yenik ba\u015flayanlardan biriydim \u00e7\u00fcnk\u00fc. Erken aile kay\u0131plar\u0131, yoksulluk ve yoksunluk \u00fcst \u00fcste gelince elinizde bir f\u0131rsat olarak g\u00f6r\u00fcnen ilk \u015fey bir alt\u0131n bilezi\u011fe d\u00f6n\u00fc\u015febiliyor. Ben biraz bak\u0131rdan alt\u0131n yaratt\u0131m diyebilirim. Bir nevi simyac\u0131l\u0131kt\u0131 i\u015fte. Sonu\u00e7 itibar\u0131yla g\u00fcn\u00fcn tan\u0131m\u0131yla stajyer olarak ba\u015flanan bir meslekte yol almak durumu olu\u015ftu, ald\u0131m da\u2026<\/p>\n<p><b>\u00dcniversiteden mezun olduktan sonra evlenip d\u00f6rt i\u015fte birden \u00e7al\u0131\u015fmaya ba\u015flam\u0131\u015fs\u0131n\u0131z. Bu s\u00fcre\u00e7ten bahseder misiniz?<\/b><\/p>\n<p>Yine bir \u015fekilde ekonomik ko\u015fullara dayan\u0131yor bu durum da. Malum insan\u0131n bir kariyer \u00e7izgisi olu\u015fuyor ama zaman i\u00e7inde. O \u00e7izgiyi olu\u015fturmak i\u00e7in girdi ile hayat standartlar\u0131n\u0131 e\u015fitlemeniz gerekiyor. O d\u00f6nem tek ba\u015f\u0131na bir i\u015f bunu sa\u011flayabilecek standartlarda de\u011fildi Bu y\u00fczden seslendirme sanat\u00e7\u0131l\u0131\u011f\u0131ndan muhabirli\u011fe kadar birbiriyle alakas\u0131z ama yetene\u011fim olan i\u015flere odaklad\u0131m kendimi\u2026<\/p>\n<p><b>Bug\u00fcne kadar ka\u00e7 program haz\u0131rlad\u0131n\u0131z? En ba\u015far\u0131l\u0131 projenizin hangisi oldu\u011funa inan\u0131yorsunuz?<\/b><\/p>\n<p>Bunu saymad\u0131m. Ama \u015funu biliyorum, yapt\u0131\u011f\u0131m programlarla \u00fc\u00e7\u00fcnc\u00fc ku\u015fa\u011f\u0131n kar\u015f\u0131s\u0131nday\u0131m art\u0131k. Benim ilk g\u00f6z a\u011fr\u0131m T\u00fcrkiye\u2019nin ilk ihtisas talk \u015fovu olan By Night\u2019t\u0131r. Ama kitlelere ismimi duyurmam HBB TV i\u00e7in haz\u0131rlay\u0131p sundu\u011fum \u201c10\u2019da On\u201d isimli programla oldu. \u201cGece Hatt\u0131\u201d ve \u201cUyan T\u00fcrkiye\u201d de s\u0131ras\u0131yla kalfal\u0131k ve ustal\u0131k d\u00f6nemi i\u015fleridir. \u201cPasaparola\u201d ve \u201cUyuma T\u00fcrkiye\u201d ile \u00e7ok can al\u0131c\u0131 reytinglere imza att\u0131m. Bireysel olarak en iyi i\u015fimin Uyan T\u00fcrkiye ve \u201cBurada Laf \u00c7ok\u201d oldu\u011funu d\u00fc\u015f\u00fcn\u00fcyorum.<\/p>\n<p><b>Televizyon kariyerinize gece programlar\u0131yla ba\u015flad\u0131n\u0131z, ard\u0131ndan sabah haber program\u0131 ve \u015fimdi yine gece talk show\u2019u yap\u0131yorsunuz. Hangisini y\u00fcr\u00fctmek daha zor?<\/b><\/p>\n<p>Dikkat ederseniz hep marjinal saatlerin i\u015fleri bunlar. Ben biraz arafta kalm\u0131\u015f izleyiciyle diyalog kurmay\u0131 seviyorum. Bir d\u00f6nem ana haber sunmu\u015flu\u011fum da vard\u0131r. Ama prime time, yani izleyici trafi\u011finin yo\u011fun oldu\u011fu saatler kazalara da ayn\u0131 yo\u011funlukta a\u00e7\u0131kt\u0131r. Benim \u00e7al\u0131\u015ft\u0131\u011f\u0131m saatler biraz daha i\u015flerin ray\u0131na oturdu\u011fu ya da oturmak \u00fczere haz\u0131rl\u0131\u011fa giri\u015fildi\u011fi saatler. O saatler i\u00e7inde meselenizi do\u011fru anlatmak \u00e7ok daha m\u00fcmk\u00fcn. En az\u0131ndan bir kafa \u015fi\u015fkinli\u011fi yaratm\u0131yorsunuz seyirciyle aran\u0131zdaki diyalogda.<b><\/b><\/p>\n<p><a href=\"http:\/\/www.kariyer.net\/kariyer-rehberi\/wp-content\/uploads\/2014\/10\/mesutyar100x200.jpg\"><img decoding=\"async\" class=\"size-full wp-image-4891 alignleft\" style=\"margin: 5px;\" alt=\"mesutyar100x200\" src=\"http:\/\/www.kariyer.net\/kariyer-rehberi\/wp-content\/uploads\/2014\/10\/mesutyar100x200.jpg\" width=\"150\" height=\"200\" \/><\/a><\/p>\n<p><b><\/b><b>\u0130dol olarak g\u00f6rd\u00fc\u011f\u00fcn\u00fcz isimler var m\u0131?<\/b><\/p>\n<p>\u0130lk ustam G\u00fcner \u00dcmit\u2019ti. Ama bir idol olarak g\u00f6rmedim kendisini. \u0130yi bir usta ve kariyer y\u00f6neticisiydi. Bizim meslekte herkes birilerine benzeme \u00e7abas\u0131ndad\u0131r malum. Ben birilerinin beni idol olarak almas\u0131n\u0131 tercih ederim a\u00e7\u0131k\u00e7as\u0131.<\/p>\n<p><b>Bir r\u00f6portaj\u0131n\u0131zda \u201cHayat\u0131m\u0131n en uzun y\u00f6neticili\u011fi d\u00f6rt ay s\u00fcrd\u00fc\u201d demi\u015fsiniz. Y\u00f6neticili\u011fin zor oldu\u011funu d\u00fc\u015f\u00fcn\u00fcyor musunuz? Sizin y\u00f6neticilikte sevmedi\u011finiz durumlar neler oldu?<\/b><\/p>\n<p>Kanal 1 TV\u2019nin genel m\u00fcd\u00fcrl\u00fc\u011f\u00fcn\u00fc \u00fcstlenmi\u015ftim. \u00c7ok zor bir i\u015fti. Kanal\u0131 d\u00f6rt ay i\u00e7inde izlenme s\u0131ras\u0131nda 11.\u2019likten 4.\u2019l\u00fc\u011fe \u00e7\u0131kard\u0131m. Ama kendi \u00f6mr\u00fcmden en az bir o hacimde kaybettim. Ben fazlas\u0131yla i\u015f odakl\u0131 bir insan\u0131m. \u00d6nceli\u011fim bu olunca kendimi ve sevdiklerimi bir kenara koymay\u0131 tercih ediyorum. Daha do\u011frusu ediyordum. Oysa ilk tercihiniz sevgi olmal\u0131, sevdi\u011finiz \u015feyleri in\u015fa etmek i\u00e7in sevginin temeline yat\u0131r\u0131m yapmal\u0131s\u0131n\u0131z. Fazla iyi kalpli bir y\u00f6netici oldu\u011fumu s\u00f6yler insanlar. Kimseyi k\u0131ramam. B\u00fcy\u00fck bir zaaf ama ben hala k\u00fc\u00e7\u00fck tak\u0131m\u0131mla bu b\u00fcy\u00fck zaaf\u0131n getirdi\u011fi b\u00fcy\u00fck mutlulu\u011fu da ya\u015f\u0131yorum. Kar\u015f\u0131tlar i\u00e7 i\u00e7e ge\u00e7ti\u011finde bazen \u00e7ok ho\u015f sonu\u00e7lar da do\u011furabiliyor\u2026<\/p>\n<p><b>Habercili\u011fe mizah\u0131 sokan ki\u015filerden birisiniz. Habercilikte mizah\u0131n yerini nas\u0131l konumland\u0131r\u0131yorsunuz?<\/b><\/p>\n<p>O konuda m\u00fctevaz\u0131 olamayaca\u011f\u0131m, ilkiyim. Bu y\u00fczden \u00e7ok ta\u015fland\u0131m \u00e7\u00fcnk\u00fc. Haberin ciddi bir \u015fey oldu\u011funu dikte etmeye \u00e7al\u0131\u015fan bir ku\u015fa\u011f\u0131n elinde b\u00fcy\u00fcd\u00fck biz. Oysa i\u00e7inde ironi de bar\u0131nd\u0131ran hatta kimi zaman kendisine g\u00fcl\u00fcnecek bir \u015feydir haber. Mizah\u0131 bir anlat\u0131m tarz\u0131 olarak se\u00e7ti\u011finizde i\u015fi hafifletmekten ziyade \u00e7ok daha a\u011f\u0131rla\u015ft\u0131r\u0131rs\u0131n\u0131z. \u00c7\u00fcnk\u00fc mizah \u00f6\u011frenilmesi ve konu\u015fulmas\u0131 en g\u00fc\u00e7 dildir. Herkes haberci olabilir ama mizah\u00e7\u0131 olamaz bana g\u00f6re. Hele ikisini bir arada g\u00f6t\u00fcrene ba\u015flang\u0131\u00e7ta gev\u015fek sonradan da usta denir. Ya\u015fad\u0131m, g\u00f6rd\u00fcm ve beni ta\u015flayanlar\u0131n benim \u00e7izgime gelmesine g\u00fcl\u00fcmsedim. B\u00fcy\u00fck mutluluk\u2026<\/p>\n<p><b>\u00a0<\/b><b>G\u00fcnde ka\u00e7 dakika\/saat televizyon izliyorsunuz?<\/b><\/p>\n<p>Toplam bir saati ge\u00e7mez. Bu s\u00fcre TV felsefesini, hatlar\u0131n\u0131, gidi\u015fat\u0131n\u0131 ve nereye varaca\u011f\u0131n\u0131 anlamak i\u00e7in fazla bile. Fazlas\u0131 hem h\u00fccreden hem de \u00f6m\u00fcrden yiyor maalesef!<\/p>\n<p><b>TV program\u0131, ele\u015ftirmenlik, dizi \u00e7ekimleri\u2026 Hepsini bir arada s\u00fcrd\u00fcrebilmenizin s\u0131rr\u0131 nedir? G\u00fcnl\u00fck i\u015f program\u0131n\u0131z\u0131 nas\u0131l d\u00fczenliyorsunuz?<\/b><\/p>\n<p>A\u015f\u0131r\u0131 tez canl\u0131 oldu\u011fum kadar ayn\u0131 hacimde planl\u0131 bir hayat\u0131m olsun isterim. Uyku saatim bellidir. \u00c7al\u0131\u015fma saatlerim de \u00f6yle. Asla sevdiklerime ay\u0131rd\u0131\u011f\u0131m vakitten \u00f6d\u00fcn vermem. Spordan, beni iyi hissettiren seyahatlerden de \u00f6yle. Bunun d\u0131\u015f\u0131nda kalan saatleri anlaml\u0131 bir \u015fekilde b\u00f6ler ve \u00fczerine \u0130stanbul trafi\u011finin olas\u0131l\u0131klar\u0131n\u0131 katarsan\u0131z sorun \u00e7\u0131km\u0131yor.<\/p>\n<p><b>O\u011flunuzun sizinle ayn\u0131 i\u015fi yapmas\u0131ndan memnun musunuz? Hangi mesle\u011fi se\u00e7mesini isterdiniz?<\/b><\/p>\n<p><b><\/b>O\u011flum \u015fu anda net bir kariyer karar\u0131 verebilmi\u015f de\u011fil. Para kazanmak i\u00e7in emek harc\u0131yor ve bunun kar\u015f\u0131l\u0131\u011f\u0131n\u0131 al\u0131yor. Ortalaman\u0131n \u00fcst\u00fcnde bir zekas\u0131 var. Ama yeteneklerinin s\u0131n\u0131r\u0131n\u0131 kendisinin belirlemesini tercih ederim. Sonu\u00e7ta 20 y\u0131ld\u0131r babas\u0131n\u0131n hangi dehlizlerde dola\u015ft\u0131\u011f\u0131na tan\u0131k olmu\u015f birini zorla bir dehlize sokamazs\u0131n\u0131z.<\/p>\n<p><b><a href=\"http:\/\/www.kariyer.net\/kariyer-rehberi\/wp-content\/uploads\/2014\/10\/mesutyar2.jpg\"><img decoding=\"async\" class=\"size-full wp-image-4895 alignright\" style=\"margin: 5px;\" alt=\"mesutyar2\" src=\"http:\/\/www.kariyer.net\/kariyer-rehberi\/wp-content\/uploads\/2014\/10\/mesutyar2.jpg\" width=\"290\" height=\"150\" \/><\/a>Sizin k\u00fc\u00e7\u00fckken meslek hayaliniz neydi?<\/b><\/p>\n<p>Arkeolog olmak. Diploma \u00fczerinde oldum ama a\u00e7\u0131k\u00e7as\u0131 prati\u011fini de yap\u0131p k\u00fcrs\u00fcs\u00fcnde \u00f6\u011frencileri e\u011flendirmek, birlikte tarihin karanl\u0131k noktalar\u0131n\u0131 ke\u015ffetmek hi\u00e7 fena olmazd\u0131. \u0130\u00e7imdeki Indiana Jones hen\u00fcz \u00f6lmedi ama. Belgesellerle ayakta tutuyorum onu. O y\u00fczden son zamanlarda \u00e7ekti\u011fim tarih belgeselleri bir hayli ses getiriyor. Hem dok\u00fcman hem de fantezi i\u00e7erdi\u011fi i\u00e7in belki de.<\/p>\n<p><b>\u0130\u015finizin yan\u0131 s\u0131ra nelere vakit ay\u0131rmaktan ho\u015flan\u0131yorsunuz?<\/b><\/p>\n<p>\u00c7ok iyi gezerim. \u00c7ok iyi kokular\u0131 severim. Bir parf\u00fcm d\u00fckkan\u0131nda t\u00fcm g\u00fcn ge\u00e7irmek terapidir ya da denizde s\u0131rt \u00fcst\u00fc yat\u0131p ya\u015fad\u0131\u011f\u0131n her an i\u00e7in te\u015fekk\u00fcr etmek&#8230; Bir de e\u015fim gibi bir yol arkada\u015f\u0131m varken ke\u015ffetmenin tad\u0131n\u0131 \u00e7\u0131kar\u0131yorum, bilmedi\u011fim ne var ve kald\u0131ysa.<\/p>\n<p><b>Yeni projelerinizden bahseder misiniz?<\/b><\/p>\n<p>TV konusunda olanlarla devam ediyoruz. Shov, yar\u0131\u015fma ve belgesel. Bir de roman geliyor. Uzun s\u00fcredir ara vermi\u015ftim yazmaya. Bir d\u00f6nem gen\u00e7 yer alt\u0131 \u015fairleri aras\u0131nda iyi bir ismim vard\u0131. Kim bilir bir \u015fiir serisi de fena durmaz\u2026<\/p>\n<p><b>KISA KISA<br \/>\n<\/b><b>\u0130\u015f:<\/b> Hayat\u0131n ekseni<br \/>\n<b>Kariyer:<\/b> Eksenin e\u011fimi<br \/>\n<b>Reyting:<\/b> Mitolojik bir Tanr\u0131 karakteri. Mesela Athena!<br \/>\n<b>Mizah:<\/b> En iyi konu\u015ftu\u011fum dillerden biri\u2026<br \/>\n<b>Evlillik:<\/b> Ustal\u0131k d\u00f6nemim<\/p>\n<p>&nbsp;<\/p>\n<p>&nbsp;<\/p>\n<!-- templates\/buttons-placeholder.php -->\n<div class=\"da-reactions-outer TpostID4884\">\n\t    <div class=\"da-reactions-data da-reactions-container-async center\"\n         data-type=\"post\"\n         data-id=\"4884\"\n         id=\"da-reactions-slot-post-4884\">\n        <div class=\"da-reactions-static\">\n\t\t\t<img src=\"https:\/\/www.kariyer.net\/kariyer-rehberi\/wp-content\/plugins\/da-reactions\/assets\/dist\/loading.svg\" alt=\"Loading spinner\" width=\"48\" height=\"48\" style=\"width:48px\" \/>\n        <\/div>\n    <\/div>\n<\/div>\n","protected":false},"excerpt":{"rendered":"<p>29 y\u0131l \u00f6nce stajyer olarak ba\u015flad\u0131\u011f\u0131 gazetecilikte aral\u0131ks\u0131z \u00e7al\u0131\u015fmaya devam eden Mesut Yar, haberi \u201c\u0130\u00e7inde ironi bar\u0131nd\u0131ran hatta kimi zaman kendisine g\u00fcl\u00fcnecek bir \u015fey\u201d olarak tan\u0131ml\u0131yor. T\u00fcrkiye\u2019de daha \u00f6nce denenmemi\u015f formatlarla ekran kar\u015f\u0131s\u0131na \u00e7\u0131kan Yar, \u201cBu y\u00fczden \u00e7ok\u00a0ta\u015fland\u0131m\u201d diyor. Uzun y\u0131llar muhabirlik, edit\u00f6rl\u00fck, yaz\u0131 i\u015fleri m\u00fcd\u00fcrl\u00fc\u011f\u00fc, yay\u0131n y\u00f6netmenli\u011fi ve genel m\u00fcd\u00fcrl\u00fck yapan Mesut Yar \u201ctarih [&hellip;]<\/p>\n<!-- templates\/buttons-placeholder.php -->\n<div class=\"da-reactions-outer TpostID4884\">\n\t    <div class=\"da-reactions-data da-reactions-container-async center\"\n         data-type=\"post\"\n         data-id=\"4884\"\n         id=\"da-reactions-slot-post-4884\">\n        <div class=\"da-reactions-static\">\n\t\t\t<img src=\"https:\/\/www.kariyer.net\/kariyer-rehberi\/wp-content\/plugins\/da-reactions\/assets\/dist\/loading.svg\" alt=\"Loading spinner\" width=\"48\" height=\"48\" style=\"width:48px\" \/>\n        <\/div>\n    <\/div>\n<\/div>\n","protected":false},"author":13,"featured_media":4886,"comment_status":"open","ping_status":"open","sticky":false,"template":"","format":"standard","meta":{"footnotes":"","_elementor_edit_mode":"","_elementor_template_type":"","_elementor_data":"","_elementor_page_settings":null,"_elementor_conditions":[]},"categories":[46,2211],"tags":[],"class_list":{"0":"post-4884","1":"post","2":"type-post","3":"status-publish","4":"format-standard","5":"has-post-thumbnail","7":"category-is-hayati","8":"category-kariyer-gelisimi"},"yoast_head":"<!-- This site is optimized with the Yoast SEO Premium plugin v21.4 (Yoast SEO v27.0) - https:\/\/yoast.com\/product\/yoast-seo-premium-wordpress\/ -->\n<title>Arafta kalm\u0131\u015f izleyiciyle diyalog kurmay\u0131 seviyorum | Kariyer Rehberi<\/title>\n<meta name=\"description\" content=\"29 y\u0131l \u00f6nce stajyer olarak ba\u015flad\u0131\u011f\u0131 gazetecilikte aral\u0131ks\u0131z \u00e7al\u0131\u015fmaya devam eden Mesut Yar, haberi \u201c\u0130\u00e7inde ironi bar\u0131nd\u0131ran hatta kimi zaman kendisine\" \/>\n<meta name=\"robots\" content=\"index, follow, max-snippet:-1, max-image-preview:large, max-video-preview:-1\" \/>\n<link rel=\"canonical\" href=\"https:\/\/www.kariyer.net\/kariyer-rehberi\/arafta-kalmis-izleyiciyle-diyalog-kurmayi-seviyorum\/\" \/>\n<meta property=\"og:locale\" content=\"tr_TR\" \/>\n<meta property=\"og:type\" content=\"article\" \/>\n<meta property=\"og:title\" content=\"Arafta kalm\u0131\u015f izleyiciyle diyalog kurmay\u0131 seviyorum\" \/>\n<meta property=\"og:description\" content=\"29 y\u0131l \u00f6nce stajyer olarak ba\u015flad\u0131\u011f\u0131 gazetecilikte aral\u0131ks\u0131z \u00e7al\u0131\u015fmaya devam eden Mesut Yar, haberi \u201c\u0130\u00e7inde ironi bar\u0131nd\u0131ran hatta kimi zaman kendisine\" \/>\n<meta property=\"og:url\" content=\"https:\/\/www.kariyer.net\/kariyer-rehberi\/arafta-kalmis-izleyiciyle-diyalog-kurmayi-seviyorum\/\" \/>\n<meta property=\"og:site_name\" content=\"Kariyer Rehberi\" \/>\n<meta property=\"article:published_time\" content=\"2014-10-10T12:13:45+00:00\" \/>\n<meta property=\"article:modified_time\" content=\"2024-07-03T12:04:46+00:00\" \/>\n<meta property=\"og:image\" content=\"https:\/\/www.kariyer.net\/kariyer-rehberi\/wp-content\/uploads\/2014\/10\/mesutyar600x300.jpg\" \/>\n\t<meta property=\"og:image:width\" content=\"600\" \/>\n\t<meta property=\"og:image:height\" content=\"300\" \/>\n\t<meta property=\"og:image:type\" content=\"image\/jpeg\" \/>\n<meta name=\"author\" content=\"Melike \u00c7etinsara\u00e7\" \/>\n<meta name=\"twitter:card\" content=\"summary_large_image\" \/>\n<meta name=\"twitter:label1\" content=\"Yazan:\" \/>\n\t<meta name=\"twitter:data1\" content=\"Melike \u00c7etinsara\u00e7\" \/>\n\t<meta name=\"twitter:label2\" content=\"Tahmini okuma s\u00fcresi\" \/>\n\t<meta name=\"twitter:data2\" content=\"8 dakika\" \/>\n<!-- \/ Yoast SEO Premium plugin. -->","yoast_head_json":{"title":"Arafta kalm\u0131\u015f izleyiciyle diyalog kurmay\u0131 seviyorum | Kariyer Rehberi","description":"29 y\u0131l \u00f6nce stajyer olarak ba\u015flad\u0131\u011f\u0131 gazetecilikte aral\u0131ks\u0131z \u00e7al\u0131\u015fmaya devam eden Mesut Yar, haberi \u201c\u0130\u00e7inde ironi bar\u0131nd\u0131ran hatta kimi zaman kendisine","robots":{"index":"index","follow":"follow","max-snippet":"max-snippet:-1","max-image-preview":"max-image-preview:large","max-video-preview":"max-video-preview:-1"},"canonical":"https:\/\/www.kariyer.net\/kariyer-rehberi\/arafta-kalmis-izleyiciyle-diyalog-kurmayi-seviyorum\/","og_locale":"tr_TR","og_type":"article","og_title":"Arafta kalm\u0131\u015f izleyiciyle diyalog kurmay\u0131 seviyorum","og_description":"29 y\u0131l \u00f6nce stajyer olarak ba\u015flad\u0131\u011f\u0131 gazetecilikte aral\u0131ks\u0131z \u00e7al\u0131\u015fmaya devam eden Mesut Yar, haberi \u201c\u0130\u00e7inde ironi bar\u0131nd\u0131ran hatta kimi zaman kendisine","og_url":"https:\/\/www.kariyer.net\/kariyer-rehberi\/arafta-kalmis-izleyiciyle-diyalog-kurmayi-seviyorum\/","og_site_name":"Kariyer Rehberi","article_published_time":"2014-10-10T12:13:45+00:00","article_modified_time":"2024-07-03T12:04:46+00:00","og_image":[{"width":600,"height":300,"url":"https:\/\/www.kariyer.net\/kariyer-rehberi\/wp-content\/uploads\/2014\/10\/mesutyar600x300.jpg","type":"image\/jpeg"}],"author":"Melike \u00c7etinsara\u00e7","twitter_card":"summary_large_image","twitter_misc":{"Yazan:":"Melike \u00c7etinsara\u00e7","Tahmini okuma s\u00fcresi":"8 dakika"},"schema":{"@context":"https:\/\/schema.org","@graph":[{"@type":"Article","@id":"https:\/\/www.kariyer.net\/kariyer-rehberi\/arafta-kalmis-izleyiciyle-diyalog-kurmayi-seviyorum\/#article","isPartOf":{"@id":"https:\/\/www.kariyer.net\/kariyer-rehberi\/arafta-kalmis-izleyiciyle-diyalog-kurmayi-seviyorum\/"},"author":{"name":"Melike \u00c7etinsara\u00e7","@id":"https:\/\/www.kariyer.net\/kariyer-rehberi\/#\/schema\/person\/973a6f787fb1e62ee8ba81e607bcae5b"},"headline":"Arafta kalm\u0131\u015f izleyiciyle diyalog kurmay\u0131 seviyorum","datePublished":"2014-10-10T12:13:45+00:00","dateModified":"2024-07-03T12:04:46+00:00","mainEntityOfPage":{"@id":"https:\/\/www.kariyer.net\/kariyer-rehberi\/arafta-kalmis-izleyiciyle-diyalog-kurmayi-seviyorum\/"},"wordCount":1556,"commentCount":0,"publisher":{"@id":"https:\/\/www.kariyer.net\/kariyer-rehberi\/#organization"},"image":{"@id":"https:\/\/www.kariyer.net\/kariyer-rehberi\/arafta-kalmis-izleyiciyle-diyalog-kurmayi-seviyorum\/#primaryimage"},"thumbnailUrl":"https:\/\/www.kariyer.net\/kariyer-rehberi\/wp-content\/uploads\/2014\/10\/mesutyar600x300.jpg","articleSection":["\u0130\u015f Hayat\u0131","Kariyer Geli\u015fimi"],"inLanguage":"tr","potentialAction":[{"@type":"CommentAction","name":"Comment","target":["https:\/\/www.kariyer.net\/kariyer-rehberi\/arafta-kalmis-izleyiciyle-diyalog-kurmayi-seviyorum\/#respond"]}]},{"@type":"WebPage","@id":"https:\/\/www.kariyer.net\/kariyer-rehberi\/arafta-kalmis-izleyiciyle-diyalog-kurmayi-seviyorum\/","url":"https:\/\/www.kariyer.net\/kariyer-rehberi\/arafta-kalmis-izleyiciyle-diyalog-kurmayi-seviyorum\/","name":"Arafta kalm\u0131\u015f izleyiciyle diyalog kurmay\u0131 seviyorum | Kariyer Rehberi","isPartOf":{"@id":"https:\/\/www.kariyer.net\/kariyer-rehberi\/#website"},"primaryImageOfPage":{"@id":"https:\/\/www.kariyer.net\/kariyer-rehberi\/arafta-kalmis-izleyiciyle-diyalog-kurmayi-seviyorum\/#primaryimage"},"image":{"@id":"https:\/\/www.kariyer.net\/kariyer-rehberi\/arafta-kalmis-izleyiciyle-diyalog-kurmayi-seviyorum\/#primaryimage"},"thumbnailUrl":"https:\/\/www.kariyer.net\/kariyer-rehberi\/wp-content\/uploads\/2014\/10\/mesutyar600x300.jpg","datePublished":"2014-10-10T12:13:45+00:00","dateModified":"2024-07-03T12:04:46+00:00","description":"29 y\u0131l \u00f6nce stajyer olarak ba\u015flad\u0131\u011f\u0131 gazetecilikte aral\u0131ks\u0131z \u00e7al\u0131\u015fmaya devam eden Mesut Yar, haberi \u201c\u0130\u00e7inde ironi bar\u0131nd\u0131ran hatta kimi zaman kendisine","breadcrumb":{"@id":"https:\/\/www.kariyer.net\/kariyer-rehberi\/arafta-kalmis-izleyiciyle-diyalog-kurmayi-seviyorum\/#breadcrumb"},"inLanguage":"tr","potentialAction":[{"@type":"ReadAction","target":["https:\/\/www.kariyer.net\/kariyer-rehberi\/arafta-kalmis-izleyiciyle-diyalog-kurmayi-seviyorum\/"]}]},{"@type":"ImageObject","inLanguage":"tr","@id":"https:\/\/www.kariyer.net\/kariyer-rehberi\/arafta-kalmis-izleyiciyle-diyalog-kurmayi-seviyorum\/#primaryimage","url":"https:\/\/www.kariyer.net\/kariyer-rehberi\/wp-content\/uploads\/2014\/10\/mesutyar600x300.jpg","contentUrl":"https:\/\/www.kariyer.net\/kariyer-rehberi\/wp-content\/uploads\/2014\/10\/mesutyar600x300.jpg","width":600,"height":300},{"@type":"BreadcrumbList","@id":"https:\/\/www.kariyer.net\/kariyer-rehberi\/arafta-kalmis-izleyiciyle-diyalog-kurmayi-seviyorum\/#breadcrumb","itemListElement":[{"@type":"ListItem","position":1,"name":"Anasayfa","item":"https:\/\/www.kariyer.net\/kariyer-rehberi\/"},{"@type":"ListItem","position":2,"name":"Arafta kalm\u0131\u015f izleyiciyle diyalog kurmay\u0131 seviyorum"}]},{"@type":"WebSite","@id":"https:\/\/www.kariyer.net\/kariyer-rehberi\/#website","url":"https:\/\/www.kariyer.net\/kariyer-rehberi\/","name":"Kariyer Rehberi","description":"\u0130\u015f D\u00fcnyas\u0131yla \u0130lgili Bilmek \u0130stedi\u011finiz Her \u015eey","publisher":{"@id":"https:\/\/www.kariyer.net\/kariyer-rehberi\/#organization"},"potentialAction":[{"@type":"SearchAction","target":{"@type":"EntryPoint","urlTemplate":"https:\/\/www.kariyer.net\/kariyer-rehberi\/?s={search_term_string}"},"query-input":{"@type":"PropertyValueSpecification","valueRequired":true,"valueName":"search_term_string"}}],"inLanguage":"tr"},{"@type":"Organization","@id":"https:\/\/www.kariyer.net\/kariyer-rehberi\/#organization","name":"Kariyer.net","url":"https:\/\/www.kariyer.net\/kariyer-rehberi\/","logo":{"@type":"ImageObject","inLanguage":"tr","@id":"https:\/\/www.kariyer.net\/kariyer-rehberi\/#\/schema\/logo\/image\/","url":"https:\/\/www.kariyer.net\/kariyer-rehberi-new\/wp-content\/uploads\/2023\/01\/og-image11.jpg","contentUrl":"https:\/\/www.kariyer.net\/kariyer-rehberi-new\/wp-content\/uploads\/2023\/01\/og-image11.jpg","width":800,"height":800,"caption":"Kariyer.net"},"image":{"@id":"https:\/\/www.kariyer.net\/kariyer-rehberi\/#\/schema\/logo\/image\/"}},{"@type":"Person","@id":"https:\/\/www.kariyer.net\/kariyer-rehberi\/#\/schema\/person\/973a6f787fb1e62ee8ba81e607bcae5b","name":"Melike \u00c7etinsara\u00e7","image":{"@type":"ImageObject","inLanguage":"tr","@id":"https:\/\/www.kariyer.net\/kariyer-rehberi\/#\/schema\/person\/image\/","url":"https:\/\/secure.gravatar.com\/avatar\/6f1465d64a23de306340dc839de23bfa288f0987da4b8db6c1dd6895ad84ab7d?s=96&d=mm&r=g","contentUrl":"https:\/\/secure.gravatar.com\/avatar\/6f1465d64a23de306340dc839de23bfa288f0987da4b8db6c1dd6895ad84ab7d?s=96&d=mm&r=g","caption":"Melike \u00c7etinsara\u00e7"},"description":"Ayd\u0131n Do\u011fan Anadolu \u0130leti\u015fim Meslek Lisesi\u2019nin Gazetecilik B\u00f6l\u00fcm\u00fc'nde yaz\u0131l\u0131 bas\u0131n muhabirli\u011fi, TV muhabirli\u011fi ve foto muhabirli\u011fi alanlar\u0131nda e\u011fitim ald\u0131. Son s\u0131n\u0131fta Milliyet Gazetesi\u2019nin Cumartesi-Pazar eklerinde bir y\u0131l boyunca staj yapt\u0131. Ard\u0131ndan \u0130stanbul \u00dcniversitesi Radyo-Televizyon Yay\u0131nc\u0131l\u0131\u011f\u0131 B\u00f6l\u00fcm\u00fc'nden mezun oldu. Yedi y\u0131ld\u0131r bir\u00e7ok dergi i\u00e7in i\u00e7erikler haz\u0131rlayarak foto\u011fraflar \u00e7ekti.","sameAs":["http:\/\/www.kariyer.net\/kariyer-rehberi\/melike-cetinsarac\/"],"url":"https:\/\/www.kariyer.net\/kariyer-rehberi\/author\/melike-cetinsarac\/"}]}},"_links":{"self":[{"href":"https:\/\/www.kariyer.net\/kariyer-rehberi\/wp-json\/wp\/v2\/posts\/4884","targetHints":{"allow":["GET"]}}],"collection":[{"href":"https:\/\/www.kariyer.net\/kariyer-rehberi\/wp-json\/wp\/v2\/posts"}],"about":[{"href":"https:\/\/www.kariyer.net\/kariyer-rehberi\/wp-json\/wp\/v2\/types\/post"}],"author":[{"embeddable":true,"href":"https:\/\/www.kariyer.net\/kariyer-rehberi\/wp-json\/wp\/v2\/users\/13"}],"replies":[{"embeddable":true,"href":"https:\/\/www.kariyer.net\/kariyer-rehberi\/wp-json\/wp\/v2\/comments?post=4884"}],"version-history":[{"count":1,"href":"https:\/\/www.kariyer.net\/kariyer-rehberi\/wp-json\/wp\/v2\/posts\/4884\/revisions"}],"predecessor-version":[{"id":19022,"href":"https:\/\/www.kariyer.net\/kariyer-rehberi\/wp-json\/wp\/v2\/posts\/4884\/revisions\/19022"}],"wp:featuredmedia":[{"embeddable":true,"href":"https:\/\/www.kariyer.net\/kariyer-rehberi\/wp-json\/wp\/v2\/media\/4886"}],"wp:attachment":[{"href":"https:\/\/www.kariyer.net\/kariyer-rehberi\/wp-json\/wp\/v2\/media?parent=4884"}],"wp:term":[{"taxonomy":"category","embeddable":true,"href":"https:\/\/www.kariyer.net\/kariyer-rehberi\/wp-json\/wp\/v2\/categories?post=4884"},{"taxonomy":"post_tag","embeddable":true,"href":"https:\/\/www.kariyer.net\/kariyer-rehberi\/wp-json\/wp\/v2\/tags?post=4884"}],"curies":[{"name":"wp","href":"https:\/\/api.w.org\/{rel}","templated":true}]}}