{"id":4979,"date":"2014-11-14T15:54:43","date_gmt":"2014-11-14T13:54:43","guid":{"rendered":"http:\/\/www.kariyer.net\/kariyer-rehberi\/?p=4979"},"modified":"2024-07-03T15:04:46","modified_gmt":"2024-07-03T12:04:46","slug":"televizyoncu-bukalemun-gibi-olmali","status":"publish","type":"post","link":"https:\/\/www.kariyer.net\/kariyer-rehberi\/televizyoncu-bukalemun-gibi-olmali\/","title":{"rendered":"Televizyoncu bukalemun gibi olmal\u0131"},"content":{"rendered":"<p><strong><span style=\"line-height: 1.5em;\">Ekranlar\u0131n en tan\u0131d\u0131k y\u00fczlerinden biri olan Jess Molho, 20 y\u0131ld\u0131r bir\u00e7ok farkl\u0131 programla izleyicinin kar\u015f\u0131s\u0131na \u00e7\u0131k\u0131yor. Molho, \u201cTelevizyoncu biraz bukalemun gibi olmal\u0131, her formata kendini bir \u015fekilde yak\u0131\u015ft\u0131rabilmeli\u201d diyor.<\/span><\/strong><\/p>\n<p><a href=\"http:\/\/www.kariyer.net\/kariyer-rehberi\/wp-content\/uploads\/2014\/11\/jessmolho.jpg\"><img decoding=\"async\" class=\"size-medium wp-image-4981 alignleft\" style=\"margin: 5px;\" alt=\"Jess Molho\" src=\"http:\/\/www.kariyer.net\/kariyer-rehberi\/wp-content\/uploads\/2014\/11\/jessmolho-300x150.jpg\" width=\"300\" height=\"150\" srcset=\"https:\/\/www.kariyer.net\/kariyer-rehberi\/wp-content\/uploads\/2014\/11\/jessmolho-300x150.jpg 300w, https:\/\/www.kariyer.net\/kariyer-rehberi\/wp-content\/uploads\/2014\/11\/jessmolho.jpg 600w\" sizes=\"(max-width: 300px) 100vw, 300px\" \/><\/a>\u00d6zellikle sabah ku\u015fa\u011f\u0131 programlar\u0131yla evimize giren ve ailemizden biri olarak kabul etti\u011fimiz Jess Molho, \u015fimdilerde TV8 ekranlar\u0131nda &#8220;Aram\u0131zda Kalmas\u0131n&#8221; isimli programla \u00f6ne \u00e7\u0131k\u0131yor. Yemek programlar\u0131, yar\u0131\u015fmalar, diziler derken yirmi senedir bir\u00e7ok farkl\u0131 tarzda programa dahil olan Molho, hepsinin farkl\u0131 bir tad\u0131 oldu\u011funu ancak kad\u0131n programlar\u0131n\u0131 ger\u00e7ekten \u00e7ok severek yapt\u0131\u011f\u0131n\u0131 s\u00f6yl\u00fcyor. Belki bunun da etkisiyle genellikle kad\u0131n izleyicilerinden \u00e7ok olumlu tepkiler alan <strong>Jess Molho<\/strong>\u2019yla TV8 st\u00fcdyolar\u0131nda keyifli bir <strong>r\u00f6portaj<\/strong> ger\u00e7ekle\u015ftirdik.<\/p>\n<p><b>\u00c7al\u0131\u015fma hayat\u0131na ilk ad\u0131m\u0131n\u0131z\u0131 nas\u0131l att\u0131n\u0131z ve sonras\u0131nda kendinize nas\u0131l bir yol \u00e7izdiniz?<\/b><\/p>\n<p>Mesle\u011fe 18 ya\u015f\u0131nda Number One TV\u2019de tesad\u00fcfi bir \u015fekilde ba\u015flad\u0131m. Yaz tatillerinde s\u00fcrekli beraber i\u015f yapt\u0131\u011f\u0131m\u0131z bir arkada\u015f\u0131ma bu yaz ne yapaca\u011f\u0131z diye sordu\u011fumda, Number One TV\u2019de <a title=\"Ar\u015fiv Sorumlusu \u0130\u015f \u0130lanlar\u0131\" href=\"http:\/\/www.kariyer.net\/website\/isara\/index.aspx?&amp;pozisyon=163\" target=\"_blank\" rel=\"noopener\">Ar\u015fiv Sorumlusu<\/a> olarak i\u015f buldu\u011funu fakat orada bana g\u00f6re bir i\u015f olmad\u0131\u011f\u0131n\u0131 s\u00f6yledi. Yakla\u015f\u0131k bir ay sonra, ayn\u0131 arkada\u015f\u0131m beni arayarak VJ se\u00e7meleri oldu\u011funu anlatt\u0131. Ona, bu i\u015fi yapamayaca\u011f\u0131m\u0131, alt yap\u0131m olmad\u0131\u011f\u0131n\u0131 belirttim fakat deneme \u00e7ekimine gittim. \u00c7ekimden sonra beni aray\u0131p yap\u0131lan \u00e7ekimin \u00fczerine ba\u015fka bir kay\u0131t ald\u0131klar\u0131n\u0131 s\u00f6ylediler. Bu konuda ne yapabileceklerini sorduklar\u0131 s\u0131rada ben de 18 ya\u015f\u0131ndaki gen\u00e7 kafamla \u201cBen \u00e7ok be\u011fendim bu adam\u0131 deyin o zaman\u201d dedim. Onlar da ayn\u0131 \u015fekilde yapm\u0131\u015flar. Sonras\u0131nda canl\u0131 yay\u0131n deneyimlerim de oldu, ger\u00e7ekten k\u00f6t\u00fcyd\u00fcm. Ama fizi\u011fim iyiydi, gen\u00e7tim, k\u0131zlar beni g\u00f6r\u00fcp telefon hatlar\u0131n\u0131 kilitlemi\u015fler. B\u00f6yle olunca benim \u00fczerime yat\u0131r\u0131m yapt\u0131lar, diksiyon kurslar\u0131na g\u00f6nderdiler, e\u011fitim verdiler. K\u0131sacas\u0131 \u015fansla ba\u015flayan bir kariyerim oldu.<\/p>\n<p><b>Televizyon sekt\u00f6r\u00fcn\u00fc nas\u0131l de\u011ferlendiriyorsunuz?<\/b><\/p>\n<p>D\u00f6nemsel olarak bakmak laz\u0131m ama bu d\u00f6nemi konu\u015fuyorsak, art\u0131k televizyonda herhangi bir \u015feyi tutturmak hi\u00e7 kolay de\u011fil. \u00d6zel kanallar\u0131n artmas\u0131yla gelen bir rekabet var. Dinamikler de \u00e7ok h\u0131zl\u0131 de\u011fi\u015fiyor. \u0130nsanlar\u0131n be\u011fenileri de\u011fi\u015ftik\u00e7e televizyoncular\u0131n stratejileri de de\u011fi\u015fiyor. \u00d6nce dizi furyas\u0131 ba\u015fl\u0131yor sonra yar\u0131\u015fmalar, reality showlar furyas\u0131 ba\u015fl\u0131yor ve senin de kendini s\u00fcrekli g\u00fcncelleyip bu kulvarlarda da var olmaya devam etmen gerekiyor. 20 y\u0131ld\u0131r bu i\u015fin i\u00e7indeyim ve genelde tematik kanallar\u0131 se\u00e7mi\u015f biriydim. Y\u0131llard\u0131r ulusal bir kanalda uzun soluklu i\u015fler yapm\u0131yordum. TV8 bunlardan bir tanesi oldu \u015fimdi. Sonu\u00e7ta esas hikaye burada d\u00f6n\u00fcyor. \u015eimdi b\u00f6yle bir maceran\u0131n i\u00e7erisindeyim. Do\u011fru adamlarla \u00e7al\u0131\u015ft\u0131\u011f\u0131m\u0131, do\u011fru bir adam\u0131n yerinde oldu\u011fumu d\u00fc\u015f\u00fcn\u00fcyorum.<\/p>\n<p><b>Bir\u00e7ok farkl\u0131 format\u0131 olan programda sunuculuk yapt\u0131n\u0131z, size en \u00e7ok keyif veren hangisiydi?<\/b><\/p>\n<p>Bir\u00e7ok formatta program yapt\u0131m \u00e7\u00fcnk\u00fc ben televizyoncuyum, sunucuyum. Bana yak\u0131\u015faca\u011f\u0131n\u0131, benim de onlara fayda sa\u011flayaca\u011f\u0131m\u0131 d\u00fc\u015f\u00fcnd\u00fc\u011f\u00fcm her i\u015fe dahil oldum. \u015eu anda Ninja Warrior T\u00fcrkiye\u2019yi de sunuyorum, sabah g\u00fcnd\u00fcz ku\u015fa\u011f\u0131nda kad\u0131nlara da program yap\u0131yorum. Televizyoncu biraz bukalemun gibi olmal\u0131, her formata kendini bir \u015fekilde yak\u0131\u015ft\u0131rabilmeli. Ben kad\u0131n programlar\u0131n\u0131, sabah ku\u015fa\u011f\u0131 programlar\u0131n\u0131 \u00e7ok seviyorum. Kad\u0131nlar\u0131 \u00e7ok seviyorum, kad\u0131nlar da beni \u00e7ok seviyor biliyorum. Bu da zaten reytinglerden veya sokaktaki tepkilerden anla\u015f\u0131lan bir durum.<\/p>\n<p><b>Televizyonculuk size neler katt\u0131 ya da kaybettirdi?<\/b><\/p>\n<p>Kameran\u0131n \u00f6n\u00fcnde g\u00f6rsellik \u00e7ok \u00f6nemli ve net s\u00f6yleyeyim bu \u015fans bana donan\u0131ml\u0131 oldu\u011fum i\u00e7in de\u011fil yak\u0131\u015f\u0131kl\u0131 oldu\u011fumdan verildi. Ben televizyonculu\u011fun yetenek i\u015fi oldu\u011funa inanm\u0131yorum. \u00c7ok yetenekli televizyoncular var c\u00fcmlesini kabul etmiyorum. Bir sanat yapm\u0131yoruz burada, biz yetenekli sanat\u00e7\u0131lar de\u011filiz. Televizyonculuk refleks i\u015fi ve bu refleks bende oturdu. Art\u0131k kameralar\u0131 takip ederken ayn\u0131 zamanda sohbetin i\u00e7erisinde kal\u0131p bir sonraki c\u00fcmleyi bulabilecek kapasiteye geldim. Beynim art\u0131k \u00f6yle \u00e7al\u0131\u015f\u0131yor. Jess\u2019in geli\u015fimini ben bu \u015fekilde anlatabilirim. Mesle\u011fime h\u00e2l\u00e2 yat\u0131r\u0131m yap\u0131yorum, birka\u00e7 y\u0131l \u00f6nce T\u00fcrk\u00e7em daha iyi olabilir mi diye, bir kez daha diksiyon kursu ald\u0131m. T\u00fcrkiye\u2019de televizyonculuk yap\u0131yorsan T\u00fcrk\u00e7e&#8217;yi g\u00fczel konu\u015fman gerekiyor.<\/p>\n<p><b>Bu mesle\u011fi se\u00e7meseydiniz\u2026<\/b><\/p>\n<p>Kendimden yola \u00e7\u0131karak insan denen varl\u0131\u011f\u0131 incelemek ho\u015fuma gidiyor. <a title=\"Psikolog \u0130\u015f \u0130lanlar\u0131\" href=\"http:\/\/www.kariyer.net\/website\/isara\/index.aspx?&amp;pozisyon=1543\" target=\"_blank\" rel=\"noopener\">Psikolog<\/a> olabilirdim, benim ho\u015fuma giden bir meslek. Psikolog veya psikiyatr, yani ruh sa\u011fl\u0131\u011f\u0131yla ilgili bir i\u015f bana yak\u0131\u015f\u0131rd\u0131 gibi geliyor. Yapabilirdim herhalde, yak\u0131n dururdum o i\u015fe.<a href=\"http:\/\/www.kariyer.net\/kariyer-rehberi\/wp-content\/uploads\/2014\/11\/jess-molho.jpg\"><img fetchpriority=\"high\" decoding=\"async\" class=\"size-full wp-image-4982 alignright\" style=\"margin: 5px;\" alt=\"Jess Molho\" src=\"http:\/\/www.kariyer.net\/kariyer-rehberi\/wp-content\/uploads\/2014\/11\/jess-molho.jpg\" width=\"200\" height=\"305\" srcset=\"https:\/\/www.kariyer.net\/kariyer-rehberi\/wp-content\/uploads\/2014\/11\/jess-molho.jpg 200w, https:\/\/www.kariyer.net\/kariyer-rehberi\/wp-content\/uploads\/2014\/11\/jess-molho-196x300.jpg 196w\" sizes=\"(max-width: 200px) 100vw, 200px\" \/><\/a><\/p>\n<p><b>Aram\u0131zda Kalmas\u0131n\u2019a gelirsek, haz\u0131rl\u0131k a\u015famalar\u0131 nas\u0131l ge\u00e7iyor? Bu s\u00fcreci anlatabilir misiniz? Programla alakal\u0131 sorumluluklar\u0131n\u0131z tam olarak neler?<\/b><\/p>\n<p>Aram\u0131zda Kalmas\u0131n her sabah Funda \u00d6zkalyoncuo\u011flu ve Tuba \u00dcnsal ile beraber yapt\u0131\u011f\u0131m\u0131z, konuklar\u0131n da a\u011f\u0131rland\u0131\u011f\u0131, hayata dair sohbetlerin oldu\u011fu bir program. \u0130\u00e7erisine magazin de giriyor, hayat\u0131n i\u00e7erisinden herhangi bir haber de girebiliyor. G\u00fcncel bir program yapt\u0131\u011f\u0131m\u0131z i\u00e7in sabah \u00e7\u0131kan gazeteleri, yay\u0131nlar\u0131 inceleyen, gece neler oldu\u011funu takip eden bir ekibimiz var. Biz ekran y\u00fcz\u00fc olarak \u00fc\u00e7 ki\u015fiyiz ama arkada \u00e7ok ciddi bir ekip var. Bu i\u015fin <strong>moderat\u00f6r<\/strong>\u00fc olarak sabah en erken gelenlerden biriyim. Yap\u0131mc\u0131m\u0131zla oturup tek tek b\u00fct\u00fcn haberleri filtreleriz. Hangilerinin bize malzeme olabilece\u011fini ve insanlar\u0131 ilgilendirebilece\u011fini belirleriz. Ondan sonra da ekibin di\u011fer fertleriyle payla\u015f\u0131r\u0131z.<\/p>\n<p><b>T\u00fcm bu yo\u011funlu\u011fun aras\u0131nda kendinize ve ailenize vakit ay\u0131rabiliyor musunuz?<\/b><\/p>\n<p>Yo\u011funum ama sistemli \u00e7al\u0131\u015f\u0131yorum. Canl\u0131 yay\u0131n yapt\u0131\u011f\u0131m i\u00e7in ne zaman ba\u015flay\u0131p ne zaman bitece\u011fi belli. Yo\u011funlu\u011fum fazla program yapmamdan kaynaklan\u0131yor ki bundan \u015fikayet\u00e7i de\u011filim. TV8\u2019deki programlar haricinde 24TV ekranlar\u0131nda Cuma geceleri Ortaya Konu\u015fal\u0131m adl\u0131 program\u0131 yap\u0131yorum. Dedi\u011fim gibi \u015fikayet\u00e7i de\u011filim, mutluyum ve aileme her zaman vakit ay\u0131r\u0131yorum \u00e7\u00fcnk\u00fc beslendi\u011fim tek \u015fey aile.<\/p>\n<p><b>Meslek hayat\u0131na ba\u015flad\u0131\u011f\u0131n\u0131z g\u00fcnden bu g\u00fcne \u201casla unutmam\u201d dedi\u011finiz bir olay ya\u015fad\u0131n\u0131z m\u0131?<\/b><\/p>\n<p>Number One TV\u2019deyken bana Pazar sabah yay\u0131nlar\u0131n\u0131 vermi\u015flerdi. Yay\u0131nda sadece belden yukar\u0131 \u00e7ekim yap\u0131l\u0131yordu. \u00dcst\u00fcm i\u00e7in \u00e7ok g\u00fczel bir k\u0131yafet vard\u0131 evde, alt\u0131m i\u00e7in \u00e7ok ciddi bir \u015fey yoktu hatta dolab\u0131mda i\u00e7 \u00e7ama\u015f\u0131r\u0131 da yoktu. Ben de bir tane e\u015fofman alt\u0131 giyip yay\u0131na o \u015fekilde gittim. Mikrofon takt\u0131lar e\u015fofman\u0131ma, yakadan \u00e7\u0131kartt\u0131lar. Tek kamera ile \u00e7al\u0131\u015f\u0131yoruz, ba\u015fka kameralar da var ama beni \u00e7ekmiyor. Hi\u00e7 unutmam komik Laz bir kameraman\u0131m\u0131z vard\u0131. Canl\u0131 yay\u0131nda anonsumu yaparken kameras\u0131n\u0131 sabitledi, alttan alttan bana do\u011fru gelmeye ba\u015flad\u0131. Ekrandan g\u00f6z temas\u0131n\u0131 koparmay\u0131p bir \u015feyler anlatmaya \u00e7al\u0131\u015f\u0131yordum ama gelip e\u015fofman\u0131m\u0131 indirdi. Bu ekrana yans\u0131mad\u0131 ama di\u011fer kameralar i\u00e7eriyi g\u00f6rd\u00fc\u011f\u00fc i\u00e7in b\u00fct\u00fcn reji durumu g\u00f6rd\u00fc. Bu olay bug\u00fcn anlatt\u0131\u011f\u0131m zaman komik ama o g\u00fcn \u00e7ok trajik bir durumdu.<\/p>\n<p><b>Sizce bir ki\u015finin hayat\u0131nda ba\u015far\u0131y\u0131 yakalamas\u0131n\u0131n s\u0131rr\u0131 nedir? Bu ba\u015far\u0131y\u0131 yakalad\u0131\u011f\u0131n\u0131za inan\u0131yor musunuz?<\/b><\/p>\n<p>Ba\u015far\u0131y\u0131 yakalad\u0131m m\u0131 bilmiyorum. Bizim mesle\u011fimiz takdir mekanizmas\u0131yla ilerledi\u011fi i\u00e7in ben yakalad\u0131m desem ne olur yakalamad\u0131m desem ne olur. Bu d\u00f6nemsel olarak da farkl\u0131l\u0131k arz eder. Kar\u015f\u0131ndaki adam daha iyi yakalam\u0131\u015ft\u0131r, sen ise izlenmedi\u011fin zaman ba\u015far\u0131s\u0131z demek de\u011filsindir. Bir ki\u015finin ba\u015far\u0131l\u0131 olmas\u0131n\u0131n s\u0131rr\u0131 da mesle\u011fini sevmesidir. Bir <strong>\u0130ktisat<\/strong> mezunu olarak ekonomist olsayd\u0131m ya da bir bankan\u0131n <strong>CEO<\/strong>\u2019su olup \u015fu anda kazand\u0131\u011f\u0131mdan 10 bin kat daha fazla para alsayd\u0131m mutsuz bir adam olacakt\u0131m. Ben mesle\u011fini severek yapan \u015fansl\u0131 az\u0131nl\u0131\u011f\u0131n i\u00e7indeyim.<\/p>\n<p><b>Televizyon sekt\u00f6r\u00fcnde i\u015fini hakk\u0131n\u0131 vererek yapt\u0131\u011f\u0131n\u0131 d\u00fc\u015f\u00fcnd\u00fc\u011f\u00fcn\u00fcz, \u00f6rnek olarak g\u00f6sterebilece\u011finiz bir isim var m\u0131?<\/b><\/p>\n<p>Mesle\u011fine yat\u0131r\u0131m yapan adamlar\u0131 \u00e7ok seviyorum. \u00d6rne\u011fin Jay Leno. Belgeselini izledi\u011fimde \u00e7ok ho\u015fuma gitmi\u015fti. Adam zaten Jay Leno olmu\u015f, b\u00fct\u00fcn d\u00fcnyay\u0131 talk showcu olarak sall\u0131yor. Bu adam hala hafta i\u00e7i bizim Beyo\u011flu\u2019nun ara sokaklar\u0131nda bulunan yerler gibi bir yere gidip orada edit\u00f6rlerinin yazd\u0131\u011f\u0131 y\u00fcz tane espriyi y\u00fcz ki\u015fiye yap\u0131yor ve en iyi reaksiyonu ald\u0131klar\u0131n\u0131 televizyona ta\u015f\u0131yorsa bu adam takdire \u015fayan bir adamd\u0131r. Ben Jay Leno\u2019yum, ben ne yaparsam g\u00fclerler demiyor bu adam. Ben oldum, ben bir taneyim dedi\u011fin zaman otokontrol\u00fcn\u00fc kaybedersin ve izleyici senin defterini d\u00fcrebilir. Onun i\u00e7in bu tarz \u00f6rnekler benim \u00e7ok ho\u015fuma gidiyor.<\/p>\n<p><b>Bundan sonra ne yapacaks\u0131n\u0131z, kariyer yolunuz sizi nereye g\u00f6t\u00fcrecek?<\/b><\/p>\n<p>TV8\u2019le beraber bir yolculu\u011fa \u00e7\u0131kma zaman\u0131n\u0131n geldi\u011fini d\u00fc\u015f\u00fcnm\u00fc\u015ft\u00fcm, bu y\u00fczden bu geminin i\u00e7erisindeyim. O nereye giderse ben de onunla gidece\u011fim. Bunun yan\u0131 s\u0131ra ekran beni b\u0131rakana kadar devam edece\u011fim. Ekran bir g\u00fcn beni b\u0131rakacak, sonu\u00e7ta fizikle de bir i\u015f yap\u0131yoruz. Psikolojik a\u00e7\u0131dan ekran beni b\u0131rakmadan ben onu b\u0131rak\u0131rsam sevinirim. Birinin seni b\u0131rakmas\u0131ndan ziyade senin onu b\u0131rakman daha iyidir. Bir 10 y\u0131l\u0131m daha oldu\u011funu d\u00fc\u015f\u00fcn\u00fcyorum. 39 ya\u015f\u0131nday\u0131m izleyici beni 50\u2019ye kadar ta\u015f\u0131r diye umuyorum. Tek plan\u0131m sonuna kadar devam etmek.<\/p>\n<p>&nbsp;<\/p>\n<!-- templates\/buttons-placeholder.php -->\n<div class=\"da-reactions-outer TpostID4979\">\n\t    <div class=\"da-reactions-data da-reactions-container-async center\"\n         data-type=\"post\"\n         data-id=\"4979\"\n         id=\"da-reactions-slot-post-4979\">\n        <div class=\"da-reactions-static\">\n\t\t\t<img src=\"https:\/\/www.kariyer.net\/kariyer-rehberi\/wp-content\/plugins\/da-reactions\/assets\/dist\/loading.svg\" alt=\"Loading spinner\" width=\"48\" height=\"48\" style=\"width:48px\" \/>\n        <\/div>\n    <\/div>\n<\/div>\n","protected":false},"excerpt":{"rendered":"<p>Ekranlar\u0131n en tan\u0131d\u0131k y\u00fczlerinden biri olan Jess Molho, 20 y\u0131ld\u0131r bir\u00e7ok farkl\u0131 programla izleyicinin kar\u015f\u0131s\u0131na \u00e7\u0131k\u0131yor. Molho, \u201cTelevizyoncu biraz bukalemun gibi olmal\u0131, her formata kendini bir \u015fekilde yak\u0131\u015ft\u0131rabilmeli\u201d diyor. \u00d6zellikle sabah ku\u015fa\u011f\u0131 programlar\u0131yla evimize giren ve ailemizden biri olarak kabul etti\u011fimiz Jess Molho, \u015fimdilerde TV8 ekranlar\u0131nda &#8220;Aram\u0131zda Kalmas\u0131n&#8221; isimli programla \u00f6ne \u00e7\u0131k\u0131yor. Yemek programlar\u0131, yar\u0131\u015fmalar, [&hellip;]<\/p>\n<!-- templates\/buttons-placeholder.php -->\n<div class=\"da-reactions-outer TpostID4979\">\n\t    <div class=\"da-reactions-data da-reactions-container-async center\"\n         data-type=\"post\"\n         data-id=\"4979\"\n         id=\"da-reactions-slot-post-4979\">\n        <div class=\"da-reactions-static\">\n\t\t\t<img src=\"https:\/\/www.kariyer.net\/kariyer-rehberi\/wp-content\/plugins\/da-reactions\/assets\/dist\/loading.svg\" alt=\"Loading spinner\" width=\"48\" height=\"48\" style=\"width:48px\" \/>\n        <\/div>\n    <\/div>\n<\/div>\n","protected":false},"author":12,"featured_media":4981,"comment_status":"open","ping_status":"open","sticky":false,"template":"","format":"standard","meta":{"footnotes":"","_elementor_edit_mode":"","_elementor_template_type":"","_elementor_data":"","_elementor_page_settings":null,"_elementor_conditions":[]},"categories":[46,2211],"tags":[],"class_list":{"0":"post-4979","1":"post","2":"type-post","3":"status-publish","4":"format-standard","5":"has-post-thumbnail","7":"category-is-hayati","8":"category-kariyer-gelisimi"},"yoast_head":"<!-- This site is optimized with the Yoast SEO Premium plugin v21.4 (Yoast SEO v27.0) - https:\/\/yoast.com\/product\/yoast-seo-premium-wordpress\/ -->\n<title>Televizyoncu bukalemun gibi olmal\u0131 | Kariyer Rehberi<\/title>\n<meta name=\"description\" content=\"Ekranlar\u0131n en tan\u0131d\u0131k y\u00fczlerinden biri olan Jess Molho, 20 y\u0131ld\u0131r bir\u00e7ok farkl\u0131 programla izleyicinin kar\u015f\u0131s\u0131na \u00e7\u0131k\u0131yor. Molho, \u201cTelevizyoncu biraz\" \/>\n<meta name=\"robots\" content=\"index, follow, max-snippet:-1, max-image-preview:large, max-video-preview:-1\" \/>\n<link rel=\"canonical\" href=\"https:\/\/www.kariyer.net\/kariyer-rehberi\/televizyoncu-bukalemun-gibi-olmali\/\" \/>\n<meta property=\"og:locale\" content=\"tr_TR\" \/>\n<meta property=\"og:type\" content=\"article\" \/>\n<meta property=\"og:title\" content=\"Televizyoncu bukalemun gibi olmal\u0131\" \/>\n<meta property=\"og:description\" content=\"Ekranlar\u0131n en tan\u0131d\u0131k y\u00fczlerinden biri olan Jess Molho, 20 y\u0131ld\u0131r bir\u00e7ok farkl\u0131 programla izleyicinin kar\u015f\u0131s\u0131na \u00e7\u0131k\u0131yor. Molho, \u201cTelevizyoncu biraz\" \/>\n<meta property=\"og:url\" content=\"https:\/\/www.kariyer.net\/kariyer-rehberi\/televizyoncu-bukalemun-gibi-olmali\/\" \/>\n<meta property=\"og:site_name\" content=\"Kariyer Rehberi\" \/>\n<meta property=\"article:published_time\" content=\"2014-11-14T13:54:43+00:00\" \/>\n<meta property=\"article:modified_time\" content=\"2024-07-03T12:04:46+00:00\" \/>\n<meta property=\"og:image\" content=\"https:\/\/www.kariyer.net\/kariyer-rehberi\/wp-content\/uploads\/2014\/11\/jessmolho.jpg\" \/>\n\t<meta property=\"og:image:width\" content=\"600\" \/>\n\t<meta property=\"og:image:height\" content=\"300\" \/>\n\t<meta property=\"og:image:type\" content=\"image\/jpeg\" \/>\n<meta name=\"author\" content=\"Edit\u00f6r\" \/>\n<meta name=\"twitter:card\" content=\"summary_large_image\" \/>\n<meta name=\"twitter:label1\" content=\"Yazan:\" \/>\n\t<meta name=\"twitter:data1\" content=\"Edit\u00f6r\" \/>\n\t<meta name=\"twitter:label2\" content=\"Tahmini okuma s\u00fcresi\" \/>\n\t<meta name=\"twitter:data2\" content=\"8 dakika\" \/>\n<!-- \/ Yoast SEO Premium plugin. -->","yoast_head_json":{"title":"Televizyoncu bukalemun gibi olmal\u0131 | Kariyer Rehberi","description":"Ekranlar\u0131n en tan\u0131d\u0131k y\u00fczlerinden biri olan Jess Molho, 20 y\u0131ld\u0131r bir\u00e7ok farkl\u0131 programla izleyicinin kar\u015f\u0131s\u0131na \u00e7\u0131k\u0131yor. Molho, \u201cTelevizyoncu biraz","robots":{"index":"index","follow":"follow","max-snippet":"max-snippet:-1","max-image-preview":"max-image-preview:large","max-video-preview":"max-video-preview:-1"},"canonical":"https:\/\/www.kariyer.net\/kariyer-rehberi\/televizyoncu-bukalemun-gibi-olmali\/","og_locale":"tr_TR","og_type":"article","og_title":"Televizyoncu bukalemun gibi olmal\u0131","og_description":"Ekranlar\u0131n en tan\u0131d\u0131k y\u00fczlerinden biri olan Jess Molho, 20 y\u0131ld\u0131r bir\u00e7ok farkl\u0131 programla izleyicinin kar\u015f\u0131s\u0131na \u00e7\u0131k\u0131yor. Molho, \u201cTelevizyoncu biraz","og_url":"https:\/\/www.kariyer.net\/kariyer-rehberi\/televizyoncu-bukalemun-gibi-olmali\/","og_site_name":"Kariyer Rehberi","article_published_time":"2014-11-14T13:54:43+00:00","article_modified_time":"2024-07-03T12:04:46+00:00","og_image":[{"width":600,"height":300,"url":"https:\/\/www.kariyer.net\/kariyer-rehberi\/wp-content\/uploads\/2014\/11\/jessmolho.jpg","type":"image\/jpeg"}],"author":"Edit\u00f6r","twitter_card":"summary_large_image","twitter_misc":{"Yazan:":"Edit\u00f6r","Tahmini okuma s\u00fcresi":"8 dakika"},"schema":{"@context":"https:\/\/schema.org","@graph":[{"@type":"Article","@id":"https:\/\/www.kariyer.net\/kariyer-rehberi\/televizyoncu-bukalemun-gibi-olmali\/#article","isPartOf":{"@id":"https:\/\/www.kariyer.net\/kariyer-rehberi\/televizyoncu-bukalemun-gibi-olmali\/"},"author":{"name":"Edit\u00f6r","@id":"https:\/\/www.kariyer.net\/kariyer-rehberi\/#\/schema\/person\/94fd6e49c7ff1b1b2565a2cc4fd685dd"},"headline":"Televizyoncu bukalemun gibi olmal\u0131","datePublished":"2014-11-14T13:54:43+00:00","dateModified":"2024-07-03T12:04:46+00:00","mainEntityOfPage":{"@id":"https:\/\/www.kariyer.net\/kariyer-rehberi\/televizyoncu-bukalemun-gibi-olmali\/"},"wordCount":1668,"commentCount":0,"publisher":{"@id":"https:\/\/www.kariyer.net\/kariyer-rehberi\/#organization"},"image":{"@id":"https:\/\/www.kariyer.net\/kariyer-rehberi\/televizyoncu-bukalemun-gibi-olmali\/#primaryimage"},"thumbnailUrl":"https:\/\/www.kariyer.net\/kariyer-rehberi\/wp-content\/uploads\/2014\/11\/jessmolho.jpg","articleSection":["\u0130\u015f Hayat\u0131","Kariyer Geli\u015fimi"],"inLanguage":"tr","potentialAction":[{"@type":"CommentAction","name":"Comment","target":["https:\/\/www.kariyer.net\/kariyer-rehberi\/televizyoncu-bukalemun-gibi-olmali\/#respond"]}]},{"@type":"WebPage","@id":"https:\/\/www.kariyer.net\/kariyer-rehberi\/televizyoncu-bukalemun-gibi-olmali\/","url":"https:\/\/www.kariyer.net\/kariyer-rehberi\/televizyoncu-bukalemun-gibi-olmali\/","name":"Televizyoncu bukalemun gibi olmal\u0131 | Kariyer Rehberi","isPartOf":{"@id":"https:\/\/www.kariyer.net\/kariyer-rehberi\/#website"},"primaryImageOfPage":{"@id":"https:\/\/www.kariyer.net\/kariyer-rehberi\/televizyoncu-bukalemun-gibi-olmali\/#primaryimage"},"image":{"@id":"https:\/\/www.kariyer.net\/kariyer-rehberi\/televizyoncu-bukalemun-gibi-olmali\/#primaryimage"},"thumbnailUrl":"https:\/\/www.kariyer.net\/kariyer-rehberi\/wp-content\/uploads\/2014\/11\/jessmolho.jpg","datePublished":"2014-11-14T13:54:43+00:00","dateModified":"2024-07-03T12:04:46+00:00","description":"Ekranlar\u0131n en tan\u0131d\u0131k y\u00fczlerinden biri olan Jess Molho, 20 y\u0131ld\u0131r bir\u00e7ok farkl\u0131 programla izleyicinin kar\u015f\u0131s\u0131na \u00e7\u0131k\u0131yor. Molho, \u201cTelevizyoncu biraz","breadcrumb":{"@id":"https:\/\/www.kariyer.net\/kariyer-rehberi\/televizyoncu-bukalemun-gibi-olmali\/#breadcrumb"},"inLanguage":"tr","potentialAction":[{"@type":"ReadAction","target":["https:\/\/www.kariyer.net\/kariyer-rehberi\/televizyoncu-bukalemun-gibi-olmali\/"]}]},{"@type":"ImageObject","inLanguage":"tr","@id":"https:\/\/www.kariyer.net\/kariyer-rehberi\/televizyoncu-bukalemun-gibi-olmali\/#primaryimage","url":"https:\/\/www.kariyer.net\/kariyer-rehberi\/wp-content\/uploads\/2014\/11\/jessmolho.jpg","contentUrl":"https:\/\/www.kariyer.net\/kariyer-rehberi\/wp-content\/uploads\/2014\/11\/jessmolho.jpg","width":600,"height":300,"caption":"Jess Molho"},{"@type":"BreadcrumbList","@id":"https:\/\/www.kariyer.net\/kariyer-rehberi\/televizyoncu-bukalemun-gibi-olmali\/#breadcrumb","itemListElement":[{"@type":"ListItem","position":1,"name":"Anasayfa","item":"https:\/\/www.kariyer.net\/kariyer-rehberi\/"},{"@type":"ListItem","position":2,"name":"Televizyoncu bukalemun gibi olmal\u0131"}]},{"@type":"WebSite","@id":"https:\/\/www.kariyer.net\/kariyer-rehberi\/#website","url":"https:\/\/www.kariyer.net\/kariyer-rehberi\/","name":"Kariyer Rehberi","description":"\u0130\u015f D\u00fcnyas\u0131yla \u0130lgili Bilmek \u0130stedi\u011finiz Her \u015eey","publisher":{"@id":"https:\/\/www.kariyer.net\/kariyer-rehberi\/#organization"},"potentialAction":[{"@type":"SearchAction","target":{"@type":"EntryPoint","urlTemplate":"https:\/\/www.kariyer.net\/kariyer-rehberi\/?s={search_term_string}"},"query-input":{"@type":"PropertyValueSpecification","valueRequired":true,"valueName":"search_term_string"}}],"inLanguage":"tr"},{"@type":"Organization","@id":"https:\/\/www.kariyer.net\/kariyer-rehberi\/#organization","name":"Kariyer.net","url":"https:\/\/www.kariyer.net\/kariyer-rehberi\/","logo":{"@type":"ImageObject","inLanguage":"tr","@id":"https:\/\/www.kariyer.net\/kariyer-rehberi\/#\/schema\/logo\/image\/","url":"https:\/\/www.kariyer.net\/kariyer-rehberi-new\/wp-content\/uploads\/2023\/01\/og-image11.jpg","contentUrl":"https:\/\/www.kariyer.net\/kariyer-rehberi-new\/wp-content\/uploads\/2023\/01\/og-image11.jpg","width":800,"height":800,"caption":"Kariyer.net"},"image":{"@id":"https:\/\/www.kariyer.net\/kariyer-rehberi\/#\/schema\/logo\/image\/"}},{"@type":"Person","@id":"https:\/\/www.kariyer.net\/kariyer-rehberi\/#\/schema\/person\/94fd6e49c7ff1b1b2565a2cc4fd685dd","name":"Edit\u00f6r","image":{"@type":"ImageObject","inLanguage":"tr","@id":"https:\/\/www.kariyer.net\/kariyer-rehberi\/#\/schema\/person\/image\/","url":"https:\/\/secure.gravatar.com\/avatar\/0c4fe6688343aed3693b15573beae12c08ace5565409d5ab7509bf9c115f458d?s=96&d=mm&r=g","contentUrl":"https:\/\/secure.gravatar.com\/avatar\/0c4fe6688343aed3693b15573beae12c08ace5565409d5ab7509bf9c115f458d?s=96&d=mm&r=g","caption":"Edit\u00f6r"},"url":"https:\/\/www.kariyer.net\/kariyer-rehberi\/author\/editor\/"}]}},"_links":{"self":[{"href":"https:\/\/www.kariyer.net\/kariyer-rehberi\/wp-json\/wp\/v2\/posts\/4979","targetHints":{"allow":["GET"]}}],"collection":[{"href":"https:\/\/www.kariyer.net\/kariyer-rehberi\/wp-json\/wp\/v2\/posts"}],"about":[{"href":"https:\/\/www.kariyer.net\/kariyer-rehberi\/wp-json\/wp\/v2\/types\/post"}],"author":[{"embeddable":true,"href":"https:\/\/www.kariyer.net\/kariyer-rehberi\/wp-json\/wp\/v2\/users\/12"}],"replies":[{"embeddable":true,"href":"https:\/\/www.kariyer.net\/kariyer-rehberi\/wp-json\/wp\/v2\/comments?post=4979"}],"version-history":[{"count":1,"href":"https:\/\/www.kariyer.net\/kariyer-rehberi\/wp-json\/wp\/v2\/posts\/4979\/revisions"}],"predecessor-version":[{"id":19021,"href":"https:\/\/www.kariyer.net\/kariyer-rehberi\/wp-json\/wp\/v2\/posts\/4979\/revisions\/19021"}],"wp:featuredmedia":[{"embeddable":true,"href":"https:\/\/www.kariyer.net\/kariyer-rehberi\/wp-json\/wp\/v2\/media\/4981"}],"wp:attachment":[{"href":"https:\/\/www.kariyer.net\/kariyer-rehberi\/wp-json\/wp\/v2\/media?parent=4979"}],"wp:term":[{"taxonomy":"category","embeddable":true,"href":"https:\/\/www.kariyer.net\/kariyer-rehberi\/wp-json\/wp\/v2\/categories?post=4979"},{"taxonomy":"post_tag","embeddable":true,"href":"https:\/\/www.kariyer.net\/kariyer-rehberi\/wp-json\/wp\/v2\/tags?post=4979"}],"curies":[{"name":"wp","href":"https:\/\/api.w.org\/{rel}","templated":true}]}}