{"id":5095,"date":"2015-01-22T14:42:27","date_gmt":"2015-01-22T12:42:27","guid":{"rendered":"http:\/\/www.kariyer.net\/kariyer-rehberi\/?p=5095"},"modified":"2024-07-03T14:52:41","modified_gmt":"2024-07-03T11:52:41","slug":"y-kusagina-gore-gelecegin-sektoru-hangisi","status":"publish","type":"post","link":"https:\/\/www.kariyer.net\/kariyer-rehberi\/y-kusagina-gore-gelecegin-sektoru-hangisi\/","title":{"rendered":"Y ku\u015fa\u011f\u0131na g\u00f6re gelece\u011fin sekt\u00f6r\u00fc hangisi?"},"content":{"rendered":"<p><strong><span style=\"line-height: 1.5em;\">Deloitte taraf\u0131ndan yap\u0131lan Y Ku\u015fa\u011f\u0131 Ara\u015ft\u0131rmas\u0131\u2019na g\u00f6re Y ku\u015fa\u011f\u0131 teknoloji, medya ve telekom\u00fcnikasyon sekt\u00f6rlerini esnek, e\u011flenceli ve cazip buluyor. Yenilik\u00e7ili\u011finden ve h\u0131z\u0131ndan \u00f6t\u00fcr\u00fc de gelece\u011fin sekt\u00f6r\u00fc oldu\u011funa inan\u0131yor. T\u00fcrkiye\u2019deki Y ku\u015fa\u011f\u0131n\u0131n y\u00fczde 50\u2019si b\u00fcy\u00fck \u00f6l\u00e7ekli, global firmalara talep g\u00f6sterirken, her y\u00fczde 25\u2019i ise kendi i\u015fini kurmak istiyor.<\/span><\/strong><\/p>\n<p><a href=\"http:\/\/www.kariyer.net\/kariyer-rehberi\/wp-content\/uploads\/2015\/01\/Untitled-1.jpg\"><img fetchpriority=\"high\" decoding=\"async\" class=\"wp-image-5096 alignleft\" alt=\"Untitled-1\" src=\"http:\/\/www.kariyer.net\/kariyer-rehberi\/wp-content\/uploads\/2015\/01\/Untitled-1.jpg\" width=\"340\" height=\"170\" srcset=\"https:\/\/www.kariyer.net\/kariyer-rehberi\/wp-content\/uploads\/2015\/01\/Untitled-1.jpg 600w, https:\/\/www.kariyer.net\/kariyer-rehberi\/wp-content\/uploads\/2015\/01\/Untitled-1-300x150.jpg 300w\" sizes=\"(max-width: 340px) 100vw, 340px\" \/><\/a>Bu y\u0131l d\u00f6rd\u00fcnc\u00fcs\u00fc ger\u00e7ekle\u015ftirilen \u2018Y Ku\u015fa\u011f\u0131 Ara\u015ft\u0131rmas\u0131\u2019 Davos\u2019ta, D\u00fcnya Ekonomi Forumu\u2019nda a\u00e7\u0131kland\u0131. <strong>Y Ku\u015fa\u011f\u0131<\/strong>\u2019n\u0131n g\u00fcn\u00fcm\u00fczde hangi sekt\u00f6rleri cazip buldu\u011funa, bu cazibeye sebep olan fakt\u00f6rlere, lider ve lider organizasyon olmay\u0131 nas\u0131l tan\u0131mlad\u0131\u011f\u0131na \u0131\u015f\u0131k tutan ara\u015ft\u0131rma, 1982 ve sonras\u0131nda do\u011fan, aralar\u0131nda T\u00fcrkiye\u2019nin de bulundu\u011fu geli\u015fmi\u015f ve geli\u015fmekte olan 29 \u00fclkede, 7 bin 800 ki\u015finin kat\u0131l\u0131m\u0131yla ger\u00e7ekle\u015ftirildi.<\/p>\n<p>Y ku\u015fa\u011f\u0131 ara\u015ft\u0131rmas\u0131n\u0131n D\u00fcnya ve T\u00fcrkiye kar\u015f\u0131la\u015ft\u0131rmas\u0131nda ortaya \u00e7\u0131kan sonu\u00e7lar \u015f\u00f6yle:<\/p>\n<p><b>Y Ku\u015fa\u011f\u0131\u2019n\u0131n en \u00e7ok tercih etti\u011fi sekt\u00f6r Teknoloji, <a title=\"Medya \u0130\u015f \u0130lanlar\u0131\" href=\"http:\/\/www.kariyer.net\/medya-is-ilanlari-f031000000\" target=\"_blank\" rel=\"noopener\">Medya<\/a> ve Telekom\u00fcnikasyon (TMT)<\/b><br \/>\nY ku\u015fa\u011f\u0131 \u00f6ncelikli olarak \u00e7al\u0131\u015fmak istedi\u011fi sekt\u00f6r\u00fc TMT olarak belirtiyor (Global y\u00fczde 46 \u2013 T\u00fcrkiye y\u00fczde 63).\u00a0 T\u00fcrkiye\u2019de sekt\u00f6r tercihi kad\u0131n \u2013 erkek aras\u0131nda farkl\u0131l\u0131k g\u00f6steriyor. Kad\u0131nlar\u0131n y\u00fczde 58\u2019si TMT\u2019yi tercih ederken, erkeklerin y\u00fczde 67\u2019si TMT diyor. T\u00fcrkiye\u2019de TMT\u2019nin ard\u0131ndan kad\u0131nlar i\u00e7in <a title=\"Hizmet \u0130\u015f \u0130lanlar\u0131\" href=\"http:\/\/www.kariyer.net\/hizmet-is-ilanlari-f022000000\" target=\"_blank\" rel=\"noopener\">hizmet<\/a> ve kamu sekt\u00f6r\u00fc geliyor. Erkekler i\u00e7in ise ikinci s\u0131rada enerji ve do\u011fal kaynaklar sekt\u00f6r\u00fc yer al\u0131yor. T\u00fcrkiye\u2019de en az ra\u011fbet g\u00f6ren sekt\u00f6r ise ula\u015ft\u0131rma ve da\u011f\u0131t\u0131m.<\/p>\n<p><b>Y Ku\u015fa\u011f\u0131 en \u00e7ok b\u00fcy\u00fck \u00f6l\u00e7ekli global \u015firketlerde \u00e7al\u0131\u015fmak istiyor <\/b><br \/>\nAncak ilgin\u00e7 nokta geli\u015fmekte olan \u00fclkelerdeki Y ku\u015fa\u011f\u0131 geli\u015fmi\u015f \u00fclkelerdeki gen\u00e7lere k\u0131yasla bunu \u00e7ok daha fazla tercih ediyor. Ayn\u0131 zamanda geli\u015fmekte olan \u00fclkelerde giri\u015fimci ruh iki kat daha fazla \u00f6n plana \u00e7\u0131k\u0131yor. Geli\u015fmekte olan \u00fclkelerdeki Y ku\u015fa\u011f\u0131 ya kendi i\u015finin patronu olmak istiyor ya da global k\u00f6kl\u00fc firmada <a title=\"Liderlik i\u00e7in alt\u0131n kurallar\" href=\"http:\/\/www.kariyer.net\/kariyer-rehberi\/liderlik-icin-altin-kurallar\/\" target=\"_blank\" rel=\"noopener\">liderlik<\/a> yolunda y\u00fcr\u00fcmek istiyor. T\u00fcrkiye\u2019deki Y ku\u015fa\u011f\u0131n\u0131n her iki ki\u015fisinden biri, b\u00fcy\u00fck \u00f6l\u00e7ekli, global firmalara talep g\u00f6steriyor. Her 4 ki\u015fiden biri de kendi i\u015fini kurmak istiyor.<\/p>\n<p><b>Y Ku\u015fa\u011f\u0131na g\u00f6re ger\u00e7ek lider stratejik d\u00fc\u015f\u00fcnen, ilham veren, vizyoner ve ileti\u015fim becerileri kuvvetli olan ki\u015fi<\/b><br \/>\nT\u00fcrkiye\u2019de ise stratejik d\u00fc\u015f\u00fcnmenin yan\u0131 s\u0131ra kararl\u0131l\u0131k, demokratik yakla\u015f\u0131m, inovasyon ve hitabet g\u00fcc\u00fc de \u00f6n plana \u00e7\u0131k\u0131yor.<\/p>\n<p><b>Y Ku\u015fa\u011f\u0131\u2019na g\u00f6re bir kurumu \u00e7al\u0131\u015fanlar\u0131na kar\u015f\u0131 davran\u0131\u015f\u0131 lider yapar<\/b><br \/>\nY Ku\u015fa\u011f\u0131n\u0131n bir kurumu lider olarak tan\u0131mlamas\u0131nda en belirleyici \u00f6zelli\u011fi kurumun \u00e7al\u0131\u015fanlar\u0131na kar\u015f\u0131 davran\u0131\u015f\u0131 (e\u011fitim ve kariyer f\u0131rsatlar\u0131) olu\u015fturuyor. Daha sonra ise yenilik\u00e7i olmas\u0131 (yenilik\u00e7i \u00fcr\u00fcn ve hizmetler sunmas\u0131), kurumun topluma sa\u011flad\u0131\u011f\u0131 katk\u0131 ve finansal ba\u015far\u0131 geliyor.<\/p>\n<p><b>Liderler beklentiyi kar\u015f\u0131lamakta zorlan\u0131yor<\/b><br \/>\nHem g\u00fcn\u00fcm\u00fcz liderleri hem de Y Ku\u015fa\u011f\u0131 (e\u011fer onlar lider olsayd\u0131) i\u00e7in organizasyonlar\u0131n gelece\u011fini garanti alt\u0131na almak ve verimlilik \u00f6ncelik ta\u015f\u0131yor. Ancak Y Ku\u015fa\u011f\u0131 mevcut liderlerin k\u00e2r ve ki\u015fisel gelirlere daha fazla \u00f6ncelik verdi\u011fini d\u00fc\u015f\u00fcn\u00fcyor. Di\u011fer yandan kendileri lider olsalar insan fakt\u00f6r\u00fcne (\u00e7al\u0131\u015fanlar\u0131n refah\u0131, geli\u015fimi) daha \u00e7ok \u00f6nem vereceklerini belirtiyor. Bu da lider kurum tan\u0131mlar\u0131yla \u00f6rt\u00fc\u015f\u00fcyor.<\/p>\n<p><b>Her iki ki\u015fiden biri lider olmak istiyor<\/b><br \/>\nHem globalde (y\u00fczde 53) hem de T\u00fcrkiye\u2019de (y\u00fczde 55) her iki Y Ku\u015fa\u011f\u0131ndan biri lider olmak istiyor. Geli\u015fmekte olan \u00fclkelerdeki Y Ku\u015fa\u011f\u0131 (y\u00fczde 65) geli\u015fmi\u015f \u00fclkelerdeki Y Ku\u015fa\u011f\u0131na (y\u00fczde 33) g\u00f6re liderlik pozisyonu ile daha \u00e7ok ilgileniyor.<\/p>\n<p>Deloitte T\u00fcrkiye Strateji, \u0130\u015f Geli\u015ftirme ve Pazarlama Lideri U\u011fur S\u00fcel ise \u201cBu y\u0131l d\u00f6rd\u00fcnc\u00fcs\u00fcn\u00fc yapt\u0131\u011f\u0131m\u0131z ara\u015ft\u0131rman\u0131n en \u00e7arp\u0131c\u0131 bulgusu, Y Ku\u015fa\u011f\u0131 i\u00e7erisinde farkl\u0131 sekt\u00f6r tercihleri olsa da; bu ku\u015fa\u011f\u0131n \u00f6ncelikli tercihinin TMT olmas\u0131. \u00c7\u00fcnk\u00fc Y Ku\u015fa\u011f\u0131 bu sekt\u00f6r\u00fc e\u011flenceli buluyor; bu sekt\u00f6rle yenilik\u00e7ili\u011fi, esnekli\u011fi, inisiyatif kullanabilmeyi e\u015fle\u015ftiriyor; bu sekt\u00f6r\u00fcn kariyer geli\u015fimine katk\u0131 sa\u011flayaca\u011f\u0131na ve buna ba\u011fl\u0131 olarak da merdivenleri h\u0131zla \u00e7\u0131kaca\u011f\u0131na inan\u0131yor. T\u00fcrkiye\u2019deki Y ku\u015fa\u011f\u0131n\u0131n her iki ki\u015fisinden biri, bu kriterlere sahip olduklar\u0131n\u0131 d\u00fc\u015f\u00fcnd\u00fckleri i\u00e7in b\u00fcy\u00fck \u00f6l\u00e7ekli, global firmalara talep g\u00f6steriyor. Her 4 ki\u015fiden biri de kendi i\u015fini kurmak istiyor. Y Ku\u015fa\u011f\u0131na g\u00f6re t\u00fcm bu tercihlerle ili\u015fkili lider tan\u0131m\u0131, stratejik d\u00fc\u015f\u00fcnme, yenilik\u00e7i olma ve yeni fikirleri destekleme, ilham verme, esnek olma ve iyi ileti\u015fim kurma gibi \u00f6zellikleri i\u00e7eriyor.\u00a0 Bu tan\u0131mdan da anla\u015f\u0131l\u0131yor ki, i\u015f d\u00fcnyas\u0131n\u0131n, kurumlar\u0131n\u0131 Y ku\u015fa\u011f\u0131na daha cazip hale getirebilmek i\u00e7in yeni fikirlere a\u00e7\u0131k olmaya, inisiyatif kullanmay\u0131 ve esnekli\u011fi destekleyen bir k\u00fclt\u00fcr yaratmaya ve Y ku\u015fa\u011f\u0131n\u0131n kariyer geli\u015fimine f\u0131rsat tan\u0131maya ihtiyac\u0131 var\u201d diyor.<\/p>\n<p>&nbsp;<\/p>\n<p>&nbsp;<\/p>\n<!-- templates\/buttons-placeholder.php -->\n<div class=\"da-reactions-outer TpostID5095\">\n\t    <div class=\"da-reactions-data da-reactions-container-async center\"\n         data-type=\"post\"\n         data-id=\"5095\"\n         id=\"da-reactions-slot-post-5095\">\n        <div class=\"da-reactions-static\">\n\t\t\t<img src=\"https:\/\/www.kariyer.net\/kariyer-rehberi\/wp-content\/plugins\/da-reactions\/assets\/dist\/loading.svg\" alt=\"Loading spinner\" width=\"48\" height=\"48\" style=\"width:48px\" \/>\n        <\/div>\n    <\/div>\n<\/div>\n","protected":false},"excerpt":{"rendered":"<p>Deloitte taraf\u0131ndan yap\u0131lan Y Ku\u015fa\u011f\u0131 Ara\u015ft\u0131rmas\u0131\u2019na g\u00f6re Y ku\u015fa\u011f\u0131 teknoloji, medya ve telekom\u00fcnikasyon sekt\u00f6rlerini esnek, e\u011flenceli ve cazip buluyor. Yenilik\u00e7ili\u011finden ve h\u0131z\u0131ndan \u00f6t\u00fcr\u00fc de gelece\u011fin sekt\u00f6r\u00fc oldu\u011funa inan\u0131yor. T\u00fcrkiye\u2019deki Y ku\u015fa\u011f\u0131n\u0131n y\u00fczde 50\u2019si b\u00fcy\u00fck \u00f6l\u00e7ekli, global firmalara talep g\u00f6sterirken, her y\u00fczde 25\u2019i ise kendi i\u015fini kurmak istiyor. Bu y\u0131l d\u00f6rd\u00fcnc\u00fcs\u00fc ger\u00e7ekle\u015ftirilen \u2018Y Ku\u015fa\u011f\u0131 Ara\u015ft\u0131rmas\u0131\u2019 Davos\u2019ta, [&hellip;]<\/p>\n<!-- templates\/buttons-placeholder.php -->\n<div class=\"da-reactions-outer TpostID5095\">\n\t    <div class=\"da-reactions-data da-reactions-container-async center\"\n         data-type=\"post\"\n         data-id=\"5095\"\n         id=\"da-reactions-slot-post-5095\">\n        <div class=\"da-reactions-static\">\n\t\t\t<img src=\"https:\/\/www.kariyer.net\/kariyer-rehberi\/wp-content\/plugins\/da-reactions\/assets\/dist\/loading.svg\" alt=\"Loading spinner\" width=\"48\" height=\"48\" style=\"width:48px\" \/>\n        <\/div>\n    <\/div>\n<\/div>\n","protected":false},"author":12,"featured_media":5096,"comment_status":"open","ping_status":"open","sticky":false,"template":"","format":"standard","meta":{"footnotes":"","_elementor_edit_mode":"","_elementor_template_type":"","_elementor_data":"","_elementor_page_settings":null,"_elementor_conditions":[]},"categories":[2203],"tags":[],"class_list":{"0":"post-5095","1":"post","2":"type-post","3":"status-publish","4":"format-standard","5":"has-post-thumbnail","7":"category-haberler-duyurular"},"yoast_head":"<!-- This site is optimized with the Yoast SEO Premium plugin v21.4 (Yoast SEO v27.0) - https:\/\/yoast.com\/product\/yoast-seo-premium-wordpress\/ -->\n<title>Y ku\u015fa\u011f\u0131na g\u00f6re gelece\u011fin sekt\u00f6r\u00fc hangisi? | Kariyer Rehberi<\/title>\n<meta name=\"description\" content=\"Deloitte taraf\u0131ndan yap\u0131lan Y Ku\u015fa\u011f\u0131 Ara\u015ft\u0131rmas\u0131\u2019na g\u00f6re Y ku\u015fa\u011f\u0131 teknoloji, medya ve telekom\u00fcnikasyon sekt\u00f6rlerini esnek, e\u011flenceli ve cazip buluyor.\" \/>\n<meta name=\"robots\" content=\"index, follow, max-snippet:-1, max-image-preview:large, max-video-preview:-1\" \/>\n<link rel=\"canonical\" href=\"https:\/\/www.kariyer.net\/kariyer-rehberi\/y-kusagina-gore-gelecegin-sektoru-hangisi\/\" \/>\n<meta property=\"og:locale\" content=\"tr_TR\" \/>\n<meta property=\"og:type\" content=\"article\" \/>\n<meta property=\"og:title\" content=\"Y ku\u015fa\u011f\u0131na g\u00f6re gelece\u011fin sekt\u00f6r\u00fc hangisi?\" \/>\n<meta property=\"og:description\" content=\"Deloitte taraf\u0131ndan yap\u0131lan Y Ku\u015fa\u011f\u0131 Ara\u015ft\u0131rmas\u0131\u2019na g\u00f6re Y ku\u015fa\u011f\u0131 teknoloji, medya ve telekom\u00fcnikasyon sekt\u00f6rlerini esnek, e\u011flenceli ve cazip buluyor.\" \/>\n<meta property=\"og:url\" content=\"https:\/\/www.kariyer.net\/kariyer-rehberi\/y-kusagina-gore-gelecegin-sektoru-hangisi\/\" \/>\n<meta property=\"og:site_name\" content=\"Kariyer Rehberi\" \/>\n<meta property=\"article:published_time\" content=\"2015-01-22T12:42:27+00:00\" \/>\n<meta property=\"article:modified_time\" content=\"2024-07-03T11:52:41+00:00\" \/>\n<meta property=\"og:image\" content=\"https:\/\/www.kariyer.net\/kariyer-rehberi\/wp-content\/uploads\/2015\/01\/Untitled-1.jpg\" \/>\n\t<meta property=\"og:image:width\" content=\"600\" \/>\n\t<meta property=\"og:image:height\" content=\"300\" \/>\n\t<meta property=\"og:image:type\" content=\"image\/jpeg\" \/>\n<meta name=\"author\" content=\"Edit\u00f6r\" \/>\n<meta name=\"twitter:card\" content=\"summary_large_image\" \/>\n<meta name=\"twitter:label1\" content=\"Yazan:\" \/>\n\t<meta name=\"twitter:data1\" content=\"Edit\u00f6r\" \/>\n\t<meta name=\"twitter:label2\" content=\"Tahmini okuma s\u00fcresi\" \/>\n\t<meta name=\"twitter:data2\" content=\"5 dakika\" \/>\n<!-- \/ Yoast SEO Premium plugin. -->","yoast_head_json":{"title":"Y ku\u015fa\u011f\u0131na g\u00f6re gelece\u011fin sekt\u00f6r\u00fc hangisi? | Kariyer Rehberi","description":"Deloitte taraf\u0131ndan yap\u0131lan Y Ku\u015fa\u011f\u0131 Ara\u015ft\u0131rmas\u0131\u2019na g\u00f6re Y ku\u015fa\u011f\u0131 teknoloji, medya ve telekom\u00fcnikasyon sekt\u00f6rlerini esnek, e\u011flenceli ve cazip buluyor.","robots":{"index":"index","follow":"follow","max-snippet":"max-snippet:-1","max-image-preview":"max-image-preview:large","max-video-preview":"max-video-preview:-1"},"canonical":"https:\/\/www.kariyer.net\/kariyer-rehberi\/y-kusagina-gore-gelecegin-sektoru-hangisi\/","og_locale":"tr_TR","og_type":"article","og_title":"Y ku\u015fa\u011f\u0131na g\u00f6re gelece\u011fin sekt\u00f6r\u00fc hangisi?","og_description":"Deloitte taraf\u0131ndan yap\u0131lan Y Ku\u015fa\u011f\u0131 Ara\u015ft\u0131rmas\u0131\u2019na g\u00f6re Y ku\u015fa\u011f\u0131 teknoloji, medya ve telekom\u00fcnikasyon sekt\u00f6rlerini esnek, e\u011flenceli ve cazip buluyor.","og_url":"https:\/\/www.kariyer.net\/kariyer-rehberi\/y-kusagina-gore-gelecegin-sektoru-hangisi\/","og_site_name":"Kariyer Rehberi","article_published_time":"2015-01-22T12:42:27+00:00","article_modified_time":"2024-07-03T11:52:41+00:00","og_image":[{"width":600,"height":300,"url":"https:\/\/www.kariyer.net\/kariyer-rehberi\/wp-content\/uploads\/2015\/01\/Untitled-1.jpg","type":"image\/jpeg"}],"author":"Edit\u00f6r","twitter_card":"summary_large_image","twitter_misc":{"Yazan:":"Edit\u00f6r","Tahmini okuma s\u00fcresi":"5 dakika"},"schema":{"@context":"https:\/\/schema.org","@graph":[{"@type":"Article","@id":"https:\/\/www.kariyer.net\/kariyer-rehberi\/y-kusagina-gore-gelecegin-sektoru-hangisi\/#article","isPartOf":{"@id":"https:\/\/www.kariyer.net\/kariyer-rehberi\/y-kusagina-gore-gelecegin-sektoru-hangisi\/"},"author":{"name":"Edit\u00f6r","@id":"https:\/\/www.kariyer.net\/kariyer-rehberi\/#\/schema\/person\/94fd6e49c7ff1b1b2565a2cc4fd685dd"},"headline":"Y ku\u015fa\u011f\u0131na g\u00f6re gelece\u011fin sekt\u00f6r\u00fc hangisi?","datePublished":"2015-01-22T12:42:27+00:00","dateModified":"2024-07-03T11:52:41+00:00","mainEntityOfPage":{"@id":"https:\/\/www.kariyer.net\/kariyer-rehberi\/y-kusagina-gore-gelecegin-sektoru-hangisi\/"},"wordCount":940,"commentCount":0,"publisher":{"@id":"https:\/\/www.kariyer.net\/kariyer-rehberi\/#organization"},"image":{"@id":"https:\/\/www.kariyer.net\/kariyer-rehberi\/y-kusagina-gore-gelecegin-sektoru-hangisi\/#primaryimage"},"thumbnailUrl":"https:\/\/www.kariyer.net\/kariyer-rehberi\/wp-content\/uploads\/2015\/01\/Untitled-1.jpg","articleSection":["Haberler ve Duyurular"],"inLanguage":"tr","potentialAction":[{"@type":"CommentAction","name":"Comment","target":["https:\/\/www.kariyer.net\/kariyer-rehberi\/y-kusagina-gore-gelecegin-sektoru-hangisi\/#respond"]}]},{"@type":"WebPage","@id":"https:\/\/www.kariyer.net\/kariyer-rehberi\/y-kusagina-gore-gelecegin-sektoru-hangisi\/","url":"https:\/\/www.kariyer.net\/kariyer-rehberi\/y-kusagina-gore-gelecegin-sektoru-hangisi\/","name":"Y ku\u015fa\u011f\u0131na g\u00f6re gelece\u011fin sekt\u00f6r\u00fc hangisi? | Kariyer Rehberi","isPartOf":{"@id":"https:\/\/www.kariyer.net\/kariyer-rehberi\/#website"},"primaryImageOfPage":{"@id":"https:\/\/www.kariyer.net\/kariyer-rehberi\/y-kusagina-gore-gelecegin-sektoru-hangisi\/#primaryimage"},"image":{"@id":"https:\/\/www.kariyer.net\/kariyer-rehberi\/y-kusagina-gore-gelecegin-sektoru-hangisi\/#primaryimage"},"thumbnailUrl":"https:\/\/www.kariyer.net\/kariyer-rehberi\/wp-content\/uploads\/2015\/01\/Untitled-1.jpg","datePublished":"2015-01-22T12:42:27+00:00","dateModified":"2024-07-03T11:52:41+00:00","description":"Deloitte taraf\u0131ndan yap\u0131lan Y Ku\u015fa\u011f\u0131 Ara\u015ft\u0131rmas\u0131\u2019na g\u00f6re Y ku\u015fa\u011f\u0131 teknoloji, medya ve telekom\u00fcnikasyon sekt\u00f6rlerini esnek, e\u011flenceli ve cazip buluyor.","breadcrumb":{"@id":"https:\/\/www.kariyer.net\/kariyer-rehberi\/y-kusagina-gore-gelecegin-sektoru-hangisi\/#breadcrumb"},"inLanguage":"tr","potentialAction":[{"@type":"ReadAction","target":["https:\/\/www.kariyer.net\/kariyer-rehberi\/y-kusagina-gore-gelecegin-sektoru-hangisi\/"]}]},{"@type":"ImageObject","inLanguage":"tr","@id":"https:\/\/www.kariyer.net\/kariyer-rehberi\/y-kusagina-gore-gelecegin-sektoru-hangisi\/#primaryimage","url":"https:\/\/www.kariyer.net\/kariyer-rehberi\/wp-content\/uploads\/2015\/01\/Untitled-1.jpg","contentUrl":"https:\/\/www.kariyer.net\/kariyer-rehberi\/wp-content\/uploads\/2015\/01\/Untitled-1.jpg","width":600,"height":300},{"@type":"BreadcrumbList","@id":"https:\/\/www.kariyer.net\/kariyer-rehberi\/y-kusagina-gore-gelecegin-sektoru-hangisi\/#breadcrumb","itemListElement":[{"@type":"ListItem","position":1,"name":"Anasayfa","item":"https:\/\/www.kariyer.net\/kariyer-rehberi\/"},{"@type":"ListItem","position":2,"name":"Y ku\u015fa\u011f\u0131na g\u00f6re gelece\u011fin sekt\u00f6r\u00fc hangisi?"}]},{"@type":"WebSite","@id":"https:\/\/www.kariyer.net\/kariyer-rehberi\/#website","url":"https:\/\/www.kariyer.net\/kariyer-rehberi\/","name":"Kariyer Rehberi","description":"\u0130\u015f D\u00fcnyas\u0131yla \u0130lgili Bilmek \u0130stedi\u011finiz Her \u015eey","publisher":{"@id":"https:\/\/www.kariyer.net\/kariyer-rehberi\/#organization"},"potentialAction":[{"@type":"SearchAction","target":{"@type":"EntryPoint","urlTemplate":"https:\/\/www.kariyer.net\/kariyer-rehberi\/?s={search_term_string}"},"query-input":{"@type":"PropertyValueSpecification","valueRequired":true,"valueName":"search_term_string"}}],"inLanguage":"tr"},{"@type":"Organization","@id":"https:\/\/www.kariyer.net\/kariyer-rehberi\/#organization","name":"Kariyer.net","url":"https:\/\/www.kariyer.net\/kariyer-rehberi\/","logo":{"@type":"ImageObject","inLanguage":"tr","@id":"https:\/\/www.kariyer.net\/kariyer-rehberi\/#\/schema\/logo\/image\/","url":"https:\/\/www.kariyer.net\/kariyer-rehberi-new\/wp-content\/uploads\/2023\/01\/og-image11.jpg","contentUrl":"https:\/\/www.kariyer.net\/kariyer-rehberi-new\/wp-content\/uploads\/2023\/01\/og-image11.jpg","width":800,"height":800,"caption":"Kariyer.net"},"image":{"@id":"https:\/\/www.kariyer.net\/kariyer-rehberi\/#\/schema\/logo\/image\/"}},{"@type":"Person","@id":"https:\/\/www.kariyer.net\/kariyer-rehberi\/#\/schema\/person\/94fd6e49c7ff1b1b2565a2cc4fd685dd","name":"Edit\u00f6r","image":{"@type":"ImageObject","inLanguage":"tr","@id":"https:\/\/www.kariyer.net\/kariyer-rehberi\/#\/schema\/person\/image\/","url":"https:\/\/secure.gravatar.com\/avatar\/0c4fe6688343aed3693b15573beae12c08ace5565409d5ab7509bf9c115f458d?s=96&d=mm&r=g","contentUrl":"https:\/\/secure.gravatar.com\/avatar\/0c4fe6688343aed3693b15573beae12c08ace5565409d5ab7509bf9c115f458d?s=96&d=mm&r=g","caption":"Edit\u00f6r"},"url":"https:\/\/www.kariyer.net\/kariyer-rehberi\/author\/editor\/"}]}},"_links":{"self":[{"href":"https:\/\/www.kariyer.net\/kariyer-rehberi\/wp-json\/wp\/v2\/posts\/5095","targetHints":{"allow":["GET"]}}],"collection":[{"href":"https:\/\/www.kariyer.net\/kariyer-rehberi\/wp-json\/wp\/v2\/posts"}],"about":[{"href":"https:\/\/www.kariyer.net\/kariyer-rehberi\/wp-json\/wp\/v2\/types\/post"}],"author":[{"embeddable":true,"href":"https:\/\/www.kariyer.net\/kariyer-rehberi\/wp-json\/wp\/v2\/users\/12"}],"replies":[{"embeddable":true,"href":"https:\/\/www.kariyer.net\/kariyer-rehberi\/wp-json\/wp\/v2\/comments?post=5095"}],"version-history":[{"count":1,"href":"https:\/\/www.kariyer.net\/kariyer-rehberi\/wp-json\/wp\/v2\/posts\/5095\/revisions"}],"predecessor-version":[{"id":18682,"href":"https:\/\/www.kariyer.net\/kariyer-rehberi\/wp-json\/wp\/v2\/posts\/5095\/revisions\/18682"}],"wp:featuredmedia":[{"embeddable":true,"href":"https:\/\/www.kariyer.net\/kariyer-rehberi\/wp-json\/wp\/v2\/media\/5096"}],"wp:attachment":[{"href":"https:\/\/www.kariyer.net\/kariyer-rehberi\/wp-json\/wp\/v2\/media?parent=5095"}],"wp:term":[{"taxonomy":"category","embeddable":true,"href":"https:\/\/www.kariyer.net\/kariyer-rehberi\/wp-json\/wp\/v2\/categories?post=5095"},{"taxonomy":"post_tag","embeddable":true,"href":"https:\/\/www.kariyer.net\/kariyer-rehberi\/wp-json\/wp\/v2\/tags?post=5095"}],"curies":[{"name":"wp","href":"https:\/\/api.w.org\/{rel}","templated":true}]}}