{"id":5235,"date":"2015-03-06T09:18:27","date_gmt":"2015-03-06T07:18:27","guid":{"rendered":"http:\/\/www.kariyer.net\/kariyer-rehberi\/?p=5235"},"modified":"2024-07-03T16:05:23","modified_gmt":"2024-07-03T13:05:23","slug":"is-basvurusu-yaparken-kendimiz-icin-dogru-isi-nasil-secmeliyiz","status":"publish","type":"post","link":"https:\/\/www.kariyer.net\/kariyer-rehberi\/is-basvurusu-yaparken-kendimiz-icin-dogru-isi-nasil-secmeliyiz\/","title":{"rendered":"Video: Ba\u015fvuru yaparken kendimiz i\u00e7in do\u011fru i\u015fi nas\u0131l se\u00e7meliyiz?"},"content":{"rendered":"<p><strong>\u0130\u015f ba\u015fvurusu, performans y\u00f6netimi a\u00e7\u0131s\u0131ndan ilk ve en kritik a\u015fama. Peki, kendimiz i\u00e7in do\u011fru i\u015fi nas\u0131l se\u00e7ebiliriz?\u00a0<\/strong><strong>Yrd. Do\u00e7. Dr. Psikolog Ozanser U\u011furlu yap\u0131lmas\u0131 gerekenleri bu videoda anlat\u0131yor.<\/strong><\/p>\n<p><strong>Yrd. Do\u00e7. Dr. Psikolog Ozanser U\u011furlu\u2019ya<\/strong> g\u00f6re i\u015f arama s\u00fcrecinde en \u00f6nemli nokta bir rota belirlemek. \u0130stediklerinize kulak vermenizi s\u00f6yleyen U\u011furlu, \u201cAncak tek pusulan\u0131z istekleriniz olursa yolunuzu kaybetme ihtimaliniz ortaya \u00e7\u0131kabilir. \u00d6rne\u011fin, kanatlar\u0131n\u0131z yok ama u\u00e7may\u0131 \u00e7ok istiyorsunuz. Bu noktada kendinize kanat bulmak zorundas\u0131n\u0131z\u201d diyor. Amac\u0131n\u0131za ula\u015fmak i\u00e7in donan\u0131mlar\u0131n\u0131z\u0131n yeterli olup olmad\u0131\u011f\u0131n\u0131 analiz etmeniz gerekti\u011fini belirten uzman, b\u00f6ylelikle i\u015f bulma s\u00fcrecinizin kolayla\u015faca\u011f\u0131n\u0131 kaydediyor.<\/p>\n<h2>Bir\u00e7ok ba\u015fvuru yapt\u0131m, d\u00f6n\u00fc\u015f alam\u0131yorum. Bu durumdaki stresle nas\u0131l ba\u015f edebilirim?<\/h2>\n<p>E\u011fer \u00f6n\u00fcn\u00fczde \u00e7ok fazla i\u015f se\u00e7ene\u011fi varsa kafan\u0131z\u0131n kar\u0131\u015faca\u011f\u0131n\u0131 aktaran Ozanser U\u011furlu, \u201cFazla se\u00e7enek olmas\u0131 imkanlar\u0131n artmas\u0131n\u0131 sa\u011flar ancak se\u00e7eneklerin say\u0131s\u0131n\u0131 azaltmak bizi se\u00e7im yaparken psikolojik olarak zorlanmaktan kurtar\u0131r. O nedenle hedefimizi belirlerken se\u00e7enekleri azaltmam\u0131z gerekir\u201d \u015feklinde \u00f6neride bulunuyor.<\/p>\n<h2><b>Odaklanmak her \u015feydir<\/b><\/h2>\n<p>\u201cKendimiz i\u00e7in do\u011fru hedefi belirledikten sonra o hedefe odaklanmal\u0131y\u0131z. Yani akl\u0131m\u0131z\u0131 kar\u0131\u015ft\u0131ran her t\u00fcr uyarandan uzakla\u015fmal\u0131y\u0131z\u201d diyen psikolog \u00f6zellikle \u00e7evremizdeki insanlar\u0131n olumsuz d\u00fc\u015f\u00fcncelerini dinlemememiz gerekti\u011fini s\u00f6yl\u00fcyor. Uzman \u201cBir hedefe odaklan\u0131n ve o hedefle aran\u0131zdaki etkile\u015fimi siz y\u00f6netin, ba\u015fkalar\u0131n\u0131n kurdu\u011fu c\u00fcmleler y\u00f6netmesin\u201d diye uyar\u0131yor.<\/p>\n<h2>\u0130\u015f ba\u015fvurular\u0131 d\u00f6neminde kendimi nas\u0131l telkin etmeli, haz\u0131rl\u0131k a\u015famas\u0131n\u0131 nas\u0131l ge\u00e7irmeliyim?<\/h2>\n<p>\u0130\u015f bulma s\u00fcrecinde motivasyonunuzu ve moralinizi y\u00fcksek tutman\u0131z gerekti\u011fini s\u00f6yleyen Ozanser U\u011furlu, eksikleriniz yerine ba\u015far\u0131lar\u0131n\u0131z ve iyi oldu\u011funuz y\u00f6nlerinize yo\u011funla\u015fman\u0131z\u0131n sizi g\u00fc\u00e7lendirece\u011fini ifade ediyor: \u201cKendinizi geriye d\u00fc\u015f\u00fcrmeyin ve istedi\u011finiz \u015feye ula\u015fmay\u0131 t\u00fcm h\u00fccrelerinizle isteyin. Geldi\u011finiz noktada hak etti\u011finiz \u015feyin elleriniz aras\u0131ndan kay\u0131p gitmemesi ve ba\u015far\u0131lar\u0131n\u0131z\u0131 tamama erdirmek i\u00e7in t\u00fcm g\u00fcc\u00fcn\u00fczle hedefinize odaklan\u0131n. Kendinize inan\u0131n ve istedi\u011finiz \u015feyi alabilecek g\u00fc\u00e7te oldu\u011funuzu hem kendinize hem de m\u00fclakat s\u00fcrecinde sizi de\u011ferlendiren insanlara sonuna kadar g\u00f6sterin.\u201d<\/p>\n<p><iframe src=\"https:\/\/www.youtube.com\/embed\/Lqw_v9wXis4\" height=\"315\" width=\"560\" allowfullscreen=\"\" frameborder=\"0\"><\/iframe><\/p>\n<!-- templates\/buttons-placeholder.php -->\n<div class=\"da-reactions-outer TpostID5235\">\n\t    <div class=\"da-reactions-data da-reactions-container-async center\"\n         data-type=\"post\"\n         data-id=\"5235\"\n         id=\"da-reactions-slot-post-5235\">\n        <div class=\"da-reactions-static\">\n\t\t\t<img src=\"https:\/\/www.kariyer.net\/kariyer-rehberi\/wp-content\/plugins\/da-reactions\/assets\/dist\/loading.svg\" alt=\"Loading spinner\" width=\"48\" height=\"48\" style=\"width:48px\" \/>\n        <\/div>\n    <\/div>\n<\/div>\n","protected":false},"excerpt":{"rendered":"<p>\u0130\u015f ba\u015fvurusu, performans y\u00f6netimi a\u00e7\u0131s\u0131ndan ilk ve en kritik a\u015fama. Peki, kendimiz i\u00e7in do\u011fru i\u015fi nas\u0131l se\u00e7ebiliriz?\u00a0Yrd. Do\u00e7. Dr. Psikolog Ozanser U\u011furlu yap\u0131lmas\u0131 gerekenleri bu videoda anlat\u0131yor. Yrd. Do\u00e7. Dr. Psikolog Ozanser U\u011furlu\u2019ya g\u00f6re i\u015f arama s\u00fcrecinde en \u00f6nemli nokta bir rota belirlemek. \u0130stediklerinize kulak vermenizi s\u00f6yleyen U\u011furlu, \u201cAncak tek pusulan\u0131z istekleriniz olursa yolunuzu kaybetme [&hellip;]<\/p>\n<!-- templates\/buttons-placeholder.php -->\n<div class=\"da-reactions-outer TpostID5235\">\n\t    <div class=\"da-reactions-data da-reactions-container-async center\"\n         data-type=\"post\"\n         data-id=\"5235\"\n         id=\"da-reactions-slot-post-5235\">\n        <div class=\"da-reactions-static\">\n\t\t\t<img src=\"https:\/\/www.kariyer.net\/kariyer-rehberi\/wp-content\/plugins\/da-reactions\/assets\/dist\/loading.svg\" alt=\"Loading spinner\" width=\"48\" height=\"48\" style=\"width:48px\" \/>\n        <\/div>\n    <\/div>\n<\/div>\n","protected":false},"author":13,"featured_media":5280,"comment_status":"open","ping_status":"open","sticky":false,"template":"","format":"standard","meta":{"footnotes":"","_elementor_edit_mode":"","_elementor_template_type":"","_elementor_data":"","_elementor_page_settings":null,"_elementor_conditions":[]},"categories":[52],"tags":[],"class_list":{"0":"post-5235","1":"post","2":"type-post","3":"status-publish","4":"format-standard","5":"has-post-thumbnail","7":"category-video"},"yoast_head":"<!-- This site is optimized with the Yoast SEO Premium plugin v21.4 (Yoast SEO v27.0) - https:\/\/yoast.com\/product\/yoast-seo-premium-wordpress\/ -->\n<title>Video: Ba\u015fvuru yaparken kendimiz i\u00e7in do\u011fru i\u015fi nas\u0131l se\u00e7meliyiz? | Kariyer Rehberi<\/title>\n<meta name=\"description\" content=\"\u0130\u015f ba\u015fvurusu, performans y\u00f6netimi a\u00e7\u0131s\u0131ndan ilk ve en kritik a\u015fama. Peki, kendimiz i\u00e7in do\u011fru i\u015fi nas\u0131l se\u00e7ebiliriz?\u00a0Yrd. Do\u00e7. Dr. Psikolog Ozanser U\u011furlu\" \/>\n<meta name=\"robots\" content=\"index, follow, max-snippet:-1, max-image-preview:large, max-video-preview:-1\" \/>\n<link rel=\"canonical\" href=\"https:\/\/www.kariyer.net\/kariyer-rehberi\/is-basvurusu-yaparken-kendimiz-icin-dogru-isi-nasil-secmeliyiz\/\" \/>\n<meta property=\"og:locale\" content=\"tr_TR\" \/>\n<meta property=\"og:type\" content=\"article\" \/>\n<meta property=\"og:title\" content=\"Video: Ba\u015fvuru yaparken kendimiz i\u00e7in do\u011fru i\u015fi nas\u0131l se\u00e7meliyiz?\" \/>\n<meta property=\"og:description\" content=\"\u0130\u015f ba\u015fvurusu, performans y\u00f6netimi a\u00e7\u0131s\u0131ndan ilk ve en kritik a\u015fama. Peki, kendimiz i\u00e7in do\u011fru i\u015fi nas\u0131l se\u00e7ebiliriz?\u00a0Yrd. Do\u00e7. Dr. Psikolog Ozanser U\u011furlu\" \/>\n<meta property=\"og:url\" content=\"https:\/\/www.kariyer.net\/kariyer-rehberi\/is-basvurusu-yaparken-kendimiz-icin-dogru-isi-nasil-secmeliyiz\/\" \/>\n<meta property=\"og:site_name\" content=\"Kariyer Rehberi\" \/>\n<meta property=\"article:published_time\" content=\"2015-03-06T07:18:27+00:00\" \/>\n<meta property=\"article:modified_time\" content=\"2024-07-03T13:05:23+00:00\" \/>\n<meta property=\"og:image\" content=\"https:\/\/www.kariyer.net\/kariyer-rehberi\/wp-content\/uploads\/2015\/03\/video2.jpg\" \/>\n\t<meta property=\"og:image:width\" content=\"600\" \/>\n\t<meta property=\"og:image:height\" content=\"300\" \/>\n\t<meta property=\"og:image:type\" content=\"image\/jpeg\" \/>\n<meta name=\"author\" content=\"Melike \u00c7etinsara\u00e7\" \/>\n<meta name=\"twitter:card\" content=\"summary_large_image\" \/>\n<meta name=\"twitter:label1\" content=\"Yazan:\" \/>\n\t<meta name=\"twitter:data1\" content=\"Melike \u00c7etinsara\u00e7\" \/>\n\t<meta name=\"twitter:label2\" content=\"Tahmini okuma s\u00fcresi\" \/>\n\t<meta name=\"twitter:data2\" content=\"2 dakika\" \/>\n<!-- \/ Yoast SEO Premium plugin. -->","yoast_head_json":{"title":"Video: Ba\u015fvuru yaparken kendimiz i\u00e7in do\u011fru i\u015fi nas\u0131l se\u00e7meliyiz? | Kariyer Rehberi","description":"\u0130\u015f ba\u015fvurusu, performans y\u00f6netimi a\u00e7\u0131s\u0131ndan ilk ve en kritik a\u015fama. Peki, kendimiz i\u00e7in do\u011fru i\u015fi nas\u0131l se\u00e7ebiliriz?\u00a0Yrd. Do\u00e7. Dr. Psikolog Ozanser U\u011furlu","robots":{"index":"index","follow":"follow","max-snippet":"max-snippet:-1","max-image-preview":"max-image-preview:large","max-video-preview":"max-video-preview:-1"},"canonical":"https:\/\/www.kariyer.net\/kariyer-rehberi\/is-basvurusu-yaparken-kendimiz-icin-dogru-isi-nasil-secmeliyiz\/","og_locale":"tr_TR","og_type":"article","og_title":"Video: Ba\u015fvuru yaparken kendimiz i\u00e7in do\u011fru i\u015fi nas\u0131l se\u00e7meliyiz?","og_description":"\u0130\u015f ba\u015fvurusu, performans y\u00f6netimi a\u00e7\u0131s\u0131ndan ilk ve en kritik a\u015fama. Peki, kendimiz i\u00e7in do\u011fru i\u015fi nas\u0131l se\u00e7ebiliriz?\u00a0Yrd. Do\u00e7. Dr. Psikolog Ozanser U\u011furlu","og_url":"https:\/\/www.kariyer.net\/kariyer-rehberi\/is-basvurusu-yaparken-kendimiz-icin-dogru-isi-nasil-secmeliyiz\/","og_site_name":"Kariyer Rehberi","article_published_time":"2015-03-06T07:18:27+00:00","article_modified_time":"2024-07-03T13:05:23+00:00","og_image":[{"width":600,"height":300,"url":"https:\/\/www.kariyer.net\/kariyer-rehberi\/wp-content\/uploads\/2015\/03\/video2.jpg","type":"image\/jpeg"}],"author":"Melike \u00c7etinsara\u00e7","twitter_card":"summary_large_image","twitter_misc":{"Yazan:":"Melike \u00c7etinsara\u00e7","Tahmini okuma s\u00fcresi":"2 dakika"},"schema":{"@context":"https:\/\/schema.org","@graph":[{"@type":"Article","@id":"https:\/\/www.kariyer.net\/kariyer-rehberi\/is-basvurusu-yaparken-kendimiz-icin-dogru-isi-nasil-secmeliyiz\/#article","isPartOf":{"@id":"https:\/\/www.kariyer.net\/kariyer-rehberi\/is-basvurusu-yaparken-kendimiz-icin-dogru-isi-nasil-secmeliyiz\/"},"author":{"name":"Melike \u00c7etinsara\u00e7","@id":"https:\/\/www.kariyer.net\/kariyer-rehberi\/#\/schema\/person\/973a6f787fb1e62ee8ba81e607bcae5b"},"headline":"Video: Ba\u015fvuru yaparken kendimiz i\u00e7in do\u011fru i\u015fi nas\u0131l se\u00e7meliyiz?","datePublished":"2015-03-06T07:18:27+00:00","dateModified":"2024-07-03T13:05:23+00:00","mainEntityOfPage":{"@id":"https:\/\/www.kariyer.net\/kariyer-rehberi\/is-basvurusu-yaparken-kendimiz-icin-dogru-isi-nasil-secmeliyiz\/"},"wordCount":431,"commentCount":0,"publisher":{"@id":"https:\/\/www.kariyer.net\/kariyer-rehberi\/#organization"},"image":{"@id":"https:\/\/www.kariyer.net\/kariyer-rehberi\/is-basvurusu-yaparken-kendimiz-icin-dogru-isi-nasil-secmeliyiz\/#primaryimage"},"thumbnailUrl":"https:\/\/www.kariyer.net\/kariyer-rehberi\/wp-content\/uploads\/2015\/03\/video2.jpg","articleSection":["Video"],"inLanguage":"tr","potentialAction":[{"@type":"CommentAction","name":"Comment","target":["https:\/\/www.kariyer.net\/kariyer-rehberi\/is-basvurusu-yaparken-kendimiz-icin-dogru-isi-nasil-secmeliyiz\/#respond"]}]},{"@type":"WebPage","@id":"https:\/\/www.kariyer.net\/kariyer-rehberi\/is-basvurusu-yaparken-kendimiz-icin-dogru-isi-nasil-secmeliyiz\/","url":"https:\/\/www.kariyer.net\/kariyer-rehberi\/is-basvurusu-yaparken-kendimiz-icin-dogru-isi-nasil-secmeliyiz\/","name":"Video: Ba\u015fvuru yaparken kendimiz i\u00e7in do\u011fru i\u015fi nas\u0131l se\u00e7meliyiz? | Kariyer Rehberi","isPartOf":{"@id":"https:\/\/www.kariyer.net\/kariyer-rehberi\/#website"},"primaryImageOfPage":{"@id":"https:\/\/www.kariyer.net\/kariyer-rehberi\/is-basvurusu-yaparken-kendimiz-icin-dogru-isi-nasil-secmeliyiz\/#primaryimage"},"image":{"@id":"https:\/\/www.kariyer.net\/kariyer-rehberi\/is-basvurusu-yaparken-kendimiz-icin-dogru-isi-nasil-secmeliyiz\/#primaryimage"},"thumbnailUrl":"https:\/\/www.kariyer.net\/kariyer-rehberi\/wp-content\/uploads\/2015\/03\/video2.jpg","datePublished":"2015-03-06T07:18:27+00:00","dateModified":"2024-07-03T13:05:23+00:00","description":"\u0130\u015f ba\u015fvurusu, performans y\u00f6netimi a\u00e7\u0131s\u0131ndan ilk ve en kritik a\u015fama. Peki, kendimiz i\u00e7in do\u011fru i\u015fi nas\u0131l se\u00e7ebiliriz?\u00a0Yrd. Do\u00e7. Dr. Psikolog Ozanser U\u011furlu","breadcrumb":{"@id":"https:\/\/www.kariyer.net\/kariyer-rehberi\/is-basvurusu-yaparken-kendimiz-icin-dogru-isi-nasil-secmeliyiz\/#breadcrumb"},"inLanguage":"tr","potentialAction":[{"@type":"ReadAction","target":["https:\/\/www.kariyer.net\/kariyer-rehberi\/is-basvurusu-yaparken-kendimiz-icin-dogru-isi-nasil-secmeliyiz\/"]}]},{"@type":"ImageObject","inLanguage":"tr","@id":"https:\/\/www.kariyer.net\/kariyer-rehberi\/is-basvurusu-yaparken-kendimiz-icin-dogru-isi-nasil-secmeliyiz\/#primaryimage","url":"https:\/\/www.kariyer.net\/kariyer-rehberi\/wp-content\/uploads\/2015\/03\/video2.jpg","contentUrl":"https:\/\/www.kariyer.net\/kariyer-rehberi\/wp-content\/uploads\/2015\/03\/video2.jpg","width":600,"height":300},{"@type":"BreadcrumbList","@id":"https:\/\/www.kariyer.net\/kariyer-rehberi\/is-basvurusu-yaparken-kendimiz-icin-dogru-isi-nasil-secmeliyiz\/#breadcrumb","itemListElement":[{"@type":"ListItem","position":1,"name":"Anasayfa","item":"https:\/\/www.kariyer.net\/kariyer-rehberi\/"},{"@type":"ListItem","position":2,"name":"Video: Ba\u015fvuru yaparken kendimiz i\u00e7in do\u011fru i\u015fi nas\u0131l se\u00e7meliyiz?"}]},{"@type":"WebSite","@id":"https:\/\/www.kariyer.net\/kariyer-rehberi\/#website","url":"https:\/\/www.kariyer.net\/kariyer-rehberi\/","name":"Kariyer Rehberi","description":"\u0130\u015f D\u00fcnyas\u0131yla \u0130lgili Bilmek \u0130stedi\u011finiz Her \u015eey","publisher":{"@id":"https:\/\/www.kariyer.net\/kariyer-rehberi\/#organization"},"potentialAction":[{"@type":"SearchAction","target":{"@type":"EntryPoint","urlTemplate":"https:\/\/www.kariyer.net\/kariyer-rehberi\/?s={search_term_string}"},"query-input":{"@type":"PropertyValueSpecification","valueRequired":true,"valueName":"search_term_string"}}],"inLanguage":"tr"},{"@type":"Organization","@id":"https:\/\/www.kariyer.net\/kariyer-rehberi\/#organization","name":"Kariyer.net","url":"https:\/\/www.kariyer.net\/kariyer-rehberi\/","logo":{"@type":"ImageObject","inLanguage":"tr","@id":"https:\/\/www.kariyer.net\/kariyer-rehberi\/#\/schema\/logo\/image\/","url":"https:\/\/www.kariyer.net\/kariyer-rehberi-new\/wp-content\/uploads\/2023\/01\/og-image11.jpg","contentUrl":"https:\/\/www.kariyer.net\/kariyer-rehberi-new\/wp-content\/uploads\/2023\/01\/og-image11.jpg","width":800,"height":800,"caption":"Kariyer.net"},"image":{"@id":"https:\/\/www.kariyer.net\/kariyer-rehberi\/#\/schema\/logo\/image\/"}},{"@type":"Person","@id":"https:\/\/www.kariyer.net\/kariyer-rehberi\/#\/schema\/person\/973a6f787fb1e62ee8ba81e607bcae5b","name":"Melike \u00c7etinsara\u00e7","image":{"@type":"ImageObject","inLanguage":"tr","@id":"https:\/\/www.kariyer.net\/kariyer-rehberi\/#\/schema\/person\/image\/","url":"https:\/\/secure.gravatar.com\/avatar\/6f1465d64a23de306340dc839de23bfa288f0987da4b8db6c1dd6895ad84ab7d?s=96&d=mm&r=g","contentUrl":"https:\/\/secure.gravatar.com\/avatar\/6f1465d64a23de306340dc839de23bfa288f0987da4b8db6c1dd6895ad84ab7d?s=96&d=mm&r=g","caption":"Melike \u00c7etinsara\u00e7"},"description":"Ayd\u0131n Do\u011fan Anadolu \u0130leti\u015fim Meslek Lisesi\u2019nin Gazetecilik B\u00f6l\u00fcm\u00fc'nde yaz\u0131l\u0131 bas\u0131n muhabirli\u011fi, TV muhabirli\u011fi ve foto muhabirli\u011fi alanlar\u0131nda e\u011fitim ald\u0131. Son s\u0131n\u0131fta Milliyet Gazetesi\u2019nin Cumartesi-Pazar eklerinde bir y\u0131l boyunca staj yapt\u0131. Ard\u0131ndan \u0130stanbul \u00dcniversitesi Radyo-Televizyon Yay\u0131nc\u0131l\u0131\u011f\u0131 B\u00f6l\u00fcm\u00fc'nden mezun oldu. Yedi y\u0131ld\u0131r bir\u00e7ok dergi i\u00e7in i\u00e7erikler haz\u0131rlayarak foto\u011fraflar \u00e7ekti.","sameAs":["http:\/\/www.kariyer.net\/kariyer-rehberi\/melike-cetinsarac\/"],"url":"https:\/\/www.kariyer.net\/kariyer-rehberi\/author\/melike-cetinsarac\/"}]}},"_links":{"self":[{"href":"https:\/\/www.kariyer.net\/kariyer-rehberi\/wp-json\/wp\/v2\/posts\/5235","targetHints":{"allow":["GET"]}}],"collection":[{"href":"https:\/\/www.kariyer.net\/kariyer-rehberi\/wp-json\/wp\/v2\/posts"}],"about":[{"href":"https:\/\/www.kariyer.net\/kariyer-rehberi\/wp-json\/wp\/v2\/types\/post"}],"author":[{"embeddable":true,"href":"https:\/\/www.kariyer.net\/kariyer-rehberi\/wp-json\/wp\/v2\/users\/13"}],"replies":[{"embeddable":true,"href":"https:\/\/www.kariyer.net\/kariyer-rehberi\/wp-json\/wp\/v2\/comments?post=5235"}],"version-history":[{"count":1,"href":"https:\/\/www.kariyer.net\/kariyer-rehberi\/wp-json\/wp\/v2\/posts\/5235\/revisions"}],"predecessor-version":[{"id":20462,"href":"https:\/\/www.kariyer.net\/kariyer-rehberi\/wp-json\/wp\/v2\/posts\/5235\/revisions\/20462"}],"wp:featuredmedia":[{"embeddable":true,"href":"https:\/\/www.kariyer.net\/kariyer-rehberi\/wp-json\/wp\/v2\/media\/5280"}],"wp:attachment":[{"href":"https:\/\/www.kariyer.net\/kariyer-rehberi\/wp-json\/wp\/v2\/media?parent=5235"}],"wp:term":[{"taxonomy":"category","embeddable":true,"href":"https:\/\/www.kariyer.net\/kariyer-rehberi\/wp-json\/wp\/v2\/categories?post=5235"},{"taxonomy":"post_tag","embeddable":true,"href":"https:\/\/www.kariyer.net\/kariyer-rehberi\/wp-json\/wp\/v2\/tags?post=5235"}],"curies":[{"name":"wp","href":"https:\/\/api.w.org\/{rel}","templated":true}]}}