{"id":5293,"date":"2015-03-11T09:54:53","date_gmt":"2015-03-11T07:54:53","guid":{"rendered":"http:\/\/www.kariyer.net\/kariyer-rehberi\/?p=5293"},"modified":"2024-07-03T15:04:45","modified_gmt":"2024-07-03T12:04:45","slug":"bizi-genc-tutan-hayata-iliskin-projelerimizdir","status":"publish","type":"post","link":"https:\/\/www.kariyer.net\/kariyer-rehberi\/bizi-genc-tutan-hayata-iliskin-projelerimizdir\/","title":{"rendered":"Bizi gen\u00e7 tutan hayata ili\u015fkin projelerimizdir"},"content":{"rendered":"<p><b>Dr. Y\u00fcksek M\u00fchendis, Proje Y\u00f6netim Profesyoneli, tur lideri, foto\u011fraf\u00e7\u0131 ve ayn\u0131 zamanda emekli asker Faruk Budak, 2002 Y\u0131l\u0131nda Asya ve Afrika\u2019da 22 \u00fclkeyi kapsayan 18 bin km\u2019lik bir yolculu\u011fa \u00e7\u0131kt\u0131. Bu yolculu\u011funu \u201cUzun s\u00fcren bir meditasyon\u201d olarak \u00f6zetleyen Budak, farkl\u0131 etnik gruplarla kurdu\u011fu dostluklar, objektifine yans\u0131yan vah\u015fi ya\u015fam ve de\u011fi\u015fen d\u00fcnya alg\u0131s\u0131yla profesyonel olarak gezmeye devam ediyor.<\/b><\/p>\n<p><a href=\"http:\/\/www.kariyer.net\/kariyer-rehberi\/wp-content\/uploads\/2015\/03\/faruk-budaak1.jpg\"><img decoding=\"async\" class=\"size-medium wp-image-5294 alignleft\" style=\"margin: 5px;\" alt=\"faruk budak\" src=\"http:\/\/www.kariyer.net\/kariyer-rehberi\/wp-content\/uploads\/2015\/03\/faruk-budaak1-300x150.jpg\" width=\"300\" height=\"150\" srcset=\"https:\/\/www.kariyer.net\/kariyer-rehberi\/wp-content\/uploads\/2015\/03\/faruk-budaak1-300x150.jpg 300w, https:\/\/www.kariyer.net\/kariyer-rehberi\/wp-content\/uploads\/2015\/03\/faruk-budaak1.jpg 600w\" sizes=\"(max-width: 300px) 100vw, 300px\" \/><\/a><\/p>\n<p>T\u00fcrk insan\u0131 kadercidir. En bilinen atas\u00f6zlerimizden biri \u201cB\u00f6yle gelmi\u015f, b\u00f6yle gider\u201d olunca farkl\u0131 d\u00fc\u015f\u00fcnmek de zor haliyle. Friedrich Nietzsche bizi \u00f6yle bir \u00e7\u00f6z\u00fcmlemi\u015f ki \u201cT\u00fcrk Yazg\u0131c\u0131l\u0131\u011f\u0131\u201d olarak literat\u00fcre ge\u00e7en bir felsefi anlay\u0131\u015f bile yaratm\u0131\u015f. Ancak tabii ki hepimiz bu anlay\u0131\u015fla hayat\u0131m\u0131z\u0131 s\u00fcrd\u00fcrm\u00fcyoruz, aram\u0131zda zincirlerini k\u0131ran ve birdenbire hayat\u0131n\u0131 t\u00fcmden de\u011fi\u015ftirme cesaretini g\u00f6sterenler var\u2026 25 y\u0131l boyunca askerlik yapan Faruk Budak, Albay r\u00fctbesine ula\u015ft\u0131\u011f\u0131nda mesle\u011fini b\u0131rak\u0131p 14 ay 22 g\u00fcn s\u00fcren bir Asya\u2013Afrika gezisine \u00e7\u0131kt\u0131. S\u0131rt \u00e7antas\u0131yla Hindistan, Nepal, Burma, Laos, Kambo\u00e7ya, Tayland, Malezya, Singapur, Endonezya, G\u00fcney Afrika, Lesotho, Swaziland, Mozambik, Zimbabwe, Malawi, Tanzanya, Kenya, Etiyopya, Sudan, M\u0131s\u0131r, \u00dcrd\u00fcn ve Suriye\u2019yi gezen Budak, Afrika k\u0131tas\u0131n\u0131 en g\u00fcneyindeki Cape Town\u2019dan en kuzeyindeki Kahire\u2019ye, devam\u0131nda da \u0130stanbul\u2019a kadar kesintisiz ve tek ba\u015f\u0131na ge\u00e7en ilk T\u00fcrk gezgin oldu. 2002 y\u0131l\u0131nda \u00e7\u0131kt\u0131\u011f\u0131 bu geziyi iki y\u0131l \u00f6ncesinden tasarlayan Budak, \u201cMutlaka g\u00f6r\u00fclmesi gereken yerleri tek tek planlad\u0131m. Seyahatimin zamansal sapmas\u0131 y\u00fczde \u00fc\u00e7, b\u00fct\u00e7esel sapmas\u0131 ise y\u00fczde iki oldu\u201d diyerek kulland\u0131\u011f\u0131 proje y\u00f6netiminden bahsediyor. Ba\u015far\u0131s\u0131n\u0131n arkas\u0131nda ku\u015fkusuz lisans ve y\u00fcksek lisans\u0131n\u0131 yapt\u0131\u011f\u0131 <strong>Bo\u011fazi\u00e7i \u00dcniversitesi M\u00fchendislik Fak\u00fcltesi \u0130n\u015faat B\u00f6l\u00fcm\u00fc<\/strong> ve ayn\u0131 \u00fcniversitede tamamlad\u0131\u011f\u0131 End\u00fcstri M\u00fchendisli\u011fi doktoras\u0131n\u0131n etkilerini g\u00f6rmek m\u00fcmk\u00fcn. Seyahatinden sonra Cumhuriyet Gazetesi\u2019nin gezi ekinde makaleleri yay\u0131nlanan Budak, bir gezi \u015firketinden teklif alarak tur liderli\u011fi kariyerine ba\u015flad\u0131. 10 y\u0131l boyunca Afrika ve Asya\u2019ya tur organize eden gezgin, bir yandan da T\u00fcrk Hava Yollar\u0131, <a title=\"Ar\u00e7elik \u0130\u015f \u0130lanlar\u0131\" href=\"http:\/\/www.kariyer.net\/arcelik-a-s-is-ilanlari-c1001-p11\" target=\"_blank\" rel=\"noopener\">Ar\u00e7elik<\/a>, <a title=\"Yap\u0131 Kredi \u0130\u015f \u0130lanlar\u0131\" href=\"http:\/\/www.kariyer.net\/yapi-kredi-is-ilanlari-c2108-p12166\" target=\"_blank\" rel=\"noopener\">Yap\u0131 Kredi<\/a>, T\u00fcbitak\u2019\u0131n da aras\u0131nda oldu\u011fu k\u00f6kl\u00fc kurumlara proje y\u00f6netimi ve dan\u0131\u015fmanl\u0131k hizmeti verdi. D\u00fcnyan\u0131n farkl\u0131 k\u00fclt\u00fcrlerine butik turlar d\u00fczenledi\u011fi <a title=\"29 Travel K\u00fclt\u00fcrel Seyahatler\" href=\"http:\/\/www.299.travel\/\" target=\"_blank\" rel=\"noopener\">29 Travel<\/a> isimli kendi \u015firketini kuran Budak ile Antartika ve Patagonya\u2019ya yapt\u0131\u011f\u0131 geziden sonra g\u00f6r\u00fc\u015ft\u00fck. 60 km uzunlu\u011fundaki bir buzulun \u00fczerinde y\u00fcr\u00fcd\u00fckten sonra aya\u011f\u0131n\u0131n \u201cbuzuyla\u201d r\u00f6portaj yapt\u0131\u011f\u0131m\u0131z Budak, ger\u00e7ek bir d\u00fcnya vatanda\u015f\u0131 olmak i\u00e7in d\u00fcnyay\u0131 gezmek gerekti\u011fini \u0131srarla vurguluyor.<\/p>\n<h2><b>Uzun Afrika-Asya seyahatinizin size kazand\u0131rd\u0131klar\u0131 neler oldu?<\/b><\/h2>\n<p>Modern zamanlarda hepimiz \u00e7ok materyalistiz. Asl\u0131nda bunun \u00e7ok bo\u015f oldu\u011funu fark ettim. O kadar fazla a\u00e7 insan g\u00f6rd\u00fcm ki&#8230; Biz d\u00fczenli olarak en az \u00fc\u00e7 \u00f6\u011f\u00fcn yemek yiyoruz ama Afrikal\u0131lar yiyecek bir \u015fey bulduklar\u0131 zaman yiyorlar. Bak\u0131\u015f a\u00e7\u0131s\u0131 anlam\u0131nda en \u00e7arp\u0131c\u0131 de\u011fi\u015fiklik orada oldu, d\u00fcnyay\u0131 daha iyi alg\u0131lad\u0131m. T\u00fcm arzular\u0131mdan, isteklerimden soyutlanm\u0131\u015ft\u0131m. 15 ay boyunca bir s\u0131rt \u00e7antas\u0131n\u0131n i\u00e7inde \u00fc\u00e7 be\u015f ti\u015f\u00f6rtle ya\u015fam\u0131m\u0131 s\u00fcrd\u00fcrd\u00fcm. Hi\u00e7 eksiklik de hissetmedim. \u0130stanbul\u2019a yerle\u015firken k\u00f6t\u00fc \u015fartlarda ya\u015famak zorunda kalsam bile 9-6 aras\u0131nda \u00e7al\u0131\u015fmamay\u0131 g\u00f6ze alm\u0131\u015ft\u0131m.<\/p>\n<h2><b><a href=\"http:\/\/www.kariyer.net\/kariyer-rehberi\/wp-content\/uploads\/2015\/03\/faruk-budaak3.jpg\"><img fetchpriority=\"high\" decoding=\"async\" class=\"size-medium wp-image-5297 alignright\" style=\"margin: 5px;\" alt=\"faruk-budaak3\" src=\"http:\/\/www.kariyer.net\/kariyer-rehberi\/wp-content\/uploads\/2015\/03\/faruk-budaak3-300x180.jpg\" width=\"300\" height=\"180\" srcset=\"https:\/\/www.kariyer.net\/kariyer-rehberi\/wp-content\/uploads\/2015\/03\/faruk-budaak3-300x180.jpg 300w, https:\/\/www.kariyer.net\/kariyer-rehberi\/wp-content\/uploads\/2015\/03\/faruk-budaak3.jpg 500w\" sizes=\"(max-width: 300px) 100vw, 300px\" \/><\/a><\/b><\/h2>\n<h2><b>\u0130stanbul\u2019un kaosuna nas\u0131l uyum sa\u011flad\u0131n\u0131z?<\/b><\/h2>\n<p>Tamamen izole bir \u015fekilde ya\u015famaya \u00e7al\u0131\u015f\u0131yorum a\u00e7\u0131k\u00e7as\u0131. Ofis ve evimin aras\u0131 iki km. Mesela Taksim\u2019e hi\u00e7 gitmem. Peki, neden bu rotay\u0131 tercih ettiniz? Ald\u0131\u011f\u0131m e\u011fitimler dolay\u0131s\u0131yla ABD\u2019de uzun s\u00fcre kalm\u0131\u015f ve s\u00fcrekli dola\u015fm\u0131\u015ft\u0131m. Gidip g\u00f6rd\u00fc\u011f\u00fcmde de diziler ve filmlerde s\u00fcrekli kar\u015f\u0131ma \u00e7\u0131kandan hi\u00e7 farkl\u0131 olmad\u0131\u011f\u0131n\u0131 anlad\u0131m. Avrupa\u2019ya da istedi\u011fim her zaman \u00e7ok kolay gidebilirdim. As\u0131l merak etti\u011fim Asya ve Afrika\u2019yd\u0131.<\/p>\n<h2><b>Yaln\u0131z gezmek size neler d\u00fc\u015f\u00fcnd\u00fcrd\u00fc?<\/b><\/h2>\n<p>Kendimi dinledim, hayat\u0131 sorgulad\u0131m. Asl\u0131nda uzun s\u00fcren bir meditasyon gibiydi. S\u00fcrekli foto\u011fraf \u00e7ektim ve insanlarla diyalog kurmaya \u00f6zen g\u00f6sterdim.<\/p>\n<h2><b>Foto\u011fraf \u00e7ekmeye nas\u0131l ba\u015flad\u0131n\u0131z?<\/b><\/h2>\n<p>Lise d\u00f6nemimden beri foto\u011fraf \u00e7ekiyorum. B\u00fcy\u00fck ustalar\u0131n \u00e7ekti\u011fi foto\u011fraflar\u0131 inceleyerek nas\u0131l foto\u011fraf \u00e7ekmem gerekti\u011fini \u00f6\u011frenmi\u015ftim. Foto\u011fraf \u00e7ekerken alt\u0131n oran\u0131 tutturup bir de i\u00e7ine insan\u0131 yerle\u015ftirdi\u011finizde o foto\u011fraf iyi olur. Foto\u011frafta duygu yo\u011funlu\u011funa ve do\u011fall\u0131\u011fa \u00f6nem veririm. Foto\u011fraflar\u0131m\u0131 gitti\u011fim yerleri g\u00f6rme imkan\u0131 olmayan insanlarla payla\u015fabildi\u011fim i\u00e7in mutluluk duyuyorum. Orduda y\u0131ll\u0131k izin hakk\u0131m\u0131 genelde yurt d\u0131\u015f\u0131na \u00e7\u0131karak kullan\u0131rd\u0131m. \u00c7ekti\u011fim foto\u011fraflarla da meslekta\u015flar\u0131ma slayt g\u00f6sterileri yapar ve g\u00f6rd\u00fc\u011f\u00fcm yerleri anlat\u0131rd\u0131m.<\/p>\n<h2><b><a href=\"http:\/\/www.kariyer.net\/kariyer-rehberi\/wp-content\/uploads\/2015\/03\/faruk-budak1.jpg\"><img decoding=\"async\" class=\"size-medium wp-image-5300 alignright\" style=\"margin: 5px;\" alt=\"faruk-budak1\" src=\"http:\/\/www.kariyer.net\/kariyer-rehberi\/wp-content\/uploads\/2015\/03\/faruk-budak1-300x180.jpg\" width=\"300\" height=\"180\" srcset=\"https:\/\/www.kariyer.net\/kariyer-rehberi\/wp-content\/uploads\/2015\/03\/faruk-budak1-300x180.jpg 300w, https:\/\/www.kariyer.net\/kariyer-rehberi\/wp-content\/uploads\/2015\/03\/faruk-budak1.jpg 500w\" sizes=\"(max-width: 300px) 100vw, 300px\" \/><\/a><\/b><\/h2>\n<h2><b>H\u00e2l\u00e2 asker olarak hayat\u0131n\u0131za devam etseydiniz \u015fimdiki ki\u015fi olur muydunuz?<\/b><\/h2>\n<p>Bir\u00e7ok insan benim detayc\u0131l\u0131\u011f\u0131m\u0131 askerlikle ba\u011fda\u015ft\u0131r\u0131r ama askerlikteki sert disiplin zaten benim ki\u015fili\u011fimde var olan bir \u015feydi asl\u0131nda. 55 ya\u015f\u0131nday\u0131m. Mesle\u011fe devam etseydim ya\u015f haddinden \u00fc\u00e7 sene \u00f6nce emekli olacakt\u0131m ve \u0130zmir \u00c7andarl\u0131\u2019da emekli maa\u015f\u0131mla ge\u00e7inerek b\u00fct\u00fcn g\u00fcn bal\u0131k avlayacakt\u0131m. Bizi gen\u00e7 tutan hayata ili\u015fkin projelerimizdir. Ve ben planlar\u0131m\u0131 ger\u00e7ekle\u015ftiren biri olarak hayat\u0131mda ba\u015far\u0131y\u0131 yakalad\u0131\u011f\u0131m\u0131 d\u00fc\u015f\u00fcn\u00fcyorum.<\/p>\n<h2><b>Afrika deyince akl\u0131n\u0131za neler geliyor?<\/b><\/h2>\n<p>Tabii ki vah\u015fi ya\u015fam. Ancak art\u0131k bir tak\u0131m milli parklar\u0131n i\u00e7erisinde k\u0131s\u0131tl\u0131. \u0130nsan n\u00fcfusu art\u0131yor ve hayvanlar\u0131n ya\u015fam alanlar\u0131 daral\u0131yor. Oradaki ya\u015fam\u0131 izlemek inan\u0131lmaz keyif veriyor bana.<\/p>\n<h2><b>Sizi en \u00e7ok etkileyen etnik grup neredeydi?<\/b><\/h2>\n<p>Etiyopya\u2019da Hamer Kabilesi ve Namibya\u2019da da onlara \u00e7ok benzeyen Himbalarla dostluk kurdum, \u00e7ok cana yak\u0131n insanlar\u0131 var. Vah\u015filikleri, agresiflikleri ve kendilerine yapt\u0131klar\u0131 eziyetle Etiyopya\u2019daki Mursi Kabilesi entresand\u0131r. Mursilerin g\u00fczellik anlay\u0131\u015f\u0131na g\u00f6re kad\u0131nlar\u0131n alt duda\u011f\u0131 kesilir. Alt dudaklar\u0131na koyduklar\u0131 kil tablet ne kadar b\u00fcy\u00fckse o kadar g\u00fczel olduklar\u0131na inan\u0131yorlar ve ba\u015fl\u0131k paras\u0131 da o kadar fazla oluyor. Yan kabileyle bile d\u00fc\u015fmanlard\u0131r, turistlere de k\u00f6t\u00fc davran\u0131rlar. \u0130lkel hayatlar\u0131na devam ediyorlar fakat h\u00fck\u00fcmetler onlar\u0131 yerle\u015fik d\u00fczene ge\u00e7irmeye \u00e7al\u0131\u015f\u0131yor. San\u0131r\u0131m bu y\u00fczden de gittik\u00e7e daha sinirli oluyorlar.<\/p>\n<p><a href=\"http:\/\/www.kariyer.net\/kariyer-rehberi\/wp-content\/uploads\/2015\/03\/faruk-budaak4.jpg\"><img loading=\"lazy\" decoding=\"async\" class=\"alignright size-medium wp-image-5298\" style=\"margin: 5px;\" alt=\"faruk-budaak4\" src=\"http:\/\/www.kariyer.net\/kariyer-rehberi\/wp-content\/uploads\/2015\/03\/faruk-budaak4-300x180.jpg\" width=\"300\" height=\"180\" srcset=\"https:\/\/www.kariyer.net\/kariyer-rehberi\/wp-content\/uploads\/2015\/03\/faruk-budaak4-300x180.jpg 300w, https:\/\/www.kariyer.net\/kariyer-rehberi\/wp-content\/uploads\/2015\/03\/faruk-budaak4.jpg 500w\" sizes=\"(max-width: 300px) 100vw, 300px\" \/><\/a><\/p>\n<h2><b>Ka\u00e7 dil biliyorsunuz?<\/b><\/h2>\n<p>Ben sadece \u0130ngilizce biliyorum. Biraz da Kenya, Uganda ve Tanzanya civarlar\u0131nda konu\u015fulan Swahili dilinde yakla\u015f\u0131k 250 kelime biliyorum. Afrika\u2019da ya\u015fayan bir ki\u015fi genelde \u00fc\u00e7 dil konu\u015fur: s\u00f6m\u00fcrgesi oldu\u011fu bir Avrupa dili, kendi dili, bir de kendi kabilesinin dili. Bu y\u00fczden \u0130ngilizce yetiyor.<\/p>\n<h2><b>G\u00f6r\u00fclmesi gereken \u00fc\u00e7 yer\u2026<\/b><\/h2>\n<p>Budistlerin hac\u0131 olmak i\u00e7in gittikleri Golden Rock\u2019ta o sprit\u00fcal an\u0131 ya\u015famak, Myanmar \u0130nle G\u00f6l\u00fc\u2019n\u00fcn kristal berrakl\u0131\u011f\u0131ndaki dingin sular\u0131n\u0131 ve Botswana Okavango Deltas\u0131\u2019nda vah\u015fi hayat\u0131 g\u00f6rmek laz\u0131m.<\/p>\n<h2><b>\u00c7al\u0131\u015fanlara \u00f6nerileriniz neler olur?<\/b><\/h2>\n<p>Yeni enerji iyidir. \u0130nsanlar ki\u015fisel ve kariyer geli\u015fimleri i\u00e7in iki-\u00fc\u00e7 y\u0131l \u00e7al\u0131\u015ft\u0131ktan sonra mutlaka en az \u00fc\u00e7 ayl\u0131k bir ara vermeli bence. G\u00fcnl\u00fck 20 dolar gibi d\u00fc\u015f\u00fck b\u00fct\u00e7elerle gezme \u015fanslar\u0131 var. Bu s\u00fcre\u00e7 vizyonlar\u0131n\u0131 ve hayata bak\u0131\u015f a\u00e7\u0131lar\u0131n\u0131 tamamen de\u011fi\u015ftirecektir. \u0130\u015f hayat\u0131na bir s\u00fcreli\u011fine ara vermek isteyen bir \u00e7al\u0131\u015fana \u0130K yetkilileri de anlay\u0131\u015fla yakla\u015fmal\u0131, bu t\u00fcr fikirlere a\u00e7\u0131k olmal\u0131lar. \u00c7\u00fcnk\u00fc i\u015fi hakk\u0131nda geni\u015f bilgiye sahip ancak kendini ki\u015fisel olarak geli\u015ftirmede yetersiz kalan biri, yar\u0131m bir \u00e7al\u0131\u015fan gibidir. Birey, i\u015fi hakk\u0131nda gerekli t\u00fcm bilgiye ve profesyonelli\u011fe sahip olabilir fakat bireysel geli\u015fiminde de kendini pozitif geli\u015fim i\u00e7in e\u011fitmiyorsa ba\u015far\u0131l\u0131 olma \u015fans\u0131 zaman i\u00e7inde azal\u0131r. G\u00fcn\u00fcm\u00fcz i\u015f d\u00fcnyas\u0131 geni\u015f vizyonlu \u00e7al\u0131\u015fanlara ihtiya\u00e7 duyuyor. Bu vizyonu sa\u011flayacak olan ise tek ba\u015f\u0131na ofis de\u011fil. Mutlaka farkl\u0131l\u0131klar\u0131 deneyimlemek laz\u0131m. O zaman ger\u00e7ek anlamda kendinizi bir d\u00fcnya vatanda\u015f\u0131 olarak g\u00f6rmeye ba\u015flayabilir ve ya\u015fad\u0131\u011f\u0131n\u0131z ko\u015fullar\u0131n de\u011ferini anlayabilirsiniz. Uluslararas\u0131 baz\u0131 \u015firketlerin bu t\u00fcr uygulamalar\u0131 var.<\/p>\n<h2><b><a href=\"http:\/\/www.kariyer.net\/kariyer-rehberi\/wp-content\/uploads\/2015\/03\/faruk-budaak5.jpg\"><img loading=\"lazy\" decoding=\"async\" class=\"size-medium wp-image-5299 alignright\" style=\"margin: 5px;\" alt=\"faruk-budaak5\" src=\"http:\/\/www.kariyer.net\/kariyer-rehberi\/wp-content\/uploads\/2015\/03\/faruk-budaak5-300x180.jpg\" width=\"300\" height=\"180\" srcset=\"https:\/\/www.kariyer.net\/kariyer-rehberi\/wp-content\/uploads\/2015\/03\/faruk-budaak5-300x180.jpg 300w, https:\/\/www.kariyer.net\/kariyer-rehberi\/wp-content\/uploads\/2015\/03\/faruk-budaak5.jpg 500w\" sizes=\"(max-width: 300px) 100vw, 300px\" \/><\/a>Yani ger\u00e7ek ba\u015far\u0131ya ula\u015fmak i\u00e7in d\u00fcnyay\u0131 g\u00f6rmek \u015fart m\u0131?<\/b><\/h2>\n<p>\u0130\u015f hayat\u0131ndaki bir\u00e7ok t\u0131kan\u0131kl\u0131\u011f\u0131n sebebi, bize ait d\u00fc\u015f\u00fcncelerden kaynaklan\u0131r. Sabit bir fikre sahip oldu\u011fumuzda bu fikir, o i\u015fe olan inanc\u0131m\u0131z\u0131 peki\u015ftirir ve b\u00f6ylece de di\u011fer alternatifleri g\u00f6rmezden gelmi\u015f oluruz. Alternatifler, her zaman vard\u0131r. \u0130\u015f ya\u015fam\u0131nda ba\u015far\u0131 i\u00e7in i\u015fin severek yap\u0131lmas\u0131 \u00e7ok \u00f6nemlidir. B\u00f6ylelikle \u00e7al\u0131\u015fan i\u015fine y\u00fcre\u011fini katabilir. Y\u00fcrek kat\u0131larak yap\u0131lan i\u015f, her zaman ba\u015far\u0131 odakl\u0131d\u0131r. Sevgisiz i\u015f yoktur, bir i\u015fi sevilmez k\u0131lan i\u015fin kendisi de\u011fil, sizin ona yap\u0131\u015ft\u0131rd\u0131\u011f\u0131n\u0131z etikettir. Belki de i\u015finizi sevmiyorsunuz. Oysaki \u00f6n\u00fcn\u00fczdeki men\u00fcde onu sevme se\u00e7ene\u011fi de var. Se\u00e7imleri de\u011fi\u015ftirmek, ya\u015fam\u0131 de\u011fi\u015ftirmektir. Onu sevmeyi se\u00e7ti\u011finiz an, onun sevilecek y\u00f6nlerini de ke\u015ffetmeye ba\u015flars\u0131n\u0131z. B\u00f6ylelikle eskiden sevmedi\u011finiz o i\u015finiz, art\u0131k y\u00fcre\u011finizi katm\u0131\u015f oldu\u011funuz i\u015f haline gelir.<\/p>\n<!-- templates\/buttons-placeholder.php -->\n<div class=\"da-reactions-outer TpostID5293\">\n\t    <div class=\"da-reactions-data da-reactions-container-async center\"\n         data-type=\"post\"\n         data-id=\"5293\"\n         id=\"da-reactions-slot-post-5293\">\n        <div class=\"da-reactions-static\">\n\t\t\t<img src=\"https:\/\/www.kariyer.net\/kariyer-rehberi\/wp-content\/plugins\/da-reactions\/assets\/dist\/loading.svg\" alt=\"Loading spinner\" width=\"48\" height=\"48\" style=\"width:48px\" \/>\n        <\/div>\n    <\/div>\n<\/div>\n","protected":false},"excerpt":{"rendered":"<p>Dr. Y\u00fcksek M\u00fchendis, Proje Y\u00f6netim Profesyoneli, tur lideri, foto\u011fraf\u00e7\u0131 ve ayn\u0131 zamanda emekli asker Faruk Budak, 2002 Y\u0131l\u0131nda Asya ve Afrika\u2019da 22 \u00fclkeyi kapsayan 18 bin km\u2019lik bir yolculu\u011fa \u00e7\u0131kt\u0131. Bu yolculu\u011funu \u201cUzun s\u00fcren bir meditasyon\u201d olarak \u00f6zetleyen Budak, farkl\u0131 etnik gruplarla kurdu\u011fu dostluklar, objektifine yans\u0131yan vah\u015fi ya\u015fam ve de\u011fi\u015fen d\u00fcnya alg\u0131s\u0131yla profesyonel olarak gezmeye [&hellip;]<\/p>\n<!-- templates\/buttons-placeholder.php -->\n<div class=\"da-reactions-outer TpostID5293\">\n\t    <div class=\"da-reactions-data da-reactions-container-async center\"\n         data-type=\"post\"\n         data-id=\"5293\"\n         id=\"da-reactions-slot-post-5293\">\n        <div class=\"da-reactions-static\">\n\t\t\t<img src=\"https:\/\/www.kariyer.net\/kariyer-rehberi\/wp-content\/plugins\/da-reactions\/assets\/dist\/loading.svg\" alt=\"Loading spinner\" width=\"48\" height=\"48\" style=\"width:48px\" \/>\n        <\/div>\n    <\/div>\n<\/div>\n","protected":false},"author":13,"featured_media":5294,"comment_status":"open","ping_status":"open","sticky":false,"template":"","format":"standard","meta":{"footnotes":"","_elementor_edit_mode":"","_elementor_template_type":"","_elementor_data":"","_elementor_page_settings":null,"_elementor_conditions":[]},"categories":[2211],"tags":[],"class_list":{"0":"post-5293","1":"post","2":"type-post","3":"status-publish","4":"format-standard","5":"has-post-thumbnail","7":"category-kariyer-gelisimi"},"yoast_head":"<!-- This site is optimized with the Yoast SEO Premium plugin v21.4 (Yoast SEO v27.0) - https:\/\/yoast.com\/product\/yoast-seo-premium-wordpress\/ -->\n<title>Bizi gen\u00e7 tutan hayata ili\u015fkin projelerimizdir | Kariyer Rehberi<\/title>\n<meta name=\"description\" content=\"Dr. Y\u00fcksek M\u00fchendis, Proje Y\u00f6netim Profesyoneli, tur lideri, foto\u011fraf\u00e7\u0131 ve ayn\u0131 zamanda emekli asker Faruk Budak, 2002 Y\u0131l\u0131nda Asya ve Afrika\u2019da 22 \u00fclkeyi\" \/>\n<meta name=\"robots\" content=\"index, follow, max-snippet:-1, max-image-preview:large, max-video-preview:-1\" \/>\n<link rel=\"canonical\" href=\"https:\/\/www.kariyer.net\/kariyer-rehberi\/bizi-genc-tutan-hayata-iliskin-projelerimizdir\/\" \/>\n<meta property=\"og:locale\" content=\"tr_TR\" \/>\n<meta property=\"og:type\" content=\"article\" \/>\n<meta property=\"og:title\" content=\"Bizi gen\u00e7 tutan hayata ili\u015fkin projelerimizdir\" \/>\n<meta property=\"og:description\" content=\"Dr. Y\u00fcksek M\u00fchendis, Proje Y\u00f6netim Profesyoneli, tur lideri, foto\u011fraf\u00e7\u0131 ve ayn\u0131 zamanda emekli asker Faruk Budak, 2002 Y\u0131l\u0131nda Asya ve Afrika\u2019da 22 \u00fclkeyi\" \/>\n<meta property=\"og:url\" content=\"https:\/\/www.kariyer.net\/kariyer-rehberi\/bizi-genc-tutan-hayata-iliskin-projelerimizdir\/\" \/>\n<meta property=\"og:site_name\" content=\"Kariyer Rehberi\" \/>\n<meta property=\"article:published_time\" content=\"2015-03-11T07:54:53+00:00\" \/>\n<meta property=\"article:modified_time\" content=\"2024-07-03T12:04:45+00:00\" \/>\n<meta property=\"og:image\" content=\"https:\/\/www.kariyer.net\/kariyer-rehberi\/wp-content\/uploads\/2015\/03\/faruk-budaak1.jpg\" \/>\n\t<meta property=\"og:image:width\" content=\"600\" \/>\n\t<meta property=\"og:image:height\" content=\"300\" \/>\n\t<meta property=\"og:image:type\" content=\"image\/jpeg\" \/>\n<meta name=\"author\" content=\"Melike \u00c7etinsara\u00e7\" \/>\n<meta name=\"twitter:card\" content=\"summary_large_image\" \/>\n<meta name=\"twitter:label1\" content=\"Yazan:\" \/>\n\t<meta name=\"twitter:data1\" content=\"Melike \u00c7etinsara\u00e7\" \/>\n\t<meta name=\"twitter:label2\" content=\"Tahmini okuma s\u00fcresi\" \/>\n\t<meta name=\"twitter:data2\" content=\"8 dakika\" \/>\n<!-- \/ Yoast SEO Premium plugin. -->","yoast_head_json":{"title":"Bizi gen\u00e7 tutan hayata ili\u015fkin projelerimizdir | Kariyer Rehberi","description":"Dr. Y\u00fcksek M\u00fchendis, Proje Y\u00f6netim Profesyoneli, tur lideri, foto\u011fraf\u00e7\u0131 ve ayn\u0131 zamanda emekli asker Faruk Budak, 2002 Y\u0131l\u0131nda Asya ve Afrika\u2019da 22 \u00fclkeyi","robots":{"index":"index","follow":"follow","max-snippet":"max-snippet:-1","max-image-preview":"max-image-preview:large","max-video-preview":"max-video-preview:-1"},"canonical":"https:\/\/www.kariyer.net\/kariyer-rehberi\/bizi-genc-tutan-hayata-iliskin-projelerimizdir\/","og_locale":"tr_TR","og_type":"article","og_title":"Bizi gen\u00e7 tutan hayata ili\u015fkin projelerimizdir","og_description":"Dr. Y\u00fcksek M\u00fchendis, Proje Y\u00f6netim Profesyoneli, tur lideri, foto\u011fraf\u00e7\u0131 ve ayn\u0131 zamanda emekli asker Faruk Budak, 2002 Y\u0131l\u0131nda Asya ve Afrika\u2019da 22 \u00fclkeyi","og_url":"https:\/\/www.kariyer.net\/kariyer-rehberi\/bizi-genc-tutan-hayata-iliskin-projelerimizdir\/","og_site_name":"Kariyer Rehberi","article_published_time":"2015-03-11T07:54:53+00:00","article_modified_time":"2024-07-03T12:04:45+00:00","og_image":[{"width":600,"height":300,"url":"https:\/\/www.kariyer.net\/kariyer-rehberi\/wp-content\/uploads\/2015\/03\/faruk-budaak1.jpg","type":"image\/jpeg"}],"author":"Melike \u00c7etinsara\u00e7","twitter_card":"summary_large_image","twitter_misc":{"Yazan:":"Melike \u00c7etinsara\u00e7","Tahmini okuma s\u00fcresi":"8 dakika"},"schema":{"@context":"https:\/\/schema.org","@graph":[{"@type":"Article","@id":"https:\/\/www.kariyer.net\/kariyer-rehberi\/bizi-genc-tutan-hayata-iliskin-projelerimizdir\/#article","isPartOf":{"@id":"https:\/\/www.kariyer.net\/kariyer-rehberi\/bizi-genc-tutan-hayata-iliskin-projelerimizdir\/"},"author":{"name":"Melike \u00c7etinsara\u00e7","@id":"https:\/\/www.kariyer.net\/kariyer-rehberi\/#\/schema\/person\/973a6f787fb1e62ee8ba81e607bcae5b"},"headline":"Bizi gen\u00e7 tutan hayata ili\u015fkin projelerimizdir","datePublished":"2015-03-11T07:54:53+00:00","dateModified":"2024-07-03T12:04:45+00:00","mainEntityOfPage":{"@id":"https:\/\/www.kariyer.net\/kariyer-rehberi\/bizi-genc-tutan-hayata-iliskin-projelerimizdir\/"},"wordCount":1622,"commentCount":0,"publisher":{"@id":"https:\/\/www.kariyer.net\/kariyer-rehberi\/#organization"},"image":{"@id":"https:\/\/www.kariyer.net\/kariyer-rehberi\/bizi-genc-tutan-hayata-iliskin-projelerimizdir\/#primaryimage"},"thumbnailUrl":"https:\/\/www.kariyer.net\/kariyer-rehberi\/wp-content\/uploads\/2015\/03\/faruk-budaak1.jpg","articleSection":["Kariyer Geli\u015fimi"],"inLanguage":"tr","potentialAction":[{"@type":"CommentAction","name":"Comment","target":["https:\/\/www.kariyer.net\/kariyer-rehberi\/bizi-genc-tutan-hayata-iliskin-projelerimizdir\/#respond"]}]},{"@type":"WebPage","@id":"https:\/\/www.kariyer.net\/kariyer-rehberi\/bizi-genc-tutan-hayata-iliskin-projelerimizdir\/","url":"https:\/\/www.kariyer.net\/kariyer-rehberi\/bizi-genc-tutan-hayata-iliskin-projelerimizdir\/","name":"Bizi gen\u00e7 tutan hayata ili\u015fkin projelerimizdir | Kariyer Rehberi","isPartOf":{"@id":"https:\/\/www.kariyer.net\/kariyer-rehberi\/#website"},"primaryImageOfPage":{"@id":"https:\/\/www.kariyer.net\/kariyer-rehberi\/bizi-genc-tutan-hayata-iliskin-projelerimizdir\/#primaryimage"},"image":{"@id":"https:\/\/www.kariyer.net\/kariyer-rehberi\/bizi-genc-tutan-hayata-iliskin-projelerimizdir\/#primaryimage"},"thumbnailUrl":"https:\/\/www.kariyer.net\/kariyer-rehberi\/wp-content\/uploads\/2015\/03\/faruk-budaak1.jpg","datePublished":"2015-03-11T07:54:53+00:00","dateModified":"2024-07-03T12:04:45+00:00","description":"Dr. Y\u00fcksek M\u00fchendis, Proje Y\u00f6netim Profesyoneli, tur lideri, foto\u011fraf\u00e7\u0131 ve ayn\u0131 zamanda emekli asker Faruk Budak, 2002 Y\u0131l\u0131nda Asya ve Afrika\u2019da 22 \u00fclkeyi","breadcrumb":{"@id":"https:\/\/www.kariyer.net\/kariyer-rehberi\/bizi-genc-tutan-hayata-iliskin-projelerimizdir\/#breadcrumb"},"inLanguage":"tr","potentialAction":[{"@type":"ReadAction","target":["https:\/\/www.kariyer.net\/kariyer-rehberi\/bizi-genc-tutan-hayata-iliskin-projelerimizdir\/"]}]},{"@type":"ImageObject","inLanguage":"tr","@id":"https:\/\/www.kariyer.net\/kariyer-rehberi\/bizi-genc-tutan-hayata-iliskin-projelerimizdir\/#primaryimage","url":"https:\/\/www.kariyer.net\/kariyer-rehberi\/wp-content\/uploads\/2015\/03\/faruk-budaak1.jpg","contentUrl":"https:\/\/www.kariyer.net\/kariyer-rehberi\/wp-content\/uploads\/2015\/03\/faruk-budaak1.jpg","width":600,"height":300},{"@type":"BreadcrumbList","@id":"https:\/\/www.kariyer.net\/kariyer-rehberi\/bizi-genc-tutan-hayata-iliskin-projelerimizdir\/#breadcrumb","itemListElement":[{"@type":"ListItem","position":1,"name":"Anasayfa","item":"https:\/\/www.kariyer.net\/kariyer-rehberi\/"},{"@type":"ListItem","position":2,"name":"Bizi gen\u00e7 tutan hayata ili\u015fkin projelerimizdir"}]},{"@type":"WebSite","@id":"https:\/\/www.kariyer.net\/kariyer-rehberi\/#website","url":"https:\/\/www.kariyer.net\/kariyer-rehberi\/","name":"Kariyer Rehberi","description":"\u0130\u015f D\u00fcnyas\u0131yla \u0130lgili Bilmek \u0130stedi\u011finiz Her \u015eey","publisher":{"@id":"https:\/\/www.kariyer.net\/kariyer-rehberi\/#organization"},"potentialAction":[{"@type":"SearchAction","target":{"@type":"EntryPoint","urlTemplate":"https:\/\/www.kariyer.net\/kariyer-rehberi\/?s={search_term_string}"},"query-input":{"@type":"PropertyValueSpecification","valueRequired":true,"valueName":"search_term_string"}}],"inLanguage":"tr"},{"@type":"Organization","@id":"https:\/\/www.kariyer.net\/kariyer-rehberi\/#organization","name":"Kariyer.net","url":"https:\/\/www.kariyer.net\/kariyer-rehberi\/","logo":{"@type":"ImageObject","inLanguage":"tr","@id":"https:\/\/www.kariyer.net\/kariyer-rehberi\/#\/schema\/logo\/image\/","url":"https:\/\/www.kariyer.net\/kariyer-rehberi-new\/wp-content\/uploads\/2023\/01\/og-image11.jpg","contentUrl":"https:\/\/www.kariyer.net\/kariyer-rehberi-new\/wp-content\/uploads\/2023\/01\/og-image11.jpg","width":800,"height":800,"caption":"Kariyer.net"},"image":{"@id":"https:\/\/www.kariyer.net\/kariyer-rehberi\/#\/schema\/logo\/image\/"}},{"@type":"Person","@id":"https:\/\/www.kariyer.net\/kariyer-rehberi\/#\/schema\/person\/973a6f787fb1e62ee8ba81e607bcae5b","name":"Melike \u00c7etinsara\u00e7","image":{"@type":"ImageObject","inLanguage":"tr","@id":"https:\/\/www.kariyer.net\/kariyer-rehberi\/#\/schema\/person\/image\/","url":"https:\/\/secure.gravatar.com\/avatar\/6f1465d64a23de306340dc839de23bfa288f0987da4b8db6c1dd6895ad84ab7d?s=96&d=mm&r=g","contentUrl":"https:\/\/secure.gravatar.com\/avatar\/6f1465d64a23de306340dc839de23bfa288f0987da4b8db6c1dd6895ad84ab7d?s=96&d=mm&r=g","caption":"Melike \u00c7etinsara\u00e7"},"description":"Ayd\u0131n Do\u011fan Anadolu \u0130leti\u015fim Meslek Lisesi\u2019nin Gazetecilik B\u00f6l\u00fcm\u00fc'nde yaz\u0131l\u0131 bas\u0131n muhabirli\u011fi, TV muhabirli\u011fi ve foto muhabirli\u011fi alanlar\u0131nda e\u011fitim ald\u0131. Son s\u0131n\u0131fta Milliyet Gazetesi\u2019nin Cumartesi-Pazar eklerinde bir y\u0131l boyunca staj yapt\u0131. Ard\u0131ndan \u0130stanbul \u00dcniversitesi Radyo-Televizyon Yay\u0131nc\u0131l\u0131\u011f\u0131 B\u00f6l\u00fcm\u00fc'nden mezun oldu. Yedi y\u0131ld\u0131r bir\u00e7ok dergi i\u00e7in i\u00e7erikler haz\u0131rlayarak foto\u011fraflar \u00e7ekti.","sameAs":["http:\/\/www.kariyer.net\/kariyer-rehberi\/melike-cetinsarac\/"],"url":"https:\/\/www.kariyer.net\/kariyer-rehberi\/author\/melike-cetinsarac\/"}]}},"_links":{"self":[{"href":"https:\/\/www.kariyer.net\/kariyer-rehberi\/wp-json\/wp\/v2\/posts\/5293","targetHints":{"allow":["GET"]}}],"collection":[{"href":"https:\/\/www.kariyer.net\/kariyer-rehberi\/wp-json\/wp\/v2\/posts"}],"about":[{"href":"https:\/\/www.kariyer.net\/kariyer-rehberi\/wp-json\/wp\/v2\/types\/post"}],"author":[{"embeddable":true,"href":"https:\/\/www.kariyer.net\/kariyer-rehberi\/wp-json\/wp\/v2\/users\/13"}],"replies":[{"embeddable":true,"href":"https:\/\/www.kariyer.net\/kariyer-rehberi\/wp-json\/wp\/v2\/comments?post=5293"}],"version-history":[{"count":1,"href":"https:\/\/www.kariyer.net\/kariyer-rehberi\/wp-json\/wp\/v2\/posts\/5293\/revisions"}],"predecessor-version":[{"id":19017,"href":"https:\/\/www.kariyer.net\/kariyer-rehberi\/wp-json\/wp\/v2\/posts\/5293\/revisions\/19017"}],"wp:featuredmedia":[{"embeddable":true,"href":"https:\/\/www.kariyer.net\/kariyer-rehberi\/wp-json\/wp\/v2\/media\/5294"}],"wp:attachment":[{"href":"https:\/\/www.kariyer.net\/kariyer-rehberi\/wp-json\/wp\/v2\/media?parent=5293"}],"wp:term":[{"taxonomy":"category","embeddable":true,"href":"https:\/\/www.kariyer.net\/kariyer-rehberi\/wp-json\/wp\/v2\/categories?post=5293"},{"taxonomy":"post_tag","embeddable":true,"href":"https:\/\/www.kariyer.net\/kariyer-rehberi\/wp-json\/wp\/v2\/tags?post=5293"}],"curies":[{"name":"wp","href":"https:\/\/api.w.org\/{rel}","templated":true}]}}